{"id":9635,"date":"2018-05-03T12:54:28","date_gmt":"2018-05-03T15:54:28","guid":{"rendered":"http:\/\/www.eldiariodetucuman.com\/web\/?p=9635"},"modified":"2018-05-03T12:54:28","modified_gmt":"2018-05-03T15:54:28","slug":"viaja-a-cordoba-a-traves-del-programa-turismo-social","status":"publish","type":"post","link":"https:\/\/www.eldiariodetucuman.com\/web\/viaja-a-cordoba-a-traves-del-programa-turismo-social\/","title":{"rendered":"Viaj\u00e1 a C\u00f3rdoba a trav\u00e9s del programa \u00abTurismo Social\u00bb"},"content":{"rendered":"<p>Hasta el pr\u00f3ximo lunes se inscribir\u00e1 a los vecinos interesados en participar del viaje que se realizar\u00e1 el pr\u00f3ximo 14 de mayo a la ciudad de Embalse R\u00edo Tercero, C\u00f3rdoba, en el marco del programa de \u201cTurismo Social\u201d, impulsado por la Municipalidad de San Miguel de Tucum\u00e1n conjuntamente con el Ministerio de Turismo de la Naci\u00f3n.<\/p>\n<p><!--more--><\/p>\n<p>El objetivo de esta iniciativa es brindarles a los vecinos que no tienen los recursos econ\u00f3micos necesarios para costear los viajes la posibilidad de conocer distintos puntos tur\u00edsticos del pa\u00eds. Pueden acceder a este beneficio los jubilados y pensionados, quienes para inscribirse deber\u00e1n presentar fotocopia del DNI y el \u00faltimo recibo de haberes. Tambi\u00e9n pueden participar personas con discapacidad, quienes deber\u00e1n presentar una fotocopia de su DNI y el carnet de discapacidad; y vecinos de escasos recursos, que deber\u00e1n adjuntar fotocopia del DNI y la negativa de la Anses.<\/p>\n<p>Los interesados deben concurrir este jueves, el viernes 4 o el pr\u00f3ximo lunes 7 de mayo, de 8 a 13, con la documentaci\u00f3n mencionada, a la Direcci\u00f3n de Turismo\u00a0\u00a0y Promoci\u00f3n de Eventos municipal, que funciona en el Centro Cultural Mercedes Sosa, ubicado en avenida Roca y Marina de Alfaro, frente a la plazoleta Dorrego.<\/p>\n","protected":false},"excerpt":{"rendered":"<p>Hasta el pr\u00f3ximo lunes se inscribir\u00e1 a los vecinos interesados en participar del viaje que se realizar\u00e1 el pr\u00f3ximo 14 de mayo a la ciudad de Embalse R\u00edo Tercero, C\u00f3rdoba, en el marco del programa de \u201cTurismo Social\u201d, impulsado por la Municipalidad de San Miguel de Tucum\u00e1n conjuntamente con el Ministerio de Turismo de la [&hellip;]<\/p>\n","protected":false},"author":5,"featured_media":9642,"comment_status":"closed","ping_status":"open","sticky":false,"template":"","format":"standard","meta":{"footnotes":""},"categories":[2],"tags":[20,1074,1567],"class_list":{"0":"post-9635","1":"post","2":"type-post","3":"status-publish","4":"format-standard","5":"has-post-thumbnail","7":"category-actualidad","8":"tag-cordoba","9":"tag-san-miguel-de-tucuman","10":"tag-turismo-social"},"yoast_head":"<!-- This site is optimized with the Yoast SEO plugin v27.4 - https:\/\/yoast.com\/product\/yoast-seo-wordpress\/ -->\n<title>Viaj\u00e1 a C\u00f3rdoba a trav\u00e9s del programa &quot;Turismo Social&quot; - El Diario de Tucuman<\/title>\n<meta name=\"robots\" content=\"index, follow, max-snippet:-1, max-image-preview:large, max-video-preview:-1\" \/>\n<link rel=\"canonical\" href=\"https:\/\/www.eldiariodetucuman.com\/web\/viaja-a-cordoba-a-traves-del-programa-turismo-social\/\" \/>\n<meta property=\"og:locale\" content=\"es_ES\" \/>\n<meta property=\"og:type\" content=\"article\" \/>\n<meta property=\"og:title\" content=\"Viaj\u00e1 a C\u00f3rdoba a trav\u00e9s del programa &quot;Turismo Social&quot; - El Diario de Tucuman\" \/>\n<meta property=\"og:description\" content=\"Hasta el pr\u00f3ximo lunes se inscribir\u00e1 a los vecinos interesados en participar del viaje que se realizar\u00e1 el pr\u00f3ximo 14 de mayo a la ciudad de Embalse R\u00edo Tercero, C\u00f3rdoba, en el marco del programa de \u201cTurismo Social\u201d, impulsado por la Municipalidad de San Miguel de Tucum\u00e1n conjuntamente con el Ministerio de Turismo de la [&hellip;]\" \/>\n<meta property=\"og:url\" content=\"https:\/\/www.eldiariodetucuman.com\/web\/viaja-a-cordoba-a-traves-del-programa-turismo-social\/\" \/>\n<meta property=\"og:site_name\" content=\"El Diario de Tucuman\" \/>\n<meta property=\"article:published_time\" content=\"2018-05-03T15:54:28+00:00\" \/>\n<meta property=\"og:image\" content=\"https:\/\/www.eldiariodetucuman.com\/web\/wp-content\/uploads\/2018\/05\/cordobaargentina.jpg\" \/>\n\t<meta property=\"og:image:width\" content=\"1200\" \/>\n\t<meta property=\"og:image:height\" content=\"825\" \/>\n\t<meta property=\"og:image:type\" content=\"image\/jpeg\" \/>\n<meta name=\"author\" content=\"Redactor Uno\" \/>\n<meta name=\"twitter:card\" content=\"summary_large_image\" \/>\n<meta name=\"twitter:label1\" content=\"Escrito por\" \/>\n\t<meta name=\"twitter:data1\" content=\"Redactor Uno\" \/>\n\t<meta name=\"twitter:label2\" content=\"Tiempo de lectura\" \/>\n\t<meta name=\"twitter:data2\" content=\"1 minuto\" \/>\n<script type=\"application\/ld+json\" class=\"yoast-schema-graph\">{\"@context\":\"https:\\\/\\\/schema.org\",\"@graph\":[{\"@type\":\"Article\",\"@id\":\"https:\\\/\\\/www.eldiariodetucuman.com\\\/web\\\/viaja-a-cordoba-a-traves-del-programa-turismo-social\\\/#article\",\"isPartOf\":{\"@id\":\"https:\\\/\\\/www.eldiariodetucuman.com\\\/web\\\/viaja-a-cordoba-a-traves-del-programa-turismo-social\\\/\"},\"author\":{\"name\":\"Redactor Uno\",\"@id\":\"https:\\\/\\\/www.eldiariodetucuman.com\\\/web\\\/#\\\/schema\\\/person\\\/7e6644a46e60888f6b868594407e08dd\"},\"headline\":\"Viaj\u00e1 a C\u00f3rdoba a trav\u00e9s del programa \u00abTurismo Social\u00bb\",\"datePublished\":\"2018-05-03T15:54:28+00:00\",\"mainEntityOfPage\":{\"@id\":\"https:\\\/\\\/www.eldiariodetucuman.com\\\/web\\\/viaja-a-cordoba-a-traves-del-programa-turismo-social\\\/\"},\"wordCount\":223,\"publisher\":{\"@id\":\"https:\\\/\\\/www.eldiariodetucuman.com\\\/web\\\/#organization\"},\"image\":{\"@id\":\"https:\\\/\\\/www.eldiariodetucuman.com\\\/web\\\/viaja-a-cordoba-a-traves-del-programa-turismo-social\\\/#primaryimage\"},\"thumbnailUrl\":\"https:\\\/\\\/www.eldiariodetucuman.com\\\/web\\\/wp-content\\\/uploads\\\/2018\\\/05\\\/cordobaargentina.jpg\",\"keywords\":[\"Cordoba\",\"san miguel de tucum\u00e1n\",\"turismo social\"],\"articleSection\":[\"Actualidad\"],\"inLanguage\":\"es\"},{\"@type\":\"WebPage\",\"@id\":\"https:\\\/\\\/www.eldiariodetucuman.com\\\/web\\\/viaja-a-cordoba-a-traves-del-programa-turismo-social\\\/\",\"url\":\"https:\\\/\\\/www.eldiariodetucuman.com\\\/web\\\/viaja-a-cordoba-a-traves-del-programa-turismo-social\\\/\",\"name\":\"Viaj\u00e1 a C\u00f3rdoba a trav\u00e9s del programa \\\"Turismo Social\\\" - El Diario de Tucuman\",\"isPartOf\":{\"@id\":\"https:\\\/\\\/www.eldiariodetucuman.com\\\/web\\\/#website\"},\"primaryImageOfPage\":{\"@id\":\"https:\\\/\\\/www.eldiariodetucuman.com\\\/web\\\/viaja-a-cordoba-a-traves-del-programa-turismo-social\\\/#primaryimage\"},\"image\":{\"@id\":\"https:\\\/\\\/www.eldiariodetucuman.com\\\/web\\\/viaja-a-cordoba-a-traves-del-programa-turismo-social\\\/#primaryimage\"},\"thumbnailUrl\":\"https:\\\/\\\/www.eldiariodetucuman.com\\\/web\\\/wp-content\\\/uploads\\\/2018\\\/05\\\/cordobaargentina.jpg\",\"datePublished\":\"2018-05-03T15:54:28+00:00\",\"breadcrumb\":{\"@id\":\"https:\\\/\\\/www.eldiariodetucuman.com\\\/web\\\/viaja-a-cordoba-a-traves-del-programa-turismo-social\\\/#breadcrumb\"},\"inLanguage\":\"es\",\"potentialAction\":[{\"@type\":\"ReadAction\",\"target\":[\"https:\\\/\\\/www.eldiariodetucuman.com\\\/web\\\/viaja-a-cordoba-a-traves-del-programa-turismo-social\\\/\"]}]},{\"@type\":\"ImageObject\",\"inLanguage\":\"es\",\"@id\":\"https:\\\/\\\/www.eldiariodetucuman.com\\\/web\\\/viaja-a-cordoba-a-traves-del-programa-turismo-social\\\/#primaryimage\",\"url\":\"https:\\\/\\\/www.eldiariodetucuman.com\\\/web\\\/wp-content\\\/uploads\\\/2018\\\/05\\\/cordobaargentina.jpg\",\"contentUrl\":\"https:\\\/\\\/www.eldiariodetucuman.com\\\/web\\\/wp-content\\\/uploads\\\/2018\\\/05\\\/cordobaargentina.jpg\",\"width\":1200,\"height\":825},{\"@type\":\"BreadcrumbList\",\"@id\":\"https:\\\/\\\/www.eldiariodetucuman.com\\\/web\\\/viaja-a-cordoba-a-traves-del-programa-turismo-social\\\/#breadcrumb\",\"itemListElement\":[{\"@type\":\"ListItem\",\"position\":1,\"name\":\"Portada\",\"item\":\"https:\\\/\\\/www.eldiariodetucuman.com\\\/web\\\/\"},{\"@type\":\"ListItem\",\"position\":2,\"name\":\"Viaj\u00e1 a C\u00f3rdoba a trav\u00e9s del programa \u00abTurismo Social\u00bb\"}]},{\"@type\":\"WebSite\",\"@id\":\"https:\\\/\\\/www.eldiariodetucuman.com\\\/web\\\/#website\",\"url\":\"https:\\\/\\\/www.eldiariodetucuman.com\\\/web\\\/\",\"name\":\"El Diario de Tucuman\",\"description\":\"Diario Tucuman - Informaci\u00f3n y noticias\",\"publisher\":{\"@id\":\"https:\\\/\\\/www.eldiariodetucuman.com\\\/web\\\/#organization\"},\"potentialAction\":[{\"@type\":\"SearchAction\",\"target\":{\"@type\":\"EntryPoint\",\"urlTemplate\":\"https:\\\/\\\/www.eldiariodetucuman.com\\\/web\\\/?s={search_term_string}\"},\"query-input\":{\"@type\":\"PropertyValueSpecification\",\"valueRequired\":true,\"valueName\":\"search_term_string\"}}],\"inLanguage\":\"es\"},{\"@type\":\"Organization\",\"@id\":\"https:\\\/\\\/www.eldiariodetucuman.com\\\/web\\\/#organization\",\"name\":\"El Diario de Tucuman\",\"url\":\"https:\\\/\\\/www.eldiariodetucuman.com\\\/web\\\/\",\"logo\":{\"@type\":\"ImageObject\",\"inLanguage\":\"es\",\"@id\":\"https:\\\/\\\/www.eldiariodetucuman.com\\\/web\\\/#\\\/schema\\\/logo\\\/image\\\/\",\"url\":\"http:\\\/\\\/www.eldiariodetucuman.com\\\/web\\\/wp-content\\\/uploads\\\/2017\\\/12\\\/el-diario-de-tucuman.jpg\",\"contentUrl\":\"http:\\\/\\\/www.eldiariodetucuman.com\\\/web\\\/wp-content\\\/uploads\\\/2017\\\/12\\\/el-diario-de-tucuman.jpg\",\"width\":272,\"height\":92,\"caption\":\"El Diario de Tucuman\"},\"image\":{\"@id\":\"https:\\\/\\\/www.eldiariodetucuman.com\\\/web\\\/#\\\/schema\\\/logo\\\/image\\\/\"}},{\"@type\":\"Person\",\"@id\":\"https:\\\/\\\/www.eldiariodetucuman.com\\\/web\\\/#\\\/schema\\\/person\\\/7e6644a46e60888f6b868594407e08dd\",\"name\":\"Redactor Uno\",\"image\":{\"@type\":\"ImageObject\",\"inLanguage\":\"es\",\"@id\":\"https:\\\/\\\/secure.gravatar.com\\\/avatar\\\/0049b1bdf1bd548385c9ea6b9356431717930913089febd2ba904f0187d7d074?s=96&d=mm&r=g\",\"url\":\"https:\\\/\\\/secure.gravatar.com\\\/avatar\\\/0049b1bdf1bd548385c9ea6b9356431717930913089febd2ba904f0187d7d074?s=96&d=mm&r=g\",\"contentUrl\":\"https:\\\/\\\/secure.gravatar.com\\\/avatar\\\/0049b1bdf1bd548385c9ea6b9356431717930913089febd2ba904f0187d7d074?s=96&d=mm&r=g\",\"caption\":\"Redactor Uno\"},\"url\":\"https:\\\/\\\/www.eldiariodetucuman.com\\\/web\\\/author\\\/mramasco\\\/\"}]}<\/script>\n<!-- \/ Yoast SEO plugin. -->","yoast_head_json":{"title":"Viaj\u00e1 a C\u00f3rdoba a trav\u00e9s del programa \"Turismo Social\" - El Diario de Tucuman","robots":{"index":"index","follow":"follow","max-snippet":"max-snippet:-1","max-image-preview":"max-image-preview:large","max-video-preview":"max-video-preview:-1"},"canonical":"https:\/\/www.eldiariodetucuman.com\/web\/viaja-a-cordoba-a-traves-del-programa-turismo-social\/","og_locale":"es_ES","og_type":"article","og_title":"Viaj\u00e1 a C\u00f3rdoba a trav\u00e9s del programa \"Turismo Social\" - El Diario de Tucuman","og_description":"Hasta el pr\u00f3ximo lunes se inscribir\u00e1 a los vecinos interesados en participar del viaje que se realizar\u00e1 el pr\u00f3ximo 14 de mayo a la ciudad de Embalse R\u00edo Tercero, C\u00f3rdoba, en el marco del programa de \u201cTurismo Social\u201d, impulsado por la Municipalidad de San Miguel de Tucum\u00e1n conjuntamente con el Ministerio de Turismo de la [&hellip;]","og_url":"https:\/\/www.eldiariodetucuman.com\/web\/viaja-a-cordoba-a-traves-del-programa-turismo-social\/","og_site_name":"El Diario de Tucuman","article_published_time":"2018-05-03T15:54:28+00:00","og_image":[{"width":1200,"height":825,"url":"https:\/\/www.eldiariodetucuman.com\/web\/wp-content\/uploads\/2018\/05\/cordobaargentina.jpg","type":"image\/jpeg"}],"author":"Redactor Uno","twitter_card":"summary_large_image","twitter_misc":{"Escrito por":"Redactor Uno","Tiempo de lectura":"1 minuto"},"schema":{"@context":"https:\/\/schema.org","@graph":[{"@type":"Article","@id":"https:\/\/www.eldiariodetucuman.com\/web\/viaja-a-cordoba-a-traves-del-programa-turismo-social\/#article","isPartOf":{"@id":"https:\/\/www.eldiariodetucuman.com\/web\/viaja-a-cordoba-a-traves-del-programa-turismo-social\/"},"author":{"name":"Redactor Uno","@id":"https:\/\/www.eldiariodetucuman.com\/web\/#\/schema\/person\/7e6644a46e60888f6b868594407e08dd"},"headline":"Viaj\u00e1 a C\u00f3rdoba a trav\u00e9s del programa \u00abTurismo Social\u00bb","datePublished":"2018-05-03T15:54:28+00:00","mainEntityOfPage":{"@id":"https:\/\/www.eldiariodetucuman.com\/web\/viaja-a-cordoba-a-traves-del-programa-turismo-social\/"},"wordCount":223,"publisher":{"@id":"https:\/\/www.eldiariodetucuman.com\/web\/#organization"},"image":{"@id":"https:\/\/www.eldiariodetucuman.com\/web\/viaja-a-cordoba-a-traves-del-programa-turismo-social\/#primaryimage"},"thumbnailUrl":"https:\/\/www.eldiariodetucuman.com\/web\/wp-content\/uploads\/2018\/05\/cordobaargentina.jpg","keywords":["Cordoba","san miguel de tucum\u00e1n","turismo social"],"articleSection":["Actualidad"],"inLanguage":"es"},{"@type":"WebPage","@id":"https:\/\/www.eldiariodetucuman.com\/web\/viaja-a-cordoba-a-traves-del-programa-turismo-social\/","url":"https:\/\/www.eldiariodetucuman.com\/web\/viaja-a-cordoba-a-traves-del-programa-turismo-social\/","name":"Viaj\u00e1 a C\u00f3rdoba a trav\u00e9s del programa \"Turismo Social\" - El Diario de Tucuman","isPartOf":{"@id":"https:\/\/www.eldiariodetucuman.com\/web\/#website"},"primaryImageOfPage":{"@id":"https:\/\/www.eldiariodetucuman.com\/web\/viaja-a-cordoba-a-traves-del-programa-turismo-social\/#primaryimage"},"image":{"@id":"https:\/\/www.eldiariodetucuman.com\/web\/viaja-a-cordoba-a-traves-del-programa-turismo-social\/#primaryimage"},"thumbnailUrl":"https:\/\/www.eldiariodetucuman.com\/web\/wp-content\/uploads\/2018\/05\/cordobaargentina.jpg","datePublished":"2018-05-03T15:54:28+00:00","breadcrumb":{"@id":"https:\/\/www.eldiariodetucuman.com\/web\/viaja-a-cordoba-a-traves-del-programa-turismo-social\/#breadcrumb"},"inLanguage":"es","potentialAction":[{"@type":"ReadAction","target":["https:\/\/www.eldiariodetucuman.com\/web\/viaja-a-cordoba-a-traves-del-programa-turismo-social\/"]}]},{"@type":"ImageObject","inLanguage":"es","@id":"https:\/\/www.eldiariodetucuman.com\/web\/viaja-a-cordoba-a-traves-del-programa-turismo-social\/#primaryimage","url":"https:\/\/www.eldiariodetucuman.com\/web\/wp-content\/uploads\/2018\/05\/cordobaargentina.jpg","contentUrl":"https:\/\/www.eldiariodetucuman.com\/web\/wp-content\/uploads\/2018\/05\/cordobaargentina.jpg","width":1200,"height":825},{"@type":"BreadcrumbList","@id":"https:\/\/www.eldiariodetucuman.com\/web\/viaja-a-cordoba-a-traves-del-programa-turismo-social\/#breadcrumb","itemListElement":[{"@type":"ListItem","position":1,"name":"Portada","item":"https:\/\/www.eldiariodetucuman.com\/web\/"},{"@type":"ListItem","position":2,"name":"Viaj\u00e1 a C\u00f3rdoba a trav\u00e9s del programa \u00abTurismo Social\u00bb"}]},{"@type":"WebSite","@id":"https:\/\/www.eldiariodetucuman.com\/web\/#website","url":"https:\/\/www.eldiariodetucuman.com\/web\/","name":"El Diario de Tucuman","description":"Diario Tucuman - Informaci\u00f3n y noticias","publisher":{"@id":"https:\/\/www.eldiariodetucuman.com\/web\/#organization"},"potentialAction":[{"@type":"SearchAction","target":{"@type":"EntryPoint","urlTemplate":"https:\/\/www.eldiariodetucuman.com\/web\/?s={search_term_string}"},"query-input":{"@type":"PropertyValueSpecification","valueRequired":true,"valueName":"search_term_string"}}],"inLanguage":"es"},{"@type":"Organization","@id":"https:\/\/www.eldiariodetucuman.com\/web\/#organization","name":"El Diario de Tucuman","url":"https:\/\/www.eldiariodetucuman.com\/web\/","logo":{"@type":"ImageObject","inLanguage":"es","@id":"https:\/\/www.eldiariodetucuman.com\/web\/#\/schema\/logo\/image\/","url":"http:\/\/www.eldiariodetucuman.com\/web\/wp-content\/uploads\/2017\/12\/el-diario-de-tucuman.jpg","contentUrl":"http:\/\/www.eldiariodetucuman.com\/web\/wp-content\/uploads\/2017\/12\/el-diario-de-tucuman.jpg","width":272,"height":92,"caption":"El Diario de Tucuman"},"image":{"@id":"https:\/\/www.eldiariodetucuman.com\/web\/#\/schema\/logo\/image\/"}},{"@type":"Person","@id":"https:\/\/www.eldiariodetucuman.com\/web\/#\/schema\/person\/7e6644a46e60888f6b868594407e08dd","name":"Redactor Uno","image":{"@type":"ImageObject","inLanguage":"es","@id":"https:\/\/secure.gravatar.com\/avatar\/0049b1bdf1bd548385c9ea6b9356431717930913089febd2ba904f0187d7d074?s=96&d=mm&r=g","url":"https:\/\/secure.gravatar.com\/avatar\/0049b1bdf1bd548385c9ea6b9356431717930913089febd2ba904f0187d7d074?s=96&d=mm&r=g","contentUrl":"https:\/\/secure.gravatar.com\/avatar\/0049b1bdf1bd548385c9ea6b9356431717930913089febd2ba904f0187d7d074?s=96&d=mm&r=g","caption":"Redactor Uno"},"url":"https:\/\/www.eldiariodetucuman.com\/web\/author\/mramasco\/"}]}},"_links":{"self":[{"href":"https:\/\/www.eldiariodetucuman.com\/web\/wp-json\/wp\/v2\/posts\/9635","targetHints":{"allow":["GET"]}}],"collection":[{"href":"https:\/\/www.eldiariodetucuman.com\/web\/wp-json\/wp\/v2\/posts"}],"about":[{"href":"https:\/\/www.eldiariodetucuman.com\/web\/wp-json\/wp\/v2\/types\/post"}],"author":[{"embeddable":true,"href":"https:\/\/www.eldiariodetucuman.com\/web\/wp-json\/wp\/v2\/users\/5"}],"replies":[{"embeddable":true,"href":"https:\/\/www.eldiariodetucuman.com\/web\/wp-json\/wp\/v2\/comments?post=9635"}],"version-history":[{"count":1,"href":"https:\/\/www.eldiariodetucuman.com\/web\/wp-json\/wp\/v2\/posts\/9635\/revisions"}],"predecessor-version":[{"id":9643,"href":"https:\/\/www.eldiariodetucuman.com\/web\/wp-json\/wp\/v2\/posts\/9635\/revisions\/9643"}],"wp:featuredmedia":[{"embeddable":true,"href":"https:\/\/www.eldiariodetucuman.com\/web\/wp-json\/wp\/v2\/media\/9642"}],"wp:attachment":[{"href":"https:\/\/www.eldiariodetucuman.com\/web\/wp-json\/wp\/v2\/media?parent=9635"}],"wp:term":[{"taxonomy":"category","embeddable":true,"href":"https:\/\/www.eldiariodetucuman.com\/web\/wp-json\/wp\/v2\/categories?post=9635"},{"taxonomy":"post_tag","embeddable":true,"href":"https:\/\/www.eldiariodetucuman.com\/web\/wp-json\/wp\/v2\/tags?post=9635"}],"curies":[{"name":"wp","href":"https:\/\/api.w.org\/{rel}","templated":true}]}}