{"id":9149,"date":"2018-04-25T09:20:57","date_gmt":"2018-04-25T12:20:57","guid":{"rendered":"http:\/\/www.eldiariodetucuman.com\/web\/?p=9149"},"modified":"2018-04-25T09:23:41","modified_gmt":"2018-04-25T12:23:41","slug":"en-tucuman-las-tarifas-estan-libres-de-impuestos-provinciales","status":"publish","type":"post","link":"https:\/\/www.eldiariodetucuman.com\/web\/en-tucuman-las-tarifas-estan-libres-de-impuestos-provinciales\/","title":{"rendered":"En Tucum\u00e1n las tarifas est\u00e1n libres de impuestos provinciales"},"content":{"rendered":"<div class=\"col-xs-12 col-sm-12 col-md-12 col-lg-12 widget-head\">\n<div class=\"col-lg-12 col-xs-12\">\n<p>Desde la provincia se\u00f1alaron que s\u00f3lo se cobra el IVA, que es nacional. Sin embargo, advierten que la baja de tasas municipales ser\u00e1 una decisi\u00f3n exclusiva de los intendentes.<\/p>\n<\/div>\n<\/div>\n<p><!--more--><\/p>\n<div class=\"col-xs-12 col-sm-12 col-md-12 col-lg-9\" role=\"main\">\n<div id=\"grid\" class=\"col-xs-12 col-sm-12 col-md-12 col-lg-12\">\n<div class=\"col-lg-12 col-xs-12\">\n<p>El vicegobernador Osvaldo Jaldo se\u00f1al\u00f3 que las tarifas con un golpe muy duro para los bolsillos de los tucumanos, que no pueden afrontar los costos de los servicios. \u00abFueron un golpe muy duro al bolsillo de los argentinos y, sobre todo de los tucumanos, que hoy no pueden pagar. El Gobierno nacional muchas veces tuvo que rever algunas decisiones tomadas, as\u00ed que espero que en esta oportunidad haga lo mismo, que revea el incremento tarifario en electricidad y en gas, porque los bolsillos de los tucumanos y los argentinos no aguantan un ajuste m\u00e1s\u00bb, cuestion\u00f3 el funcionario.<\/p>\n<div class=\"col-lg-12 col-xs-12\">\n<p>\u00abLos sueldos no han subido proporcionalmente al incremento de los servicios, al igual que los alimentos. No se puede gastar m\u00e1s de lo que ingresa, no hay manera de pagar los servicios\u00bb, observ\u00f3.<\/p>\n<p>Por su parte, Juan Luis Fern\u00e1ndez, ministro de Desarrollo Productivo de Tucum\u00e1n, particip\u00f3 del encuentro del Consejo Federal de Energ\u00eda que se celebr\u00f3 el lunes en la Ciudad Aut\u00f3noma de Buenos Aires con presencia de representantes de las provincias; del ministro de Energ\u00eda, Juan Jos\u00e9 Aranguren y del ministro del Interior, Rogelio Frigerio.<\/p>\n<p>\u201cEn el caso de Tucum\u00e1n no tenemos cargos, salvo el IVA que es nacional y las tasas municipales que en el caso de la Capital es del 10,5%\u201d, explic\u00f3 Fern\u00e1ndez, que record\u00f3 que la provincia carece de una ley regulatoria, por lo que por la autonom\u00eda municipal, la baja de tasas municipales depende exclusivamente de los intendentes.<\/p>\n<p>Tambi\u00e9n indic\u00f3 que desde la Naci\u00f3n se hizo restrictiva la aplicaci\u00f3n de la Tarifa Social y se lo pospuso para los meses de mayo y junio.\u00a0 \u201cPostergaci\u00f3n que implican un costo de $300 millones, de los cuales $150 corresponden a Capital y Buenos Aires, el resto a las provincias, salvo cuatro que no tienen servicio de gas\u00bb, expres\u00f3. \u00abEs una cifra que no puede desestabilizar la econom\u00eda tucumana\u201d, se\u00f1al\u00f3 sobre el 1.9 millones que le costar\u00e1 a Tucum\u00e1n por 130 mil beneficiarios de las tarifas sociales. \u201cLas normas generales que impulsa el Gobierno Nacional desconocen las realidades provinciales\u00bb, lament\u00f3.<\/p>\n<p>\u00abLo importante es el criterio en el que la Naci\u00f3n adopta decisiones de forma unilateral. De esta manera obliga a las provincias a quedar comprometida con los desaguisados del Ministerio de Econom\u00eda a trav\u00e9s de un manejo irracional y con poca sensibilidad social, al hacer una aplicaci\u00f3n inmediata de estas decisiones\u00bb, lament\u00f3.<\/p>\n<p>Cabe recordar que a trav\u00e9s del Ente \u00danico de Control y Regulaci\u00f3n de los Servicios P\u00fablicos de Tucum\u00e1n (Ersept), los usuarios pueden recibir asesoramiento para clarificar las tarifas y la opci\u00f3n de tener la Tarifa Social.<\/p>\n<p><strong>Fuente:<\/strong><a href=\"http:\/\/lv12.com.ar\/nota\/39877\/tarifas-tucuman-libre-de-impuestos-provinciales\">\u00a0http:\/\/lv12.com.ar\/nota\/39877\/tarifas-tucuman-libre-de-impuestos-provinciales<\/a><\/p>\n<\/div>\n<\/div>\n<\/div>\n<\/div>\n","protected":false},"excerpt":{"rendered":"<p>Desde la provincia se\u00f1alaron que s\u00f3lo se cobra el IVA, que es nacional. Sin embargo, advierten que la baja de tasas municipales ser\u00e1 una decisi\u00f3n exclusiva de los intendentes.<\/p>\n","protected":false},"author":5,"featured_media":9150,"comment_status":"closed","ping_status":"open","sticky":false,"template":"","format":"standard","meta":{"footnotes":""},"categories":[2],"tags":[7,204,61],"class_list":{"0":"post-9149","1":"post","2":"type-post","3":"status-publish","4":"format-standard","5":"has-post-thumbnail","7":"category-actualidad","8":"tag-el-diario-de-tucuman","9":"tag-tarifas","10":"tag-tucuman"},"yoast_head":"<!-- This site is optimized with the Yoast SEO plugin v27.5 - https:\/\/yoast.com\/product\/yoast-seo-wordpress\/ -->\n<title>En Tucum\u00e1n las tarifas est\u00e1n libres de impuestos provinciales - El Diario de Tucuman<\/title>\n<meta name=\"robots\" content=\"index, follow, max-snippet:-1, max-image-preview:large, max-video-preview:-1\" \/>\n<link rel=\"canonical\" href=\"https:\/\/www.eldiariodetucuman.com\/web\/en-tucuman-las-tarifas-estan-libres-de-impuestos-provinciales\/\" \/>\n<meta property=\"og:locale\" content=\"es_ES\" \/>\n<meta property=\"og:type\" content=\"article\" \/>\n<meta property=\"og:title\" content=\"En Tucum\u00e1n las tarifas est\u00e1n libres de impuestos provinciales - El Diario de Tucuman\" \/>\n<meta property=\"og:description\" content=\"Desde la provincia se\u00f1alaron que s\u00f3lo se cobra el IVA, que es nacional. Sin embargo, advierten que la baja de tasas municipales ser\u00e1 una decisi\u00f3n exclusiva de los intendentes.\" \/>\n<meta property=\"og:url\" content=\"https:\/\/www.eldiariodetucuman.com\/web\/en-tucuman-las-tarifas-estan-libres-de-impuestos-provinciales\/\" \/>\n<meta property=\"og:site_name\" content=\"El Diario de Tucuman\" \/>\n<meta property=\"article:published_time\" content=\"2018-04-25T12:20:57+00:00\" \/>\n<meta property=\"article:modified_time\" content=\"2018-04-25T12:23:41+00:00\" \/>\n<meta property=\"og:image\" content=\"https:\/\/www.eldiariodetucuman.com\/web\/wp-content\/uploads\/2018\/04\/tarifastucuman.jpg\" \/>\n\t<meta property=\"og:image:width\" content=\"818\" \/>\n\t<meta property=\"og:image:height\" content=\"460\" \/>\n\t<meta property=\"og:image:type\" content=\"image\/jpeg\" \/>\n<meta name=\"author\" content=\"Redactor Uno\" \/>\n<meta name=\"twitter:card\" content=\"summary_large_image\" \/>\n<meta name=\"twitter:label1\" content=\"Escrito por\" \/>\n\t<meta name=\"twitter:data1\" content=\"Redactor Uno\" \/>\n\t<meta name=\"twitter:label2\" content=\"Tiempo de lectura\" \/>\n\t<meta name=\"twitter:data2\" content=\"2 minutos\" \/>\n<script type=\"application\/ld+json\" class=\"yoast-schema-graph\">{\"@context\":\"https:\\\/\\\/schema.org\",\"@graph\":[{\"@type\":\"Article\",\"@id\":\"https:\\\/\\\/www.eldiariodetucuman.com\\\/web\\\/en-tucuman-las-tarifas-estan-libres-de-impuestos-provinciales\\\/#article\",\"isPartOf\":{\"@id\":\"https:\\\/\\\/www.eldiariodetucuman.com\\\/web\\\/en-tucuman-las-tarifas-estan-libres-de-impuestos-provinciales\\\/\"},\"author\":{\"name\":\"Redactor Uno\",\"@id\":\"https:\\\/\\\/www.eldiariodetucuman.com\\\/web\\\/#\\\/schema\\\/person\\\/7e6644a46e60888f6b868594407e08dd\"},\"headline\":\"En Tucum\u00e1n las tarifas est\u00e1n libres de impuestos provinciales\",\"datePublished\":\"2018-04-25T12:20:57+00:00\",\"dateModified\":\"2018-04-25T12:23:41+00:00\",\"mainEntityOfPage\":{\"@id\":\"https:\\\/\\\/www.eldiariodetucuman.com\\\/web\\\/en-tucuman-las-tarifas-estan-libres-de-impuestos-provinciales\\\/\"},\"wordCount\":499,\"publisher\":{\"@id\":\"https:\\\/\\\/www.eldiariodetucuman.com\\\/web\\\/#organization\"},\"image\":{\"@id\":\"https:\\\/\\\/www.eldiariodetucuman.com\\\/web\\\/en-tucuman-las-tarifas-estan-libres-de-impuestos-provinciales\\\/#primaryimage\"},\"thumbnailUrl\":\"https:\\\/\\\/www.eldiariodetucuman.com\\\/web\\\/wp-content\\\/uploads\\\/2018\\\/04\\\/tarifastucuman.jpg\",\"keywords\":[\"El Diario de Tucuman\",\"tarifas\",\"Tucuman\"],\"articleSection\":[\"Actualidad\"],\"inLanguage\":\"es\"},{\"@type\":\"WebPage\",\"@id\":\"https:\\\/\\\/www.eldiariodetucuman.com\\\/web\\\/en-tucuman-las-tarifas-estan-libres-de-impuestos-provinciales\\\/\",\"url\":\"https:\\\/\\\/www.eldiariodetucuman.com\\\/web\\\/en-tucuman-las-tarifas-estan-libres-de-impuestos-provinciales\\\/\",\"name\":\"En Tucum\u00e1n las tarifas est\u00e1n libres de impuestos provinciales - El Diario de Tucuman\",\"isPartOf\":{\"@id\":\"https:\\\/\\\/www.eldiariodetucuman.com\\\/web\\\/#website\"},\"primaryImageOfPage\":{\"@id\":\"https:\\\/\\\/www.eldiariodetucuman.com\\\/web\\\/en-tucuman-las-tarifas-estan-libres-de-impuestos-provinciales\\\/#primaryimage\"},\"image\":{\"@id\":\"https:\\\/\\\/www.eldiariodetucuman.com\\\/web\\\/en-tucuman-las-tarifas-estan-libres-de-impuestos-provinciales\\\/#primaryimage\"},\"thumbnailUrl\":\"https:\\\/\\\/www.eldiariodetucuman.com\\\/web\\\/wp-content\\\/uploads\\\/2018\\\/04\\\/tarifastucuman.jpg\",\"datePublished\":\"2018-04-25T12:20:57+00:00\",\"dateModified\":\"2018-04-25T12:23:41+00:00\",\"breadcrumb\":{\"@id\":\"https:\\\/\\\/www.eldiariodetucuman.com\\\/web\\\/en-tucuman-las-tarifas-estan-libres-de-impuestos-provinciales\\\/#breadcrumb\"},\"inLanguage\":\"es\",\"potentialAction\":[{\"@type\":\"ReadAction\",\"target\":[\"https:\\\/\\\/www.eldiariodetucuman.com\\\/web\\\/en-tucuman-las-tarifas-estan-libres-de-impuestos-provinciales\\\/\"]}]},{\"@type\":\"ImageObject\",\"inLanguage\":\"es\",\"@id\":\"https:\\\/\\\/www.eldiariodetucuman.com\\\/web\\\/en-tucuman-las-tarifas-estan-libres-de-impuestos-provinciales\\\/#primaryimage\",\"url\":\"https:\\\/\\\/www.eldiariodetucuman.com\\\/web\\\/wp-content\\\/uploads\\\/2018\\\/04\\\/tarifastucuman.jpg\",\"contentUrl\":\"https:\\\/\\\/www.eldiariodetucuman.com\\\/web\\\/wp-content\\\/uploads\\\/2018\\\/04\\\/tarifastucuman.jpg\",\"width\":818,\"height\":460},{\"@type\":\"BreadcrumbList\",\"@id\":\"https:\\\/\\\/www.eldiariodetucuman.com\\\/web\\\/en-tucuman-las-tarifas-estan-libres-de-impuestos-provinciales\\\/#breadcrumb\",\"itemListElement\":[{\"@type\":\"ListItem\",\"position\":1,\"name\":\"Portada\",\"item\":\"https:\\\/\\\/www.eldiariodetucuman.com\\\/web\\\/\"},{\"@type\":\"ListItem\",\"position\":2,\"name\":\"En Tucum\u00e1n las tarifas est\u00e1n libres de impuestos provinciales\"}]},{\"@type\":\"WebSite\",\"@id\":\"https:\\\/\\\/www.eldiariodetucuman.com\\\/web\\\/#website\",\"url\":\"https:\\\/\\\/www.eldiariodetucuman.com\\\/web\\\/\",\"name\":\"El Diario de Tucuman\",\"description\":\"Diario Tucuman - Informaci\u00f3n y noticias\",\"publisher\":{\"@id\":\"https:\\\/\\\/www.eldiariodetucuman.com\\\/web\\\/#organization\"},\"potentialAction\":[{\"@type\":\"SearchAction\",\"target\":{\"@type\":\"EntryPoint\",\"urlTemplate\":\"https:\\\/\\\/www.eldiariodetucuman.com\\\/web\\\/?s={search_term_string}\"},\"query-input\":{\"@type\":\"PropertyValueSpecification\",\"valueRequired\":true,\"valueName\":\"search_term_string\"}}],\"inLanguage\":\"es\"},{\"@type\":\"Organization\",\"@id\":\"https:\\\/\\\/www.eldiariodetucuman.com\\\/web\\\/#organization\",\"name\":\"El Diario de Tucuman\",\"url\":\"https:\\\/\\\/www.eldiariodetucuman.com\\\/web\\\/\",\"logo\":{\"@type\":\"ImageObject\",\"inLanguage\":\"es\",\"@id\":\"https:\\\/\\\/www.eldiariodetucuman.com\\\/web\\\/#\\\/schema\\\/logo\\\/image\\\/\",\"url\":\"http:\\\/\\\/www.eldiariodetucuman.com\\\/web\\\/wp-content\\\/uploads\\\/2017\\\/12\\\/el-diario-de-tucuman.jpg\",\"contentUrl\":\"http:\\\/\\\/www.eldiariodetucuman.com\\\/web\\\/wp-content\\\/uploads\\\/2017\\\/12\\\/el-diario-de-tucuman.jpg\",\"width\":272,\"height\":92,\"caption\":\"El Diario de Tucuman\"},\"image\":{\"@id\":\"https:\\\/\\\/www.eldiariodetucuman.com\\\/web\\\/#\\\/schema\\\/logo\\\/image\\\/\"}},{\"@type\":\"Person\",\"@id\":\"https:\\\/\\\/www.eldiariodetucuman.com\\\/web\\\/#\\\/schema\\\/person\\\/7e6644a46e60888f6b868594407e08dd\",\"name\":\"Redactor Uno\",\"image\":{\"@type\":\"ImageObject\",\"inLanguage\":\"es\",\"@id\":\"https:\\\/\\\/secure.gravatar.com\\\/avatar\\\/0049b1bdf1bd548385c9ea6b9356431717930913089febd2ba904f0187d7d074?s=96&d=mm&r=g\",\"url\":\"https:\\\/\\\/secure.gravatar.com\\\/avatar\\\/0049b1bdf1bd548385c9ea6b9356431717930913089febd2ba904f0187d7d074?s=96&d=mm&r=g\",\"contentUrl\":\"https:\\\/\\\/secure.gravatar.com\\\/avatar\\\/0049b1bdf1bd548385c9ea6b9356431717930913089febd2ba904f0187d7d074?s=96&d=mm&r=g\",\"caption\":\"Redactor Uno\"},\"url\":\"https:\\\/\\\/www.eldiariodetucuman.com\\\/web\\\/author\\\/mramasco\\\/\"}]}<\/script>\n<!-- \/ Yoast SEO plugin. -->","yoast_head_json":{"title":"En Tucum\u00e1n las tarifas est\u00e1n libres de impuestos provinciales - El Diario de Tucuman","robots":{"index":"index","follow":"follow","max-snippet":"max-snippet:-1","max-image-preview":"max-image-preview:large","max-video-preview":"max-video-preview:-1"},"canonical":"https:\/\/www.eldiariodetucuman.com\/web\/en-tucuman-las-tarifas-estan-libres-de-impuestos-provinciales\/","og_locale":"es_ES","og_type":"article","og_title":"En Tucum\u00e1n las tarifas est\u00e1n libres de impuestos provinciales - El Diario de Tucuman","og_description":"Desde la provincia se\u00f1alaron que s\u00f3lo se cobra el IVA, que es nacional. Sin embargo, advierten que la baja de tasas municipales ser\u00e1 una decisi\u00f3n exclusiva de los intendentes.","og_url":"https:\/\/www.eldiariodetucuman.com\/web\/en-tucuman-las-tarifas-estan-libres-de-impuestos-provinciales\/","og_site_name":"El Diario de Tucuman","article_published_time":"2018-04-25T12:20:57+00:00","article_modified_time":"2018-04-25T12:23:41+00:00","og_image":[{"width":818,"height":460,"url":"https:\/\/www.eldiariodetucuman.com\/web\/wp-content\/uploads\/2018\/04\/tarifastucuman.jpg","type":"image\/jpeg"}],"author":"Redactor Uno","twitter_card":"summary_large_image","twitter_misc":{"Escrito por":"Redactor Uno","Tiempo de lectura":"2 minutos"},"schema":{"@context":"https:\/\/schema.org","@graph":[{"@type":"Article","@id":"https:\/\/www.eldiariodetucuman.com\/web\/en-tucuman-las-tarifas-estan-libres-de-impuestos-provinciales\/#article","isPartOf":{"@id":"https:\/\/www.eldiariodetucuman.com\/web\/en-tucuman-las-tarifas-estan-libres-de-impuestos-provinciales\/"},"author":{"name":"Redactor Uno","@id":"https:\/\/www.eldiariodetucuman.com\/web\/#\/schema\/person\/7e6644a46e60888f6b868594407e08dd"},"headline":"En Tucum\u00e1n las tarifas est\u00e1n libres de impuestos provinciales","datePublished":"2018-04-25T12:20:57+00:00","dateModified":"2018-04-25T12:23:41+00:00","mainEntityOfPage":{"@id":"https:\/\/www.eldiariodetucuman.com\/web\/en-tucuman-las-tarifas-estan-libres-de-impuestos-provinciales\/"},"wordCount":499,"publisher":{"@id":"https:\/\/www.eldiariodetucuman.com\/web\/#organization"},"image":{"@id":"https:\/\/www.eldiariodetucuman.com\/web\/en-tucuman-las-tarifas-estan-libres-de-impuestos-provinciales\/#primaryimage"},"thumbnailUrl":"https:\/\/www.eldiariodetucuman.com\/web\/wp-content\/uploads\/2018\/04\/tarifastucuman.jpg","keywords":["El Diario de Tucuman","tarifas","Tucuman"],"articleSection":["Actualidad"],"inLanguage":"es"},{"@type":"WebPage","@id":"https:\/\/www.eldiariodetucuman.com\/web\/en-tucuman-las-tarifas-estan-libres-de-impuestos-provinciales\/","url":"https:\/\/www.eldiariodetucuman.com\/web\/en-tucuman-las-tarifas-estan-libres-de-impuestos-provinciales\/","name":"En Tucum\u00e1n las tarifas est\u00e1n libres de impuestos provinciales - El Diario de Tucuman","isPartOf":{"@id":"https:\/\/www.eldiariodetucuman.com\/web\/#website"},"primaryImageOfPage":{"@id":"https:\/\/www.eldiariodetucuman.com\/web\/en-tucuman-las-tarifas-estan-libres-de-impuestos-provinciales\/#primaryimage"},"image":{"@id":"https:\/\/www.eldiariodetucuman.com\/web\/en-tucuman-las-tarifas-estan-libres-de-impuestos-provinciales\/#primaryimage"},"thumbnailUrl":"https:\/\/www.eldiariodetucuman.com\/web\/wp-content\/uploads\/2018\/04\/tarifastucuman.jpg","datePublished":"2018-04-25T12:20:57+00:00","dateModified":"2018-04-25T12:23:41+00:00","breadcrumb":{"@id":"https:\/\/www.eldiariodetucuman.com\/web\/en-tucuman-las-tarifas-estan-libres-de-impuestos-provinciales\/#breadcrumb"},"inLanguage":"es","potentialAction":[{"@type":"ReadAction","target":["https:\/\/www.eldiariodetucuman.com\/web\/en-tucuman-las-tarifas-estan-libres-de-impuestos-provinciales\/"]}]},{"@type":"ImageObject","inLanguage":"es","@id":"https:\/\/www.eldiariodetucuman.com\/web\/en-tucuman-las-tarifas-estan-libres-de-impuestos-provinciales\/#primaryimage","url":"https:\/\/www.eldiariodetucuman.com\/web\/wp-content\/uploads\/2018\/04\/tarifastucuman.jpg","contentUrl":"https:\/\/www.eldiariodetucuman.com\/web\/wp-content\/uploads\/2018\/04\/tarifastucuman.jpg","width":818,"height":460},{"@type":"BreadcrumbList","@id":"https:\/\/www.eldiariodetucuman.com\/web\/en-tucuman-las-tarifas-estan-libres-de-impuestos-provinciales\/#breadcrumb","itemListElement":[{"@type":"ListItem","position":1,"name":"Portada","item":"https:\/\/www.eldiariodetucuman.com\/web\/"},{"@type":"ListItem","position":2,"name":"En Tucum\u00e1n las tarifas est\u00e1n libres de impuestos provinciales"}]},{"@type":"WebSite","@id":"https:\/\/www.eldiariodetucuman.com\/web\/#website","url":"https:\/\/www.eldiariodetucuman.com\/web\/","name":"El Diario de Tucuman","description":"Diario Tucuman - Informaci\u00f3n y noticias","publisher":{"@id":"https:\/\/www.eldiariodetucuman.com\/web\/#organization"},"potentialAction":[{"@type":"SearchAction","target":{"@type":"EntryPoint","urlTemplate":"https:\/\/www.eldiariodetucuman.com\/web\/?s={search_term_string}"},"query-input":{"@type":"PropertyValueSpecification","valueRequired":true,"valueName":"search_term_string"}}],"inLanguage":"es"},{"@type":"Organization","@id":"https:\/\/www.eldiariodetucuman.com\/web\/#organization","name":"El Diario de Tucuman","url":"https:\/\/www.eldiariodetucuman.com\/web\/","logo":{"@type":"ImageObject","inLanguage":"es","@id":"https:\/\/www.eldiariodetucuman.com\/web\/#\/schema\/logo\/image\/","url":"http:\/\/www.eldiariodetucuman.com\/web\/wp-content\/uploads\/2017\/12\/el-diario-de-tucuman.jpg","contentUrl":"http:\/\/www.eldiariodetucuman.com\/web\/wp-content\/uploads\/2017\/12\/el-diario-de-tucuman.jpg","width":272,"height":92,"caption":"El Diario de Tucuman"},"image":{"@id":"https:\/\/www.eldiariodetucuman.com\/web\/#\/schema\/logo\/image\/"}},{"@type":"Person","@id":"https:\/\/www.eldiariodetucuman.com\/web\/#\/schema\/person\/7e6644a46e60888f6b868594407e08dd","name":"Redactor Uno","image":{"@type":"ImageObject","inLanguage":"es","@id":"https:\/\/secure.gravatar.com\/avatar\/0049b1bdf1bd548385c9ea6b9356431717930913089febd2ba904f0187d7d074?s=96&d=mm&r=g","url":"https:\/\/secure.gravatar.com\/avatar\/0049b1bdf1bd548385c9ea6b9356431717930913089febd2ba904f0187d7d074?s=96&d=mm&r=g","contentUrl":"https:\/\/secure.gravatar.com\/avatar\/0049b1bdf1bd548385c9ea6b9356431717930913089febd2ba904f0187d7d074?s=96&d=mm&r=g","caption":"Redactor Uno"},"url":"https:\/\/www.eldiariodetucuman.com\/web\/author\/mramasco\/"}]}},"_links":{"self":[{"href":"https:\/\/www.eldiariodetucuman.com\/web\/wp-json\/wp\/v2\/posts\/9149","targetHints":{"allow":["GET"]}}],"collection":[{"href":"https:\/\/www.eldiariodetucuman.com\/web\/wp-json\/wp\/v2\/posts"}],"about":[{"href":"https:\/\/www.eldiariodetucuman.com\/web\/wp-json\/wp\/v2\/types\/post"}],"author":[{"embeddable":true,"href":"https:\/\/www.eldiariodetucuman.com\/web\/wp-json\/wp\/v2\/users\/5"}],"replies":[{"embeddable":true,"href":"https:\/\/www.eldiariodetucuman.com\/web\/wp-json\/wp\/v2\/comments?post=9149"}],"version-history":[{"count":2,"href":"https:\/\/www.eldiariodetucuman.com\/web\/wp-json\/wp\/v2\/posts\/9149\/revisions"}],"predecessor-version":[{"id":9152,"href":"https:\/\/www.eldiariodetucuman.com\/web\/wp-json\/wp\/v2\/posts\/9149\/revisions\/9152"}],"wp:featuredmedia":[{"embeddable":true,"href":"https:\/\/www.eldiariodetucuman.com\/web\/wp-json\/wp\/v2\/media\/9150"}],"wp:attachment":[{"href":"https:\/\/www.eldiariodetucuman.com\/web\/wp-json\/wp\/v2\/media?parent=9149"}],"wp:term":[{"taxonomy":"category","embeddable":true,"href":"https:\/\/www.eldiariodetucuman.com\/web\/wp-json\/wp\/v2\/categories?post=9149"},{"taxonomy":"post_tag","embeddable":true,"href":"https:\/\/www.eldiariodetucuman.com\/web\/wp-json\/wp\/v2\/tags?post=9149"}],"curies":[{"name":"wp","href":"https:\/\/api.w.org\/{rel}","templated":true}]}}