{"id":9145,"date":"2018-04-25T08:50:31","date_gmt":"2018-04-25T11:50:31","guid":{"rendered":"http:\/\/www.eldiariodetucuman.com\/web\/?p=9145"},"modified":"2018-04-25T08:51:04","modified_gmt":"2018-04-25T11:51:04","slug":"todo-listo-para-una-nueva-edicion-de-tucuman-market-y-expo-asado","status":"publish","type":"post","link":"https:\/\/www.eldiariodetucuman.com\/web\/todo-listo-para-una-nueva-edicion-de-tucuman-market-y-expo-asado\/","title":{"rendered":"Todo listo para una nueva edici\u00f3n de Tucum\u00e1n Market y Expo Asado"},"content":{"rendered":"<div class=\"mom-post-meta single-post-meta\">\n<div class=\"post-tools\">Las brasas volver\u00e1n a arder en el predio de la Sociedad Rural para una nueva edici\u00f3n del Tucum\u00e1n Market y la Expo Asado. El evento gastron\u00f3mico del a\u00f1o regresa a la provincia del 26 al 30 de abril y, en esta oportunidad, contar\u00e1 tambi\u00e9n con el apoyo del Ministerio de Turismo de la Naci\u00f3n.<\/div>\n<\/div>\n<p><!--more--><\/p>\n<p>El evento se present\u00f3 en el Ente Tucum\u00e1n Turismo en una conferencia encabezada por la vicepresidenta del organismo,\u00a0<strong>Elena Colombres Garmendia<\/strong>. La funcionaria estuvo acompa\u00f1ada por el intendente de Yerba Buena,\u00a0<strong>Mariano Campero<\/strong>, y por su organizador,\u00a0<strong>Luciano Vallejo<\/strong>.<\/p>\n<div class=\"entry-content\">\n<p>Con una \u00faltima edici\u00f3n que super\u00f3 los 20 mil asistentes, este a\u00f1o la Expo Asado volver\u00e1 a reunir en un solo lugar parrillas, sabores y experiencias gastron\u00f3micas \u00fanicas durante cinco noches consecutivas. En esta oportunidad se volver\u00e1 a elegir al Asador del A\u00f1o, y se incluir\u00e1 una secci\u00f3n especial para elegir al Asador y a la Asadora Amateur, todos votados por el Campe\u00f3n Federal del Asado, quien tambi\u00e9n brindar\u00e1 una masterclass abierta al p\u00fablico.<\/p>\n<p class=\"selectionShareable\">En esta gran feria podr\u00e1s encontrar m\u00e1s de 80 stands de productores gastron\u00f3micos de toda la regi\u00f3n, una Zona Dulce, parrillas, conservas, foodtrucks, un patio de comidas y una divertida kermesse con juegos para participar en familia.<\/p>\n<p class=\"selectionShareable\">Entre las novedades de este a\u00f1o se incluye la Avenida Chin Ch\u00edn, un corredor con las mejores cervezas artesanales y la cocteler\u00eda de autor, que se suma a las degustaciones de vinos a cargo de m\u00e1s de 15 bodegas y a la Chivas Experience, para disfrutar de los mejores whiskies del mundo.<\/p>\n<p class=\"base-box news-box mom_box_sc_note mom_box_sc clear \">Como broche de oro, este a\u00f1o la Expo Asado presentar\u00e1 una Pe\u00f1a Folcl\u00f3rica en la que cada noche se podr\u00e1 disfrutar de artistas tucumanos de primer nivel como Yuca C\u00f3rdoba, D\u00fao Renacimiento, Las 4 Cuerdas, Mat\u00edas de la Rosa, Taa Huayras, y muchos m\u00e1s.<\/p>\n<p class=\"base-box news-box mom_box_sc_note mom_box_sc clear \"><strong>Fuente:<\/strong><a href=\"http:\/\/comunicaciontucuman.gob.ar\/2018\/04\/presentan-una-nueva-edicion-de-tucuman-market-y-expo-asado\/\">\u00a0http:\/\/comunicaciontucuman.gob.ar\/2018\/04\/presentan-una-nueva-edicion-de-tucuman-market-y-expo-asado\/<\/a><\/p>\n<\/div>\n","protected":false},"excerpt":{"rendered":"<p>Las brasas volver\u00e1n a arder en el predio de la Sociedad Rural para una nueva edici\u00f3n del Tucum\u00e1n Market y la Expo Asado. El evento gastron\u00f3mico del a\u00f1o regresa a la provincia del 26 al 30 de abril y, en esta oportunidad, contar\u00e1 tambi\u00e9n con el apoyo del Ministerio de Turismo de la Naci\u00f3n.<\/p>\n","protected":false},"author":5,"featured_media":9146,"comment_status":"closed","ping_status":"open","sticky":false,"template":"","format":"standard","meta":{"footnotes":""},"categories":[2],"tags":[7,1535,61,1536],"class_list":{"0":"post-9145","1":"post","2":"type-post","3":"status-publish","4":"format-standard","5":"has-post-thumbnail","7":"category-actualidad","8":"tag-el-diario-de-tucuman","9":"tag-expo-asado","10":"tag-tucuman","11":"tag-tucuman-market"},"yoast_head":"<!-- This site is optimized with the Yoast SEO plugin v27.5 - https:\/\/yoast.com\/product\/yoast-seo-wordpress\/ -->\n<title>Todo listo para una nueva edici\u00f3n de Tucum\u00e1n Market y Expo Asado - El Diario de Tucuman<\/title>\n<meta name=\"robots\" content=\"index, follow, max-snippet:-1, max-image-preview:large, max-video-preview:-1\" \/>\n<link rel=\"canonical\" href=\"https:\/\/www.eldiariodetucuman.com\/web\/todo-listo-para-una-nueva-edicion-de-tucuman-market-y-expo-asado\/\" \/>\n<meta property=\"og:locale\" content=\"es_ES\" \/>\n<meta property=\"og:type\" content=\"article\" \/>\n<meta property=\"og:title\" content=\"Todo listo para una nueva edici\u00f3n de Tucum\u00e1n Market y Expo Asado - El Diario de Tucuman\" \/>\n<meta property=\"og:description\" content=\"Las brasas volver\u00e1n a arder en el predio de la Sociedad Rural para una nueva edici\u00f3n del Tucum\u00e1n Market y la Expo Asado. El evento gastron\u00f3mico del a\u00f1o regresa a la provincia del 26 al 30 de abril y, en esta oportunidad, contar\u00e1 tambi\u00e9n con el apoyo del Ministerio de Turismo de la Naci\u00f3n.\" \/>\n<meta property=\"og:url\" content=\"https:\/\/www.eldiariodetucuman.com\/web\/todo-listo-para-una-nueva-edicion-de-tucuman-market-y-expo-asado\/\" \/>\n<meta property=\"og:site_name\" content=\"El Diario de Tucuman\" \/>\n<meta property=\"article:published_time\" content=\"2018-04-25T11:50:31+00:00\" \/>\n<meta property=\"article:modified_time\" content=\"2018-04-25T11:51:04+00:00\" \/>\n<meta property=\"og:image\" content=\"https:\/\/www.eldiariodetucuman.com\/web\/wp-content\/uploads\/2018\/04\/expoasado.jpg\" \/>\n\t<meta property=\"og:image:width\" content=\"750\" \/>\n\t<meta property=\"og:image:height\" content=\"416\" \/>\n\t<meta property=\"og:image:type\" content=\"image\/jpeg\" \/>\n<meta name=\"author\" content=\"Redactor Uno\" \/>\n<meta name=\"twitter:card\" content=\"summary_large_image\" \/>\n<meta name=\"twitter:label1\" content=\"Escrito por\" \/>\n\t<meta name=\"twitter:data1\" content=\"Redactor Uno\" \/>\n\t<meta name=\"twitter:label2\" content=\"Tiempo de lectura\" \/>\n\t<meta name=\"twitter:data2\" content=\"2 minutos\" \/>\n<script type=\"application\/ld+json\" class=\"yoast-schema-graph\">{\"@context\":\"https:\\\/\\\/schema.org\",\"@graph\":[{\"@type\":\"Article\",\"@id\":\"https:\\\/\\\/www.eldiariodetucuman.com\\\/web\\\/todo-listo-para-una-nueva-edicion-de-tucuman-market-y-expo-asado\\\/#article\",\"isPartOf\":{\"@id\":\"https:\\\/\\\/www.eldiariodetucuman.com\\\/web\\\/todo-listo-para-una-nueva-edicion-de-tucuman-market-y-expo-asado\\\/\"},\"author\":{\"name\":\"Redactor Uno\",\"@id\":\"https:\\\/\\\/www.eldiariodetucuman.com\\\/web\\\/#\\\/schema\\\/person\\\/7e6644a46e60888f6b868594407e08dd\"},\"headline\":\"Todo listo para una nueva edici\u00f3n de Tucum\u00e1n Market y Expo Asado\",\"datePublished\":\"2018-04-25T11:50:31+00:00\",\"dateModified\":\"2018-04-25T11:51:04+00:00\",\"mainEntityOfPage\":{\"@id\":\"https:\\\/\\\/www.eldiariodetucuman.com\\\/web\\\/todo-listo-para-una-nueva-edicion-de-tucuman-market-y-expo-asado\\\/\"},\"wordCount\":346,\"publisher\":{\"@id\":\"https:\\\/\\\/www.eldiariodetucuman.com\\\/web\\\/#organization\"},\"image\":{\"@id\":\"https:\\\/\\\/www.eldiariodetucuman.com\\\/web\\\/todo-listo-para-una-nueva-edicion-de-tucuman-market-y-expo-asado\\\/#primaryimage\"},\"thumbnailUrl\":\"https:\\\/\\\/www.eldiariodetucuman.com\\\/web\\\/wp-content\\\/uploads\\\/2018\\\/04\\\/expoasado.jpg\",\"keywords\":[\"El Diario de Tucuman\",\"Expo Asado\",\"Tucuman\",\"Tucum\u00e1n Market\"],\"articleSection\":[\"Actualidad\"],\"inLanguage\":\"es\"},{\"@type\":\"WebPage\",\"@id\":\"https:\\\/\\\/www.eldiariodetucuman.com\\\/web\\\/todo-listo-para-una-nueva-edicion-de-tucuman-market-y-expo-asado\\\/\",\"url\":\"https:\\\/\\\/www.eldiariodetucuman.com\\\/web\\\/todo-listo-para-una-nueva-edicion-de-tucuman-market-y-expo-asado\\\/\",\"name\":\"Todo listo para una nueva edici\u00f3n de Tucum\u00e1n Market y Expo Asado - El Diario de Tucuman\",\"isPartOf\":{\"@id\":\"https:\\\/\\\/www.eldiariodetucuman.com\\\/web\\\/#website\"},\"primaryImageOfPage\":{\"@id\":\"https:\\\/\\\/www.eldiariodetucuman.com\\\/web\\\/todo-listo-para-una-nueva-edicion-de-tucuman-market-y-expo-asado\\\/#primaryimage\"},\"image\":{\"@id\":\"https:\\\/\\\/www.eldiariodetucuman.com\\\/web\\\/todo-listo-para-una-nueva-edicion-de-tucuman-market-y-expo-asado\\\/#primaryimage\"},\"thumbnailUrl\":\"https:\\\/\\\/www.eldiariodetucuman.com\\\/web\\\/wp-content\\\/uploads\\\/2018\\\/04\\\/expoasado.jpg\",\"datePublished\":\"2018-04-25T11:50:31+00:00\",\"dateModified\":\"2018-04-25T11:51:04+00:00\",\"breadcrumb\":{\"@id\":\"https:\\\/\\\/www.eldiariodetucuman.com\\\/web\\\/todo-listo-para-una-nueva-edicion-de-tucuman-market-y-expo-asado\\\/#breadcrumb\"},\"inLanguage\":\"es\",\"potentialAction\":[{\"@type\":\"ReadAction\",\"target\":[\"https:\\\/\\\/www.eldiariodetucuman.com\\\/web\\\/todo-listo-para-una-nueva-edicion-de-tucuman-market-y-expo-asado\\\/\"]}]},{\"@type\":\"ImageObject\",\"inLanguage\":\"es\",\"@id\":\"https:\\\/\\\/www.eldiariodetucuman.com\\\/web\\\/todo-listo-para-una-nueva-edicion-de-tucuman-market-y-expo-asado\\\/#primaryimage\",\"url\":\"https:\\\/\\\/www.eldiariodetucuman.com\\\/web\\\/wp-content\\\/uploads\\\/2018\\\/04\\\/expoasado.jpg\",\"contentUrl\":\"https:\\\/\\\/www.eldiariodetucuman.com\\\/web\\\/wp-content\\\/uploads\\\/2018\\\/04\\\/expoasado.jpg\",\"width\":750,\"height\":416},{\"@type\":\"BreadcrumbList\",\"@id\":\"https:\\\/\\\/www.eldiariodetucuman.com\\\/web\\\/todo-listo-para-una-nueva-edicion-de-tucuman-market-y-expo-asado\\\/#breadcrumb\",\"itemListElement\":[{\"@type\":\"ListItem\",\"position\":1,\"name\":\"Portada\",\"item\":\"https:\\\/\\\/www.eldiariodetucuman.com\\\/web\\\/\"},{\"@type\":\"ListItem\",\"position\":2,\"name\":\"Todo listo para una nueva edici\u00f3n de Tucum\u00e1n Market y Expo Asado\"}]},{\"@type\":\"WebSite\",\"@id\":\"https:\\\/\\\/www.eldiariodetucuman.com\\\/web\\\/#website\",\"url\":\"https:\\\/\\\/www.eldiariodetucuman.com\\\/web\\\/\",\"name\":\"El Diario de Tucuman\",\"description\":\"Diario Tucuman - Informaci\u00f3n y noticias\",\"publisher\":{\"@id\":\"https:\\\/\\\/www.eldiariodetucuman.com\\\/web\\\/#organization\"},\"potentialAction\":[{\"@type\":\"SearchAction\",\"target\":{\"@type\":\"EntryPoint\",\"urlTemplate\":\"https:\\\/\\\/www.eldiariodetucuman.com\\\/web\\\/?s={search_term_string}\"},\"query-input\":{\"@type\":\"PropertyValueSpecification\",\"valueRequired\":true,\"valueName\":\"search_term_string\"}}],\"inLanguage\":\"es\"},{\"@type\":\"Organization\",\"@id\":\"https:\\\/\\\/www.eldiariodetucuman.com\\\/web\\\/#organization\",\"name\":\"El Diario de Tucuman\",\"url\":\"https:\\\/\\\/www.eldiariodetucuman.com\\\/web\\\/\",\"logo\":{\"@type\":\"ImageObject\",\"inLanguage\":\"es\",\"@id\":\"https:\\\/\\\/www.eldiariodetucuman.com\\\/web\\\/#\\\/schema\\\/logo\\\/image\\\/\",\"url\":\"http:\\\/\\\/www.eldiariodetucuman.com\\\/web\\\/wp-content\\\/uploads\\\/2017\\\/12\\\/el-diario-de-tucuman.jpg\",\"contentUrl\":\"http:\\\/\\\/www.eldiariodetucuman.com\\\/web\\\/wp-content\\\/uploads\\\/2017\\\/12\\\/el-diario-de-tucuman.jpg\",\"width\":272,\"height\":92,\"caption\":\"El Diario de Tucuman\"},\"image\":{\"@id\":\"https:\\\/\\\/www.eldiariodetucuman.com\\\/web\\\/#\\\/schema\\\/logo\\\/image\\\/\"}},{\"@type\":\"Person\",\"@id\":\"https:\\\/\\\/www.eldiariodetucuman.com\\\/web\\\/#\\\/schema\\\/person\\\/7e6644a46e60888f6b868594407e08dd\",\"name\":\"Redactor Uno\",\"image\":{\"@type\":\"ImageObject\",\"inLanguage\":\"es\",\"@id\":\"https:\\\/\\\/secure.gravatar.com\\\/avatar\\\/0049b1bdf1bd548385c9ea6b9356431717930913089febd2ba904f0187d7d074?s=96&d=mm&r=g\",\"url\":\"https:\\\/\\\/secure.gravatar.com\\\/avatar\\\/0049b1bdf1bd548385c9ea6b9356431717930913089febd2ba904f0187d7d074?s=96&d=mm&r=g\",\"contentUrl\":\"https:\\\/\\\/secure.gravatar.com\\\/avatar\\\/0049b1bdf1bd548385c9ea6b9356431717930913089febd2ba904f0187d7d074?s=96&d=mm&r=g\",\"caption\":\"Redactor Uno\"},\"url\":\"https:\\\/\\\/www.eldiariodetucuman.com\\\/web\\\/author\\\/mramasco\\\/\"}]}<\/script>\n<!-- \/ Yoast SEO plugin. -->","yoast_head_json":{"title":"Todo listo para una nueva edici\u00f3n de Tucum\u00e1n Market y Expo Asado - El Diario de Tucuman","robots":{"index":"index","follow":"follow","max-snippet":"max-snippet:-1","max-image-preview":"max-image-preview:large","max-video-preview":"max-video-preview:-1"},"canonical":"https:\/\/www.eldiariodetucuman.com\/web\/todo-listo-para-una-nueva-edicion-de-tucuman-market-y-expo-asado\/","og_locale":"es_ES","og_type":"article","og_title":"Todo listo para una nueva edici\u00f3n de Tucum\u00e1n Market y Expo Asado - El Diario de Tucuman","og_description":"Las brasas volver\u00e1n a arder en el predio de la Sociedad Rural para una nueva edici\u00f3n del Tucum\u00e1n Market y la Expo Asado. El evento gastron\u00f3mico del a\u00f1o regresa a la provincia del 26 al 30 de abril y, en esta oportunidad, contar\u00e1 tambi\u00e9n con el apoyo del Ministerio de Turismo de la Naci\u00f3n.","og_url":"https:\/\/www.eldiariodetucuman.com\/web\/todo-listo-para-una-nueva-edicion-de-tucuman-market-y-expo-asado\/","og_site_name":"El Diario de Tucuman","article_published_time":"2018-04-25T11:50:31+00:00","article_modified_time":"2018-04-25T11:51:04+00:00","og_image":[{"width":750,"height":416,"url":"https:\/\/www.eldiariodetucuman.com\/web\/wp-content\/uploads\/2018\/04\/expoasado.jpg","type":"image\/jpeg"}],"author":"Redactor Uno","twitter_card":"summary_large_image","twitter_misc":{"Escrito por":"Redactor Uno","Tiempo de lectura":"2 minutos"},"schema":{"@context":"https:\/\/schema.org","@graph":[{"@type":"Article","@id":"https:\/\/www.eldiariodetucuman.com\/web\/todo-listo-para-una-nueva-edicion-de-tucuman-market-y-expo-asado\/#article","isPartOf":{"@id":"https:\/\/www.eldiariodetucuman.com\/web\/todo-listo-para-una-nueva-edicion-de-tucuman-market-y-expo-asado\/"},"author":{"name":"Redactor Uno","@id":"https:\/\/www.eldiariodetucuman.com\/web\/#\/schema\/person\/7e6644a46e60888f6b868594407e08dd"},"headline":"Todo listo para una nueva edici\u00f3n de Tucum\u00e1n Market y Expo Asado","datePublished":"2018-04-25T11:50:31+00:00","dateModified":"2018-04-25T11:51:04+00:00","mainEntityOfPage":{"@id":"https:\/\/www.eldiariodetucuman.com\/web\/todo-listo-para-una-nueva-edicion-de-tucuman-market-y-expo-asado\/"},"wordCount":346,"publisher":{"@id":"https:\/\/www.eldiariodetucuman.com\/web\/#organization"},"image":{"@id":"https:\/\/www.eldiariodetucuman.com\/web\/todo-listo-para-una-nueva-edicion-de-tucuman-market-y-expo-asado\/#primaryimage"},"thumbnailUrl":"https:\/\/www.eldiariodetucuman.com\/web\/wp-content\/uploads\/2018\/04\/expoasado.jpg","keywords":["El Diario de Tucuman","Expo Asado","Tucuman","Tucum\u00e1n Market"],"articleSection":["Actualidad"],"inLanguage":"es"},{"@type":"WebPage","@id":"https:\/\/www.eldiariodetucuman.com\/web\/todo-listo-para-una-nueva-edicion-de-tucuman-market-y-expo-asado\/","url":"https:\/\/www.eldiariodetucuman.com\/web\/todo-listo-para-una-nueva-edicion-de-tucuman-market-y-expo-asado\/","name":"Todo listo para una nueva edici\u00f3n de Tucum\u00e1n Market y Expo Asado - El Diario de Tucuman","isPartOf":{"@id":"https:\/\/www.eldiariodetucuman.com\/web\/#website"},"primaryImageOfPage":{"@id":"https:\/\/www.eldiariodetucuman.com\/web\/todo-listo-para-una-nueva-edicion-de-tucuman-market-y-expo-asado\/#primaryimage"},"image":{"@id":"https:\/\/www.eldiariodetucuman.com\/web\/todo-listo-para-una-nueva-edicion-de-tucuman-market-y-expo-asado\/#primaryimage"},"thumbnailUrl":"https:\/\/www.eldiariodetucuman.com\/web\/wp-content\/uploads\/2018\/04\/expoasado.jpg","datePublished":"2018-04-25T11:50:31+00:00","dateModified":"2018-04-25T11:51:04+00:00","breadcrumb":{"@id":"https:\/\/www.eldiariodetucuman.com\/web\/todo-listo-para-una-nueva-edicion-de-tucuman-market-y-expo-asado\/#breadcrumb"},"inLanguage":"es","potentialAction":[{"@type":"ReadAction","target":["https:\/\/www.eldiariodetucuman.com\/web\/todo-listo-para-una-nueva-edicion-de-tucuman-market-y-expo-asado\/"]}]},{"@type":"ImageObject","inLanguage":"es","@id":"https:\/\/www.eldiariodetucuman.com\/web\/todo-listo-para-una-nueva-edicion-de-tucuman-market-y-expo-asado\/#primaryimage","url":"https:\/\/www.eldiariodetucuman.com\/web\/wp-content\/uploads\/2018\/04\/expoasado.jpg","contentUrl":"https:\/\/www.eldiariodetucuman.com\/web\/wp-content\/uploads\/2018\/04\/expoasado.jpg","width":750,"height":416},{"@type":"BreadcrumbList","@id":"https:\/\/www.eldiariodetucuman.com\/web\/todo-listo-para-una-nueva-edicion-de-tucuman-market-y-expo-asado\/#breadcrumb","itemListElement":[{"@type":"ListItem","position":1,"name":"Portada","item":"https:\/\/www.eldiariodetucuman.com\/web\/"},{"@type":"ListItem","position":2,"name":"Todo listo para una nueva edici\u00f3n de Tucum\u00e1n Market y Expo Asado"}]},{"@type":"WebSite","@id":"https:\/\/www.eldiariodetucuman.com\/web\/#website","url":"https:\/\/www.eldiariodetucuman.com\/web\/","name":"El Diario de Tucuman","description":"Diario Tucuman - Informaci\u00f3n y noticias","publisher":{"@id":"https:\/\/www.eldiariodetucuman.com\/web\/#organization"},"potentialAction":[{"@type":"SearchAction","target":{"@type":"EntryPoint","urlTemplate":"https:\/\/www.eldiariodetucuman.com\/web\/?s={search_term_string}"},"query-input":{"@type":"PropertyValueSpecification","valueRequired":true,"valueName":"search_term_string"}}],"inLanguage":"es"},{"@type":"Organization","@id":"https:\/\/www.eldiariodetucuman.com\/web\/#organization","name":"El Diario de Tucuman","url":"https:\/\/www.eldiariodetucuman.com\/web\/","logo":{"@type":"ImageObject","inLanguage":"es","@id":"https:\/\/www.eldiariodetucuman.com\/web\/#\/schema\/logo\/image\/","url":"http:\/\/www.eldiariodetucuman.com\/web\/wp-content\/uploads\/2017\/12\/el-diario-de-tucuman.jpg","contentUrl":"http:\/\/www.eldiariodetucuman.com\/web\/wp-content\/uploads\/2017\/12\/el-diario-de-tucuman.jpg","width":272,"height":92,"caption":"El Diario de Tucuman"},"image":{"@id":"https:\/\/www.eldiariodetucuman.com\/web\/#\/schema\/logo\/image\/"}},{"@type":"Person","@id":"https:\/\/www.eldiariodetucuman.com\/web\/#\/schema\/person\/7e6644a46e60888f6b868594407e08dd","name":"Redactor Uno","image":{"@type":"ImageObject","inLanguage":"es","@id":"https:\/\/secure.gravatar.com\/avatar\/0049b1bdf1bd548385c9ea6b9356431717930913089febd2ba904f0187d7d074?s=96&d=mm&r=g","url":"https:\/\/secure.gravatar.com\/avatar\/0049b1bdf1bd548385c9ea6b9356431717930913089febd2ba904f0187d7d074?s=96&d=mm&r=g","contentUrl":"https:\/\/secure.gravatar.com\/avatar\/0049b1bdf1bd548385c9ea6b9356431717930913089febd2ba904f0187d7d074?s=96&d=mm&r=g","caption":"Redactor Uno"},"url":"https:\/\/www.eldiariodetucuman.com\/web\/author\/mramasco\/"}]}},"_links":{"self":[{"href":"https:\/\/www.eldiariodetucuman.com\/web\/wp-json\/wp\/v2\/posts\/9145","targetHints":{"allow":["GET"]}}],"collection":[{"href":"https:\/\/www.eldiariodetucuman.com\/web\/wp-json\/wp\/v2\/posts"}],"about":[{"href":"https:\/\/www.eldiariodetucuman.com\/web\/wp-json\/wp\/v2\/types\/post"}],"author":[{"embeddable":true,"href":"https:\/\/www.eldiariodetucuman.com\/web\/wp-json\/wp\/v2\/users\/5"}],"replies":[{"embeddable":true,"href":"https:\/\/www.eldiariodetucuman.com\/web\/wp-json\/wp\/v2\/comments?post=9145"}],"version-history":[{"count":2,"href":"https:\/\/www.eldiariodetucuman.com\/web\/wp-json\/wp\/v2\/posts\/9145\/revisions"}],"predecessor-version":[{"id":9148,"href":"https:\/\/www.eldiariodetucuman.com\/web\/wp-json\/wp\/v2\/posts\/9145\/revisions\/9148"}],"wp:featuredmedia":[{"embeddable":true,"href":"https:\/\/www.eldiariodetucuman.com\/web\/wp-json\/wp\/v2\/media\/9146"}],"wp:attachment":[{"href":"https:\/\/www.eldiariodetucuman.com\/web\/wp-json\/wp\/v2\/media?parent=9145"}],"wp:term":[{"taxonomy":"category","embeddable":true,"href":"https:\/\/www.eldiariodetucuman.com\/web\/wp-json\/wp\/v2\/categories?post=9145"},{"taxonomy":"post_tag","embeddable":true,"href":"https:\/\/www.eldiariodetucuman.com\/web\/wp-json\/wp\/v2\/tags?post=9145"}],"curies":[{"name":"wp","href":"https:\/\/api.w.org\/{rel}","templated":true}]}}