{"id":9126,"date":"2018-04-24T12:55:46","date_gmt":"2018-04-24T15:55:46","guid":{"rendered":"http:\/\/www.eldiariodetucuman.com\/web\/facebook-publica-el-manual-interno-que-define-como-vigila-los-posteos-en-su-red-social\/"},"modified":"2018-04-24T12:55:46","modified_gmt":"2018-04-24T15:55:46","slug":"facebook-publica-el-manual-interno-que-define-como-vigila-los-posteos-en-su-red-social","status":"publish","type":"post","link":"https:\/\/www.eldiariodetucuman.com\/web\/facebook-publica-el-manual-interno-que-define-como-vigila-los-posteos-en-su-red-social\/","title":{"rendered":"Facebook publica el manual interno que define c\u00f3mo vigila los posteos en su red social"},"content":{"rendered":"<div>\n<div id=\"cuerpo\">\n<figure class=\"XL caja-destacada epigrafe\" id=\"figure_2672354\" data-is=\"imagen\"><span title=\"Ampliar imagen\" class=\"icon-ampliar\"><\/span><br \/>\n                        <span title=\"Cerrar modal\" class=\"icon-cerrar\"><\/span><figcaption><epigrafe>La compa\u00f1\u00eda public\u00f3 el manual interno para determinar si una publicaci\u00f3n es v\u00e1lida o debe ser eliminada<\/epigrafe><span class=\"fuente\"> Fuente: Archivo<\/span><br \/>\n                        <\/figcaption><\/figure>\n<p class=\"capital\">Facebook divulg\u00f3 hoy<br \/>\n<a class=\"link\" href=\"https:\/\/www.facebook.com\/communitystandards\/\">un libro de reglas para los tipos de publicaciones que permite en su red social<\/a>, en que dio m\u00e1s detalles que nunca antes sobre lo que est\u00e1 permitido en temas que van desde el uso de drogas y el trabajo sexual al hostigamiento, el discurso de odio y la incitaci\u00f3n a la violencia.<\/p>\n<p><!-- middle1 --><\/p>\n<p><!-- middle1 --><\/p>\n<p>Facebook durante a\u00f1os ha tenido \u00abest\u00e1ndares comunitarios\u00bb sobre lo que la gente puede publicar. Pero s\u00f3lo estaba disponible p\u00fablicamente una versi\u00f3n relativamente breve y general, mientras que exist\u00eda un documento interno mucho m\u00e1s detallado para decidir cu\u00e1ndo deber\u00edan eliminarse las publicaciones o las cuentas individuales.<\/p>\n<p>Ahora, la compa\u00f1\u00eda est\u00e1 poniendo a disposici\u00f3n del p\u00fablico el documento m\u00e1s largo en su sitio web para despejar la confusi\u00f3n y ser m\u00e1s abierto acerca de sus operaciones,<br \/>\n<a class=\"link\" href=\"https:\/\/ltam.newsroom.fb.com\/news\/2018\/04\/publicando-mas-detalles-sobre-nuestras-normas-comunitarias-y-expandiendo-la-funcion-de-apelacion\/\">dijo Monika Bickert, vicepresidente de pol\u00edtica de productos y antiterrorismo de Facebook.<\/a><\/p>\n<p><!-- middle1 --><\/p>\n<section class=\"listado ademas floatFix\" id=\"listadoAdemas\" data-is-block=\"true\" data-block-name=\"n_relacionadas-cuerpo\" data-diagramacion-id=\"0\"><\/section>\n<p>\u00abCuando vienes a<br \/>\n<!-- TODO : Revisar HTML LN9 --><br \/>\n<a href=\"http:\/\/www.lanacion.com.ar\/facebook-t891\" data-event=\"contentLinkClick\"><br \/>\nFacebook<br \/>\n<\/a> , deber\u00edas entender d\u00f3nde trazamos estas l\u00edneas y qu\u00e9 est\u00e1 bien y qu\u00e9 no est\u00e1 bien\u00bb, coment\u00f3 Bickert a periodistas en una sesi\u00f3n informativa en la sede de Facebook.<\/p>\n<p><!-- middle1 --><\/p>\n<p><!-- middle1 --><\/p>\n<p>La red social m\u00e1s grande del mundo ha enfrentado duras cr\u00edticas de gobiernos y grupos de derechos en muchos pa\u00edses por no hacer lo suficiente para evitar el discurso de odio y evitar que el servicio sea utilizado para promover el terrorismo, provocar violencia sectaria y transmitir actos como asesinatos y suicidios.<\/p>\n<p>Al mismo tiempo, la compa\u00f1\u00eda tambi\u00e9n ha sido acusada de cumplir con el mandato de reg\u00edmenes represivos al eliminar agresivamente contenidos contrarios a ciertos gobiernos y por entregar muy poca informaci\u00f3n respecto a por qu\u00e9 elimina ciertas publicaciones y cuentas.<\/p>\n<p><!-- middle1 --><\/p>\n<p>Las nuevas pol\u00edticas permitir\u00e1n por primera vez que las personas apelen a decisiones de eliminar un contenido individual. Anteriormente, s\u00f3lo se pod\u00eda apelar la eliminaci\u00f3n de cuentas, grupos y p\u00e1ginas. Facebook tambi\u00e9n est\u00e1 comenzando a proporcionar la raz\u00f3n espec\u00edfica por la cual se est\u00e1 bajando contenido para una variedad m\u00e1s amplia de situaciones.<\/p>\n<p><!-- middle1 --><\/p>\n<h2 class=\"subtitulo-1\" id=\"las-reglas-de-moderacion-de-facebook\">\nLas reglas de moderaci\u00f3n de Facebook<br \/>\n<\/h2>\n<p>No realice amenazas violentas cre\u00edbles ni se deleite con la violencia sexual; no promueva el terrorismo ni la caza furtiva de especies amenazadas; no intente comprar marihuana, vender armas de fuego o publicar los precios de venta de medicamentos con receta; no publique instrucciones para lesionarse; no muestre a menores en un contexto sexual ni cometa m\u00faltiples homicidios en diferentes momentos o lugares.<\/p>\n<p><!-- middle1 --><\/p>\n<p>Las pautas actualizadas reflejan los criterios que emplean sus 7600 moderadores para revisar publicaciones cuestionables y decidir si son eliminadas y, en ocasiones, alertar a las autoridades.<\/p>\n<figure class=\"L epigrafe\" id=\"figure_2672355\" data-is=\"imagen\"><span title=\"Ampliar imagen\" class=\"icon-ampliar\"><\/span><br \/>\n                        <span title=\"Cerrar modal\" class=\"icon-cerrar\"><\/span><\/p>\n<picture><source media=\"(min-width: 768px)\" srcset=\"\/\/bucket2.glanacion.com\/anexos\/fotos\/55\/2672355w740.jpg\"><source media=\"(min-width: 380px)\" srcset=\"\/\/bucket2.glanacion.com\/anexos\/fotos\/55\/2672355w768.jpg\"><img decoding=\"async\" src=\"http:\/\/bucket2.glanacion.com\/anexos\/fotos\/55\/2672355w380.jpg\" alt=\"Hasta ahora, s\u00f3lo en Facebook sab\u00edan por qu\u00e9 aprobaban una publicaci\u00f3n o no; con la publicaci\u00f3n del manual, buscan ser m\u00e1s transparentes en su evaluaci\u00f3n\"><\/source><\/source><\/picture><figcaption><epigrafe>Hasta ahora, s\u00f3lo en Facebook sab\u00edan por qu\u00e9 aprobaban una publicaci\u00f3n o no; con la publicaci\u00f3n del manual, buscan ser m\u00e1s transparentes en su evaluaci\u00f3n<\/epigrafe><\/figcaption><\/figure>\n<p>Los criterios en s\u00ed no cambian, pero los detalles revelan informaci\u00f3n interesante. Las fotos de senos est\u00e1n permitidas en algunos casos -como en im\u00e1genes de lactancia materna o en pinturas- pero no en otros. El documento detalla lo que considera explotaci\u00f3n sexual de adultos o menores, pero deja espacio para prohibir otras formas de abuso en caso de que surjan.<\/p>\n<p>Dado que Facebook no permite la presencia de asesinos en serie, las nuevas gu\u00edas definen el t\u00e9rmino: cualquier persona que haya cometido dos o m\u00e1s asesinatos en \u00abm\u00faltiples incidentes o ubicaciones\u00bb. Las personas que cometieron un \u00fanico homicidio no ser\u00e1n excluidas, pues podr\u00eda haber sido en defensa propia.<\/p>\n<p>El repaso a las pautas da una idea de lo dif\u00edcil que debe ser la labor de un moderador de Facebook. Estas personas deben leer y observar material cuestionable de todo tipo y tomar decisiones complicadas, como por ejemplo si un video hace apolog\u00eda de los des\u00f3rdenes alimenticios o simplemente busca ayudar a la gente. O cuando se cruza la l\u00ednea entre la broma y el acoso, o se pasa de una reflexi\u00f3n te\u00f3rica a una amenaza directa, y similares.<\/p>\n<p>Los moderadores operan en 40 idiomas distintos. El objetivo de Facebook es responder a los reportes sobre contenidos cuestionables en un plazo 24 horas, aunque dice que no impone cuotas ni l\u00edmite de tiempo a las revisiones.<\/p>\n<p>La red social ha cometido varios errores sonados en los \u00faltimos a\u00f1os. Por ejemplo, grupos de derechos humanos dicen que Facebook ha dado una respuesta inadecuada al discurso de odio y la incitaci\u00f3n a la violencia contra las minor\u00edas musulmanas en Myanmar.<\/p>\n<p>En 2016, Facebook se retract\u00f3 luego de eliminar una fotograf\u00eda ic\u00f3nica de 1972 de The Associated Press en la que aparece una ni\u00f1a corriendo desnuda y gritando tras un ataque con napalm en Vietnam. En un primer momento, la firma insisti\u00f3 en que no pod\u00eda crear una excepci\u00f3n para una fotograf\u00eda en concreto de un menor desnudo, pero pronto se retract\u00f3 apuntando que la imagen ten\u00eda una \u00abimportancia global\u00bb.<\/p>\n<p>Agencias Reuters y AP<\/p>\n<p>                <!-- firma autor --><\/p>\n<p>                <!-- temas --><\/p>\n<div class=\"temas\">\n<h4>temas <b>en esta nota<\/b><\/h4>\n<p> <!-- ***NUEVO*** - caja like --><\/p>\n<p>\n    <span class=\"texto-like\"> \u00bfTe gust\u00f3 <b>esta nota?<\/b><\/span><br \/>\n    <span class=\"icon-me-gusta\"> <\/span>\n<\/p>\n<\/p><\/div>\n<\/p><\/div>\n<\/div>\n","protected":false},"excerpt":{"rendered":"<p>La compa\u00f1\u00eda public\u00f3 el manual interno para determinar si una publicaci\u00f3n es v\u00e1lida o debe ser eliminada Fuente: Archivo Facebook divulg\u00f3 hoy un libro de reglas para los tipos de publicaciones que permite en su red social, en que dio m\u00e1s detalles que nunca antes sobre lo que est\u00e1 permitido en temas que van desde [&hellip;]<\/p>\n","protected":false},"author":4,"featured_media":0,"comment_status":"open","ping_status":"closed","sticky":false,"template":"","format":"standard","meta":{"footnotes":""},"categories":[154],"tags":[],"class_list":{"0":"post-9126","1":"post","2":"type-post","3":"status-publish","4":"format-standard","6":"category-ciencia-y-tecnologia"},"yoast_head":"<!-- This site is optimized with the Yoast SEO plugin v27.4 - https:\/\/yoast.com\/product\/yoast-seo-wordpress\/ -->\n<title>Facebook publica el manual interno que define c\u00f3mo vigila los posteos en su red social - El Diario de Tucuman<\/title>\n<meta name=\"robots\" content=\"index, follow, max-snippet:-1, max-image-preview:large, max-video-preview:-1\" \/>\n<link rel=\"canonical\" href=\"https:\/\/www.eldiariodetucuman.com\/web\/facebook-publica-el-manual-interno-que-define-como-vigila-los-posteos-en-su-red-social\/\" \/>\n<meta property=\"og:locale\" content=\"es_ES\" \/>\n<meta property=\"og:type\" content=\"article\" \/>\n<meta property=\"og:title\" content=\"Facebook publica el manual interno que define c\u00f3mo vigila los posteos en su red social - El Diario de Tucuman\" \/>\n<meta property=\"og:description\" content=\"La compa\u00f1\u00eda public\u00f3 el manual interno para determinar si una publicaci\u00f3n es v\u00e1lida o debe ser eliminada Fuente: Archivo Facebook divulg\u00f3 hoy un libro de reglas para los tipos de publicaciones que permite en su red social, en que dio m\u00e1s detalles que nunca antes sobre lo que est\u00e1 permitido en temas que van desde [&hellip;]\" \/>\n<meta property=\"og:url\" content=\"https:\/\/www.eldiariodetucuman.com\/web\/facebook-publica-el-manual-interno-que-define-como-vigila-los-posteos-en-su-red-social\/\" \/>\n<meta property=\"og:site_name\" content=\"El Diario de Tucuman\" \/>\n<meta property=\"article:published_time\" content=\"2018-04-24T15:55:46+00:00\" \/>\n<meta property=\"og:image\" content=\"http:\/\/bucket2.glanacion.com\/anexos\/fotos\/55\/2672355w380.jpg\" \/>\n<meta name=\"author\" content=\"eldiario detucuman\" \/>\n<meta name=\"twitter:card\" content=\"summary_large_image\" \/>\n<meta name=\"twitter:label1\" content=\"Escrito por\" \/>\n\t<meta name=\"twitter:data1\" content=\"eldiario detucuman\" \/>\n\t<meta name=\"twitter:label2\" content=\"Tiempo de lectura\" \/>\n\t<meta name=\"twitter:data2\" content=\"4 minutos\" \/>\n<script type=\"application\/ld+json\" class=\"yoast-schema-graph\">{\"@context\":\"https:\\\/\\\/schema.org\",\"@graph\":[{\"@type\":\"Article\",\"@id\":\"https:\\\/\\\/www.eldiariodetucuman.com\\\/web\\\/facebook-publica-el-manual-interno-que-define-como-vigila-los-posteos-en-su-red-social\\\/#article\",\"isPartOf\":{\"@id\":\"https:\\\/\\\/www.eldiariodetucuman.com\\\/web\\\/facebook-publica-el-manual-interno-que-define-como-vigila-los-posteos-en-su-red-social\\\/\"},\"author\":{\"name\":\"eldiario detucuman\",\"@id\":\"https:\\\/\\\/www.eldiariodetucuman.com\\\/web\\\/#\\\/schema\\\/person\\\/6f95946e54fde848b878ffa4928071d5\"},\"headline\":\"Facebook publica el manual interno que define c\u00f3mo vigila los posteos en su red social\",\"datePublished\":\"2018-04-24T15:55:46+00:00\",\"mainEntityOfPage\":{\"@id\":\"https:\\\/\\\/www.eldiariodetucuman.com\\\/web\\\/facebook-publica-el-manual-interno-que-define-como-vigila-los-posteos-en-su-red-social\\\/\"},\"wordCount\":896,\"commentCount\":0,\"publisher\":{\"@id\":\"https:\\\/\\\/www.eldiariodetucuman.com\\\/web\\\/#organization\"},\"image\":{\"@id\":\"https:\\\/\\\/www.eldiariodetucuman.com\\\/web\\\/facebook-publica-el-manual-interno-que-define-como-vigila-los-posteos-en-su-red-social\\\/#primaryimage\"},\"thumbnailUrl\":\"http:\\\/\\\/bucket2.glanacion.com\\\/anexos\\\/fotos\\\/55\\\/2672355w380.jpg\",\"articleSection\":[\"ciencia y tecnologia\"],\"inLanguage\":\"es\",\"potentialAction\":[{\"@type\":\"CommentAction\",\"name\":\"Comment\",\"target\":[\"https:\\\/\\\/www.eldiariodetucuman.com\\\/web\\\/facebook-publica-el-manual-interno-que-define-como-vigila-los-posteos-en-su-red-social\\\/#respond\"]}]},{\"@type\":\"WebPage\",\"@id\":\"https:\\\/\\\/www.eldiariodetucuman.com\\\/web\\\/facebook-publica-el-manual-interno-que-define-como-vigila-los-posteos-en-su-red-social\\\/\",\"url\":\"https:\\\/\\\/www.eldiariodetucuman.com\\\/web\\\/facebook-publica-el-manual-interno-que-define-como-vigila-los-posteos-en-su-red-social\\\/\",\"name\":\"Facebook publica el manual interno que define c\u00f3mo vigila los posteos en su red social - El Diario de Tucuman\",\"isPartOf\":{\"@id\":\"https:\\\/\\\/www.eldiariodetucuman.com\\\/web\\\/#website\"},\"primaryImageOfPage\":{\"@id\":\"https:\\\/\\\/www.eldiariodetucuman.com\\\/web\\\/facebook-publica-el-manual-interno-que-define-como-vigila-los-posteos-en-su-red-social\\\/#primaryimage\"},\"image\":{\"@id\":\"https:\\\/\\\/www.eldiariodetucuman.com\\\/web\\\/facebook-publica-el-manual-interno-que-define-como-vigila-los-posteos-en-su-red-social\\\/#primaryimage\"},\"thumbnailUrl\":\"http:\\\/\\\/bucket2.glanacion.com\\\/anexos\\\/fotos\\\/55\\\/2672355w380.jpg\",\"datePublished\":\"2018-04-24T15:55:46+00:00\",\"breadcrumb\":{\"@id\":\"https:\\\/\\\/www.eldiariodetucuman.com\\\/web\\\/facebook-publica-el-manual-interno-que-define-como-vigila-los-posteos-en-su-red-social\\\/#breadcrumb\"},\"inLanguage\":\"es\",\"potentialAction\":[{\"@type\":\"ReadAction\",\"target\":[\"https:\\\/\\\/www.eldiariodetucuman.com\\\/web\\\/facebook-publica-el-manual-interno-que-define-como-vigila-los-posteos-en-su-red-social\\\/\"]}]},{\"@type\":\"ImageObject\",\"inLanguage\":\"es\",\"@id\":\"https:\\\/\\\/www.eldiariodetucuman.com\\\/web\\\/facebook-publica-el-manual-interno-que-define-como-vigila-los-posteos-en-su-red-social\\\/#primaryimage\",\"url\":\"http:\\\/\\\/bucket2.glanacion.com\\\/anexos\\\/fotos\\\/55\\\/2672355w380.jpg\",\"contentUrl\":\"http:\\\/\\\/bucket2.glanacion.com\\\/anexos\\\/fotos\\\/55\\\/2672355w380.jpg\"},{\"@type\":\"BreadcrumbList\",\"@id\":\"https:\\\/\\\/www.eldiariodetucuman.com\\\/web\\\/facebook-publica-el-manual-interno-que-define-como-vigila-los-posteos-en-su-red-social\\\/#breadcrumb\",\"itemListElement\":[{\"@type\":\"ListItem\",\"position\":1,\"name\":\"Portada\",\"item\":\"https:\\\/\\\/www.eldiariodetucuman.com\\\/web\\\/\"},{\"@type\":\"ListItem\",\"position\":2,\"name\":\"Facebook publica el manual interno que define c\u00f3mo vigila los posteos en su red social\"}]},{\"@type\":\"WebSite\",\"@id\":\"https:\\\/\\\/www.eldiariodetucuman.com\\\/web\\\/#website\",\"url\":\"https:\\\/\\\/www.eldiariodetucuman.com\\\/web\\\/\",\"name\":\"El Diario de Tucuman\",\"description\":\"Diario Tucuman - Informaci\u00f3n y noticias\",\"publisher\":{\"@id\":\"https:\\\/\\\/www.eldiariodetucuman.com\\\/web\\\/#organization\"},\"potentialAction\":[{\"@type\":\"SearchAction\",\"target\":{\"@type\":\"EntryPoint\",\"urlTemplate\":\"https:\\\/\\\/www.eldiariodetucuman.com\\\/web\\\/?s={search_term_string}\"},\"query-input\":{\"@type\":\"PropertyValueSpecification\",\"valueRequired\":true,\"valueName\":\"search_term_string\"}}],\"inLanguage\":\"es\"},{\"@type\":\"Organization\",\"@id\":\"https:\\\/\\\/www.eldiariodetucuman.com\\\/web\\\/#organization\",\"name\":\"El Diario de Tucuman\",\"url\":\"https:\\\/\\\/www.eldiariodetucuman.com\\\/web\\\/\",\"logo\":{\"@type\":\"ImageObject\",\"inLanguage\":\"es\",\"@id\":\"https:\\\/\\\/www.eldiariodetucuman.com\\\/web\\\/#\\\/schema\\\/logo\\\/image\\\/\",\"url\":\"http:\\\/\\\/www.eldiariodetucuman.com\\\/web\\\/wp-content\\\/uploads\\\/2017\\\/12\\\/el-diario-de-tucuman.jpg\",\"contentUrl\":\"http:\\\/\\\/www.eldiariodetucuman.com\\\/web\\\/wp-content\\\/uploads\\\/2017\\\/12\\\/el-diario-de-tucuman.jpg\",\"width\":272,\"height\":92,\"caption\":\"El Diario de Tucuman\"},\"image\":{\"@id\":\"https:\\\/\\\/www.eldiariodetucuman.com\\\/web\\\/#\\\/schema\\\/logo\\\/image\\\/\"}},{\"@type\":\"Person\",\"@id\":\"https:\\\/\\\/www.eldiariodetucuman.com\\\/web\\\/#\\\/schema\\\/person\\\/6f95946e54fde848b878ffa4928071d5\",\"name\":\"eldiario detucuman\",\"image\":{\"@type\":\"ImageObject\",\"inLanguage\":\"es\",\"@id\":\"https:\\\/\\\/secure.gravatar.com\\\/avatar\\\/b6e1f89c5c4044c4962c8e6c20b1ca2cc99f549c965908afd4ec5308b3f51bfe?s=96&d=mm&r=g\",\"url\":\"https:\\\/\\\/secure.gravatar.com\\\/avatar\\\/b6e1f89c5c4044c4962c8e6c20b1ca2cc99f549c965908afd4ec5308b3f51bfe?s=96&d=mm&r=g\",\"contentUrl\":\"https:\\\/\\\/secure.gravatar.com\\\/avatar\\\/b6e1f89c5c4044c4962c8e6c20b1ca2cc99f549c965908afd4ec5308b3f51bfe?s=96&d=mm&r=g\",\"caption\":\"eldiario detucuman\"},\"url\":\"https:\\\/\\\/www.eldiariodetucuman.com\\\/web\\\/author\\\/eldiariodetucuman\\\/\"}]}<\/script>\n<!-- \/ Yoast SEO plugin. -->","yoast_head_json":{"title":"Facebook publica el manual interno que define c\u00f3mo vigila los posteos en su red social - El Diario de Tucuman","robots":{"index":"index","follow":"follow","max-snippet":"max-snippet:-1","max-image-preview":"max-image-preview:large","max-video-preview":"max-video-preview:-1"},"canonical":"https:\/\/www.eldiariodetucuman.com\/web\/facebook-publica-el-manual-interno-que-define-como-vigila-los-posteos-en-su-red-social\/","og_locale":"es_ES","og_type":"article","og_title":"Facebook publica el manual interno que define c\u00f3mo vigila los posteos en su red social - El Diario de Tucuman","og_description":"La compa\u00f1\u00eda public\u00f3 el manual interno para determinar si una publicaci\u00f3n es v\u00e1lida o debe ser eliminada Fuente: Archivo Facebook divulg\u00f3 hoy un libro de reglas para los tipos de publicaciones que permite en su red social, en que dio m\u00e1s detalles que nunca antes sobre lo que est\u00e1 permitido en temas que van desde [&hellip;]","og_url":"https:\/\/www.eldiariodetucuman.com\/web\/facebook-publica-el-manual-interno-que-define-como-vigila-los-posteos-en-su-red-social\/","og_site_name":"El Diario de Tucuman","article_published_time":"2018-04-24T15:55:46+00:00","og_image":[{"url":"http:\/\/bucket2.glanacion.com\/anexos\/fotos\/55\/2672355w380.jpg","type":"","width":"","height":""}],"author":"eldiario detucuman","twitter_card":"summary_large_image","twitter_misc":{"Escrito por":"eldiario detucuman","Tiempo de lectura":"4 minutos"},"schema":{"@context":"https:\/\/schema.org","@graph":[{"@type":"Article","@id":"https:\/\/www.eldiariodetucuman.com\/web\/facebook-publica-el-manual-interno-que-define-como-vigila-los-posteos-en-su-red-social\/#article","isPartOf":{"@id":"https:\/\/www.eldiariodetucuman.com\/web\/facebook-publica-el-manual-interno-que-define-como-vigila-los-posteos-en-su-red-social\/"},"author":{"name":"eldiario detucuman","@id":"https:\/\/www.eldiariodetucuman.com\/web\/#\/schema\/person\/6f95946e54fde848b878ffa4928071d5"},"headline":"Facebook publica el manual interno que define c\u00f3mo vigila los posteos en su red social","datePublished":"2018-04-24T15:55:46+00:00","mainEntityOfPage":{"@id":"https:\/\/www.eldiariodetucuman.com\/web\/facebook-publica-el-manual-interno-que-define-como-vigila-los-posteos-en-su-red-social\/"},"wordCount":896,"commentCount":0,"publisher":{"@id":"https:\/\/www.eldiariodetucuman.com\/web\/#organization"},"image":{"@id":"https:\/\/www.eldiariodetucuman.com\/web\/facebook-publica-el-manual-interno-que-define-como-vigila-los-posteos-en-su-red-social\/#primaryimage"},"thumbnailUrl":"http:\/\/bucket2.glanacion.com\/anexos\/fotos\/55\/2672355w380.jpg","articleSection":["ciencia y tecnologia"],"inLanguage":"es","potentialAction":[{"@type":"CommentAction","name":"Comment","target":["https:\/\/www.eldiariodetucuman.com\/web\/facebook-publica-el-manual-interno-que-define-como-vigila-los-posteos-en-su-red-social\/#respond"]}]},{"@type":"WebPage","@id":"https:\/\/www.eldiariodetucuman.com\/web\/facebook-publica-el-manual-interno-que-define-como-vigila-los-posteos-en-su-red-social\/","url":"https:\/\/www.eldiariodetucuman.com\/web\/facebook-publica-el-manual-interno-que-define-como-vigila-los-posteos-en-su-red-social\/","name":"Facebook publica el manual interno que define c\u00f3mo vigila los posteos en su red social - El Diario de Tucuman","isPartOf":{"@id":"https:\/\/www.eldiariodetucuman.com\/web\/#website"},"primaryImageOfPage":{"@id":"https:\/\/www.eldiariodetucuman.com\/web\/facebook-publica-el-manual-interno-que-define-como-vigila-los-posteos-en-su-red-social\/#primaryimage"},"image":{"@id":"https:\/\/www.eldiariodetucuman.com\/web\/facebook-publica-el-manual-interno-que-define-como-vigila-los-posteos-en-su-red-social\/#primaryimage"},"thumbnailUrl":"http:\/\/bucket2.glanacion.com\/anexos\/fotos\/55\/2672355w380.jpg","datePublished":"2018-04-24T15:55:46+00:00","breadcrumb":{"@id":"https:\/\/www.eldiariodetucuman.com\/web\/facebook-publica-el-manual-interno-que-define-como-vigila-los-posteos-en-su-red-social\/#breadcrumb"},"inLanguage":"es","potentialAction":[{"@type":"ReadAction","target":["https:\/\/www.eldiariodetucuman.com\/web\/facebook-publica-el-manual-interno-que-define-como-vigila-los-posteos-en-su-red-social\/"]}]},{"@type":"ImageObject","inLanguage":"es","@id":"https:\/\/www.eldiariodetucuman.com\/web\/facebook-publica-el-manual-interno-que-define-como-vigila-los-posteos-en-su-red-social\/#primaryimage","url":"http:\/\/bucket2.glanacion.com\/anexos\/fotos\/55\/2672355w380.jpg","contentUrl":"http:\/\/bucket2.glanacion.com\/anexos\/fotos\/55\/2672355w380.jpg"},{"@type":"BreadcrumbList","@id":"https:\/\/www.eldiariodetucuman.com\/web\/facebook-publica-el-manual-interno-que-define-como-vigila-los-posteos-en-su-red-social\/#breadcrumb","itemListElement":[{"@type":"ListItem","position":1,"name":"Portada","item":"https:\/\/www.eldiariodetucuman.com\/web\/"},{"@type":"ListItem","position":2,"name":"Facebook publica el manual interno que define c\u00f3mo vigila los posteos en su red social"}]},{"@type":"WebSite","@id":"https:\/\/www.eldiariodetucuman.com\/web\/#website","url":"https:\/\/www.eldiariodetucuman.com\/web\/","name":"El Diario de Tucuman","description":"Diario Tucuman - Informaci\u00f3n y noticias","publisher":{"@id":"https:\/\/www.eldiariodetucuman.com\/web\/#organization"},"potentialAction":[{"@type":"SearchAction","target":{"@type":"EntryPoint","urlTemplate":"https:\/\/www.eldiariodetucuman.com\/web\/?s={search_term_string}"},"query-input":{"@type":"PropertyValueSpecification","valueRequired":true,"valueName":"search_term_string"}}],"inLanguage":"es"},{"@type":"Organization","@id":"https:\/\/www.eldiariodetucuman.com\/web\/#organization","name":"El Diario de Tucuman","url":"https:\/\/www.eldiariodetucuman.com\/web\/","logo":{"@type":"ImageObject","inLanguage":"es","@id":"https:\/\/www.eldiariodetucuman.com\/web\/#\/schema\/logo\/image\/","url":"http:\/\/www.eldiariodetucuman.com\/web\/wp-content\/uploads\/2017\/12\/el-diario-de-tucuman.jpg","contentUrl":"http:\/\/www.eldiariodetucuman.com\/web\/wp-content\/uploads\/2017\/12\/el-diario-de-tucuman.jpg","width":272,"height":92,"caption":"El Diario de Tucuman"},"image":{"@id":"https:\/\/www.eldiariodetucuman.com\/web\/#\/schema\/logo\/image\/"}},{"@type":"Person","@id":"https:\/\/www.eldiariodetucuman.com\/web\/#\/schema\/person\/6f95946e54fde848b878ffa4928071d5","name":"eldiario detucuman","image":{"@type":"ImageObject","inLanguage":"es","@id":"https:\/\/secure.gravatar.com\/avatar\/b6e1f89c5c4044c4962c8e6c20b1ca2cc99f549c965908afd4ec5308b3f51bfe?s=96&d=mm&r=g","url":"https:\/\/secure.gravatar.com\/avatar\/b6e1f89c5c4044c4962c8e6c20b1ca2cc99f549c965908afd4ec5308b3f51bfe?s=96&d=mm&r=g","contentUrl":"https:\/\/secure.gravatar.com\/avatar\/b6e1f89c5c4044c4962c8e6c20b1ca2cc99f549c965908afd4ec5308b3f51bfe?s=96&d=mm&r=g","caption":"eldiario detucuman"},"url":"https:\/\/www.eldiariodetucuman.com\/web\/author\/eldiariodetucuman\/"}]}},"_links":{"self":[{"href":"https:\/\/www.eldiariodetucuman.com\/web\/wp-json\/wp\/v2\/posts\/9126","targetHints":{"allow":["GET"]}}],"collection":[{"href":"https:\/\/www.eldiariodetucuman.com\/web\/wp-json\/wp\/v2\/posts"}],"about":[{"href":"https:\/\/www.eldiariodetucuman.com\/web\/wp-json\/wp\/v2\/types\/post"}],"author":[{"embeddable":true,"href":"https:\/\/www.eldiariodetucuman.com\/web\/wp-json\/wp\/v2\/users\/4"}],"replies":[{"embeddable":true,"href":"https:\/\/www.eldiariodetucuman.com\/web\/wp-json\/wp\/v2\/comments?post=9126"}],"version-history":[{"count":0,"href":"https:\/\/www.eldiariodetucuman.com\/web\/wp-json\/wp\/v2\/posts\/9126\/revisions"}],"wp:attachment":[{"href":"https:\/\/www.eldiariodetucuman.com\/web\/wp-json\/wp\/v2\/media?parent=9126"}],"wp:term":[{"taxonomy":"category","embeddable":true,"href":"https:\/\/www.eldiariodetucuman.com\/web\/wp-json\/wp\/v2\/categories?post=9126"},{"taxonomy":"post_tag","embeddable":true,"href":"https:\/\/www.eldiariodetucuman.com\/web\/wp-json\/wp\/v2\/tags?post=9126"}],"curies":[{"name":"wp","href":"https:\/\/api.w.org\/{rel}","templated":true}]}}