{"id":9125,"date":"2018-04-24T12:55:39","date_gmt":"2018-04-24T15:55:39","guid":{"rendered":"http:\/\/www.eldiariodetucuman.com\/web\/los-usuarios-de-facebook-podran-apelar-cuando-la-red-social-elimine-una-publicacion\/"},"modified":"2018-04-24T12:55:39","modified_gmt":"2018-04-24T15:55:39","slug":"los-usuarios-de-facebook-podran-apelar-cuando-la-red-social-elimine-una-publicacion","status":"publish","type":"post","link":"https:\/\/www.eldiariodetucuman.com\/web\/los-usuarios-de-facebook-podran-apelar-cuando-la-red-social-elimine-una-publicacion\/","title":{"rendered":"Los usuarios de Facebook podr\u00e1n apelar cuando la red social elimine una publicaci\u00f3n"},"content":{"rendered":"<div>\n<div id=\"cuerpo\">\n<figure class=\"XL caja-destacada epigrafe\" id=\"figure_2672372\" data-is=\"imagen\"><span title=\"Ampliar imagen\" class=\"icon-ampliar\"><\/span><br \/>\n                        <span title=\"Cerrar modal\" class=\"icon-cerrar\"><\/span><figcaption><epigrafe>La compa\u00f1\u00eda cre\u00f3 un mecanismo para que los usuarios hagan saber su desacuerdo<\/epigrafe><\/figcaption><\/figure>\n<p class=\"capital\">Los usuarios de Facebook podr\u00e1n desde hoy apelar las decisiones con las que la red social decide dar de baja un contenido, como suele suceder cuando una foto muestra desnudez, violencia expl\u00edcita, explotaci\u00f3n sexual infantil u otras caracter\u00edsticas que violan las \u00abNormas Comunitarias\u00bb de la empresa.<\/p>\n<p><!-- middle1 --><\/p>\n<p><!-- middle1 --><\/p>\n<p>Adem\u00e1s,<br \/>\n<a class=\"link\" href=\"https:\/\/www.lanacion.com.ar\/2128490-facebook-publica-el-manual-interno-que-define-como-vigila-los-posteos-en-su-red-social\">la compa\u00f1\u00eda public\u00f3 por primera vez las pautas internas que sus empleados usan para aplicar esas normas<\/a>  (las que definen qu\u00e9 se mantiene y qu\u00e9 se elimina), con el objetivo de ayudar a las personas \u00aba entender d\u00f3nde trazamos la l\u00ednea en estas cuestiones\u00bb, afirm\u00f3 Monika Bickert, vicepresidenta de Facebook para Pol\u00edticas Globales de Producto.<\/p>\n<p>La iniciativa busca tambi\u00e9n obtener las opiniones de usuarios y de expertos en distintos campos para \u00abmejorar las pautas y las decisiones que tomamos\u00bb, se\u00f1al\u00f3 la ejecutiva en di\u00e1logo con T\u00e9lam.<\/p>\n<p><!-- middle1 --><\/p>\n<section class=\"listado ademas floatFix\" id=\"listadoAdemas\" data-is-block=\"true\" data-block-name=\"n_relacionadas-cuerpo\" data-diagramacion-id=\"0\"><\/section>\n<p>El primer paso en este sentido implica la posibilidad para los usuarios de apelar las publicaciones \u00abque fueron removidas por desnudez o contenido sexual, discurso de odio o violencia gr\u00e1fica\u00bb.<\/p>\n<p><!-- middle1 --><\/p>\n<p><!-- middle1 --><\/p>\n<p>Por ejemplo, \u00absi tu foto, v\u00eddeo o publicaci\u00f3n ha sido eliminado por violar nuestras Normas Comunitarias, se te dar\u00e1 la opci\u00f3n de solicitar una revisi\u00f3n\u00bb, detall\u00f3 la empresa, y aclar\u00f3 que las apelaciones son revisadas por el equipo de operaciones comunitarias (siempre por una persona) en el plazo de 24 horas\u00bb.<\/p>\n<p>\u00abSi hemos cometido un error, el contenido ser\u00e1 restaurado y notificaremos a la persona que solicit\u00f3 la apelaci\u00f3n\u00bb, asegur\u00f3 en un documento al que tuvo acceso esta agencia.<\/p>\n<p><!-- middle1 --><\/p>\n<p>En un futuro cercano,<br \/>\n<!-- TODO : Revisar HTML LN9 --><br \/>\n<a href=\"http:\/\/www.lanacion.com.ar\/facebook-t891\" data-event=\"contentLinkClick\"><br \/>\nFacebook<br \/>\n<\/a>  dar\u00e1 tambi\u00e9n la posibilidad de apelar otros tipos de infracciones, no solo para el contenido que dado de baja sino tambi\u00e9n para aquel que fue reportado pero no fue removido de la plataforma.<\/p>\n<p><!-- middle1 --><\/p>\n<p>Bikert, ex fiscal, est\u00e1 al frente de una equipo compuesto por alrededor de 60 personas -distribuidas en 11 oficinas alrededor del mundo- con diferentes formaciones, como abogados, especialistas en seguridad infantil o en terrorismo, quienes trabajan escribiendo las pol\u00edticas y supervisando su implementaci\u00f3n.<\/p>\n<p>Esta tarea, en tanto, la realiza el equipo de Operaci\u00f3n Comunitaria, compuesto por alrededor de 7600 personas, los llamados revisores de contenidos, que \u00abest\u00e1n distribuidos alrededor del mundo y revisando contenidos que han sido reportados, ya sea por usuarios que utilizan las herramientas para reportar u otros que nuestra tecnolog\u00eda marc\u00f3 por ser contenidos que pueden violar nuestras pol\u00edticas\u00bb, explic\u00f3 a T\u00e9lam.<\/p>\n<p><!-- middle1 --><\/p>\n<p>Este equipo trabaja en 40 idiomas diferentes durante las 24 horas todos los d\u00edas, y en el \u00faltimo a\u00f1o la cantidad de miembros aument\u00f3 en un 40 por ciento.<\/p>\n<p>\u00abEn algunos casos, nos equivocamos porque nuestras pol\u00edticas no son lo suficientemente claras para nuestros revisores\u00bb, se\u00f1alaron desde la compa\u00f1\u00eda, y agregaron: \u00abEn la mayor\u00eda de las ocasiones, sin embargo, cometemos errores porque los procesos involucran a personas, y las personas somos falibles\u00bb.<\/p>\n<p>Pero la empresa tambi\u00e9n tiene sistemas de revisi\u00f3n automatizada (basados en inteligencia artificial), que act\u00faan \u00abal momento de subir un contenido y se hace en casos como pornograf\u00eda infantil o videos de decapitaciones, que no est\u00e1n permitidos en Facebook de ninguna manera\u00bb.<\/p>\n<p>El trabajo de estos equipos se gu\u00eda por una serie de lineamientos internos que definen qu\u00e9 puede publicarse y qu\u00e9 no sobre un amplio abanico de t\u00f3picos sensibles como discurso de odio, violencia gr\u00e1fica, desnudez, actividad sexual, spam, explotaci\u00f3n sexual infantil, promoci\u00f3n del crimen, suicidio, bullying, acoso, terrorismo o amenazas, entre otros.<\/p>\n<p>Estos son los<br \/>\n<a class=\"link\" href=\"https:\/\/www.facebook.com\/communitystandards\/\">lineamientos que a partir de hoy est\u00e1n al alcance de cualquier persona que los quieran leer<\/a>.<\/p>\n<p>\u00abUna de las preguntas que nos hacen con m\u00e1s frecuencia es c\u00f3mo decidimos el contenido que est\u00e1 permitido en Facebook. Estas decisiones est\u00e1n entre las m\u00e1s importantes que tomamos porque son fundamentales para garantizar que Facebook sea a la vez un lugar seguro y un lugar para compartir con libertad diferentes puntos de vista\u00bb, explic\u00f3 Bikert.<\/p>\n<p>T\u00e9lam<\/p>\n<p>                <!-- firma autor --><\/p>\n<p>                <!-- temas --><\/p>\n<div class=\"temas\">\n<h4>temas <b>en esta nota<\/b><\/h4>\n<p> <!-- ***NUEVO*** - caja like --><\/p>\n<p>\n    <span class=\"texto-like\"> \u00bfTe gust\u00f3 <b>esta nota?<\/b><\/span><br \/>\n    <span class=\"icon-me-gusta\"> <\/span>\n<\/p>\n<\/p><\/div>\n<\/p><\/div>\n<\/div>\n","protected":false},"excerpt":{"rendered":"<p>La compa\u00f1\u00eda cre\u00f3 un mecanismo para que los usuarios hagan saber su desacuerdo Los usuarios de Facebook podr\u00e1n desde hoy apelar las decisiones con las que la red social decide dar de baja un contenido, como suele suceder cuando una foto muestra desnudez, violencia expl\u00edcita, explotaci\u00f3n sexual infantil u otras caracter\u00edsticas que violan las \u00abNormas [&hellip;]<\/p>\n","protected":false},"author":4,"featured_media":0,"comment_status":"open","ping_status":"closed","sticky":false,"template":"","format":"standard","meta":{"footnotes":""},"categories":[154],"tags":[],"class_list":{"0":"post-9125","1":"post","2":"type-post","3":"status-publish","4":"format-standard","6":"category-ciencia-y-tecnologia"},"yoast_head":"<!-- This site is optimized with the Yoast SEO plugin v27.4 - https:\/\/yoast.com\/product\/yoast-seo-wordpress\/ -->\n<title>Los usuarios de Facebook podr\u00e1n apelar cuando la red social elimine una publicaci\u00f3n - El Diario de Tucuman<\/title>\n<meta name=\"robots\" content=\"index, follow, max-snippet:-1, max-image-preview:large, max-video-preview:-1\" \/>\n<link rel=\"canonical\" href=\"https:\/\/www.eldiariodetucuman.com\/web\/los-usuarios-de-facebook-podran-apelar-cuando-la-red-social-elimine-una-publicacion\/\" \/>\n<meta property=\"og:locale\" content=\"es_ES\" \/>\n<meta property=\"og:type\" content=\"article\" \/>\n<meta property=\"og:title\" content=\"Los usuarios de Facebook podr\u00e1n apelar cuando la red social elimine una publicaci\u00f3n - El Diario de Tucuman\" \/>\n<meta property=\"og:description\" content=\"La compa\u00f1\u00eda cre\u00f3 un mecanismo para que los usuarios hagan saber su desacuerdo Los usuarios de Facebook podr\u00e1n desde hoy apelar las decisiones con las que la red social decide dar de baja un contenido, como suele suceder cuando una foto muestra desnudez, violencia expl\u00edcita, explotaci\u00f3n sexual infantil u otras caracter\u00edsticas que violan las \u00abNormas [&hellip;]\" \/>\n<meta property=\"og:url\" content=\"https:\/\/www.eldiariodetucuman.com\/web\/los-usuarios-de-facebook-podran-apelar-cuando-la-red-social-elimine-una-publicacion\/\" \/>\n<meta property=\"og:site_name\" content=\"El Diario de Tucuman\" \/>\n<meta property=\"article:published_time\" content=\"2018-04-24T15:55:39+00:00\" \/>\n<meta name=\"author\" content=\"eldiario detucuman\" \/>\n<meta name=\"twitter:card\" content=\"summary_large_image\" \/>\n<meta name=\"twitter:label1\" content=\"Escrito por\" \/>\n\t<meta name=\"twitter:data1\" content=\"eldiario detucuman\" \/>\n\t<meta name=\"twitter:label2\" content=\"Tiempo de lectura\" \/>\n\t<meta name=\"twitter:data2\" content=\"3 minutos\" \/>\n<script type=\"application\/ld+json\" class=\"yoast-schema-graph\">{\"@context\":\"https:\\\/\\\/schema.org\",\"@graph\":[{\"@type\":\"Article\",\"@id\":\"https:\\\/\\\/www.eldiariodetucuman.com\\\/web\\\/los-usuarios-de-facebook-podran-apelar-cuando-la-red-social-elimine-una-publicacion\\\/#article\",\"isPartOf\":{\"@id\":\"https:\\\/\\\/www.eldiariodetucuman.com\\\/web\\\/los-usuarios-de-facebook-podran-apelar-cuando-la-red-social-elimine-una-publicacion\\\/\"},\"author\":{\"name\":\"eldiario detucuman\",\"@id\":\"https:\\\/\\\/www.eldiariodetucuman.com\\\/web\\\/#\\\/schema\\\/person\\\/6f95946e54fde848b878ffa4928071d5\"},\"headline\":\"Los usuarios de Facebook podr\u00e1n apelar cuando la red social elimine una publicaci\u00f3n\",\"datePublished\":\"2018-04-24T15:55:39+00:00\",\"mainEntityOfPage\":{\"@id\":\"https:\\\/\\\/www.eldiariodetucuman.com\\\/web\\\/los-usuarios-de-facebook-podran-apelar-cuando-la-red-social-elimine-una-publicacion\\\/\"},\"wordCount\":707,\"commentCount\":0,\"publisher\":{\"@id\":\"https:\\\/\\\/www.eldiariodetucuman.com\\\/web\\\/#organization\"},\"articleSection\":[\"ciencia y tecnologia\"],\"inLanguage\":\"es\",\"potentialAction\":[{\"@type\":\"CommentAction\",\"name\":\"Comment\",\"target\":[\"https:\\\/\\\/www.eldiariodetucuman.com\\\/web\\\/los-usuarios-de-facebook-podran-apelar-cuando-la-red-social-elimine-una-publicacion\\\/#respond\"]}]},{\"@type\":\"WebPage\",\"@id\":\"https:\\\/\\\/www.eldiariodetucuman.com\\\/web\\\/los-usuarios-de-facebook-podran-apelar-cuando-la-red-social-elimine-una-publicacion\\\/\",\"url\":\"https:\\\/\\\/www.eldiariodetucuman.com\\\/web\\\/los-usuarios-de-facebook-podran-apelar-cuando-la-red-social-elimine-una-publicacion\\\/\",\"name\":\"Los usuarios de Facebook podr\u00e1n apelar cuando la red social elimine una publicaci\u00f3n - El Diario de Tucuman\",\"isPartOf\":{\"@id\":\"https:\\\/\\\/www.eldiariodetucuman.com\\\/web\\\/#website\"},\"datePublished\":\"2018-04-24T15:55:39+00:00\",\"breadcrumb\":{\"@id\":\"https:\\\/\\\/www.eldiariodetucuman.com\\\/web\\\/los-usuarios-de-facebook-podran-apelar-cuando-la-red-social-elimine-una-publicacion\\\/#breadcrumb\"},\"inLanguage\":\"es\",\"potentialAction\":[{\"@type\":\"ReadAction\",\"target\":[\"https:\\\/\\\/www.eldiariodetucuman.com\\\/web\\\/los-usuarios-de-facebook-podran-apelar-cuando-la-red-social-elimine-una-publicacion\\\/\"]}]},{\"@type\":\"BreadcrumbList\",\"@id\":\"https:\\\/\\\/www.eldiariodetucuman.com\\\/web\\\/los-usuarios-de-facebook-podran-apelar-cuando-la-red-social-elimine-una-publicacion\\\/#breadcrumb\",\"itemListElement\":[{\"@type\":\"ListItem\",\"position\":1,\"name\":\"Portada\",\"item\":\"https:\\\/\\\/www.eldiariodetucuman.com\\\/web\\\/\"},{\"@type\":\"ListItem\",\"position\":2,\"name\":\"Los usuarios de Facebook podr\u00e1n apelar cuando la red social elimine una publicaci\u00f3n\"}]},{\"@type\":\"WebSite\",\"@id\":\"https:\\\/\\\/www.eldiariodetucuman.com\\\/web\\\/#website\",\"url\":\"https:\\\/\\\/www.eldiariodetucuman.com\\\/web\\\/\",\"name\":\"El Diario de Tucuman\",\"description\":\"Diario Tucuman - Informaci\u00f3n y noticias\",\"publisher\":{\"@id\":\"https:\\\/\\\/www.eldiariodetucuman.com\\\/web\\\/#organization\"},\"potentialAction\":[{\"@type\":\"SearchAction\",\"target\":{\"@type\":\"EntryPoint\",\"urlTemplate\":\"https:\\\/\\\/www.eldiariodetucuman.com\\\/web\\\/?s={search_term_string}\"},\"query-input\":{\"@type\":\"PropertyValueSpecification\",\"valueRequired\":true,\"valueName\":\"search_term_string\"}}],\"inLanguage\":\"es\"},{\"@type\":\"Organization\",\"@id\":\"https:\\\/\\\/www.eldiariodetucuman.com\\\/web\\\/#organization\",\"name\":\"El Diario de Tucuman\",\"url\":\"https:\\\/\\\/www.eldiariodetucuman.com\\\/web\\\/\",\"logo\":{\"@type\":\"ImageObject\",\"inLanguage\":\"es\",\"@id\":\"https:\\\/\\\/www.eldiariodetucuman.com\\\/web\\\/#\\\/schema\\\/logo\\\/image\\\/\",\"url\":\"http:\\\/\\\/www.eldiariodetucuman.com\\\/web\\\/wp-content\\\/uploads\\\/2017\\\/12\\\/el-diario-de-tucuman.jpg\",\"contentUrl\":\"http:\\\/\\\/www.eldiariodetucuman.com\\\/web\\\/wp-content\\\/uploads\\\/2017\\\/12\\\/el-diario-de-tucuman.jpg\",\"width\":272,\"height\":92,\"caption\":\"El Diario de Tucuman\"},\"image\":{\"@id\":\"https:\\\/\\\/www.eldiariodetucuman.com\\\/web\\\/#\\\/schema\\\/logo\\\/image\\\/\"}},{\"@type\":\"Person\",\"@id\":\"https:\\\/\\\/www.eldiariodetucuman.com\\\/web\\\/#\\\/schema\\\/person\\\/6f95946e54fde848b878ffa4928071d5\",\"name\":\"eldiario detucuman\",\"image\":{\"@type\":\"ImageObject\",\"inLanguage\":\"es\",\"@id\":\"https:\\\/\\\/secure.gravatar.com\\\/avatar\\\/b6e1f89c5c4044c4962c8e6c20b1ca2cc99f549c965908afd4ec5308b3f51bfe?s=96&d=mm&r=g\",\"url\":\"https:\\\/\\\/secure.gravatar.com\\\/avatar\\\/b6e1f89c5c4044c4962c8e6c20b1ca2cc99f549c965908afd4ec5308b3f51bfe?s=96&d=mm&r=g\",\"contentUrl\":\"https:\\\/\\\/secure.gravatar.com\\\/avatar\\\/b6e1f89c5c4044c4962c8e6c20b1ca2cc99f549c965908afd4ec5308b3f51bfe?s=96&d=mm&r=g\",\"caption\":\"eldiario detucuman\"},\"url\":\"https:\\\/\\\/www.eldiariodetucuman.com\\\/web\\\/author\\\/eldiariodetucuman\\\/\"}]}<\/script>\n<!-- \/ Yoast SEO plugin. -->","yoast_head_json":{"title":"Los usuarios de Facebook podr\u00e1n apelar cuando la red social elimine una publicaci\u00f3n - El Diario de Tucuman","robots":{"index":"index","follow":"follow","max-snippet":"max-snippet:-1","max-image-preview":"max-image-preview:large","max-video-preview":"max-video-preview:-1"},"canonical":"https:\/\/www.eldiariodetucuman.com\/web\/los-usuarios-de-facebook-podran-apelar-cuando-la-red-social-elimine-una-publicacion\/","og_locale":"es_ES","og_type":"article","og_title":"Los usuarios de Facebook podr\u00e1n apelar cuando la red social elimine una publicaci\u00f3n - El Diario de Tucuman","og_description":"La compa\u00f1\u00eda cre\u00f3 un mecanismo para que los usuarios hagan saber su desacuerdo Los usuarios de Facebook podr\u00e1n desde hoy apelar las decisiones con las que la red social decide dar de baja un contenido, como suele suceder cuando una foto muestra desnudez, violencia expl\u00edcita, explotaci\u00f3n sexual infantil u otras caracter\u00edsticas que violan las \u00abNormas [&hellip;]","og_url":"https:\/\/www.eldiariodetucuman.com\/web\/los-usuarios-de-facebook-podran-apelar-cuando-la-red-social-elimine-una-publicacion\/","og_site_name":"El Diario de Tucuman","article_published_time":"2018-04-24T15:55:39+00:00","author":"eldiario detucuman","twitter_card":"summary_large_image","twitter_misc":{"Escrito por":"eldiario detucuman","Tiempo de lectura":"3 minutos"},"schema":{"@context":"https:\/\/schema.org","@graph":[{"@type":"Article","@id":"https:\/\/www.eldiariodetucuman.com\/web\/los-usuarios-de-facebook-podran-apelar-cuando-la-red-social-elimine-una-publicacion\/#article","isPartOf":{"@id":"https:\/\/www.eldiariodetucuman.com\/web\/los-usuarios-de-facebook-podran-apelar-cuando-la-red-social-elimine-una-publicacion\/"},"author":{"name":"eldiario detucuman","@id":"https:\/\/www.eldiariodetucuman.com\/web\/#\/schema\/person\/6f95946e54fde848b878ffa4928071d5"},"headline":"Los usuarios de Facebook podr\u00e1n apelar cuando la red social elimine una publicaci\u00f3n","datePublished":"2018-04-24T15:55:39+00:00","mainEntityOfPage":{"@id":"https:\/\/www.eldiariodetucuman.com\/web\/los-usuarios-de-facebook-podran-apelar-cuando-la-red-social-elimine-una-publicacion\/"},"wordCount":707,"commentCount":0,"publisher":{"@id":"https:\/\/www.eldiariodetucuman.com\/web\/#organization"},"articleSection":["ciencia y tecnologia"],"inLanguage":"es","potentialAction":[{"@type":"CommentAction","name":"Comment","target":["https:\/\/www.eldiariodetucuman.com\/web\/los-usuarios-de-facebook-podran-apelar-cuando-la-red-social-elimine-una-publicacion\/#respond"]}]},{"@type":"WebPage","@id":"https:\/\/www.eldiariodetucuman.com\/web\/los-usuarios-de-facebook-podran-apelar-cuando-la-red-social-elimine-una-publicacion\/","url":"https:\/\/www.eldiariodetucuman.com\/web\/los-usuarios-de-facebook-podran-apelar-cuando-la-red-social-elimine-una-publicacion\/","name":"Los usuarios de Facebook podr\u00e1n apelar cuando la red social elimine una publicaci\u00f3n - El Diario de Tucuman","isPartOf":{"@id":"https:\/\/www.eldiariodetucuman.com\/web\/#website"},"datePublished":"2018-04-24T15:55:39+00:00","breadcrumb":{"@id":"https:\/\/www.eldiariodetucuman.com\/web\/los-usuarios-de-facebook-podran-apelar-cuando-la-red-social-elimine-una-publicacion\/#breadcrumb"},"inLanguage":"es","potentialAction":[{"@type":"ReadAction","target":["https:\/\/www.eldiariodetucuman.com\/web\/los-usuarios-de-facebook-podran-apelar-cuando-la-red-social-elimine-una-publicacion\/"]}]},{"@type":"BreadcrumbList","@id":"https:\/\/www.eldiariodetucuman.com\/web\/los-usuarios-de-facebook-podran-apelar-cuando-la-red-social-elimine-una-publicacion\/#breadcrumb","itemListElement":[{"@type":"ListItem","position":1,"name":"Portada","item":"https:\/\/www.eldiariodetucuman.com\/web\/"},{"@type":"ListItem","position":2,"name":"Los usuarios de Facebook podr\u00e1n apelar cuando la red social elimine una publicaci\u00f3n"}]},{"@type":"WebSite","@id":"https:\/\/www.eldiariodetucuman.com\/web\/#website","url":"https:\/\/www.eldiariodetucuman.com\/web\/","name":"El Diario de Tucuman","description":"Diario Tucuman - Informaci\u00f3n y noticias","publisher":{"@id":"https:\/\/www.eldiariodetucuman.com\/web\/#organization"},"potentialAction":[{"@type":"SearchAction","target":{"@type":"EntryPoint","urlTemplate":"https:\/\/www.eldiariodetucuman.com\/web\/?s={search_term_string}"},"query-input":{"@type":"PropertyValueSpecification","valueRequired":true,"valueName":"search_term_string"}}],"inLanguage":"es"},{"@type":"Organization","@id":"https:\/\/www.eldiariodetucuman.com\/web\/#organization","name":"El Diario de Tucuman","url":"https:\/\/www.eldiariodetucuman.com\/web\/","logo":{"@type":"ImageObject","inLanguage":"es","@id":"https:\/\/www.eldiariodetucuman.com\/web\/#\/schema\/logo\/image\/","url":"http:\/\/www.eldiariodetucuman.com\/web\/wp-content\/uploads\/2017\/12\/el-diario-de-tucuman.jpg","contentUrl":"http:\/\/www.eldiariodetucuman.com\/web\/wp-content\/uploads\/2017\/12\/el-diario-de-tucuman.jpg","width":272,"height":92,"caption":"El Diario de Tucuman"},"image":{"@id":"https:\/\/www.eldiariodetucuman.com\/web\/#\/schema\/logo\/image\/"}},{"@type":"Person","@id":"https:\/\/www.eldiariodetucuman.com\/web\/#\/schema\/person\/6f95946e54fde848b878ffa4928071d5","name":"eldiario detucuman","image":{"@type":"ImageObject","inLanguage":"es","@id":"https:\/\/secure.gravatar.com\/avatar\/b6e1f89c5c4044c4962c8e6c20b1ca2cc99f549c965908afd4ec5308b3f51bfe?s=96&d=mm&r=g","url":"https:\/\/secure.gravatar.com\/avatar\/b6e1f89c5c4044c4962c8e6c20b1ca2cc99f549c965908afd4ec5308b3f51bfe?s=96&d=mm&r=g","contentUrl":"https:\/\/secure.gravatar.com\/avatar\/b6e1f89c5c4044c4962c8e6c20b1ca2cc99f549c965908afd4ec5308b3f51bfe?s=96&d=mm&r=g","caption":"eldiario detucuman"},"url":"https:\/\/www.eldiariodetucuman.com\/web\/author\/eldiariodetucuman\/"}]}},"_links":{"self":[{"href":"https:\/\/www.eldiariodetucuman.com\/web\/wp-json\/wp\/v2\/posts\/9125","targetHints":{"allow":["GET"]}}],"collection":[{"href":"https:\/\/www.eldiariodetucuman.com\/web\/wp-json\/wp\/v2\/posts"}],"about":[{"href":"https:\/\/www.eldiariodetucuman.com\/web\/wp-json\/wp\/v2\/types\/post"}],"author":[{"embeddable":true,"href":"https:\/\/www.eldiariodetucuman.com\/web\/wp-json\/wp\/v2\/users\/4"}],"replies":[{"embeddable":true,"href":"https:\/\/www.eldiariodetucuman.com\/web\/wp-json\/wp\/v2\/comments?post=9125"}],"version-history":[{"count":0,"href":"https:\/\/www.eldiariodetucuman.com\/web\/wp-json\/wp\/v2\/posts\/9125\/revisions"}],"wp:attachment":[{"href":"https:\/\/www.eldiariodetucuman.com\/web\/wp-json\/wp\/v2\/media?parent=9125"}],"wp:term":[{"taxonomy":"category","embeddable":true,"href":"https:\/\/www.eldiariodetucuman.com\/web\/wp-json\/wp\/v2\/categories?post=9125"},{"taxonomy":"post_tag","embeddable":true,"href":"https:\/\/www.eldiariodetucuman.com\/web\/wp-json\/wp\/v2\/tags?post=9125"}],"curies":[{"name":"wp","href":"https:\/\/api.w.org\/{rel}","templated":true}]}}