{"id":9123,"date":"2018-04-24T12:50:45","date_gmt":"2018-04-24T15:50:45","guid":{"rendered":"http:\/\/www.eldiariodetucuman.com\/web\/asi-cayo-el-autor-de-la-masacre-de-canada\/"},"modified":"2018-04-24T12:50:45","modified_gmt":"2018-04-24T15:50:45","slug":"asi-cayo-el-autor-de-la-masacre-de-canada","status":"publish","type":"post","link":"https:\/\/www.eldiariodetucuman.com\/web\/asi-cayo-el-autor-de-la-masacre-de-canada\/","title":{"rendered":"As\u00ed cay\u00f3 el autor de la masacre de Canad\u00e1"},"content":{"rendered":"<div>\n<div readability=\"31\">\n<article class=\"policiales\" readability=\"2\"><span class=\"entry-label text-font policiales\">Policiales<\/span><br \/>\n\t\t\t<a class=\"cover-link\" href=\"https:\/\/www.cronica.com.ar\/policiales\/Su-novio-lo-descubrio-teniendo-sexo-con-un-policia-y-se-corto-las-venas-20180424-0029.html\" title=\"Su novio lo descubri\u00f3 teniendo sexo con un polic\u00eda y se cort\u00f3 las venas\"><\/a><\/p>\n<figure itemprop=\"image\" itemscope=\"\" itemtype=\"http:\/\/schema.org\/ImageObject\"><img loading=\"lazy\" decoding=\"async\" itemprop=\"contentUrl\" src=\"https:\/\/www.cronica.com.ar\/__export\/1524583388967\/sites\/cronica\/img\/2018\/04\/24\/e3dc2f6a-3c0d-4506-8024-2e3fdd467466_crop1524582497733.jpg_1419575775.jpg\" width=\"300\" height=\"350\" alt=\"Su novio lo descubri\u00f3 teniendo sexo con un polic\u00eda y se cort\u00f3 las venas\"><\/figure>\n<\/p>\n<h3 class=\"title-font font-700\">\n\t\t\t\t<span class=\"\"><br \/>\n\t\t\t\t\tSu novio lo descubri\u00f3 teniendo sexo con un polic\u00eda y se cort\u00f3 las venas<\/span><br \/>\n\t\t\t<\/h3>\n<p>\t\t<span class=\"entrys-fixer-line\"><\/span><br \/>\n\t<\/article>\n<\/div>\n<div readability=\"31\">\n<article class=\"mundo\" readability=\"2\"><span class=\"entry-label text-font mundo\">Mundo<\/span><br \/>\n\t\t\t<a class=\"cover-link\" href=\"https:\/\/www.cronica.com.ar\/mundo\/Primer-ministro-de-Canada-descarto-ataque-terrorista-por-masivo-atentado-20180424-0020.html\" title=\"Primer ministro de Canad\u00e1 descart\u00f3 ataque terrorista por masivo atentado\"><\/a><\/p>\n<figure itemprop=\"image\" itemscope=\"\" itemtype=\"http:\/\/schema.org\/ImageObject\"><img loading=\"lazy\" decoding=\"async\" itemprop=\"contentUrl\" src=\"https:\/\/www.cronica.com.ar\/__export\/1524581364072\/sites\/cronica\/img\/2018\/04\/24\/896789678967896789_crop1524580920152.jpg_1419575775.jpg\" width=\"300\" height=\"350\" alt=\"Primer ministro de Canad\u00e1 descart\u00f3 ataque terrorista por masivo atentado\"><\/figure>\n<\/p>\n<h3 class=\"title-font font-700\">\n\t\t\t\t<span class=\"\"><br \/>\n\t\t\t\t\tPrimer ministro de Canad\u00e1 descart\u00f3 ataque terrorista por masivo atentado<\/span><br \/>\n\t\t\t<\/h3>\n<p>\t\t<span class=\"entrys-fixer-line\"><\/span><br \/>\n\t<\/article>\n<\/div>\n<div readability=\"31\">\n<article class=\"policiales\" readability=\"2\"><span class=\"entry-label text-font policiales\">Policiales<\/span><br \/>\n\t\t\t<a class=\"cover-link\" href=\"https:\/\/www.cronica.com.ar\/policiales\/Detuvieron-a-falsos-medicos-en-Liniers-20180424-0023.html\" title=\"Detuvieron a falsos m\u00e9dicos en Liniers\"><\/a><\/p>\n<figure itemprop=\"image\" itemscope=\"\" itemtype=\"http:\/\/schema.org\/ImageObject\"><img loading=\"lazy\" decoding=\"async\" itemprop=\"contentUrl\" src=\"https:\/\/www.cronica.com.ar\/__export\/1524581970524\/sites\/cronica\/img\/2018\/04\/24\/20170831211125_29626650_0_body.jpg_1419575775.jpg\" width=\"300\" height=\"350\" alt=\"Los sujetos ten\u00edan a una v\u00edctima en la mira.\"><\/figure>\n<\/p>\n<h3 class=\"title-font font-700\">\n\t\t\t\t<span class=\"\"><br \/>\n\t\t\t\t\tDetuvieron a falsos m\u00e9dicos en Liniers<\/span><br \/>\n\t\t\t<\/h3>\n<p>\t\t<span class=\"entrys-fixer-line\"><\/span><br \/>\n\t<\/article>\n<\/div>\n<div readability=\"31\">\n<article class=\"mundo\" readability=\"2\"><span class=\"entry-label text-font mundo\">Mundo<\/span><br \/>\n\t\t\t<a class=\"cover-link\" href=\"https:\/\/www.cronica.com.ar\/mundo\/Borracho-le-exigio-a-su-mujer-tener-sexo-y-ella-le-corto-el-pene-20180424-0018.html\" title=\"Borracho le exigi\u00f3 a su mujer tener sexo y ella le cort\u00f3 el pene\"><\/a><\/p>\n<figure itemprop=\"image\" itemscope=\"\" itemtype=\"http:\/\/schema.org\/ImageObject\"><img loading=\"lazy\" decoding=\"async\" itemprop=\"contentUrl\" src=\"https:\/\/www.cronica.com.ar\/__export\/1524576960286\/sites\/cronica\/img\/2018\/04\/24\/media-photo_5ade13fe07163f45d16f9da1_640w_crop1524576649323.jpeg_1419575775.jpeg\" width=\"300\" height=\"350\" alt=\"Le cort\u00f3 el pene a su marido.\"><\/figure>\n<\/p>\n<h3 class=\"title-font font-700\">\n\t\t\t\t<span class=\"\"><br \/>\n\t\t\t\t\tBorracho le exigi\u00f3 a su mujer tener sexo y ella le cort\u00f3 el pene<\/span><br \/>\n\t\t\t<\/h3>\n<p>\t\t<span class=\"entrys-fixer-line\"><\/span><br \/>\n\t<\/article>\n<\/div>\n<div readability=\"31.5\">\n<article class=\"policiales\" readability=\"3\"><span class=\"entry-label text-font policiales\">Policiales<\/span><br \/>\n\t\t\t<a class=\"cover-link\" href=\"https:\/\/www.cronica.com.ar\/policiales\/Agencia-de-viajes-engano-a-turistas-estafo-millones-y-cerro-local-20180424-0019.html\" title=\"Agencia de viajes enga\u00f1\u00f3 a turistas, estaf\u00f3 millones y cerr\u00f3 local\"><\/a><\/p>\n<figure itemprop=\"image\" itemscope=\"\" itemtype=\"http:\/\/schema.org\/ImageObject\"><img loading=\"lazy\" decoding=\"async\" itemprop=\"contentUrl\" src=\"https:\/\/www.cronica.com.ar\/__export\/1524578417516\/sites\/cronica\/img\/2018\/04\/24\/empresa.jpg_1419575775.jpg\" width=\"300\" height=\"350\" alt=\"Agencia de viajes enga\u00f1\u00f3 a turistas, estaf\u00f3 millones y cerr\u00f3 local\"><\/figure>\n<\/p>\n<h3 class=\"title-font font-700\">\n\t\t\t\t<span class=\"\"><br \/>\n\t\t\t\t\tAgencia de viajes enga\u00f1\u00f3 a turistas, estaf\u00f3 millones y cerr\u00f3 local<\/span><br \/>\n\t\t\t<\/h3>\n<p>\t\t<span class=\"entrys-fixer-line\"><\/span><br \/>\n\t<\/article>\n<\/div>\n<div readability=\"31\">\n<article class=\"info-general\" readability=\"2\"><span class=\"entry-label text-font info-general\">Info General<\/span><br \/>\n\t\t\t<a class=\"cover-link\" href=\"https:\/\/www.cronica.com.ar\/info-general\/Hablo-la-mama-de-piba-sancionada-por-ir-sin-corpino-a-la-escuela-20180424-0016.html\" title=\"Habl\u00f3 la mam\u00e1 de piba sancionada por ir sin corpi\u00f1o a la escuela\"><\/a><\/p>\n<figure itemprop=\"image\" itemscope=\"\" itemtype=\"http:\/\/schema.org\/ImageObject\"><img loading=\"lazy\" decoding=\"async\" itemprop=\"contentUrl\" src=\"https:\/\/www.cronica.com.ar\/__export\/1524577417632\/sites\/cronica\/img\/2018\/04\/24\/bc1dbea0-fbb9-4901-a631-e46a11c55593_crop1524577225024.jpg_1419575775.jpg\" width=\"300\" height=\"350\" alt=\"Habl\u00f3 la mam\u00e1 de piba sancionada por ir sin corpi\u00f1o a la escuela\"><\/figure>\n<\/p>\n<h3 class=\"title-font font-700\">\n\t\t\t\t<span class=\"\"><br \/>\n\t\t\t\t\tHabl\u00f3 la mam\u00e1 de piba sancionada por ir sin corpi\u00f1o a la escuela<\/span><br \/>\n\t\t\t<\/h3>\n<p>\t\t<span class=\"entrys-fixer-line\"><\/span><br \/>\n\t<\/article>\n<\/div>\n<div readability=\"31\">\n<article class=\"politica\" readability=\"2\"><span class=\"entry-label text-font politica\">Pol\u00edtica<\/span><br \/>\n\t\t\t<a class=\"cover-link\" href=\"https:\/\/www.cronica.com.ar\/politica\/Urtubey-No-podemos-reducir-impuestos-que-no-existen-20180424-0017.html\" title='Urtubey: \"No podemos reducir impuestos que no existen\"'><\/a><\/p>\n<figure itemprop=\"image\" itemscope=\"\" itemtype=\"http:\/\/schema.org\/ImageObject\"><img loading=\"lazy\" decoding=\"async\" itemprop=\"contentUrl\" src=\"https:\/\/www.cronica.com.ar\/__export\/1524576709689\/sites\/cronica\/img\/2018\/04\/24\/urtu_crop1524575214983.jpg_1419575775.jpg\" width=\"300\" height=\"350\" alt='Urtubey: \"No podemos reducir impuestos que no existen\"'><\/figure>\n<\/p>\n<h3 class=\"title-font font-700\">\n\t\t\t\t<span class=\"\"><br \/>\n\t\t\t\t\tUrtubey: \u00abNo podemos reducir impuestos que no existen\u00bb<\/span><br \/>\n\t\t\t<\/h3>\n<p>\t\t<span class=\"entrys-fixer-line\"><\/span><br \/>\n\t<\/article>\n<\/div>\n<div readability=\"32\">\n<article class=\"policiales\" readability=\"4\"><span class=\"entry-label text-font policiales\">Policiales<\/span><br \/>\n\t\t\t<a class=\"cover-link\" href=\"https:\/\/www.cronica.com.ar\/policiales\/Lo-hallaron-muerto-atado-de-pies-y-manos-en-el-interior-de-su-casa-20180424-0013.html\" title=\"Lo hallaron muerto, atado de pies y manos, en el interior de su casa\"><\/a><\/p>\n<figure itemprop=\"image\" itemscope=\"\" itemtype=\"http:\/\/schema.org\/ImageObject\"><img loading=\"lazy\" decoding=\"async\" itemprop=\"contentUrl\" src=\"https:\/\/www.cronica.com.ar\/__export\/1524574686930\/sites\/cronica\/img\/2018\/04\/24\/1468867532241_crop1524574598125.jpg_1419575775.jpg\" width=\"300\" height=\"350\" alt=\"Lo hallaron muerto, atado de pies y manos, en el interior de su casa\"><\/figure>\n<\/p>\n<h3 class=\"title-font font-700\">\n\t\t\t\t<span class=\"\"><br \/>\n\t\t\t\t\tLo hallaron muerto, atado de pies y manos, en el interior de su casa<\/span><br \/>\n\t\t\t<\/h3>\n<p>\t\t<span class=\"entrys-fixer-line\"><\/span><br \/>\n\t<\/article>\n<\/div>\n<div readability=\"31.5\">\n<article class=\"deportes\" readability=\"3\"><span class=\"entry-label text-font deportes\">Deportes<\/span><br \/>\n\t\t\t<a class=\"cover-link\" href=\"https:\/\/www.cronica.com.ar\/deportes\/Por-bocon-Ibrahimovic-se-quedo-sin-Mundial-20180424-0011.html\" title='Por \"boc\u00f3n\", Ibrahimovic se qued\u00f3 sin Mundial'><\/a><\/p>\n<figure itemprop=\"image\" itemscope=\"\" itemtype=\"http:\/\/schema.org\/ImageObject\"><img loading=\"lazy\" decoding=\"async\" itemprop=\"contentUrl\" src=\"https:\/\/www.cronica.com.ar\/__export\/1524573085715\/sites\/cronica\/img\/2018\/04\/24\/temp_crop1524573006575.jpg_1419575775.jpg\" width=\"300\" height=\"350\" alt='Por \"boc\u00f3n\", Ibrahimovic se qued\u00f3 sin Mundial'><\/figure>\n<\/p>\n<h3 class=\"title-font font-700\">\n\t\t\t\t<span class=\"\"><br \/>\n\t\t\t\t\tPor \u00abboc\u00f3n\u00bb, Ibrahimovic se qued\u00f3 sin Mundial<\/span><br \/>\n\t\t\t<\/h3>\n<p>\t\t<span class=\"entrys-fixer-line\"><\/span><br \/>\n\t<\/article>\n<\/div>\n<div readability=\"31\">\n<article class=\"cosa-de-locos\" readability=\"2\"><span class=\"entry-label text-font cosa-de-locos\">Cosa de locos<\/span><br \/>\n\t\t\t<a class=\"cover-link\" href=\"https:\/\/www.cronica.com.ar\/cosa-de-locos\/Escalofriante-video-pibito-fantasma-juega-a-las-escondidas-en-el-Posadas-20180423-0046.html\" title=\"Escalofriante video: pibito fantasma juega a las escondidas en el Posadas\"><\/a><\/p>\n<figure itemprop=\"image\" itemscope=\"\" itemtype=\"http:\/\/schema.org\/ImageObject\"><img loading=\"lazy\" decoding=\"async\" itemprop=\"contentUrl\" src=\"https:\/\/www.cronica.com.ar\/__export\/1524519621351\/sites\/cronica\/img\/2018\/04\/23\/hktvdwrrb_930x525.jpg_1419575775.jpg\" width=\"300\" height=\"350\" alt=\"Escalofriante video: pibito fantasma juega a las escondidas en el Posadas\"><\/figure>\n<\/p>\n<h3 class=\"title-font font-700\">\n\t\t\t\t<span class=\"\"><br \/>\n\t\t\t\t\tEscalofriante video: pibito fantasma juega a las escondidas en el Posadas<\/span><br \/>\n\t\t\t<\/h3>\n<p>\t\t<span class=\"entrys-fixer-line\"><\/span><br \/>\n\t<\/article>\n<\/div>\n<div readability=\"31\">\n<article class=\"info-general\" readability=\"2\"><span class=\"entry-label text-font info-general\">Info General<\/span><br \/>\n\t\t\t<a class=\"cover-link\" href=\"https:\/\/www.cronica.com.ar\/info-general\/Metrodelegados-siguen-en-plan-de-lucha-y-levantaron-molinetes-20180424-0010.html\" title=\"Metrodelegados siguen en plan de lucha y levantaron molinetes\"><\/a><\/p>\n<figure itemprop=\"image\" itemscope=\"\" itemtype=\"http:\/\/schema.org\/ImageObject\"><img loading=\"lazy\" decoding=\"async\" itemprop=\"contentUrl\" src=\"https:\/\/www.cronica.com.ar\/__export\/1524570270095\/sites\/cronica\/img\/2018\/04\/24\/subte_crop1524570099087.jpg_1419575775.jpg\" width=\"300\" height=\"350\" alt=\"Metrodelegados siguen en plan de lucha y levantaron molinetes\"><\/figure>\n<\/p>\n<h3 class=\"title-font font-700\">\n\t\t\t\t<span class=\"\"><br \/>\n\t\t\t\t\tMetrodelegados siguen en plan de lucha y levantaron molinetes<\/span><br \/>\n\t\t\t<\/h3>\n<p>\t\t<span class=\"entrys-fixer-line\"><\/span><br \/>\n\t<\/article>\n<\/div>\n<\/div>\n","protected":false},"excerpt":{"rendered":"<p>Policiales Su novio lo descubri\u00f3 teniendo sexo con un polic\u00eda y se cort\u00f3 las venas Mundo Primer ministro de Canad\u00e1 descart\u00f3 ataque terrorista por masivo atentado Policiales Detuvieron a falsos m\u00e9dicos en Liniers Mundo Borracho le exigi\u00f3 a su mujer tener sexo y ella le cort\u00f3 el pene Policiales Agencia de viajes enga\u00f1\u00f3 a turistas, [&hellip;]<\/p>\n","protected":false},"author":4,"featured_media":9124,"comment_status":"open","ping_status":"closed","sticky":false,"template":"","format":"standard","meta":{"footnotes":""},"categories":[194],"tags":[],"class_list":{"0":"post-9123","1":"post","2":"type-post","3":"status-publish","4":"format-standard","5":"has-post-thumbnail","7":"category-internacionales"},"yoast_head":"<!-- This site is optimized with the Yoast SEO plugin v27.4 - https:\/\/yoast.com\/product\/yoast-seo-wordpress\/ -->\n<title>As\u00ed cay\u00f3 el autor de la masacre de Canad\u00e1 - El Diario de Tucuman<\/title>\n<meta name=\"robots\" content=\"index, follow, max-snippet:-1, max-image-preview:large, max-video-preview:-1\" \/>\n<link rel=\"canonical\" href=\"https:\/\/www.eldiariodetucuman.com\/web\/asi-cayo-el-autor-de-la-masacre-de-canada\/\" \/>\n<meta property=\"og:locale\" content=\"es_ES\" \/>\n<meta property=\"og:type\" content=\"article\" \/>\n<meta property=\"og:title\" content=\"As\u00ed cay\u00f3 el autor de la masacre de Canad\u00e1 - El Diario de Tucuman\" \/>\n<meta property=\"og:description\" content=\"Policiales Su novio lo descubri\u00f3 teniendo sexo con un polic\u00eda y se cort\u00f3 las venas Mundo Primer ministro de Canad\u00e1 descart\u00f3 ataque terrorista por masivo atentado Policiales Detuvieron a falsos m\u00e9dicos en Liniers Mundo Borracho le exigi\u00f3 a su mujer tener sexo y ella le cort\u00f3 el pene Policiales Agencia de viajes enga\u00f1\u00f3 a turistas, [&hellip;]\" \/>\n<meta property=\"og:url\" content=\"https:\/\/www.eldiariodetucuman.com\/web\/asi-cayo-el-autor-de-la-masacre-de-canada\/\" \/>\n<meta property=\"og:site_name\" content=\"El Diario de Tucuman\" \/>\n<meta property=\"article:published_time\" content=\"2018-04-24T15:50:45+00:00\" \/>\n<meta property=\"og:image\" content=\"https:\/\/www.eldiariodetucuman.com\/web\/wp-content\/uploads\/2018\/04\/9d0fd4be122b5d67ada1cbfa0a66764b.jpeg\" \/>\n\t<meta property=\"og:image:width\" content=\"970\" \/>\n\t<meta property=\"og:image:height\" content=\"546\" \/>\n\t<meta property=\"og:image:type\" content=\"image\/jpeg\" \/>\n<meta name=\"author\" content=\"eldiario detucuman\" \/>\n<meta name=\"twitter:card\" content=\"summary_large_image\" \/>\n<meta name=\"twitter:label1\" content=\"Escrito por\" \/>\n\t<meta name=\"twitter:data1\" content=\"eldiario detucuman\" \/>\n\t<meta name=\"twitter:label2\" content=\"Tiempo de lectura\" \/>\n\t<meta name=\"twitter:data2\" content=\"1 minuto\" \/>\n<script type=\"application\/ld+json\" class=\"yoast-schema-graph\">{\"@context\":\"https:\\\/\\\/schema.org\",\"@graph\":[{\"@type\":\"Article\",\"@id\":\"https:\\\/\\\/www.eldiariodetucuman.com\\\/web\\\/asi-cayo-el-autor-de-la-masacre-de-canada\\\/#article\",\"isPartOf\":{\"@id\":\"https:\\\/\\\/www.eldiariodetucuman.com\\\/web\\\/asi-cayo-el-autor-de-la-masacre-de-canada\\\/\"},\"author\":{\"name\":\"eldiario detucuman\",\"@id\":\"https:\\\/\\\/www.eldiariodetucuman.com\\\/web\\\/#\\\/schema\\\/person\\\/6f95946e54fde848b878ffa4928071d5\"},\"headline\":\"As\u00ed cay\u00f3 el autor de la masacre de Canad\u00e1\",\"datePublished\":\"2018-04-24T15:50:45+00:00\",\"mainEntityOfPage\":{\"@id\":\"https:\\\/\\\/www.eldiariodetucuman.com\\\/web\\\/asi-cayo-el-autor-de-la-masacre-de-canada\\\/\"},\"wordCount\":146,\"commentCount\":0,\"publisher\":{\"@id\":\"https:\\\/\\\/www.eldiariodetucuman.com\\\/web\\\/#organization\"},\"image\":{\"@id\":\"https:\\\/\\\/www.eldiariodetucuman.com\\\/web\\\/asi-cayo-el-autor-de-la-masacre-de-canada\\\/#primaryimage\"},\"thumbnailUrl\":\"https:\\\/\\\/www.eldiariodetucuman.com\\\/web\\\/wp-content\\\/uploads\\\/2018\\\/04\\\/9d0fd4be122b5d67ada1cbfa0a66764b.jpeg\",\"articleSection\":[\"Internacionales\"],\"inLanguage\":\"es\",\"potentialAction\":[{\"@type\":\"CommentAction\",\"name\":\"Comment\",\"target\":[\"https:\\\/\\\/www.eldiariodetucuman.com\\\/web\\\/asi-cayo-el-autor-de-la-masacre-de-canada\\\/#respond\"]}]},{\"@type\":\"WebPage\",\"@id\":\"https:\\\/\\\/www.eldiariodetucuman.com\\\/web\\\/asi-cayo-el-autor-de-la-masacre-de-canada\\\/\",\"url\":\"https:\\\/\\\/www.eldiariodetucuman.com\\\/web\\\/asi-cayo-el-autor-de-la-masacre-de-canada\\\/\",\"name\":\"As\u00ed cay\u00f3 el autor de la masacre de Canad\u00e1 - El Diario de Tucuman\",\"isPartOf\":{\"@id\":\"https:\\\/\\\/www.eldiariodetucuman.com\\\/web\\\/#website\"},\"primaryImageOfPage\":{\"@id\":\"https:\\\/\\\/www.eldiariodetucuman.com\\\/web\\\/asi-cayo-el-autor-de-la-masacre-de-canada\\\/#primaryimage\"},\"image\":{\"@id\":\"https:\\\/\\\/www.eldiariodetucuman.com\\\/web\\\/asi-cayo-el-autor-de-la-masacre-de-canada\\\/#primaryimage\"},\"thumbnailUrl\":\"https:\\\/\\\/www.eldiariodetucuman.com\\\/web\\\/wp-content\\\/uploads\\\/2018\\\/04\\\/9d0fd4be122b5d67ada1cbfa0a66764b.jpeg\",\"datePublished\":\"2018-04-24T15:50:45+00:00\",\"breadcrumb\":{\"@id\":\"https:\\\/\\\/www.eldiariodetucuman.com\\\/web\\\/asi-cayo-el-autor-de-la-masacre-de-canada\\\/#breadcrumb\"},\"inLanguage\":\"es\",\"potentialAction\":[{\"@type\":\"ReadAction\",\"target\":[\"https:\\\/\\\/www.eldiariodetucuman.com\\\/web\\\/asi-cayo-el-autor-de-la-masacre-de-canada\\\/\"]}]},{\"@type\":\"ImageObject\",\"inLanguage\":\"es\",\"@id\":\"https:\\\/\\\/www.eldiariodetucuman.com\\\/web\\\/asi-cayo-el-autor-de-la-masacre-de-canada\\\/#primaryimage\",\"url\":\"https:\\\/\\\/www.eldiariodetucuman.com\\\/web\\\/wp-content\\\/uploads\\\/2018\\\/04\\\/9d0fd4be122b5d67ada1cbfa0a66764b.jpeg\",\"contentUrl\":\"https:\\\/\\\/www.eldiariodetucuman.com\\\/web\\\/wp-content\\\/uploads\\\/2018\\\/04\\\/9d0fd4be122b5d67ada1cbfa0a66764b.jpeg\",\"width\":970,\"height\":546},{\"@type\":\"BreadcrumbList\",\"@id\":\"https:\\\/\\\/www.eldiariodetucuman.com\\\/web\\\/asi-cayo-el-autor-de-la-masacre-de-canada\\\/#breadcrumb\",\"itemListElement\":[{\"@type\":\"ListItem\",\"position\":1,\"name\":\"Portada\",\"item\":\"https:\\\/\\\/www.eldiariodetucuman.com\\\/web\\\/\"},{\"@type\":\"ListItem\",\"position\":2,\"name\":\"As\u00ed cay\u00f3 el autor de la masacre de Canad\u00e1\"}]},{\"@type\":\"WebSite\",\"@id\":\"https:\\\/\\\/www.eldiariodetucuman.com\\\/web\\\/#website\",\"url\":\"https:\\\/\\\/www.eldiariodetucuman.com\\\/web\\\/\",\"name\":\"El Diario de Tucuman\",\"description\":\"Diario Tucuman - Informaci\u00f3n y noticias\",\"publisher\":{\"@id\":\"https:\\\/\\\/www.eldiariodetucuman.com\\\/web\\\/#organization\"},\"potentialAction\":[{\"@type\":\"SearchAction\",\"target\":{\"@type\":\"EntryPoint\",\"urlTemplate\":\"https:\\\/\\\/www.eldiariodetucuman.com\\\/web\\\/?s={search_term_string}\"},\"query-input\":{\"@type\":\"PropertyValueSpecification\",\"valueRequired\":true,\"valueName\":\"search_term_string\"}}],\"inLanguage\":\"es\"},{\"@type\":\"Organization\",\"@id\":\"https:\\\/\\\/www.eldiariodetucuman.com\\\/web\\\/#organization\",\"name\":\"El Diario de Tucuman\",\"url\":\"https:\\\/\\\/www.eldiariodetucuman.com\\\/web\\\/\",\"logo\":{\"@type\":\"ImageObject\",\"inLanguage\":\"es\",\"@id\":\"https:\\\/\\\/www.eldiariodetucuman.com\\\/web\\\/#\\\/schema\\\/logo\\\/image\\\/\",\"url\":\"http:\\\/\\\/www.eldiariodetucuman.com\\\/web\\\/wp-content\\\/uploads\\\/2017\\\/12\\\/el-diario-de-tucuman.jpg\",\"contentUrl\":\"http:\\\/\\\/www.eldiariodetucuman.com\\\/web\\\/wp-content\\\/uploads\\\/2017\\\/12\\\/el-diario-de-tucuman.jpg\",\"width\":272,\"height\":92,\"caption\":\"El Diario de Tucuman\"},\"image\":{\"@id\":\"https:\\\/\\\/www.eldiariodetucuman.com\\\/web\\\/#\\\/schema\\\/logo\\\/image\\\/\"}},{\"@type\":\"Person\",\"@id\":\"https:\\\/\\\/www.eldiariodetucuman.com\\\/web\\\/#\\\/schema\\\/person\\\/6f95946e54fde848b878ffa4928071d5\",\"name\":\"eldiario detucuman\",\"image\":{\"@type\":\"ImageObject\",\"inLanguage\":\"es\",\"@id\":\"https:\\\/\\\/secure.gravatar.com\\\/avatar\\\/b6e1f89c5c4044c4962c8e6c20b1ca2cc99f549c965908afd4ec5308b3f51bfe?s=96&d=mm&r=g\",\"url\":\"https:\\\/\\\/secure.gravatar.com\\\/avatar\\\/b6e1f89c5c4044c4962c8e6c20b1ca2cc99f549c965908afd4ec5308b3f51bfe?s=96&d=mm&r=g\",\"contentUrl\":\"https:\\\/\\\/secure.gravatar.com\\\/avatar\\\/b6e1f89c5c4044c4962c8e6c20b1ca2cc99f549c965908afd4ec5308b3f51bfe?s=96&d=mm&r=g\",\"caption\":\"eldiario detucuman\"},\"url\":\"https:\\\/\\\/www.eldiariodetucuman.com\\\/web\\\/author\\\/eldiariodetucuman\\\/\"}]}<\/script>\n<!-- \/ Yoast SEO plugin. -->","yoast_head_json":{"title":"As\u00ed cay\u00f3 el autor de la masacre de Canad\u00e1 - El Diario de Tucuman","robots":{"index":"index","follow":"follow","max-snippet":"max-snippet:-1","max-image-preview":"max-image-preview:large","max-video-preview":"max-video-preview:-1"},"canonical":"https:\/\/www.eldiariodetucuman.com\/web\/asi-cayo-el-autor-de-la-masacre-de-canada\/","og_locale":"es_ES","og_type":"article","og_title":"As\u00ed cay\u00f3 el autor de la masacre de Canad\u00e1 - El Diario de Tucuman","og_description":"Policiales Su novio lo descubri\u00f3 teniendo sexo con un polic\u00eda y se cort\u00f3 las venas Mundo Primer ministro de Canad\u00e1 descart\u00f3 ataque terrorista por masivo atentado Policiales Detuvieron a falsos m\u00e9dicos en Liniers Mundo Borracho le exigi\u00f3 a su mujer tener sexo y ella le cort\u00f3 el pene Policiales Agencia de viajes enga\u00f1\u00f3 a turistas, [&hellip;]","og_url":"https:\/\/www.eldiariodetucuman.com\/web\/asi-cayo-el-autor-de-la-masacre-de-canada\/","og_site_name":"El Diario de Tucuman","article_published_time":"2018-04-24T15:50:45+00:00","og_image":[{"width":970,"height":546,"url":"https:\/\/www.eldiariodetucuman.com\/web\/wp-content\/uploads\/2018\/04\/9d0fd4be122b5d67ada1cbfa0a66764b.jpeg","type":"image\/jpeg"}],"author":"eldiario detucuman","twitter_card":"summary_large_image","twitter_misc":{"Escrito por":"eldiario detucuman","Tiempo de lectura":"1 minuto"},"schema":{"@context":"https:\/\/schema.org","@graph":[{"@type":"Article","@id":"https:\/\/www.eldiariodetucuman.com\/web\/asi-cayo-el-autor-de-la-masacre-de-canada\/#article","isPartOf":{"@id":"https:\/\/www.eldiariodetucuman.com\/web\/asi-cayo-el-autor-de-la-masacre-de-canada\/"},"author":{"name":"eldiario detucuman","@id":"https:\/\/www.eldiariodetucuman.com\/web\/#\/schema\/person\/6f95946e54fde848b878ffa4928071d5"},"headline":"As\u00ed cay\u00f3 el autor de la masacre de Canad\u00e1","datePublished":"2018-04-24T15:50:45+00:00","mainEntityOfPage":{"@id":"https:\/\/www.eldiariodetucuman.com\/web\/asi-cayo-el-autor-de-la-masacre-de-canada\/"},"wordCount":146,"commentCount":0,"publisher":{"@id":"https:\/\/www.eldiariodetucuman.com\/web\/#organization"},"image":{"@id":"https:\/\/www.eldiariodetucuman.com\/web\/asi-cayo-el-autor-de-la-masacre-de-canada\/#primaryimage"},"thumbnailUrl":"https:\/\/www.eldiariodetucuman.com\/web\/wp-content\/uploads\/2018\/04\/9d0fd4be122b5d67ada1cbfa0a66764b.jpeg","articleSection":["Internacionales"],"inLanguage":"es","potentialAction":[{"@type":"CommentAction","name":"Comment","target":["https:\/\/www.eldiariodetucuman.com\/web\/asi-cayo-el-autor-de-la-masacre-de-canada\/#respond"]}]},{"@type":"WebPage","@id":"https:\/\/www.eldiariodetucuman.com\/web\/asi-cayo-el-autor-de-la-masacre-de-canada\/","url":"https:\/\/www.eldiariodetucuman.com\/web\/asi-cayo-el-autor-de-la-masacre-de-canada\/","name":"As\u00ed cay\u00f3 el autor de la masacre de Canad\u00e1 - El Diario de Tucuman","isPartOf":{"@id":"https:\/\/www.eldiariodetucuman.com\/web\/#website"},"primaryImageOfPage":{"@id":"https:\/\/www.eldiariodetucuman.com\/web\/asi-cayo-el-autor-de-la-masacre-de-canada\/#primaryimage"},"image":{"@id":"https:\/\/www.eldiariodetucuman.com\/web\/asi-cayo-el-autor-de-la-masacre-de-canada\/#primaryimage"},"thumbnailUrl":"https:\/\/www.eldiariodetucuman.com\/web\/wp-content\/uploads\/2018\/04\/9d0fd4be122b5d67ada1cbfa0a66764b.jpeg","datePublished":"2018-04-24T15:50:45+00:00","breadcrumb":{"@id":"https:\/\/www.eldiariodetucuman.com\/web\/asi-cayo-el-autor-de-la-masacre-de-canada\/#breadcrumb"},"inLanguage":"es","potentialAction":[{"@type":"ReadAction","target":["https:\/\/www.eldiariodetucuman.com\/web\/asi-cayo-el-autor-de-la-masacre-de-canada\/"]}]},{"@type":"ImageObject","inLanguage":"es","@id":"https:\/\/www.eldiariodetucuman.com\/web\/asi-cayo-el-autor-de-la-masacre-de-canada\/#primaryimage","url":"https:\/\/www.eldiariodetucuman.com\/web\/wp-content\/uploads\/2018\/04\/9d0fd4be122b5d67ada1cbfa0a66764b.jpeg","contentUrl":"https:\/\/www.eldiariodetucuman.com\/web\/wp-content\/uploads\/2018\/04\/9d0fd4be122b5d67ada1cbfa0a66764b.jpeg","width":970,"height":546},{"@type":"BreadcrumbList","@id":"https:\/\/www.eldiariodetucuman.com\/web\/asi-cayo-el-autor-de-la-masacre-de-canada\/#breadcrumb","itemListElement":[{"@type":"ListItem","position":1,"name":"Portada","item":"https:\/\/www.eldiariodetucuman.com\/web\/"},{"@type":"ListItem","position":2,"name":"As\u00ed cay\u00f3 el autor de la masacre de Canad\u00e1"}]},{"@type":"WebSite","@id":"https:\/\/www.eldiariodetucuman.com\/web\/#website","url":"https:\/\/www.eldiariodetucuman.com\/web\/","name":"El Diario de Tucuman","description":"Diario Tucuman - Informaci\u00f3n y noticias","publisher":{"@id":"https:\/\/www.eldiariodetucuman.com\/web\/#organization"},"potentialAction":[{"@type":"SearchAction","target":{"@type":"EntryPoint","urlTemplate":"https:\/\/www.eldiariodetucuman.com\/web\/?s={search_term_string}"},"query-input":{"@type":"PropertyValueSpecification","valueRequired":true,"valueName":"search_term_string"}}],"inLanguage":"es"},{"@type":"Organization","@id":"https:\/\/www.eldiariodetucuman.com\/web\/#organization","name":"El Diario de Tucuman","url":"https:\/\/www.eldiariodetucuman.com\/web\/","logo":{"@type":"ImageObject","inLanguage":"es","@id":"https:\/\/www.eldiariodetucuman.com\/web\/#\/schema\/logo\/image\/","url":"http:\/\/www.eldiariodetucuman.com\/web\/wp-content\/uploads\/2017\/12\/el-diario-de-tucuman.jpg","contentUrl":"http:\/\/www.eldiariodetucuman.com\/web\/wp-content\/uploads\/2017\/12\/el-diario-de-tucuman.jpg","width":272,"height":92,"caption":"El Diario de Tucuman"},"image":{"@id":"https:\/\/www.eldiariodetucuman.com\/web\/#\/schema\/logo\/image\/"}},{"@type":"Person","@id":"https:\/\/www.eldiariodetucuman.com\/web\/#\/schema\/person\/6f95946e54fde848b878ffa4928071d5","name":"eldiario detucuman","image":{"@type":"ImageObject","inLanguage":"es","@id":"https:\/\/secure.gravatar.com\/avatar\/b6e1f89c5c4044c4962c8e6c20b1ca2cc99f549c965908afd4ec5308b3f51bfe?s=96&d=mm&r=g","url":"https:\/\/secure.gravatar.com\/avatar\/b6e1f89c5c4044c4962c8e6c20b1ca2cc99f549c965908afd4ec5308b3f51bfe?s=96&d=mm&r=g","contentUrl":"https:\/\/secure.gravatar.com\/avatar\/b6e1f89c5c4044c4962c8e6c20b1ca2cc99f549c965908afd4ec5308b3f51bfe?s=96&d=mm&r=g","caption":"eldiario detucuman"},"url":"https:\/\/www.eldiariodetucuman.com\/web\/author\/eldiariodetucuman\/"}]}},"_links":{"self":[{"href":"https:\/\/www.eldiariodetucuman.com\/web\/wp-json\/wp\/v2\/posts\/9123","targetHints":{"allow":["GET"]}}],"collection":[{"href":"https:\/\/www.eldiariodetucuman.com\/web\/wp-json\/wp\/v2\/posts"}],"about":[{"href":"https:\/\/www.eldiariodetucuman.com\/web\/wp-json\/wp\/v2\/types\/post"}],"author":[{"embeddable":true,"href":"https:\/\/www.eldiariodetucuman.com\/web\/wp-json\/wp\/v2\/users\/4"}],"replies":[{"embeddable":true,"href":"https:\/\/www.eldiariodetucuman.com\/web\/wp-json\/wp\/v2\/comments?post=9123"}],"version-history":[{"count":0,"href":"https:\/\/www.eldiariodetucuman.com\/web\/wp-json\/wp\/v2\/posts\/9123\/revisions"}],"wp:featuredmedia":[{"embeddable":true,"href":"https:\/\/www.eldiariodetucuman.com\/web\/wp-json\/wp\/v2\/media\/9124"}],"wp:attachment":[{"href":"https:\/\/www.eldiariodetucuman.com\/web\/wp-json\/wp\/v2\/media?parent=9123"}],"wp:term":[{"taxonomy":"category","embeddable":true,"href":"https:\/\/www.eldiariodetucuman.com\/web\/wp-json\/wp\/v2\/categories?post=9123"},{"taxonomy":"post_tag","embeddable":true,"href":"https:\/\/www.eldiariodetucuman.com\/web\/wp-json\/wp\/v2\/tags?post=9123"}],"curies":[{"name":"wp","href":"https:\/\/api.w.org\/{rel}","templated":true}]}}