{"id":9121,"date":"2018-04-24T12:50:39","date_gmt":"2018-04-24T15:50:39","guid":{"rendered":"http:\/\/www.eldiariodetucuman.com\/web\/son-10-los-muertos-y-15-heridos-por-atropellamiento-masivo-en-canada\/"},"modified":"2018-04-24T12:50:39","modified_gmt":"2018-04-24T15:50:39","slug":"son-10-los-muertos-y-15-heridos-por-atropellamiento-masivo-en-canada","status":"publish","type":"post","link":"https:\/\/www.eldiariodetucuman.com\/web\/son-10-los-muertos-y-15-heridos-por-atropellamiento-masivo-en-canada\/","title":{"rendered":"Son 10 los muertos y 15 heridos por atropellamiento masivo en Canad\u00e1"},"content":{"rendered":"<div>\n<div itemprop=\"articleBody\" readability=\"56.38281838734\">\n<p>Un hombre mat\u00f3 al menos a diez\u00a0personas e hiri\u00f3 a otras quince al atropellar a varios peatones con una furgoneta en el centro de la ciudad canadiense de Toronto, antes de ser detenido luego de una tensa confrontaci\u00f3n con la polic\u00eda, informaron autoridades.<\/p>\n<p>Testigos dijeron que el hombre manejaba a alta velocidad y parec\u00eda actuar de manera deliberada, pero la polic\u00eda se\u00f1al\u00f3 que a\u00fan desconoc\u00eda la causa o las motivaciones del hecho.<\/p>\n<p>Al dar la cifra de v\u00edctimas, el subjefe de polic\u00eda de Toronto, Peter Yuen, dijo que el veh\u00edculo fue encontrado y su conductor arrestado, aunque no dio detalles sobre la investigaci\u00f3n.<\/p>\n<p>La polic\u00eda indic\u00f3 en Twitter que <em>\u201cla colisi\u00f3n\u201d<\/em> ocurri\u00f3 a las 13H27 locales (17H27 GMT), pero no precis\u00f3 si se trat\u00f3 de un acto deliberado o accidental.\u00a0<\/p>\n<p>Una <em>\u201cfurgoneta blanca\u201d<\/em> embisti\u00f3 a los transe\u00fantes en la calle Young, en la intersecci\u00f3n con la avenida Finch, en el l\u00edmite norte del centro de Toronto, anunci\u00f3 la polic\u00eda.\u00a0<\/p>\n<p>Seg\u00fan medios locales<em> \u201cal menos cuatro personas ya no tienen signos vitales\u201d<\/em> y el conductor se habr\u00eda fugado.<\/p>\n<p>\u00a0<\/p>\n<p><iframe loading=\"lazy\" allow=\"autoplay; encrypted-media\" allowfullscreen=\"\" frameborder=\"0\" height=\"315\" src=\"https:\/\/www.youtube.com\/embed\/42sq5pFMUw0\" width=\"560\"><\/iframe><span class=\"item first\"><\/span><span class=\"item second\"><\/span><span class=\"item third\"><\/span><\/p>\n<p>\u00a0<\/p>\n<p>\u00a0<\/p>\n<\/div>\n<\/div>\n","protected":false},"excerpt":{"rendered":"<p>Un hombre mat\u00f3 al menos a diez\u00a0personas e hiri\u00f3 a otras quince al atropellar a varios peatones con una furgoneta en el centro de la ciudad canadiense de Toronto, antes de ser detenido luego de una tensa confrontaci\u00f3n con la polic\u00eda, informaron autoridades. Testigos dijeron que el hombre manejaba a alta velocidad y parec\u00eda actuar [&hellip;]<\/p>\n","protected":false},"author":4,"featured_media":9122,"comment_status":"open","ping_status":"closed","sticky":false,"template":"","format":"standard","meta":{"footnotes":""},"categories":[194],"tags":[],"class_list":{"0":"post-9121","1":"post","2":"type-post","3":"status-publish","4":"format-standard","5":"has-post-thumbnail","7":"category-internacionales"},"yoast_head":"<!-- This site is optimized with the Yoast SEO plugin v27.4 - https:\/\/yoast.com\/product\/yoast-seo-wordpress\/ -->\n<title>Son 10 los muertos y 15 heridos por atropellamiento masivo en Canad\u00e1 - El Diario de Tucuman<\/title>\n<meta name=\"robots\" content=\"index, follow, max-snippet:-1, max-image-preview:large, max-video-preview:-1\" \/>\n<link rel=\"canonical\" href=\"https:\/\/www.eldiariodetucuman.com\/web\/son-10-los-muertos-y-15-heridos-por-atropellamiento-masivo-en-canada\/\" \/>\n<meta property=\"og:locale\" content=\"es_ES\" \/>\n<meta property=\"og:type\" content=\"article\" \/>\n<meta property=\"og:title\" content=\"Son 10 los muertos y 15 heridos por atropellamiento masivo en Canad\u00e1 - El Diario de Tucuman\" \/>\n<meta property=\"og:description\" content=\"Un hombre mat\u00f3 al menos a diez\u00a0personas e hiri\u00f3 a otras quince al atropellar a varios peatones con una furgoneta en el centro de la ciudad canadiense de Toronto, antes de ser detenido luego de una tensa confrontaci\u00f3n con la polic\u00eda, informaron autoridades. Testigos dijeron que el hombre manejaba a alta velocidad y parec\u00eda actuar [&hellip;]\" \/>\n<meta property=\"og:url\" content=\"https:\/\/www.eldiariodetucuman.com\/web\/son-10-los-muertos-y-15-heridos-por-atropellamiento-masivo-en-canada\/\" \/>\n<meta property=\"og:site_name\" content=\"El Diario de Tucuman\" \/>\n<meta property=\"article:published_time\" content=\"2018-04-24T15:50:39+00:00\" \/>\n<meta property=\"og:image\" content=\"https:\/\/www.eldiariodetucuman.com\/web\/wp-content\/uploads\/2018\/04\/cdf065479ca542aad9f16d57c960470d.jpeg\" \/>\n\t<meta property=\"og:image:width\" content=\"970\" \/>\n\t<meta property=\"og:image:height\" content=\"546\" \/>\n\t<meta property=\"og:image:type\" content=\"image\/jpeg\" \/>\n<meta name=\"author\" content=\"eldiario detucuman\" \/>\n<meta name=\"twitter:card\" content=\"summary_large_image\" \/>\n<meta name=\"twitter:label1\" content=\"Escrito por\" \/>\n\t<meta name=\"twitter:data1\" content=\"eldiario detucuman\" \/>\n\t<meta name=\"twitter:label2\" content=\"Tiempo de lectura\" \/>\n\t<meta name=\"twitter:data2\" content=\"1 minuto\" \/>\n<script type=\"application\/ld+json\" class=\"yoast-schema-graph\">{\"@context\":\"https:\\\/\\\/schema.org\",\"@graph\":[{\"@type\":\"Article\",\"@id\":\"https:\\\/\\\/www.eldiariodetucuman.com\\\/web\\\/son-10-los-muertos-y-15-heridos-por-atropellamiento-masivo-en-canada\\\/#article\",\"isPartOf\":{\"@id\":\"https:\\\/\\\/www.eldiariodetucuman.com\\\/web\\\/son-10-los-muertos-y-15-heridos-por-atropellamiento-masivo-en-canada\\\/\"},\"author\":{\"name\":\"eldiario detucuman\",\"@id\":\"https:\\\/\\\/www.eldiariodetucuman.com\\\/web\\\/#\\\/schema\\\/person\\\/6f95946e54fde848b878ffa4928071d5\"},\"headline\":\"Son 10 los muertos y 15 heridos por atropellamiento masivo en Canad\u00e1\",\"datePublished\":\"2018-04-24T15:50:39+00:00\",\"mainEntityOfPage\":{\"@id\":\"https:\\\/\\\/www.eldiariodetucuman.com\\\/web\\\/son-10-los-muertos-y-15-heridos-por-atropellamiento-masivo-en-canada\\\/\"},\"wordCount\":207,\"commentCount\":0,\"publisher\":{\"@id\":\"https:\\\/\\\/www.eldiariodetucuman.com\\\/web\\\/#organization\"},\"image\":{\"@id\":\"https:\\\/\\\/www.eldiariodetucuman.com\\\/web\\\/son-10-los-muertos-y-15-heridos-por-atropellamiento-masivo-en-canada\\\/#primaryimage\"},\"thumbnailUrl\":\"https:\\\/\\\/www.eldiariodetucuman.com\\\/web\\\/wp-content\\\/uploads\\\/2018\\\/04\\\/cdf065479ca542aad9f16d57c960470d.jpeg\",\"articleSection\":[\"Internacionales\"],\"inLanguage\":\"es\",\"potentialAction\":[{\"@type\":\"CommentAction\",\"name\":\"Comment\",\"target\":[\"https:\\\/\\\/www.eldiariodetucuman.com\\\/web\\\/son-10-los-muertos-y-15-heridos-por-atropellamiento-masivo-en-canada\\\/#respond\"]}]},{\"@type\":\"WebPage\",\"@id\":\"https:\\\/\\\/www.eldiariodetucuman.com\\\/web\\\/son-10-los-muertos-y-15-heridos-por-atropellamiento-masivo-en-canada\\\/\",\"url\":\"https:\\\/\\\/www.eldiariodetucuman.com\\\/web\\\/son-10-los-muertos-y-15-heridos-por-atropellamiento-masivo-en-canada\\\/\",\"name\":\"Son 10 los muertos y 15 heridos por atropellamiento masivo en Canad\u00e1 - El Diario de Tucuman\",\"isPartOf\":{\"@id\":\"https:\\\/\\\/www.eldiariodetucuman.com\\\/web\\\/#website\"},\"primaryImageOfPage\":{\"@id\":\"https:\\\/\\\/www.eldiariodetucuman.com\\\/web\\\/son-10-los-muertos-y-15-heridos-por-atropellamiento-masivo-en-canada\\\/#primaryimage\"},\"image\":{\"@id\":\"https:\\\/\\\/www.eldiariodetucuman.com\\\/web\\\/son-10-los-muertos-y-15-heridos-por-atropellamiento-masivo-en-canada\\\/#primaryimage\"},\"thumbnailUrl\":\"https:\\\/\\\/www.eldiariodetucuman.com\\\/web\\\/wp-content\\\/uploads\\\/2018\\\/04\\\/cdf065479ca542aad9f16d57c960470d.jpeg\",\"datePublished\":\"2018-04-24T15:50:39+00:00\",\"breadcrumb\":{\"@id\":\"https:\\\/\\\/www.eldiariodetucuman.com\\\/web\\\/son-10-los-muertos-y-15-heridos-por-atropellamiento-masivo-en-canada\\\/#breadcrumb\"},\"inLanguage\":\"es\",\"potentialAction\":[{\"@type\":\"ReadAction\",\"target\":[\"https:\\\/\\\/www.eldiariodetucuman.com\\\/web\\\/son-10-los-muertos-y-15-heridos-por-atropellamiento-masivo-en-canada\\\/\"]}]},{\"@type\":\"ImageObject\",\"inLanguage\":\"es\",\"@id\":\"https:\\\/\\\/www.eldiariodetucuman.com\\\/web\\\/son-10-los-muertos-y-15-heridos-por-atropellamiento-masivo-en-canada\\\/#primaryimage\",\"url\":\"https:\\\/\\\/www.eldiariodetucuman.com\\\/web\\\/wp-content\\\/uploads\\\/2018\\\/04\\\/cdf065479ca542aad9f16d57c960470d.jpeg\",\"contentUrl\":\"https:\\\/\\\/www.eldiariodetucuman.com\\\/web\\\/wp-content\\\/uploads\\\/2018\\\/04\\\/cdf065479ca542aad9f16d57c960470d.jpeg\",\"width\":970,\"height\":546},{\"@type\":\"BreadcrumbList\",\"@id\":\"https:\\\/\\\/www.eldiariodetucuman.com\\\/web\\\/son-10-los-muertos-y-15-heridos-por-atropellamiento-masivo-en-canada\\\/#breadcrumb\",\"itemListElement\":[{\"@type\":\"ListItem\",\"position\":1,\"name\":\"Portada\",\"item\":\"https:\\\/\\\/www.eldiariodetucuman.com\\\/web\\\/\"},{\"@type\":\"ListItem\",\"position\":2,\"name\":\"Son 10 los muertos y 15 heridos por atropellamiento masivo en Canad\u00e1\"}]},{\"@type\":\"WebSite\",\"@id\":\"https:\\\/\\\/www.eldiariodetucuman.com\\\/web\\\/#website\",\"url\":\"https:\\\/\\\/www.eldiariodetucuman.com\\\/web\\\/\",\"name\":\"El Diario de Tucuman\",\"description\":\"Diario Tucuman - Informaci\u00f3n y noticias\",\"publisher\":{\"@id\":\"https:\\\/\\\/www.eldiariodetucuman.com\\\/web\\\/#organization\"},\"potentialAction\":[{\"@type\":\"SearchAction\",\"target\":{\"@type\":\"EntryPoint\",\"urlTemplate\":\"https:\\\/\\\/www.eldiariodetucuman.com\\\/web\\\/?s={search_term_string}\"},\"query-input\":{\"@type\":\"PropertyValueSpecification\",\"valueRequired\":true,\"valueName\":\"search_term_string\"}}],\"inLanguage\":\"es\"},{\"@type\":\"Organization\",\"@id\":\"https:\\\/\\\/www.eldiariodetucuman.com\\\/web\\\/#organization\",\"name\":\"El Diario de Tucuman\",\"url\":\"https:\\\/\\\/www.eldiariodetucuman.com\\\/web\\\/\",\"logo\":{\"@type\":\"ImageObject\",\"inLanguage\":\"es\",\"@id\":\"https:\\\/\\\/www.eldiariodetucuman.com\\\/web\\\/#\\\/schema\\\/logo\\\/image\\\/\",\"url\":\"http:\\\/\\\/www.eldiariodetucuman.com\\\/web\\\/wp-content\\\/uploads\\\/2017\\\/12\\\/el-diario-de-tucuman.jpg\",\"contentUrl\":\"http:\\\/\\\/www.eldiariodetucuman.com\\\/web\\\/wp-content\\\/uploads\\\/2017\\\/12\\\/el-diario-de-tucuman.jpg\",\"width\":272,\"height\":92,\"caption\":\"El Diario de Tucuman\"},\"image\":{\"@id\":\"https:\\\/\\\/www.eldiariodetucuman.com\\\/web\\\/#\\\/schema\\\/logo\\\/image\\\/\"}},{\"@type\":\"Person\",\"@id\":\"https:\\\/\\\/www.eldiariodetucuman.com\\\/web\\\/#\\\/schema\\\/person\\\/6f95946e54fde848b878ffa4928071d5\",\"name\":\"eldiario detucuman\",\"image\":{\"@type\":\"ImageObject\",\"inLanguage\":\"es\",\"@id\":\"https:\\\/\\\/secure.gravatar.com\\\/avatar\\\/b6e1f89c5c4044c4962c8e6c20b1ca2cc99f549c965908afd4ec5308b3f51bfe?s=96&d=mm&r=g\",\"url\":\"https:\\\/\\\/secure.gravatar.com\\\/avatar\\\/b6e1f89c5c4044c4962c8e6c20b1ca2cc99f549c965908afd4ec5308b3f51bfe?s=96&d=mm&r=g\",\"contentUrl\":\"https:\\\/\\\/secure.gravatar.com\\\/avatar\\\/b6e1f89c5c4044c4962c8e6c20b1ca2cc99f549c965908afd4ec5308b3f51bfe?s=96&d=mm&r=g\",\"caption\":\"eldiario detucuman\"},\"url\":\"https:\\\/\\\/www.eldiariodetucuman.com\\\/web\\\/author\\\/eldiariodetucuman\\\/\"}]}<\/script>\n<!-- \/ Yoast SEO plugin. -->","yoast_head_json":{"title":"Son 10 los muertos y 15 heridos por atropellamiento masivo en Canad\u00e1 - El Diario de Tucuman","robots":{"index":"index","follow":"follow","max-snippet":"max-snippet:-1","max-image-preview":"max-image-preview:large","max-video-preview":"max-video-preview:-1"},"canonical":"https:\/\/www.eldiariodetucuman.com\/web\/son-10-los-muertos-y-15-heridos-por-atropellamiento-masivo-en-canada\/","og_locale":"es_ES","og_type":"article","og_title":"Son 10 los muertos y 15 heridos por atropellamiento masivo en Canad\u00e1 - El Diario de Tucuman","og_description":"Un hombre mat\u00f3 al menos a diez\u00a0personas e hiri\u00f3 a otras quince al atropellar a varios peatones con una furgoneta en el centro de la ciudad canadiense de Toronto, antes de ser detenido luego de una tensa confrontaci\u00f3n con la polic\u00eda, informaron autoridades. Testigos dijeron que el hombre manejaba a alta velocidad y parec\u00eda actuar [&hellip;]","og_url":"https:\/\/www.eldiariodetucuman.com\/web\/son-10-los-muertos-y-15-heridos-por-atropellamiento-masivo-en-canada\/","og_site_name":"El Diario de Tucuman","article_published_time":"2018-04-24T15:50:39+00:00","og_image":[{"width":970,"height":546,"url":"https:\/\/www.eldiariodetucuman.com\/web\/wp-content\/uploads\/2018\/04\/cdf065479ca542aad9f16d57c960470d.jpeg","type":"image\/jpeg"}],"author":"eldiario detucuman","twitter_card":"summary_large_image","twitter_misc":{"Escrito por":"eldiario detucuman","Tiempo de lectura":"1 minuto"},"schema":{"@context":"https:\/\/schema.org","@graph":[{"@type":"Article","@id":"https:\/\/www.eldiariodetucuman.com\/web\/son-10-los-muertos-y-15-heridos-por-atropellamiento-masivo-en-canada\/#article","isPartOf":{"@id":"https:\/\/www.eldiariodetucuman.com\/web\/son-10-los-muertos-y-15-heridos-por-atropellamiento-masivo-en-canada\/"},"author":{"name":"eldiario detucuman","@id":"https:\/\/www.eldiariodetucuman.com\/web\/#\/schema\/person\/6f95946e54fde848b878ffa4928071d5"},"headline":"Son 10 los muertos y 15 heridos por atropellamiento masivo en Canad\u00e1","datePublished":"2018-04-24T15:50:39+00:00","mainEntityOfPage":{"@id":"https:\/\/www.eldiariodetucuman.com\/web\/son-10-los-muertos-y-15-heridos-por-atropellamiento-masivo-en-canada\/"},"wordCount":207,"commentCount":0,"publisher":{"@id":"https:\/\/www.eldiariodetucuman.com\/web\/#organization"},"image":{"@id":"https:\/\/www.eldiariodetucuman.com\/web\/son-10-los-muertos-y-15-heridos-por-atropellamiento-masivo-en-canada\/#primaryimage"},"thumbnailUrl":"https:\/\/www.eldiariodetucuman.com\/web\/wp-content\/uploads\/2018\/04\/cdf065479ca542aad9f16d57c960470d.jpeg","articleSection":["Internacionales"],"inLanguage":"es","potentialAction":[{"@type":"CommentAction","name":"Comment","target":["https:\/\/www.eldiariodetucuman.com\/web\/son-10-los-muertos-y-15-heridos-por-atropellamiento-masivo-en-canada\/#respond"]}]},{"@type":"WebPage","@id":"https:\/\/www.eldiariodetucuman.com\/web\/son-10-los-muertos-y-15-heridos-por-atropellamiento-masivo-en-canada\/","url":"https:\/\/www.eldiariodetucuman.com\/web\/son-10-los-muertos-y-15-heridos-por-atropellamiento-masivo-en-canada\/","name":"Son 10 los muertos y 15 heridos por atropellamiento masivo en Canad\u00e1 - El Diario de Tucuman","isPartOf":{"@id":"https:\/\/www.eldiariodetucuman.com\/web\/#website"},"primaryImageOfPage":{"@id":"https:\/\/www.eldiariodetucuman.com\/web\/son-10-los-muertos-y-15-heridos-por-atropellamiento-masivo-en-canada\/#primaryimage"},"image":{"@id":"https:\/\/www.eldiariodetucuman.com\/web\/son-10-los-muertos-y-15-heridos-por-atropellamiento-masivo-en-canada\/#primaryimage"},"thumbnailUrl":"https:\/\/www.eldiariodetucuman.com\/web\/wp-content\/uploads\/2018\/04\/cdf065479ca542aad9f16d57c960470d.jpeg","datePublished":"2018-04-24T15:50:39+00:00","breadcrumb":{"@id":"https:\/\/www.eldiariodetucuman.com\/web\/son-10-los-muertos-y-15-heridos-por-atropellamiento-masivo-en-canada\/#breadcrumb"},"inLanguage":"es","potentialAction":[{"@type":"ReadAction","target":["https:\/\/www.eldiariodetucuman.com\/web\/son-10-los-muertos-y-15-heridos-por-atropellamiento-masivo-en-canada\/"]}]},{"@type":"ImageObject","inLanguage":"es","@id":"https:\/\/www.eldiariodetucuman.com\/web\/son-10-los-muertos-y-15-heridos-por-atropellamiento-masivo-en-canada\/#primaryimage","url":"https:\/\/www.eldiariodetucuman.com\/web\/wp-content\/uploads\/2018\/04\/cdf065479ca542aad9f16d57c960470d.jpeg","contentUrl":"https:\/\/www.eldiariodetucuman.com\/web\/wp-content\/uploads\/2018\/04\/cdf065479ca542aad9f16d57c960470d.jpeg","width":970,"height":546},{"@type":"BreadcrumbList","@id":"https:\/\/www.eldiariodetucuman.com\/web\/son-10-los-muertos-y-15-heridos-por-atropellamiento-masivo-en-canada\/#breadcrumb","itemListElement":[{"@type":"ListItem","position":1,"name":"Portada","item":"https:\/\/www.eldiariodetucuman.com\/web\/"},{"@type":"ListItem","position":2,"name":"Son 10 los muertos y 15 heridos por atropellamiento masivo en Canad\u00e1"}]},{"@type":"WebSite","@id":"https:\/\/www.eldiariodetucuman.com\/web\/#website","url":"https:\/\/www.eldiariodetucuman.com\/web\/","name":"El Diario de Tucuman","description":"Diario Tucuman - Informaci\u00f3n y noticias","publisher":{"@id":"https:\/\/www.eldiariodetucuman.com\/web\/#organization"},"potentialAction":[{"@type":"SearchAction","target":{"@type":"EntryPoint","urlTemplate":"https:\/\/www.eldiariodetucuman.com\/web\/?s={search_term_string}"},"query-input":{"@type":"PropertyValueSpecification","valueRequired":true,"valueName":"search_term_string"}}],"inLanguage":"es"},{"@type":"Organization","@id":"https:\/\/www.eldiariodetucuman.com\/web\/#organization","name":"El Diario de Tucuman","url":"https:\/\/www.eldiariodetucuman.com\/web\/","logo":{"@type":"ImageObject","inLanguage":"es","@id":"https:\/\/www.eldiariodetucuman.com\/web\/#\/schema\/logo\/image\/","url":"http:\/\/www.eldiariodetucuman.com\/web\/wp-content\/uploads\/2017\/12\/el-diario-de-tucuman.jpg","contentUrl":"http:\/\/www.eldiariodetucuman.com\/web\/wp-content\/uploads\/2017\/12\/el-diario-de-tucuman.jpg","width":272,"height":92,"caption":"El Diario de Tucuman"},"image":{"@id":"https:\/\/www.eldiariodetucuman.com\/web\/#\/schema\/logo\/image\/"}},{"@type":"Person","@id":"https:\/\/www.eldiariodetucuman.com\/web\/#\/schema\/person\/6f95946e54fde848b878ffa4928071d5","name":"eldiario detucuman","image":{"@type":"ImageObject","inLanguage":"es","@id":"https:\/\/secure.gravatar.com\/avatar\/b6e1f89c5c4044c4962c8e6c20b1ca2cc99f549c965908afd4ec5308b3f51bfe?s=96&d=mm&r=g","url":"https:\/\/secure.gravatar.com\/avatar\/b6e1f89c5c4044c4962c8e6c20b1ca2cc99f549c965908afd4ec5308b3f51bfe?s=96&d=mm&r=g","contentUrl":"https:\/\/secure.gravatar.com\/avatar\/b6e1f89c5c4044c4962c8e6c20b1ca2cc99f549c965908afd4ec5308b3f51bfe?s=96&d=mm&r=g","caption":"eldiario detucuman"},"url":"https:\/\/www.eldiariodetucuman.com\/web\/author\/eldiariodetucuman\/"}]}},"_links":{"self":[{"href":"https:\/\/www.eldiariodetucuman.com\/web\/wp-json\/wp\/v2\/posts\/9121","targetHints":{"allow":["GET"]}}],"collection":[{"href":"https:\/\/www.eldiariodetucuman.com\/web\/wp-json\/wp\/v2\/posts"}],"about":[{"href":"https:\/\/www.eldiariodetucuman.com\/web\/wp-json\/wp\/v2\/types\/post"}],"author":[{"embeddable":true,"href":"https:\/\/www.eldiariodetucuman.com\/web\/wp-json\/wp\/v2\/users\/4"}],"replies":[{"embeddable":true,"href":"https:\/\/www.eldiariodetucuman.com\/web\/wp-json\/wp\/v2\/comments?post=9121"}],"version-history":[{"count":0,"href":"https:\/\/www.eldiariodetucuman.com\/web\/wp-json\/wp\/v2\/posts\/9121\/revisions"}],"wp:featuredmedia":[{"embeddable":true,"href":"https:\/\/www.eldiariodetucuman.com\/web\/wp-json\/wp\/v2\/media\/9122"}],"wp:attachment":[{"href":"https:\/\/www.eldiariodetucuman.com\/web\/wp-json\/wp\/v2\/media?parent=9121"}],"wp:term":[{"taxonomy":"category","embeddable":true,"href":"https:\/\/www.eldiariodetucuman.com\/web\/wp-json\/wp\/v2\/categories?post=9121"},{"taxonomy":"post_tag","embeddable":true,"href":"https:\/\/www.eldiariodetucuman.com\/web\/wp-json\/wp\/v2\/tags?post=9121"}],"curies":[{"name":"wp","href":"https:\/\/api.w.org\/{rel}","templated":true}]}}