{"id":9116,"date":"2018-04-24T12:37:29","date_gmt":"2018-04-24T15:37:29","guid":{"rendered":"http:\/\/www.eldiariodetucuman.com\/web\/vera-apelo-el-procesamiento-por-no-devolver-maquinas-de-coser\/"},"modified":"2018-04-24T12:37:32","modified_gmt":"2018-04-24T15:37:32","slug":"vera-apelo-el-procesamiento-por-no-devolver-maquinas-de-coser","status":"publish","type":"post","link":"https:\/\/www.eldiariodetucuman.com\/web\/vera-apelo-el-procesamiento-por-no-devolver-maquinas-de-coser\/","title":{"rendered":"Vera apel\u00f3 el procesamiento por no devolver m\u00e1quinas de coser"},"content":{"rendered":"<div>\n<div readability=\"46.326107445806\">\n<p>El <a href=\"https:\/\/www.elintransigente.com\/politica\/2018\/4\/23\/duro-reves-para-gustavo-vera-487990.html\">procesamiento que le realiz\u00f3 el juez federal Claudio Bonad\u00edo<\/a> al ex legislador porte\u00f1o y titular de La Alameda, <a href=\"https:\/\/www.elintransigente.com\/espectaculo\/famosos\/2018\/4\/3\/gustavo-vera-durisimo-con-mirtha-legrand-485033.html\">Gustavo Vera<\/a>, por no haber devuelto unas m\u00e1quinas de coser que se le hab\u00edan otorgado en consignaci\u00f3n como depositario judicial, signific\u00f3 un duro rev\u00e9s judicial para el l\u00edder de la fundaci\u00f3n que suele denunciar a los talleres clandestinos que operan en nuestro pa\u00eds.\u00a0<\/p>\n<p>Tras conocerse la medida judicial, el abogado de Vera, Andr\u00e9s Daniel Popritkin, <strong>interpuso un recurso de apelaci\u00f3n<\/strong> contra el auto de procesamiento dictado el 20 de abril, en el que se dispuso el procesamiento sin prisi\u00f3n preventiva y al embargo sobre sus bienes personales, por una suma de 20 mil pesos. En la presentaci\u00f3n de 16 p\u00e1ginas que realiz\u00f3 el letrado,<strong> se pidi\u00f3 la nulidad de la resoluci\u00f3n y el apartamiento del juez Bonad\u00edo de la causa<\/strong>.\u00a0<\/p>\n<aside class=\"htmlinline \"><ins class=\"adsbygoogle\" data-ad-layout=\"in-article\" data-ad-format=\"fluid\" data-ad-client=\"ca-pub-7781556717282971\" data-ad-slot=\"9383133609\"><\/ins><br \/>\n<\/aside>\n<p>\u201cLa valoraci\u00f3n parcial y sesgada de los elementos probatorios realizada por el juez, sumado a la marcada diferencia que se hizo al momento de analizar la conducta de las dos personas que estaban imputadas en el inicio (Vera y Piumato), evidencia<strong> por parte del juez una animadversi\u00f3n que no se condice en absoluto con el tr\u00e1mite de la causa<\/strong>, por lo que el juez Claudio Bonad\u00edo <strong>debe ser apartado del tr\u00e1mite del legajo<\/strong>\u201d, indicaron en la apelaci\u00f3n.\u00a0<\/p>\n<p>Y en la presentaci\u00f3n aclar\u00f3: \u201cTanto Vera como Piumato no eran meros depositarios judiciales, sino que ten\u00edan la expresa manda judicial de destinar los bienes entregados para su reutilizaci\u00f3n social en los t\u00e9rminos planteados por el titular del Juzgado Nacional en lo Criminal y Correccional Federal N\u00ba4, lo que no ha sido siquiera contemplado en el resolutorio puesto en crisis\u201d.\u00a0<\/p>\n<p>En ese sentido, en la apelaci\u00f3n acusaron al magistrado de haber omitido \u201cdeliberadamente las acciones realizadas por la parte para poner los bienes (dos m\u00e1quinas de coser) en condiciones \u00f3ptimas de uso y funcionamiento\u201d. \u201c<strong>Las maquinarias han sido reparadas y tambi\u00e9n se han firmado contratos de comodato con dos organizaciones sociales<\/strong>, ello con autorizaci\u00f3n expresa del juez instructor\u201d, se defendi\u00f3 Vera.\u00a0<\/p>\n<\/div>\n<\/div>\n<p>Fuente: https:\/\/www.elintransigente.com\/politica\/2018\/4\/24\/vera-apelo-el-procesamiento-por-no-devolver-maquinas-de-coser-488053.html<\/p>\n","protected":false},"excerpt":{"rendered":"<p>El procesamiento que le realiz\u00f3 el juez federal Claudio Bonad\u00edo al ex legislador porte\u00f1o y titular de La Alameda, Gustavo Vera, por no haber devuelto unas m\u00e1quinas de coser que se le hab\u00edan otorgado en consignaci\u00f3n como depositario judicial, signific\u00f3 un duro rev\u00e9s judicial para el l\u00edder de la fundaci\u00f3n que suele denunciar a los [&hellip;]<\/p>\n","protected":false},"author":1,"featured_media":9117,"comment_status":"open","ping_status":"closed","sticky":false,"template":"","format":"standard","meta":{"footnotes":""},"categories":[1],"tags":[],"class_list":{"0":"post-9116","1":"post","2":"type-post","3":"status-publish","4":"format-standard","5":"has-post-thumbnail","7":"category-portada"},"yoast_head":"<!-- This site is optimized with the Yoast SEO plugin v27.4 - https:\/\/yoast.com\/product\/yoast-seo-wordpress\/ -->\n<title>Vera apel\u00f3 el procesamiento por no devolver m\u00e1quinas de coser - El Diario de Tucuman<\/title>\n<meta name=\"robots\" content=\"index, follow, max-snippet:-1, max-image-preview:large, max-video-preview:-1\" \/>\n<link rel=\"canonical\" href=\"https:\/\/www.eldiariodetucuman.com\/web\/vera-apelo-el-procesamiento-por-no-devolver-maquinas-de-coser\/\" \/>\n<meta property=\"og:locale\" content=\"es_ES\" \/>\n<meta property=\"og:type\" content=\"article\" \/>\n<meta property=\"og:title\" content=\"Vera apel\u00f3 el procesamiento por no devolver m\u00e1quinas de coser - El Diario de Tucuman\" \/>\n<meta property=\"og:description\" content=\"El procesamiento que le realiz\u00f3 el juez federal Claudio Bonad\u00edo al ex legislador porte\u00f1o y titular de La Alameda, Gustavo Vera, por no haber devuelto unas m\u00e1quinas de coser que se le hab\u00edan otorgado en consignaci\u00f3n como depositario judicial, signific\u00f3 un duro rev\u00e9s judicial para el l\u00edder de la fundaci\u00f3n que suele denunciar a los [&hellip;]\" \/>\n<meta property=\"og:url\" content=\"https:\/\/www.eldiariodetucuman.com\/web\/vera-apelo-el-procesamiento-por-no-devolver-maquinas-de-coser\/\" \/>\n<meta property=\"og:site_name\" content=\"El Diario de Tucuman\" \/>\n<meta property=\"article:published_time\" content=\"2018-04-24T15:37:29+00:00\" \/>\n<meta property=\"article:modified_time\" content=\"2018-04-24T15:37:32+00:00\" \/>\n<meta property=\"og:image\" content=\"https:\/\/www.eldiariodetucuman.com\/web\/wp-content\/uploads\/2018\/04\/ca6b8b26b6f412154956acb5daaaee14.jpeg\" \/>\n\t<meta property=\"og:image:width\" content=\"960\" \/>\n\t<meta property=\"og:image:height\" content=\"960\" \/>\n\t<meta property=\"og:image:type\" content=\"image\/jpeg\" \/>\n<meta name=\"author\" content=\"admin\" \/>\n<meta name=\"twitter:card\" content=\"summary_large_image\" \/>\n<meta name=\"twitter:label1\" content=\"Escrito por\" \/>\n\t<meta name=\"twitter:data1\" content=\"admin\" \/>\n\t<meta name=\"twitter:label2\" content=\"Tiempo de lectura\" \/>\n\t<meta name=\"twitter:data2\" content=\"2 minutos\" \/>\n<script type=\"application\/ld+json\" class=\"yoast-schema-graph\">{\"@context\":\"https:\\\/\\\/schema.org\",\"@graph\":[{\"@type\":\"Article\",\"@id\":\"https:\\\/\\\/www.eldiariodetucuman.com\\\/web\\\/vera-apelo-el-procesamiento-por-no-devolver-maquinas-de-coser\\\/#article\",\"isPartOf\":{\"@id\":\"https:\\\/\\\/www.eldiariodetucuman.com\\\/web\\\/vera-apelo-el-procesamiento-por-no-devolver-maquinas-de-coser\\\/\"},\"author\":{\"name\":\"admin\",\"@id\":\"https:\\\/\\\/www.eldiariodetucuman.com\\\/web\\\/#\\\/schema\\\/person\\\/9250197d75ab5483412e19678b121caa\"},\"headline\":\"Vera apel\u00f3 el procesamiento por no devolver m\u00e1quinas de coser\",\"datePublished\":\"2018-04-24T15:37:29+00:00\",\"dateModified\":\"2018-04-24T15:37:32+00:00\",\"mainEntityOfPage\":{\"@id\":\"https:\\\/\\\/www.eldiariodetucuman.com\\\/web\\\/vera-apelo-el-procesamiento-por-no-devolver-maquinas-de-coser\\\/\"},\"wordCount\":383,\"commentCount\":0,\"publisher\":{\"@id\":\"https:\\\/\\\/www.eldiariodetucuman.com\\\/web\\\/#organization\"},\"image\":{\"@id\":\"https:\\\/\\\/www.eldiariodetucuman.com\\\/web\\\/vera-apelo-el-procesamiento-por-no-devolver-maquinas-de-coser\\\/#primaryimage\"},\"thumbnailUrl\":\"https:\\\/\\\/www.eldiariodetucuman.com\\\/web\\\/wp-content\\\/uploads\\\/2018\\\/04\\\/ca6b8b26b6f412154956acb5daaaee14.jpeg\",\"articleSection\":[\"Portada\"],\"inLanguage\":\"es\",\"potentialAction\":[{\"@type\":\"CommentAction\",\"name\":\"Comment\",\"target\":[\"https:\\\/\\\/www.eldiariodetucuman.com\\\/web\\\/vera-apelo-el-procesamiento-por-no-devolver-maquinas-de-coser\\\/#respond\"]}]},{\"@type\":\"WebPage\",\"@id\":\"https:\\\/\\\/www.eldiariodetucuman.com\\\/web\\\/vera-apelo-el-procesamiento-por-no-devolver-maquinas-de-coser\\\/\",\"url\":\"https:\\\/\\\/www.eldiariodetucuman.com\\\/web\\\/vera-apelo-el-procesamiento-por-no-devolver-maquinas-de-coser\\\/\",\"name\":\"Vera apel\u00f3 el procesamiento por no devolver m\u00e1quinas de coser - El Diario de Tucuman\",\"isPartOf\":{\"@id\":\"https:\\\/\\\/www.eldiariodetucuman.com\\\/web\\\/#website\"},\"primaryImageOfPage\":{\"@id\":\"https:\\\/\\\/www.eldiariodetucuman.com\\\/web\\\/vera-apelo-el-procesamiento-por-no-devolver-maquinas-de-coser\\\/#primaryimage\"},\"image\":{\"@id\":\"https:\\\/\\\/www.eldiariodetucuman.com\\\/web\\\/vera-apelo-el-procesamiento-por-no-devolver-maquinas-de-coser\\\/#primaryimage\"},\"thumbnailUrl\":\"https:\\\/\\\/www.eldiariodetucuman.com\\\/web\\\/wp-content\\\/uploads\\\/2018\\\/04\\\/ca6b8b26b6f412154956acb5daaaee14.jpeg\",\"datePublished\":\"2018-04-24T15:37:29+00:00\",\"dateModified\":\"2018-04-24T15:37:32+00:00\",\"breadcrumb\":{\"@id\":\"https:\\\/\\\/www.eldiariodetucuman.com\\\/web\\\/vera-apelo-el-procesamiento-por-no-devolver-maquinas-de-coser\\\/#breadcrumb\"},\"inLanguage\":\"es\",\"potentialAction\":[{\"@type\":\"ReadAction\",\"target\":[\"https:\\\/\\\/www.eldiariodetucuman.com\\\/web\\\/vera-apelo-el-procesamiento-por-no-devolver-maquinas-de-coser\\\/\"]}]},{\"@type\":\"ImageObject\",\"inLanguage\":\"es\",\"@id\":\"https:\\\/\\\/www.eldiariodetucuman.com\\\/web\\\/vera-apelo-el-procesamiento-por-no-devolver-maquinas-de-coser\\\/#primaryimage\",\"url\":\"https:\\\/\\\/www.eldiariodetucuman.com\\\/web\\\/wp-content\\\/uploads\\\/2018\\\/04\\\/ca6b8b26b6f412154956acb5daaaee14.jpeg\",\"contentUrl\":\"https:\\\/\\\/www.eldiariodetucuman.com\\\/web\\\/wp-content\\\/uploads\\\/2018\\\/04\\\/ca6b8b26b6f412154956acb5daaaee14.jpeg\",\"width\":960,\"height\":960},{\"@type\":\"BreadcrumbList\",\"@id\":\"https:\\\/\\\/www.eldiariodetucuman.com\\\/web\\\/vera-apelo-el-procesamiento-por-no-devolver-maquinas-de-coser\\\/#breadcrumb\",\"itemListElement\":[{\"@type\":\"ListItem\",\"position\":1,\"name\":\"Portada\",\"item\":\"https:\\\/\\\/www.eldiariodetucuman.com\\\/web\\\/\"},{\"@type\":\"ListItem\",\"position\":2,\"name\":\"Vera apel\u00f3 el procesamiento por no devolver m\u00e1quinas de coser\"}]},{\"@type\":\"WebSite\",\"@id\":\"https:\\\/\\\/www.eldiariodetucuman.com\\\/web\\\/#website\",\"url\":\"https:\\\/\\\/www.eldiariodetucuman.com\\\/web\\\/\",\"name\":\"El Diario de Tucuman\",\"description\":\"Diario Tucuman - Informaci\u00f3n y noticias\",\"publisher\":{\"@id\":\"https:\\\/\\\/www.eldiariodetucuman.com\\\/web\\\/#organization\"},\"potentialAction\":[{\"@type\":\"SearchAction\",\"target\":{\"@type\":\"EntryPoint\",\"urlTemplate\":\"https:\\\/\\\/www.eldiariodetucuman.com\\\/web\\\/?s={search_term_string}\"},\"query-input\":{\"@type\":\"PropertyValueSpecification\",\"valueRequired\":true,\"valueName\":\"search_term_string\"}}],\"inLanguage\":\"es\"},{\"@type\":\"Organization\",\"@id\":\"https:\\\/\\\/www.eldiariodetucuman.com\\\/web\\\/#organization\",\"name\":\"El Diario de Tucuman\",\"url\":\"https:\\\/\\\/www.eldiariodetucuman.com\\\/web\\\/\",\"logo\":{\"@type\":\"ImageObject\",\"inLanguage\":\"es\",\"@id\":\"https:\\\/\\\/www.eldiariodetucuman.com\\\/web\\\/#\\\/schema\\\/logo\\\/image\\\/\",\"url\":\"http:\\\/\\\/www.eldiariodetucuman.com\\\/web\\\/wp-content\\\/uploads\\\/2017\\\/12\\\/el-diario-de-tucuman.jpg\",\"contentUrl\":\"http:\\\/\\\/www.eldiariodetucuman.com\\\/web\\\/wp-content\\\/uploads\\\/2017\\\/12\\\/el-diario-de-tucuman.jpg\",\"width\":272,\"height\":92,\"caption\":\"El Diario de Tucuman\"},\"image\":{\"@id\":\"https:\\\/\\\/www.eldiariodetucuman.com\\\/web\\\/#\\\/schema\\\/logo\\\/image\\\/\"}},{\"@type\":\"Person\",\"@id\":\"https:\\\/\\\/www.eldiariodetucuman.com\\\/web\\\/#\\\/schema\\\/person\\\/9250197d75ab5483412e19678b121caa\",\"name\":\"admin\",\"image\":{\"@type\":\"ImageObject\",\"inLanguage\":\"es\",\"@id\":\"https:\\\/\\\/secure.gravatar.com\\\/avatar\\\/c44d117c2be811212c22cb481f6b8384b6873de103fbc49e7a03cc58d7dea4ac?s=96&d=mm&r=g\",\"url\":\"https:\\\/\\\/secure.gravatar.com\\\/avatar\\\/c44d117c2be811212c22cb481f6b8384b6873de103fbc49e7a03cc58d7dea4ac?s=96&d=mm&r=g\",\"contentUrl\":\"https:\\\/\\\/secure.gravatar.com\\\/avatar\\\/c44d117c2be811212c22cb481f6b8384b6873de103fbc49e7a03cc58d7dea4ac?s=96&d=mm&r=g\",\"caption\":\"admin\"},\"url\":\"https:\\\/\\\/www.eldiariodetucuman.com\\\/web\\\/author\\\/admin\\\/\"}]}<\/script>\n<!-- \/ Yoast SEO plugin. -->","yoast_head_json":{"title":"Vera apel\u00f3 el procesamiento por no devolver m\u00e1quinas de coser - El Diario de Tucuman","robots":{"index":"index","follow":"follow","max-snippet":"max-snippet:-1","max-image-preview":"max-image-preview:large","max-video-preview":"max-video-preview:-1"},"canonical":"https:\/\/www.eldiariodetucuman.com\/web\/vera-apelo-el-procesamiento-por-no-devolver-maquinas-de-coser\/","og_locale":"es_ES","og_type":"article","og_title":"Vera apel\u00f3 el procesamiento por no devolver m\u00e1quinas de coser - El Diario de Tucuman","og_description":"El procesamiento que le realiz\u00f3 el juez federal Claudio Bonad\u00edo al ex legislador porte\u00f1o y titular de La Alameda, Gustavo Vera, por no haber devuelto unas m\u00e1quinas de coser que se le hab\u00edan otorgado en consignaci\u00f3n como depositario judicial, signific\u00f3 un duro rev\u00e9s judicial para el l\u00edder de la fundaci\u00f3n que suele denunciar a los [&hellip;]","og_url":"https:\/\/www.eldiariodetucuman.com\/web\/vera-apelo-el-procesamiento-por-no-devolver-maquinas-de-coser\/","og_site_name":"El Diario de Tucuman","article_published_time":"2018-04-24T15:37:29+00:00","article_modified_time":"2018-04-24T15:37:32+00:00","og_image":[{"width":960,"height":960,"url":"https:\/\/www.eldiariodetucuman.com\/web\/wp-content\/uploads\/2018\/04\/ca6b8b26b6f412154956acb5daaaee14.jpeg","type":"image\/jpeg"}],"author":"admin","twitter_card":"summary_large_image","twitter_misc":{"Escrito por":"admin","Tiempo de lectura":"2 minutos"},"schema":{"@context":"https:\/\/schema.org","@graph":[{"@type":"Article","@id":"https:\/\/www.eldiariodetucuman.com\/web\/vera-apelo-el-procesamiento-por-no-devolver-maquinas-de-coser\/#article","isPartOf":{"@id":"https:\/\/www.eldiariodetucuman.com\/web\/vera-apelo-el-procesamiento-por-no-devolver-maquinas-de-coser\/"},"author":{"name":"admin","@id":"https:\/\/www.eldiariodetucuman.com\/web\/#\/schema\/person\/9250197d75ab5483412e19678b121caa"},"headline":"Vera apel\u00f3 el procesamiento por no devolver m\u00e1quinas de coser","datePublished":"2018-04-24T15:37:29+00:00","dateModified":"2018-04-24T15:37:32+00:00","mainEntityOfPage":{"@id":"https:\/\/www.eldiariodetucuman.com\/web\/vera-apelo-el-procesamiento-por-no-devolver-maquinas-de-coser\/"},"wordCount":383,"commentCount":0,"publisher":{"@id":"https:\/\/www.eldiariodetucuman.com\/web\/#organization"},"image":{"@id":"https:\/\/www.eldiariodetucuman.com\/web\/vera-apelo-el-procesamiento-por-no-devolver-maquinas-de-coser\/#primaryimage"},"thumbnailUrl":"https:\/\/www.eldiariodetucuman.com\/web\/wp-content\/uploads\/2018\/04\/ca6b8b26b6f412154956acb5daaaee14.jpeg","articleSection":["Portada"],"inLanguage":"es","potentialAction":[{"@type":"CommentAction","name":"Comment","target":["https:\/\/www.eldiariodetucuman.com\/web\/vera-apelo-el-procesamiento-por-no-devolver-maquinas-de-coser\/#respond"]}]},{"@type":"WebPage","@id":"https:\/\/www.eldiariodetucuman.com\/web\/vera-apelo-el-procesamiento-por-no-devolver-maquinas-de-coser\/","url":"https:\/\/www.eldiariodetucuman.com\/web\/vera-apelo-el-procesamiento-por-no-devolver-maquinas-de-coser\/","name":"Vera apel\u00f3 el procesamiento por no devolver m\u00e1quinas de coser - El Diario de Tucuman","isPartOf":{"@id":"https:\/\/www.eldiariodetucuman.com\/web\/#website"},"primaryImageOfPage":{"@id":"https:\/\/www.eldiariodetucuman.com\/web\/vera-apelo-el-procesamiento-por-no-devolver-maquinas-de-coser\/#primaryimage"},"image":{"@id":"https:\/\/www.eldiariodetucuman.com\/web\/vera-apelo-el-procesamiento-por-no-devolver-maquinas-de-coser\/#primaryimage"},"thumbnailUrl":"https:\/\/www.eldiariodetucuman.com\/web\/wp-content\/uploads\/2018\/04\/ca6b8b26b6f412154956acb5daaaee14.jpeg","datePublished":"2018-04-24T15:37:29+00:00","dateModified":"2018-04-24T15:37:32+00:00","breadcrumb":{"@id":"https:\/\/www.eldiariodetucuman.com\/web\/vera-apelo-el-procesamiento-por-no-devolver-maquinas-de-coser\/#breadcrumb"},"inLanguage":"es","potentialAction":[{"@type":"ReadAction","target":["https:\/\/www.eldiariodetucuman.com\/web\/vera-apelo-el-procesamiento-por-no-devolver-maquinas-de-coser\/"]}]},{"@type":"ImageObject","inLanguage":"es","@id":"https:\/\/www.eldiariodetucuman.com\/web\/vera-apelo-el-procesamiento-por-no-devolver-maquinas-de-coser\/#primaryimage","url":"https:\/\/www.eldiariodetucuman.com\/web\/wp-content\/uploads\/2018\/04\/ca6b8b26b6f412154956acb5daaaee14.jpeg","contentUrl":"https:\/\/www.eldiariodetucuman.com\/web\/wp-content\/uploads\/2018\/04\/ca6b8b26b6f412154956acb5daaaee14.jpeg","width":960,"height":960},{"@type":"BreadcrumbList","@id":"https:\/\/www.eldiariodetucuman.com\/web\/vera-apelo-el-procesamiento-por-no-devolver-maquinas-de-coser\/#breadcrumb","itemListElement":[{"@type":"ListItem","position":1,"name":"Portada","item":"https:\/\/www.eldiariodetucuman.com\/web\/"},{"@type":"ListItem","position":2,"name":"Vera apel\u00f3 el procesamiento por no devolver m\u00e1quinas de coser"}]},{"@type":"WebSite","@id":"https:\/\/www.eldiariodetucuman.com\/web\/#website","url":"https:\/\/www.eldiariodetucuman.com\/web\/","name":"El Diario de Tucuman","description":"Diario Tucuman - Informaci\u00f3n y noticias","publisher":{"@id":"https:\/\/www.eldiariodetucuman.com\/web\/#organization"},"potentialAction":[{"@type":"SearchAction","target":{"@type":"EntryPoint","urlTemplate":"https:\/\/www.eldiariodetucuman.com\/web\/?s={search_term_string}"},"query-input":{"@type":"PropertyValueSpecification","valueRequired":true,"valueName":"search_term_string"}}],"inLanguage":"es"},{"@type":"Organization","@id":"https:\/\/www.eldiariodetucuman.com\/web\/#organization","name":"El Diario de Tucuman","url":"https:\/\/www.eldiariodetucuman.com\/web\/","logo":{"@type":"ImageObject","inLanguage":"es","@id":"https:\/\/www.eldiariodetucuman.com\/web\/#\/schema\/logo\/image\/","url":"http:\/\/www.eldiariodetucuman.com\/web\/wp-content\/uploads\/2017\/12\/el-diario-de-tucuman.jpg","contentUrl":"http:\/\/www.eldiariodetucuman.com\/web\/wp-content\/uploads\/2017\/12\/el-diario-de-tucuman.jpg","width":272,"height":92,"caption":"El Diario de Tucuman"},"image":{"@id":"https:\/\/www.eldiariodetucuman.com\/web\/#\/schema\/logo\/image\/"}},{"@type":"Person","@id":"https:\/\/www.eldiariodetucuman.com\/web\/#\/schema\/person\/9250197d75ab5483412e19678b121caa","name":"admin","image":{"@type":"ImageObject","inLanguage":"es","@id":"https:\/\/secure.gravatar.com\/avatar\/c44d117c2be811212c22cb481f6b8384b6873de103fbc49e7a03cc58d7dea4ac?s=96&d=mm&r=g","url":"https:\/\/secure.gravatar.com\/avatar\/c44d117c2be811212c22cb481f6b8384b6873de103fbc49e7a03cc58d7dea4ac?s=96&d=mm&r=g","contentUrl":"https:\/\/secure.gravatar.com\/avatar\/c44d117c2be811212c22cb481f6b8384b6873de103fbc49e7a03cc58d7dea4ac?s=96&d=mm&r=g","caption":"admin"},"url":"https:\/\/www.eldiariodetucuman.com\/web\/author\/admin\/"}]}},"_links":{"self":[{"href":"https:\/\/www.eldiariodetucuman.com\/web\/wp-json\/wp\/v2\/posts\/9116","targetHints":{"allow":["GET"]}}],"collection":[{"href":"https:\/\/www.eldiariodetucuman.com\/web\/wp-json\/wp\/v2\/posts"}],"about":[{"href":"https:\/\/www.eldiariodetucuman.com\/web\/wp-json\/wp\/v2\/types\/post"}],"author":[{"embeddable":true,"href":"https:\/\/www.eldiariodetucuman.com\/web\/wp-json\/wp\/v2\/users\/1"}],"replies":[{"embeddable":true,"href":"https:\/\/www.eldiariodetucuman.com\/web\/wp-json\/wp\/v2\/comments?post=9116"}],"version-history":[{"count":1,"href":"https:\/\/www.eldiariodetucuman.com\/web\/wp-json\/wp\/v2\/posts\/9116\/revisions"}],"predecessor-version":[{"id":9118,"href":"https:\/\/www.eldiariodetucuman.com\/web\/wp-json\/wp\/v2\/posts\/9116\/revisions\/9118"}],"wp:featuredmedia":[{"embeddable":true,"href":"https:\/\/www.eldiariodetucuman.com\/web\/wp-json\/wp\/v2\/media\/9117"}],"wp:attachment":[{"href":"https:\/\/www.eldiariodetucuman.com\/web\/wp-json\/wp\/v2\/media?parent=9116"}],"wp:term":[{"taxonomy":"category","embeddable":true,"href":"https:\/\/www.eldiariodetucuman.com\/web\/wp-json\/wp\/v2\/categories?post=9116"},{"taxonomy":"post_tag","embeddable":true,"href":"https:\/\/www.eldiariodetucuman.com\/web\/wp-json\/wp\/v2\/tags?post=9116"}],"curies":[{"name":"wp","href":"https:\/\/api.w.org\/{rel}","templated":true}]}}