{"id":9113,"date":"2018-04-24T12:14:37","date_gmt":"2018-04-24T15:14:37","guid":{"rendered":"http:\/\/www.eldiariodetucuman.com\/web\/el-lunes-30-de-abril-hay-que-trabajar-o-no\/"},"modified":"2018-04-24T12:14:41","modified_gmt":"2018-04-24T15:14:41","slug":"el-lunes-30-de-abril-hay-que-trabajar-o-no","status":"publish","type":"post","link":"https:\/\/www.eldiariodetucuman.com\/web\/el-lunes-30-de-abril-hay-que-trabajar-o-no\/","title":{"rendered":"\u00bfEl lunes 30 de abril hay que trabajar o no?"},"content":{"rendered":"<div>\n<div readability=\"66\">\n<p>El 30 de abril, v\u00edspera del D\u00eda del Trabajador, cae lunes, con lo cual la gente se plantea la duda: \u00bfser\u00e1 ese d\u00eda un \u00abferiado puente\u00bb como durante los a\u00f1os del kircherismo, o ser\u00e1 s\u00f3lo una \u00abjornada no laborable\u00bb?<\/p>\n<p>En noviembre de 2017, el decreto 923\/2017 publicado en el Bolet\u00edn Oficial restableci\u00f3 los feriados puente de 2018 y 2019. Tras haber estado fuera de los almanaques durante 2016 y 2017, el Gobierno nacional dio marcha atr\u00e1s para fomentar el turismo en el pa\u00eds, destaca Infobae.<\/p>\n<p>La administraci\u00f3n de <b>Mauricio Macri<\/b> volvi\u00f3 a habilitarlos a trav\u00e9s de la ley 27.399 que se aprob\u00f3 en el Congreso el pasado septiembre. La medida permite fijar anualmente hasta tres d\u00edas no laborables con el fin de incentivar el turismo, que deben coincidir con los d\u00edas lunes o viernes.<\/p>\n<p>Para 2018 se determinaron como \u201cferiado puente\u201d no laborables el 30 de abril y el 24 y 31 de diciembre. En cambio, para 2019 se seleccionaron el 8 de julio, el 19 de agosto y el 14 de octubre.<\/p>\n<p><b><\/p>\n<p>Importante: no son feriados<br \/><\/b><br \/>\u00bfCu\u00e1l es la diferencia entre feriado y d\u00eda no laborable? Que el feriado es como si fuera un d\u00eda franco para los trabajadores en relaci\u00f3n de dependencia. No deben trabajar y si lo hacen deben tener una bonificaci\u00f3n en el jornal, seg\u00fan el convenio colectivo de trabajo. En cambio, en los d\u00edas no laborables es potestad de la empresa convocar a sus empleados o dar asueto.<\/p>\n<p>Entonces el 30 de abril es no laborable y se trabaja de acuerdo a la necesidad y costumbre de la empresa sin bonificaci\u00f3n para el que concurre y el 1\u00ba de mayo s\u00ed es feriado por el D\u00eda del Trabajador.<\/p>\n<\/p><\/div>\n<\/div>\n<p>Fuente: http:\/\/www.lagaceta.com.ar\/nota\/768540\/actualidad\/lunes-30-abril-hay-trabajar-o-no.html<\/p>\n","protected":false},"excerpt":{"rendered":"<p>El 30 de abril, v\u00edspera del D\u00eda del Trabajador, cae lunes, con lo cual la gente se plantea la duda: \u00bfser\u00e1 ese d\u00eda un \u00abferiado puente\u00bb como durante los a\u00f1os del kircherismo, o ser\u00e1 s\u00f3lo una \u00abjornada no laborable\u00bb? En noviembre de 2017, el decreto 923\/2017 publicado en el Bolet\u00edn Oficial restableci\u00f3 los feriados puente [&hellip;]<\/p>\n","protected":false},"author":1,"featured_media":9114,"comment_status":"open","ping_status":"closed","sticky":false,"template":"","format":"standard","meta":{"footnotes":""},"categories":[1],"tags":[],"class_list":{"0":"post-9113","1":"post","2":"type-post","3":"status-publish","4":"format-standard","5":"has-post-thumbnail","7":"category-portada"},"yoast_head":"<!-- This site is optimized with the Yoast SEO plugin v27.4 - https:\/\/yoast.com\/product\/yoast-seo-wordpress\/ -->\n<title>\u00bfEl lunes 30 de abril hay que trabajar o no? - El Diario de Tucuman<\/title>\n<meta name=\"robots\" content=\"index, follow, max-snippet:-1, max-image-preview:large, max-video-preview:-1\" \/>\n<link rel=\"canonical\" href=\"https:\/\/www.eldiariodetucuman.com\/web\/el-lunes-30-de-abril-hay-que-trabajar-o-no\/\" \/>\n<meta property=\"og:locale\" content=\"es_ES\" \/>\n<meta property=\"og:type\" content=\"article\" \/>\n<meta property=\"og:title\" content=\"\u00bfEl lunes 30 de abril hay que trabajar o no? - El Diario de Tucuman\" \/>\n<meta property=\"og:description\" content=\"El 30 de abril, v\u00edspera del D\u00eda del Trabajador, cae lunes, con lo cual la gente se plantea la duda: \u00bfser\u00e1 ese d\u00eda un \u00abferiado puente\u00bb como durante los a\u00f1os del kircherismo, o ser\u00e1 s\u00f3lo una \u00abjornada no laborable\u00bb? En noviembre de 2017, el decreto 923\/2017 publicado en el Bolet\u00edn Oficial restableci\u00f3 los feriados puente [&hellip;]\" \/>\n<meta property=\"og:url\" content=\"https:\/\/www.eldiariodetucuman.com\/web\/el-lunes-30-de-abril-hay-que-trabajar-o-no\/\" \/>\n<meta property=\"og:site_name\" content=\"El Diario de Tucuman\" \/>\n<meta property=\"article:published_time\" content=\"2018-04-24T15:14:37+00:00\" \/>\n<meta property=\"article:modified_time\" content=\"2018-04-24T15:14:41+00:00\" \/>\n<meta property=\"og:image\" content=\"https:\/\/www.eldiariodetucuman.com\/web\/wp-content\/uploads\/2018\/04\/ebe341d8716fadb98f075fbce3fa323a.jpeg\" \/>\n\t<meta property=\"og:image:width\" content=\"970\" \/>\n\t<meta property=\"og:image:height\" content=\"546\" \/>\n\t<meta property=\"og:image:type\" content=\"image\/jpeg\" \/>\n<meta name=\"author\" content=\"admin\" \/>\n<meta name=\"twitter:card\" content=\"summary_large_image\" \/>\n<meta name=\"twitter:label1\" content=\"Escrito por\" \/>\n\t<meta name=\"twitter:data1\" content=\"admin\" \/>\n\t<meta name=\"twitter:label2\" content=\"Tiempo de lectura\" \/>\n\t<meta name=\"twitter:data2\" content=\"1 minuto\" \/>\n<script type=\"application\/ld+json\" class=\"yoast-schema-graph\">{\"@context\":\"https:\\\/\\\/schema.org\",\"@graph\":[{\"@type\":\"Article\",\"@id\":\"https:\\\/\\\/www.eldiariodetucuman.com\\\/web\\\/el-lunes-30-de-abril-hay-que-trabajar-o-no\\\/#article\",\"isPartOf\":{\"@id\":\"https:\\\/\\\/www.eldiariodetucuman.com\\\/web\\\/el-lunes-30-de-abril-hay-que-trabajar-o-no\\\/\"},\"author\":{\"name\":\"admin\",\"@id\":\"https:\\\/\\\/www.eldiariodetucuman.com\\\/web\\\/#\\\/schema\\\/person\\\/9250197d75ab5483412e19678b121caa\"},\"headline\":\"\u00bfEl lunes 30 de abril hay que trabajar o no?\",\"datePublished\":\"2018-04-24T15:14:37+00:00\",\"dateModified\":\"2018-04-24T15:14:41+00:00\",\"mainEntityOfPage\":{\"@id\":\"https:\\\/\\\/www.eldiariodetucuman.com\\\/web\\\/el-lunes-30-de-abril-hay-que-trabajar-o-no\\\/\"},\"wordCount\":306,\"commentCount\":0,\"publisher\":{\"@id\":\"https:\\\/\\\/www.eldiariodetucuman.com\\\/web\\\/#organization\"},\"image\":{\"@id\":\"https:\\\/\\\/www.eldiariodetucuman.com\\\/web\\\/el-lunes-30-de-abril-hay-que-trabajar-o-no\\\/#primaryimage\"},\"thumbnailUrl\":\"https:\\\/\\\/www.eldiariodetucuman.com\\\/web\\\/wp-content\\\/uploads\\\/2018\\\/04\\\/ebe341d8716fadb98f075fbce3fa323a.jpeg\",\"articleSection\":[\"Portada\"],\"inLanguage\":\"es\",\"potentialAction\":[{\"@type\":\"CommentAction\",\"name\":\"Comment\",\"target\":[\"https:\\\/\\\/www.eldiariodetucuman.com\\\/web\\\/el-lunes-30-de-abril-hay-que-trabajar-o-no\\\/#respond\"]}]},{\"@type\":\"WebPage\",\"@id\":\"https:\\\/\\\/www.eldiariodetucuman.com\\\/web\\\/el-lunes-30-de-abril-hay-que-trabajar-o-no\\\/\",\"url\":\"https:\\\/\\\/www.eldiariodetucuman.com\\\/web\\\/el-lunes-30-de-abril-hay-que-trabajar-o-no\\\/\",\"name\":\"\u00bfEl lunes 30 de abril hay que trabajar o no? - El Diario de Tucuman\",\"isPartOf\":{\"@id\":\"https:\\\/\\\/www.eldiariodetucuman.com\\\/web\\\/#website\"},\"primaryImageOfPage\":{\"@id\":\"https:\\\/\\\/www.eldiariodetucuman.com\\\/web\\\/el-lunes-30-de-abril-hay-que-trabajar-o-no\\\/#primaryimage\"},\"image\":{\"@id\":\"https:\\\/\\\/www.eldiariodetucuman.com\\\/web\\\/el-lunes-30-de-abril-hay-que-trabajar-o-no\\\/#primaryimage\"},\"thumbnailUrl\":\"https:\\\/\\\/www.eldiariodetucuman.com\\\/web\\\/wp-content\\\/uploads\\\/2018\\\/04\\\/ebe341d8716fadb98f075fbce3fa323a.jpeg\",\"datePublished\":\"2018-04-24T15:14:37+00:00\",\"dateModified\":\"2018-04-24T15:14:41+00:00\",\"breadcrumb\":{\"@id\":\"https:\\\/\\\/www.eldiariodetucuman.com\\\/web\\\/el-lunes-30-de-abril-hay-que-trabajar-o-no\\\/#breadcrumb\"},\"inLanguage\":\"es\",\"potentialAction\":[{\"@type\":\"ReadAction\",\"target\":[\"https:\\\/\\\/www.eldiariodetucuman.com\\\/web\\\/el-lunes-30-de-abril-hay-que-trabajar-o-no\\\/\"]}]},{\"@type\":\"ImageObject\",\"inLanguage\":\"es\",\"@id\":\"https:\\\/\\\/www.eldiariodetucuman.com\\\/web\\\/el-lunes-30-de-abril-hay-que-trabajar-o-no\\\/#primaryimage\",\"url\":\"https:\\\/\\\/www.eldiariodetucuman.com\\\/web\\\/wp-content\\\/uploads\\\/2018\\\/04\\\/ebe341d8716fadb98f075fbce3fa323a.jpeg\",\"contentUrl\":\"https:\\\/\\\/www.eldiariodetucuman.com\\\/web\\\/wp-content\\\/uploads\\\/2018\\\/04\\\/ebe341d8716fadb98f075fbce3fa323a.jpeg\",\"width\":970,\"height\":546},{\"@type\":\"BreadcrumbList\",\"@id\":\"https:\\\/\\\/www.eldiariodetucuman.com\\\/web\\\/el-lunes-30-de-abril-hay-que-trabajar-o-no\\\/#breadcrumb\",\"itemListElement\":[{\"@type\":\"ListItem\",\"position\":1,\"name\":\"Portada\",\"item\":\"https:\\\/\\\/www.eldiariodetucuman.com\\\/web\\\/\"},{\"@type\":\"ListItem\",\"position\":2,\"name\":\"\u00bfEl lunes 30 de abril hay que trabajar o no?\"}]},{\"@type\":\"WebSite\",\"@id\":\"https:\\\/\\\/www.eldiariodetucuman.com\\\/web\\\/#website\",\"url\":\"https:\\\/\\\/www.eldiariodetucuman.com\\\/web\\\/\",\"name\":\"El Diario de Tucuman\",\"description\":\"Diario Tucuman - Informaci\u00f3n y noticias\",\"publisher\":{\"@id\":\"https:\\\/\\\/www.eldiariodetucuman.com\\\/web\\\/#organization\"},\"potentialAction\":[{\"@type\":\"SearchAction\",\"target\":{\"@type\":\"EntryPoint\",\"urlTemplate\":\"https:\\\/\\\/www.eldiariodetucuman.com\\\/web\\\/?s={search_term_string}\"},\"query-input\":{\"@type\":\"PropertyValueSpecification\",\"valueRequired\":true,\"valueName\":\"search_term_string\"}}],\"inLanguage\":\"es\"},{\"@type\":\"Organization\",\"@id\":\"https:\\\/\\\/www.eldiariodetucuman.com\\\/web\\\/#organization\",\"name\":\"El Diario de Tucuman\",\"url\":\"https:\\\/\\\/www.eldiariodetucuman.com\\\/web\\\/\",\"logo\":{\"@type\":\"ImageObject\",\"inLanguage\":\"es\",\"@id\":\"https:\\\/\\\/www.eldiariodetucuman.com\\\/web\\\/#\\\/schema\\\/logo\\\/image\\\/\",\"url\":\"http:\\\/\\\/www.eldiariodetucuman.com\\\/web\\\/wp-content\\\/uploads\\\/2017\\\/12\\\/el-diario-de-tucuman.jpg\",\"contentUrl\":\"http:\\\/\\\/www.eldiariodetucuman.com\\\/web\\\/wp-content\\\/uploads\\\/2017\\\/12\\\/el-diario-de-tucuman.jpg\",\"width\":272,\"height\":92,\"caption\":\"El Diario de Tucuman\"},\"image\":{\"@id\":\"https:\\\/\\\/www.eldiariodetucuman.com\\\/web\\\/#\\\/schema\\\/logo\\\/image\\\/\"}},{\"@type\":\"Person\",\"@id\":\"https:\\\/\\\/www.eldiariodetucuman.com\\\/web\\\/#\\\/schema\\\/person\\\/9250197d75ab5483412e19678b121caa\",\"name\":\"admin\",\"image\":{\"@type\":\"ImageObject\",\"inLanguage\":\"es\",\"@id\":\"https:\\\/\\\/secure.gravatar.com\\\/avatar\\\/c44d117c2be811212c22cb481f6b8384b6873de103fbc49e7a03cc58d7dea4ac?s=96&d=mm&r=g\",\"url\":\"https:\\\/\\\/secure.gravatar.com\\\/avatar\\\/c44d117c2be811212c22cb481f6b8384b6873de103fbc49e7a03cc58d7dea4ac?s=96&d=mm&r=g\",\"contentUrl\":\"https:\\\/\\\/secure.gravatar.com\\\/avatar\\\/c44d117c2be811212c22cb481f6b8384b6873de103fbc49e7a03cc58d7dea4ac?s=96&d=mm&r=g\",\"caption\":\"admin\"},\"url\":\"https:\\\/\\\/www.eldiariodetucuman.com\\\/web\\\/author\\\/admin\\\/\"}]}<\/script>\n<!-- \/ Yoast SEO plugin. -->","yoast_head_json":{"title":"\u00bfEl lunes 30 de abril hay que trabajar o no? - El Diario de Tucuman","robots":{"index":"index","follow":"follow","max-snippet":"max-snippet:-1","max-image-preview":"max-image-preview:large","max-video-preview":"max-video-preview:-1"},"canonical":"https:\/\/www.eldiariodetucuman.com\/web\/el-lunes-30-de-abril-hay-que-trabajar-o-no\/","og_locale":"es_ES","og_type":"article","og_title":"\u00bfEl lunes 30 de abril hay que trabajar o no? - El Diario de Tucuman","og_description":"El 30 de abril, v\u00edspera del D\u00eda del Trabajador, cae lunes, con lo cual la gente se plantea la duda: \u00bfser\u00e1 ese d\u00eda un \u00abferiado puente\u00bb como durante los a\u00f1os del kircherismo, o ser\u00e1 s\u00f3lo una \u00abjornada no laborable\u00bb? En noviembre de 2017, el decreto 923\/2017 publicado en el Bolet\u00edn Oficial restableci\u00f3 los feriados puente [&hellip;]","og_url":"https:\/\/www.eldiariodetucuman.com\/web\/el-lunes-30-de-abril-hay-que-trabajar-o-no\/","og_site_name":"El Diario de Tucuman","article_published_time":"2018-04-24T15:14:37+00:00","article_modified_time":"2018-04-24T15:14:41+00:00","og_image":[{"width":970,"height":546,"url":"https:\/\/www.eldiariodetucuman.com\/web\/wp-content\/uploads\/2018\/04\/ebe341d8716fadb98f075fbce3fa323a.jpeg","type":"image\/jpeg"}],"author":"admin","twitter_card":"summary_large_image","twitter_misc":{"Escrito por":"admin","Tiempo de lectura":"1 minuto"},"schema":{"@context":"https:\/\/schema.org","@graph":[{"@type":"Article","@id":"https:\/\/www.eldiariodetucuman.com\/web\/el-lunes-30-de-abril-hay-que-trabajar-o-no\/#article","isPartOf":{"@id":"https:\/\/www.eldiariodetucuman.com\/web\/el-lunes-30-de-abril-hay-que-trabajar-o-no\/"},"author":{"name":"admin","@id":"https:\/\/www.eldiariodetucuman.com\/web\/#\/schema\/person\/9250197d75ab5483412e19678b121caa"},"headline":"\u00bfEl lunes 30 de abril hay que trabajar o no?","datePublished":"2018-04-24T15:14:37+00:00","dateModified":"2018-04-24T15:14:41+00:00","mainEntityOfPage":{"@id":"https:\/\/www.eldiariodetucuman.com\/web\/el-lunes-30-de-abril-hay-que-trabajar-o-no\/"},"wordCount":306,"commentCount":0,"publisher":{"@id":"https:\/\/www.eldiariodetucuman.com\/web\/#organization"},"image":{"@id":"https:\/\/www.eldiariodetucuman.com\/web\/el-lunes-30-de-abril-hay-que-trabajar-o-no\/#primaryimage"},"thumbnailUrl":"https:\/\/www.eldiariodetucuman.com\/web\/wp-content\/uploads\/2018\/04\/ebe341d8716fadb98f075fbce3fa323a.jpeg","articleSection":["Portada"],"inLanguage":"es","potentialAction":[{"@type":"CommentAction","name":"Comment","target":["https:\/\/www.eldiariodetucuman.com\/web\/el-lunes-30-de-abril-hay-que-trabajar-o-no\/#respond"]}]},{"@type":"WebPage","@id":"https:\/\/www.eldiariodetucuman.com\/web\/el-lunes-30-de-abril-hay-que-trabajar-o-no\/","url":"https:\/\/www.eldiariodetucuman.com\/web\/el-lunes-30-de-abril-hay-que-trabajar-o-no\/","name":"\u00bfEl lunes 30 de abril hay que trabajar o no? - El Diario de Tucuman","isPartOf":{"@id":"https:\/\/www.eldiariodetucuman.com\/web\/#website"},"primaryImageOfPage":{"@id":"https:\/\/www.eldiariodetucuman.com\/web\/el-lunes-30-de-abril-hay-que-trabajar-o-no\/#primaryimage"},"image":{"@id":"https:\/\/www.eldiariodetucuman.com\/web\/el-lunes-30-de-abril-hay-que-trabajar-o-no\/#primaryimage"},"thumbnailUrl":"https:\/\/www.eldiariodetucuman.com\/web\/wp-content\/uploads\/2018\/04\/ebe341d8716fadb98f075fbce3fa323a.jpeg","datePublished":"2018-04-24T15:14:37+00:00","dateModified":"2018-04-24T15:14:41+00:00","breadcrumb":{"@id":"https:\/\/www.eldiariodetucuman.com\/web\/el-lunes-30-de-abril-hay-que-trabajar-o-no\/#breadcrumb"},"inLanguage":"es","potentialAction":[{"@type":"ReadAction","target":["https:\/\/www.eldiariodetucuman.com\/web\/el-lunes-30-de-abril-hay-que-trabajar-o-no\/"]}]},{"@type":"ImageObject","inLanguage":"es","@id":"https:\/\/www.eldiariodetucuman.com\/web\/el-lunes-30-de-abril-hay-que-trabajar-o-no\/#primaryimage","url":"https:\/\/www.eldiariodetucuman.com\/web\/wp-content\/uploads\/2018\/04\/ebe341d8716fadb98f075fbce3fa323a.jpeg","contentUrl":"https:\/\/www.eldiariodetucuman.com\/web\/wp-content\/uploads\/2018\/04\/ebe341d8716fadb98f075fbce3fa323a.jpeg","width":970,"height":546},{"@type":"BreadcrumbList","@id":"https:\/\/www.eldiariodetucuman.com\/web\/el-lunes-30-de-abril-hay-que-trabajar-o-no\/#breadcrumb","itemListElement":[{"@type":"ListItem","position":1,"name":"Portada","item":"https:\/\/www.eldiariodetucuman.com\/web\/"},{"@type":"ListItem","position":2,"name":"\u00bfEl lunes 30 de abril hay que trabajar o no?"}]},{"@type":"WebSite","@id":"https:\/\/www.eldiariodetucuman.com\/web\/#website","url":"https:\/\/www.eldiariodetucuman.com\/web\/","name":"El Diario de Tucuman","description":"Diario Tucuman - Informaci\u00f3n y noticias","publisher":{"@id":"https:\/\/www.eldiariodetucuman.com\/web\/#organization"},"potentialAction":[{"@type":"SearchAction","target":{"@type":"EntryPoint","urlTemplate":"https:\/\/www.eldiariodetucuman.com\/web\/?s={search_term_string}"},"query-input":{"@type":"PropertyValueSpecification","valueRequired":true,"valueName":"search_term_string"}}],"inLanguage":"es"},{"@type":"Organization","@id":"https:\/\/www.eldiariodetucuman.com\/web\/#organization","name":"El Diario de Tucuman","url":"https:\/\/www.eldiariodetucuman.com\/web\/","logo":{"@type":"ImageObject","inLanguage":"es","@id":"https:\/\/www.eldiariodetucuman.com\/web\/#\/schema\/logo\/image\/","url":"http:\/\/www.eldiariodetucuman.com\/web\/wp-content\/uploads\/2017\/12\/el-diario-de-tucuman.jpg","contentUrl":"http:\/\/www.eldiariodetucuman.com\/web\/wp-content\/uploads\/2017\/12\/el-diario-de-tucuman.jpg","width":272,"height":92,"caption":"El Diario de Tucuman"},"image":{"@id":"https:\/\/www.eldiariodetucuman.com\/web\/#\/schema\/logo\/image\/"}},{"@type":"Person","@id":"https:\/\/www.eldiariodetucuman.com\/web\/#\/schema\/person\/9250197d75ab5483412e19678b121caa","name":"admin","image":{"@type":"ImageObject","inLanguage":"es","@id":"https:\/\/secure.gravatar.com\/avatar\/c44d117c2be811212c22cb481f6b8384b6873de103fbc49e7a03cc58d7dea4ac?s=96&d=mm&r=g","url":"https:\/\/secure.gravatar.com\/avatar\/c44d117c2be811212c22cb481f6b8384b6873de103fbc49e7a03cc58d7dea4ac?s=96&d=mm&r=g","contentUrl":"https:\/\/secure.gravatar.com\/avatar\/c44d117c2be811212c22cb481f6b8384b6873de103fbc49e7a03cc58d7dea4ac?s=96&d=mm&r=g","caption":"admin"},"url":"https:\/\/www.eldiariodetucuman.com\/web\/author\/admin\/"}]}},"_links":{"self":[{"href":"https:\/\/www.eldiariodetucuman.com\/web\/wp-json\/wp\/v2\/posts\/9113","targetHints":{"allow":["GET"]}}],"collection":[{"href":"https:\/\/www.eldiariodetucuman.com\/web\/wp-json\/wp\/v2\/posts"}],"about":[{"href":"https:\/\/www.eldiariodetucuman.com\/web\/wp-json\/wp\/v2\/types\/post"}],"author":[{"embeddable":true,"href":"https:\/\/www.eldiariodetucuman.com\/web\/wp-json\/wp\/v2\/users\/1"}],"replies":[{"embeddable":true,"href":"https:\/\/www.eldiariodetucuman.com\/web\/wp-json\/wp\/v2\/comments?post=9113"}],"version-history":[{"count":1,"href":"https:\/\/www.eldiariodetucuman.com\/web\/wp-json\/wp\/v2\/posts\/9113\/revisions"}],"predecessor-version":[{"id":9115,"href":"https:\/\/www.eldiariodetucuman.com\/web\/wp-json\/wp\/v2\/posts\/9113\/revisions\/9115"}],"wp:featuredmedia":[{"embeddable":true,"href":"https:\/\/www.eldiariodetucuman.com\/web\/wp-json\/wp\/v2\/media\/9114"}],"wp:attachment":[{"href":"https:\/\/www.eldiariodetucuman.com\/web\/wp-json\/wp\/v2\/media?parent=9113"}],"wp:term":[{"taxonomy":"category","embeddable":true,"href":"https:\/\/www.eldiariodetucuman.com\/web\/wp-json\/wp\/v2\/categories?post=9113"},{"taxonomy":"post_tag","embeddable":true,"href":"https:\/\/www.eldiariodetucuman.com\/web\/wp-json\/wp\/v2\/tags?post=9113"}],"curies":[{"name":"wp","href":"https:\/\/api.w.org\/{rel}","templated":true}]}}