{"id":9110,"date":"2018-04-24T12:14:27","date_gmt":"2018-04-24T15:14:27","guid":{"rendered":"http:\/\/www.eldiariodetucuman.com\/web\/con-la-reaparicion-de-leandro-diaz-atletico-tiene-a-los-concentrados-para-enfrentar-a-the-strongest\/"},"modified":"2018-04-24T12:14:30","modified_gmt":"2018-04-24T15:14:30","slug":"con-la-reaparicion-de-leandro-diaz-atletico-tiene-a-los-concentrados-para-enfrentar-a-the-strongest","status":"publish","type":"post","link":"https:\/\/www.eldiariodetucuman.com\/web\/con-la-reaparicion-de-leandro-diaz-atletico-tiene-a-los-concentrados-para-enfrentar-a-the-strongest\/","title":{"rendered":"Con la reaparici\u00f3n de Leandro D\u00edaz, Atl\u00e9tico tiene a los concentrados para enfrentar a The Strongest"},"content":{"rendered":"<div>\n<div readability=\"52.60625\">\n<p>La incorporaci\u00f3n de <b>Leandro D\u00edaz <\/b>es la gran novedad en la lista de concentrados que dio a conocer Atl\u00e9tico a pocas horas del partido ante The Strongest, que se disputar\u00e1 ma\u00f1ana a las 19.15 en el estadio Monumental \u00abJos\u00e9 Fierro\u00bb.<\/p>\n<p>Luego de un flojo rendimiento ante Gimnasia y Esgrima La Plata, el delantero hab\u00eda quedado marginado de los \u00faltimos encuentros que disput\u00f3 el \u00abDecano\u00bb. El \u00abLoco\u00bb no tuvo lugar la semana pasada ante el \u00abTigre\u00bb boliviano en La Paz, ni tampoco en el choque ante Uni\u00f3n de Santa del \u00faltimo domingo.<\/p>\n<blockquote class=\"twitter-tweet\" data-lang=\"es\" readability=\"4.2941176470588\">\n<p lang=\"es\" dir=\"ltr\"><a href=\"https:\/\/twitter.com\/hashtag\/ConmebolLibertadores?src=hash&#038;ref_src=twsrc%5Etfw\">#ConmebolLibertadores<\/a><\/p>\n<p>Estos son los 19 futbolistas desginados por Ricardo Zielinski para el partido de este mi\u00e9rcoles, ante <a href=\"https:\/\/twitter.com\/ClubStrongest?ref_src=twsrc%5Etfw\">@ClubStrongest<\/a> <a href=\"https:\/\/twitter.com\/hashtag\/VamosDecano?src=hash&#038;ref_src=twsrc%5Etfw\">#VamosDecano<\/a> <a href=\"https:\/\/t.co\/hDohXNOVqu\">pic.twitter.com\/hDohXNOVqu<\/a><\/p>\n<p>\u2014 Atl\u00e9tico Tucum\u00e1n Of. (@ATOficial) <a href=\"https:\/\/twitter.com\/ATOficial\/status\/988790277346414594?ref_src=twsrc%5Etfw\">24 de abril de 2018<\/a><\/p><\/blockquote>\n<p>Sin embargo, <a href=\"https:\/\/www.lagaceta.com.ar\/nota\/768494\/deportes\/lo-se-presagiaba-domingo-se-confirmo-ayer-toledo-debera-pasar-quirofano.html\" mce_href=\"https:\/\/www.lagaceta.com.ar\/nota\/768494\/deportes\/lo-se-presagiaba-domingo-se-confirmo-ayer-toledo-debera-pasar-quirofano.html\" target=\"_blank\">luego de la lesi\u00f3n<\/a> de<b> Javier Toledo<\/b>, D\u00edaz volvi\u00f3 a ser tenido en cuenta por <b>Ricardo Zielinski<\/b>, que esta ma\u00f1ana design\u00f3 a 19 futbolistas para un partido que empezar\u00e1 a definir el futuro de los de 25 de Mayo y Chile en la Libertadores.<\/p>\n<p>Mauricio Affonso ser\u00e1 el otro nueve de \u00e1rea del que dispondr\u00e1 Zielinski para enfrentar a los pace\u00f1os.<\/p>\n<p><span class=\"style frase\"><br \/>\nMauricio Affonso ser\u00e1 el otro nueve de \u00e1rea del que dispondr\u00e1 Zielinski para enfrentar a los pace\u00f1os.<\/span><\/p>\n<p>Otra de las novedades es la inclusi\u00f3n de <b>Jonathan Cabral<\/b>. El defensor cumpli\u00f3 con las tres fechas de suspensi\u00f3n que arrastraba con Racing y ahora podr\u00e1 debutar en el certamen continental con Atl\u00e9tico.<\/p>\n<\/p><\/div>\n<\/div>\n<p>Fuente: http:\/\/www.lagaceta.com.ar\/nota\/768554\/deportes\/con-reaparicion-leandro-diaz-atletico-tiene-concentrados-para-enfrentar-the-strongest.html<\/p>\n","protected":false},"excerpt":{"rendered":"<p>La incorporaci\u00f3n de Leandro D\u00edaz es la gran novedad en la lista de concentrados que dio a conocer Atl\u00e9tico a pocas horas del partido ante The Strongest, que se disputar\u00e1 ma\u00f1ana a las 19.15 en el estadio Monumental \u00abJos\u00e9 Fierro\u00bb. Luego de un flojo rendimiento ante Gimnasia y Esgrima La Plata, el delantero hab\u00eda quedado [&hellip;]<\/p>\n","protected":false},"author":1,"featured_media":9111,"comment_status":"open","ping_status":"closed","sticky":false,"template":"","format":"standard","meta":{"footnotes":""},"categories":[1],"tags":[],"class_list":{"0":"post-9110","1":"post","2":"type-post","3":"status-publish","4":"format-standard","5":"has-post-thumbnail","7":"category-portada"},"yoast_head":"<!-- This site is optimized with the Yoast SEO plugin v27.4 - https:\/\/yoast.com\/product\/yoast-seo-wordpress\/ -->\n<title>Con la reaparici\u00f3n de Leandro D\u00edaz, Atl\u00e9tico tiene a los concentrados para enfrentar a The Strongest - El Diario de Tucuman<\/title>\n<meta name=\"robots\" content=\"index, follow, max-snippet:-1, max-image-preview:large, max-video-preview:-1\" \/>\n<link rel=\"canonical\" href=\"https:\/\/www.eldiariodetucuman.com\/web\/con-la-reaparicion-de-leandro-diaz-atletico-tiene-a-los-concentrados-para-enfrentar-a-the-strongest\/\" \/>\n<meta property=\"og:locale\" content=\"es_ES\" \/>\n<meta property=\"og:type\" content=\"article\" \/>\n<meta property=\"og:title\" content=\"Con la reaparici\u00f3n de Leandro D\u00edaz, Atl\u00e9tico tiene a los concentrados para enfrentar a The Strongest - El Diario de Tucuman\" \/>\n<meta property=\"og:description\" content=\"La incorporaci\u00f3n de Leandro D\u00edaz es la gran novedad en la lista de concentrados que dio a conocer Atl\u00e9tico a pocas horas del partido ante The Strongest, que se disputar\u00e1 ma\u00f1ana a las 19.15 en el estadio Monumental \u00abJos\u00e9 Fierro\u00bb. Luego de un flojo rendimiento ante Gimnasia y Esgrima La Plata, el delantero hab\u00eda quedado [&hellip;]\" \/>\n<meta property=\"og:url\" content=\"https:\/\/www.eldiariodetucuman.com\/web\/con-la-reaparicion-de-leandro-diaz-atletico-tiene-a-los-concentrados-para-enfrentar-a-the-strongest\/\" \/>\n<meta property=\"og:site_name\" content=\"El Diario de Tucuman\" \/>\n<meta property=\"article:published_time\" content=\"2018-04-24T15:14:27+00:00\" \/>\n<meta property=\"article:modified_time\" content=\"2018-04-24T15:14:30+00:00\" \/>\n<meta property=\"og:image\" content=\"https:\/\/www.eldiariodetucuman.com\/web\/wp-content\/uploads\/2018\/04\/78c5d169bbf1b4b1182297d2ffd80c94.jpeg\" \/>\n\t<meta property=\"og:image:width\" content=\"1500\" \/>\n\t<meta property=\"og:image:height\" content=\"850\" \/>\n\t<meta property=\"og:image:type\" content=\"image\/jpeg\" \/>\n<meta name=\"author\" content=\"admin\" \/>\n<meta name=\"twitter:card\" content=\"summary_large_image\" \/>\n<meta name=\"twitter:label1\" content=\"Escrito por\" \/>\n\t<meta name=\"twitter:data1\" content=\"admin\" \/>\n\t<meta name=\"twitter:label2\" content=\"Tiempo de lectura\" \/>\n\t<meta name=\"twitter:data2\" content=\"1 minuto\" \/>\n<script type=\"application\/ld+json\" class=\"yoast-schema-graph\">{\"@context\":\"https:\\\/\\\/schema.org\",\"@graph\":[{\"@type\":\"Article\",\"@id\":\"https:\\\/\\\/www.eldiariodetucuman.com\\\/web\\\/con-la-reaparicion-de-leandro-diaz-atletico-tiene-a-los-concentrados-para-enfrentar-a-the-strongest\\\/#article\",\"isPartOf\":{\"@id\":\"https:\\\/\\\/www.eldiariodetucuman.com\\\/web\\\/con-la-reaparicion-de-leandro-diaz-atletico-tiene-a-los-concentrados-para-enfrentar-a-the-strongest\\\/\"},\"author\":{\"name\":\"admin\",\"@id\":\"https:\\\/\\\/www.eldiariodetucuman.com\\\/web\\\/#\\\/schema\\\/person\\\/9250197d75ab5483412e19678b121caa\"},\"headline\":\"Con la reaparici\u00f3n de Leandro D\u00edaz, Atl\u00e9tico tiene a los concentrados para enfrentar a The Strongest\",\"datePublished\":\"2018-04-24T15:14:27+00:00\",\"dateModified\":\"2018-04-24T15:14:30+00:00\",\"mainEntityOfPage\":{\"@id\":\"https:\\\/\\\/www.eldiariodetucuman.com\\\/web\\\/con-la-reaparicion-de-leandro-diaz-atletico-tiene-a-los-concentrados-para-enfrentar-a-the-strongest\\\/\"},\"wordCount\":276,\"commentCount\":0,\"publisher\":{\"@id\":\"https:\\\/\\\/www.eldiariodetucuman.com\\\/web\\\/#organization\"},\"image\":{\"@id\":\"https:\\\/\\\/www.eldiariodetucuman.com\\\/web\\\/con-la-reaparicion-de-leandro-diaz-atletico-tiene-a-los-concentrados-para-enfrentar-a-the-strongest\\\/#primaryimage\"},\"thumbnailUrl\":\"https:\\\/\\\/www.eldiariodetucuman.com\\\/web\\\/wp-content\\\/uploads\\\/2018\\\/04\\\/78c5d169bbf1b4b1182297d2ffd80c94.jpeg\",\"articleSection\":[\"Portada\"],\"inLanguage\":\"es\",\"potentialAction\":[{\"@type\":\"CommentAction\",\"name\":\"Comment\",\"target\":[\"https:\\\/\\\/www.eldiariodetucuman.com\\\/web\\\/con-la-reaparicion-de-leandro-diaz-atletico-tiene-a-los-concentrados-para-enfrentar-a-the-strongest\\\/#respond\"]}]},{\"@type\":\"WebPage\",\"@id\":\"https:\\\/\\\/www.eldiariodetucuman.com\\\/web\\\/con-la-reaparicion-de-leandro-diaz-atletico-tiene-a-los-concentrados-para-enfrentar-a-the-strongest\\\/\",\"url\":\"https:\\\/\\\/www.eldiariodetucuman.com\\\/web\\\/con-la-reaparicion-de-leandro-diaz-atletico-tiene-a-los-concentrados-para-enfrentar-a-the-strongest\\\/\",\"name\":\"Con la reaparici\u00f3n de Leandro D\u00edaz, Atl\u00e9tico tiene a los concentrados para enfrentar a The Strongest - El Diario de Tucuman\",\"isPartOf\":{\"@id\":\"https:\\\/\\\/www.eldiariodetucuman.com\\\/web\\\/#website\"},\"primaryImageOfPage\":{\"@id\":\"https:\\\/\\\/www.eldiariodetucuman.com\\\/web\\\/con-la-reaparicion-de-leandro-diaz-atletico-tiene-a-los-concentrados-para-enfrentar-a-the-strongest\\\/#primaryimage\"},\"image\":{\"@id\":\"https:\\\/\\\/www.eldiariodetucuman.com\\\/web\\\/con-la-reaparicion-de-leandro-diaz-atletico-tiene-a-los-concentrados-para-enfrentar-a-the-strongest\\\/#primaryimage\"},\"thumbnailUrl\":\"https:\\\/\\\/www.eldiariodetucuman.com\\\/web\\\/wp-content\\\/uploads\\\/2018\\\/04\\\/78c5d169bbf1b4b1182297d2ffd80c94.jpeg\",\"datePublished\":\"2018-04-24T15:14:27+00:00\",\"dateModified\":\"2018-04-24T15:14:30+00:00\",\"breadcrumb\":{\"@id\":\"https:\\\/\\\/www.eldiariodetucuman.com\\\/web\\\/con-la-reaparicion-de-leandro-diaz-atletico-tiene-a-los-concentrados-para-enfrentar-a-the-strongest\\\/#breadcrumb\"},\"inLanguage\":\"es\",\"potentialAction\":[{\"@type\":\"ReadAction\",\"target\":[\"https:\\\/\\\/www.eldiariodetucuman.com\\\/web\\\/con-la-reaparicion-de-leandro-diaz-atletico-tiene-a-los-concentrados-para-enfrentar-a-the-strongest\\\/\"]}]},{\"@type\":\"ImageObject\",\"inLanguage\":\"es\",\"@id\":\"https:\\\/\\\/www.eldiariodetucuman.com\\\/web\\\/con-la-reaparicion-de-leandro-diaz-atletico-tiene-a-los-concentrados-para-enfrentar-a-the-strongest\\\/#primaryimage\",\"url\":\"https:\\\/\\\/www.eldiariodetucuman.com\\\/web\\\/wp-content\\\/uploads\\\/2018\\\/04\\\/78c5d169bbf1b4b1182297d2ffd80c94.jpeg\",\"contentUrl\":\"https:\\\/\\\/www.eldiariodetucuman.com\\\/web\\\/wp-content\\\/uploads\\\/2018\\\/04\\\/78c5d169bbf1b4b1182297d2ffd80c94.jpeg\",\"width\":1500,\"height\":850},{\"@type\":\"BreadcrumbList\",\"@id\":\"https:\\\/\\\/www.eldiariodetucuman.com\\\/web\\\/con-la-reaparicion-de-leandro-diaz-atletico-tiene-a-los-concentrados-para-enfrentar-a-the-strongest\\\/#breadcrumb\",\"itemListElement\":[{\"@type\":\"ListItem\",\"position\":1,\"name\":\"Portada\",\"item\":\"https:\\\/\\\/www.eldiariodetucuman.com\\\/web\\\/\"},{\"@type\":\"ListItem\",\"position\":2,\"name\":\"Con la reaparici\u00f3n de Leandro D\u00edaz, Atl\u00e9tico tiene a los concentrados para enfrentar a The Strongest\"}]},{\"@type\":\"WebSite\",\"@id\":\"https:\\\/\\\/www.eldiariodetucuman.com\\\/web\\\/#website\",\"url\":\"https:\\\/\\\/www.eldiariodetucuman.com\\\/web\\\/\",\"name\":\"El Diario de Tucuman\",\"description\":\"Diario Tucuman - Informaci\u00f3n y noticias\",\"publisher\":{\"@id\":\"https:\\\/\\\/www.eldiariodetucuman.com\\\/web\\\/#organization\"},\"potentialAction\":[{\"@type\":\"SearchAction\",\"target\":{\"@type\":\"EntryPoint\",\"urlTemplate\":\"https:\\\/\\\/www.eldiariodetucuman.com\\\/web\\\/?s={search_term_string}\"},\"query-input\":{\"@type\":\"PropertyValueSpecification\",\"valueRequired\":true,\"valueName\":\"search_term_string\"}}],\"inLanguage\":\"es\"},{\"@type\":\"Organization\",\"@id\":\"https:\\\/\\\/www.eldiariodetucuman.com\\\/web\\\/#organization\",\"name\":\"El Diario de Tucuman\",\"url\":\"https:\\\/\\\/www.eldiariodetucuman.com\\\/web\\\/\",\"logo\":{\"@type\":\"ImageObject\",\"inLanguage\":\"es\",\"@id\":\"https:\\\/\\\/www.eldiariodetucuman.com\\\/web\\\/#\\\/schema\\\/logo\\\/image\\\/\",\"url\":\"http:\\\/\\\/www.eldiariodetucuman.com\\\/web\\\/wp-content\\\/uploads\\\/2017\\\/12\\\/el-diario-de-tucuman.jpg\",\"contentUrl\":\"http:\\\/\\\/www.eldiariodetucuman.com\\\/web\\\/wp-content\\\/uploads\\\/2017\\\/12\\\/el-diario-de-tucuman.jpg\",\"width\":272,\"height\":92,\"caption\":\"El Diario de Tucuman\"},\"image\":{\"@id\":\"https:\\\/\\\/www.eldiariodetucuman.com\\\/web\\\/#\\\/schema\\\/logo\\\/image\\\/\"}},{\"@type\":\"Person\",\"@id\":\"https:\\\/\\\/www.eldiariodetucuman.com\\\/web\\\/#\\\/schema\\\/person\\\/9250197d75ab5483412e19678b121caa\",\"name\":\"admin\",\"image\":{\"@type\":\"ImageObject\",\"inLanguage\":\"es\",\"@id\":\"https:\\\/\\\/secure.gravatar.com\\\/avatar\\\/c44d117c2be811212c22cb481f6b8384b6873de103fbc49e7a03cc58d7dea4ac?s=96&d=mm&r=g\",\"url\":\"https:\\\/\\\/secure.gravatar.com\\\/avatar\\\/c44d117c2be811212c22cb481f6b8384b6873de103fbc49e7a03cc58d7dea4ac?s=96&d=mm&r=g\",\"contentUrl\":\"https:\\\/\\\/secure.gravatar.com\\\/avatar\\\/c44d117c2be811212c22cb481f6b8384b6873de103fbc49e7a03cc58d7dea4ac?s=96&d=mm&r=g\",\"caption\":\"admin\"},\"url\":\"https:\\\/\\\/www.eldiariodetucuman.com\\\/web\\\/author\\\/admin\\\/\"}]}<\/script>\n<!-- \/ Yoast SEO plugin. -->","yoast_head_json":{"title":"Con la reaparici\u00f3n de Leandro D\u00edaz, Atl\u00e9tico tiene a los concentrados para enfrentar a The Strongest - El Diario de Tucuman","robots":{"index":"index","follow":"follow","max-snippet":"max-snippet:-1","max-image-preview":"max-image-preview:large","max-video-preview":"max-video-preview:-1"},"canonical":"https:\/\/www.eldiariodetucuman.com\/web\/con-la-reaparicion-de-leandro-diaz-atletico-tiene-a-los-concentrados-para-enfrentar-a-the-strongest\/","og_locale":"es_ES","og_type":"article","og_title":"Con la reaparici\u00f3n de Leandro D\u00edaz, Atl\u00e9tico tiene a los concentrados para enfrentar a The Strongest - El Diario de Tucuman","og_description":"La incorporaci\u00f3n de Leandro D\u00edaz es la gran novedad en la lista de concentrados que dio a conocer Atl\u00e9tico a pocas horas del partido ante The Strongest, que se disputar\u00e1 ma\u00f1ana a las 19.15 en el estadio Monumental \u00abJos\u00e9 Fierro\u00bb. Luego de un flojo rendimiento ante Gimnasia y Esgrima La Plata, el delantero hab\u00eda quedado [&hellip;]","og_url":"https:\/\/www.eldiariodetucuman.com\/web\/con-la-reaparicion-de-leandro-diaz-atletico-tiene-a-los-concentrados-para-enfrentar-a-the-strongest\/","og_site_name":"El Diario de Tucuman","article_published_time":"2018-04-24T15:14:27+00:00","article_modified_time":"2018-04-24T15:14:30+00:00","og_image":[{"width":1500,"height":850,"url":"https:\/\/www.eldiariodetucuman.com\/web\/wp-content\/uploads\/2018\/04\/78c5d169bbf1b4b1182297d2ffd80c94.jpeg","type":"image\/jpeg"}],"author":"admin","twitter_card":"summary_large_image","twitter_misc":{"Escrito por":"admin","Tiempo de lectura":"1 minuto"},"schema":{"@context":"https:\/\/schema.org","@graph":[{"@type":"Article","@id":"https:\/\/www.eldiariodetucuman.com\/web\/con-la-reaparicion-de-leandro-diaz-atletico-tiene-a-los-concentrados-para-enfrentar-a-the-strongest\/#article","isPartOf":{"@id":"https:\/\/www.eldiariodetucuman.com\/web\/con-la-reaparicion-de-leandro-diaz-atletico-tiene-a-los-concentrados-para-enfrentar-a-the-strongest\/"},"author":{"name":"admin","@id":"https:\/\/www.eldiariodetucuman.com\/web\/#\/schema\/person\/9250197d75ab5483412e19678b121caa"},"headline":"Con la reaparici\u00f3n de Leandro D\u00edaz, Atl\u00e9tico tiene a los concentrados para enfrentar a The Strongest","datePublished":"2018-04-24T15:14:27+00:00","dateModified":"2018-04-24T15:14:30+00:00","mainEntityOfPage":{"@id":"https:\/\/www.eldiariodetucuman.com\/web\/con-la-reaparicion-de-leandro-diaz-atletico-tiene-a-los-concentrados-para-enfrentar-a-the-strongest\/"},"wordCount":276,"commentCount":0,"publisher":{"@id":"https:\/\/www.eldiariodetucuman.com\/web\/#organization"},"image":{"@id":"https:\/\/www.eldiariodetucuman.com\/web\/con-la-reaparicion-de-leandro-diaz-atletico-tiene-a-los-concentrados-para-enfrentar-a-the-strongest\/#primaryimage"},"thumbnailUrl":"https:\/\/www.eldiariodetucuman.com\/web\/wp-content\/uploads\/2018\/04\/78c5d169bbf1b4b1182297d2ffd80c94.jpeg","articleSection":["Portada"],"inLanguage":"es","potentialAction":[{"@type":"CommentAction","name":"Comment","target":["https:\/\/www.eldiariodetucuman.com\/web\/con-la-reaparicion-de-leandro-diaz-atletico-tiene-a-los-concentrados-para-enfrentar-a-the-strongest\/#respond"]}]},{"@type":"WebPage","@id":"https:\/\/www.eldiariodetucuman.com\/web\/con-la-reaparicion-de-leandro-diaz-atletico-tiene-a-los-concentrados-para-enfrentar-a-the-strongest\/","url":"https:\/\/www.eldiariodetucuman.com\/web\/con-la-reaparicion-de-leandro-diaz-atletico-tiene-a-los-concentrados-para-enfrentar-a-the-strongest\/","name":"Con la reaparici\u00f3n de Leandro D\u00edaz, Atl\u00e9tico tiene a los concentrados para enfrentar a The Strongest - El Diario de Tucuman","isPartOf":{"@id":"https:\/\/www.eldiariodetucuman.com\/web\/#website"},"primaryImageOfPage":{"@id":"https:\/\/www.eldiariodetucuman.com\/web\/con-la-reaparicion-de-leandro-diaz-atletico-tiene-a-los-concentrados-para-enfrentar-a-the-strongest\/#primaryimage"},"image":{"@id":"https:\/\/www.eldiariodetucuman.com\/web\/con-la-reaparicion-de-leandro-diaz-atletico-tiene-a-los-concentrados-para-enfrentar-a-the-strongest\/#primaryimage"},"thumbnailUrl":"https:\/\/www.eldiariodetucuman.com\/web\/wp-content\/uploads\/2018\/04\/78c5d169bbf1b4b1182297d2ffd80c94.jpeg","datePublished":"2018-04-24T15:14:27+00:00","dateModified":"2018-04-24T15:14:30+00:00","breadcrumb":{"@id":"https:\/\/www.eldiariodetucuman.com\/web\/con-la-reaparicion-de-leandro-diaz-atletico-tiene-a-los-concentrados-para-enfrentar-a-the-strongest\/#breadcrumb"},"inLanguage":"es","potentialAction":[{"@type":"ReadAction","target":["https:\/\/www.eldiariodetucuman.com\/web\/con-la-reaparicion-de-leandro-diaz-atletico-tiene-a-los-concentrados-para-enfrentar-a-the-strongest\/"]}]},{"@type":"ImageObject","inLanguage":"es","@id":"https:\/\/www.eldiariodetucuman.com\/web\/con-la-reaparicion-de-leandro-diaz-atletico-tiene-a-los-concentrados-para-enfrentar-a-the-strongest\/#primaryimage","url":"https:\/\/www.eldiariodetucuman.com\/web\/wp-content\/uploads\/2018\/04\/78c5d169bbf1b4b1182297d2ffd80c94.jpeg","contentUrl":"https:\/\/www.eldiariodetucuman.com\/web\/wp-content\/uploads\/2018\/04\/78c5d169bbf1b4b1182297d2ffd80c94.jpeg","width":1500,"height":850},{"@type":"BreadcrumbList","@id":"https:\/\/www.eldiariodetucuman.com\/web\/con-la-reaparicion-de-leandro-diaz-atletico-tiene-a-los-concentrados-para-enfrentar-a-the-strongest\/#breadcrumb","itemListElement":[{"@type":"ListItem","position":1,"name":"Portada","item":"https:\/\/www.eldiariodetucuman.com\/web\/"},{"@type":"ListItem","position":2,"name":"Con la reaparici\u00f3n de Leandro D\u00edaz, Atl\u00e9tico tiene a los concentrados para enfrentar a The Strongest"}]},{"@type":"WebSite","@id":"https:\/\/www.eldiariodetucuman.com\/web\/#website","url":"https:\/\/www.eldiariodetucuman.com\/web\/","name":"El Diario de Tucuman","description":"Diario Tucuman - Informaci\u00f3n y noticias","publisher":{"@id":"https:\/\/www.eldiariodetucuman.com\/web\/#organization"},"potentialAction":[{"@type":"SearchAction","target":{"@type":"EntryPoint","urlTemplate":"https:\/\/www.eldiariodetucuman.com\/web\/?s={search_term_string}"},"query-input":{"@type":"PropertyValueSpecification","valueRequired":true,"valueName":"search_term_string"}}],"inLanguage":"es"},{"@type":"Organization","@id":"https:\/\/www.eldiariodetucuman.com\/web\/#organization","name":"El Diario de Tucuman","url":"https:\/\/www.eldiariodetucuman.com\/web\/","logo":{"@type":"ImageObject","inLanguage":"es","@id":"https:\/\/www.eldiariodetucuman.com\/web\/#\/schema\/logo\/image\/","url":"http:\/\/www.eldiariodetucuman.com\/web\/wp-content\/uploads\/2017\/12\/el-diario-de-tucuman.jpg","contentUrl":"http:\/\/www.eldiariodetucuman.com\/web\/wp-content\/uploads\/2017\/12\/el-diario-de-tucuman.jpg","width":272,"height":92,"caption":"El Diario de Tucuman"},"image":{"@id":"https:\/\/www.eldiariodetucuman.com\/web\/#\/schema\/logo\/image\/"}},{"@type":"Person","@id":"https:\/\/www.eldiariodetucuman.com\/web\/#\/schema\/person\/9250197d75ab5483412e19678b121caa","name":"admin","image":{"@type":"ImageObject","inLanguage":"es","@id":"https:\/\/secure.gravatar.com\/avatar\/c44d117c2be811212c22cb481f6b8384b6873de103fbc49e7a03cc58d7dea4ac?s=96&d=mm&r=g","url":"https:\/\/secure.gravatar.com\/avatar\/c44d117c2be811212c22cb481f6b8384b6873de103fbc49e7a03cc58d7dea4ac?s=96&d=mm&r=g","contentUrl":"https:\/\/secure.gravatar.com\/avatar\/c44d117c2be811212c22cb481f6b8384b6873de103fbc49e7a03cc58d7dea4ac?s=96&d=mm&r=g","caption":"admin"},"url":"https:\/\/www.eldiariodetucuman.com\/web\/author\/admin\/"}]}},"_links":{"self":[{"href":"https:\/\/www.eldiariodetucuman.com\/web\/wp-json\/wp\/v2\/posts\/9110","targetHints":{"allow":["GET"]}}],"collection":[{"href":"https:\/\/www.eldiariodetucuman.com\/web\/wp-json\/wp\/v2\/posts"}],"about":[{"href":"https:\/\/www.eldiariodetucuman.com\/web\/wp-json\/wp\/v2\/types\/post"}],"author":[{"embeddable":true,"href":"https:\/\/www.eldiariodetucuman.com\/web\/wp-json\/wp\/v2\/users\/1"}],"replies":[{"embeddable":true,"href":"https:\/\/www.eldiariodetucuman.com\/web\/wp-json\/wp\/v2\/comments?post=9110"}],"version-history":[{"count":1,"href":"https:\/\/www.eldiariodetucuman.com\/web\/wp-json\/wp\/v2\/posts\/9110\/revisions"}],"predecessor-version":[{"id":9112,"href":"https:\/\/www.eldiariodetucuman.com\/web\/wp-json\/wp\/v2\/posts\/9110\/revisions\/9112"}],"wp:featuredmedia":[{"embeddable":true,"href":"https:\/\/www.eldiariodetucuman.com\/web\/wp-json\/wp\/v2\/media\/9111"}],"wp:attachment":[{"href":"https:\/\/www.eldiariodetucuman.com\/web\/wp-json\/wp\/v2\/media?parent=9110"}],"wp:term":[{"taxonomy":"category","embeddable":true,"href":"https:\/\/www.eldiariodetucuman.com\/web\/wp-json\/wp\/v2\/categories?post=9110"},{"taxonomy":"post_tag","embeddable":true,"href":"https:\/\/www.eldiariodetucuman.com\/web\/wp-json\/wp\/v2\/tags?post=9110"}],"curies":[{"name":"wp","href":"https:\/\/api.w.org\/{rel}","templated":true}]}}