{"id":9104,"date":"2018-04-24T12:09:03","date_gmt":"2018-04-24T15:09:03","guid":{"rendered":"http:\/\/www.eldiariodetucuman.com\/web\/las-tarifas-son-un-golpe-al-bolsillo-de-los-tucumanos\/"},"modified":"2018-04-24T12:09:03","modified_gmt":"2018-04-24T15:09:03","slug":"las-tarifas-son-un-golpe-al-bolsillo-de-los-tucumanos","status":"publish","type":"post","link":"https:\/\/www.eldiariodetucuman.com\/web\/las-tarifas-son-un-golpe-al-bolsillo-de-los-tucumanos\/","title":{"rendered":"\u201cLas tarifas son un golpe al bolsillo de los tucumanos\u201d"},"content":{"rendered":"<div>\n<div readability=\"50.5\">\n<p>El vicegobernador, a cargo del Poder Ejecutivo, <strong>Osvaldo Jaldo<\/strong>, se refiri\u00f3 al aumento de las tarifas de luz y gas que promueve el Gobierno nacional. La medida deber\u00e1 ser revisa, expres\u00f3, porque las familias tucumanas no pueden afrontar los costos\u00a0de los servicios.<\/p>\n<blockquote readability=\"14\">\n<p>Las tarifas fueron un golpe muy duro al bolsillo de los argentinos, y sobre todo de los tucumano, que hoy no pueden pagar. El Gobierno nacional muchas veces tuvo que rever algunas decisiones tomadas, as\u00ed que espero que en esta oportunidad haga lo mismo, que revea el incremento tarifario en electricidad y en gas, porque los bolsillos de los tucumanos y los argentinos no aguantan un ajuste m\u00e1s\u201d, asever\u00f3 el Vicegobernador.<\/p>\n<\/blockquote>\n<p>Jaldo explic\u00f3 que \u201clos sueldos no han subido proporcionalmente al incremento de los servicios, al igual que los alimentos. No se puede gastar m\u00e1s de lo que ingresa, no hay manera de pagar los servicios\u201d.<\/p>\n<\/div>\n<\/div>\n<p>Fuente: http:\/\/comunicaciontucuman.gob.ar\/2018\/04\/las-tarifas-son-un-golpe-al-bolsillo-de-los-tucumanos\/<\/p>\n","protected":false},"excerpt":{"rendered":"<p>El vicegobernador, a cargo del Poder Ejecutivo, Osvaldo Jaldo, se refiri\u00f3 al aumento de las tarifas de luz y gas que promueve el Gobierno nacional. La medida deber\u00e1 ser revisa, expres\u00f3, porque las familias tucumanas no pueden afrontar los costos\u00a0de los servicios. Las tarifas fueron un golpe muy duro al bolsillo de los argentinos, y [&hellip;]<\/p>\n","protected":false},"author":1,"featured_media":9105,"comment_status":"open","ping_status":"closed","sticky":false,"template":"","format":"standard","meta":{"footnotes":""},"categories":[3],"tags":[],"class_list":{"0":"post-9104","1":"post","2":"type-post","3":"status-publish","4":"format-standard","5":"has-post-thumbnail","7":"category-politica"},"yoast_head":"<!-- This site is optimized with the Yoast SEO plugin v27.4 - https:\/\/yoast.com\/product\/yoast-seo-wordpress\/ -->\n<title>\u201cLas tarifas son un golpe al bolsillo de los tucumanos\u201d - El Diario de Tucuman<\/title>\n<meta name=\"robots\" content=\"index, follow, max-snippet:-1, max-image-preview:large, max-video-preview:-1\" \/>\n<link rel=\"canonical\" href=\"https:\/\/www.eldiariodetucuman.com\/web\/las-tarifas-son-un-golpe-al-bolsillo-de-los-tucumanos\/\" \/>\n<meta property=\"og:locale\" content=\"es_ES\" \/>\n<meta property=\"og:type\" content=\"article\" \/>\n<meta property=\"og:title\" content=\"\u201cLas tarifas son un golpe al bolsillo de los tucumanos\u201d - El Diario de Tucuman\" \/>\n<meta property=\"og:description\" content=\"El vicegobernador, a cargo del Poder Ejecutivo, Osvaldo Jaldo, se refiri\u00f3 al aumento de las tarifas de luz y gas que promueve el Gobierno nacional. La medida deber\u00e1 ser revisa, expres\u00f3, porque las familias tucumanas no pueden afrontar los costos\u00a0de los servicios. Las tarifas fueron un golpe muy duro al bolsillo de los argentinos, y [&hellip;]\" \/>\n<meta property=\"og:url\" content=\"https:\/\/www.eldiariodetucuman.com\/web\/las-tarifas-son-un-golpe-al-bolsillo-de-los-tucumanos\/\" \/>\n<meta property=\"og:site_name\" content=\"El Diario de Tucuman\" \/>\n<meta property=\"article:published_time\" content=\"2018-04-24T15:09:03+00:00\" \/>\n<meta property=\"og:image\" content=\"https:\/\/www.eldiariodetucuman.com\/web\/wp-content\/uploads\/2018\/04\/52a92dd74a8f48b6815dde714e8ec30c.jpeg\" \/>\n\t<meta property=\"og:image:width\" content=\"300\" \/>\n\t<meta property=\"og:image:height\" content=\"166\" \/>\n\t<meta property=\"og:image:type\" content=\"image\/jpeg\" \/>\n<meta name=\"author\" content=\"admin\" \/>\n<meta name=\"twitter:card\" content=\"summary_large_image\" \/>\n<meta name=\"twitter:label1\" content=\"Escrito por\" \/>\n\t<meta name=\"twitter:data1\" content=\"admin\" \/>\n\t<meta name=\"twitter:label2\" content=\"Tiempo de lectura\" \/>\n\t<meta name=\"twitter:data2\" content=\"1 minuto\" \/>\n<script type=\"application\/ld+json\" class=\"yoast-schema-graph\">{\"@context\":\"https:\\\/\\\/schema.org\",\"@graph\":[{\"@type\":\"Article\",\"@id\":\"https:\\\/\\\/www.eldiariodetucuman.com\\\/web\\\/las-tarifas-son-un-golpe-al-bolsillo-de-los-tucumanos\\\/#article\",\"isPartOf\":{\"@id\":\"https:\\\/\\\/www.eldiariodetucuman.com\\\/web\\\/las-tarifas-son-un-golpe-al-bolsillo-de-los-tucumanos\\\/\"},\"author\":{\"name\":\"admin\",\"@id\":\"https:\\\/\\\/www.eldiariodetucuman.com\\\/web\\\/#\\\/schema\\\/person\\\/9250197d75ab5483412e19678b121caa\"},\"headline\":\"\u201cLas tarifas son un golpe al bolsillo de los tucumanos\u201d\",\"datePublished\":\"2018-04-24T15:09:03+00:00\",\"mainEntityOfPage\":{\"@id\":\"https:\\\/\\\/www.eldiariodetucuman.com\\\/web\\\/las-tarifas-son-un-golpe-al-bolsillo-de-los-tucumanos\\\/\"},\"wordCount\":167,\"commentCount\":0,\"publisher\":{\"@id\":\"https:\\\/\\\/www.eldiariodetucuman.com\\\/web\\\/#organization\"},\"image\":{\"@id\":\"https:\\\/\\\/www.eldiariodetucuman.com\\\/web\\\/las-tarifas-son-un-golpe-al-bolsillo-de-los-tucumanos\\\/#primaryimage\"},\"thumbnailUrl\":\"https:\\\/\\\/www.eldiariodetucuman.com\\\/web\\\/wp-content\\\/uploads\\\/2018\\\/04\\\/52a92dd74a8f48b6815dde714e8ec30c.jpeg\",\"articleSection\":[\"Politica\"],\"inLanguage\":\"es\",\"potentialAction\":[{\"@type\":\"CommentAction\",\"name\":\"Comment\",\"target\":[\"https:\\\/\\\/www.eldiariodetucuman.com\\\/web\\\/las-tarifas-son-un-golpe-al-bolsillo-de-los-tucumanos\\\/#respond\"]}]},{\"@type\":\"WebPage\",\"@id\":\"https:\\\/\\\/www.eldiariodetucuman.com\\\/web\\\/las-tarifas-son-un-golpe-al-bolsillo-de-los-tucumanos\\\/\",\"url\":\"https:\\\/\\\/www.eldiariodetucuman.com\\\/web\\\/las-tarifas-son-un-golpe-al-bolsillo-de-los-tucumanos\\\/\",\"name\":\"\u201cLas tarifas son un golpe al bolsillo de los tucumanos\u201d - El Diario de Tucuman\",\"isPartOf\":{\"@id\":\"https:\\\/\\\/www.eldiariodetucuman.com\\\/web\\\/#website\"},\"primaryImageOfPage\":{\"@id\":\"https:\\\/\\\/www.eldiariodetucuman.com\\\/web\\\/las-tarifas-son-un-golpe-al-bolsillo-de-los-tucumanos\\\/#primaryimage\"},\"image\":{\"@id\":\"https:\\\/\\\/www.eldiariodetucuman.com\\\/web\\\/las-tarifas-son-un-golpe-al-bolsillo-de-los-tucumanos\\\/#primaryimage\"},\"thumbnailUrl\":\"https:\\\/\\\/www.eldiariodetucuman.com\\\/web\\\/wp-content\\\/uploads\\\/2018\\\/04\\\/52a92dd74a8f48b6815dde714e8ec30c.jpeg\",\"datePublished\":\"2018-04-24T15:09:03+00:00\",\"breadcrumb\":{\"@id\":\"https:\\\/\\\/www.eldiariodetucuman.com\\\/web\\\/las-tarifas-son-un-golpe-al-bolsillo-de-los-tucumanos\\\/#breadcrumb\"},\"inLanguage\":\"es\",\"potentialAction\":[{\"@type\":\"ReadAction\",\"target\":[\"https:\\\/\\\/www.eldiariodetucuman.com\\\/web\\\/las-tarifas-son-un-golpe-al-bolsillo-de-los-tucumanos\\\/\"]}]},{\"@type\":\"ImageObject\",\"inLanguage\":\"es\",\"@id\":\"https:\\\/\\\/www.eldiariodetucuman.com\\\/web\\\/las-tarifas-son-un-golpe-al-bolsillo-de-los-tucumanos\\\/#primaryimage\",\"url\":\"https:\\\/\\\/www.eldiariodetucuman.com\\\/web\\\/wp-content\\\/uploads\\\/2018\\\/04\\\/52a92dd74a8f48b6815dde714e8ec30c.jpeg\",\"contentUrl\":\"https:\\\/\\\/www.eldiariodetucuman.com\\\/web\\\/wp-content\\\/uploads\\\/2018\\\/04\\\/52a92dd74a8f48b6815dde714e8ec30c.jpeg\",\"width\":300,\"height\":166},{\"@type\":\"BreadcrumbList\",\"@id\":\"https:\\\/\\\/www.eldiariodetucuman.com\\\/web\\\/las-tarifas-son-un-golpe-al-bolsillo-de-los-tucumanos\\\/#breadcrumb\",\"itemListElement\":[{\"@type\":\"ListItem\",\"position\":1,\"name\":\"Portada\",\"item\":\"https:\\\/\\\/www.eldiariodetucuman.com\\\/web\\\/\"},{\"@type\":\"ListItem\",\"position\":2,\"name\":\"\u201cLas tarifas son un golpe al bolsillo de los tucumanos\u201d\"}]},{\"@type\":\"WebSite\",\"@id\":\"https:\\\/\\\/www.eldiariodetucuman.com\\\/web\\\/#website\",\"url\":\"https:\\\/\\\/www.eldiariodetucuman.com\\\/web\\\/\",\"name\":\"El Diario de Tucuman\",\"description\":\"Diario Tucuman - Informaci\u00f3n y noticias\",\"publisher\":{\"@id\":\"https:\\\/\\\/www.eldiariodetucuman.com\\\/web\\\/#organization\"},\"potentialAction\":[{\"@type\":\"SearchAction\",\"target\":{\"@type\":\"EntryPoint\",\"urlTemplate\":\"https:\\\/\\\/www.eldiariodetucuman.com\\\/web\\\/?s={search_term_string}\"},\"query-input\":{\"@type\":\"PropertyValueSpecification\",\"valueRequired\":true,\"valueName\":\"search_term_string\"}}],\"inLanguage\":\"es\"},{\"@type\":\"Organization\",\"@id\":\"https:\\\/\\\/www.eldiariodetucuman.com\\\/web\\\/#organization\",\"name\":\"El Diario de Tucuman\",\"url\":\"https:\\\/\\\/www.eldiariodetucuman.com\\\/web\\\/\",\"logo\":{\"@type\":\"ImageObject\",\"inLanguage\":\"es\",\"@id\":\"https:\\\/\\\/www.eldiariodetucuman.com\\\/web\\\/#\\\/schema\\\/logo\\\/image\\\/\",\"url\":\"http:\\\/\\\/www.eldiariodetucuman.com\\\/web\\\/wp-content\\\/uploads\\\/2017\\\/12\\\/el-diario-de-tucuman.jpg\",\"contentUrl\":\"http:\\\/\\\/www.eldiariodetucuman.com\\\/web\\\/wp-content\\\/uploads\\\/2017\\\/12\\\/el-diario-de-tucuman.jpg\",\"width\":272,\"height\":92,\"caption\":\"El Diario de Tucuman\"},\"image\":{\"@id\":\"https:\\\/\\\/www.eldiariodetucuman.com\\\/web\\\/#\\\/schema\\\/logo\\\/image\\\/\"}},{\"@type\":\"Person\",\"@id\":\"https:\\\/\\\/www.eldiariodetucuman.com\\\/web\\\/#\\\/schema\\\/person\\\/9250197d75ab5483412e19678b121caa\",\"name\":\"admin\",\"image\":{\"@type\":\"ImageObject\",\"inLanguage\":\"es\",\"@id\":\"https:\\\/\\\/secure.gravatar.com\\\/avatar\\\/c44d117c2be811212c22cb481f6b8384b6873de103fbc49e7a03cc58d7dea4ac?s=96&d=mm&r=g\",\"url\":\"https:\\\/\\\/secure.gravatar.com\\\/avatar\\\/c44d117c2be811212c22cb481f6b8384b6873de103fbc49e7a03cc58d7dea4ac?s=96&d=mm&r=g\",\"contentUrl\":\"https:\\\/\\\/secure.gravatar.com\\\/avatar\\\/c44d117c2be811212c22cb481f6b8384b6873de103fbc49e7a03cc58d7dea4ac?s=96&d=mm&r=g\",\"caption\":\"admin\"},\"url\":\"https:\\\/\\\/www.eldiariodetucuman.com\\\/web\\\/author\\\/admin\\\/\"}]}<\/script>\n<!-- \/ Yoast SEO plugin. -->","yoast_head_json":{"title":"\u201cLas tarifas son un golpe al bolsillo de los tucumanos\u201d - El Diario de Tucuman","robots":{"index":"index","follow":"follow","max-snippet":"max-snippet:-1","max-image-preview":"max-image-preview:large","max-video-preview":"max-video-preview:-1"},"canonical":"https:\/\/www.eldiariodetucuman.com\/web\/las-tarifas-son-un-golpe-al-bolsillo-de-los-tucumanos\/","og_locale":"es_ES","og_type":"article","og_title":"\u201cLas tarifas son un golpe al bolsillo de los tucumanos\u201d - El Diario de Tucuman","og_description":"El vicegobernador, a cargo del Poder Ejecutivo, Osvaldo Jaldo, se refiri\u00f3 al aumento de las tarifas de luz y gas que promueve el Gobierno nacional. La medida deber\u00e1 ser revisa, expres\u00f3, porque las familias tucumanas no pueden afrontar los costos\u00a0de los servicios. Las tarifas fueron un golpe muy duro al bolsillo de los argentinos, y [&hellip;]","og_url":"https:\/\/www.eldiariodetucuman.com\/web\/las-tarifas-son-un-golpe-al-bolsillo-de-los-tucumanos\/","og_site_name":"El Diario de Tucuman","article_published_time":"2018-04-24T15:09:03+00:00","og_image":[{"width":300,"height":166,"url":"https:\/\/www.eldiariodetucuman.com\/web\/wp-content\/uploads\/2018\/04\/52a92dd74a8f48b6815dde714e8ec30c.jpeg","type":"image\/jpeg"}],"author":"admin","twitter_card":"summary_large_image","twitter_misc":{"Escrito por":"admin","Tiempo de lectura":"1 minuto"},"schema":{"@context":"https:\/\/schema.org","@graph":[{"@type":"Article","@id":"https:\/\/www.eldiariodetucuman.com\/web\/las-tarifas-son-un-golpe-al-bolsillo-de-los-tucumanos\/#article","isPartOf":{"@id":"https:\/\/www.eldiariodetucuman.com\/web\/las-tarifas-son-un-golpe-al-bolsillo-de-los-tucumanos\/"},"author":{"name":"admin","@id":"https:\/\/www.eldiariodetucuman.com\/web\/#\/schema\/person\/9250197d75ab5483412e19678b121caa"},"headline":"\u201cLas tarifas son un golpe al bolsillo de los tucumanos\u201d","datePublished":"2018-04-24T15:09:03+00:00","mainEntityOfPage":{"@id":"https:\/\/www.eldiariodetucuman.com\/web\/las-tarifas-son-un-golpe-al-bolsillo-de-los-tucumanos\/"},"wordCount":167,"commentCount":0,"publisher":{"@id":"https:\/\/www.eldiariodetucuman.com\/web\/#organization"},"image":{"@id":"https:\/\/www.eldiariodetucuman.com\/web\/las-tarifas-son-un-golpe-al-bolsillo-de-los-tucumanos\/#primaryimage"},"thumbnailUrl":"https:\/\/www.eldiariodetucuman.com\/web\/wp-content\/uploads\/2018\/04\/52a92dd74a8f48b6815dde714e8ec30c.jpeg","articleSection":["Politica"],"inLanguage":"es","potentialAction":[{"@type":"CommentAction","name":"Comment","target":["https:\/\/www.eldiariodetucuman.com\/web\/las-tarifas-son-un-golpe-al-bolsillo-de-los-tucumanos\/#respond"]}]},{"@type":"WebPage","@id":"https:\/\/www.eldiariodetucuman.com\/web\/las-tarifas-son-un-golpe-al-bolsillo-de-los-tucumanos\/","url":"https:\/\/www.eldiariodetucuman.com\/web\/las-tarifas-son-un-golpe-al-bolsillo-de-los-tucumanos\/","name":"\u201cLas tarifas son un golpe al bolsillo de los tucumanos\u201d - El Diario de Tucuman","isPartOf":{"@id":"https:\/\/www.eldiariodetucuman.com\/web\/#website"},"primaryImageOfPage":{"@id":"https:\/\/www.eldiariodetucuman.com\/web\/las-tarifas-son-un-golpe-al-bolsillo-de-los-tucumanos\/#primaryimage"},"image":{"@id":"https:\/\/www.eldiariodetucuman.com\/web\/las-tarifas-son-un-golpe-al-bolsillo-de-los-tucumanos\/#primaryimage"},"thumbnailUrl":"https:\/\/www.eldiariodetucuman.com\/web\/wp-content\/uploads\/2018\/04\/52a92dd74a8f48b6815dde714e8ec30c.jpeg","datePublished":"2018-04-24T15:09:03+00:00","breadcrumb":{"@id":"https:\/\/www.eldiariodetucuman.com\/web\/las-tarifas-son-un-golpe-al-bolsillo-de-los-tucumanos\/#breadcrumb"},"inLanguage":"es","potentialAction":[{"@type":"ReadAction","target":["https:\/\/www.eldiariodetucuman.com\/web\/las-tarifas-son-un-golpe-al-bolsillo-de-los-tucumanos\/"]}]},{"@type":"ImageObject","inLanguage":"es","@id":"https:\/\/www.eldiariodetucuman.com\/web\/las-tarifas-son-un-golpe-al-bolsillo-de-los-tucumanos\/#primaryimage","url":"https:\/\/www.eldiariodetucuman.com\/web\/wp-content\/uploads\/2018\/04\/52a92dd74a8f48b6815dde714e8ec30c.jpeg","contentUrl":"https:\/\/www.eldiariodetucuman.com\/web\/wp-content\/uploads\/2018\/04\/52a92dd74a8f48b6815dde714e8ec30c.jpeg","width":300,"height":166},{"@type":"BreadcrumbList","@id":"https:\/\/www.eldiariodetucuman.com\/web\/las-tarifas-son-un-golpe-al-bolsillo-de-los-tucumanos\/#breadcrumb","itemListElement":[{"@type":"ListItem","position":1,"name":"Portada","item":"https:\/\/www.eldiariodetucuman.com\/web\/"},{"@type":"ListItem","position":2,"name":"\u201cLas tarifas son un golpe al bolsillo de los tucumanos\u201d"}]},{"@type":"WebSite","@id":"https:\/\/www.eldiariodetucuman.com\/web\/#website","url":"https:\/\/www.eldiariodetucuman.com\/web\/","name":"El Diario de Tucuman","description":"Diario Tucuman - Informaci\u00f3n y noticias","publisher":{"@id":"https:\/\/www.eldiariodetucuman.com\/web\/#organization"},"potentialAction":[{"@type":"SearchAction","target":{"@type":"EntryPoint","urlTemplate":"https:\/\/www.eldiariodetucuman.com\/web\/?s={search_term_string}"},"query-input":{"@type":"PropertyValueSpecification","valueRequired":true,"valueName":"search_term_string"}}],"inLanguage":"es"},{"@type":"Organization","@id":"https:\/\/www.eldiariodetucuman.com\/web\/#organization","name":"El Diario de Tucuman","url":"https:\/\/www.eldiariodetucuman.com\/web\/","logo":{"@type":"ImageObject","inLanguage":"es","@id":"https:\/\/www.eldiariodetucuman.com\/web\/#\/schema\/logo\/image\/","url":"http:\/\/www.eldiariodetucuman.com\/web\/wp-content\/uploads\/2017\/12\/el-diario-de-tucuman.jpg","contentUrl":"http:\/\/www.eldiariodetucuman.com\/web\/wp-content\/uploads\/2017\/12\/el-diario-de-tucuman.jpg","width":272,"height":92,"caption":"El Diario de Tucuman"},"image":{"@id":"https:\/\/www.eldiariodetucuman.com\/web\/#\/schema\/logo\/image\/"}},{"@type":"Person","@id":"https:\/\/www.eldiariodetucuman.com\/web\/#\/schema\/person\/9250197d75ab5483412e19678b121caa","name":"admin","image":{"@type":"ImageObject","inLanguage":"es","@id":"https:\/\/secure.gravatar.com\/avatar\/c44d117c2be811212c22cb481f6b8384b6873de103fbc49e7a03cc58d7dea4ac?s=96&d=mm&r=g","url":"https:\/\/secure.gravatar.com\/avatar\/c44d117c2be811212c22cb481f6b8384b6873de103fbc49e7a03cc58d7dea4ac?s=96&d=mm&r=g","contentUrl":"https:\/\/secure.gravatar.com\/avatar\/c44d117c2be811212c22cb481f6b8384b6873de103fbc49e7a03cc58d7dea4ac?s=96&d=mm&r=g","caption":"admin"},"url":"https:\/\/www.eldiariodetucuman.com\/web\/author\/admin\/"}]}},"_links":{"self":[{"href":"https:\/\/www.eldiariodetucuman.com\/web\/wp-json\/wp\/v2\/posts\/9104","targetHints":{"allow":["GET"]}}],"collection":[{"href":"https:\/\/www.eldiariodetucuman.com\/web\/wp-json\/wp\/v2\/posts"}],"about":[{"href":"https:\/\/www.eldiariodetucuman.com\/web\/wp-json\/wp\/v2\/types\/post"}],"author":[{"embeddable":true,"href":"https:\/\/www.eldiariodetucuman.com\/web\/wp-json\/wp\/v2\/users\/1"}],"replies":[{"embeddable":true,"href":"https:\/\/www.eldiariodetucuman.com\/web\/wp-json\/wp\/v2\/comments?post=9104"}],"version-history":[{"count":1,"href":"https:\/\/www.eldiariodetucuman.com\/web\/wp-json\/wp\/v2\/posts\/9104\/revisions"}],"predecessor-version":[{"id":9106,"href":"https:\/\/www.eldiariodetucuman.com\/web\/wp-json\/wp\/v2\/posts\/9104\/revisions\/9106"}],"wp:featuredmedia":[{"embeddable":true,"href":"https:\/\/www.eldiariodetucuman.com\/web\/wp-json\/wp\/v2\/media\/9105"}],"wp:attachment":[{"href":"https:\/\/www.eldiariodetucuman.com\/web\/wp-json\/wp\/v2\/media?parent=9104"}],"wp:term":[{"taxonomy":"category","embeddable":true,"href":"https:\/\/www.eldiariodetucuman.com\/web\/wp-json\/wp\/v2\/categories?post=9104"},{"taxonomy":"post_tag","embeddable":true,"href":"https:\/\/www.eldiariodetucuman.com\/web\/wp-json\/wp\/v2\/tags?post=9104"}],"curies":[{"name":"wp","href":"https:\/\/api.w.org\/{rel}","templated":true}]}}