{"id":9101,"date":"2018-04-24T12:00:48","date_gmt":"2018-04-24T15:00:48","guid":{"rendered":"http:\/\/www.eldiariodetucuman.com\/web\/rojkes-de-temkin-me-gustaria-que-alperovich-vuelva-a-ser-gobernador\/"},"modified":"2018-04-24T12:00:51","modified_gmt":"2018-04-24T15:00:51","slug":"rojkes-de-temkin-me-gustaria-que-alperovich-vuelva-a-ser-gobernador","status":"publish","type":"post","link":"https:\/\/www.eldiariodetucuman.com\/web\/rojkes-de-temkin-me-gustaria-que-alperovich-vuelva-a-ser-gobernador\/","title":{"rendered":"Rojk\u00e9s de Temkin: \u00abme gustar\u00eda que Alperovich vuelva a ser gobernador\u00bb"},"content":{"rendered":"<div>\n<div readability=\"61.505079825835\">\n<p>La legisladora <b>Silvia Rojk\u00e9s de Temkin <\/b>(PJ) estuvo esta ma\u00f1ana en<b><a href=\"https:\/\/www.lagaceta.com.ar\/programa\/13008\/buen-dia\" mce_href=\"https:\/\/www.lagaceta.com.ar\/programa\/13008\/buen-dia\" target=\"_blank\"> \u00abBuen d\u00eda\u00bb<\/a><\/b>, el informativo matutino de LG Play, donde dej\u00f3 algunas frases destacadas.<\/p>\n<p>Su relaci\u00f3n con el ex gobernador, <b>Jos\u00e9 Alperovich<\/b>; las pol\u00edticas del presidente <b>Mauricio Macri<\/b>; la intervenci\u00f3n del Partido Justicialista, y la educaci\u00f3n en las escuelas fueron algunos de los temas que se abordaron.<\/p>\n<p>1- \u00abMe gustar\u00eda que Jos\u00e9 (Alperovich) vuelva a ser gobernador. Tuvo muy buenos mandatos, m\u00e1s all\u00e1 de que hubo algunos errores y cosas para revisar. Obviamente que no es una decisi\u00f3n m\u00eda, pero igualmente siempre voy a acompa\u00f1ar a la f\u00f3rmula que salga desde mi partido. A <b>Manzur <\/b>y a <b>Jaldo <\/b>tambi\u00e9n respeto mucho\u00bb.<\/p>\n<p>2- \u00abMe castigaron por ser hermana de <b>Beatriz Rojk\u00e9s<\/b>. Si se interviene el Partido Justicialista, hay que acatar la orden de la Justicia. Y si \u00abBetty\u00bb deja de ser la presidente, yo seguir\u00e9 siendo afiliada del PJ. No hab\u00eda motivo para intervenir el partido. Fue una intromisi\u00f3n del Poder Ejecutivo Nacional. Temen a un peronismo unido\u00bb.<\/p>\n<p>3- \u00abEl Gobierno Nacional sabe que si todo el peronismo se une gana las pr\u00f3ximas elecciones. Ideol\u00f3gicamente piensa distinto a este modelo actual que lleva adelante Mauricio Macri\u00bb.<\/p>\n<p>4- \u00abHay una retirada del Estado en todo lo que es educaci\u00f3n; lo estamos viendo en el presupuesto. Mientras haya un menor nivel educativo habr\u00e1 mayor inseguridad\u00bb.<\/p>\n<\/p><\/div>\n<\/div>\n<p>Fuente: http:\/\/www.lagaceta.com.ar\/nota\/768552\/actualidad\/rojkes-temkin-me-gustaria-alperovich-vuelva-ser-gobernador.html<\/p>\n","protected":false},"excerpt":{"rendered":"<p>La legisladora Silvia Rojk\u00e9s de Temkin (PJ) estuvo esta ma\u00f1ana en \u00abBuen d\u00eda\u00bb, el informativo matutino de LG Play, donde dej\u00f3 algunas frases destacadas. Su relaci\u00f3n con el ex gobernador, Jos\u00e9 Alperovich; las pol\u00edticas del presidente Mauricio Macri; la intervenci\u00f3n del Partido Justicialista, y la educaci\u00f3n en las escuelas fueron algunos de los temas que [&hellip;]<\/p>\n","protected":false},"author":1,"featured_media":9102,"comment_status":"open","ping_status":"closed","sticky":false,"template":"","format":"standard","meta":{"footnotes":""},"categories":[1],"tags":[],"class_list":{"0":"post-9101","1":"post","2":"type-post","3":"status-publish","4":"format-standard","5":"has-post-thumbnail","7":"category-portada"},"yoast_head":"<!-- This site is optimized with the Yoast SEO plugin v27.4 - https:\/\/yoast.com\/product\/yoast-seo-wordpress\/ -->\n<title>Rojk\u00e9s de Temkin: &quot;me gustar\u00eda que Alperovich vuelva a ser gobernador&quot; - El Diario de Tucuman<\/title>\n<meta name=\"robots\" content=\"index, follow, max-snippet:-1, max-image-preview:large, max-video-preview:-1\" \/>\n<link rel=\"canonical\" href=\"https:\/\/www.eldiariodetucuman.com\/web\/rojkes-de-temkin-me-gustaria-que-alperovich-vuelva-a-ser-gobernador\/\" \/>\n<meta property=\"og:locale\" content=\"es_ES\" \/>\n<meta property=\"og:type\" content=\"article\" \/>\n<meta property=\"og:title\" content=\"Rojk\u00e9s de Temkin: &quot;me gustar\u00eda que Alperovich vuelva a ser gobernador&quot; - El Diario de Tucuman\" \/>\n<meta property=\"og:description\" content=\"La legisladora Silvia Rojk\u00e9s de Temkin (PJ) estuvo esta ma\u00f1ana en \u00abBuen d\u00eda\u00bb, el informativo matutino de LG Play, donde dej\u00f3 algunas frases destacadas. Su relaci\u00f3n con el ex gobernador, Jos\u00e9 Alperovich; las pol\u00edticas del presidente Mauricio Macri; la intervenci\u00f3n del Partido Justicialista, y la educaci\u00f3n en las escuelas fueron algunos de los temas que [&hellip;]\" \/>\n<meta property=\"og:url\" content=\"https:\/\/www.eldiariodetucuman.com\/web\/rojkes-de-temkin-me-gustaria-que-alperovich-vuelva-a-ser-gobernador\/\" \/>\n<meta property=\"og:site_name\" content=\"El Diario de Tucuman\" \/>\n<meta property=\"article:published_time\" content=\"2018-04-24T15:00:48+00:00\" \/>\n<meta property=\"article:modified_time\" content=\"2018-04-24T15:00:51+00:00\" \/>\n<meta property=\"og:image\" content=\"https:\/\/www.eldiariodetucuman.com\/web\/wp-content\/uploads\/2018\/04\/2ab36c634ab49f74d1b3951ec2618626.jpeg\" \/>\n\t<meta property=\"og:image:width\" content=\"970\" \/>\n\t<meta property=\"og:image:height\" content=\"637\" \/>\n\t<meta property=\"og:image:type\" content=\"image\/jpeg\" \/>\n<meta name=\"author\" content=\"admin\" \/>\n<meta name=\"twitter:card\" content=\"summary_large_image\" \/>\n<meta name=\"twitter:label1\" content=\"Escrito por\" \/>\n\t<meta name=\"twitter:data1\" content=\"admin\" \/>\n\t<meta name=\"twitter:label2\" content=\"Tiempo de lectura\" \/>\n\t<meta name=\"twitter:data2\" content=\"1 minuto\" \/>\n<script type=\"application\/ld+json\" class=\"yoast-schema-graph\">{\"@context\":\"https:\\\/\\\/schema.org\",\"@graph\":[{\"@type\":\"Article\",\"@id\":\"https:\\\/\\\/www.eldiariodetucuman.com\\\/web\\\/rojkes-de-temkin-me-gustaria-que-alperovich-vuelva-a-ser-gobernador\\\/#article\",\"isPartOf\":{\"@id\":\"https:\\\/\\\/www.eldiariodetucuman.com\\\/web\\\/rojkes-de-temkin-me-gustaria-que-alperovich-vuelva-a-ser-gobernador\\\/\"},\"author\":{\"name\":\"admin\",\"@id\":\"https:\\\/\\\/www.eldiariodetucuman.com\\\/web\\\/#\\\/schema\\\/person\\\/9250197d75ab5483412e19678b121caa\"},\"headline\":\"Rojk\u00e9s de Temkin: \u00abme gustar\u00eda que Alperovich vuelva a ser gobernador\u00bb\",\"datePublished\":\"2018-04-24T15:00:48+00:00\",\"dateModified\":\"2018-04-24T15:00:51+00:00\",\"mainEntityOfPage\":{\"@id\":\"https:\\\/\\\/www.eldiariodetucuman.com\\\/web\\\/rojkes-de-temkin-me-gustaria-que-alperovich-vuelva-a-ser-gobernador\\\/\"},\"wordCount\":265,\"commentCount\":0,\"publisher\":{\"@id\":\"https:\\\/\\\/www.eldiariodetucuman.com\\\/web\\\/#organization\"},\"image\":{\"@id\":\"https:\\\/\\\/www.eldiariodetucuman.com\\\/web\\\/rojkes-de-temkin-me-gustaria-que-alperovich-vuelva-a-ser-gobernador\\\/#primaryimage\"},\"thumbnailUrl\":\"https:\\\/\\\/www.eldiariodetucuman.com\\\/web\\\/wp-content\\\/uploads\\\/2018\\\/04\\\/2ab36c634ab49f74d1b3951ec2618626.jpeg\",\"articleSection\":[\"Portada\"],\"inLanguage\":\"es\",\"potentialAction\":[{\"@type\":\"CommentAction\",\"name\":\"Comment\",\"target\":[\"https:\\\/\\\/www.eldiariodetucuman.com\\\/web\\\/rojkes-de-temkin-me-gustaria-que-alperovich-vuelva-a-ser-gobernador\\\/#respond\"]}]},{\"@type\":\"WebPage\",\"@id\":\"https:\\\/\\\/www.eldiariodetucuman.com\\\/web\\\/rojkes-de-temkin-me-gustaria-que-alperovich-vuelva-a-ser-gobernador\\\/\",\"url\":\"https:\\\/\\\/www.eldiariodetucuman.com\\\/web\\\/rojkes-de-temkin-me-gustaria-que-alperovich-vuelva-a-ser-gobernador\\\/\",\"name\":\"Rojk\u00e9s de Temkin: \\\"me gustar\u00eda que Alperovich vuelva a ser gobernador\\\" - El Diario de Tucuman\",\"isPartOf\":{\"@id\":\"https:\\\/\\\/www.eldiariodetucuman.com\\\/web\\\/#website\"},\"primaryImageOfPage\":{\"@id\":\"https:\\\/\\\/www.eldiariodetucuman.com\\\/web\\\/rojkes-de-temkin-me-gustaria-que-alperovich-vuelva-a-ser-gobernador\\\/#primaryimage\"},\"image\":{\"@id\":\"https:\\\/\\\/www.eldiariodetucuman.com\\\/web\\\/rojkes-de-temkin-me-gustaria-que-alperovich-vuelva-a-ser-gobernador\\\/#primaryimage\"},\"thumbnailUrl\":\"https:\\\/\\\/www.eldiariodetucuman.com\\\/web\\\/wp-content\\\/uploads\\\/2018\\\/04\\\/2ab36c634ab49f74d1b3951ec2618626.jpeg\",\"datePublished\":\"2018-04-24T15:00:48+00:00\",\"dateModified\":\"2018-04-24T15:00:51+00:00\",\"breadcrumb\":{\"@id\":\"https:\\\/\\\/www.eldiariodetucuman.com\\\/web\\\/rojkes-de-temkin-me-gustaria-que-alperovich-vuelva-a-ser-gobernador\\\/#breadcrumb\"},\"inLanguage\":\"es\",\"potentialAction\":[{\"@type\":\"ReadAction\",\"target\":[\"https:\\\/\\\/www.eldiariodetucuman.com\\\/web\\\/rojkes-de-temkin-me-gustaria-que-alperovich-vuelva-a-ser-gobernador\\\/\"]}]},{\"@type\":\"ImageObject\",\"inLanguage\":\"es\",\"@id\":\"https:\\\/\\\/www.eldiariodetucuman.com\\\/web\\\/rojkes-de-temkin-me-gustaria-que-alperovich-vuelva-a-ser-gobernador\\\/#primaryimage\",\"url\":\"https:\\\/\\\/www.eldiariodetucuman.com\\\/web\\\/wp-content\\\/uploads\\\/2018\\\/04\\\/2ab36c634ab49f74d1b3951ec2618626.jpeg\",\"contentUrl\":\"https:\\\/\\\/www.eldiariodetucuman.com\\\/web\\\/wp-content\\\/uploads\\\/2018\\\/04\\\/2ab36c634ab49f74d1b3951ec2618626.jpeg\",\"width\":970,\"height\":637},{\"@type\":\"BreadcrumbList\",\"@id\":\"https:\\\/\\\/www.eldiariodetucuman.com\\\/web\\\/rojkes-de-temkin-me-gustaria-que-alperovich-vuelva-a-ser-gobernador\\\/#breadcrumb\",\"itemListElement\":[{\"@type\":\"ListItem\",\"position\":1,\"name\":\"Portada\",\"item\":\"https:\\\/\\\/www.eldiariodetucuman.com\\\/web\\\/\"},{\"@type\":\"ListItem\",\"position\":2,\"name\":\"Rojk\u00e9s de Temkin: \u00abme gustar\u00eda que Alperovich vuelva a ser gobernador\u00bb\"}]},{\"@type\":\"WebSite\",\"@id\":\"https:\\\/\\\/www.eldiariodetucuman.com\\\/web\\\/#website\",\"url\":\"https:\\\/\\\/www.eldiariodetucuman.com\\\/web\\\/\",\"name\":\"El Diario de Tucuman\",\"description\":\"Diario Tucuman - Informaci\u00f3n y noticias\",\"publisher\":{\"@id\":\"https:\\\/\\\/www.eldiariodetucuman.com\\\/web\\\/#organization\"},\"potentialAction\":[{\"@type\":\"SearchAction\",\"target\":{\"@type\":\"EntryPoint\",\"urlTemplate\":\"https:\\\/\\\/www.eldiariodetucuman.com\\\/web\\\/?s={search_term_string}\"},\"query-input\":{\"@type\":\"PropertyValueSpecification\",\"valueRequired\":true,\"valueName\":\"search_term_string\"}}],\"inLanguage\":\"es\"},{\"@type\":\"Organization\",\"@id\":\"https:\\\/\\\/www.eldiariodetucuman.com\\\/web\\\/#organization\",\"name\":\"El Diario de Tucuman\",\"url\":\"https:\\\/\\\/www.eldiariodetucuman.com\\\/web\\\/\",\"logo\":{\"@type\":\"ImageObject\",\"inLanguage\":\"es\",\"@id\":\"https:\\\/\\\/www.eldiariodetucuman.com\\\/web\\\/#\\\/schema\\\/logo\\\/image\\\/\",\"url\":\"http:\\\/\\\/www.eldiariodetucuman.com\\\/web\\\/wp-content\\\/uploads\\\/2017\\\/12\\\/el-diario-de-tucuman.jpg\",\"contentUrl\":\"http:\\\/\\\/www.eldiariodetucuman.com\\\/web\\\/wp-content\\\/uploads\\\/2017\\\/12\\\/el-diario-de-tucuman.jpg\",\"width\":272,\"height\":92,\"caption\":\"El Diario de Tucuman\"},\"image\":{\"@id\":\"https:\\\/\\\/www.eldiariodetucuman.com\\\/web\\\/#\\\/schema\\\/logo\\\/image\\\/\"}},{\"@type\":\"Person\",\"@id\":\"https:\\\/\\\/www.eldiariodetucuman.com\\\/web\\\/#\\\/schema\\\/person\\\/9250197d75ab5483412e19678b121caa\",\"name\":\"admin\",\"image\":{\"@type\":\"ImageObject\",\"inLanguage\":\"es\",\"@id\":\"https:\\\/\\\/secure.gravatar.com\\\/avatar\\\/c44d117c2be811212c22cb481f6b8384b6873de103fbc49e7a03cc58d7dea4ac?s=96&d=mm&r=g\",\"url\":\"https:\\\/\\\/secure.gravatar.com\\\/avatar\\\/c44d117c2be811212c22cb481f6b8384b6873de103fbc49e7a03cc58d7dea4ac?s=96&d=mm&r=g\",\"contentUrl\":\"https:\\\/\\\/secure.gravatar.com\\\/avatar\\\/c44d117c2be811212c22cb481f6b8384b6873de103fbc49e7a03cc58d7dea4ac?s=96&d=mm&r=g\",\"caption\":\"admin\"},\"url\":\"https:\\\/\\\/www.eldiariodetucuman.com\\\/web\\\/author\\\/admin\\\/\"}]}<\/script>\n<!-- \/ Yoast SEO plugin. -->","yoast_head_json":{"title":"Rojk\u00e9s de Temkin: \"me gustar\u00eda que Alperovich vuelva a ser gobernador\" - El Diario de Tucuman","robots":{"index":"index","follow":"follow","max-snippet":"max-snippet:-1","max-image-preview":"max-image-preview:large","max-video-preview":"max-video-preview:-1"},"canonical":"https:\/\/www.eldiariodetucuman.com\/web\/rojkes-de-temkin-me-gustaria-que-alperovich-vuelva-a-ser-gobernador\/","og_locale":"es_ES","og_type":"article","og_title":"Rojk\u00e9s de Temkin: \"me gustar\u00eda que Alperovich vuelva a ser gobernador\" - El Diario de Tucuman","og_description":"La legisladora Silvia Rojk\u00e9s de Temkin (PJ) estuvo esta ma\u00f1ana en \u00abBuen d\u00eda\u00bb, el informativo matutino de LG Play, donde dej\u00f3 algunas frases destacadas. Su relaci\u00f3n con el ex gobernador, Jos\u00e9 Alperovich; las pol\u00edticas del presidente Mauricio Macri; la intervenci\u00f3n del Partido Justicialista, y la educaci\u00f3n en las escuelas fueron algunos de los temas que [&hellip;]","og_url":"https:\/\/www.eldiariodetucuman.com\/web\/rojkes-de-temkin-me-gustaria-que-alperovich-vuelva-a-ser-gobernador\/","og_site_name":"El Diario de Tucuman","article_published_time":"2018-04-24T15:00:48+00:00","article_modified_time":"2018-04-24T15:00:51+00:00","og_image":[{"width":970,"height":637,"url":"https:\/\/www.eldiariodetucuman.com\/web\/wp-content\/uploads\/2018\/04\/2ab36c634ab49f74d1b3951ec2618626.jpeg","type":"image\/jpeg"}],"author":"admin","twitter_card":"summary_large_image","twitter_misc":{"Escrito por":"admin","Tiempo de lectura":"1 minuto"},"schema":{"@context":"https:\/\/schema.org","@graph":[{"@type":"Article","@id":"https:\/\/www.eldiariodetucuman.com\/web\/rojkes-de-temkin-me-gustaria-que-alperovich-vuelva-a-ser-gobernador\/#article","isPartOf":{"@id":"https:\/\/www.eldiariodetucuman.com\/web\/rojkes-de-temkin-me-gustaria-que-alperovich-vuelva-a-ser-gobernador\/"},"author":{"name":"admin","@id":"https:\/\/www.eldiariodetucuman.com\/web\/#\/schema\/person\/9250197d75ab5483412e19678b121caa"},"headline":"Rojk\u00e9s de Temkin: \u00abme gustar\u00eda que Alperovich vuelva a ser gobernador\u00bb","datePublished":"2018-04-24T15:00:48+00:00","dateModified":"2018-04-24T15:00:51+00:00","mainEntityOfPage":{"@id":"https:\/\/www.eldiariodetucuman.com\/web\/rojkes-de-temkin-me-gustaria-que-alperovich-vuelva-a-ser-gobernador\/"},"wordCount":265,"commentCount":0,"publisher":{"@id":"https:\/\/www.eldiariodetucuman.com\/web\/#organization"},"image":{"@id":"https:\/\/www.eldiariodetucuman.com\/web\/rojkes-de-temkin-me-gustaria-que-alperovich-vuelva-a-ser-gobernador\/#primaryimage"},"thumbnailUrl":"https:\/\/www.eldiariodetucuman.com\/web\/wp-content\/uploads\/2018\/04\/2ab36c634ab49f74d1b3951ec2618626.jpeg","articleSection":["Portada"],"inLanguage":"es","potentialAction":[{"@type":"CommentAction","name":"Comment","target":["https:\/\/www.eldiariodetucuman.com\/web\/rojkes-de-temkin-me-gustaria-que-alperovich-vuelva-a-ser-gobernador\/#respond"]}]},{"@type":"WebPage","@id":"https:\/\/www.eldiariodetucuman.com\/web\/rojkes-de-temkin-me-gustaria-que-alperovich-vuelva-a-ser-gobernador\/","url":"https:\/\/www.eldiariodetucuman.com\/web\/rojkes-de-temkin-me-gustaria-que-alperovich-vuelva-a-ser-gobernador\/","name":"Rojk\u00e9s de Temkin: \"me gustar\u00eda que Alperovich vuelva a ser gobernador\" - El Diario de Tucuman","isPartOf":{"@id":"https:\/\/www.eldiariodetucuman.com\/web\/#website"},"primaryImageOfPage":{"@id":"https:\/\/www.eldiariodetucuman.com\/web\/rojkes-de-temkin-me-gustaria-que-alperovich-vuelva-a-ser-gobernador\/#primaryimage"},"image":{"@id":"https:\/\/www.eldiariodetucuman.com\/web\/rojkes-de-temkin-me-gustaria-que-alperovich-vuelva-a-ser-gobernador\/#primaryimage"},"thumbnailUrl":"https:\/\/www.eldiariodetucuman.com\/web\/wp-content\/uploads\/2018\/04\/2ab36c634ab49f74d1b3951ec2618626.jpeg","datePublished":"2018-04-24T15:00:48+00:00","dateModified":"2018-04-24T15:00:51+00:00","breadcrumb":{"@id":"https:\/\/www.eldiariodetucuman.com\/web\/rojkes-de-temkin-me-gustaria-que-alperovich-vuelva-a-ser-gobernador\/#breadcrumb"},"inLanguage":"es","potentialAction":[{"@type":"ReadAction","target":["https:\/\/www.eldiariodetucuman.com\/web\/rojkes-de-temkin-me-gustaria-que-alperovich-vuelva-a-ser-gobernador\/"]}]},{"@type":"ImageObject","inLanguage":"es","@id":"https:\/\/www.eldiariodetucuman.com\/web\/rojkes-de-temkin-me-gustaria-que-alperovich-vuelva-a-ser-gobernador\/#primaryimage","url":"https:\/\/www.eldiariodetucuman.com\/web\/wp-content\/uploads\/2018\/04\/2ab36c634ab49f74d1b3951ec2618626.jpeg","contentUrl":"https:\/\/www.eldiariodetucuman.com\/web\/wp-content\/uploads\/2018\/04\/2ab36c634ab49f74d1b3951ec2618626.jpeg","width":970,"height":637},{"@type":"BreadcrumbList","@id":"https:\/\/www.eldiariodetucuman.com\/web\/rojkes-de-temkin-me-gustaria-que-alperovich-vuelva-a-ser-gobernador\/#breadcrumb","itemListElement":[{"@type":"ListItem","position":1,"name":"Portada","item":"https:\/\/www.eldiariodetucuman.com\/web\/"},{"@type":"ListItem","position":2,"name":"Rojk\u00e9s de Temkin: \u00abme gustar\u00eda que Alperovich vuelva a ser gobernador\u00bb"}]},{"@type":"WebSite","@id":"https:\/\/www.eldiariodetucuman.com\/web\/#website","url":"https:\/\/www.eldiariodetucuman.com\/web\/","name":"El Diario de Tucuman","description":"Diario Tucuman - Informaci\u00f3n y noticias","publisher":{"@id":"https:\/\/www.eldiariodetucuman.com\/web\/#organization"},"potentialAction":[{"@type":"SearchAction","target":{"@type":"EntryPoint","urlTemplate":"https:\/\/www.eldiariodetucuman.com\/web\/?s={search_term_string}"},"query-input":{"@type":"PropertyValueSpecification","valueRequired":true,"valueName":"search_term_string"}}],"inLanguage":"es"},{"@type":"Organization","@id":"https:\/\/www.eldiariodetucuman.com\/web\/#organization","name":"El Diario de Tucuman","url":"https:\/\/www.eldiariodetucuman.com\/web\/","logo":{"@type":"ImageObject","inLanguage":"es","@id":"https:\/\/www.eldiariodetucuman.com\/web\/#\/schema\/logo\/image\/","url":"http:\/\/www.eldiariodetucuman.com\/web\/wp-content\/uploads\/2017\/12\/el-diario-de-tucuman.jpg","contentUrl":"http:\/\/www.eldiariodetucuman.com\/web\/wp-content\/uploads\/2017\/12\/el-diario-de-tucuman.jpg","width":272,"height":92,"caption":"El Diario de Tucuman"},"image":{"@id":"https:\/\/www.eldiariodetucuman.com\/web\/#\/schema\/logo\/image\/"}},{"@type":"Person","@id":"https:\/\/www.eldiariodetucuman.com\/web\/#\/schema\/person\/9250197d75ab5483412e19678b121caa","name":"admin","image":{"@type":"ImageObject","inLanguage":"es","@id":"https:\/\/secure.gravatar.com\/avatar\/c44d117c2be811212c22cb481f6b8384b6873de103fbc49e7a03cc58d7dea4ac?s=96&d=mm&r=g","url":"https:\/\/secure.gravatar.com\/avatar\/c44d117c2be811212c22cb481f6b8384b6873de103fbc49e7a03cc58d7dea4ac?s=96&d=mm&r=g","contentUrl":"https:\/\/secure.gravatar.com\/avatar\/c44d117c2be811212c22cb481f6b8384b6873de103fbc49e7a03cc58d7dea4ac?s=96&d=mm&r=g","caption":"admin"},"url":"https:\/\/www.eldiariodetucuman.com\/web\/author\/admin\/"}]}},"_links":{"self":[{"href":"https:\/\/www.eldiariodetucuman.com\/web\/wp-json\/wp\/v2\/posts\/9101","targetHints":{"allow":["GET"]}}],"collection":[{"href":"https:\/\/www.eldiariodetucuman.com\/web\/wp-json\/wp\/v2\/posts"}],"about":[{"href":"https:\/\/www.eldiariodetucuman.com\/web\/wp-json\/wp\/v2\/types\/post"}],"author":[{"embeddable":true,"href":"https:\/\/www.eldiariodetucuman.com\/web\/wp-json\/wp\/v2\/users\/1"}],"replies":[{"embeddable":true,"href":"https:\/\/www.eldiariodetucuman.com\/web\/wp-json\/wp\/v2\/comments?post=9101"}],"version-history":[{"count":1,"href":"https:\/\/www.eldiariodetucuman.com\/web\/wp-json\/wp\/v2\/posts\/9101\/revisions"}],"predecessor-version":[{"id":9103,"href":"https:\/\/www.eldiariodetucuman.com\/web\/wp-json\/wp\/v2\/posts\/9101\/revisions\/9103"}],"wp:featuredmedia":[{"embeddable":true,"href":"https:\/\/www.eldiariodetucuman.com\/web\/wp-json\/wp\/v2\/media\/9102"}],"wp:attachment":[{"href":"https:\/\/www.eldiariodetucuman.com\/web\/wp-json\/wp\/v2\/media?parent=9101"}],"wp:term":[{"taxonomy":"category","embeddable":true,"href":"https:\/\/www.eldiariodetucuman.com\/web\/wp-json\/wp\/v2\/categories?post=9101"},{"taxonomy":"post_tag","embeddable":true,"href":"https:\/\/www.eldiariodetucuman.com\/web\/wp-json\/wp\/v2\/tags?post=9101"}],"curies":[{"name":"wp","href":"https:\/\/api.w.org\/{rel}","templated":true}]}}