{"id":9098,"date":"2018-04-24T12:00:35","date_gmt":"2018-04-24T15:00:35","guid":{"rendered":"http:\/\/www.eldiariodetucuman.com\/web\/se-podra-ver-a-san-martin-por-tv-el-partido-ante-brown-no-figura-en-la-transmision-central\/"},"modified":"2018-04-24T12:00:41","modified_gmt":"2018-04-24T15:00:41","slug":"se-podra-ver-a-san-martin-por-tv-el-partido-ante-brown-no-figura-en-la-transmision-central","status":"publish","type":"post","link":"https:\/\/www.eldiariodetucuman.com\/web\/se-podra-ver-a-san-martin-por-tv-el-partido-ante-brown-no-figura-en-la-transmision-central\/","title":{"rendered":"\u00bfSe podr\u00e1 ver a San Mart\u00edn por TV? El partido ante Brown no figura en la transmisi\u00f3n central"},"content":{"rendered":"<div>\n<div readability=\"70.496894409938\">\n<p>San Mart\u00edn jugar\u00e1 un duelo trascendenal el pr\u00f3ximo lunes ante Brown de Adrogu\u00e9, pero al mismo tiempo el puntero que tiene la B Nacional, Almagro, intentar\u00e1 concretar el primer ascenso a la Superliga cuando se mida ante Guillermo Brown en Puerto Madryn. \u00bfPero cu\u00e1l ser\u00e1 el partido que se televisar\u00e1 en vivo y en directo?<\/p>\n<p>Si bien TyC Sports adelant\u00f3 que se realizar\u00e1 una televisaci\u00f3n simult\u00e1nea, con los partidos que definen al campe\u00f3n, el \u00abTricolor\u00bb ser\u00eda el que ir\u00eda en la transmisi\u00f3n central, con flashes de lo que ocurre con el equipo dirigido por <b>Rub\u00e9n Forestello<\/b> y con lo que sucede en Mar del Plata, en donde Aldosivi recibir\u00e1 a Estudiantes de San Luis.<\/p>\n<p>Forestello sue\u00f1a despierto con el ascenso, pero evita subirse al tren del triunfalismo<\/p>\n<p><a href=\"https:\/\/www.lagaceta.com.ar\/nota\/768535\/deportes\/forestello-suena-despierto-ascenso-pero-evita-subirse-al-tren-triunfalismo.html\" mce_href=\"https:\/\/www.lagaceta.com.ar\/nota\/768535\/deportes\/forestello-suena-despierto-ascenso-pero-evita-subirse-al-tren-triunfalismo.html\" target=\"_blank\" class=\"style link\"><br \/>\nForestello sue\u00f1a despierto con el ascenso, pero evita subirse al tren del triunfalismo<\/a><\/p>\n<p>Por disposici\u00f3n de la Asociaci\u00f3n del F\u00fatbol Argentino (AFA) todos los encuentros se jugar\u00e1n el lunes a las 15.30, aprovechando la jornada no laborable previa al feriado por el D\u00eda del Trabajador.<\/p>\n<p>As\u00ed ser\u00eda la transmisi\u00f3n del lunes:<\/p>\n<p><b><br \/>Por TyC Sports<\/b><\/p>\n<p>Brown de Madryn-Almagro (Trasmisi\u00f3n central)<\/p>\n<p>Brown de Adrogu\u00e9-San Mart\u00edn<\/p>\n<p>Aldosivi-Estudiantes de San Luis<\/p>\n<p><b><br \/>Por DirecTV<\/b><\/p>\n<p>Ferro-Nueva Chicago (Transmisi\u00f3n central)<\/p>\n<p>Boca Unidos-Sarmiento de Jun\u00edn<\/p>\n<p>Atl\u00e9tico Rafaela-Villa D\u00e1lmine<\/p>\n<p>Deportivo Mor\u00f3n-Gimnasia de Jujuy<\/p>\n<p>Mitre-Los Andes<\/p>\n<p>All Boys-Deportivo Riestra<\/p>\n<p>Independiente Rivadavia-Santamarina<\/p>\n<\/p><\/div>\n<\/div>\n<p>Fuente: http:\/\/www.lagaceta.com.ar\/nota\/768553\/deportes\/se-podra-ver-san-martin-tv-partido-ante-brown-no-figura-transmision-central.html<\/p>\n","protected":false},"excerpt":{"rendered":"<p>San Mart\u00edn jugar\u00e1 un duelo trascendenal el pr\u00f3ximo lunes ante Brown de Adrogu\u00e9, pero al mismo tiempo el puntero que tiene la B Nacional, Almagro, intentar\u00e1 concretar el primer ascenso a la Superliga cuando se mida ante Guillermo Brown en Puerto Madryn. \u00bfPero cu\u00e1l ser\u00e1 el partido que se televisar\u00e1 en vivo y en directo? [&hellip;]<\/p>\n","protected":false},"author":1,"featured_media":9099,"comment_status":"open","ping_status":"closed","sticky":false,"template":"","format":"standard","meta":{"footnotes":""},"categories":[1],"tags":[],"class_list":{"0":"post-9098","1":"post","2":"type-post","3":"status-publish","4":"format-standard","5":"has-post-thumbnail","7":"category-portada"},"yoast_head":"<!-- This site is optimized with the Yoast SEO plugin v27.4 - https:\/\/yoast.com\/product\/yoast-seo-wordpress\/ -->\n<title>\u00bfSe podr\u00e1 ver a San Mart\u00edn por TV? El partido ante Brown no figura en la transmisi\u00f3n central - El Diario de Tucuman<\/title>\n<meta name=\"robots\" content=\"index, follow, max-snippet:-1, max-image-preview:large, max-video-preview:-1\" \/>\n<link rel=\"canonical\" href=\"https:\/\/www.eldiariodetucuman.com\/web\/se-podra-ver-a-san-martin-por-tv-el-partido-ante-brown-no-figura-en-la-transmision-central\/\" \/>\n<meta property=\"og:locale\" content=\"es_ES\" \/>\n<meta property=\"og:type\" content=\"article\" \/>\n<meta property=\"og:title\" content=\"\u00bfSe podr\u00e1 ver a San Mart\u00edn por TV? El partido ante Brown no figura en la transmisi\u00f3n central - El Diario de Tucuman\" \/>\n<meta property=\"og:description\" content=\"San Mart\u00edn jugar\u00e1 un duelo trascendenal el pr\u00f3ximo lunes ante Brown de Adrogu\u00e9, pero al mismo tiempo el puntero que tiene la B Nacional, Almagro, intentar\u00e1 concretar el primer ascenso a la Superliga cuando se mida ante Guillermo Brown en Puerto Madryn. \u00bfPero cu\u00e1l ser\u00e1 el partido que se televisar\u00e1 en vivo y en directo? [&hellip;]\" \/>\n<meta property=\"og:url\" content=\"https:\/\/www.eldiariodetucuman.com\/web\/se-podra-ver-a-san-martin-por-tv-el-partido-ante-brown-no-figura-en-la-transmision-central\/\" \/>\n<meta property=\"og:site_name\" content=\"El Diario de Tucuman\" \/>\n<meta property=\"article:published_time\" content=\"2018-04-24T15:00:35+00:00\" \/>\n<meta property=\"article:modified_time\" content=\"2018-04-24T15:00:41+00:00\" \/>\n<meta property=\"og:image\" content=\"https:\/\/www.eldiariodetucuman.com\/web\/wp-content\/uploads\/2018\/04\/758b3c2639ac686471a072654e73a86a.jpeg\" \/>\n\t<meta property=\"og:image:width\" content=\"1500\" \/>\n\t<meta property=\"og:image:height\" content=\"850\" \/>\n\t<meta property=\"og:image:type\" content=\"image\/jpeg\" \/>\n<meta name=\"author\" content=\"admin\" \/>\n<meta name=\"twitter:card\" content=\"summary_large_image\" \/>\n<meta name=\"twitter:label1\" content=\"Escrito por\" \/>\n\t<meta name=\"twitter:data1\" content=\"admin\" \/>\n\t<meta name=\"twitter:label2\" content=\"Tiempo de lectura\" \/>\n\t<meta name=\"twitter:data2\" content=\"1 minuto\" \/>\n<script type=\"application\/ld+json\" class=\"yoast-schema-graph\">{\"@context\":\"https:\\\/\\\/schema.org\",\"@graph\":[{\"@type\":\"Article\",\"@id\":\"https:\\\/\\\/www.eldiariodetucuman.com\\\/web\\\/se-podra-ver-a-san-martin-por-tv-el-partido-ante-brown-no-figura-en-la-transmision-central\\\/#article\",\"isPartOf\":{\"@id\":\"https:\\\/\\\/www.eldiariodetucuman.com\\\/web\\\/se-podra-ver-a-san-martin-por-tv-el-partido-ante-brown-no-figura-en-la-transmision-central\\\/\"},\"author\":{\"name\":\"admin\",\"@id\":\"https:\\\/\\\/www.eldiariodetucuman.com\\\/web\\\/#\\\/schema\\\/person\\\/9250197d75ab5483412e19678b121caa\"},\"headline\":\"\u00bfSe podr\u00e1 ver a San Mart\u00edn por TV? El partido ante Brown no figura en la transmisi\u00f3n central\",\"datePublished\":\"2018-04-24T15:00:35+00:00\",\"dateModified\":\"2018-04-24T15:00:41+00:00\",\"mainEntityOfPage\":{\"@id\":\"https:\\\/\\\/www.eldiariodetucuman.com\\\/web\\\/se-podra-ver-a-san-martin-por-tv-el-partido-ante-brown-no-figura-en-la-transmision-central\\\/\"},\"wordCount\":274,\"commentCount\":0,\"publisher\":{\"@id\":\"https:\\\/\\\/www.eldiariodetucuman.com\\\/web\\\/#organization\"},\"image\":{\"@id\":\"https:\\\/\\\/www.eldiariodetucuman.com\\\/web\\\/se-podra-ver-a-san-martin-por-tv-el-partido-ante-brown-no-figura-en-la-transmision-central\\\/#primaryimage\"},\"thumbnailUrl\":\"https:\\\/\\\/www.eldiariodetucuman.com\\\/web\\\/wp-content\\\/uploads\\\/2018\\\/04\\\/758b3c2639ac686471a072654e73a86a.jpeg\",\"articleSection\":[\"Portada\"],\"inLanguage\":\"es\",\"potentialAction\":[{\"@type\":\"CommentAction\",\"name\":\"Comment\",\"target\":[\"https:\\\/\\\/www.eldiariodetucuman.com\\\/web\\\/se-podra-ver-a-san-martin-por-tv-el-partido-ante-brown-no-figura-en-la-transmision-central\\\/#respond\"]}]},{\"@type\":\"WebPage\",\"@id\":\"https:\\\/\\\/www.eldiariodetucuman.com\\\/web\\\/se-podra-ver-a-san-martin-por-tv-el-partido-ante-brown-no-figura-en-la-transmision-central\\\/\",\"url\":\"https:\\\/\\\/www.eldiariodetucuman.com\\\/web\\\/se-podra-ver-a-san-martin-por-tv-el-partido-ante-brown-no-figura-en-la-transmision-central\\\/\",\"name\":\"\u00bfSe podr\u00e1 ver a San Mart\u00edn por TV? El partido ante Brown no figura en la transmisi\u00f3n central - El Diario de Tucuman\",\"isPartOf\":{\"@id\":\"https:\\\/\\\/www.eldiariodetucuman.com\\\/web\\\/#website\"},\"primaryImageOfPage\":{\"@id\":\"https:\\\/\\\/www.eldiariodetucuman.com\\\/web\\\/se-podra-ver-a-san-martin-por-tv-el-partido-ante-brown-no-figura-en-la-transmision-central\\\/#primaryimage\"},\"image\":{\"@id\":\"https:\\\/\\\/www.eldiariodetucuman.com\\\/web\\\/se-podra-ver-a-san-martin-por-tv-el-partido-ante-brown-no-figura-en-la-transmision-central\\\/#primaryimage\"},\"thumbnailUrl\":\"https:\\\/\\\/www.eldiariodetucuman.com\\\/web\\\/wp-content\\\/uploads\\\/2018\\\/04\\\/758b3c2639ac686471a072654e73a86a.jpeg\",\"datePublished\":\"2018-04-24T15:00:35+00:00\",\"dateModified\":\"2018-04-24T15:00:41+00:00\",\"breadcrumb\":{\"@id\":\"https:\\\/\\\/www.eldiariodetucuman.com\\\/web\\\/se-podra-ver-a-san-martin-por-tv-el-partido-ante-brown-no-figura-en-la-transmision-central\\\/#breadcrumb\"},\"inLanguage\":\"es\",\"potentialAction\":[{\"@type\":\"ReadAction\",\"target\":[\"https:\\\/\\\/www.eldiariodetucuman.com\\\/web\\\/se-podra-ver-a-san-martin-por-tv-el-partido-ante-brown-no-figura-en-la-transmision-central\\\/\"]}]},{\"@type\":\"ImageObject\",\"inLanguage\":\"es\",\"@id\":\"https:\\\/\\\/www.eldiariodetucuman.com\\\/web\\\/se-podra-ver-a-san-martin-por-tv-el-partido-ante-brown-no-figura-en-la-transmision-central\\\/#primaryimage\",\"url\":\"https:\\\/\\\/www.eldiariodetucuman.com\\\/web\\\/wp-content\\\/uploads\\\/2018\\\/04\\\/758b3c2639ac686471a072654e73a86a.jpeg\",\"contentUrl\":\"https:\\\/\\\/www.eldiariodetucuman.com\\\/web\\\/wp-content\\\/uploads\\\/2018\\\/04\\\/758b3c2639ac686471a072654e73a86a.jpeg\",\"width\":1500,\"height\":850},{\"@type\":\"BreadcrumbList\",\"@id\":\"https:\\\/\\\/www.eldiariodetucuman.com\\\/web\\\/se-podra-ver-a-san-martin-por-tv-el-partido-ante-brown-no-figura-en-la-transmision-central\\\/#breadcrumb\",\"itemListElement\":[{\"@type\":\"ListItem\",\"position\":1,\"name\":\"Portada\",\"item\":\"https:\\\/\\\/www.eldiariodetucuman.com\\\/web\\\/\"},{\"@type\":\"ListItem\",\"position\":2,\"name\":\"\u00bfSe podr\u00e1 ver a San Mart\u00edn por TV? El partido ante Brown no figura en la transmisi\u00f3n central\"}]},{\"@type\":\"WebSite\",\"@id\":\"https:\\\/\\\/www.eldiariodetucuman.com\\\/web\\\/#website\",\"url\":\"https:\\\/\\\/www.eldiariodetucuman.com\\\/web\\\/\",\"name\":\"El Diario de Tucuman\",\"description\":\"Diario Tucuman - Informaci\u00f3n y noticias\",\"publisher\":{\"@id\":\"https:\\\/\\\/www.eldiariodetucuman.com\\\/web\\\/#organization\"},\"potentialAction\":[{\"@type\":\"SearchAction\",\"target\":{\"@type\":\"EntryPoint\",\"urlTemplate\":\"https:\\\/\\\/www.eldiariodetucuman.com\\\/web\\\/?s={search_term_string}\"},\"query-input\":{\"@type\":\"PropertyValueSpecification\",\"valueRequired\":true,\"valueName\":\"search_term_string\"}}],\"inLanguage\":\"es\"},{\"@type\":\"Organization\",\"@id\":\"https:\\\/\\\/www.eldiariodetucuman.com\\\/web\\\/#organization\",\"name\":\"El Diario de Tucuman\",\"url\":\"https:\\\/\\\/www.eldiariodetucuman.com\\\/web\\\/\",\"logo\":{\"@type\":\"ImageObject\",\"inLanguage\":\"es\",\"@id\":\"https:\\\/\\\/www.eldiariodetucuman.com\\\/web\\\/#\\\/schema\\\/logo\\\/image\\\/\",\"url\":\"http:\\\/\\\/www.eldiariodetucuman.com\\\/web\\\/wp-content\\\/uploads\\\/2017\\\/12\\\/el-diario-de-tucuman.jpg\",\"contentUrl\":\"http:\\\/\\\/www.eldiariodetucuman.com\\\/web\\\/wp-content\\\/uploads\\\/2017\\\/12\\\/el-diario-de-tucuman.jpg\",\"width\":272,\"height\":92,\"caption\":\"El Diario de Tucuman\"},\"image\":{\"@id\":\"https:\\\/\\\/www.eldiariodetucuman.com\\\/web\\\/#\\\/schema\\\/logo\\\/image\\\/\"}},{\"@type\":\"Person\",\"@id\":\"https:\\\/\\\/www.eldiariodetucuman.com\\\/web\\\/#\\\/schema\\\/person\\\/9250197d75ab5483412e19678b121caa\",\"name\":\"admin\",\"image\":{\"@type\":\"ImageObject\",\"inLanguage\":\"es\",\"@id\":\"https:\\\/\\\/secure.gravatar.com\\\/avatar\\\/c44d117c2be811212c22cb481f6b8384b6873de103fbc49e7a03cc58d7dea4ac?s=96&d=mm&r=g\",\"url\":\"https:\\\/\\\/secure.gravatar.com\\\/avatar\\\/c44d117c2be811212c22cb481f6b8384b6873de103fbc49e7a03cc58d7dea4ac?s=96&d=mm&r=g\",\"contentUrl\":\"https:\\\/\\\/secure.gravatar.com\\\/avatar\\\/c44d117c2be811212c22cb481f6b8384b6873de103fbc49e7a03cc58d7dea4ac?s=96&d=mm&r=g\",\"caption\":\"admin\"},\"url\":\"https:\\\/\\\/www.eldiariodetucuman.com\\\/web\\\/author\\\/admin\\\/\"}]}<\/script>\n<!-- \/ Yoast SEO plugin. -->","yoast_head_json":{"title":"\u00bfSe podr\u00e1 ver a San Mart\u00edn por TV? El partido ante Brown no figura en la transmisi\u00f3n central - El Diario de Tucuman","robots":{"index":"index","follow":"follow","max-snippet":"max-snippet:-1","max-image-preview":"max-image-preview:large","max-video-preview":"max-video-preview:-1"},"canonical":"https:\/\/www.eldiariodetucuman.com\/web\/se-podra-ver-a-san-martin-por-tv-el-partido-ante-brown-no-figura-en-la-transmision-central\/","og_locale":"es_ES","og_type":"article","og_title":"\u00bfSe podr\u00e1 ver a San Mart\u00edn por TV? El partido ante Brown no figura en la transmisi\u00f3n central - El Diario de Tucuman","og_description":"San Mart\u00edn jugar\u00e1 un duelo trascendenal el pr\u00f3ximo lunes ante Brown de Adrogu\u00e9, pero al mismo tiempo el puntero que tiene la B Nacional, Almagro, intentar\u00e1 concretar el primer ascenso a la Superliga cuando se mida ante Guillermo Brown en Puerto Madryn. \u00bfPero cu\u00e1l ser\u00e1 el partido que se televisar\u00e1 en vivo y en directo? [&hellip;]","og_url":"https:\/\/www.eldiariodetucuman.com\/web\/se-podra-ver-a-san-martin-por-tv-el-partido-ante-brown-no-figura-en-la-transmision-central\/","og_site_name":"El Diario de Tucuman","article_published_time":"2018-04-24T15:00:35+00:00","article_modified_time":"2018-04-24T15:00:41+00:00","og_image":[{"width":1500,"height":850,"url":"https:\/\/www.eldiariodetucuman.com\/web\/wp-content\/uploads\/2018\/04\/758b3c2639ac686471a072654e73a86a.jpeg","type":"image\/jpeg"}],"author":"admin","twitter_card":"summary_large_image","twitter_misc":{"Escrito por":"admin","Tiempo de lectura":"1 minuto"},"schema":{"@context":"https:\/\/schema.org","@graph":[{"@type":"Article","@id":"https:\/\/www.eldiariodetucuman.com\/web\/se-podra-ver-a-san-martin-por-tv-el-partido-ante-brown-no-figura-en-la-transmision-central\/#article","isPartOf":{"@id":"https:\/\/www.eldiariodetucuman.com\/web\/se-podra-ver-a-san-martin-por-tv-el-partido-ante-brown-no-figura-en-la-transmision-central\/"},"author":{"name":"admin","@id":"https:\/\/www.eldiariodetucuman.com\/web\/#\/schema\/person\/9250197d75ab5483412e19678b121caa"},"headline":"\u00bfSe podr\u00e1 ver a San Mart\u00edn por TV? El partido ante Brown no figura en la transmisi\u00f3n central","datePublished":"2018-04-24T15:00:35+00:00","dateModified":"2018-04-24T15:00:41+00:00","mainEntityOfPage":{"@id":"https:\/\/www.eldiariodetucuman.com\/web\/se-podra-ver-a-san-martin-por-tv-el-partido-ante-brown-no-figura-en-la-transmision-central\/"},"wordCount":274,"commentCount":0,"publisher":{"@id":"https:\/\/www.eldiariodetucuman.com\/web\/#organization"},"image":{"@id":"https:\/\/www.eldiariodetucuman.com\/web\/se-podra-ver-a-san-martin-por-tv-el-partido-ante-brown-no-figura-en-la-transmision-central\/#primaryimage"},"thumbnailUrl":"https:\/\/www.eldiariodetucuman.com\/web\/wp-content\/uploads\/2018\/04\/758b3c2639ac686471a072654e73a86a.jpeg","articleSection":["Portada"],"inLanguage":"es","potentialAction":[{"@type":"CommentAction","name":"Comment","target":["https:\/\/www.eldiariodetucuman.com\/web\/se-podra-ver-a-san-martin-por-tv-el-partido-ante-brown-no-figura-en-la-transmision-central\/#respond"]}]},{"@type":"WebPage","@id":"https:\/\/www.eldiariodetucuman.com\/web\/se-podra-ver-a-san-martin-por-tv-el-partido-ante-brown-no-figura-en-la-transmision-central\/","url":"https:\/\/www.eldiariodetucuman.com\/web\/se-podra-ver-a-san-martin-por-tv-el-partido-ante-brown-no-figura-en-la-transmision-central\/","name":"\u00bfSe podr\u00e1 ver a San Mart\u00edn por TV? El partido ante Brown no figura en la transmisi\u00f3n central - El Diario de Tucuman","isPartOf":{"@id":"https:\/\/www.eldiariodetucuman.com\/web\/#website"},"primaryImageOfPage":{"@id":"https:\/\/www.eldiariodetucuman.com\/web\/se-podra-ver-a-san-martin-por-tv-el-partido-ante-brown-no-figura-en-la-transmision-central\/#primaryimage"},"image":{"@id":"https:\/\/www.eldiariodetucuman.com\/web\/se-podra-ver-a-san-martin-por-tv-el-partido-ante-brown-no-figura-en-la-transmision-central\/#primaryimage"},"thumbnailUrl":"https:\/\/www.eldiariodetucuman.com\/web\/wp-content\/uploads\/2018\/04\/758b3c2639ac686471a072654e73a86a.jpeg","datePublished":"2018-04-24T15:00:35+00:00","dateModified":"2018-04-24T15:00:41+00:00","breadcrumb":{"@id":"https:\/\/www.eldiariodetucuman.com\/web\/se-podra-ver-a-san-martin-por-tv-el-partido-ante-brown-no-figura-en-la-transmision-central\/#breadcrumb"},"inLanguage":"es","potentialAction":[{"@type":"ReadAction","target":["https:\/\/www.eldiariodetucuman.com\/web\/se-podra-ver-a-san-martin-por-tv-el-partido-ante-brown-no-figura-en-la-transmision-central\/"]}]},{"@type":"ImageObject","inLanguage":"es","@id":"https:\/\/www.eldiariodetucuman.com\/web\/se-podra-ver-a-san-martin-por-tv-el-partido-ante-brown-no-figura-en-la-transmision-central\/#primaryimage","url":"https:\/\/www.eldiariodetucuman.com\/web\/wp-content\/uploads\/2018\/04\/758b3c2639ac686471a072654e73a86a.jpeg","contentUrl":"https:\/\/www.eldiariodetucuman.com\/web\/wp-content\/uploads\/2018\/04\/758b3c2639ac686471a072654e73a86a.jpeg","width":1500,"height":850},{"@type":"BreadcrumbList","@id":"https:\/\/www.eldiariodetucuman.com\/web\/se-podra-ver-a-san-martin-por-tv-el-partido-ante-brown-no-figura-en-la-transmision-central\/#breadcrumb","itemListElement":[{"@type":"ListItem","position":1,"name":"Portada","item":"https:\/\/www.eldiariodetucuman.com\/web\/"},{"@type":"ListItem","position":2,"name":"\u00bfSe podr\u00e1 ver a San Mart\u00edn por TV? El partido ante Brown no figura en la transmisi\u00f3n central"}]},{"@type":"WebSite","@id":"https:\/\/www.eldiariodetucuman.com\/web\/#website","url":"https:\/\/www.eldiariodetucuman.com\/web\/","name":"El Diario de Tucuman","description":"Diario Tucuman - Informaci\u00f3n y noticias","publisher":{"@id":"https:\/\/www.eldiariodetucuman.com\/web\/#organization"},"potentialAction":[{"@type":"SearchAction","target":{"@type":"EntryPoint","urlTemplate":"https:\/\/www.eldiariodetucuman.com\/web\/?s={search_term_string}"},"query-input":{"@type":"PropertyValueSpecification","valueRequired":true,"valueName":"search_term_string"}}],"inLanguage":"es"},{"@type":"Organization","@id":"https:\/\/www.eldiariodetucuman.com\/web\/#organization","name":"El Diario de Tucuman","url":"https:\/\/www.eldiariodetucuman.com\/web\/","logo":{"@type":"ImageObject","inLanguage":"es","@id":"https:\/\/www.eldiariodetucuman.com\/web\/#\/schema\/logo\/image\/","url":"http:\/\/www.eldiariodetucuman.com\/web\/wp-content\/uploads\/2017\/12\/el-diario-de-tucuman.jpg","contentUrl":"http:\/\/www.eldiariodetucuman.com\/web\/wp-content\/uploads\/2017\/12\/el-diario-de-tucuman.jpg","width":272,"height":92,"caption":"El Diario de Tucuman"},"image":{"@id":"https:\/\/www.eldiariodetucuman.com\/web\/#\/schema\/logo\/image\/"}},{"@type":"Person","@id":"https:\/\/www.eldiariodetucuman.com\/web\/#\/schema\/person\/9250197d75ab5483412e19678b121caa","name":"admin","image":{"@type":"ImageObject","inLanguage":"es","@id":"https:\/\/secure.gravatar.com\/avatar\/c44d117c2be811212c22cb481f6b8384b6873de103fbc49e7a03cc58d7dea4ac?s=96&d=mm&r=g","url":"https:\/\/secure.gravatar.com\/avatar\/c44d117c2be811212c22cb481f6b8384b6873de103fbc49e7a03cc58d7dea4ac?s=96&d=mm&r=g","contentUrl":"https:\/\/secure.gravatar.com\/avatar\/c44d117c2be811212c22cb481f6b8384b6873de103fbc49e7a03cc58d7dea4ac?s=96&d=mm&r=g","caption":"admin"},"url":"https:\/\/www.eldiariodetucuman.com\/web\/author\/admin\/"}]}},"_links":{"self":[{"href":"https:\/\/www.eldiariodetucuman.com\/web\/wp-json\/wp\/v2\/posts\/9098","targetHints":{"allow":["GET"]}}],"collection":[{"href":"https:\/\/www.eldiariodetucuman.com\/web\/wp-json\/wp\/v2\/posts"}],"about":[{"href":"https:\/\/www.eldiariodetucuman.com\/web\/wp-json\/wp\/v2\/types\/post"}],"author":[{"embeddable":true,"href":"https:\/\/www.eldiariodetucuman.com\/web\/wp-json\/wp\/v2\/users\/1"}],"replies":[{"embeddable":true,"href":"https:\/\/www.eldiariodetucuman.com\/web\/wp-json\/wp\/v2\/comments?post=9098"}],"version-history":[{"count":1,"href":"https:\/\/www.eldiariodetucuman.com\/web\/wp-json\/wp\/v2\/posts\/9098\/revisions"}],"predecessor-version":[{"id":9100,"href":"https:\/\/www.eldiariodetucuman.com\/web\/wp-json\/wp\/v2\/posts\/9098\/revisions\/9100"}],"wp:featuredmedia":[{"embeddable":true,"href":"https:\/\/www.eldiariodetucuman.com\/web\/wp-json\/wp\/v2\/media\/9099"}],"wp:attachment":[{"href":"https:\/\/www.eldiariodetucuman.com\/web\/wp-json\/wp\/v2\/media?parent=9098"}],"wp:term":[{"taxonomy":"category","embeddable":true,"href":"https:\/\/www.eldiariodetucuman.com\/web\/wp-json\/wp\/v2\/categories?post=9098"},{"taxonomy":"post_tag","embeddable":true,"href":"https:\/\/www.eldiariodetucuman.com\/web\/wp-json\/wp\/v2\/tags?post=9098"}],"curies":[{"name":"wp","href":"https:\/\/api.w.org\/{rel}","templated":true}]}}