{"id":8987,"date":"2018-04-22T12:51:10","date_gmt":"2018-04-22T15:51:10","guid":{"rendered":"http:\/\/www.eldiariodetucuman.com\/web\/venezuela-ecuador-y-uruguay-pidieron-defender-la-unasur\/"},"modified":"2018-04-22T12:51:10","modified_gmt":"2018-04-22T15:51:10","slug":"venezuela-ecuador-y-uruguay-pidieron-defender-la-unasur","status":"publish","type":"post","link":"https:\/\/www.eldiariodetucuman.com\/web\/venezuela-ecuador-y-uruguay-pidieron-defender-la-unasur\/","title":{"rendered":"Venezuela, Ecuador y Uruguay pidieron defender la Unasur"},"content":{"rendered":"<div>\n<div itemprop=\"articleBody\" readability=\"148.90455586663\">\n<p>A pedido del presidente de Venezuela, <strong>Nicol\u00e1s Maduro<\/strong>, de\u00a0que la Unasur <em>\u201cdebe ser defendida\u201d<\/em>, se sumaron este s\u00e1badp\u00a0  <a href=\"https:\/\/www.cronica.com.ar\/tags\/Ecuador\">Ecuador<\/a>, que apel\u00f3 al di\u00e1logo para mantener la unidad del bloque, y Uruguay, que asegur\u00f3 que no piensa abandonarlo.<\/p>\n<p>Cabe recordar que el pasado viernes, seis pa\u00edses, entre ellos la   <a href=\"https:\/\/www.cronica.com.ar\/tags\/Argentina\">Argentina<\/a>, anunciaron que suspender\u00e1n su participaci\u00f3n hasta que se resuelva, entre otros temas, la designaci\u00f3n del secretario general.<\/p>\n<p><em>\u00abUnasur ha tenido problemas \u00faltimamente. Yo aspiro que los l\u00edderes de la derecha que gobiernan Am\u00e9rica del Sur tengan un poquitico de conciencia sudamericana\u00bb<\/em>, expres\u00f3 Maduro en una conferencia que brind\u00f3 antes de viajar a Cuba para reunirse all\u00ed con el nuevo mandatario, <strong>Miguel D\u00edaz-Canel<\/strong>.<\/p>\n<p>El jefe de Estado bolivariano advirti\u00f3 que <em>\u201csi alg\u00fan gobierno de derecha trata de meterle una pu\u00f1alada (a Unasur) para desangrarla, los movimientos sociales y los revolucionarios de Am\u00e9rica del Sur\u201d<\/em> defender\u00e1n al acuerdo.<\/p>\n<p>Seg\u00fan la agencia EFE y la estatal AVI, Maduro especul\u00f3 con que esa decisi\u00f3n pueda deberse a la <em>\u201cpresi\u00f3n\u201d<\/em> del gobierno de los Estados Unidos para destruir el organismo. <em>\u201cUnasur merece ser defendida\u201d<\/em>, insisti\u00f3.<\/p>\n<p>Por su parte   <a href=\"https:\/\/www.cronica.com.ar\/tags\/Ecuador\">Ecuador<\/a>, pa\u00eds que alberga la sede del organismo regional, afirm\u00f3 en un comunicado de su Canciller\u00eda su<em> \u201ctotal apoyo al proceso de integraci\u00f3n de la Unasur, cuya vigencia es evidente por el trabajo regular de los consejos, grupos de trabajo y otras instancias\u201d<\/em> y destac\u00f3 el<em> \u201csignificativo n\u00famero de logros alcanzados desde la fundaci\u00f3n\u00bb.<\/em><\/p>\n<p>En el texto se subraya que para   <a href=\"https:\/\/www.cronica.com.ar\/tags\/Ecuador\">Ecuador<\/a> <em>\u201ces indispensable la existencia plena\u201d<\/em> de la Uni\u00f3n, <em>\u201cporque constituye un esquema de integraci\u00f3n que atiende a las necesidades de la gente\u201d<\/em>. Y conf\u00eda en que la instituci\u00f3n pueda<em> \u201cde com\u00fan acuerdo con sus miembros, ser renovada y actualizada a las necesidades de la actual coyuntura\u00bb.<\/em><\/p>\n<p><em>\u00abPara ello es indispensable la unidad regional, el di\u00e1logo y la negociaci\u00f3n, como los instrumentos id\u00f3neos para resolver los recientes temas institucionales, as\u00ed como la elecci\u00f3n del secretario general, objetivo sobre el cual   <a href=\"https:\/\/www.cronica.com.ar\/tags\/Ecuador\">Ecuador<\/a> ha venido facilitando el di\u00e1logo para encontrar soluciones\u201d<\/em>, se\u00f1ala el comunicado.<\/p>\n<p>La naci\u00f3n andina expresa asimismo su<em> \u201csolidaridad e incondicional apoyo\u201d<\/em> a la Presidencia de turno que estren\u00f3 recientemente   <a href=\"https:\/\/www.cronica.com.ar\/tags\/Bolivia\">Bolivia<\/a>, as\u00ed como la intenci\u00f3n anunciada ayer por su canciller, <strong>Fernando Huanacuni Mamani<\/strong>, de convocar una reuni\u00f3n de los ministros de exteriores, previsiblemente el pr\u00f3ximo mes.<\/p>\n<p>Por su parte, el canciller uruguayo, <strong>Rodolfo Nin Novoa<\/strong>, dijo este s\u00e1bado\u00a0que su pa\u00eds <em>\u201cno piensa salir de la Uni\u00f3n de Naciones Suramericanas (Unasur)\u201d<\/em>, despu\u00e9s de que   <a href=\"https:\/\/www.cronica.com.ar\/tags\/Argentina\">Argentina<\/a>,   <a href=\"https:\/\/www.cronica.com.ar\/tags\/Colombia\">Colombia<\/a>,   <a href=\"https:\/\/www.cronica.com.ar\/tags\/Chile\">Chile<\/a>,   <a href=\"https:\/\/www.cronica.com.ar\/tags\/Brasil\">Brasil<\/a>,   <a href=\"https:\/\/www.cronica.com.ar\/tags\/Paraguay\">Paraguay<\/a> y<br \/>Per\u00fa suspendieran su participaci\u00f3n en las actividades del organismo.<\/p>\n<p>Nin Novoa lament\u00f3 este hecho, que adem\u00e1s calific\u00f3 como<em> \u201cmuy preocupante\u201d<\/em> y subray\u00f3 que Uruguay se mantendr\u00e1 activo en el bloque.<\/p>\n<p><em>\u00abVamos a hacer todos los esfuerzos posibles para que se pueda rever esta situaci\u00f3n por parte de esos seis pa\u00edses a los efectos de tener una organizaci\u00f3n propia suramericana, que pueda coordinar temas que son comunes entre los pa\u00edses\u201d<\/em>, indic\u00f3.<\/p>\n<p>No obstante, se\u00f1al\u00f3 que en su opini\u00f3n hay que<em> \u201crever algunas cosas\u201d <\/em>y matiz\u00f3 que <em>\u201chabr\u00e1 que tomar algunas decisiones importantes en cuanto a la manera, a las formas de resolver las deferencias o los problemas que hay\u201d<\/em>.<\/p>\n<p><em>\u00abUna de ellas quiz\u00e1s sea cambiar los sistemas de votaci\u00f3n (actualmente por unanimidad), buscar mayor\u00edas calificadas, altas mayor\u00edas (dos tercios), algo que impida la par\u00e1lisis que da la falta de consenso\u201d<\/em>, concluy\u00f3.<\/p>\n<p>La secretar\u00eda de la Unasur, bloque formado por   <a href=\"https:\/\/www.cronica.com.ar\/tags\/Argentina\">Argentina<\/a>,   <a href=\"https:\/\/www.cronica.com.ar\/tags\/Bolivia\">Bolivia<\/a>,   <a href=\"https:\/\/www.cronica.com.ar\/tags\/Brasil\">Brasil<\/a>,   <a href=\"https:\/\/www.cronica.com.ar\/tags\/Chile\">Chile<\/a>,   <a href=\"https:\/\/www.cronica.com.ar\/tags\/Colombia\">Colombia<\/a>,   <a href=\"https:\/\/www.cronica.com.ar\/tags\/Ecuador\">Ecuador<\/a>, Guyana,   <a href=\"https:\/\/www.cronica.com.ar\/tags\/Paraguay\">Paraguay<\/a>, Per\u00fa, Surinam, Uruguay y Venezuela, est\u00e1 vacante desde enero del a\u00f1o pasado, cuando dej\u00f3 el cargo el ex presidente colombiano <strong>Ernesto Samper<\/strong>.<\/p>\n<\/div>\n<\/div>\n","protected":false},"excerpt":{"rendered":"<p>A pedido del presidente de Venezuela, Nicol\u00e1s Maduro, de\u00a0que la Unasur \u201cdebe ser defendida\u201d, se sumaron este s\u00e1badp\u00a0 Ecuador, que apel\u00f3 al di\u00e1logo para mantener la unidad del bloque, y Uruguay, que asegur\u00f3 que no piensa abandonarlo. Cabe recordar que el pasado viernes, seis pa\u00edses, entre ellos la Argentina, anunciaron que suspender\u00e1n su participaci\u00f3n hasta [&hellip;]<\/p>\n","protected":false},"author":4,"featured_media":8988,"comment_status":"open","ping_status":"closed","sticky":false,"template":"","format":"standard","meta":{"footnotes":""},"categories":[194],"tags":[],"class_list":{"0":"post-8987","1":"post","2":"type-post","3":"status-publish","4":"format-standard","5":"has-post-thumbnail","7":"category-internacionales"},"yoast_head":"<!-- This site is optimized with the Yoast SEO plugin v27.4 - https:\/\/yoast.com\/product\/yoast-seo-wordpress\/ -->\n<title>Venezuela, Ecuador y Uruguay pidieron defender la Unasur - El Diario de Tucuman<\/title>\n<meta name=\"robots\" content=\"index, follow, max-snippet:-1, max-image-preview:large, max-video-preview:-1\" \/>\n<link rel=\"canonical\" href=\"https:\/\/www.eldiariodetucuman.com\/web\/venezuela-ecuador-y-uruguay-pidieron-defender-la-unasur\/\" \/>\n<meta property=\"og:locale\" content=\"es_ES\" \/>\n<meta property=\"og:type\" content=\"article\" \/>\n<meta property=\"og:title\" content=\"Venezuela, Ecuador y Uruguay pidieron defender la Unasur - El Diario de Tucuman\" \/>\n<meta property=\"og:description\" content=\"A pedido del presidente de Venezuela, Nicol\u00e1s Maduro, de\u00a0que la Unasur \u201cdebe ser defendida\u201d, se sumaron este s\u00e1badp\u00a0 Ecuador, que apel\u00f3 al di\u00e1logo para mantener la unidad del bloque, y Uruguay, que asegur\u00f3 que no piensa abandonarlo. Cabe recordar que el pasado viernes, seis pa\u00edses, entre ellos la Argentina, anunciaron que suspender\u00e1n su participaci\u00f3n hasta [&hellip;]\" \/>\n<meta property=\"og:url\" content=\"https:\/\/www.eldiariodetucuman.com\/web\/venezuela-ecuador-y-uruguay-pidieron-defender-la-unasur\/\" \/>\n<meta property=\"og:site_name\" content=\"El Diario de Tucuman\" \/>\n<meta property=\"article:published_time\" content=\"2018-04-22T15:51:10+00:00\" \/>\n<meta property=\"og:image\" content=\"https:\/\/www.eldiariodetucuman.com\/web\/wp-content\/uploads\/2018\/04\/42bc20235b6597eb43da1804a055a0d0.jpeg\" \/>\n\t<meta property=\"og:image:width\" content=\"970\" \/>\n\t<meta property=\"og:image:height\" content=\"546\" \/>\n\t<meta property=\"og:image:type\" content=\"image\/jpeg\" \/>\n<meta name=\"author\" content=\"eldiario detucuman\" \/>\n<meta name=\"twitter:card\" content=\"summary_large_image\" \/>\n<meta name=\"twitter:label1\" content=\"Escrito por\" \/>\n\t<meta name=\"twitter:data1\" content=\"eldiario detucuman\" \/>\n\t<meta name=\"twitter:label2\" content=\"Tiempo de lectura\" \/>\n\t<meta name=\"twitter:data2\" content=\"3 minutos\" \/>\n<script type=\"application\/ld+json\" class=\"yoast-schema-graph\">{\"@context\":\"https:\\\/\\\/schema.org\",\"@graph\":[{\"@type\":\"Article\",\"@id\":\"https:\\\/\\\/www.eldiariodetucuman.com\\\/web\\\/venezuela-ecuador-y-uruguay-pidieron-defender-la-unasur\\\/#article\",\"isPartOf\":{\"@id\":\"https:\\\/\\\/www.eldiariodetucuman.com\\\/web\\\/venezuela-ecuador-y-uruguay-pidieron-defender-la-unasur\\\/\"},\"author\":{\"name\":\"eldiario detucuman\",\"@id\":\"https:\\\/\\\/www.eldiariodetucuman.com\\\/web\\\/#\\\/schema\\\/person\\\/6f95946e54fde848b878ffa4928071d5\"},\"headline\":\"Venezuela, Ecuador y Uruguay pidieron defender la Unasur\",\"datePublished\":\"2018-04-22T15:51:10+00:00\",\"mainEntityOfPage\":{\"@id\":\"https:\\\/\\\/www.eldiariodetucuman.com\\\/web\\\/venezuela-ecuador-y-uruguay-pidieron-defender-la-unasur\\\/\"},\"wordCount\":655,\"commentCount\":0,\"publisher\":{\"@id\":\"https:\\\/\\\/www.eldiariodetucuman.com\\\/web\\\/#organization\"},\"image\":{\"@id\":\"https:\\\/\\\/www.eldiariodetucuman.com\\\/web\\\/venezuela-ecuador-y-uruguay-pidieron-defender-la-unasur\\\/#primaryimage\"},\"thumbnailUrl\":\"https:\\\/\\\/www.eldiariodetucuman.com\\\/web\\\/wp-content\\\/uploads\\\/2018\\\/04\\\/42bc20235b6597eb43da1804a055a0d0.jpeg\",\"articleSection\":[\"Internacionales\"],\"inLanguage\":\"es\",\"potentialAction\":[{\"@type\":\"CommentAction\",\"name\":\"Comment\",\"target\":[\"https:\\\/\\\/www.eldiariodetucuman.com\\\/web\\\/venezuela-ecuador-y-uruguay-pidieron-defender-la-unasur\\\/#respond\"]}]},{\"@type\":\"WebPage\",\"@id\":\"https:\\\/\\\/www.eldiariodetucuman.com\\\/web\\\/venezuela-ecuador-y-uruguay-pidieron-defender-la-unasur\\\/\",\"url\":\"https:\\\/\\\/www.eldiariodetucuman.com\\\/web\\\/venezuela-ecuador-y-uruguay-pidieron-defender-la-unasur\\\/\",\"name\":\"Venezuela, Ecuador y Uruguay pidieron defender la Unasur - El Diario de Tucuman\",\"isPartOf\":{\"@id\":\"https:\\\/\\\/www.eldiariodetucuman.com\\\/web\\\/#website\"},\"primaryImageOfPage\":{\"@id\":\"https:\\\/\\\/www.eldiariodetucuman.com\\\/web\\\/venezuela-ecuador-y-uruguay-pidieron-defender-la-unasur\\\/#primaryimage\"},\"image\":{\"@id\":\"https:\\\/\\\/www.eldiariodetucuman.com\\\/web\\\/venezuela-ecuador-y-uruguay-pidieron-defender-la-unasur\\\/#primaryimage\"},\"thumbnailUrl\":\"https:\\\/\\\/www.eldiariodetucuman.com\\\/web\\\/wp-content\\\/uploads\\\/2018\\\/04\\\/42bc20235b6597eb43da1804a055a0d0.jpeg\",\"datePublished\":\"2018-04-22T15:51:10+00:00\",\"breadcrumb\":{\"@id\":\"https:\\\/\\\/www.eldiariodetucuman.com\\\/web\\\/venezuela-ecuador-y-uruguay-pidieron-defender-la-unasur\\\/#breadcrumb\"},\"inLanguage\":\"es\",\"potentialAction\":[{\"@type\":\"ReadAction\",\"target\":[\"https:\\\/\\\/www.eldiariodetucuman.com\\\/web\\\/venezuela-ecuador-y-uruguay-pidieron-defender-la-unasur\\\/\"]}]},{\"@type\":\"ImageObject\",\"inLanguage\":\"es\",\"@id\":\"https:\\\/\\\/www.eldiariodetucuman.com\\\/web\\\/venezuela-ecuador-y-uruguay-pidieron-defender-la-unasur\\\/#primaryimage\",\"url\":\"https:\\\/\\\/www.eldiariodetucuman.com\\\/web\\\/wp-content\\\/uploads\\\/2018\\\/04\\\/42bc20235b6597eb43da1804a055a0d0.jpeg\",\"contentUrl\":\"https:\\\/\\\/www.eldiariodetucuman.com\\\/web\\\/wp-content\\\/uploads\\\/2018\\\/04\\\/42bc20235b6597eb43da1804a055a0d0.jpeg\",\"width\":970,\"height\":546},{\"@type\":\"BreadcrumbList\",\"@id\":\"https:\\\/\\\/www.eldiariodetucuman.com\\\/web\\\/venezuela-ecuador-y-uruguay-pidieron-defender-la-unasur\\\/#breadcrumb\",\"itemListElement\":[{\"@type\":\"ListItem\",\"position\":1,\"name\":\"Portada\",\"item\":\"https:\\\/\\\/www.eldiariodetucuman.com\\\/web\\\/\"},{\"@type\":\"ListItem\",\"position\":2,\"name\":\"Venezuela, Ecuador y Uruguay pidieron defender la Unasur\"}]},{\"@type\":\"WebSite\",\"@id\":\"https:\\\/\\\/www.eldiariodetucuman.com\\\/web\\\/#website\",\"url\":\"https:\\\/\\\/www.eldiariodetucuman.com\\\/web\\\/\",\"name\":\"El Diario de Tucuman\",\"description\":\"Diario Tucuman - Informaci\u00f3n y noticias\",\"publisher\":{\"@id\":\"https:\\\/\\\/www.eldiariodetucuman.com\\\/web\\\/#organization\"},\"potentialAction\":[{\"@type\":\"SearchAction\",\"target\":{\"@type\":\"EntryPoint\",\"urlTemplate\":\"https:\\\/\\\/www.eldiariodetucuman.com\\\/web\\\/?s={search_term_string}\"},\"query-input\":{\"@type\":\"PropertyValueSpecification\",\"valueRequired\":true,\"valueName\":\"search_term_string\"}}],\"inLanguage\":\"es\"},{\"@type\":\"Organization\",\"@id\":\"https:\\\/\\\/www.eldiariodetucuman.com\\\/web\\\/#organization\",\"name\":\"El Diario de Tucuman\",\"url\":\"https:\\\/\\\/www.eldiariodetucuman.com\\\/web\\\/\",\"logo\":{\"@type\":\"ImageObject\",\"inLanguage\":\"es\",\"@id\":\"https:\\\/\\\/www.eldiariodetucuman.com\\\/web\\\/#\\\/schema\\\/logo\\\/image\\\/\",\"url\":\"http:\\\/\\\/www.eldiariodetucuman.com\\\/web\\\/wp-content\\\/uploads\\\/2017\\\/12\\\/el-diario-de-tucuman.jpg\",\"contentUrl\":\"http:\\\/\\\/www.eldiariodetucuman.com\\\/web\\\/wp-content\\\/uploads\\\/2017\\\/12\\\/el-diario-de-tucuman.jpg\",\"width\":272,\"height\":92,\"caption\":\"El Diario de Tucuman\"},\"image\":{\"@id\":\"https:\\\/\\\/www.eldiariodetucuman.com\\\/web\\\/#\\\/schema\\\/logo\\\/image\\\/\"}},{\"@type\":\"Person\",\"@id\":\"https:\\\/\\\/www.eldiariodetucuman.com\\\/web\\\/#\\\/schema\\\/person\\\/6f95946e54fde848b878ffa4928071d5\",\"name\":\"eldiario detucuman\",\"image\":{\"@type\":\"ImageObject\",\"inLanguage\":\"es\",\"@id\":\"https:\\\/\\\/secure.gravatar.com\\\/avatar\\\/b6e1f89c5c4044c4962c8e6c20b1ca2cc99f549c965908afd4ec5308b3f51bfe?s=96&d=mm&r=g\",\"url\":\"https:\\\/\\\/secure.gravatar.com\\\/avatar\\\/b6e1f89c5c4044c4962c8e6c20b1ca2cc99f549c965908afd4ec5308b3f51bfe?s=96&d=mm&r=g\",\"contentUrl\":\"https:\\\/\\\/secure.gravatar.com\\\/avatar\\\/b6e1f89c5c4044c4962c8e6c20b1ca2cc99f549c965908afd4ec5308b3f51bfe?s=96&d=mm&r=g\",\"caption\":\"eldiario detucuman\"},\"url\":\"https:\\\/\\\/www.eldiariodetucuman.com\\\/web\\\/author\\\/eldiariodetucuman\\\/\"}]}<\/script>\n<!-- \/ Yoast SEO plugin. -->","yoast_head_json":{"title":"Venezuela, Ecuador y Uruguay pidieron defender la Unasur - El Diario de Tucuman","robots":{"index":"index","follow":"follow","max-snippet":"max-snippet:-1","max-image-preview":"max-image-preview:large","max-video-preview":"max-video-preview:-1"},"canonical":"https:\/\/www.eldiariodetucuman.com\/web\/venezuela-ecuador-y-uruguay-pidieron-defender-la-unasur\/","og_locale":"es_ES","og_type":"article","og_title":"Venezuela, Ecuador y Uruguay pidieron defender la Unasur - El Diario de Tucuman","og_description":"A pedido del presidente de Venezuela, Nicol\u00e1s Maduro, de\u00a0que la Unasur \u201cdebe ser defendida\u201d, se sumaron este s\u00e1badp\u00a0 Ecuador, que apel\u00f3 al di\u00e1logo para mantener la unidad del bloque, y Uruguay, que asegur\u00f3 que no piensa abandonarlo. Cabe recordar que el pasado viernes, seis pa\u00edses, entre ellos la Argentina, anunciaron que suspender\u00e1n su participaci\u00f3n hasta [&hellip;]","og_url":"https:\/\/www.eldiariodetucuman.com\/web\/venezuela-ecuador-y-uruguay-pidieron-defender-la-unasur\/","og_site_name":"El Diario de Tucuman","article_published_time":"2018-04-22T15:51:10+00:00","og_image":[{"width":970,"height":546,"url":"https:\/\/www.eldiariodetucuman.com\/web\/wp-content\/uploads\/2018\/04\/42bc20235b6597eb43da1804a055a0d0.jpeg","type":"image\/jpeg"}],"author":"eldiario detucuman","twitter_card":"summary_large_image","twitter_misc":{"Escrito por":"eldiario detucuman","Tiempo de lectura":"3 minutos"},"schema":{"@context":"https:\/\/schema.org","@graph":[{"@type":"Article","@id":"https:\/\/www.eldiariodetucuman.com\/web\/venezuela-ecuador-y-uruguay-pidieron-defender-la-unasur\/#article","isPartOf":{"@id":"https:\/\/www.eldiariodetucuman.com\/web\/venezuela-ecuador-y-uruguay-pidieron-defender-la-unasur\/"},"author":{"name":"eldiario detucuman","@id":"https:\/\/www.eldiariodetucuman.com\/web\/#\/schema\/person\/6f95946e54fde848b878ffa4928071d5"},"headline":"Venezuela, Ecuador y Uruguay pidieron defender la Unasur","datePublished":"2018-04-22T15:51:10+00:00","mainEntityOfPage":{"@id":"https:\/\/www.eldiariodetucuman.com\/web\/venezuela-ecuador-y-uruguay-pidieron-defender-la-unasur\/"},"wordCount":655,"commentCount":0,"publisher":{"@id":"https:\/\/www.eldiariodetucuman.com\/web\/#organization"},"image":{"@id":"https:\/\/www.eldiariodetucuman.com\/web\/venezuela-ecuador-y-uruguay-pidieron-defender-la-unasur\/#primaryimage"},"thumbnailUrl":"https:\/\/www.eldiariodetucuman.com\/web\/wp-content\/uploads\/2018\/04\/42bc20235b6597eb43da1804a055a0d0.jpeg","articleSection":["Internacionales"],"inLanguage":"es","potentialAction":[{"@type":"CommentAction","name":"Comment","target":["https:\/\/www.eldiariodetucuman.com\/web\/venezuela-ecuador-y-uruguay-pidieron-defender-la-unasur\/#respond"]}]},{"@type":"WebPage","@id":"https:\/\/www.eldiariodetucuman.com\/web\/venezuela-ecuador-y-uruguay-pidieron-defender-la-unasur\/","url":"https:\/\/www.eldiariodetucuman.com\/web\/venezuela-ecuador-y-uruguay-pidieron-defender-la-unasur\/","name":"Venezuela, Ecuador y Uruguay pidieron defender la Unasur - El Diario de Tucuman","isPartOf":{"@id":"https:\/\/www.eldiariodetucuman.com\/web\/#website"},"primaryImageOfPage":{"@id":"https:\/\/www.eldiariodetucuman.com\/web\/venezuela-ecuador-y-uruguay-pidieron-defender-la-unasur\/#primaryimage"},"image":{"@id":"https:\/\/www.eldiariodetucuman.com\/web\/venezuela-ecuador-y-uruguay-pidieron-defender-la-unasur\/#primaryimage"},"thumbnailUrl":"https:\/\/www.eldiariodetucuman.com\/web\/wp-content\/uploads\/2018\/04\/42bc20235b6597eb43da1804a055a0d0.jpeg","datePublished":"2018-04-22T15:51:10+00:00","breadcrumb":{"@id":"https:\/\/www.eldiariodetucuman.com\/web\/venezuela-ecuador-y-uruguay-pidieron-defender-la-unasur\/#breadcrumb"},"inLanguage":"es","potentialAction":[{"@type":"ReadAction","target":["https:\/\/www.eldiariodetucuman.com\/web\/venezuela-ecuador-y-uruguay-pidieron-defender-la-unasur\/"]}]},{"@type":"ImageObject","inLanguage":"es","@id":"https:\/\/www.eldiariodetucuman.com\/web\/venezuela-ecuador-y-uruguay-pidieron-defender-la-unasur\/#primaryimage","url":"https:\/\/www.eldiariodetucuman.com\/web\/wp-content\/uploads\/2018\/04\/42bc20235b6597eb43da1804a055a0d0.jpeg","contentUrl":"https:\/\/www.eldiariodetucuman.com\/web\/wp-content\/uploads\/2018\/04\/42bc20235b6597eb43da1804a055a0d0.jpeg","width":970,"height":546},{"@type":"BreadcrumbList","@id":"https:\/\/www.eldiariodetucuman.com\/web\/venezuela-ecuador-y-uruguay-pidieron-defender-la-unasur\/#breadcrumb","itemListElement":[{"@type":"ListItem","position":1,"name":"Portada","item":"https:\/\/www.eldiariodetucuman.com\/web\/"},{"@type":"ListItem","position":2,"name":"Venezuela, Ecuador y Uruguay pidieron defender la Unasur"}]},{"@type":"WebSite","@id":"https:\/\/www.eldiariodetucuman.com\/web\/#website","url":"https:\/\/www.eldiariodetucuman.com\/web\/","name":"El Diario de Tucuman","description":"Diario Tucuman - Informaci\u00f3n y noticias","publisher":{"@id":"https:\/\/www.eldiariodetucuman.com\/web\/#organization"},"potentialAction":[{"@type":"SearchAction","target":{"@type":"EntryPoint","urlTemplate":"https:\/\/www.eldiariodetucuman.com\/web\/?s={search_term_string}"},"query-input":{"@type":"PropertyValueSpecification","valueRequired":true,"valueName":"search_term_string"}}],"inLanguage":"es"},{"@type":"Organization","@id":"https:\/\/www.eldiariodetucuman.com\/web\/#organization","name":"El Diario de Tucuman","url":"https:\/\/www.eldiariodetucuman.com\/web\/","logo":{"@type":"ImageObject","inLanguage":"es","@id":"https:\/\/www.eldiariodetucuman.com\/web\/#\/schema\/logo\/image\/","url":"http:\/\/www.eldiariodetucuman.com\/web\/wp-content\/uploads\/2017\/12\/el-diario-de-tucuman.jpg","contentUrl":"http:\/\/www.eldiariodetucuman.com\/web\/wp-content\/uploads\/2017\/12\/el-diario-de-tucuman.jpg","width":272,"height":92,"caption":"El Diario de Tucuman"},"image":{"@id":"https:\/\/www.eldiariodetucuman.com\/web\/#\/schema\/logo\/image\/"}},{"@type":"Person","@id":"https:\/\/www.eldiariodetucuman.com\/web\/#\/schema\/person\/6f95946e54fde848b878ffa4928071d5","name":"eldiario detucuman","image":{"@type":"ImageObject","inLanguage":"es","@id":"https:\/\/secure.gravatar.com\/avatar\/b6e1f89c5c4044c4962c8e6c20b1ca2cc99f549c965908afd4ec5308b3f51bfe?s=96&d=mm&r=g","url":"https:\/\/secure.gravatar.com\/avatar\/b6e1f89c5c4044c4962c8e6c20b1ca2cc99f549c965908afd4ec5308b3f51bfe?s=96&d=mm&r=g","contentUrl":"https:\/\/secure.gravatar.com\/avatar\/b6e1f89c5c4044c4962c8e6c20b1ca2cc99f549c965908afd4ec5308b3f51bfe?s=96&d=mm&r=g","caption":"eldiario detucuman"},"url":"https:\/\/www.eldiariodetucuman.com\/web\/author\/eldiariodetucuman\/"}]}},"_links":{"self":[{"href":"https:\/\/www.eldiariodetucuman.com\/web\/wp-json\/wp\/v2\/posts\/8987","targetHints":{"allow":["GET"]}}],"collection":[{"href":"https:\/\/www.eldiariodetucuman.com\/web\/wp-json\/wp\/v2\/posts"}],"about":[{"href":"https:\/\/www.eldiariodetucuman.com\/web\/wp-json\/wp\/v2\/types\/post"}],"author":[{"embeddable":true,"href":"https:\/\/www.eldiariodetucuman.com\/web\/wp-json\/wp\/v2\/users\/4"}],"replies":[{"embeddable":true,"href":"https:\/\/www.eldiariodetucuman.com\/web\/wp-json\/wp\/v2\/comments?post=8987"}],"version-history":[{"count":0,"href":"https:\/\/www.eldiariodetucuman.com\/web\/wp-json\/wp\/v2\/posts\/8987\/revisions"}],"wp:featuredmedia":[{"embeddable":true,"href":"https:\/\/www.eldiariodetucuman.com\/web\/wp-json\/wp\/v2\/media\/8988"}],"wp:attachment":[{"href":"https:\/\/www.eldiariodetucuman.com\/web\/wp-json\/wp\/v2\/media?parent=8987"}],"wp:term":[{"taxonomy":"category","embeddable":true,"href":"https:\/\/www.eldiariodetucuman.com\/web\/wp-json\/wp\/v2\/categories?post=8987"},{"taxonomy":"post_tag","embeddable":true,"href":"https:\/\/www.eldiariodetucuman.com\/web\/wp-json\/wp\/v2\/tags?post=8987"}],"curies":[{"name":"wp","href":"https:\/\/api.w.org\/{rel}","templated":true}]}}