{"id":8771,"date":"2018-04-18T14:24:58","date_gmt":"2018-04-18T17:24:58","guid":{"rendered":"http:\/\/www.eldiariodetucuman.com\/web\/?p=8771"},"modified":"2018-04-18T14:24:58","modified_gmt":"2018-04-18T17:24:58","slug":"el-legislador-guillermo-gassenbauer-propone-bibliotecas-digitales","status":"publish","type":"post","link":"https:\/\/www.eldiariodetucuman.com\/web\/el-legislador-guillermo-gassenbauer-propone-bibliotecas-digitales\/","title":{"rendered":"El Legislador Guillermo Gassenbauer propone bibliotecas digitales"},"content":{"rendered":"<p>El <strong>Legislador<\/strong> Tucumano <strong>Guillermo Gassenbauer<\/strong> se encuentra trabajando en una propuesta superadora en relacion a las oportunidades de <strong>padres<\/strong> y <strong>alumnos<\/strong>, en relacion a nuestra realidad en los tiempos que corren, la <strong>era digital<\/strong>.<!--more--><\/p>\n<h2>Present\u00e9 un proyecto de ley que prev\u00e9 la creaci\u00f3n del Servicio Provincial de Bibliotecas Digitales &#8211; <a href=\"https:\/\/www.guillegassenbauer.com.ar\/noticia\/bibliotecas-digitales-una-herramienta-para-alumnos-y-padres\">Guille Gassenbauer<\/a><\/h2>\n<p>Teniendo en cuenta que 8 de cada 10 chicos menores de 18 a\u00f1os tienen acceso a dispositivos electr\u00f3nicos, present\u00e9 un proyecto de ley que prev\u00e9 la creaci\u00f3n del \u00abServicio Provincial de Bibliotecas Digitales\u00bb. Se trata de una herramienta que permitir\u00e1 acercar a los ni\u00f1os a la lectura como as\u00ed tambi\u00e9n ofrecer\u00e1 a los padres contar con la posibilidad de descargar la bibliograf\u00eda solicitada en la escuela.<\/p>\n<p><b><a href=\"https:\/\/www.guillegassenbauer.com.ar\/\">Guillermo Gassenbauer<\/a><\/b>\u00a0&#8211;\u00a0<b>Legislador<\/b><\/p>\n","protected":false},"excerpt":{"rendered":"<p>El Legislador Tucumano Guillermo Gassenbauer se encuentra trabajando en una propuesta superadora en relacion a las oportunidades de padres y alumnos, en relacion a nuestra realidad en los tiempos que corren, la era digital.<\/p>\n","protected":false},"author":3,"featured_media":8772,"comment_status":"closed","ping_status":"open","sticky":false,"template":"","format":"standard","meta":{"footnotes":""},"categories":[1],"tags":[],"class_list":{"0":"post-8771","1":"post","2":"type-post","3":"status-publish","4":"format-standard","5":"has-post-thumbnail","7":"category-portada"},"yoast_head":"<!-- This site is optimized with the Yoast SEO plugin v27.4 - https:\/\/yoast.com\/product\/yoast-seo-wordpress\/ -->\n<title>El Legislador Guillermo Gassenbauer propone bibliotecas digitales - El Diario de Tucuman<\/title>\n<meta name=\"robots\" content=\"index, follow, max-snippet:-1, max-image-preview:large, max-video-preview:-1\" \/>\n<link rel=\"canonical\" href=\"https:\/\/www.eldiariodetucuman.com\/web\/el-legislador-guillermo-gassenbauer-propone-bibliotecas-digitales\/\" \/>\n<meta property=\"og:locale\" content=\"es_ES\" \/>\n<meta property=\"og:type\" content=\"article\" \/>\n<meta property=\"og:title\" content=\"El Legislador Guillermo Gassenbauer propone bibliotecas digitales - El Diario de Tucuman\" \/>\n<meta property=\"og:description\" content=\"El Legislador Tucumano Guillermo Gassenbauer se encuentra trabajando en una propuesta superadora en relacion a las oportunidades de padres y alumnos, en relacion a nuestra realidad en los tiempos que corren, la era digital.\" \/>\n<meta property=\"og:url\" content=\"https:\/\/www.eldiariodetucuman.com\/web\/el-legislador-guillermo-gassenbauer-propone-bibliotecas-digitales\/\" \/>\n<meta property=\"og:site_name\" content=\"El Diario de Tucuman\" \/>\n<meta property=\"article:published_time\" content=\"2018-04-18T17:24:58+00:00\" \/>\n<meta property=\"og:image\" content=\"https:\/\/www.eldiariodetucuman.com\/web\/wp-content\/uploads\/2018\/04\/guillermo-gassenbauer-bibliotecas-digitales.png\" \/>\n\t<meta property=\"og:image:width\" content=\"800\" \/>\n\t<meta property=\"og:image:height\" content=\"600\" \/>\n\t<meta property=\"og:image:type\" content=\"image\/png\" \/>\n<meta name=\"author\" content=\"El diario de Tucuman\" \/>\n<meta name=\"twitter:card\" content=\"summary_large_image\" \/>\n<meta name=\"twitter:label1\" content=\"Escrito por\" \/>\n\t<meta name=\"twitter:data1\" content=\"El diario de Tucuman\" \/>\n\t<meta name=\"twitter:label2\" content=\"Tiempo de lectura\" \/>\n\t<meta name=\"twitter:data2\" content=\"1 minuto\" \/>\n<script type=\"application\/ld+json\" class=\"yoast-schema-graph\">{\"@context\":\"https:\\\/\\\/schema.org\",\"@graph\":[{\"@type\":\"Article\",\"@id\":\"https:\\\/\\\/www.eldiariodetucuman.com\\\/web\\\/el-legislador-guillermo-gassenbauer-propone-bibliotecas-digitales\\\/#article\",\"isPartOf\":{\"@id\":\"https:\\\/\\\/www.eldiariodetucuman.com\\\/web\\\/el-legislador-guillermo-gassenbauer-propone-bibliotecas-digitales\\\/\"},\"author\":{\"name\":\"El diario de Tucuman\",\"@id\":\"https:\\\/\\\/www.eldiariodetucuman.com\\\/web\\\/#\\\/schema\\\/person\\\/3adbe300ecd6242af93c97dab1dc3ba1\"},\"headline\":\"El Legislador Guillermo Gassenbauer propone bibliotecas digitales\",\"datePublished\":\"2018-04-18T17:24:58+00:00\",\"mainEntityOfPage\":{\"@id\":\"https:\\\/\\\/www.eldiariodetucuman.com\\\/web\\\/el-legislador-guillermo-gassenbauer-propone-bibliotecas-digitales\\\/\"},\"wordCount\":133,\"publisher\":{\"@id\":\"https:\\\/\\\/www.eldiariodetucuman.com\\\/web\\\/#organization\"},\"image\":{\"@id\":\"https:\\\/\\\/www.eldiariodetucuman.com\\\/web\\\/el-legislador-guillermo-gassenbauer-propone-bibliotecas-digitales\\\/#primaryimage\"},\"thumbnailUrl\":\"https:\\\/\\\/www.eldiariodetucuman.com\\\/web\\\/wp-content\\\/uploads\\\/2018\\\/04\\\/guillermo-gassenbauer-bibliotecas-digitales.png\",\"articleSection\":[\"Portada\"],\"inLanguage\":\"es\"},{\"@type\":\"WebPage\",\"@id\":\"https:\\\/\\\/www.eldiariodetucuman.com\\\/web\\\/el-legislador-guillermo-gassenbauer-propone-bibliotecas-digitales\\\/\",\"url\":\"https:\\\/\\\/www.eldiariodetucuman.com\\\/web\\\/el-legislador-guillermo-gassenbauer-propone-bibliotecas-digitales\\\/\",\"name\":\"El Legislador Guillermo Gassenbauer propone bibliotecas digitales - El Diario de Tucuman\",\"isPartOf\":{\"@id\":\"https:\\\/\\\/www.eldiariodetucuman.com\\\/web\\\/#website\"},\"primaryImageOfPage\":{\"@id\":\"https:\\\/\\\/www.eldiariodetucuman.com\\\/web\\\/el-legislador-guillermo-gassenbauer-propone-bibliotecas-digitales\\\/#primaryimage\"},\"image\":{\"@id\":\"https:\\\/\\\/www.eldiariodetucuman.com\\\/web\\\/el-legislador-guillermo-gassenbauer-propone-bibliotecas-digitales\\\/#primaryimage\"},\"thumbnailUrl\":\"https:\\\/\\\/www.eldiariodetucuman.com\\\/web\\\/wp-content\\\/uploads\\\/2018\\\/04\\\/guillermo-gassenbauer-bibliotecas-digitales.png\",\"datePublished\":\"2018-04-18T17:24:58+00:00\",\"breadcrumb\":{\"@id\":\"https:\\\/\\\/www.eldiariodetucuman.com\\\/web\\\/el-legislador-guillermo-gassenbauer-propone-bibliotecas-digitales\\\/#breadcrumb\"},\"inLanguage\":\"es\",\"potentialAction\":[{\"@type\":\"ReadAction\",\"target\":[\"https:\\\/\\\/www.eldiariodetucuman.com\\\/web\\\/el-legislador-guillermo-gassenbauer-propone-bibliotecas-digitales\\\/\"]}]},{\"@type\":\"ImageObject\",\"inLanguage\":\"es\",\"@id\":\"https:\\\/\\\/www.eldiariodetucuman.com\\\/web\\\/el-legislador-guillermo-gassenbauer-propone-bibliotecas-digitales\\\/#primaryimage\",\"url\":\"https:\\\/\\\/www.eldiariodetucuman.com\\\/web\\\/wp-content\\\/uploads\\\/2018\\\/04\\\/guillermo-gassenbauer-bibliotecas-digitales.png\",\"contentUrl\":\"https:\\\/\\\/www.eldiariodetucuman.com\\\/web\\\/wp-content\\\/uploads\\\/2018\\\/04\\\/guillermo-gassenbauer-bibliotecas-digitales.png\",\"width\":800,\"height\":600,\"caption\":\"guillermo gassenbauer bibliotecas digitales\"},{\"@type\":\"BreadcrumbList\",\"@id\":\"https:\\\/\\\/www.eldiariodetucuman.com\\\/web\\\/el-legislador-guillermo-gassenbauer-propone-bibliotecas-digitales\\\/#breadcrumb\",\"itemListElement\":[{\"@type\":\"ListItem\",\"position\":1,\"name\":\"Portada\",\"item\":\"https:\\\/\\\/www.eldiariodetucuman.com\\\/web\\\/\"},{\"@type\":\"ListItem\",\"position\":2,\"name\":\"El Legislador Guillermo Gassenbauer propone bibliotecas digitales\"}]},{\"@type\":\"WebSite\",\"@id\":\"https:\\\/\\\/www.eldiariodetucuman.com\\\/web\\\/#website\",\"url\":\"https:\\\/\\\/www.eldiariodetucuman.com\\\/web\\\/\",\"name\":\"El Diario de Tucuman\",\"description\":\"Diario Tucuman - Informaci\u00f3n y noticias\",\"publisher\":{\"@id\":\"https:\\\/\\\/www.eldiariodetucuman.com\\\/web\\\/#organization\"},\"potentialAction\":[{\"@type\":\"SearchAction\",\"target\":{\"@type\":\"EntryPoint\",\"urlTemplate\":\"https:\\\/\\\/www.eldiariodetucuman.com\\\/web\\\/?s={search_term_string}\"},\"query-input\":{\"@type\":\"PropertyValueSpecification\",\"valueRequired\":true,\"valueName\":\"search_term_string\"}}],\"inLanguage\":\"es\"},{\"@type\":\"Organization\",\"@id\":\"https:\\\/\\\/www.eldiariodetucuman.com\\\/web\\\/#organization\",\"name\":\"El Diario de Tucuman\",\"url\":\"https:\\\/\\\/www.eldiariodetucuman.com\\\/web\\\/\",\"logo\":{\"@type\":\"ImageObject\",\"inLanguage\":\"es\",\"@id\":\"https:\\\/\\\/www.eldiariodetucuman.com\\\/web\\\/#\\\/schema\\\/logo\\\/image\\\/\",\"url\":\"http:\\\/\\\/www.eldiariodetucuman.com\\\/web\\\/wp-content\\\/uploads\\\/2017\\\/12\\\/el-diario-de-tucuman.jpg\",\"contentUrl\":\"http:\\\/\\\/www.eldiariodetucuman.com\\\/web\\\/wp-content\\\/uploads\\\/2017\\\/12\\\/el-diario-de-tucuman.jpg\",\"width\":272,\"height\":92,\"caption\":\"El Diario de Tucuman\"},\"image\":{\"@id\":\"https:\\\/\\\/www.eldiariodetucuman.com\\\/web\\\/#\\\/schema\\\/logo\\\/image\\\/\"}},{\"@type\":\"Person\",\"@id\":\"https:\\\/\\\/www.eldiariodetucuman.com\\\/web\\\/#\\\/schema\\\/person\\\/3adbe300ecd6242af93c97dab1dc3ba1\",\"name\":\"El diario de Tucuman\",\"image\":{\"@type\":\"ImageObject\",\"inLanguage\":\"es\",\"@id\":\"https:\\\/\\\/secure.gravatar.com\\\/avatar\\\/b7214de193b24d0bd708ac5516aa13d0f20c6560795bfbee06857d5c8ac2f0b2?s=96&d=mm&r=g\",\"url\":\"https:\\\/\\\/secure.gravatar.com\\\/avatar\\\/b7214de193b24d0bd708ac5516aa13d0f20c6560795bfbee06857d5c8ac2f0b2?s=96&d=mm&r=g\",\"contentUrl\":\"https:\\\/\\\/secure.gravatar.com\\\/avatar\\\/b7214de193b24d0bd708ac5516aa13d0f20c6560795bfbee06857d5c8ac2f0b2?s=96&d=mm&r=g\",\"caption\":\"El diario de Tucuman\"},\"url\":\"https:\\\/\\\/www.eldiariodetucuman.com\\\/web\\\/author\\\/mgiobellina\\\/\"}]}<\/script>\n<!-- \/ Yoast SEO plugin. -->","yoast_head_json":{"title":"El Legislador Guillermo Gassenbauer propone bibliotecas digitales - El Diario de Tucuman","robots":{"index":"index","follow":"follow","max-snippet":"max-snippet:-1","max-image-preview":"max-image-preview:large","max-video-preview":"max-video-preview:-1"},"canonical":"https:\/\/www.eldiariodetucuman.com\/web\/el-legislador-guillermo-gassenbauer-propone-bibliotecas-digitales\/","og_locale":"es_ES","og_type":"article","og_title":"El Legislador Guillermo Gassenbauer propone bibliotecas digitales - El Diario de Tucuman","og_description":"El Legislador Tucumano Guillermo Gassenbauer se encuentra trabajando en una propuesta superadora en relacion a las oportunidades de padres y alumnos, en relacion a nuestra realidad en los tiempos que corren, la era digital.","og_url":"https:\/\/www.eldiariodetucuman.com\/web\/el-legislador-guillermo-gassenbauer-propone-bibliotecas-digitales\/","og_site_name":"El Diario de Tucuman","article_published_time":"2018-04-18T17:24:58+00:00","og_image":[{"width":800,"height":600,"url":"https:\/\/www.eldiariodetucuman.com\/web\/wp-content\/uploads\/2018\/04\/guillermo-gassenbauer-bibliotecas-digitales.png","type":"image\/png"}],"author":"El diario de Tucuman","twitter_card":"summary_large_image","twitter_misc":{"Escrito por":"El diario de Tucuman","Tiempo de lectura":"1 minuto"},"schema":{"@context":"https:\/\/schema.org","@graph":[{"@type":"Article","@id":"https:\/\/www.eldiariodetucuman.com\/web\/el-legislador-guillermo-gassenbauer-propone-bibliotecas-digitales\/#article","isPartOf":{"@id":"https:\/\/www.eldiariodetucuman.com\/web\/el-legislador-guillermo-gassenbauer-propone-bibliotecas-digitales\/"},"author":{"name":"El diario de Tucuman","@id":"https:\/\/www.eldiariodetucuman.com\/web\/#\/schema\/person\/3adbe300ecd6242af93c97dab1dc3ba1"},"headline":"El Legislador Guillermo Gassenbauer propone bibliotecas digitales","datePublished":"2018-04-18T17:24:58+00:00","mainEntityOfPage":{"@id":"https:\/\/www.eldiariodetucuman.com\/web\/el-legislador-guillermo-gassenbauer-propone-bibliotecas-digitales\/"},"wordCount":133,"publisher":{"@id":"https:\/\/www.eldiariodetucuman.com\/web\/#organization"},"image":{"@id":"https:\/\/www.eldiariodetucuman.com\/web\/el-legislador-guillermo-gassenbauer-propone-bibliotecas-digitales\/#primaryimage"},"thumbnailUrl":"https:\/\/www.eldiariodetucuman.com\/web\/wp-content\/uploads\/2018\/04\/guillermo-gassenbauer-bibliotecas-digitales.png","articleSection":["Portada"],"inLanguage":"es"},{"@type":"WebPage","@id":"https:\/\/www.eldiariodetucuman.com\/web\/el-legislador-guillermo-gassenbauer-propone-bibliotecas-digitales\/","url":"https:\/\/www.eldiariodetucuman.com\/web\/el-legislador-guillermo-gassenbauer-propone-bibliotecas-digitales\/","name":"El Legislador Guillermo Gassenbauer propone bibliotecas digitales - El Diario de Tucuman","isPartOf":{"@id":"https:\/\/www.eldiariodetucuman.com\/web\/#website"},"primaryImageOfPage":{"@id":"https:\/\/www.eldiariodetucuman.com\/web\/el-legislador-guillermo-gassenbauer-propone-bibliotecas-digitales\/#primaryimage"},"image":{"@id":"https:\/\/www.eldiariodetucuman.com\/web\/el-legislador-guillermo-gassenbauer-propone-bibliotecas-digitales\/#primaryimage"},"thumbnailUrl":"https:\/\/www.eldiariodetucuman.com\/web\/wp-content\/uploads\/2018\/04\/guillermo-gassenbauer-bibliotecas-digitales.png","datePublished":"2018-04-18T17:24:58+00:00","breadcrumb":{"@id":"https:\/\/www.eldiariodetucuman.com\/web\/el-legislador-guillermo-gassenbauer-propone-bibliotecas-digitales\/#breadcrumb"},"inLanguage":"es","potentialAction":[{"@type":"ReadAction","target":["https:\/\/www.eldiariodetucuman.com\/web\/el-legislador-guillermo-gassenbauer-propone-bibliotecas-digitales\/"]}]},{"@type":"ImageObject","inLanguage":"es","@id":"https:\/\/www.eldiariodetucuman.com\/web\/el-legislador-guillermo-gassenbauer-propone-bibliotecas-digitales\/#primaryimage","url":"https:\/\/www.eldiariodetucuman.com\/web\/wp-content\/uploads\/2018\/04\/guillermo-gassenbauer-bibliotecas-digitales.png","contentUrl":"https:\/\/www.eldiariodetucuman.com\/web\/wp-content\/uploads\/2018\/04\/guillermo-gassenbauer-bibliotecas-digitales.png","width":800,"height":600,"caption":"guillermo gassenbauer bibliotecas digitales"},{"@type":"BreadcrumbList","@id":"https:\/\/www.eldiariodetucuman.com\/web\/el-legislador-guillermo-gassenbauer-propone-bibliotecas-digitales\/#breadcrumb","itemListElement":[{"@type":"ListItem","position":1,"name":"Portada","item":"https:\/\/www.eldiariodetucuman.com\/web\/"},{"@type":"ListItem","position":2,"name":"El Legislador Guillermo Gassenbauer propone bibliotecas digitales"}]},{"@type":"WebSite","@id":"https:\/\/www.eldiariodetucuman.com\/web\/#website","url":"https:\/\/www.eldiariodetucuman.com\/web\/","name":"El Diario de Tucuman","description":"Diario Tucuman - Informaci\u00f3n y noticias","publisher":{"@id":"https:\/\/www.eldiariodetucuman.com\/web\/#organization"},"potentialAction":[{"@type":"SearchAction","target":{"@type":"EntryPoint","urlTemplate":"https:\/\/www.eldiariodetucuman.com\/web\/?s={search_term_string}"},"query-input":{"@type":"PropertyValueSpecification","valueRequired":true,"valueName":"search_term_string"}}],"inLanguage":"es"},{"@type":"Organization","@id":"https:\/\/www.eldiariodetucuman.com\/web\/#organization","name":"El Diario de Tucuman","url":"https:\/\/www.eldiariodetucuman.com\/web\/","logo":{"@type":"ImageObject","inLanguage":"es","@id":"https:\/\/www.eldiariodetucuman.com\/web\/#\/schema\/logo\/image\/","url":"http:\/\/www.eldiariodetucuman.com\/web\/wp-content\/uploads\/2017\/12\/el-diario-de-tucuman.jpg","contentUrl":"http:\/\/www.eldiariodetucuman.com\/web\/wp-content\/uploads\/2017\/12\/el-diario-de-tucuman.jpg","width":272,"height":92,"caption":"El Diario de Tucuman"},"image":{"@id":"https:\/\/www.eldiariodetucuman.com\/web\/#\/schema\/logo\/image\/"}},{"@type":"Person","@id":"https:\/\/www.eldiariodetucuman.com\/web\/#\/schema\/person\/3adbe300ecd6242af93c97dab1dc3ba1","name":"El diario de Tucuman","image":{"@type":"ImageObject","inLanguage":"es","@id":"https:\/\/secure.gravatar.com\/avatar\/b7214de193b24d0bd708ac5516aa13d0f20c6560795bfbee06857d5c8ac2f0b2?s=96&d=mm&r=g","url":"https:\/\/secure.gravatar.com\/avatar\/b7214de193b24d0bd708ac5516aa13d0f20c6560795bfbee06857d5c8ac2f0b2?s=96&d=mm&r=g","contentUrl":"https:\/\/secure.gravatar.com\/avatar\/b7214de193b24d0bd708ac5516aa13d0f20c6560795bfbee06857d5c8ac2f0b2?s=96&d=mm&r=g","caption":"El diario de Tucuman"},"url":"https:\/\/www.eldiariodetucuman.com\/web\/author\/mgiobellina\/"}]}},"_links":{"self":[{"href":"https:\/\/www.eldiariodetucuman.com\/web\/wp-json\/wp\/v2\/posts\/8771","targetHints":{"allow":["GET"]}}],"collection":[{"href":"https:\/\/www.eldiariodetucuman.com\/web\/wp-json\/wp\/v2\/posts"}],"about":[{"href":"https:\/\/www.eldiariodetucuman.com\/web\/wp-json\/wp\/v2\/types\/post"}],"author":[{"embeddable":true,"href":"https:\/\/www.eldiariodetucuman.com\/web\/wp-json\/wp\/v2\/users\/3"}],"replies":[{"embeddable":true,"href":"https:\/\/www.eldiariodetucuman.com\/web\/wp-json\/wp\/v2\/comments?post=8771"}],"version-history":[{"count":1,"href":"https:\/\/www.eldiariodetucuman.com\/web\/wp-json\/wp\/v2\/posts\/8771\/revisions"}],"predecessor-version":[{"id":8773,"href":"https:\/\/www.eldiariodetucuman.com\/web\/wp-json\/wp\/v2\/posts\/8771\/revisions\/8773"}],"wp:featuredmedia":[{"embeddable":true,"href":"https:\/\/www.eldiariodetucuman.com\/web\/wp-json\/wp\/v2\/media\/8772"}],"wp:attachment":[{"href":"https:\/\/www.eldiariodetucuman.com\/web\/wp-json\/wp\/v2\/media?parent=8771"}],"wp:term":[{"taxonomy":"category","embeddable":true,"href":"https:\/\/www.eldiariodetucuman.com\/web\/wp-json\/wp\/v2\/categories?post=8771"},{"taxonomy":"post_tag","embeddable":true,"href":"https:\/\/www.eldiariodetucuman.com\/web\/wp-json\/wp\/v2\/tags?post=8771"}],"curies":[{"name":"wp","href":"https:\/\/api.w.org\/{rel}","templated":true}]}}