{"id":8757,"date":"2018-04-18T12:50:28","date_gmt":"2018-04-18T15:50:28","guid":{"rendered":"http:\/\/www.eldiariodetucuman.com\/web\/el-vaticano-da-cursos-para-exorcizar\/"},"modified":"2018-04-18T12:50:28","modified_gmt":"2018-04-18T15:50:28","slug":"el-vaticano-da-cursos-para-exorcizar","status":"publish","type":"post","link":"https:\/\/www.eldiariodetucuman.com\/web\/el-vaticano-da-cursos-para-exorcizar\/","title":{"rendered":"El Vaticano da cursos para exorcizar"},"content":{"rendered":"<div>\n<div itemprop=\"articleBody\" readability=\"86.759144893112\">\n<p>M\u00e1s de 200 cat\u00f3licos,\u00a0muchos de ellos sacerdotes,\u00a0asisten en Roma desde el lunes a un curso de una semana de duraci\u00f3n, en el que est\u00e1n aprendiendo\u00a0c\u00f3mo expulsar demonios que se hayan posesionado de alguna persona, labor que puede cumplirse\u00a0incluso por\u00a0celular.<\/p>\n<p>Las clases incluyen materias varias: desde <em>\u00abartesan\u00eda en \u00c1frica\u00bb <\/em>hasta<em> \u00abc\u00f3mo diferenciar entre posesi\u00f3n demon\u00edaca y enfermedad mental\u00bb<\/em>, adem\u00e1s de una gu\u00eda<em> \u00abpaso a paso\u00bb<\/em>\u00a0como sacar esp\u00edritus malignos. El seminario\u00a0fue ofrecido en momentos en que\u00a0se ha disparado la demanda de   <a href=\"https:\/\/www.cronica.com.ar\/tags\/exorcismo\">exorcismo<\/a>s.<\/p>\n<p><strong>Ernest Simoni<\/strong>, cardenal de Albania, acapar\u00f3 reflectores durante la primera sesi\u00f3n del curso, en la que departi\u00f3 sobre\u00a0c\u00f3mo exorcizar a trav\u00e9s de tel\u00e9fonos celulares. Explic\u00f3 c\u00f3mo leer las oraciones de   <a href=\"https:\/\/www.cronica.com.ar\/tags\/exorcismo\">exorcismo<\/a> en lat\u00edn, de manera similar que si se cumpliera el rito en persona.<\/p>\n<p>Funcionarios de la Iglesia cat\u00f3lica indicaron que el n\u00famero de posesiones diab\u00f3licas registradas va en aumento, aunque no ofrecieron cifras oficiales.<\/p>\n<p>El padre<strong> Benigno Palilla<\/strong>, exorcista de la di\u00f3cesis de Palermo, declar\u00f3 en febrero a Radio   <a href=\"https:\/\/www.cronica.com.ar\/tags\/Vaticano\">Vaticano<\/a> que\u00a0ha hecho unos 50   <a href=\"https:\/\/www.cronica.com.ar\/tags\/exorcismo\">exorcismo<\/a>s\u00a0en los \u00faltimos dos a\u00f1os y medio.<\/p>\n<p>El curso, dirigido a exorcistas licenciados, te\u00f3logos, psic\u00f3logos, m\u00e9dicos, crimin\u00f3logos e historiadores de la Iglesia, se declar\u00f3 abierto adem\u00e1s al p\u00fablico en general.<\/p>\n<p>Entre los estudiantes se encuentran varias docenas de mujeres, que\u00a0recibir\u00e1n un certificado pero no autorizaci\u00f3n para realizar   <a href=\"https:\/\/www.cronica.com.ar\/tags\/exorcismo\">exorcismo<\/a>s. S\u00f3lo los sacerdotes pueden llevarlo a cabo, y con el permiso de su obispo o una licencia especial.<\/p>\n<p>Los laicos cat\u00f3licos, hombres o mujeres, pueden cumplir el papel de lo que en un curso inici\u00e1tico se llam\u00f3<em> \u00abexorcistas auxiliares\u00bb<\/em>, lo que\u00a0significa que pueden estar presentes en el rito, rezar y dar apoyo moral al sacerdote, que es quien est\u00e1 autorizado para expulsar al demonio.<\/p>\n<p>Simoni dijo que los   <a href=\"https:\/\/www.cronica.com.ar\/tags\/exorcismo\">exorcismo<\/a>s s\u00f3lo deben intentarse despu\u00e9s que los m\u00e9dicos se hayan demostrado incapaces de explicar el comportamiento de una persona, a la que entonces se podr\u00e1 considerar demon\u00edacamente pose\u00edda.<\/p>\n<\/div>\n<\/div>\n","protected":false},"excerpt":{"rendered":"<p>M\u00e1s de 200 cat\u00f3licos,\u00a0muchos de ellos sacerdotes,\u00a0asisten en Roma desde el lunes a un curso de una semana de duraci\u00f3n, en el que est\u00e1n aprendiendo\u00a0c\u00f3mo expulsar demonios que se hayan posesionado de alguna persona, labor que puede cumplirse\u00a0incluso por\u00a0celular. Las clases incluyen materias varias: desde \u00abartesan\u00eda en \u00c1frica\u00bb hasta \u00abc\u00f3mo diferenciar entre posesi\u00f3n demon\u00edaca y [&hellip;]<\/p>\n","protected":false},"author":4,"featured_media":8758,"comment_status":"open","ping_status":"closed","sticky":false,"template":"","format":"standard","meta":{"footnotes":""},"categories":[194],"tags":[],"class_list":{"0":"post-8757","1":"post","2":"type-post","3":"status-publish","4":"format-standard","5":"has-post-thumbnail","7":"category-internacionales"},"yoast_head":"<!-- This site is optimized with the Yoast SEO plugin v27.4 - https:\/\/yoast.com\/product\/yoast-seo-wordpress\/ -->\n<title>El Vaticano da cursos para exorcizar - El Diario de Tucuman<\/title>\n<meta name=\"robots\" content=\"index, follow, max-snippet:-1, max-image-preview:large, max-video-preview:-1\" \/>\n<link rel=\"canonical\" href=\"https:\/\/www.eldiariodetucuman.com\/web\/el-vaticano-da-cursos-para-exorcizar\/\" \/>\n<meta property=\"og:locale\" content=\"es_ES\" \/>\n<meta property=\"og:type\" content=\"article\" \/>\n<meta property=\"og:title\" content=\"El Vaticano da cursos para exorcizar - El Diario de Tucuman\" \/>\n<meta property=\"og:description\" content=\"M\u00e1s de 200 cat\u00f3licos,\u00a0muchos de ellos sacerdotes,\u00a0asisten en Roma desde el lunes a un curso de una semana de duraci\u00f3n, en el que est\u00e1n aprendiendo\u00a0c\u00f3mo expulsar demonios que se hayan posesionado de alguna persona, labor que puede cumplirse\u00a0incluso por\u00a0celular. Las clases incluyen materias varias: desde \u00abartesan\u00eda en \u00c1frica\u00bb hasta \u00abc\u00f3mo diferenciar entre posesi\u00f3n demon\u00edaca y [&hellip;]\" \/>\n<meta property=\"og:url\" content=\"https:\/\/www.eldiariodetucuman.com\/web\/el-vaticano-da-cursos-para-exorcizar\/\" \/>\n<meta property=\"og:site_name\" content=\"El Diario de Tucuman\" \/>\n<meta property=\"article:published_time\" content=\"2018-04-18T15:50:28+00:00\" \/>\n<meta property=\"og:image\" content=\"https:\/\/www.eldiariodetucuman.com\/web\/wp-content\/uploads\/2018\/04\/24845730d9e582c450d1dba2cfea88ac.jpeg\" \/>\n\t<meta property=\"og:image:width\" content=\"970\" \/>\n\t<meta property=\"og:image:height\" content=\"546\" \/>\n\t<meta property=\"og:image:type\" content=\"image\/jpeg\" \/>\n<meta name=\"author\" content=\"eldiario detucuman\" \/>\n<meta name=\"twitter:card\" content=\"summary_large_image\" \/>\n<meta name=\"twitter:label1\" content=\"Escrito por\" \/>\n\t<meta name=\"twitter:data1\" content=\"eldiario detucuman\" \/>\n\t<meta name=\"twitter:label2\" content=\"Tiempo de lectura\" \/>\n\t<meta name=\"twitter:data2\" content=\"2 minutos\" \/>\n<script type=\"application\/ld+json\" class=\"yoast-schema-graph\">{\"@context\":\"https:\\\/\\\/schema.org\",\"@graph\":[{\"@type\":\"Article\",\"@id\":\"https:\\\/\\\/www.eldiariodetucuman.com\\\/web\\\/el-vaticano-da-cursos-para-exorcizar\\\/#article\",\"isPartOf\":{\"@id\":\"https:\\\/\\\/www.eldiariodetucuman.com\\\/web\\\/el-vaticano-da-cursos-para-exorcizar\\\/\"},\"author\":{\"name\":\"eldiario detucuman\",\"@id\":\"https:\\\/\\\/www.eldiariodetucuman.com\\\/web\\\/#\\\/schema\\\/person\\\/6f95946e54fde848b878ffa4928071d5\"},\"headline\":\"El Vaticano da cursos para exorcizar\",\"datePublished\":\"2018-04-18T15:50:28+00:00\",\"mainEntityOfPage\":{\"@id\":\"https:\\\/\\\/www.eldiariodetucuman.com\\\/web\\\/el-vaticano-da-cursos-para-exorcizar\\\/\"},\"wordCount\":365,\"commentCount\":0,\"publisher\":{\"@id\":\"https:\\\/\\\/www.eldiariodetucuman.com\\\/web\\\/#organization\"},\"image\":{\"@id\":\"https:\\\/\\\/www.eldiariodetucuman.com\\\/web\\\/el-vaticano-da-cursos-para-exorcizar\\\/#primaryimage\"},\"thumbnailUrl\":\"https:\\\/\\\/www.eldiariodetucuman.com\\\/web\\\/wp-content\\\/uploads\\\/2018\\\/04\\\/24845730d9e582c450d1dba2cfea88ac.jpeg\",\"articleSection\":[\"Internacionales\"],\"inLanguage\":\"es\",\"potentialAction\":[{\"@type\":\"CommentAction\",\"name\":\"Comment\",\"target\":[\"https:\\\/\\\/www.eldiariodetucuman.com\\\/web\\\/el-vaticano-da-cursos-para-exorcizar\\\/#respond\"]}]},{\"@type\":\"WebPage\",\"@id\":\"https:\\\/\\\/www.eldiariodetucuman.com\\\/web\\\/el-vaticano-da-cursos-para-exorcizar\\\/\",\"url\":\"https:\\\/\\\/www.eldiariodetucuman.com\\\/web\\\/el-vaticano-da-cursos-para-exorcizar\\\/\",\"name\":\"El Vaticano da cursos para exorcizar - El Diario de Tucuman\",\"isPartOf\":{\"@id\":\"https:\\\/\\\/www.eldiariodetucuman.com\\\/web\\\/#website\"},\"primaryImageOfPage\":{\"@id\":\"https:\\\/\\\/www.eldiariodetucuman.com\\\/web\\\/el-vaticano-da-cursos-para-exorcizar\\\/#primaryimage\"},\"image\":{\"@id\":\"https:\\\/\\\/www.eldiariodetucuman.com\\\/web\\\/el-vaticano-da-cursos-para-exorcizar\\\/#primaryimage\"},\"thumbnailUrl\":\"https:\\\/\\\/www.eldiariodetucuman.com\\\/web\\\/wp-content\\\/uploads\\\/2018\\\/04\\\/24845730d9e582c450d1dba2cfea88ac.jpeg\",\"datePublished\":\"2018-04-18T15:50:28+00:00\",\"breadcrumb\":{\"@id\":\"https:\\\/\\\/www.eldiariodetucuman.com\\\/web\\\/el-vaticano-da-cursos-para-exorcizar\\\/#breadcrumb\"},\"inLanguage\":\"es\",\"potentialAction\":[{\"@type\":\"ReadAction\",\"target\":[\"https:\\\/\\\/www.eldiariodetucuman.com\\\/web\\\/el-vaticano-da-cursos-para-exorcizar\\\/\"]}]},{\"@type\":\"ImageObject\",\"inLanguage\":\"es\",\"@id\":\"https:\\\/\\\/www.eldiariodetucuman.com\\\/web\\\/el-vaticano-da-cursos-para-exorcizar\\\/#primaryimage\",\"url\":\"https:\\\/\\\/www.eldiariodetucuman.com\\\/web\\\/wp-content\\\/uploads\\\/2018\\\/04\\\/24845730d9e582c450d1dba2cfea88ac.jpeg\",\"contentUrl\":\"https:\\\/\\\/www.eldiariodetucuman.com\\\/web\\\/wp-content\\\/uploads\\\/2018\\\/04\\\/24845730d9e582c450d1dba2cfea88ac.jpeg\",\"width\":970,\"height\":546},{\"@type\":\"BreadcrumbList\",\"@id\":\"https:\\\/\\\/www.eldiariodetucuman.com\\\/web\\\/el-vaticano-da-cursos-para-exorcizar\\\/#breadcrumb\",\"itemListElement\":[{\"@type\":\"ListItem\",\"position\":1,\"name\":\"Portada\",\"item\":\"https:\\\/\\\/www.eldiariodetucuman.com\\\/web\\\/\"},{\"@type\":\"ListItem\",\"position\":2,\"name\":\"El Vaticano da cursos para exorcizar\"}]},{\"@type\":\"WebSite\",\"@id\":\"https:\\\/\\\/www.eldiariodetucuman.com\\\/web\\\/#website\",\"url\":\"https:\\\/\\\/www.eldiariodetucuman.com\\\/web\\\/\",\"name\":\"El Diario de Tucuman\",\"description\":\"Diario Tucuman - Informaci\u00f3n y noticias\",\"publisher\":{\"@id\":\"https:\\\/\\\/www.eldiariodetucuman.com\\\/web\\\/#organization\"},\"potentialAction\":[{\"@type\":\"SearchAction\",\"target\":{\"@type\":\"EntryPoint\",\"urlTemplate\":\"https:\\\/\\\/www.eldiariodetucuman.com\\\/web\\\/?s={search_term_string}\"},\"query-input\":{\"@type\":\"PropertyValueSpecification\",\"valueRequired\":true,\"valueName\":\"search_term_string\"}}],\"inLanguage\":\"es\"},{\"@type\":\"Organization\",\"@id\":\"https:\\\/\\\/www.eldiariodetucuman.com\\\/web\\\/#organization\",\"name\":\"El Diario de Tucuman\",\"url\":\"https:\\\/\\\/www.eldiariodetucuman.com\\\/web\\\/\",\"logo\":{\"@type\":\"ImageObject\",\"inLanguage\":\"es\",\"@id\":\"https:\\\/\\\/www.eldiariodetucuman.com\\\/web\\\/#\\\/schema\\\/logo\\\/image\\\/\",\"url\":\"http:\\\/\\\/www.eldiariodetucuman.com\\\/web\\\/wp-content\\\/uploads\\\/2017\\\/12\\\/el-diario-de-tucuman.jpg\",\"contentUrl\":\"http:\\\/\\\/www.eldiariodetucuman.com\\\/web\\\/wp-content\\\/uploads\\\/2017\\\/12\\\/el-diario-de-tucuman.jpg\",\"width\":272,\"height\":92,\"caption\":\"El Diario de Tucuman\"},\"image\":{\"@id\":\"https:\\\/\\\/www.eldiariodetucuman.com\\\/web\\\/#\\\/schema\\\/logo\\\/image\\\/\"}},{\"@type\":\"Person\",\"@id\":\"https:\\\/\\\/www.eldiariodetucuman.com\\\/web\\\/#\\\/schema\\\/person\\\/6f95946e54fde848b878ffa4928071d5\",\"name\":\"eldiario detucuman\",\"image\":{\"@type\":\"ImageObject\",\"inLanguage\":\"es\",\"@id\":\"https:\\\/\\\/secure.gravatar.com\\\/avatar\\\/b6e1f89c5c4044c4962c8e6c20b1ca2cc99f549c965908afd4ec5308b3f51bfe?s=96&d=mm&r=g\",\"url\":\"https:\\\/\\\/secure.gravatar.com\\\/avatar\\\/b6e1f89c5c4044c4962c8e6c20b1ca2cc99f549c965908afd4ec5308b3f51bfe?s=96&d=mm&r=g\",\"contentUrl\":\"https:\\\/\\\/secure.gravatar.com\\\/avatar\\\/b6e1f89c5c4044c4962c8e6c20b1ca2cc99f549c965908afd4ec5308b3f51bfe?s=96&d=mm&r=g\",\"caption\":\"eldiario detucuman\"},\"url\":\"https:\\\/\\\/www.eldiariodetucuman.com\\\/web\\\/author\\\/eldiariodetucuman\\\/\"}]}<\/script>\n<!-- \/ Yoast SEO plugin. -->","yoast_head_json":{"title":"El Vaticano da cursos para exorcizar - El Diario de Tucuman","robots":{"index":"index","follow":"follow","max-snippet":"max-snippet:-1","max-image-preview":"max-image-preview:large","max-video-preview":"max-video-preview:-1"},"canonical":"https:\/\/www.eldiariodetucuman.com\/web\/el-vaticano-da-cursos-para-exorcizar\/","og_locale":"es_ES","og_type":"article","og_title":"El Vaticano da cursos para exorcizar - El Diario de Tucuman","og_description":"M\u00e1s de 200 cat\u00f3licos,\u00a0muchos de ellos sacerdotes,\u00a0asisten en Roma desde el lunes a un curso de una semana de duraci\u00f3n, en el que est\u00e1n aprendiendo\u00a0c\u00f3mo expulsar demonios que se hayan posesionado de alguna persona, labor que puede cumplirse\u00a0incluso por\u00a0celular. Las clases incluyen materias varias: desde \u00abartesan\u00eda en \u00c1frica\u00bb hasta \u00abc\u00f3mo diferenciar entre posesi\u00f3n demon\u00edaca y [&hellip;]","og_url":"https:\/\/www.eldiariodetucuman.com\/web\/el-vaticano-da-cursos-para-exorcizar\/","og_site_name":"El Diario de Tucuman","article_published_time":"2018-04-18T15:50:28+00:00","og_image":[{"width":970,"height":546,"url":"https:\/\/www.eldiariodetucuman.com\/web\/wp-content\/uploads\/2018\/04\/24845730d9e582c450d1dba2cfea88ac.jpeg","type":"image\/jpeg"}],"author":"eldiario detucuman","twitter_card":"summary_large_image","twitter_misc":{"Escrito por":"eldiario detucuman","Tiempo de lectura":"2 minutos"},"schema":{"@context":"https:\/\/schema.org","@graph":[{"@type":"Article","@id":"https:\/\/www.eldiariodetucuman.com\/web\/el-vaticano-da-cursos-para-exorcizar\/#article","isPartOf":{"@id":"https:\/\/www.eldiariodetucuman.com\/web\/el-vaticano-da-cursos-para-exorcizar\/"},"author":{"name":"eldiario detucuman","@id":"https:\/\/www.eldiariodetucuman.com\/web\/#\/schema\/person\/6f95946e54fde848b878ffa4928071d5"},"headline":"El Vaticano da cursos para exorcizar","datePublished":"2018-04-18T15:50:28+00:00","mainEntityOfPage":{"@id":"https:\/\/www.eldiariodetucuman.com\/web\/el-vaticano-da-cursos-para-exorcizar\/"},"wordCount":365,"commentCount":0,"publisher":{"@id":"https:\/\/www.eldiariodetucuman.com\/web\/#organization"},"image":{"@id":"https:\/\/www.eldiariodetucuman.com\/web\/el-vaticano-da-cursos-para-exorcizar\/#primaryimage"},"thumbnailUrl":"https:\/\/www.eldiariodetucuman.com\/web\/wp-content\/uploads\/2018\/04\/24845730d9e582c450d1dba2cfea88ac.jpeg","articleSection":["Internacionales"],"inLanguage":"es","potentialAction":[{"@type":"CommentAction","name":"Comment","target":["https:\/\/www.eldiariodetucuman.com\/web\/el-vaticano-da-cursos-para-exorcizar\/#respond"]}]},{"@type":"WebPage","@id":"https:\/\/www.eldiariodetucuman.com\/web\/el-vaticano-da-cursos-para-exorcizar\/","url":"https:\/\/www.eldiariodetucuman.com\/web\/el-vaticano-da-cursos-para-exorcizar\/","name":"El Vaticano da cursos para exorcizar - El Diario de Tucuman","isPartOf":{"@id":"https:\/\/www.eldiariodetucuman.com\/web\/#website"},"primaryImageOfPage":{"@id":"https:\/\/www.eldiariodetucuman.com\/web\/el-vaticano-da-cursos-para-exorcizar\/#primaryimage"},"image":{"@id":"https:\/\/www.eldiariodetucuman.com\/web\/el-vaticano-da-cursos-para-exorcizar\/#primaryimage"},"thumbnailUrl":"https:\/\/www.eldiariodetucuman.com\/web\/wp-content\/uploads\/2018\/04\/24845730d9e582c450d1dba2cfea88ac.jpeg","datePublished":"2018-04-18T15:50:28+00:00","breadcrumb":{"@id":"https:\/\/www.eldiariodetucuman.com\/web\/el-vaticano-da-cursos-para-exorcizar\/#breadcrumb"},"inLanguage":"es","potentialAction":[{"@type":"ReadAction","target":["https:\/\/www.eldiariodetucuman.com\/web\/el-vaticano-da-cursos-para-exorcizar\/"]}]},{"@type":"ImageObject","inLanguage":"es","@id":"https:\/\/www.eldiariodetucuman.com\/web\/el-vaticano-da-cursos-para-exorcizar\/#primaryimage","url":"https:\/\/www.eldiariodetucuman.com\/web\/wp-content\/uploads\/2018\/04\/24845730d9e582c450d1dba2cfea88ac.jpeg","contentUrl":"https:\/\/www.eldiariodetucuman.com\/web\/wp-content\/uploads\/2018\/04\/24845730d9e582c450d1dba2cfea88ac.jpeg","width":970,"height":546},{"@type":"BreadcrumbList","@id":"https:\/\/www.eldiariodetucuman.com\/web\/el-vaticano-da-cursos-para-exorcizar\/#breadcrumb","itemListElement":[{"@type":"ListItem","position":1,"name":"Portada","item":"https:\/\/www.eldiariodetucuman.com\/web\/"},{"@type":"ListItem","position":2,"name":"El Vaticano da cursos para exorcizar"}]},{"@type":"WebSite","@id":"https:\/\/www.eldiariodetucuman.com\/web\/#website","url":"https:\/\/www.eldiariodetucuman.com\/web\/","name":"El Diario de Tucuman","description":"Diario Tucuman - Informaci\u00f3n y noticias","publisher":{"@id":"https:\/\/www.eldiariodetucuman.com\/web\/#organization"},"potentialAction":[{"@type":"SearchAction","target":{"@type":"EntryPoint","urlTemplate":"https:\/\/www.eldiariodetucuman.com\/web\/?s={search_term_string}"},"query-input":{"@type":"PropertyValueSpecification","valueRequired":true,"valueName":"search_term_string"}}],"inLanguage":"es"},{"@type":"Organization","@id":"https:\/\/www.eldiariodetucuman.com\/web\/#organization","name":"El Diario de Tucuman","url":"https:\/\/www.eldiariodetucuman.com\/web\/","logo":{"@type":"ImageObject","inLanguage":"es","@id":"https:\/\/www.eldiariodetucuman.com\/web\/#\/schema\/logo\/image\/","url":"http:\/\/www.eldiariodetucuman.com\/web\/wp-content\/uploads\/2017\/12\/el-diario-de-tucuman.jpg","contentUrl":"http:\/\/www.eldiariodetucuman.com\/web\/wp-content\/uploads\/2017\/12\/el-diario-de-tucuman.jpg","width":272,"height":92,"caption":"El Diario de Tucuman"},"image":{"@id":"https:\/\/www.eldiariodetucuman.com\/web\/#\/schema\/logo\/image\/"}},{"@type":"Person","@id":"https:\/\/www.eldiariodetucuman.com\/web\/#\/schema\/person\/6f95946e54fde848b878ffa4928071d5","name":"eldiario detucuman","image":{"@type":"ImageObject","inLanguage":"es","@id":"https:\/\/secure.gravatar.com\/avatar\/b6e1f89c5c4044c4962c8e6c20b1ca2cc99f549c965908afd4ec5308b3f51bfe?s=96&d=mm&r=g","url":"https:\/\/secure.gravatar.com\/avatar\/b6e1f89c5c4044c4962c8e6c20b1ca2cc99f549c965908afd4ec5308b3f51bfe?s=96&d=mm&r=g","contentUrl":"https:\/\/secure.gravatar.com\/avatar\/b6e1f89c5c4044c4962c8e6c20b1ca2cc99f549c965908afd4ec5308b3f51bfe?s=96&d=mm&r=g","caption":"eldiario detucuman"},"url":"https:\/\/www.eldiariodetucuman.com\/web\/author\/eldiariodetucuman\/"}]}},"_links":{"self":[{"href":"https:\/\/www.eldiariodetucuman.com\/web\/wp-json\/wp\/v2\/posts\/8757","targetHints":{"allow":["GET"]}}],"collection":[{"href":"https:\/\/www.eldiariodetucuman.com\/web\/wp-json\/wp\/v2\/posts"}],"about":[{"href":"https:\/\/www.eldiariodetucuman.com\/web\/wp-json\/wp\/v2\/types\/post"}],"author":[{"embeddable":true,"href":"https:\/\/www.eldiariodetucuman.com\/web\/wp-json\/wp\/v2\/users\/4"}],"replies":[{"embeddable":true,"href":"https:\/\/www.eldiariodetucuman.com\/web\/wp-json\/wp\/v2\/comments?post=8757"}],"version-history":[{"count":0,"href":"https:\/\/www.eldiariodetucuman.com\/web\/wp-json\/wp\/v2\/posts\/8757\/revisions"}],"wp:featuredmedia":[{"embeddable":true,"href":"https:\/\/www.eldiariodetucuman.com\/web\/wp-json\/wp\/v2\/media\/8758"}],"wp:attachment":[{"href":"https:\/\/www.eldiariodetucuman.com\/web\/wp-json\/wp\/v2\/media?parent=8757"}],"wp:term":[{"taxonomy":"category","embeddable":true,"href":"https:\/\/www.eldiariodetucuman.com\/web\/wp-json\/wp\/v2\/categories?post=8757"},{"taxonomy":"post_tag","embeddable":true,"href":"https:\/\/www.eldiariodetucuman.com\/web\/wp-json\/wp\/v2\/tags?post=8757"}],"curies":[{"name":"wp","href":"https:\/\/api.w.org\/{rel}","templated":true}]}}