{"id":8755,"date":"2018-04-18T12:50:18","date_gmt":"2018-04-18T15:50:18","guid":{"rendered":"http:\/\/www.eldiariodetucuman.com\/web\/maxima-preocupacion-por-la-salud-de-el-chapo-guzman\/"},"modified":"2018-04-18T12:50:18","modified_gmt":"2018-04-18T15:50:18","slug":"maxima-preocupacion-por-la-salud-de-el-chapo-guzman","status":"publish","type":"post","link":"https:\/\/www.eldiariodetucuman.com\/web\/maxima-preocupacion-por-la-salud-de-el-chapo-guzman\/","title":{"rendered":"M\u00e1xima preocupaci\u00f3n por la salud de \u00abEl Chapo\u00bb Guzm\u00e1n"},"content":{"rendered":"<div>\n<div itemprop=\"articleBody\" readability=\"76\">\n<p>El encarcelado narcotraficante <strong>Joaqu\u00edn<\/strong><em> El Chapo<\/em>\u00a0<strong>Guzm\u00e1n <\/strong>est\u00e1 <em>\u00abmuy mal psicol\u00f3gicamente\u00bb<\/em>, advirti\u00f3 su esposa, quien insisti\u00f3 en protestar por las condiciones de aislamiento que cumple el ex jefe del c\u00e1rtel de Sinaloa en un penal de alta seguridad de Nueva York mientras espera el inicio del juicio en su contra.<\/p>\n<p><em>\u00abS\u00e9 que est\u00e1 muy mal psicol\u00f3gicamente, que se siente muy mal por lo que me han dicho los abogados\u201d<\/em>, manifest\u00f3 ante la prensa <strong>Emma Coronel<\/strong>, tras una nueva vista oral de su marido en la Corte Federal del Distrito Este de Nueva York.\u00a0<\/p>\n<p>La ex reina de belleza, que va a todas las vistas orales en la corte neoyorkina porque es el \u00fanico momento en que puede ver a su marido\u00a0se manifest\u00f3 <em>\u00abpreocupada por c\u00f3mo va a llegar a un juicio bien si est\u00e1 mal de salud\u201d<\/em>.<\/p>\n<p>Uno de los abogados de <em>El Chapo<\/em>,<strong> Eduardo Balarezo,<\/strong> adelant\u00f3 hoy que pedir\u00e1 una nueva evaluaci\u00f3n mental, que se sumar\u00e1 a la que le realizaron en agosto, cuyo resultado no se ha publicado.<\/p>\n<p>Balarezo asegura que las condiciones del cautiverio est\u00e1n mermando su salud f\u00edsica y ps\u00edquica, consign\u00f3 la agencia DPA.\u00a0<\/p>\n<p>El abogado habl\u00f3 de alucinaciones auditivas y de depresi\u00f3n de su cliente, confinado 23 horas al d\u00eda en una celda de 15 metros cuadrados donde nunca se apaga la luz. La ley establece que para que alguien sea juzgado debe tener suficiente capacidad mental para poder defenderse. \u00a0<\/p>\n<p>Estados Unidos acusa a <em>El Chapo<\/em>\u00a0de introducir toneladas de droga al pa\u00eds al frente de lo que el Departamento del Tesoro calific\u00f3 como un \u201cimperio criminal\u201d de tr\u00e1fico de coca\u00edna, marihuana, hero\u00edna y metanfetaminas.\u00a0<\/p>\n<p>Hay 17 cargos contra \u00e9l en la Corte Federal del Distrito Este de Nueva York. El principal es el de manejo de organizaci\u00f3n criminal. Ninguno de los dem\u00e1s es un delito de sangre, pero basta con que sea considerado culpable en solo uno para que pueda ser condenado a cadena perpetua.\u00a0<\/p>\n<\/div>\n<\/div>\n","protected":false},"excerpt":{"rendered":"<p>El encarcelado narcotraficante Joaqu\u00edn El Chapo\u00a0Guzm\u00e1n est\u00e1 \u00abmuy mal psicol\u00f3gicamente\u00bb, advirti\u00f3 su esposa, quien insisti\u00f3 en protestar por las condiciones de aislamiento que cumple el ex jefe del c\u00e1rtel de Sinaloa en un penal de alta seguridad de Nueva York mientras espera el inicio del juicio en su contra. \u00abS\u00e9 que est\u00e1 muy mal psicol\u00f3gicamente, [&hellip;]<\/p>\n","protected":false},"author":4,"featured_media":8756,"comment_status":"open","ping_status":"closed","sticky":false,"template":"","format":"standard","meta":{"footnotes":""},"categories":[194],"tags":[],"class_list":{"0":"post-8755","1":"post","2":"type-post","3":"status-publish","4":"format-standard","5":"has-post-thumbnail","7":"category-internacionales"},"yoast_head":"<!-- This site is optimized with the Yoast SEO plugin v27.4 - https:\/\/yoast.com\/product\/yoast-seo-wordpress\/ -->\n<title>M\u00e1xima preocupaci\u00f3n por la salud de &quot;El Chapo&quot; Guzm\u00e1n - El Diario de Tucuman<\/title>\n<meta name=\"robots\" content=\"index, follow, max-snippet:-1, max-image-preview:large, max-video-preview:-1\" \/>\n<link rel=\"canonical\" href=\"https:\/\/www.eldiariodetucuman.com\/web\/maxima-preocupacion-por-la-salud-de-el-chapo-guzman\/\" \/>\n<meta property=\"og:locale\" content=\"es_ES\" \/>\n<meta property=\"og:type\" content=\"article\" \/>\n<meta property=\"og:title\" content=\"M\u00e1xima preocupaci\u00f3n por la salud de &quot;El Chapo&quot; Guzm\u00e1n - El Diario de Tucuman\" \/>\n<meta property=\"og:description\" content=\"El encarcelado narcotraficante Joaqu\u00edn El Chapo\u00a0Guzm\u00e1n est\u00e1 \u00abmuy mal psicol\u00f3gicamente\u00bb, advirti\u00f3 su esposa, quien insisti\u00f3 en protestar por las condiciones de aislamiento que cumple el ex jefe del c\u00e1rtel de Sinaloa en un penal de alta seguridad de Nueva York mientras espera el inicio del juicio en su contra. \u00abS\u00e9 que est\u00e1 muy mal psicol\u00f3gicamente, [&hellip;]\" \/>\n<meta property=\"og:url\" content=\"https:\/\/www.eldiariodetucuman.com\/web\/maxima-preocupacion-por-la-salud-de-el-chapo-guzman\/\" \/>\n<meta property=\"og:site_name\" content=\"El Diario de Tucuman\" \/>\n<meta property=\"article:published_time\" content=\"2018-04-18T15:50:18+00:00\" \/>\n<meta property=\"og:image\" content=\"https:\/\/www.eldiariodetucuman.com\/web\/wp-content\/uploads\/2018\/04\/221118c706130dd519439f875b802bb6.jpeg\" \/>\n\t<meta property=\"og:image:width\" content=\"970\" \/>\n\t<meta property=\"og:image:height\" content=\"546\" \/>\n\t<meta property=\"og:image:type\" content=\"image\/jpeg\" \/>\n<meta name=\"author\" content=\"eldiario detucuman\" \/>\n<meta name=\"twitter:card\" content=\"summary_large_image\" \/>\n<meta name=\"twitter:label1\" content=\"Escrito por\" \/>\n\t<meta name=\"twitter:data1\" content=\"eldiario detucuman\" \/>\n\t<meta name=\"twitter:label2\" content=\"Tiempo de lectura\" \/>\n\t<meta name=\"twitter:data2\" content=\"2 minutos\" \/>\n<script type=\"application\/ld+json\" class=\"yoast-schema-graph\">{\"@context\":\"https:\\\/\\\/schema.org\",\"@graph\":[{\"@type\":\"Article\",\"@id\":\"https:\\\/\\\/www.eldiariodetucuman.com\\\/web\\\/maxima-preocupacion-por-la-salud-de-el-chapo-guzman\\\/#article\",\"isPartOf\":{\"@id\":\"https:\\\/\\\/www.eldiariodetucuman.com\\\/web\\\/maxima-preocupacion-por-la-salud-de-el-chapo-guzman\\\/\"},\"author\":{\"name\":\"eldiario detucuman\",\"@id\":\"https:\\\/\\\/www.eldiariodetucuman.com\\\/web\\\/#\\\/schema\\\/person\\\/6f95946e54fde848b878ffa4928071d5\"},\"headline\":\"M\u00e1xima preocupaci\u00f3n por la salud de \u00abEl Chapo\u00bb Guzm\u00e1n\",\"datePublished\":\"2018-04-18T15:50:18+00:00\",\"mainEntityOfPage\":{\"@id\":\"https:\\\/\\\/www.eldiariodetucuman.com\\\/web\\\/maxima-preocupacion-por-la-salud-de-el-chapo-guzman\\\/\"},\"wordCount\":349,\"commentCount\":0,\"publisher\":{\"@id\":\"https:\\\/\\\/www.eldiariodetucuman.com\\\/web\\\/#organization\"},\"image\":{\"@id\":\"https:\\\/\\\/www.eldiariodetucuman.com\\\/web\\\/maxima-preocupacion-por-la-salud-de-el-chapo-guzman\\\/#primaryimage\"},\"thumbnailUrl\":\"https:\\\/\\\/www.eldiariodetucuman.com\\\/web\\\/wp-content\\\/uploads\\\/2018\\\/04\\\/221118c706130dd519439f875b802bb6.jpeg\",\"articleSection\":[\"Internacionales\"],\"inLanguage\":\"es\",\"potentialAction\":[{\"@type\":\"CommentAction\",\"name\":\"Comment\",\"target\":[\"https:\\\/\\\/www.eldiariodetucuman.com\\\/web\\\/maxima-preocupacion-por-la-salud-de-el-chapo-guzman\\\/#respond\"]}]},{\"@type\":\"WebPage\",\"@id\":\"https:\\\/\\\/www.eldiariodetucuman.com\\\/web\\\/maxima-preocupacion-por-la-salud-de-el-chapo-guzman\\\/\",\"url\":\"https:\\\/\\\/www.eldiariodetucuman.com\\\/web\\\/maxima-preocupacion-por-la-salud-de-el-chapo-guzman\\\/\",\"name\":\"M\u00e1xima preocupaci\u00f3n por la salud de \\\"El Chapo\\\" Guzm\u00e1n - El Diario de Tucuman\",\"isPartOf\":{\"@id\":\"https:\\\/\\\/www.eldiariodetucuman.com\\\/web\\\/#website\"},\"primaryImageOfPage\":{\"@id\":\"https:\\\/\\\/www.eldiariodetucuman.com\\\/web\\\/maxima-preocupacion-por-la-salud-de-el-chapo-guzman\\\/#primaryimage\"},\"image\":{\"@id\":\"https:\\\/\\\/www.eldiariodetucuman.com\\\/web\\\/maxima-preocupacion-por-la-salud-de-el-chapo-guzman\\\/#primaryimage\"},\"thumbnailUrl\":\"https:\\\/\\\/www.eldiariodetucuman.com\\\/web\\\/wp-content\\\/uploads\\\/2018\\\/04\\\/221118c706130dd519439f875b802bb6.jpeg\",\"datePublished\":\"2018-04-18T15:50:18+00:00\",\"breadcrumb\":{\"@id\":\"https:\\\/\\\/www.eldiariodetucuman.com\\\/web\\\/maxima-preocupacion-por-la-salud-de-el-chapo-guzman\\\/#breadcrumb\"},\"inLanguage\":\"es\",\"potentialAction\":[{\"@type\":\"ReadAction\",\"target\":[\"https:\\\/\\\/www.eldiariodetucuman.com\\\/web\\\/maxima-preocupacion-por-la-salud-de-el-chapo-guzman\\\/\"]}]},{\"@type\":\"ImageObject\",\"inLanguage\":\"es\",\"@id\":\"https:\\\/\\\/www.eldiariodetucuman.com\\\/web\\\/maxima-preocupacion-por-la-salud-de-el-chapo-guzman\\\/#primaryimage\",\"url\":\"https:\\\/\\\/www.eldiariodetucuman.com\\\/web\\\/wp-content\\\/uploads\\\/2018\\\/04\\\/221118c706130dd519439f875b802bb6.jpeg\",\"contentUrl\":\"https:\\\/\\\/www.eldiariodetucuman.com\\\/web\\\/wp-content\\\/uploads\\\/2018\\\/04\\\/221118c706130dd519439f875b802bb6.jpeg\",\"width\":970,\"height\":546},{\"@type\":\"BreadcrumbList\",\"@id\":\"https:\\\/\\\/www.eldiariodetucuman.com\\\/web\\\/maxima-preocupacion-por-la-salud-de-el-chapo-guzman\\\/#breadcrumb\",\"itemListElement\":[{\"@type\":\"ListItem\",\"position\":1,\"name\":\"Portada\",\"item\":\"https:\\\/\\\/www.eldiariodetucuman.com\\\/web\\\/\"},{\"@type\":\"ListItem\",\"position\":2,\"name\":\"M\u00e1xima preocupaci\u00f3n por la salud de \u00abEl Chapo\u00bb Guzm\u00e1n\"}]},{\"@type\":\"WebSite\",\"@id\":\"https:\\\/\\\/www.eldiariodetucuman.com\\\/web\\\/#website\",\"url\":\"https:\\\/\\\/www.eldiariodetucuman.com\\\/web\\\/\",\"name\":\"El Diario de Tucuman\",\"description\":\"Diario Tucuman - Informaci\u00f3n y noticias\",\"publisher\":{\"@id\":\"https:\\\/\\\/www.eldiariodetucuman.com\\\/web\\\/#organization\"},\"potentialAction\":[{\"@type\":\"SearchAction\",\"target\":{\"@type\":\"EntryPoint\",\"urlTemplate\":\"https:\\\/\\\/www.eldiariodetucuman.com\\\/web\\\/?s={search_term_string}\"},\"query-input\":{\"@type\":\"PropertyValueSpecification\",\"valueRequired\":true,\"valueName\":\"search_term_string\"}}],\"inLanguage\":\"es\"},{\"@type\":\"Organization\",\"@id\":\"https:\\\/\\\/www.eldiariodetucuman.com\\\/web\\\/#organization\",\"name\":\"El Diario de Tucuman\",\"url\":\"https:\\\/\\\/www.eldiariodetucuman.com\\\/web\\\/\",\"logo\":{\"@type\":\"ImageObject\",\"inLanguage\":\"es\",\"@id\":\"https:\\\/\\\/www.eldiariodetucuman.com\\\/web\\\/#\\\/schema\\\/logo\\\/image\\\/\",\"url\":\"http:\\\/\\\/www.eldiariodetucuman.com\\\/web\\\/wp-content\\\/uploads\\\/2017\\\/12\\\/el-diario-de-tucuman.jpg\",\"contentUrl\":\"http:\\\/\\\/www.eldiariodetucuman.com\\\/web\\\/wp-content\\\/uploads\\\/2017\\\/12\\\/el-diario-de-tucuman.jpg\",\"width\":272,\"height\":92,\"caption\":\"El Diario de Tucuman\"},\"image\":{\"@id\":\"https:\\\/\\\/www.eldiariodetucuman.com\\\/web\\\/#\\\/schema\\\/logo\\\/image\\\/\"}},{\"@type\":\"Person\",\"@id\":\"https:\\\/\\\/www.eldiariodetucuman.com\\\/web\\\/#\\\/schema\\\/person\\\/6f95946e54fde848b878ffa4928071d5\",\"name\":\"eldiario detucuman\",\"image\":{\"@type\":\"ImageObject\",\"inLanguage\":\"es\",\"@id\":\"https:\\\/\\\/secure.gravatar.com\\\/avatar\\\/b6e1f89c5c4044c4962c8e6c20b1ca2cc99f549c965908afd4ec5308b3f51bfe?s=96&d=mm&r=g\",\"url\":\"https:\\\/\\\/secure.gravatar.com\\\/avatar\\\/b6e1f89c5c4044c4962c8e6c20b1ca2cc99f549c965908afd4ec5308b3f51bfe?s=96&d=mm&r=g\",\"contentUrl\":\"https:\\\/\\\/secure.gravatar.com\\\/avatar\\\/b6e1f89c5c4044c4962c8e6c20b1ca2cc99f549c965908afd4ec5308b3f51bfe?s=96&d=mm&r=g\",\"caption\":\"eldiario detucuman\"},\"url\":\"https:\\\/\\\/www.eldiariodetucuman.com\\\/web\\\/author\\\/eldiariodetucuman\\\/\"}]}<\/script>\n<!-- \/ Yoast SEO plugin. -->","yoast_head_json":{"title":"M\u00e1xima preocupaci\u00f3n por la salud de \"El Chapo\" Guzm\u00e1n - El Diario de Tucuman","robots":{"index":"index","follow":"follow","max-snippet":"max-snippet:-1","max-image-preview":"max-image-preview:large","max-video-preview":"max-video-preview:-1"},"canonical":"https:\/\/www.eldiariodetucuman.com\/web\/maxima-preocupacion-por-la-salud-de-el-chapo-guzman\/","og_locale":"es_ES","og_type":"article","og_title":"M\u00e1xima preocupaci\u00f3n por la salud de \"El Chapo\" Guzm\u00e1n - El Diario de Tucuman","og_description":"El encarcelado narcotraficante Joaqu\u00edn El Chapo\u00a0Guzm\u00e1n est\u00e1 \u00abmuy mal psicol\u00f3gicamente\u00bb, advirti\u00f3 su esposa, quien insisti\u00f3 en protestar por las condiciones de aislamiento que cumple el ex jefe del c\u00e1rtel de Sinaloa en un penal de alta seguridad de Nueva York mientras espera el inicio del juicio en su contra. \u00abS\u00e9 que est\u00e1 muy mal psicol\u00f3gicamente, [&hellip;]","og_url":"https:\/\/www.eldiariodetucuman.com\/web\/maxima-preocupacion-por-la-salud-de-el-chapo-guzman\/","og_site_name":"El Diario de Tucuman","article_published_time":"2018-04-18T15:50:18+00:00","og_image":[{"width":970,"height":546,"url":"https:\/\/www.eldiariodetucuman.com\/web\/wp-content\/uploads\/2018\/04\/221118c706130dd519439f875b802bb6.jpeg","type":"image\/jpeg"}],"author":"eldiario detucuman","twitter_card":"summary_large_image","twitter_misc":{"Escrito por":"eldiario detucuman","Tiempo de lectura":"2 minutos"},"schema":{"@context":"https:\/\/schema.org","@graph":[{"@type":"Article","@id":"https:\/\/www.eldiariodetucuman.com\/web\/maxima-preocupacion-por-la-salud-de-el-chapo-guzman\/#article","isPartOf":{"@id":"https:\/\/www.eldiariodetucuman.com\/web\/maxima-preocupacion-por-la-salud-de-el-chapo-guzman\/"},"author":{"name":"eldiario detucuman","@id":"https:\/\/www.eldiariodetucuman.com\/web\/#\/schema\/person\/6f95946e54fde848b878ffa4928071d5"},"headline":"M\u00e1xima preocupaci\u00f3n por la salud de \u00abEl Chapo\u00bb Guzm\u00e1n","datePublished":"2018-04-18T15:50:18+00:00","mainEntityOfPage":{"@id":"https:\/\/www.eldiariodetucuman.com\/web\/maxima-preocupacion-por-la-salud-de-el-chapo-guzman\/"},"wordCount":349,"commentCount":0,"publisher":{"@id":"https:\/\/www.eldiariodetucuman.com\/web\/#organization"},"image":{"@id":"https:\/\/www.eldiariodetucuman.com\/web\/maxima-preocupacion-por-la-salud-de-el-chapo-guzman\/#primaryimage"},"thumbnailUrl":"https:\/\/www.eldiariodetucuman.com\/web\/wp-content\/uploads\/2018\/04\/221118c706130dd519439f875b802bb6.jpeg","articleSection":["Internacionales"],"inLanguage":"es","potentialAction":[{"@type":"CommentAction","name":"Comment","target":["https:\/\/www.eldiariodetucuman.com\/web\/maxima-preocupacion-por-la-salud-de-el-chapo-guzman\/#respond"]}]},{"@type":"WebPage","@id":"https:\/\/www.eldiariodetucuman.com\/web\/maxima-preocupacion-por-la-salud-de-el-chapo-guzman\/","url":"https:\/\/www.eldiariodetucuman.com\/web\/maxima-preocupacion-por-la-salud-de-el-chapo-guzman\/","name":"M\u00e1xima preocupaci\u00f3n por la salud de \"El Chapo\" Guzm\u00e1n - El Diario de Tucuman","isPartOf":{"@id":"https:\/\/www.eldiariodetucuman.com\/web\/#website"},"primaryImageOfPage":{"@id":"https:\/\/www.eldiariodetucuman.com\/web\/maxima-preocupacion-por-la-salud-de-el-chapo-guzman\/#primaryimage"},"image":{"@id":"https:\/\/www.eldiariodetucuman.com\/web\/maxima-preocupacion-por-la-salud-de-el-chapo-guzman\/#primaryimage"},"thumbnailUrl":"https:\/\/www.eldiariodetucuman.com\/web\/wp-content\/uploads\/2018\/04\/221118c706130dd519439f875b802bb6.jpeg","datePublished":"2018-04-18T15:50:18+00:00","breadcrumb":{"@id":"https:\/\/www.eldiariodetucuman.com\/web\/maxima-preocupacion-por-la-salud-de-el-chapo-guzman\/#breadcrumb"},"inLanguage":"es","potentialAction":[{"@type":"ReadAction","target":["https:\/\/www.eldiariodetucuman.com\/web\/maxima-preocupacion-por-la-salud-de-el-chapo-guzman\/"]}]},{"@type":"ImageObject","inLanguage":"es","@id":"https:\/\/www.eldiariodetucuman.com\/web\/maxima-preocupacion-por-la-salud-de-el-chapo-guzman\/#primaryimage","url":"https:\/\/www.eldiariodetucuman.com\/web\/wp-content\/uploads\/2018\/04\/221118c706130dd519439f875b802bb6.jpeg","contentUrl":"https:\/\/www.eldiariodetucuman.com\/web\/wp-content\/uploads\/2018\/04\/221118c706130dd519439f875b802bb6.jpeg","width":970,"height":546},{"@type":"BreadcrumbList","@id":"https:\/\/www.eldiariodetucuman.com\/web\/maxima-preocupacion-por-la-salud-de-el-chapo-guzman\/#breadcrumb","itemListElement":[{"@type":"ListItem","position":1,"name":"Portada","item":"https:\/\/www.eldiariodetucuman.com\/web\/"},{"@type":"ListItem","position":2,"name":"M\u00e1xima preocupaci\u00f3n por la salud de \u00abEl Chapo\u00bb Guzm\u00e1n"}]},{"@type":"WebSite","@id":"https:\/\/www.eldiariodetucuman.com\/web\/#website","url":"https:\/\/www.eldiariodetucuman.com\/web\/","name":"El Diario de Tucuman","description":"Diario Tucuman - Informaci\u00f3n y noticias","publisher":{"@id":"https:\/\/www.eldiariodetucuman.com\/web\/#organization"},"potentialAction":[{"@type":"SearchAction","target":{"@type":"EntryPoint","urlTemplate":"https:\/\/www.eldiariodetucuman.com\/web\/?s={search_term_string}"},"query-input":{"@type":"PropertyValueSpecification","valueRequired":true,"valueName":"search_term_string"}}],"inLanguage":"es"},{"@type":"Organization","@id":"https:\/\/www.eldiariodetucuman.com\/web\/#organization","name":"El Diario de Tucuman","url":"https:\/\/www.eldiariodetucuman.com\/web\/","logo":{"@type":"ImageObject","inLanguage":"es","@id":"https:\/\/www.eldiariodetucuman.com\/web\/#\/schema\/logo\/image\/","url":"http:\/\/www.eldiariodetucuman.com\/web\/wp-content\/uploads\/2017\/12\/el-diario-de-tucuman.jpg","contentUrl":"http:\/\/www.eldiariodetucuman.com\/web\/wp-content\/uploads\/2017\/12\/el-diario-de-tucuman.jpg","width":272,"height":92,"caption":"El Diario de Tucuman"},"image":{"@id":"https:\/\/www.eldiariodetucuman.com\/web\/#\/schema\/logo\/image\/"}},{"@type":"Person","@id":"https:\/\/www.eldiariodetucuman.com\/web\/#\/schema\/person\/6f95946e54fde848b878ffa4928071d5","name":"eldiario detucuman","image":{"@type":"ImageObject","inLanguage":"es","@id":"https:\/\/secure.gravatar.com\/avatar\/b6e1f89c5c4044c4962c8e6c20b1ca2cc99f549c965908afd4ec5308b3f51bfe?s=96&d=mm&r=g","url":"https:\/\/secure.gravatar.com\/avatar\/b6e1f89c5c4044c4962c8e6c20b1ca2cc99f549c965908afd4ec5308b3f51bfe?s=96&d=mm&r=g","contentUrl":"https:\/\/secure.gravatar.com\/avatar\/b6e1f89c5c4044c4962c8e6c20b1ca2cc99f549c965908afd4ec5308b3f51bfe?s=96&d=mm&r=g","caption":"eldiario detucuman"},"url":"https:\/\/www.eldiariodetucuman.com\/web\/author\/eldiariodetucuman\/"}]}},"_links":{"self":[{"href":"https:\/\/www.eldiariodetucuman.com\/web\/wp-json\/wp\/v2\/posts\/8755","targetHints":{"allow":["GET"]}}],"collection":[{"href":"https:\/\/www.eldiariodetucuman.com\/web\/wp-json\/wp\/v2\/posts"}],"about":[{"href":"https:\/\/www.eldiariodetucuman.com\/web\/wp-json\/wp\/v2\/types\/post"}],"author":[{"embeddable":true,"href":"https:\/\/www.eldiariodetucuman.com\/web\/wp-json\/wp\/v2\/users\/4"}],"replies":[{"embeddable":true,"href":"https:\/\/www.eldiariodetucuman.com\/web\/wp-json\/wp\/v2\/comments?post=8755"}],"version-history":[{"count":0,"href":"https:\/\/www.eldiariodetucuman.com\/web\/wp-json\/wp\/v2\/posts\/8755\/revisions"}],"wp:featuredmedia":[{"embeddable":true,"href":"https:\/\/www.eldiariodetucuman.com\/web\/wp-json\/wp\/v2\/media\/8756"}],"wp:attachment":[{"href":"https:\/\/www.eldiariodetucuman.com\/web\/wp-json\/wp\/v2\/media?parent=8755"}],"wp:term":[{"taxonomy":"category","embeddable":true,"href":"https:\/\/www.eldiariodetucuman.com\/web\/wp-json\/wp\/v2\/categories?post=8755"},{"taxonomy":"post_tag","embeddable":true,"href":"https:\/\/www.eldiariodetucuman.com\/web\/wp-json\/wp\/v2\/tags?post=8755"}],"curies":[{"name":"wp","href":"https:\/\/api.w.org\/{rel}","templated":true}]}}