{"id":8753,"date":"2018-04-18T12:50:10","date_gmt":"2018-04-18T15:50:10","guid":{"rendered":"http:\/\/www.eldiariodetucuman.com\/web\/se-rompio-la-ventanilla-del-avion-y-murio-succionada-en-pleno-vuelo\/"},"modified":"2018-04-18T12:50:10","modified_gmt":"2018-04-18T15:50:10","slug":"se-rompio-la-ventanilla-del-avion-y-murio-succionada-en-pleno-vuelo","status":"publish","type":"post","link":"https:\/\/www.eldiariodetucuman.com\/web\/se-rompio-la-ventanilla-del-avion-y-murio-succionada-en-pleno-vuelo\/","title":{"rendered":"Se rompi\u00f3 la ventanilla del avi\u00f3n y muri\u00f3 succionada en pleno vuelo"},"content":{"rendered":"<div>\n<div itemprop=\"articleBody\" readability=\"48.579243765084\">\n<p>Un avi\u00f3n de la aerol\u00ednea Southwest debi\u00f3 hacer un aterrizaje de emergencia en Filadelfia,   <a href=\"https:\/\/www.cronica.com.ar\/tags\/Estados%20Unidos\">Estados Unidos<\/a>, luego de que una de sus turbinas explotara en vuelo.<\/p>\n<div>\n<div class=\"ck-twitter\" id=\"twitter-37\" readability=\"7.8655462184874\">\n<blockquote class=\"twitter-video\" data-lang=\"es\" readability=\"9.6134453781513\">\n<p dir=\"ltr\" lang=\"es\">V\u00eddeo grabado F#1380, B737 Southwest que iba de LGA &#8211; DAL por Marty Martinez residente de DALLAS compro WiFI online pensando que eran sus \u00faltimos momentos, Una turbina exploto en pleno vuelo rompiendo una ventanilla y causando despresurizacion de cabina ,1 persona herida <a href=\"https:\/\/t.co\/aOrFXN3ImA\">pic.twitter.com\/aOrFXN3ImA<\/a><\/p>\n<p>\u2014 Hector Hernandez (@hector_smart) <a href=\"https:\/\/twitter.com\/hector_smart\/status\/986334398042787840?ref_src=twsrc%5Etfw\">17 de abril de 2018<\/a><\/p><\/blockquote>\n<p><span class=\"item first\"><\/span><span class=\"item second\"><\/span><span class=\"item third\"><\/span><\/div>\n<\/div>\n<p>\u00a0<\/p>\n<p>A ra\u00edz de este hecho, un pedazo del motor golpe\u00f3 contra una ventana y provoc\u00f3 una despresurizaci\u00f3n que \u201cchup\u00f3\u201d a una mujer afuera del avi\u00f3n, aunque los otros pasajeros la retuvieron y la volvieron a meter dentro de la aeronave.<\/p>\n<p>La mujer fue hospitalizada tras el aterrizaje y muri\u00f3 horas despu\u00e9s por las heridas.<\/p>\n<div>\n<figure class=\"image\"><img decoding=\"async\" alt=\"-----EDITORS NOTE --- RESTRICTED TO EDITORIAL USE - MANDATORY CREDIT \" data-height=\"943\" data-size=\"w:708,h:943\" data-width=\"708\" hspace=\"5\" src=\"https:\/\/www.cronica.com.ar\/export\/sites\/cronica\/img\/2018\/04\/17\/southwest_2.jpg_1755607884.jpg\" title=\"-----EDITORS NOTE --- RESTRICTED TO EDITORIAL USE - MANDATORY CREDIT \" vspace=\"5\"><figcaption>As\u00ed qued\u00f3 la ventanilla averiada (AFP).<\/figcaption><\/figure>\n<\/div>\n<p>El vuelo 1380 cubr\u00eda la ruta entre Nueva York y Dallas y fue desviado a Filadelfia, donde finalmente pudo tocar tierra. La aerol\u00ednea dijo en un comunicado que el Boeing 737-700 volaba con 143 pasajeros y cinco tripulantes. A consecuencia del aterrizaje de emergencia, se experimentaron demoras en el aeropuerto de Filadelfia, aunque se mantuvo operativo.<\/p>\n<\/div>\n<\/div>\n","protected":false},"excerpt":{"rendered":"<p>Un avi\u00f3n de la aerol\u00ednea Southwest debi\u00f3 hacer un aterrizaje de emergencia en Filadelfia, Estados Unidos, luego de que una de sus turbinas explotara en vuelo. V\u00eddeo grabado F#1380, B737 Southwest que iba de LGA &#8211; DAL por Marty Martinez residente de DALLAS compro WiFI online pensando que eran sus \u00faltimos momentos, Una turbina exploto [&hellip;]<\/p>\n","protected":false},"author":4,"featured_media":8754,"comment_status":"open","ping_status":"closed","sticky":false,"template":"","format":"standard","meta":{"footnotes":""},"categories":[194],"tags":[],"class_list":{"0":"post-8753","1":"post","2":"type-post","3":"status-publish","4":"format-standard","5":"has-post-thumbnail","7":"category-internacionales"},"yoast_head":"<!-- This site is optimized with the Yoast SEO plugin v27.4 - https:\/\/yoast.com\/product\/yoast-seo-wordpress\/ -->\n<title>Se rompi\u00f3 la ventanilla del avi\u00f3n y muri\u00f3 succionada en pleno vuelo - El Diario de Tucuman<\/title>\n<meta name=\"robots\" content=\"index, follow, max-snippet:-1, max-image-preview:large, max-video-preview:-1\" \/>\n<link rel=\"canonical\" href=\"https:\/\/www.eldiariodetucuman.com\/web\/se-rompio-la-ventanilla-del-avion-y-murio-succionada-en-pleno-vuelo\/\" \/>\n<meta property=\"og:locale\" content=\"es_ES\" \/>\n<meta property=\"og:type\" content=\"article\" \/>\n<meta property=\"og:title\" content=\"Se rompi\u00f3 la ventanilla del avi\u00f3n y muri\u00f3 succionada en pleno vuelo - El Diario de Tucuman\" \/>\n<meta property=\"og:description\" content=\"Un avi\u00f3n de la aerol\u00ednea Southwest debi\u00f3 hacer un aterrizaje de emergencia en Filadelfia, Estados Unidos, luego de que una de sus turbinas explotara en vuelo. V\u00eddeo grabado F#1380, B737 Southwest que iba de LGA &#8211; DAL por Marty Martinez residente de DALLAS compro WiFI online pensando que eran sus \u00faltimos momentos, Una turbina exploto [&hellip;]\" \/>\n<meta property=\"og:url\" content=\"https:\/\/www.eldiariodetucuman.com\/web\/se-rompio-la-ventanilla-del-avion-y-murio-succionada-en-pleno-vuelo\/\" \/>\n<meta property=\"og:site_name\" content=\"El Diario de Tucuman\" \/>\n<meta property=\"article:published_time\" content=\"2018-04-18T15:50:10+00:00\" \/>\n<meta property=\"og:image\" content=\"https:\/\/www.eldiariodetucuman.com\/web\/wp-content\/uploads\/2018\/04\/c0ca069d915526b00e4fcadc000755a4.jpeg\" \/>\n\t<meta property=\"og:image:width\" content=\"970\" \/>\n\t<meta property=\"og:image:height\" content=\"546\" \/>\n\t<meta property=\"og:image:type\" content=\"image\/jpeg\" \/>\n<meta name=\"author\" content=\"eldiario detucuman\" \/>\n<meta name=\"twitter:card\" content=\"summary_large_image\" \/>\n<meta name=\"twitter:label1\" content=\"Escrito por\" \/>\n\t<meta name=\"twitter:data1\" content=\"eldiario detucuman\" \/>\n\t<meta name=\"twitter:label2\" content=\"Tiempo de lectura\" \/>\n\t<meta name=\"twitter:data2\" content=\"1 minuto\" \/>\n<script type=\"application\/ld+json\" class=\"yoast-schema-graph\">{\"@context\":\"https:\\\/\\\/schema.org\",\"@graph\":[{\"@type\":\"Article\",\"@id\":\"https:\\\/\\\/www.eldiariodetucuman.com\\\/web\\\/se-rompio-la-ventanilla-del-avion-y-murio-succionada-en-pleno-vuelo\\\/#article\",\"isPartOf\":{\"@id\":\"https:\\\/\\\/www.eldiariodetucuman.com\\\/web\\\/se-rompio-la-ventanilla-del-avion-y-murio-succionada-en-pleno-vuelo\\\/\"},\"author\":{\"name\":\"eldiario detucuman\",\"@id\":\"https:\\\/\\\/www.eldiariodetucuman.com\\\/web\\\/#\\\/schema\\\/person\\\/6f95946e54fde848b878ffa4928071d5\"},\"headline\":\"Se rompi\u00f3 la ventanilla del avi\u00f3n y muri\u00f3 succionada en pleno vuelo\",\"datePublished\":\"2018-04-18T15:50:10+00:00\",\"mainEntityOfPage\":{\"@id\":\"https:\\\/\\\/www.eldiariodetucuman.com\\\/web\\\/se-rompio-la-ventanilla-del-avion-y-murio-succionada-en-pleno-vuelo\\\/\"},\"wordCount\":216,\"commentCount\":0,\"publisher\":{\"@id\":\"https:\\\/\\\/www.eldiariodetucuman.com\\\/web\\\/#organization\"},\"image\":{\"@id\":\"https:\\\/\\\/www.eldiariodetucuman.com\\\/web\\\/se-rompio-la-ventanilla-del-avion-y-murio-succionada-en-pleno-vuelo\\\/#primaryimage\"},\"thumbnailUrl\":\"https:\\\/\\\/www.eldiariodetucuman.com\\\/web\\\/wp-content\\\/uploads\\\/2018\\\/04\\\/c0ca069d915526b00e4fcadc000755a4.jpeg\",\"articleSection\":[\"Internacionales\"],\"inLanguage\":\"es\",\"potentialAction\":[{\"@type\":\"CommentAction\",\"name\":\"Comment\",\"target\":[\"https:\\\/\\\/www.eldiariodetucuman.com\\\/web\\\/se-rompio-la-ventanilla-del-avion-y-murio-succionada-en-pleno-vuelo\\\/#respond\"]}]},{\"@type\":\"WebPage\",\"@id\":\"https:\\\/\\\/www.eldiariodetucuman.com\\\/web\\\/se-rompio-la-ventanilla-del-avion-y-murio-succionada-en-pleno-vuelo\\\/\",\"url\":\"https:\\\/\\\/www.eldiariodetucuman.com\\\/web\\\/se-rompio-la-ventanilla-del-avion-y-murio-succionada-en-pleno-vuelo\\\/\",\"name\":\"Se rompi\u00f3 la ventanilla del avi\u00f3n y muri\u00f3 succionada en pleno vuelo - El Diario de Tucuman\",\"isPartOf\":{\"@id\":\"https:\\\/\\\/www.eldiariodetucuman.com\\\/web\\\/#website\"},\"primaryImageOfPage\":{\"@id\":\"https:\\\/\\\/www.eldiariodetucuman.com\\\/web\\\/se-rompio-la-ventanilla-del-avion-y-murio-succionada-en-pleno-vuelo\\\/#primaryimage\"},\"image\":{\"@id\":\"https:\\\/\\\/www.eldiariodetucuman.com\\\/web\\\/se-rompio-la-ventanilla-del-avion-y-murio-succionada-en-pleno-vuelo\\\/#primaryimage\"},\"thumbnailUrl\":\"https:\\\/\\\/www.eldiariodetucuman.com\\\/web\\\/wp-content\\\/uploads\\\/2018\\\/04\\\/c0ca069d915526b00e4fcadc000755a4.jpeg\",\"datePublished\":\"2018-04-18T15:50:10+00:00\",\"breadcrumb\":{\"@id\":\"https:\\\/\\\/www.eldiariodetucuman.com\\\/web\\\/se-rompio-la-ventanilla-del-avion-y-murio-succionada-en-pleno-vuelo\\\/#breadcrumb\"},\"inLanguage\":\"es\",\"potentialAction\":[{\"@type\":\"ReadAction\",\"target\":[\"https:\\\/\\\/www.eldiariodetucuman.com\\\/web\\\/se-rompio-la-ventanilla-del-avion-y-murio-succionada-en-pleno-vuelo\\\/\"]}]},{\"@type\":\"ImageObject\",\"inLanguage\":\"es\",\"@id\":\"https:\\\/\\\/www.eldiariodetucuman.com\\\/web\\\/se-rompio-la-ventanilla-del-avion-y-murio-succionada-en-pleno-vuelo\\\/#primaryimage\",\"url\":\"https:\\\/\\\/www.eldiariodetucuman.com\\\/web\\\/wp-content\\\/uploads\\\/2018\\\/04\\\/c0ca069d915526b00e4fcadc000755a4.jpeg\",\"contentUrl\":\"https:\\\/\\\/www.eldiariodetucuman.com\\\/web\\\/wp-content\\\/uploads\\\/2018\\\/04\\\/c0ca069d915526b00e4fcadc000755a4.jpeg\",\"width\":970,\"height\":546},{\"@type\":\"BreadcrumbList\",\"@id\":\"https:\\\/\\\/www.eldiariodetucuman.com\\\/web\\\/se-rompio-la-ventanilla-del-avion-y-murio-succionada-en-pleno-vuelo\\\/#breadcrumb\",\"itemListElement\":[{\"@type\":\"ListItem\",\"position\":1,\"name\":\"Portada\",\"item\":\"https:\\\/\\\/www.eldiariodetucuman.com\\\/web\\\/\"},{\"@type\":\"ListItem\",\"position\":2,\"name\":\"Se rompi\u00f3 la ventanilla del avi\u00f3n y muri\u00f3 succionada en pleno vuelo\"}]},{\"@type\":\"WebSite\",\"@id\":\"https:\\\/\\\/www.eldiariodetucuman.com\\\/web\\\/#website\",\"url\":\"https:\\\/\\\/www.eldiariodetucuman.com\\\/web\\\/\",\"name\":\"El Diario de Tucuman\",\"description\":\"Diario Tucuman - Informaci\u00f3n y noticias\",\"publisher\":{\"@id\":\"https:\\\/\\\/www.eldiariodetucuman.com\\\/web\\\/#organization\"},\"potentialAction\":[{\"@type\":\"SearchAction\",\"target\":{\"@type\":\"EntryPoint\",\"urlTemplate\":\"https:\\\/\\\/www.eldiariodetucuman.com\\\/web\\\/?s={search_term_string}\"},\"query-input\":{\"@type\":\"PropertyValueSpecification\",\"valueRequired\":true,\"valueName\":\"search_term_string\"}}],\"inLanguage\":\"es\"},{\"@type\":\"Organization\",\"@id\":\"https:\\\/\\\/www.eldiariodetucuman.com\\\/web\\\/#organization\",\"name\":\"El Diario de Tucuman\",\"url\":\"https:\\\/\\\/www.eldiariodetucuman.com\\\/web\\\/\",\"logo\":{\"@type\":\"ImageObject\",\"inLanguage\":\"es\",\"@id\":\"https:\\\/\\\/www.eldiariodetucuman.com\\\/web\\\/#\\\/schema\\\/logo\\\/image\\\/\",\"url\":\"http:\\\/\\\/www.eldiariodetucuman.com\\\/web\\\/wp-content\\\/uploads\\\/2017\\\/12\\\/el-diario-de-tucuman.jpg\",\"contentUrl\":\"http:\\\/\\\/www.eldiariodetucuman.com\\\/web\\\/wp-content\\\/uploads\\\/2017\\\/12\\\/el-diario-de-tucuman.jpg\",\"width\":272,\"height\":92,\"caption\":\"El Diario de Tucuman\"},\"image\":{\"@id\":\"https:\\\/\\\/www.eldiariodetucuman.com\\\/web\\\/#\\\/schema\\\/logo\\\/image\\\/\"}},{\"@type\":\"Person\",\"@id\":\"https:\\\/\\\/www.eldiariodetucuman.com\\\/web\\\/#\\\/schema\\\/person\\\/6f95946e54fde848b878ffa4928071d5\",\"name\":\"eldiario detucuman\",\"image\":{\"@type\":\"ImageObject\",\"inLanguage\":\"es\",\"@id\":\"https:\\\/\\\/secure.gravatar.com\\\/avatar\\\/b6e1f89c5c4044c4962c8e6c20b1ca2cc99f549c965908afd4ec5308b3f51bfe?s=96&d=mm&r=g\",\"url\":\"https:\\\/\\\/secure.gravatar.com\\\/avatar\\\/b6e1f89c5c4044c4962c8e6c20b1ca2cc99f549c965908afd4ec5308b3f51bfe?s=96&d=mm&r=g\",\"contentUrl\":\"https:\\\/\\\/secure.gravatar.com\\\/avatar\\\/b6e1f89c5c4044c4962c8e6c20b1ca2cc99f549c965908afd4ec5308b3f51bfe?s=96&d=mm&r=g\",\"caption\":\"eldiario detucuman\"},\"url\":\"https:\\\/\\\/www.eldiariodetucuman.com\\\/web\\\/author\\\/eldiariodetucuman\\\/\"}]}<\/script>\n<!-- \/ Yoast SEO plugin. -->","yoast_head_json":{"title":"Se rompi\u00f3 la ventanilla del avi\u00f3n y muri\u00f3 succionada en pleno vuelo - El Diario de Tucuman","robots":{"index":"index","follow":"follow","max-snippet":"max-snippet:-1","max-image-preview":"max-image-preview:large","max-video-preview":"max-video-preview:-1"},"canonical":"https:\/\/www.eldiariodetucuman.com\/web\/se-rompio-la-ventanilla-del-avion-y-murio-succionada-en-pleno-vuelo\/","og_locale":"es_ES","og_type":"article","og_title":"Se rompi\u00f3 la ventanilla del avi\u00f3n y muri\u00f3 succionada en pleno vuelo - El Diario de Tucuman","og_description":"Un avi\u00f3n de la aerol\u00ednea Southwest debi\u00f3 hacer un aterrizaje de emergencia en Filadelfia, Estados Unidos, luego de que una de sus turbinas explotara en vuelo. V\u00eddeo grabado F#1380, B737 Southwest que iba de LGA &#8211; DAL por Marty Martinez residente de DALLAS compro WiFI online pensando que eran sus \u00faltimos momentos, Una turbina exploto [&hellip;]","og_url":"https:\/\/www.eldiariodetucuman.com\/web\/se-rompio-la-ventanilla-del-avion-y-murio-succionada-en-pleno-vuelo\/","og_site_name":"El Diario de Tucuman","article_published_time":"2018-04-18T15:50:10+00:00","og_image":[{"width":970,"height":546,"url":"https:\/\/www.eldiariodetucuman.com\/web\/wp-content\/uploads\/2018\/04\/c0ca069d915526b00e4fcadc000755a4.jpeg","type":"image\/jpeg"}],"author":"eldiario detucuman","twitter_card":"summary_large_image","twitter_misc":{"Escrito por":"eldiario detucuman","Tiempo de lectura":"1 minuto"},"schema":{"@context":"https:\/\/schema.org","@graph":[{"@type":"Article","@id":"https:\/\/www.eldiariodetucuman.com\/web\/se-rompio-la-ventanilla-del-avion-y-murio-succionada-en-pleno-vuelo\/#article","isPartOf":{"@id":"https:\/\/www.eldiariodetucuman.com\/web\/se-rompio-la-ventanilla-del-avion-y-murio-succionada-en-pleno-vuelo\/"},"author":{"name":"eldiario detucuman","@id":"https:\/\/www.eldiariodetucuman.com\/web\/#\/schema\/person\/6f95946e54fde848b878ffa4928071d5"},"headline":"Se rompi\u00f3 la ventanilla del avi\u00f3n y muri\u00f3 succionada en pleno vuelo","datePublished":"2018-04-18T15:50:10+00:00","mainEntityOfPage":{"@id":"https:\/\/www.eldiariodetucuman.com\/web\/se-rompio-la-ventanilla-del-avion-y-murio-succionada-en-pleno-vuelo\/"},"wordCount":216,"commentCount":0,"publisher":{"@id":"https:\/\/www.eldiariodetucuman.com\/web\/#organization"},"image":{"@id":"https:\/\/www.eldiariodetucuman.com\/web\/se-rompio-la-ventanilla-del-avion-y-murio-succionada-en-pleno-vuelo\/#primaryimage"},"thumbnailUrl":"https:\/\/www.eldiariodetucuman.com\/web\/wp-content\/uploads\/2018\/04\/c0ca069d915526b00e4fcadc000755a4.jpeg","articleSection":["Internacionales"],"inLanguage":"es","potentialAction":[{"@type":"CommentAction","name":"Comment","target":["https:\/\/www.eldiariodetucuman.com\/web\/se-rompio-la-ventanilla-del-avion-y-murio-succionada-en-pleno-vuelo\/#respond"]}]},{"@type":"WebPage","@id":"https:\/\/www.eldiariodetucuman.com\/web\/se-rompio-la-ventanilla-del-avion-y-murio-succionada-en-pleno-vuelo\/","url":"https:\/\/www.eldiariodetucuman.com\/web\/se-rompio-la-ventanilla-del-avion-y-murio-succionada-en-pleno-vuelo\/","name":"Se rompi\u00f3 la ventanilla del avi\u00f3n y muri\u00f3 succionada en pleno vuelo - El Diario de Tucuman","isPartOf":{"@id":"https:\/\/www.eldiariodetucuman.com\/web\/#website"},"primaryImageOfPage":{"@id":"https:\/\/www.eldiariodetucuman.com\/web\/se-rompio-la-ventanilla-del-avion-y-murio-succionada-en-pleno-vuelo\/#primaryimage"},"image":{"@id":"https:\/\/www.eldiariodetucuman.com\/web\/se-rompio-la-ventanilla-del-avion-y-murio-succionada-en-pleno-vuelo\/#primaryimage"},"thumbnailUrl":"https:\/\/www.eldiariodetucuman.com\/web\/wp-content\/uploads\/2018\/04\/c0ca069d915526b00e4fcadc000755a4.jpeg","datePublished":"2018-04-18T15:50:10+00:00","breadcrumb":{"@id":"https:\/\/www.eldiariodetucuman.com\/web\/se-rompio-la-ventanilla-del-avion-y-murio-succionada-en-pleno-vuelo\/#breadcrumb"},"inLanguage":"es","potentialAction":[{"@type":"ReadAction","target":["https:\/\/www.eldiariodetucuman.com\/web\/se-rompio-la-ventanilla-del-avion-y-murio-succionada-en-pleno-vuelo\/"]}]},{"@type":"ImageObject","inLanguage":"es","@id":"https:\/\/www.eldiariodetucuman.com\/web\/se-rompio-la-ventanilla-del-avion-y-murio-succionada-en-pleno-vuelo\/#primaryimage","url":"https:\/\/www.eldiariodetucuman.com\/web\/wp-content\/uploads\/2018\/04\/c0ca069d915526b00e4fcadc000755a4.jpeg","contentUrl":"https:\/\/www.eldiariodetucuman.com\/web\/wp-content\/uploads\/2018\/04\/c0ca069d915526b00e4fcadc000755a4.jpeg","width":970,"height":546},{"@type":"BreadcrumbList","@id":"https:\/\/www.eldiariodetucuman.com\/web\/se-rompio-la-ventanilla-del-avion-y-murio-succionada-en-pleno-vuelo\/#breadcrumb","itemListElement":[{"@type":"ListItem","position":1,"name":"Portada","item":"https:\/\/www.eldiariodetucuman.com\/web\/"},{"@type":"ListItem","position":2,"name":"Se rompi\u00f3 la ventanilla del avi\u00f3n y muri\u00f3 succionada en pleno vuelo"}]},{"@type":"WebSite","@id":"https:\/\/www.eldiariodetucuman.com\/web\/#website","url":"https:\/\/www.eldiariodetucuman.com\/web\/","name":"El Diario de Tucuman","description":"Diario Tucuman - Informaci\u00f3n y noticias","publisher":{"@id":"https:\/\/www.eldiariodetucuman.com\/web\/#organization"},"potentialAction":[{"@type":"SearchAction","target":{"@type":"EntryPoint","urlTemplate":"https:\/\/www.eldiariodetucuman.com\/web\/?s={search_term_string}"},"query-input":{"@type":"PropertyValueSpecification","valueRequired":true,"valueName":"search_term_string"}}],"inLanguage":"es"},{"@type":"Organization","@id":"https:\/\/www.eldiariodetucuman.com\/web\/#organization","name":"El Diario de Tucuman","url":"https:\/\/www.eldiariodetucuman.com\/web\/","logo":{"@type":"ImageObject","inLanguage":"es","@id":"https:\/\/www.eldiariodetucuman.com\/web\/#\/schema\/logo\/image\/","url":"http:\/\/www.eldiariodetucuman.com\/web\/wp-content\/uploads\/2017\/12\/el-diario-de-tucuman.jpg","contentUrl":"http:\/\/www.eldiariodetucuman.com\/web\/wp-content\/uploads\/2017\/12\/el-diario-de-tucuman.jpg","width":272,"height":92,"caption":"El Diario de Tucuman"},"image":{"@id":"https:\/\/www.eldiariodetucuman.com\/web\/#\/schema\/logo\/image\/"}},{"@type":"Person","@id":"https:\/\/www.eldiariodetucuman.com\/web\/#\/schema\/person\/6f95946e54fde848b878ffa4928071d5","name":"eldiario detucuman","image":{"@type":"ImageObject","inLanguage":"es","@id":"https:\/\/secure.gravatar.com\/avatar\/b6e1f89c5c4044c4962c8e6c20b1ca2cc99f549c965908afd4ec5308b3f51bfe?s=96&d=mm&r=g","url":"https:\/\/secure.gravatar.com\/avatar\/b6e1f89c5c4044c4962c8e6c20b1ca2cc99f549c965908afd4ec5308b3f51bfe?s=96&d=mm&r=g","contentUrl":"https:\/\/secure.gravatar.com\/avatar\/b6e1f89c5c4044c4962c8e6c20b1ca2cc99f549c965908afd4ec5308b3f51bfe?s=96&d=mm&r=g","caption":"eldiario detucuman"},"url":"https:\/\/www.eldiariodetucuman.com\/web\/author\/eldiariodetucuman\/"}]}},"_links":{"self":[{"href":"https:\/\/www.eldiariodetucuman.com\/web\/wp-json\/wp\/v2\/posts\/8753","targetHints":{"allow":["GET"]}}],"collection":[{"href":"https:\/\/www.eldiariodetucuman.com\/web\/wp-json\/wp\/v2\/posts"}],"about":[{"href":"https:\/\/www.eldiariodetucuman.com\/web\/wp-json\/wp\/v2\/types\/post"}],"author":[{"embeddable":true,"href":"https:\/\/www.eldiariodetucuman.com\/web\/wp-json\/wp\/v2\/users\/4"}],"replies":[{"embeddable":true,"href":"https:\/\/www.eldiariodetucuman.com\/web\/wp-json\/wp\/v2\/comments?post=8753"}],"version-history":[{"count":0,"href":"https:\/\/www.eldiariodetucuman.com\/web\/wp-json\/wp\/v2\/posts\/8753\/revisions"}],"wp:featuredmedia":[{"embeddable":true,"href":"https:\/\/www.eldiariodetucuman.com\/web\/wp-json\/wp\/v2\/media\/8754"}],"wp:attachment":[{"href":"https:\/\/www.eldiariodetucuman.com\/web\/wp-json\/wp\/v2\/media?parent=8753"}],"wp:term":[{"taxonomy":"category","embeddable":true,"href":"https:\/\/www.eldiariodetucuman.com\/web\/wp-json\/wp\/v2\/categories?post=8753"},{"taxonomy":"post_tag","embeddable":true,"href":"https:\/\/www.eldiariodetucuman.com\/web\/wp-json\/wp\/v2\/tags?post=8753"}],"curies":[{"name":"wp","href":"https:\/\/api.w.org\/{rel}","templated":true}]}}