{"id":8747,"date":"2018-04-18T12:37:00","date_gmt":"2018-04-18T15:37:00","guid":{"rendered":"http:\/\/www.eldiariodetucuman.com\/web\/la-duda-medica-no-admite-denuncia\/"},"modified":"2018-04-18T12:37:02","modified_gmt":"2018-04-18T15:37:02","slug":"la-duda-medica-no-admite-denuncia","status":"publish","type":"post","link":"https:\/\/www.eldiariodetucuman.com\/web\/la-duda-medica-no-admite-denuncia\/","title":{"rendered":"La duda m\u00e9dica no admite denuncia"},"content":{"rendered":"<div>\n<div readability=\"42.351791530945\">\n<p>CABLE &#8211;\u00a0En los autos\u00a0\u00abF. F. J. c\/ <strong>Centro de Educaci\u00f3n M\u00e9dica e Investigaciones Cl\u00ednicas<\/strong> y otros s\/ da\u00f1os y perjuicios \u2013 responsabilidad m\u00e9dica\u00bb, la\u00a0<a href=\"https:\/\/www.elintransigente.com\/politica\/2018\/4\/17\/la-casa-la-plata-487035.html\"><strong>C\u00e1mara Nacional de Apelaciones en lo Civil<\/strong><\/a>\u00a0rechaz\u00f3 una demanda por <a href=\"https:\/\/www.elintransigente.com\/espectaculo\/famosos\/2018\/4\/13\/fue-asesinada-jorge-rial-feroz-sobre-la-muerte-de-debora-perez-volpin-486532.html\"><strong>mala praxis<\/strong><\/a> debido a que la patolog\u00eda deriv\u00f3 en una\u00a0discusi\u00f3n cient\u00edfica en la que los profesionales no llegaron a un <strong>acuerdo<\/strong>.<\/p>\n<p>Seg\u00fan informa el <a href=\"http:\/\/www.diariojudicial.com\/nota\/80447\/civil\/la-duda-medica-no-admite-denuncia.html\"><strong>Diario Judicial<\/strong><\/a>, la causa se inici\u00f3 cuando un hombre denunci\u00f3 al\u00a0traumat\u00f3logo que lo atendi\u00f3 por su dolencia y le diagnostic\u00f3 una rotura del manguito rotador. Sostuvo que el m\u00e9dico tuvo un abordaje equivocado durante la cirug\u00eda reparadora que le provoc\u00f3\u00a0una importante debilidad en dicho m\u00fasculo.<\/p>\n<aside class=\"htmlinline \"><ins class=\"adsbygoogle\" data-ad-layout=\"in-article\" data-ad-format=\"fluid\" data-ad-client=\"ca-pub-7781556717282971\" data-ad-slot=\"9383133609\"><\/ins><br \/>\n<\/aside>\n<p>Frente a ello, los miembros del Tribunal coincidieron en que no se puede culpar al m\u00e9dico tratante\u00a0si el tipo de patolog\u00eda, posibilidad de curaci\u00f3n, diversas v\u00edas de abordaje en cuanto al tratamiento a seguir y\/o ausencia de protocolos espec\u00edficos \u00abllevan a una discusi\u00f3n cient\u00edfica en la que los profesionales no han arribado a un consenso m\u00e9dico al respecto\u00bb.<\/p>\n<p>En esa l\u00ednea, los jueces expresaron que\u00a0\u00abel paciente no puede establecer a priori en que aspecto ha fallado la atenci\u00f3n m\u00e9dica pero, para adquirir certeza que permita imputar responsabilidad debe encontrarse sustentada su calificaci\u00f3n en elementos que gocen de suficiente fuerza de convicci\u00f3n\u00bb.<\/p>\n<p>La imputaci\u00f3n de responsabilidad pretendida por el demandante\u00a0\u00abs\u00f3lo encuentra correlato en la opini\u00f3n de su consultor t\u00e9cnico que no se ve corroborada con otros elementos de prueba que permitieran arrimar a mi \u00e1nimo la suficiente fuerza de convicci\u00f3n en punto a la existencia de un proceder inadecuado\u00bb, destacaron los magistrados.<\/p>\n<p>Por todo ello, los camaristas se\u00f1alaron que, seg\u00fan la jurisprudencia citada, \u201cla culpa comienza donde terminan las discusiones cient\u00edficas\u00bb.<\/p>\n<\/div>\n<\/div>\n<p>Fuente: https:\/\/www.elintransigente.com\/politica\/2018\/4\/18\/la-duda-medica-no-admite-denuncia-487219.html<\/p>\n","protected":false},"excerpt":{"rendered":"<p>CABLE &#8211;\u00a0En los autos\u00a0\u00abF. F. J. c\/ Centro de Educaci\u00f3n M\u00e9dica e Investigaciones Cl\u00ednicas y otros s\/ da\u00f1os y perjuicios \u2013 responsabilidad m\u00e9dica\u00bb, la\u00a0C\u00e1mara Nacional de Apelaciones en lo Civil\u00a0rechaz\u00f3 una demanda por mala praxis debido a que la patolog\u00eda deriv\u00f3 en una\u00a0discusi\u00f3n cient\u00edfica en la que los profesionales no llegaron a un acuerdo. Seg\u00fan [&hellip;]<\/p>\n","protected":false},"author":1,"featured_media":8748,"comment_status":"open","ping_status":"closed","sticky":false,"template":"","format":"standard","meta":{"footnotes":""},"categories":[1],"tags":[],"class_list":{"0":"post-8747","1":"post","2":"type-post","3":"status-publish","4":"format-standard","5":"has-post-thumbnail","7":"category-portada"},"yoast_head":"<!-- This site is optimized with the Yoast SEO plugin v27.4 - https:\/\/yoast.com\/product\/yoast-seo-wordpress\/ -->\n<title>La duda m\u00e9dica no admite denuncia - El Diario de Tucuman<\/title>\n<meta name=\"robots\" content=\"index, follow, max-snippet:-1, max-image-preview:large, max-video-preview:-1\" \/>\n<link rel=\"canonical\" href=\"https:\/\/www.eldiariodetucuman.com\/web\/la-duda-medica-no-admite-denuncia\/\" \/>\n<meta property=\"og:locale\" content=\"es_ES\" \/>\n<meta property=\"og:type\" content=\"article\" \/>\n<meta property=\"og:title\" content=\"La duda m\u00e9dica no admite denuncia - El Diario de Tucuman\" \/>\n<meta property=\"og:description\" content=\"CABLE &#8211;\u00a0En los autos\u00a0\u00abF. F. J. c\/ Centro de Educaci\u00f3n M\u00e9dica e Investigaciones Cl\u00ednicas y otros s\/ da\u00f1os y perjuicios \u2013 responsabilidad m\u00e9dica\u00bb, la\u00a0C\u00e1mara Nacional de Apelaciones en lo Civil\u00a0rechaz\u00f3 una demanda por mala praxis debido a que la patolog\u00eda deriv\u00f3 en una\u00a0discusi\u00f3n cient\u00edfica en la que los profesionales no llegaron a un acuerdo. Seg\u00fan [&hellip;]\" \/>\n<meta property=\"og:url\" content=\"https:\/\/www.eldiariodetucuman.com\/web\/la-duda-medica-no-admite-denuncia\/\" \/>\n<meta property=\"og:site_name\" content=\"El Diario de Tucuman\" \/>\n<meta property=\"article:published_time\" content=\"2018-04-18T15:37:00+00:00\" \/>\n<meta property=\"article:modified_time\" content=\"2018-04-18T15:37:02+00:00\" \/>\n<meta property=\"og:image\" content=\"https:\/\/www.eldiariodetucuman.com\/web\/wp-content\/uploads\/2018\/04\/cac5f93d9432e8a5f49c524ec64ab5d8.jpeg\" \/>\n\t<meta property=\"og:image:width\" content=\"960\" \/>\n\t<meta property=\"og:image:height\" content=\"720\" \/>\n\t<meta property=\"og:image:type\" content=\"image\/jpeg\" \/>\n<meta name=\"author\" content=\"admin\" \/>\n<meta name=\"twitter:card\" content=\"summary_large_image\" \/>\n<meta name=\"twitter:label1\" content=\"Escrito por\" \/>\n\t<meta name=\"twitter:data1\" content=\"admin\" \/>\n\t<meta name=\"twitter:label2\" content=\"Tiempo de lectura\" \/>\n\t<meta name=\"twitter:data2\" content=\"2 minutos\" \/>\n<script type=\"application\/ld+json\" class=\"yoast-schema-graph\">{\"@context\":\"https:\\\/\\\/schema.org\",\"@graph\":[{\"@type\":\"Article\",\"@id\":\"https:\\\/\\\/www.eldiariodetucuman.com\\\/web\\\/la-duda-medica-no-admite-denuncia\\\/#article\",\"isPartOf\":{\"@id\":\"https:\\\/\\\/www.eldiariodetucuman.com\\\/web\\\/la-duda-medica-no-admite-denuncia\\\/\"},\"author\":{\"name\":\"admin\",\"@id\":\"https:\\\/\\\/www.eldiariodetucuman.com\\\/web\\\/#\\\/schema\\\/person\\\/9250197d75ab5483412e19678b121caa\"},\"headline\":\"La duda m\u00e9dica no admite denuncia\",\"datePublished\":\"2018-04-18T15:37:00+00:00\",\"dateModified\":\"2018-04-18T15:37:02+00:00\",\"mainEntityOfPage\":{\"@id\":\"https:\\\/\\\/www.eldiariodetucuman.com\\\/web\\\/la-duda-medica-no-admite-denuncia\\\/\"},\"wordCount\":332,\"commentCount\":0,\"publisher\":{\"@id\":\"https:\\\/\\\/www.eldiariodetucuman.com\\\/web\\\/#organization\"},\"image\":{\"@id\":\"https:\\\/\\\/www.eldiariodetucuman.com\\\/web\\\/la-duda-medica-no-admite-denuncia\\\/#primaryimage\"},\"thumbnailUrl\":\"https:\\\/\\\/www.eldiariodetucuman.com\\\/web\\\/wp-content\\\/uploads\\\/2018\\\/04\\\/cac5f93d9432e8a5f49c524ec64ab5d8.jpeg\",\"articleSection\":[\"Portada\"],\"inLanguage\":\"es\",\"potentialAction\":[{\"@type\":\"CommentAction\",\"name\":\"Comment\",\"target\":[\"https:\\\/\\\/www.eldiariodetucuman.com\\\/web\\\/la-duda-medica-no-admite-denuncia\\\/#respond\"]}]},{\"@type\":\"WebPage\",\"@id\":\"https:\\\/\\\/www.eldiariodetucuman.com\\\/web\\\/la-duda-medica-no-admite-denuncia\\\/\",\"url\":\"https:\\\/\\\/www.eldiariodetucuman.com\\\/web\\\/la-duda-medica-no-admite-denuncia\\\/\",\"name\":\"La duda m\u00e9dica no admite denuncia - El Diario de Tucuman\",\"isPartOf\":{\"@id\":\"https:\\\/\\\/www.eldiariodetucuman.com\\\/web\\\/#website\"},\"primaryImageOfPage\":{\"@id\":\"https:\\\/\\\/www.eldiariodetucuman.com\\\/web\\\/la-duda-medica-no-admite-denuncia\\\/#primaryimage\"},\"image\":{\"@id\":\"https:\\\/\\\/www.eldiariodetucuman.com\\\/web\\\/la-duda-medica-no-admite-denuncia\\\/#primaryimage\"},\"thumbnailUrl\":\"https:\\\/\\\/www.eldiariodetucuman.com\\\/web\\\/wp-content\\\/uploads\\\/2018\\\/04\\\/cac5f93d9432e8a5f49c524ec64ab5d8.jpeg\",\"datePublished\":\"2018-04-18T15:37:00+00:00\",\"dateModified\":\"2018-04-18T15:37:02+00:00\",\"breadcrumb\":{\"@id\":\"https:\\\/\\\/www.eldiariodetucuman.com\\\/web\\\/la-duda-medica-no-admite-denuncia\\\/#breadcrumb\"},\"inLanguage\":\"es\",\"potentialAction\":[{\"@type\":\"ReadAction\",\"target\":[\"https:\\\/\\\/www.eldiariodetucuman.com\\\/web\\\/la-duda-medica-no-admite-denuncia\\\/\"]}]},{\"@type\":\"ImageObject\",\"inLanguage\":\"es\",\"@id\":\"https:\\\/\\\/www.eldiariodetucuman.com\\\/web\\\/la-duda-medica-no-admite-denuncia\\\/#primaryimage\",\"url\":\"https:\\\/\\\/www.eldiariodetucuman.com\\\/web\\\/wp-content\\\/uploads\\\/2018\\\/04\\\/cac5f93d9432e8a5f49c524ec64ab5d8.jpeg\",\"contentUrl\":\"https:\\\/\\\/www.eldiariodetucuman.com\\\/web\\\/wp-content\\\/uploads\\\/2018\\\/04\\\/cac5f93d9432e8a5f49c524ec64ab5d8.jpeg\",\"width\":960,\"height\":720},{\"@type\":\"BreadcrumbList\",\"@id\":\"https:\\\/\\\/www.eldiariodetucuman.com\\\/web\\\/la-duda-medica-no-admite-denuncia\\\/#breadcrumb\",\"itemListElement\":[{\"@type\":\"ListItem\",\"position\":1,\"name\":\"Portada\",\"item\":\"https:\\\/\\\/www.eldiariodetucuman.com\\\/web\\\/\"},{\"@type\":\"ListItem\",\"position\":2,\"name\":\"La duda m\u00e9dica no admite denuncia\"}]},{\"@type\":\"WebSite\",\"@id\":\"https:\\\/\\\/www.eldiariodetucuman.com\\\/web\\\/#website\",\"url\":\"https:\\\/\\\/www.eldiariodetucuman.com\\\/web\\\/\",\"name\":\"El Diario de Tucuman\",\"description\":\"Diario Tucuman - Informaci\u00f3n y noticias\",\"publisher\":{\"@id\":\"https:\\\/\\\/www.eldiariodetucuman.com\\\/web\\\/#organization\"},\"potentialAction\":[{\"@type\":\"SearchAction\",\"target\":{\"@type\":\"EntryPoint\",\"urlTemplate\":\"https:\\\/\\\/www.eldiariodetucuman.com\\\/web\\\/?s={search_term_string}\"},\"query-input\":{\"@type\":\"PropertyValueSpecification\",\"valueRequired\":true,\"valueName\":\"search_term_string\"}}],\"inLanguage\":\"es\"},{\"@type\":\"Organization\",\"@id\":\"https:\\\/\\\/www.eldiariodetucuman.com\\\/web\\\/#organization\",\"name\":\"El Diario de Tucuman\",\"url\":\"https:\\\/\\\/www.eldiariodetucuman.com\\\/web\\\/\",\"logo\":{\"@type\":\"ImageObject\",\"inLanguage\":\"es\",\"@id\":\"https:\\\/\\\/www.eldiariodetucuman.com\\\/web\\\/#\\\/schema\\\/logo\\\/image\\\/\",\"url\":\"http:\\\/\\\/www.eldiariodetucuman.com\\\/web\\\/wp-content\\\/uploads\\\/2017\\\/12\\\/el-diario-de-tucuman.jpg\",\"contentUrl\":\"http:\\\/\\\/www.eldiariodetucuman.com\\\/web\\\/wp-content\\\/uploads\\\/2017\\\/12\\\/el-diario-de-tucuman.jpg\",\"width\":272,\"height\":92,\"caption\":\"El Diario de Tucuman\"},\"image\":{\"@id\":\"https:\\\/\\\/www.eldiariodetucuman.com\\\/web\\\/#\\\/schema\\\/logo\\\/image\\\/\"}},{\"@type\":\"Person\",\"@id\":\"https:\\\/\\\/www.eldiariodetucuman.com\\\/web\\\/#\\\/schema\\\/person\\\/9250197d75ab5483412e19678b121caa\",\"name\":\"admin\",\"image\":{\"@type\":\"ImageObject\",\"inLanguage\":\"es\",\"@id\":\"https:\\\/\\\/secure.gravatar.com\\\/avatar\\\/c44d117c2be811212c22cb481f6b8384b6873de103fbc49e7a03cc58d7dea4ac?s=96&d=mm&r=g\",\"url\":\"https:\\\/\\\/secure.gravatar.com\\\/avatar\\\/c44d117c2be811212c22cb481f6b8384b6873de103fbc49e7a03cc58d7dea4ac?s=96&d=mm&r=g\",\"contentUrl\":\"https:\\\/\\\/secure.gravatar.com\\\/avatar\\\/c44d117c2be811212c22cb481f6b8384b6873de103fbc49e7a03cc58d7dea4ac?s=96&d=mm&r=g\",\"caption\":\"admin\"},\"url\":\"https:\\\/\\\/www.eldiariodetucuman.com\\\/web\\\/author\\\/admin\\\/\"}]}<\/script>\n<!-- \/ Yoast SEO plugin. -->","yoast_head_json":{"title":"La duda m\u00e9dica no admite denuncia - El Diario de Tucuman","robots":{"index":"index","follow":"follow","max-snippet":"max-snippet:-1","max-image-preview":"max-image-preview:large","max-video-preview":"max-video-preview:-1"},"canonical":"https:\/\/www.eldiariodetucuman.com\/web\/la-duda-medica-no-admite-denuncia\/","og_locale":"es_ES","og_type":"article","og_title":"La duda m\u00e9dica no admite denuncia - El Diario de Tucuman","og_description":"CABLE &#8211;\u00a0En los autos\u00a0\u00abF. F. J. c\/ Centro de Educaci\u00f3n M\u00e9dica e Investigaciones Cl\u00ednicas y otros s\/ da\u00f1os y perjuicios \u2013 responsabilidad m\u00e9dica\u00bb, la\u00a0C\u00e1mara Nacional de Apelaciones en lo Civil\u00a0rechaz\u00f3 una demanda por mala praxis debido a que la patolog\u00eda deriv\u00f3 en una\u00a0discusi\u00f3n cient\u00edfica en la que los profesionales no llegaron a un acuerdo. Seg\u00fan [&hellip;]","og_url":"https:\/\/www.eldiariodetucuman.com\/web\/la-duda-medica-no-admite-denuncia\/","og_site_name":"El Diario de Tucuman","article_published_time":"2018-04-18T15:37:00+00:00","article_modified_time":"2018-04-18T15:37:02+00:00","og_image":[{"width":960,"height":720,"url":"https:\/\/www.eldiariodetucuman.com\/web\/wp-content\/uploads\/2018\/04\/cac5f93d9432e8a5f49c524ec64ab5d8.jpeg","type":"image\/jpeg"}],"author":"admin","twitter_card":"summary_large_image","twitter_misc":{"Escrito por":"admin","Tiempo de lectura":"2 minutos"},"schema":{"@context":"https:\/\/schema.org","@graph":[{"@type":"Article","@id":"https:\/\/www.eldiariodetucuman.com\/web\/la-duda-medica-no-admite-denuncia\/#article","isPartOf":{"@id":"https:\/\/www.eldiariodetucuman.com\/web\/la-duda-medica-no-admite-denuncia\/"},"author":{"name":"admin","@id":"https:\/\/www.eldiariodetucuman.com\/web\/#\/schema\/person\/9250197d75ab5483412e19678b121caa"},"headline":"La duda m\u00e9dica no admite denuncia","datePublished":"2018-04-18T15:37:00+00:00","dateModified":"2018-04-18T15:37:02+00:00","mainEntityOfPage":{"@id":"https:\/\/www.eldiariodetucuman.com\/web\/la-duda-medica-no-admite-denuncia\/"},"wordCount":332,"commentCount":0,"publisher":{"@id":"https:\/\/www.eldiariodetucuman.com\/web\/#organization"},"image":{"@id":"https:\/\/www.eldiariodetucuman.com\/web\/la-duda-medica-no-admite-denuncia\/#primaryimage"},"thumbnailUrl":"https:\/\/www.eldiariodetucuman.com\/web\/wp-content\/uploads\/2018\/04\/cac5f93d9432e8a5f49c524ec64ab5d8.jpeg","articleSection":["Portada"],"inLanguage":"es","potentialAction":[{"@type":"CommentAction","name":"Comment","target":["https:\/\/www.eldiariodetucuman.com\/web\/la-duda-medica-no-admite-denuncia\/#respond"]}]},{"@type":"WebPage","@id":"https:\/\/www.eldiariodetucuman.com\/web\/la-duda-medica-no-admite-denuncia\/","url":"https:\/\/www.eldiariodetucuman.com\/web\/la-duda-medica-no-admite-denuncia\/","name":"La duda m\u00e9dica no admite denuncia - El Diario de Tucuman","isPartOf":{"@id":"https:\/\/www.eldiariodetucuman.com\/web\/#website"},"primaryImageOfPage":{"@id":"https:\/\/www.eldiariodetucuman.com\/web\/la-duda-medica-no-admite-denuncia\/#primaryimage"},"image":{"@id":"https:\/\/www.eldiariodetucuman.com\/web\/la-duda-medica-no-admite-denuncia\/#primaryimage"},"thumbnailUrl":"https:\/\/www.eldiariodetucuman.com\/web\/wp-content\/uploads\/2018\/04\/cac5f93d9432e8a5f49c524ec64ab5d8.jpeg","datePublished":"2018-04-18T15:37:00+00:00","dateModified":"2018-04-18T15:37:02+00:00","breadcrumb":{"@id":"https:\/\/www.eldiariodetucuman.com\/web\/la-duda-medica-no-admite-denuncia\/#breadcrumb"},"inLanguage":"es","potentialAction":[{"@type":"ReadAction","target":["https:\/\/www.eldiariodetucuman.com\/web\/la-duda-medica-no-admite-denuncia\/"]}]},{"@type":"ImageObject","inLanguage":"es","@id":"https:\/\/www.eldiariodetucuman.com\/web\/la-duda-medica-no-admite-denuncia\/#primaryimage","url":"https:\/\/www.eldiariodetucuman.com\/web\/wp-content\/uploads\/2018\/04\/cac5f93d9432e8a5f49c524ec64ab5d8.jpeg","contentUrl":"https:\/\/www.eldiariodetucuman.com\/web\/wp-content\/uploads\/2018\/04\/cac5f93d9432e8a5f49c524ec64ab5d8.jpeg","width":960,"height":720},{"@type":"BreadcrumbList","@id":"https:\/\/www.eldiariodetucuman.com\/web\/la-duda-medica-no-admite-denuncia\/#breadcrumb","itemListElement":[{"@type":"ListItem","position":1,"name":"Portada","item":"https:\/\/www.eldiariodetucuman.com\/web\/"},{"@type":"ListItem","position":2,"name":"La duda m\u00e9dica no admite denuncia"}]},{"@type":"WebSite","@id":"https:\/\/www.eldiariodetucuman.com\/web\/#website","url":"https:\/\/www.eldiariodetucuman.com\/web\/","name":"El Diario de Tucuman","description":"Diario Tucuman - Informaci\u00f3n y noticias","publisher":{"@id":"https:\/\/www.eldiariodetucuman.com\/web\/#organization"},"potentialAction":[{"@type":"SearchAction","target":{"@type":"EntryPoint","urlTemplate":"https:\/\/www.eldiariodetucuman.com\/web\/?s={search_term_string}"},"query-input":{"@type":"PropertyValueSpecification","valueRequired":true,"valueName":"search_term_string"}}],"inLanguage":"es"},{"@type":"Organization","@id":"https:\/\/www.eldiariodetucuman.com\/web\/#organization","name":"El Diario de Tucuman","url":"https:\/\/www.eldiariodetucuman.com\/web\/","logo":{"@type":"ImageObject","inLanguage":"es","@id":"https:\/\/www.eldiariodetucuman.com\/web\/#\/schema\/logo\/image\/","url":"http:\/\/www.eldiariodetucuman.com\/web\/wp-content\/uploads\/2017\/12\/el-diario-de-tucuman.jpg","contentUrl":"http:\/\/www.eldiariodetucuman.com\/web\/wp-content\/uploads\/2017\/12\/el-diario-de-tucuman.jpg","width":272,"height":92,"caption":"El Diario de Tucuman"},"image":{"@id":"https:\/\/www.eldiariodetucuman.com\/web\/#\/schema\/logo\/image\/"}},{"@type":"Person","@id":"https:\/\/www.eldiariodetucuman.com\/web\/#\/schema\/person\/9250197d75ab5483412e19678b121caa","name":"admin","image":{"@type":"ImageObject","inLanguage":"es","@id":"https:\/\/secure.gravatar.com\/avatar\/c44d117c2be811212c22cb481f6b8384b6873de103fbc49e7a03cc58d7dea4ac?s=96&d=mm&r=g","url":"https:\/\/secure.gravatar.com\/avatar\/c44d117c2be811212c22cb481f6b8384b6873de103fbc49e7a03cc58d7dea4ac?s=96&d=mm&r=g","contentUrl":"https:\/\/secure.gravatar.com\/avatar\/c44d117c2be811212c22cb481f6b8384b6873de103fbc49e7a03cc58d7dea4ac?s=96&d=mm&r=g","caption":"admin"},"url":"https:\/\/www.eldiariodetucuman.com\/web\/author\/admin\/"}]}},"_links":{"self":[{"href":"https:\/\/www.eldiariodetucuman.com\/web\/wp-json\/wp\/v2\/posts\/8747","targetHints":{"allow":["GET"]}}],"collection":[{"href":"https:\/\/www.eldiariodetucuman.com\/web\/wp-json\/wp\/v2\/posts"}],"about":[{"href":"https:\/\/www.eldiariodetucuman.com\/web\/wp-json\/wp\/v2\/types\/post"}],"author":[{"embeddable":true,"href":"https:\/\/www.eldiariodetucuman.com\/web\/wp-json\/wp\/v2\/users\/1"}],"replies":[{"embeddable":true,"href":"https:\/\/www.eldiariodetucuman.com\/web\/wp-json\/wp\/v2\/comments?post=8747"}],"version-history":[{"count":1,"href":"https:\/\/www.eldiariodetucuman.com\/web\/wp-json\/wp\/v2\/posts\/8747\/revisions"}],"predecessor-version":[{"id":8749,"href":"https:\/\/www.eldiariodetucuman.com\/web\/wp-json\/wp\/v2\/posts\/8747\/revisions\/8749"}],"wp:featuredmedia":[{"embeddable":true,"href":"https:\/\/www.eldiariodetucuman.com\/web\/wp-json\/wp\/v2\/media\/8748"}],"wp:attachment":[{"href":"https:\/\/www.eldiariodetucuman.com\/web\/wp-json\/wp\/v2\/media?parent=8747"}],"wp:term":[{"taxonomy":"category","embeddable":true,"href":"https:\/\/www.eldiariodetucuman.com\/web\/wp-json\/wp\/v2\/categories?post=8747"},{"taxonomy":"post_tag","embeddable":true,"href":"https:\/\/www.eldiariodetucuman.com\/web\/wp-json\/wp\/v2\/tags?post=8747"}],"curies":[{"name":"wp","href":"https:\/\/api.w.org\/{rel}","templated":true}]}}