{"id":8738,"date":"2018-04-18T12:08:02","date_gmt":"2018-04-18T15:08:02","guid":{"rendered":"http:\/\/www.eldiariodetucuman.com\/web\/el-pe-finalizo-la-negociacion-salarial-con-todos-los-gremios-estatales\/"},"modified":"2018-04-18T12:08:02","modified_gmt":"2018-04-18T15:08:02","slug":"el-pe-finalizo-la-negociacion-salarial-con-todos-los-gremios-estatales","status":"publish","type":"post","link":"https:\/\/www.eldiariodetucuman.com\/web\/el-pe-finalizo-la-negociacion-salarial-con-todos-los-gremios-estatales\/","title":{"rendered":"El PE finaliz\u00f3 la negociaci\u00f3n salarial con todos los gremios estatales"},"content":{"rendered":"<div>\n<div readability=\"92.045578025958\">\n<p>Luego de sesenta d\u00edas\u00a0de arduas negociaciones, el gobierno provincial cerr\u00f3 con \u00e9xito una serie de acuerdos salariales con todo el arco gremial que representan a los empleados p\u00fablicos.<\/p>\n<p>El fin del ciclo de debates salariales se coron\u00f3 con un entendimiento al que arrib\u00f3 el Poder Ejecutivo y los gremios\u00a0 del Instituto de Previsi\u00f3n y Seguridad Social (IPPSST), integrado por\u00a0 Atepyss,\u00a0 Uni\u00f3n del Personal Civil de la Naci\u00f3n (UPCN), Asociaci\u00f3n de Trabajadores del Estado (ATE) y SEIPySS. Bajo la misma modalidad, el acuerdo para mejoras en el sueldo de los trabajadores ser\u00e1\u00a0del 17% para ser abonado en dos partes. Adem\u00e1s habr\u00e1 una suma fija de $1000 y otros items para beneficio laborales de los trabajadores.<\/p>\n<p><iframe loading=\"lazy\" width=\"650\" height=\"315\" src=\"http:\/\/www.youtube.com\/embed\/Z7En04EB70s\"><\/iframe><\/p>\n<p>\u00a0<\/p>\n<p>\u00a0<\/p>\n<p>El acto fue encabezado por el gobernador <strong>Juan Manzur<\/strong> acompa\u00f1ado por el ministro de Gobierno y Justicia, <strong>Regino Amado<\/strong>, la secretaria de Gobierno, <strong>Carolina Vargas Aignasse<\/strong>, y el interventor de la instituci\u00f3n<strong> Fernando Avellaneda\u00a0<\/strong> firmaron el acta salarial.<\/p>\n<p><a href=\"http:\/\/comunicaciontucuman.gob.ar\/wp-content\/uploads\/2018\/04\/Manzur_Firmo_Paritarias-2.jpg\"><img loading=\"lazy\" decoding=\"async\" class=\"alignnone size-medium wp-image-160402\" src=\"http:\/\/comunicaciontucuman.gob.ar\/wp-content\/uploads\/2018\/04\/Manzur_Firmo_Paritarias-2-300x166.jpg\" alt=\"Manzur_Firmo_Paritarias (2)\" width=\"300\" height=\"166\"><\/a> <a href=\"http:\/\/comunicaciontucuman.gob.ar\/wp-content\/uploads\/2018\/04\/Manzur_Firmo_Paritarias-4.jpg\"><img loading=\"lazy\" decoding=\"async\" class=\"alignnone size-medium wp-image-160403\" src=\"http:\/\/comunicaciontucuman.gob.ar\/wp-content\/uploads\/2018\/04\/Manzur_Firmo_Paritarias-4-300x166.jpg\" alt=\"Manzur_Firmo_Paritarias (4)\" width=\"300\" height=\"166\"><\/a><\/p>\n<p>\u201cMejoramos varios \u00edtems pero rescato la voluntad de las partes en buscar la mejor forma para un aumento salarial\u201d, remarc\u00f3 el gremialista <strong>Andr\u00e9s Jaime<\/strong>, representante de un gremio que nuclea a trabajadores del Instituto de Previsi\u00f3n y Seguridad.<\/p>\n<p>En ese sentido dijo que los contratados pasar\u00e1n a planta permanente, se continuar\u00e1 con el reencasillamiento y \u201csobre todo no se deja a ning\u00fan trabajador afuera del sistema\u201d, asegur\u00f3 el sindicalista.<\/p>\n<p>Por otra parte dijo que la \u201cclausula gatillo\u201d acordada en el acta acuerdo \u201cnos deja tranquilidad\u201d y reconoci\u00f3 el gest\u00f3 del gobernador Manzur y el gobierno en este sentido.<\/p>\n<p><strong>EL CAMINO NEGOCIADOR<\/strong><br \/>Docentes: Entre el 28 de febrero y el 1 de marzo<br \/>Estatales: 21 de marzo<br \/>Salud: 5 y 9 de abril<br \/>Vialidad: 9 de abril<br \/>Subsidio de Salud: 17 de abril<br \/>Polic\u00eda: 17 de abril<\/p>\n<p>\u201cEsta escalada inflacionaria que el gobierno nacional no la puede parar, la provincia decidi\u00f3 reveerla en septiembre a trav\u00e9s de una cla\u00fasula\u201d, remarc\u00f3 <strong>Marcelo S\u00e1nchez<\/strong>, quien firm\u00f3 el acuerdo en representaci\u00f3n de los trabajadores del Subsidio enrolados en ATE.<\/p>\n<p>\u201cNaci\u00f3n est\u00e1 despidiendo gente y Tucum\u00e1n es una isla peronista gozando de una estabilidad y tranquilidad laboral\u201d, resumi\u00f3.<\/p>\n<blockquote class=\"mom_quote \"><p>\u201cHemos logrado la restituci\u00f3n del art\u00edculo 4, inciso D de la ley 3951, donde reconoce al trabajador una remuneraci\u00f3n econ\u00f3mica la hora extra trabajada despu\u00e9s de haber cumplido el horario habitual\u201d, subray\u00f3 otro gremialista.<\/p><\/blockquote>\n<p>En tanto que <strong>Claudia Molina (UPCN)<\/strong>\u00a0se mostr\u00f3 conforme por la ampliaci\u00f3n de la licencia anual ordinaria que pas\u00f3 a 35 d\u00edas y la modificaci\u00f3n en el porcentaje por el pago de t\u00edtulo.<\/p>\n<p><a href=\"http:\/\/comunicaciontucuman.gob.ar\/wp-content\/uploads\/2018\/04\/Manzur_Paritarias_UPCN-5.jpg\"><img loading=\"lazy\" decoding=\"async\" class=\"alignnone size-medium wp-image-160412\" src=\"http:\/\/comunicaciontucuman.gob.ar\/wp-content\/uploads\/2018\/04\/Manzur_Paritarias_UPCN-5-300x166.jpg\" alt=\"Manzur_Paritarias_UPCN (5)\" width=\"300\" height=\"166\"><\/a> <a href=\"http:\/\/comunicaciontucuman.gob.ar\/wp-content\/uploads\/2018\/04\/Manzur_Paritarias_subsidio-4.jpg\"><img loading=\"lazy\" decoding=\"async\" class=\"alignnone size-medium wp-image-160415\" src=\"http:\/\/comunicaciontucuman.gob.ar\/wp-content\/uploads\/2018\/04\/Manzur_Paritarias_subsidio-4-300x166.jpg\" alt=\"Manzur_Paritarias_subsidio (4)\" width=\"300\" height=\"166\"><\/a><\/p>\n<p>El aumento se har\u00e1 efectivo en dos partes: 8% con el sueldo de marzo (retroactivo en planilla adicional) 9% con el sueldo de septiembre. Adem\u00e1s, establece el pago de la cl\u00e1usula gatillo en el caso que las cifras de la inflaci\u00f3n difundidas por\u00a0 el Instituto Nacional de Estad\u00edstica y Censos (INDEC) sean superiores a lo establecido.<\/p>\n<p>El aumento del 17% tambi\u00e9n se ver\u00e1 reflejado en la Asignaci\u00f3n Familiar y Ayuda Escolar. Adem\u00e1s habr\u00e1 una suma no remunerativa de $1000 que se abonar\u00e1 en dos partes (una retroactiva al mes de marzo y la otra en septiembre) y un incremento en el adicional por refrigerio.<\/p>\n<p><strong><span>GALERIA DE FOTOS<\/span><\/strong><\/p>\n<p><a href=\"http:\/\/comunicaciontucuman.gob.ar\/wp-content\/uploads\/2018\/04\/Manzur_Paritarias_UPCN-1.jpg\"><img loading=\"lazy\" decoding=\"async\" class=\"alignnone size-medium wp-image-160408\" src=\"http:\/\/comunicaciontucuman.gob.ar\/wp-content\/uploads\/2018\/04\/Manzur_Paritarias_UPCN-1-300x166.jpg\" alt=\"Manzur_Paritarias_UPCN (1)\" width=\"300\" height=\"166\"><\/a> <a href=\"http:\/\/comunicaciontucuman.gob.ar\/wp-content\/uploads\/2018\/04\/Manzur_Paritarias_UPCN-2.jpg\"><img loading=\"lazy\" decoding=\"async\" class=\"alignnone size-medium wp-image-160409\" src=\"http:\/\/comunicaciontucuman.gob.ar\/wp-content\/uploads\/2018\/04\/Manzur_Paritarias_UPCN-2-300x166.jpg\" alt=\"Manzur_Paritarias_UPCN (2)\" width=\"300\" height=\"166\"><\/a> <a href=\"http:\/\/comunicaciontucuman.gob.ar\/wp-content\/uploads\/2018\/04\/Manzur_Paritarias_UPCN-3.jpg\"><img loading=\"lazy\" decoding=\"async\" class=\"alignnone size-medium wp-image-160410\" src=\"http:\/\/comunicaciontucuman.gob.ar\/wp-content\/uploads\/2018\/04\/Manzur_Paritarias_UPCN-3-300x166.jpg\" alt=\"Manzur_Paritarias_UPCN (3)\" width=\"300\" height=\"166\"><\/a> <a href=\"http:\/\/comunicaciontucuman.gob.ar\/wp-content\/uploads\/2018\/04\/Manzur_Paritarias_subsidio-2.jpg\"><img loading=\"lazy\" decoding=\"async\" class=\"alignnone size-medium wp-image-160418\" src=\"http:\/\/comunicaciontucuman.gob.ar\/wp-content\/uploads\/2018\/04\/Manzur_Paritarias_subsidio-2-300x166.jpg\" alt=\"Manzur_Paritarias_subsidio (2)\" width=\"300\" height=\"166\"><\/a><\/p>\n<p>\u00a0<\/p>\n<\/div>\n<\/div>\n<p>Fuente: http:\/\/comunicaciontucuman.gob.ar\/2018\/04\/el-pe-finalizo-la-negociacion-salarial-con-todos-los-gremios-estatales\/<\/p>\n","protected":false},"excerpt":{"rendered":"<p>Luego de sesenta d\u00edas\u00a0de arduas negociaciones, el gobierno provincial cerr\u00f3 con \u00e9xito una serie de acuerdos salariales con todo el arco gremial que representan a los empleados p\u00fablicos. El fin del ciclo de debates salariales se coron\u00f3 con un entendimiento al que arrib\u00f3 el Poder Ejecutivo y los gremios\u00a0 del Instituto de Previsi\u00f3n y Seguridad [&hellip;]<\/p>\n","protected":false},"author":1,"featured_media":8739,"comment_status":"open","ping_status":"closed","sticky":false,"template":"","format":"standard","meta":{"footnotes":""},"categories":[3],"tags":[],"class_list":{"0":"post-8738","1":"post","2":"type-post","3":"status-publish","4":"format-standard","5":"has-post-thumbnail","7":"category-politica"},"yoast_head":"<!-- This site is optimized with the Yoast SEO plugin v27.4 - https:\/\/yoast.com\/product\/yoast-seo-wordpress\/ -->\n<title>El PE finaliz\u00f3 la negociaci\u00f3n salarial con todos los gremios estatales - El Diario de Tucuman<\/title>\n<meta name=\"robots\" content=\"index, follow, max-snippet:-1, max-image-preview:large, max-video-preview:-1\" \/>\n<link rel=\"canonical\" href=\"https:\/\/www.eldiariodetucuman.com\/web\/el-pe-finalizo-la-negociacion-salarial-con-todos-los-gremios-estatales\/\" \/>\n<meta property=\"og:locale\" content=\"es_ES\" \/>\n<meta property=\"og:type\" content=\"article\" \/>\n<meta property=\"og:title\" content=\"El PE finaliz\u00f3 la negociaci\u00f3n salarial con todos los gremios estatales - El Diario de Tucuman\" \/>\n<meta property=\"og:description\" content=\"Luego de sesenta d\u00edas\u00a0de arduas negociaciones, el gobierno provincial cerr\u00f3 con \u00e9xito una serie de acuerdos salariales con todo el arco gremial que representan a los empleados p\u00fablicos. El fin del ciclo de debates salariales se coron\u00f3 con un entendimiento al que arrib\u00f3 el Poder Ejecutivo y los gremios\u00a0 del Instituto de Previsi\u00f3n y Seguridad [&hellip;]\" \/>\n<meta property=\"og:url\" content=\"https:\/\/www.eldiariodetucuman.com\/web\/el-pe-finalizo-la-negociacion-salarial-con-todos-los-gremios-estatales\/\" \/>\n<meta property=\"og:site_name\" content=\"El Diario de Tucuman\" \/>\n<meta property=\"article:published_time\" content=\"2018-04-18T15:08:02+00:00\" \/>\n<meta property=\"og:image\" content=\"https:\/\/www.eldiariodetucuman.com\/web\/wp-content\/uploads\/2018\/04\/e67cc0d2887ba6ffa8c4eef41c84ad43.jpeg\" \/>\n\t<meta property=\"og:image:width\" content=\"300\" \/>\n\t<meta property=\"og:image:height\" content=\"166\" \/>\n\t<meta property=\"og:image:type\" content=\"image\/jpeg\" \/>\n<meta name=\"author\" content=\"admin\" \/>\n<meta name=\"twitter:card\" content=\"summary_large_image\" \/>\n<meta name=\"twitter:label1\" content=\"Escrito por\" \/>\n\t<meta name=\"twitter:data1\" content=\"admin\" \/>\n\t<meta name=\"twitter:label2\" content=\"Tiempo de lectura\" \/>\n\t<meta name=\"twitter:data2\" content=\"3 minutos\" \/>\n<script type=\"application\/ld+json\" class=\"yoast-schema-graph\">{\"@context\":\"https:\\\/\\\/schema.org\",\"@graph\":[{\"@type\":\"Article\",\"@id\":\"https:\\\/\\\/www.eldiariodetucuman.com\\\/web\\\/el-pe-finalizo-la-negociacion-salarial-con-todos-los-gremios-estatales\\\/#article\",\"isPartOf\":{\"@id\":\"https:\\\/\\\/www.eldiariodetucuman.com\\\/web\\\/el-pe-finalizo-la-negociacion-salarial-con-todos-los-gremios-estatales\\\/\"},\"author\":{\"name\":\"admin\",\"@id\":\"https:\\\/\\\/www.eldiariodetucuman.com\\\/web\\\/#\\\/schema\\\/person\\\/9250197d75ab5483412e19678b121caa\"},\"headline\":\"El PE finaliz\u00f3 la negociaci\u00f3n salarial con todos los gremios estatales\",\"datePublished\":\"2018-04-18T15:08:02+00:00\",\"mainEntityOfPage\":{\"@id\":\"https:\\\/\\\/www.eldiariodetucuman.com\\\/web\\\/el-pe-finalizo-la-negociacion-salarial-con-todos-los-gremios-estatales\\\/\"},\"wordCount\":553,\"commentCount\":0,\"publisher\":{\"@id\":\"https:\\\/\\\/www.eldiariodetucuman.com\\\/web\\\/#organization\"},\"image\":{\"@id\":\"https:\\\/\\\/www.eldiariodetucuman.com\\\/web\\\/el-pe-finalizo-la-negociacion-salarial-con-todos-los-gremios-estatales\\\/#primaryimage\"},\"thumbnailUrl\":\"https:\\\/\\\/www.eldiariodetucuman.com\\\/web\\\/wp-content\\\/uploads\\\/2018\\\/04\\\/e67cc0d2887ba6ffa8c4eef41c84ad43.jpeg\",\"articleSection\":[\"Politica\"],\"inLanguage\":\"es\",\"potentialAction\":[{\"@type\":\"CommentAction\",\"name\":\"Comment\",\"target\":[\"https:\\\/\\\/www.eldiariodetucuman.com\\\/web\\\/el-pe-finalizo-la-negociacion-salarial-con-todos-los-gremios-estatales\\\/#respond\"]}]},{\"@type\":\"WebPage\",\"@id\":\"https:\\\/\\\/www.eldiariodetucuman.com\\\/web\\\/el-pe-finalizo-la-negociacion-salarial-con-todos-los-gremios-estatales\\\/\",\"url\":\"https:\\\/\\\/www.eldiariodetucuman.com\\\/web\\\/el-pe-finalizo-la-negociacion-salarial-con-todos-los-gremios-estatales\\\/\",\"name\":\"El PE finaliz\u00f3 la negociaci\u00f3n salarial con todos los gremios estatales - El Diario de Tucuman\",\"isPartOf\":{\"@id\":\"https:\\\/\\\/www.eldiariodetucuman.com\\\/web\\\/#website\"},\"primaryImageOfPage\":{\"@id\":\"https:\\\/\\\/www.eldiariodetucuman.com\\\/web\\\/el-pe-finalizo-la-negociacion-salarial-con-todos-los-gremios-estatales\\\/#primaryimage\"},\"image\":{\"@id\":\"https:\\\/\\\/www.eldiariodetucuman.com\\\/web\\\/el-pe-finalizo-la-negociacion-salarial-con-todos-los-gremios-estatales\\\/#primaryimage\"},\"thumbnailUrl\":\"https:\\\/\\\/www.eldiariodetucuman.com\\\/web\\\/wp-content\\\/uploads\\\/2018\\\/04\\\/e67cc0d2887ba6ffa8c4eef41c84ad43.jpeg\",\"datePublished\":\"2018-04-18T15:08:02+00:00\",\"breadcrumb\":{\"@id\":\"https:\\\/\\\/www.eldiariodetucuman.com\\\/web\\\/el-pe-finalizo-la-negociacion-salarial-con-todos-los-gremios-estatales\\\/#breadcrumb\"},\"inLanguage\":\"es\",\"potentialAction\":[{\"@type\":\"ReadAction\",\"target\":[\"https:\\\/\\\/www.eldiariodetucuman.com\\\/web\\\/el-pe-finalizo-la-negociacion-salarial-con-todos-los-gremios-estatales\\\/\"]}]},{\"@type\":\"ImageObject\",\"inLanguage\":\"es\",\"@id\":\"https:\\\/\\\/www.eldiariodetucuman.com\\\/web\\\/el-pe-finalizo-la-negociacion-salarial-con-todos-los-gremios-estatales\\\/#primaryimage\",\"url\":\"https:\\\/\\\/www.eldiariodetucuman.com\\\/web\\\/wp-content\\\/uploads\\\/2018\\\/04\\\/e67cc0d2887ba6ffa8c4eef41c84ad43.jpeg\",\"contentUrl\":\"https:\\\/\\\/www.eldiariodetucuman.com\\\/web\\\/wp-content\\\/uploads\\\/2018\\\/04\\\/e67cc0d2887ba6ffa8c4eef41c84ad43.jpeg\",\"width\":300,\"height\":166},{\"@type\":\"BreadcrumbList\",\"@id\":\"https:\\\/\\\/www.eldiariodetucuman.com\\\/web\\\/el-pe-finalizo-la-negociacion-salarial-con-todos-los-gremios-estatales\\\/#breadcrumb\",\"itemListElement\":[{\"@type\":\"ListItem\",\"position\":1,\"name\":\"Portada\",\"item\":\"https:\\\/\\\/www.eldiariodetucuman.com\\\/web\\\/\"},{\"@type\":\"ListItem\",\"position\":2,\"name\":\"El PE finaliz\u00f3 la negociaci\u00f3n salarial con todos los gremios estatales\"}]},{\"@type\":\"WebSite\",\"@id\":\"https:\\\/\\\/www.eldiariodetucuman.com\\\/web\\\/#website\",\"url\":\"https:\\\/\\\/www.eldiariodetucuman.com\\\/web\\\/\",\"name\":\"El Diario de Tucuman\",\"description\":\"Diario Tucuman - Informaci\u00f3n y noticias\",\"publisher\":{\"@id\":\"https:\\\/\\\/www.eldiariodetucuman.com\\\/web\\\/#organization\"},\"potentialAction\":[{\"@type\":\"SearchAction\",\"target\":{\"@type\":\"EntryPoint\",\"urlTemplate\":\"https:\\\/\\\/www.eldiariodetucuman.com\\\/web\\\/?s={search_term_string}\"},\"query-input\":{\"@type\":\"PropertyValueSpecification\",\"valueRequired\":true,\"valueName\":\"search_term_string\"}}],\"inLanguage\":\"es\"},{\"@type\":\"Organization\",\"@id\":\"https:\\\/\\\/www.eldiariodetucuman.com\\\/web\\\/#organization\",\"name\":\"El Diario de Tucuman\",\"url\":\"https:\\\/\\\/www.eldiariodetucuman.com\\\/web\\\/\",\"logo\":{\"@type\":\"ImageObject\",\"inLanguage\":\"es\",\"@id\":\"https:\\\/\\\/www.eldiariodetucuman.com\\\/web\\\/#\\\/schema\\\/logo\\\/image\\\/\",\"url\":\"http:\\\/\\\/www.eldiariodetucuman.com\\\/web\\\/wp-content\\\/uploads\\\/2017\\\/12\\\/el-diario-de-tucuman.jpg\",\"contentUrl\":\"http:\\\/\\\/www.eldiariodetucuman.com\\\/web\\\/wp-content\\\/uploads\\\/2017\\\/12\\\/el-diario-de-tucuman.jpg\",\"width\":272,\"height\":92,\"caption\":\"El Diario de Tucuman\"},\"image\":{\"@id\":\"https:\\\/\\\/www.eldiariodetucuman.com\\\/web\\\/#\\\/schema\\\/logo\\\/image\\\/\"}},{\"@type\":\"Person\",\"@id\":\"https:\\\/\\\/www.eldiariodetucuman.com\\\/web\\\/#\\\/schema\\\/person\\\/9250197d75ab5483412e19678b121caa\",\"name\":\"admin\",\"image\":{\"@type\":\"ImageObject\",\"inLanguage\":\"es\",\"@id\":\"https:\\\/\\\/secure.gravatar.com\\\/avatar\\\/c44d117c2be811212c22cb481f6b8384b6873de103fbc49e7a03cc58d7dea4ac?s=96&d=mm&r=g\",\"url\":\"https:\\\/\\\/secure.gravatar.com\\\/avatar\\\/c44d117c2be811212c22cb481f6b8384b6873de103fbc49e7a03cc58d7dea4ac?s=96&d=mm&r=g\",\"contentUrl\":\"https:\\\/\\\/secure.gravatar.com\\\/avatar\\\/c44d117c2be811212c22cb481f6b8384b6873de103fbc49e7a03cc58d7dea4ac?s=96&d=mm&r=g\",\"caption\":\"admin\"},\"url\":\"https:\\\/\\\/www.eldiariodetucuman.com\\\/web\\\/author\\\/admin\\\/\"}]}<\/script>\n<!-- \/ Yoast SEO plugin. -->","yoast_head_json":{"title":"El PE finaliz\u00f3 la negociaci\u00f3n salarial con todos los gremios estatales - El Diario de Tucuman","robots":{"index":"index","follow":"follow","max-snippet":"max-snippet:-1","max-image-preview":"max-image-preview:large","max-video-preview":"max-video-preview:-1"},"canonical":"https:\/\/www.eldiariodetucuman.com\/web\/el-pe-finalizo-la-negociacion-salarial-con-todos-los-gremios-estatales\/","og_locale":"es_ES","og_type":"article","og_title":"El PE finaliz\u00f3 la negociaci\u00f3n salarial con todos los gremios estatales - El Diario de Tucuman","og_description":"Luego de sesenta d\u00edas\u00a0de arduas negociaciones, el gobierno provincial cerr\u00f3 con \u00e9xito una serie de acuerdos salariales con todo el arco gremial que representan a los empleados p\u00fablicos. El fin del ciclo de debates salariales se coron\u00f3 con un entendimiento al que arrib\u00f3 el Poder Ejecutivo y los gremios\u00a0 del Instituto de Previsi\u00f3n y Seguridad [&hellip;]","og_url":"https:\/\/www.eldiariodetucuman.com\/web\/el-pe-finalizo-la-negociacion-salarial-con-todos-los-gremios-estatales\/","og_site_name":"El Diario de Tucuman","article_published_time":"2018-04-18T15:08:02+00:00","og_image":[{"width":300,"height":166,"url":"https:\/\/www.eldiariodetucuman.com\/web\/wp-content\/uploads\/2018\/04\/e67cc0d2887ba6ffa8c4eef41c84ad43.jpeg","type":"image\/jpeg"}],"author":"admin","twitter_card":"summary_large_image","twitter_misc":{"Escrito por":"admin","Tiempo de lectura":"3 minutos"},"schema":{"@context":"https:\/\/schema.org","@graph":[{"@type":"Article","@id":"https:\/\/www.eldiariodetucuman.com\/web\/el-pe-finalizo-la-negociacion-salarial-con-todos-los-gremios-estatales\/#article","isPartOf":{"@id":"https:\/\/www.eldiariodetucuman.com\/web\/el-pe-finalizo-la-negociacion-salarial-con-todos-los-gremios-estatales\/"},"author":{"name":"admin","@id":"https:\/\/www.eldiariodetucuman.com\/web\/#\/schema\/person\/9250197d75ab5483412e19678b121caa"},"headline":"El PE finaliz\u00f3 la negociaci\u00f3n salarial con todos los gremios estatales","datePublished":"2018-04-18T15:08:02+00:00","mainEntityOfPage":{"@id":"https:\/\/www.eldiariodetucuman.com\/web\/el-pe-finalizo-la-negociacion-salarial-con-todos-los-gremios-estatales\/"},"wordCount":553,"commentCount":0,"publisher":{"@id":"https:\/\/www.eldiariodetucuman.com\/web\/#organization"},"image":{"@id":"https:\/\/www.eldiariodetucuman.com\/web\/el-pe-finalizo-la-negociacion-salarial-con-todos-los-gremios-estatales\/#primaryimage"},"thumbnailUrl":"https:\/\/www.eldiariodetucuman.com\/web\/wp-content\/uploads\/2018\/04\/e67cc0d2887ba6ffa8c4eef41c84ad43.jpeg","articleSection":["Politica"],"inLanguage":"es","potentialAction":[{"@type":"CommentAction","name":"Comment","target":["https:\/\/www.eldiariodetucuman.com\/web\/el-pe-finalizo-la-negociacion-salarial-con-todos-los-gremios-estatales\/#respond"]}]},{"@type":"WebPage","@id":"https:\/\/www.eldiariodetucuman.com\/web\/el-pe-finalizo-la-negociacion-salarial-con-todos-los-gremios-estatales\/","url":"https:\/\/www.eldiariodetucuman.com\/web\/el-pe-finalizo-la-negociacion-salarial-con-todos-los-gremios-estatales\/","name":"El PE finaliz\u00f3 la negociaci\u00f3n salarial con todos los gremios estatales - El Diario de Tucuman","isPartOf":{"@id":"https:\/\/www.eldiariodetucuman.com\/web\/#website"},"primaryImageOfPage":{"@id":"https:\/\/www.eldiariodetucuman.com\/web\/el-pe-finalizo-la-negociacion-salarial-con-todos-los-gremios-estatales\/#primaryimage"},"image":{"@id":"https:\/\/www.eldiariodetucuman.com\/web\/el-pe-finalizo-la-negociacion-salarial-con-todos-los-gremios-estatales\/#primaryimage"},"thumbnailUrl":"https:\/\/www.eldiariodetucuman.com\/web\/wp-content\/uploads\/2018\/04\/e67cc0d2887ba6ffa8c4eef41c84ad43.jpeg","datePublished":"2018-04-18T15:08:02+00:00","breadcrumb":{"@id":"https:\/\/www.eldiariodetucuman.com\/web\/el-pe-finalizo-la-negociacion-salarial-con-todos-los-gremios-estatales\/#breadcrumb"},"inLanguage":"es","potentialAction":[{"@type":"ReadAction","target":["https:\/\/www.eldiariodetucuman.com\/web\/el-pe-finalizo-la-negociacion-salarial-con-todos-los-gremios-estatales\/"]}]},{"@type":"ImageObject","inLanguage":"es","@id":"https:\/\/www.eldiariodetucuman.com\/web\/el-pe-finalizo-la-negociacion-salarial-con-todos-los-gremios-estatales\/#primaryimage","url":"https:\/\/www.eldiariodetucuman.com\/web\/wp-content\/uploads\/2018\/04\/e67cc0d2887ba6ffa8c4eef41c84ad43.jpeg","contentUrl":"https:\/\/www.eldiariodetucuman.com\/web\/wp-content\/uploads\/2018\/04\/e67cc0d2887ba6ffa8c4eef41c84ad43.jpeg","width":300,"height":166},{"@type":"BreadcrumbList","@id":"https:\/\/www.eldiariodetucuman.com\/web\/el-pe-finalizo-la-negociacion-salarial-con-todos-los-gremios-estatales\/#breadcrumb","itemListElement":[{"@type":"ListItem","position":1,"name":"Portada","item":"https:\/\/www.eldiariodetucuman.com\/web\/"},{"@type":"ListItem","position":2,"name":"El PE finaliz\u00f3 la negociaci\u00f3n salarial con todos los gremios estatales"}]},{"@type":"WebSite","@id":"https:\/\/www.eldiariodetucuman.com\/web\/#website","url":"https:\/\/www.eldiariodetucuman.com\/web\/","name":"El Diario de Tucuman","description":"Diario Tucuman - Informaci\u00f3n y noticias","publisher":{"@id":"https:\/\/www.eldiariodetucuman.com\/web\/#organization"},"potentialAction":[{"@type":"SearchAction","target":{"@type":"EntryPoint","urlTemplate":"https:\/\/www.eldiariodetucuman.com\/web\/?s={search_term_string}"},"query-input":{"@type":"PropertyValueSpecification","valueRequired":true,"valueName":"search_term_string"}}],"inLanguage":"es"},{"@type":"Organization","@id":"https:\/\/www.eldiariodetucuman.com\/web\/#organization","name":"El Diario de Tucuman","url":"https:\/\/www.eldiariodetucuman.com\/web\/","logo":{"@type":"ImageObject","inLanguage":"es","@id":"https:\/\/www.eldiariodetucuman.com\/web\/#\/schema\/logo\/image\/","url":"http:\/\/www.eldiariodetucuman.com\/web\/wp-content\/uploads\/2017\/12\/el-diario-de-tucuman.jpg","contentUrl":"http:\/\/www.eldiariodetucuman.com\/web\/wp-content\/uploads\/2017\/12\/el-diario-de-tucuman.jpg","width":272,"height":92,"caption":"El Diario de Tucuman"},"image":{"@id":"https:\/\/www.eldiariodetucuman.com\/web\/#\/schema\/logo\/image\/"}},{"@type":"Person","@id":"https:\/\/www.eldiariodetucuman.com\/web\/#\/schema\/person\/9250197d75ab5483412e19678b121caa","name":"admin","image":{"@type":"ImageObject","inLanguage":"es","@id":"https:\/\/secure.gravatar.com\/avatar\/c44d117c2be811212c22cb481f6b8384b6873de103fbc49e7a03cc58d7dea4ac?s=96&d=mm&r=g","url":"https:\/\/secure.gravatar.com\/avatar\/c44d117c2be811212c22cb481f6b8384b6873de103fbc49e7a03cc58d7dea4ac?s=96&d=mm&r=g","contentUrl":"https:\/\/secure.gravatar.com\/avatar\/c44d117c2be811212c22cb481f6b8384b6873de103fbc49e7a03cc58d7dea4ac?s=96&d=mm&r=g","caption":"admin"},"url":"https:\/\/www.eldiariodetucuman.com\/web\/author\/admin\/"}]}},"_links":{"self":[{"href":"https:\/\/www.eldiariodetucuman.com\/web\/wp-json\/wp\/v2\/posts\/8738","targetHints":{"allow":["GET"]}}],"collection":[{"href":"https:\/\/www.eldiariodetucuman.com\/web\/wp-json\/wp\/v2\/posts"}],"about":[{"href":"https:\/\/www.eldiariodetucuman.com\/web\/wp-json\/wp\/v2\/types\/post"}],"author":[{"embeddable":true,"href":"https:\/\/www.eldiariodetucuman.com\/web\/wp-json\/wp\/v2\/users\/1"}],"replies":[{"embeddable":true,"href":"https:\/\/www.eldiariodetucuman.com\/web\/wp-json\/wp\/v2\/comments?post=8738"}],"version-history":[{"count":1,"href":"https:\/\/www.eldiariodetucuman.com\/web\/wp-json\/wp\/v2\/posts\/8738\/revisions"}],"predecessor-version":[{"id":8740,"href":"https:\/\/www.eldiariodetucuman.com\/web\/wp-json\/wp\/v2\/posts\/8738\/revisions\/8740"}],"wp:featuredmedia":[{"embeddable":true,"href":"https:\/\/www.eldiariodetucuman.com\/web\/wp-json\/wp\/v2\/media\/8739"}],"wp:attachment":[{"href":"https:\/\/www.eldiariodetucuman.com\/web\/wp-json\/wp\/v2\/media?parent=8738"}],"wp:term":[{"taxonomy":"category","embeddable":true,"href":"https:\/\/www.eldiariodetucuman.com\/web\/wp-json\/wp\/v2\/categories?post=8738"},{"taxonomy":"post_tag","embeddable":true,"href":"https:\/\/www.eldiariodetucuman.com\/web\/wp-json\/wp\/v2\/tags?post=8738"}],"curies":[{"name":"wp","href":"https:\/\/api.w.org\/{rel}","templated":true}]}}