{"id":8735,"date":"2018-04-18T12:07:53","date_gmt":"2018-04-18T15:07:53","guid":{"rendered":"http:\/\/www.eldiariodetucuman.com\/web\/manzur-y-macri-anunciaran-el-inicio-de-las-exportaciones-de-limon-a-eeuu\/"},"modified":"2018-04-18T12:07:54","modified_gmt":"2018-04-18T15:07:54","slug":"manzur-y-macri-anunciaran-el-inicio-de-las-exportaciones-de-limon-a-eeuu","status":"publish","type":"post","link":"https:\/\/www.eldiariodetucuman.com\/web\/manzur-y-macri-anunciaran-el-inicio-de-las-exportaciones-de-limon-a-eeuu\/","title":{"rendered":"Manzur y Macri anunciar\u00e1n el inicio de las exportaciones de lim\u00f3n a EEUU"},"content":{"rendered":"<div>\n<div readability=\"55\">\n<p>El gobernador, <strong>Juan Manzur<\/strong>, recibir\u00e1 hoy a las 12 al presidente <strong>Mauricio Macri<\/strong>, en el Aeropuerto Internacional Benjam\u00edn Matienzo. El Primer Mandatario Nacional llegar\u00e1 a la provincia para anunciar el env\u00edo oficial del primer cargamento de lim\u00f3n tucumano a Estados Unidos.<\/p>\n<p>El anuncio de la comercializaci\u00f3n del citrus al mercado del pa\u00eds del norte, que se concreta despu\u00e9s de 17 a\u00f1os de estar vedado su ingreso, se realizar\u00e1 alrededor de las 14.30, desde la sede de la empresa Argenti Lemon, en ruta 302 Km 8, en Cevil Pozo del departamento Cruz Alta.<\/p>\n<p>Est\u00e1 previsto que antes del acto, despu\u00e9s de las 13, Macri recorra la planta y participe de la Mesa Citr\u00edcola, en la que el Estado Provincial y productores de lim\u00f3n plantear\u00e1n una agenda de temas que comprende el control del HLB, la disposici\u00f3n de $90 millones que se presupuestaron para barreras fitosanitarias; y la restituci\u00f3n del decreto 814 de 2001 en favor de las regiones mas alejadas del puerto.<\/p>\n<blockquote class=\"mom_quote \"><p>La empresa citr\u00edcola Argenti Lemon, propiedad de <strong>Alvaro Carlos Bulacio<\/strong>, tiene una producci\u00f3n anual de fruta fresca de 40 mil toneladas. La planta de empaque de lim\u00f3n, de 17.000 metros cuadrados cubiertos emplazada en un solar de 12 hect\u00e1reas, est\u00e1 equipada con modernas maquinarias que permiten adecuar la producci\u00f3n a la exigencia de cada cliente.<\/p><\/blockquote>\n<p>\u00a0<\/p>\n<p>\u00a0<\/p>\n<\/div>\n<\/div>\n<p>Fuente: http:\/\/comunicaciontucuman.gob.ar\/2018\/04\/manzur-y-macri-anunciaran-el-inicio-de-las-exportaciones-de-limon-a-eeuu\/<\/p>\n","protected":false},"excerpt":{"rendered":"<p>El gobernador, Juan Manzur, recibir\u00e1 hoy a las 12 al presidente Mauricio Macri, en el Aeropuerto Internacional Benjam\u00edn Matienzo. El Primer Mandatario Nacional llegar\u00e1 a la provincia para anunciar el env\u00edo oficial del primer cargamento de lim\u00f3n tucumano a Estados Unidos. El anuncio de la comercializaci\u00f3n del citrus al mercado del pa\u00eds del norte, que [&hellip;]<\/p>\n","protected":false},"author":1,"featured_media":8736,"comment_status":"open","ping_status":"closed","sticky":false,"template":"","format":"standard","meta":{"footnotes":""},"categories":[3],"tags":[],"class_list":{"0":"post-8735","1":"post","2":"type-post","3":"status-publish","4":"format-standard","5":"has-post-thumbnail","7":"category-politica"},"yoast_head":"<!-- This site is optimized with the Yoast SEO plugin v27.4 - https:\/\/yoast.com\/product\/yoast-seo-wordpress\/ -->\n<title>Manzur y Macri anunciar\u00e1n el inicio de las exportaciones de lim\u00f3n a EEUU - El Diario de Tucuman<\/title>\n<meta name=\"robots\" content=\"index, follow, max-snippet:-1, max-image-preview:large, max-video-preview:-1\" \/>\n<link rel=\"canonical\" href=\"https:\/\/www.eldiariodetucuman.com\/web\/manzur-y-macri-anunciaran-el-inicio-de-las-exportaciones-de-limon-a-eeuu\/\" \/>\n<meta property=\"og:locale\" content=\"es_ES\" \/>\n<meta property=\"og:type\" content=\"article\" \/>\n<meta property=\"og:title\" content=\"Manzur y Macri anunciar\u00e1n el inicio de las exportaciones de lim\u00f3n a EEUU - El Diario de Tucuman\" \/>\n<meta property=\"og:description\" content=\"El gobernador, Juan Manzur, recibir\u00e1 hoy a las 12 al presidente Mauricio Macri, en el Aeropuerto Internacional Benjam\u00edn Matienzo. El Primer Mandatario Nacional llegar\u00e1 a la provincia para anunciar el env\u00edo oficial del primer cargamento de lim\u00f3n tucumano a Estados Unidos. El anuncio de la comercializaci\u00f3n del citrus al mercado del pa\u00eds del norte, que [&hellip;]\" \/>\n<meta property=\"og:url\" content=\"https:\/\/www.eldiariodetucuman.com\/web\/manzur-y-macri-anunciaran-el-inicio-de-las-exportaciones-de-limon-a-eeuu\/\" \/>\n<meta property=\"og:site_name\" content=\"El Diario de Tucuman\" \/>\n<meta property=\"article:published_time\" content=\"2018-04-18T15:07:53+00:00\" \/>\n<meta property=\"article:modified_time\" content=\"2018-04-18T15:07:54+00:00\" \/>\n<meta property=\"og:image\" content=\"https:\/\/www.eldiariodetucuman.com\/web\/wp-content\/uploads\/2018\/04\/60d1c5e4b773c91dd3e7cf5c4046c8c3.jpeg\" \/>\n\t<meta property=\"og:image:width\" content=\"300\" \/>\n\t<meta property=\"og:image:height\" content=\"166\" \/>\n\t<meta property=\"og:image:type\" content=\"image\/jpeg\" \/>\n<meta name=\"author\" content=\"admin\" \/>\n<meta name=\"twitter:card\" content=\"summary_large_image\" \/>\n<meta name=\"twitter:label1\" content=\"Escrito por\" \/>\n\t<meta name=\"twitter:data1\" content=\"admin\" \/>\n\t<meta name=\"twitter:label2\" content=\"Tiempo de lectura\" \/>\n\t<meta name=\"twitter:data2\" content=\"1 minuto\" \/>\n<script type=\"application\/ld+json\" class=\"yoast-schema-graph\">{\"@context\":\"https:\\\/\\\/schema.org\",\"@graph\":[{\"@type\":\"Article\",\"@id\":\"https:\\\/\\\/www.eldiariodetucuman.com\\\/web\\\/manzur-y-macri-anunciaran-el-inicio-de-las-exportaciones-de-limon-a-eeuu\\\/#article\",\"isPartOf\":{\"@id\":\"https:\\\/\\\/www.eldiariodetucuman.com\\\/web\\\/manzur-y-macri-anunciaran-el-inicio-de-las-exportaciones-de-limon-a-eeuu\\\/\"},\"author\":{\"name\":\"admin\",\"@id\":\"https:\\\/\\\/www.eldiariodetucuman.com\\\/web\\\/#\\\/schema\\\/person\\\/9250197d75ab5483412e19678b121caa\"},\"headline\":\"Manzur y Macri anunciar\u00e1n el inicio de las exportaciones de lim\u00f3n a EEUU\",\"datePublished\":\"2018-04-18T15:07:53+00:00\",\"dateModified\":\"2018-04-18T15:07:54+00:00\",\"mainEntityOfPage\":{\"@id\":\"https:\\\/\\\/www.eldiariodetucuman.com\\\/web\\\/manzur-y-macri-anunciaran-el-inicio-de-las-exportaciones-de-limon-a-eeuu\\\/\"},\"wordCount\":243,\"commentCount\":0,\"publisher\":{\"@id\":\"https:\\\/\\\/www.eldiariodetucuman.com\\\/web\\\/#organization\"},\"image\":{\"@id\":\"https:\\\/\\\/www.eldiariodetucuman.com\\\/web\\\/manzur-y-macri-anunciaran-el-inicio-de-las-exportaciones-de-limon-a-eeuu\\\/#primaryimage\"},\"thumbnailUrl\":\"https:\\\/\\\/www.eldiariodetucuman.com\\\/web\\\/wp-content\\\/uploads\\\/2018\\\/04\\\/60d1c5e4b773c91dd3e7cf5c4046c8c3.jpeg\",\"articleSection\":[\"Politica\"],\"inLanguage\":\"es\",\"potentialAction\":[{\"@type\":\"CommentAction\",\"name\":\"Comment\",\"target\":[\"https:\\\/\\\/www.eldiariodetucuman.com\\\/web\\\/manzur-y-macri-anunciaran-el-inicio-de-las-exportaciones-de-limon-a-eeuu\\\/#respond\"]}]},{\"@type\":\"WebPage\",\"@id\":\"https:\\\/\\\/www.eldiariodetucuman.com\\\/web\\\/manzur-y-macri-anunciaran-el-inicio-de-las-exportaciones-de-limon-a-eeuu\\\/\",\"url\":\"https:\\\/\\\/www.eldiariodetucuman.com\\\/web\\\/manzur-y-macri-anunciaran-el-inicio-de-las-exportaciones-de-limon-a-eeuu\\\/\",\"name\":\"Manzur y Macri anunciar\u00e1n el inicio de las exportaciones de lim\u00f3n a EEUU - El Diario de Tucuman\",\"isPartOf\":{\"@id\":\"https:\\\/\\\/www.eldiariodetucuman.com\\\/web\\\/#website\"},\"primaryImageOfPage\":{\"@id\":\"https:\\\/\\\/www.eldiariodetucuman.com\\\/web\\\/manzur-y-macri-anunciaran-el-inicio-de-las-exportaciones-de-limon-a-eeuu\\\/#primaryimage\"},\"image\":{\"@id\":\"https:\\\/\\\/www.eldiariodetucuman.com\\\/web\\\/manzur-y-macri-anunciaran-el-inicio-de-las-exportaciones-de-limon-a-eeuu\\\/#primaryimage\"},\"thumbnailUrl\":\"https:\\\/\\\/www.eldiariodetucuman.com\\\/web\\\/wp-content\\\/uploads\\\/2018\\\/04\\\/60d1c5e4b773c91dd3e7cf5c4046c8c3.jpeg\",\"datePublished\":\"2018-04-18T15:07:53+00:00\",\"dateModified\":\"2018-04-18T15:07:54+00:00\",\"breadcrumb\":{\"@id\":\"https:\\\/\\\/www.eldiariodetucuman.com\\\/web\\\/manzur-y-macri-anunciaran-el-inicio-de-las-exportaciones-de-limon-a-eeuu\\\/#breadcrumb\"},\"inLanguage\":\"es\",\"potentialAction\":[{\"@type\":\"ReadAction\",\"target\":[\"https:\\\/\\\/www.eldiariodetucuman.com\\\/web\\\/manzur-y-macri-anunciaran-el-inicio-de-las-exportaciones-de-limon-a-eeuu\\\/\"]}]},{\"@type\":\"ImageObject\",\"inLanguage\":\"es\",\"@id\":\"https:\\\/\\\/www.eldiariodetucuman.com\\\/web\\\/manzur-y-macri-anunciaran-el-inicio-de-las-exportaciones-de-limon-a-eeuu\\\/#primaryimage\",\"url\":\"https:\\\/\\\/www.eldiariodetucuman.com\\\/web\\\/wp-content\\\/uploads\\\/2018\\\/04\\\/60d1c5e4b773c91dd3e7cf5c4046c8c3.jpeg\",\"contentUrl\":\"https:\\\/\\\/www.eldiariodetucuman.com\\\/web\\\/wp-content\\\/uploads\\\/2018\\\/04\\\/60d1c5e4b773c91dd3e7cf5c4046c8c3.jpeg\",\"width\":300,\"height\":166},{\"@type\":\"BreadcrumbList\",\"@id\":\"https:\\\/\\\/www.eldiariodetucuman.com\\\/web\\\/manzur-y-macri-anunciaran-el-inicio-de-las-exportaciones-de-limon-a-eeuu\\\/#breadcrumb\",\"itemListElement\":[{\"@type\":\"ListItem\",\"position\":1,\"name\":\"Portada\",\"item\":\"https:\\\/\\\/www.eldiariodetucuman.com\\\/web\\\/\"},{\"@type\":\"ListItem\",\"position\":2,\"name\":\"Manzur y Macri anunciar\u00e1n el inicio de las exportaciones de lim\u00f3n a EEUU\"}]},{\"@type\":\"WebSite\",\"@id\":\"https:\\\/\\\/www.eldiariodetucuman.com\\\/web\\\/#website\",\"url\":\"https:\\\/\\\/www.eldiariodetucuman.com\\\/web\\\/\",\"name\":\"El Diario de Tucuman\",\"description\":\"Diario Tucuman - Informaci\u00f3n y noticias\",\"publisher\":{\"@id\":\"https:\\\/\\\/www.eldiariodetucuman.com\\\/web\\\/#organization\"},\"potentialAction\":[{\"@type\":\"SearchAction\",\"target\":{\"@type\":\"EntryPoint\",\"urlTemplate\":\"https:\\\/\\\/www.eldiariodetucuman.com\\\/web\\\/?s={search_term_string}\"},\"query-input\":{\"@type\":\"PropertyValueSpecification\",\"valueRequired\":true,\"valueName\":\"search_term_string\"}}],\"inLanguage\":\"es\"},{\"@type\":\"Organization\",\"@id\":\"https:\\\/\\\/www.eldiariodetucuman.com\\\/web\\\/#organization\",\"name\":\"El Diario de Tucuman\",\"url\":\"https:\\\/\\\/www.eldiariodetucuman.com\\\/web\\\/\",\"logo\":{\"@type\":\"ImageObject\",\"inLanguage\":\"es\",\"@id\":\"https:\\\/\\\/www.eldiariodetucuman.com\\\/web\\\/#\\\/schema\\\/logo\\\/image\\\/\",\"url\":\"http:\\\/\\\/www.eldiariodetucuman.com\\\/web\\\/wp-content\\\/uploads\\\/2017\\\/12\\\/el-diario-de-tucuman.jpg\",\"contentUrl\":\"http:\\\/\\\/www.eldiariodetucuman.com\\\/web\\\/wp-content\\\/uploads\\\/2017\\\/12\\\/el-diario-de-tucuman.jpg\",\"width\":272,\"height\":92,\"caption\":\"El Diario de Tucuman\"},\"image\":{\"@id\":\"https:\\\/\\\/www.eldiariodetucuman.com\\\/web\\\/#\\\/schema\\\/logo\\\/image\\\/\"}},{\"@type\":\"Person\",\"@id\":\"https:\\\/\\\/www.eldiariodetucuman.com\\\/web\\\/#\\\/schema\\\/person\\\/9250197d75ab5483412e19678b121caa\",\"name\":\"admin\",\"image\":{\"@type\":\"ImageObject\",\"inLanguage\":\"es\",\"@id\":\"https:\\\/\\\/secure.gravatar.com\\\/avatar\\\/c44d117c2be811212c22cb481f6b8384b6873de103fbc49e7a03cc58d7dea4ac?s=96&d=mm&r=g\",\"url\":\"https:\\\/\\\/secure.gravatar.com\\\/avatar\\\/c44d117c2be811212c22cb481f6b8384b6873de103fbc49e7a03cc58d7dea4ac?s=96&d=mm&r=g\",\"contentUrl\":\"https:\\\/\\\/secure.gravatar.com\\\/avatar\\\/c44d117c2be811212c22cb481f6b8384b6873de103fbc49e7a03cc58d7dea4ac?s=96&d=mm&r=g\",\"caption\":\"admin\"},\"url\":\"https:\\\/\\\/www.eldiariodetucuman.com\\\/web\\\/author\\\/admin\\\/\"}]}<\/script>\n<!-- \/ Yoast SEO plugin. -->","yoast_head_json":{"title":"Manzur y Macri anunciar\u00e1n el inicio de las exportaciones de lim\u00f3n a EEUU - El Diario de Tucuman","robots":{"index":"index","follow":"follow","max-snippet":"max-snippet:-1","max-image-preview":"max-image-preview:large","max-video-preview":"max-video-preview:-1"},"canonical":"https:\/\/www.eldiariodetucuman.com\/web\/manzur-y-macri-anunciaran-el-inicio-de-las-exportaciones-de-limon-a-eeuu\/","og_locale":"es_ES","og_type":"article","og_title":"Manzur y Macri anunciar\u00e1n el inicio de las exportaciones de lim\u00f3n a EEUU - El Diario de Tucuman","og_description":"El gobernador, Juan Manzur, recibir\u00e1 hoy a las 12 al presidente Mauricio Macri, en el Aeropuerto Internacional Benjam\u00edn Matienzo. El Primer Mandatario Nacional llegar\u00e1 a la provincia para anunciar el env\u00edo oficial del primer cargamento de lim\u00f3n tucumano a Estados Unidos. El anuncio de la comercializaci\u00f3n del citrus al mercado del pa\u00eds del norte, que [&hellip;]","og_url":"https:\/\/www.eldiariodetucuman.com\/web\/manzur-y-macri-anunciaran-el-inicio-de-las-exportaciones-de-limon-a-eeuu\/","og_site_name":"El Diario de Tucuman","article_published_time":"2018-04-18T15:07:53+00:00","article_modified_time":"2018-04-18T15:07:54+00:00","og_image":[{"width":300,"height":166,"url":"https:\/\/www.eldiariodetucuman.com\/web\/wp-content\/uploads\/2018\/04\/60d1c5e4b773c91dd3e7cf5c4046c8c3.jpeg","type":"image\/jpeg"}],"author":"admin","twitter_card":"summary_large_image","twitter_misc":{"Escrito por":"admin","Tiempo de lectura":"1 minuto"},"schema":{"@context":"https:\/\/schema.org","@graph":[{"@type":"Article","@id":"https:\/\/www.eldiariodetucuman.com\/web\/manzur-y-macri-anunciaran-el-inicio-de-las-exportaciones-de-limon-a-eeuu\/#article","isPartOf":{"@id":"https:\/\/www.eldiariodetucuman.com\/web\/manzur-y-macri-anunciaran-el-inicio-de-las-exportaciones-de-limon-a-eeuu\/"},"author":{"name":"admin","@id":"https:\/\/www.eldiariodetucuman.com\/web\/#\/schema\/person\/9250197d75ab5483412e19678b121caa"},"headline":"Manzur y Macri anunciar\u00e1n el inicio de las exportaciones de lim\u00f3n a EEUU","datePublished":"2018-04-18T15:07:53+00:00","dateModified":"2018-04-18T15:07:54+00:00","mainEntityOfPage":{"@id":"https:\/\/www.eldiariodetucuman.com\/web\/manzur-y-macri-anunciaran-el-inicio-de-las-exportaciones-de-limon-a-eeuu\/"},"wordCount":243,"commentCount":0,"publisher":{"@id":"https:\/\/www.eldiariodetucuman.com\/web\/#organization"},"image":{"@id":"https:\/\/www.eldiariodetucuman.com\/web\/manzur-y-macri-anunciaran-el-inicio-de-las-exportaciones-de-limon-a-eeuu\/#primaryimage"},"thumbnailUrl":"https:\/\/www.eldiariodetucuman.com\/web\/wp-content\/uploads\/2018\/04\/60d1c5e4b773c91dd3e7cf5c4046c8c3.jpeg","articleSection":["Politica"],"inLanguage":"es","potentialAction":[{"@type":"CommentAction","name":"Comment","target":["https:\/\/www.eldiariodetucuman.com\/web\/manzur-y-macri-anunciaran-el-inicio-de-las-exportaciones-de-limon-a-eeuu\/#respond"]}]},{"@type":"WebPage","@id":"https:\/\/www.eldiariodetucuman.com\/web\/manzur-y-macri-anunciaran-el-inicio-de-las-exportaciones-de-limon-a-eeuu\/","url":"https:\/\/www.eldiariodetucuman.com\/web\/manzur-y-macri-anunciaran-el-inicio-de-las-exportaciones-de-limon-a-eeuu\/","name":"Manzur y Macri anunciar\u00e1n el inicio de las exportaciones de lim\u00f3n a EEUU - El Diario de Tucuman","isPartOf":{"@id":"https:\/\/www.eldiariodetucuman.com\/web\/#website"},"primaryImageOfPage":{"@id":"https:\/\/www.eldiariodetucuman.com\/web\/manzur-y-macri-anunciaran-el-inicio-de-las-exportaciones-de-limon-a-eeuu\/#primaryimage"},"image":{"@id":"https:\/\/www.eldiariodetucuman.com\/web\/manzur-y-macri-anunciaran-el-inicio-de-las-exportaciones-de-limon-a-eeuu\/#primaryimage"},"thumbnailUrl":"https:\/\/www.eldiariodetucuman.com\/web\/wp-content\/uploads\/2018\/04\/60d1c5e4b773c91dd3e7cf5c4046c8c3.jpeg","datePublished":"2018-04-18T15:07:53+00:00","dateModified":"2018-04-18T15:07:54+00:00","breadcrumb":{"@id":"https:\/\/www.eldiariodetucuman.com\/web\/manzur-y-macri-anunciaran-el-inicio-de-las-exportaciones-de-limon-a-eeuu\/#breadcrumb"},"inLanguage":"es","potentialAction":[{"@type":"ReadAction","target":["https:\/\/www.eldiariodetucuman.com\/web\/manzur-y-macri-anunciaran-el-inicio-de-las-exportaciones-de-limon-a-eeuu\/"]}]},{"@type":"ImageObject","inLanguage":"es","@id":"https:\/\/www.eldiariodetucuman.com\/web\/manzur-y-macri-anunciaran-el-inicio-de-las-exportaciones-de-limon-a-eeuu\/#primaryimage","url":"https:\/\/www.eldiariodetucuman.com\/web\/wp-content\/uploads\/2018\/04\/60d1c5e4b773c91dd3e7cf5c4046c8c3.jpeg","contentUrl":"https:\/\/www.eldiariodetucuman.com\/web\/wp-content\/uploads\/2018\/04\/60d1c5e4b773c91dd3e7cf5c4046c8c3.jpeg","width":300,"height":166},{"@type":"BreadcrumbList","@id":"https:\/\/www.eldiariodetucuman.com\/web\/manzur-y-macri-anunciaran-el-inicio-de-las-exportaciones-de-limon-a-eeuu\/#breadcrumb","itemListElement":[{"@type":"ListItem","position":1,"name":"Portada","item":"https:\/\/www.eldiariodetucuman.com\/web\/"},{"@type":"ListItem","position":2,"name":"Manzur y Macri anunciar\u00e1n el inicio de las exportaciones de lim\u00f3n a EEUU"}]},{"@type":"WebSite","@id":"https:\/\/www.eldiariodetucuman.com\/web\/#website","url":"https:\/\/www.eldiariodetucuman.com\/web\/","name":"El Diario de Tucuman","description":"Diario Tucuman - Informaci\u00f3n y noticias","publisher":{"@id":"https:\/\/www.eldiariodetucuman.com\/web\/#organization"},"potentialAction":[{"@type":"SearchAction","target":{"@type":"EntryPoint","urlTemplate":"https:\/\/www.eldiariodetucuman.com\/web\/?s={search_term_string}"},"query-input":{"@type":"PropertyValueSpecification","valueRequired":true,"valueName":"search_term_string"}}],"inLanguage":"es"},{"@type":"Organization","@id":"https:\/\/www.eldiariodetucuman.com\/web\/#organization","name":"El Diario de Tucuman","url":"https:\/\/www.eldiariodetucuman.com\/web\/","logo":{"@type":"ImageObject","inLanguage":"es","@id":"https:\/\/www.eldiariodetucuman.com\/web\/#\/schema\/logo\/image\/","url":"http:\/\/www.eldiariodetucuman.com\/web\/wp-content\/uploads\/2017\/12\/el-diario-de-tucuman.jpg","contentUrl":"http:\/\/www.eldiariodetucuman.com\/web\/wp-content\/uploads\/2017\/12\/el-diario-de-tucuman.jpg","width":272,"height":92,"caption":"El Diario de Tucuman"},"image":{"@id":"https:\/\/www.eldiariodetucuman.com\/web\/#\/schema\/logo\/image\/"}},{"@type":"Person","@id":"https:\/\/www.eldiariodetucuman.com\/web\/#\/schema\/person\/9250197d75ab5483412e19678b121caa","name":"admin","image":{"@type":"ImageObject","inLanguage":"es","@id":"https:\/\/secure.gravatar.com\/avatar\/c44d117c2be811212c22cb481f6b8384b6873de103fbc49e7a03cc58d7dea4ac?s=96&d=mm&r=g","url":"https:\/\/secure.gravatar.com\/avatar\/c44d117c2be811212c22cb481f6b8384b6873de103fbc49e7a03cc58d7dea4ac?s=96&d=mm&r=g","contentUrl":"https:\/\/secure.gravatar.com\/avatar\/c44d117c2be811212c22cb481f6b8384b6873de103fbc49e7a03cc58d7dea4ac?s=96&d=mm&r=g","caption":"admin"},"url":"https:\/\/www.eldiariodetucuman.com\/web\/author\/admin\/"}]}},"_links":{"self":[{"href":"https:\/\/www.eldiariodetucuman.com\/web\/wp-json\/wp\/v2\/posts\/8735","targetHints":{"allow":["GET"]}}],"collection":[{"href":"https:\/\/www.eldiariodetucuman.com\/web\/wp-json\/wp\/v2\/posts"}],"about":[{"href":"https:\/\/www.eldiariodetucuman.com\/web\/wp-json\/wp\/v2\/types\/post"}],"author":[{"embeddable":true,"href":"https:\/\/www.eldiariodetucuman.com\/web\/wp-json\/wp\/v2\/users\/1"}],"replies":[{"embeddable":true,"href":"https:\/\/www.eldiariodetucuman.com\/web\/wp-json\/wp\/v2\/comments?post=8735"}],"version-history":[{"count":1,"href":"https:\/\/www.eldiariodetucuman.com\/web\/wp-json\/wp\/v2\/posts\/8735\/revisions"}],"predecessor-version":[{"id":8737,"href":"https:\/\/www.eldiariodetucuman.com\/web\/wp-json\/wp\/v2\/posts\/8735\/revisions\/8737"}],"wp:featuredmedia":[{"embeddable":true,"href":"https:\/\/www.eldiariodetucuman.com\/web\/wp-json\/wp\/v2\/media\/8736"}],"wp:attachment":[{"href":"https:\/\/www.eldiariodetucuman.com\/web\/wp-json\/wp\/v2\/media?parent=8735"}],"wp:term":[{"taxonomy":"category","embeddable":true,"href":"https:\/\/www.eldiariodetucuman.com\/web\/wp-json\/wp\/v2\/categories?post=8735"},{"taxonomy":"post_tag","embeddable":true,"href":"https:\/\/www.eldiariodetucuman.com\/web\/wp-json\/wp\/v2\/tags?post=8735"}],"curies":[{"name":"wp","href":"https:\/\/api.w.org\/{rel}","templated":true}]}}