{"id":8729,"date":"2018-04-18T12:07:34","date_gmt":"2018-04-18T15:07:34","guid":{"rendered":"http:\/\/www.eldiariodetucuman.com\/web\/el-reinicio-de-exportaciones-de-limon-es-historico-para-tucuman\/"},"modified":"2018-04-18T12:07:35","modified_gmt":"2018-04-18T15:07:35","slug":"el-reinicio-de-exportaciones-de-limon-es-historico-para-tucuman","status":"publish","type":"post","link":"https:\/\/www.eldiariodetucuman.com\/web\/el-reinicio-de-exportaciones-de-limon-es-historico-para-tucuman\/","title":{"rendered":"\u201cEl reinicio de exportaciones de lim\u00f3n es hist\u00f3rico para Tucum\u00e1n\u201d"},"content":{"rendered":"<div>\n<div readability=\"66\">\n<p>En la previa al env\u00edo oficial del primer cargamento de lim\u00f3n local a Estados Unidos, el gobernador <strong>Juan Manzur<\/strong>, celebr\u00f3 el reingreso de Tucum\u00e1n al mercado m\u00e1s exigente del mundo.<\/p>\n<p>\u201cHoy vamos a concretar algo que venimos luchando hace muchos a\u00f1os. El reinicio de exportaciones nos llena de entusiasmo\u201d, festej\u00f3 el Gobernador\u00a0en declaraciones con Radio La Red. \u00a0\u201cEl Gobierno tucumano hizo gestiones en distintos estamentos en Norteam\u00e9rica. Y\u00a0tengo que destacar la firme decisi\u00f3n del presidente <strong>Mauricio Macri<\/strong> en ayudarnos\u201d, agreg\u00f3 Manzur.<\/p>\n<p>Con la presencia del Presidente de la Naci\u00f3n, este mi\u00e9rcoles se concretar\u00e1 desde la\u00a0provincia la primera exportaci\u00f3n de limones tucumanos a Estados Unidos despu\u00e9s de 17 a\u00f1os. Se trata de un acto trascendental para la\u00a0econom\u00eda regional.<\/p>\n<p>La veda a los limones argentinos en Norteam\u00e9rica\u00a0se impuso en 2001, tras un fallo judicial que hizo lugar a un reclamo de citricultores de California que denunciaron que la fruta argentina estaba afectada por una enfermedad. Desde Argentina, se neg\u00f3 la acusaci\u00f3n y el mercado se reabri\u00f3 el a\u00f1o pasado.<\/p>\n<p>\u201cLo primero que tenemos que cuidar es la sanidad de nuestros alimentos. El sector privado y los Gobiernos de la Provincia y Naci\u00f3n realizan un trabajo coordinado para lograrlo\u201d, asegur\u00f3 Manzur sobre las condiciones que pide el mercado estadounidense.<\/p>\n<p>En este sentido, el mandatario se refiri\u00f3 a la batalla para vencer el lobby de los productores: \u201cen California son grandes productores de fruta, pero hay que acordar complementamos porque es todo contra estaci\u00f3n. Nuestra idea es coordinar esfuerzos y realizar un trabajo en forma conjunta\u00a0que\u00a0va a hacer que el impacto positivo sea para ambos pueblos\u201d.<\/p>\n<p>\u00a0<\/p>\n<p>\u00a0<\/p>\n<p>\u00a0<\/p>\n<p>\u00a0<\/p>\n<\/div>\n<\/div>\n<p>Fuente: http:\/\/comunicaciontucuman.gob.ar\/2018\/04\/el-reinicio-de-exportaciones-de-limon-nos-llena-de-entusiasmo\/<\/p>\n","protected":false},"excerpt":{"rendered":"<p>En la previa al env\u00edo oficial del primer cargamento de lim\u00f3n local a Estados Unidos, el gobernador Juan Manzur, celebr\u00f3 el reingreso de Tucum\u00e1n al mercado m\u00e1s exigente del mundo. \u201cHoy vamos a concretar algo que venimos luchando hace muchos a\u00f1os. El reinicio de exportaciones nos llena de entusiasmo\u201d, festej\u00f3 el Gobernador\u00a0en declaraciones con Radio [&hellip;]<\/p>\n","protected":false},"author":1,"featured_media":8730,"comment_status":"open","ping_status":"closed","sticky":false,"template":"","format":"standard","meta":{"footnotes":""},"categories":[3],"tags":[],"class_list":{"0":"post-8729","1":"post","2":"type-post","3":"status-publish","4":"format-standard","5":"has-post-thumbnail","7":"category-politica"},"yoast_head":"<!-- This site is optimized with the Yoast SEO plugin v27.4 - https:\/\/yoast.com\/product\/yoast-seo-wordpress\/ -->\n<title>\u201cEl reinicio de exportaciones de lim\u00f3n es hist\u00f3rico para Tucum\u00e1n\u201d - El Diario de Tucuman<\/title>\n<meta name=\"robots\" content=\"index, follow, max-snippet:-1, max-image-preview:large, max-video-preview:-1\" \/>\n<link rel=\"canonical\" href=\"https:\/\/www.eldiariodetucuman.com\/web\/el-reinicio-de-exportaciones-de-limon-es-historico-para-tucuman\/\" \/>\n<meta property=\"og:locale\" content=\"es_ES\" \/>\n<meta property=\"og:type\" content=\"article\" \/>\n<meta property=\"og:title\" content=\"\u201cEl reinicio de exportaciones de lim\u00f3n es hist\u00f3rico para Tucum\u00e1n\u201d - El Diario de Tucuman\" \/>\n<meta property=\"og:description\" content=\"En la previa al env\u00edo oficial del primer cargamento de lim\u00f3n local a Estados Unidos, el gobernador Juan Manzur, celebr\u00f3 el reingreso de Tucum\u00e1n al mercado m\u00e1s exigente del mundo. \u201cHoy vamos a concretar algo que venimos luchando hace muchos a\u00f1os. El reinicio de exportaciones nos llena de entusiasmo\u201d, festej\u00f3 el Gobernador\u00a0en declaraciones con Radio [&hellip;]\" \/>\n<meta property=\"og:url\" content=\"https:\/\/www.eldiariodetucuman.com\/web\/el-reinicio-de-exportaciones-de-limon-es-historico-para-tucuman\/\" \/>\n<meta property=\"og:site_name\" content=\"El Diario de Tucuman\" \/>\n<meta property=\"article:published_time\" content=\"2018-04-18T15:07:34+00:00\" \/>\n<meta property=\"article:modified_time\" content=\"2018-04-18T15:07:35+00:00\" \/>\n<meta property=\"og:image\" content=\"https:\/\/www.eldiariodetucuman.com\/web\/wp-content\/uploads\/2018\/04\/5e1827d9c7791014c6a0f4c8cc57b8cc.jpeg\" \/>\n\t<meta property=\"og:image:width\" content=\"300\" \/>\n\t<meta property=\"og:image:height\" content=\"166\" \/>\n\t<meta property=\"og:image:type\" content=\"image\/jpeg\" \/>\n<meta name=\"author\" content=\"admin\" \/>\n<meta name=\"twitter:card\" content=\"summary_large_image\" \/>\n<meta name=\"twitter:label1\" content=\"Escrito por\" \/>\n\t<meta name=\"twitter:data1\" content=\"admin\" \/>\n\t<meta name=\"twitter:label2\" content=\"Tiempo de lectura\" \/>\n\t<meta name=\"twitter:data2\" content=\"1 minuto\" \/>\n<script type=\"application\/ld+json\" class=\"yoast-schema-graph\">{\"@context\":\"https:\\\/\\\/schema.org\",\"@graph\":[{\"@type\":\"Article\",\"@id\":\"https:\\\/\\\/www.eldiariodetucuman.com\\\/web\\\/el-reinicio-de-exportaciones-de-limon-es-historico-para-tucuman\\\/#article\",\"isPartOf\":{\"@id\":\"https:\\\/\\\/www.eldiariodetucuman.com\\\/web\\\/el-reinicio-de-exportaciones-de-limon-es-historico-para-tucuman\\\/\"},\"author\":{\"name\":\"admin\",\"@id\":\"https:\\\/\\\/www.eldiariodetucuman.com\\\/web\\\/#\\\/schema\\\/person\\\/9250197d75ab5483412e19678b121caa\"},\"headline\":\"\u201cEl reinicio de exportaciones de lim\u00f3n es hist\u00f3rico para Tucum\u00e1n\u201d\",\"datePublished\":\"2018-04-18T15:07:34+00:00\",\"dateModified\":\"2018-04-18T15:07:35+00:00\",\"mainEntityOfPage\":{\"@id\":\"https:\\\/\\\/www.eldiariodetucuman.com\\\/web\\\/el-reinicio-de-exportaciones-de-limon-es-historico-para-tucuman\\\/\"},\"wordCount\":304,\"commentCount\":0,\"publisher\":{\"@id\":\"https:\\\/\\\/www.eldiariodetucuman.com\\\/web\\\/#organization\"},\"image\":{\"@id\":\"https:\\\/\\\/www.eldiariodetucuman.com\\\/web\\\/el-reinicio-de-exportaciones-de-limon-es-historico-para-tucuman\\\/#primaryimage\"},\"thumbnailUrl\":\"https:\\\/\\\/www.eldiariodetucuman.com\\\/web\\\/wp-content\\\/uploads\\\/2018\\\/04\\\/5e1827d9c7791014c6a0f4c8cc57b8cc.jpeg\",\"articleSection\":[\"Politica\"],\"inLanguage\":\"es\",\"potentialAction\":[{\"@type\":\"CommentAction\",\"name\":\"Comment\",\"target\":[\"https:\\\/\\\/www.eldiariodetucuman.com\\\/web\\\/el-reinicio-de-exportaciones-de-limon-es-historico-para-tucuman\\\/#respond\"]}]},{\"@type\":\"WebPage\",\"@id\":\"https:\\\/\\\/www.eldiariodetucuman.com\\\/web\\\/el-reinicio-de-exportaciones-de-limon-es-historico-para-tucuman\\\/\",\"url\":\"https:\\\/\\\/www.eldiariodetucuman.com\\\/web\\\/el-reinicio-de-exportaciones-de-limon-es-historico-para-tucuman\\\/\",\"name\":\"\u201cEl reinicio de exportaciones de lim\u00f3n es hist\u00f3rico para Tucum\u00e1n\u201d - El Diario de Tucuman\",\"isPartOf\":{\"@id\":\"https:\\\/\\\/www.eldiariodetucuman.com\\\/web\\\/#website\"},\"primaryImageOfPage\":{\"@id\":\"https:\\\/\\\/www.eldiariodetucuman.com\\\/web\\\/el-reinicio-de-exportaciones-de-limon-es-historico-para-tucuman\\\/#primaryimage\"},\"image\":{\"@id\":\"https:\\\/\\\/www.eldiariodetucuman.com\\\/web\\\/el-reinicio-de-exportaciones-de-limon-es-historico-para-tucuman\\\/#primaryimage\"},\"thumbnailUrl\":\"https:\\\/\\\/www.eldiariodetucuman.com\\\/web\\\/wp-content\\\/uploads\\\/2018\\\/04\\\/5e1827d9c7791014c6a0f4c8cc57b8cc.jpeg\",\"datePublished\":\"2018-04-18T15:07:34+00:00\",\"dateModified\":\"2018-04-18T15:07:35+00:00\",\"breadcrumb\":{\"@id\":\"https:\\\/\\\/www.eldiariodetucuman.com\\\/web\\\/el-reinicio-de-exportaciones-de-limon-es-historico-para-tucuman\\\/#breadcrumb\"},\"inLanguage\":\"es\",\"potentialAction\":[{\"@type\":\"ReadAction\",\"target\":[\"https:\\\/\\\/www.eldiariodetucuman.com\\\/web\\\/el-reinicio-de-exportaciones-de-limon-es-historico-para-tucuman\\\/\"]}]},{\"@type\":\"ImageObject\",\"inLanguage\":\"es\",\"@id\":\"https:\\\/\\\/www.eldiariodetucuman.com\\\/web\\\/el-reinicio-de-exportaciones-de-limon-es-historico-para-tucuman\\\/#primaryimage\",\"url\":\"https:\\\/\\\/www.eldiariodetucuman.com\\\/web\\\/wp-content\\\/uploads\\\/2018\\\/04\\\/5e1827d9c7791014c6a0f4c8cc57b8cc.jpeg\",\"contentUrl\":\"https:\\\/\\\/www.eldiariodetucuman.com\\\/web\\\/wp-content\\\/uploads\\\/2018\\\/04\\\/5e1827d9c7791014c6a0f4c8cc57b8cc.jpeg\",\"width\":300,\"height\":166},{\"@type\":\"BreadcrumbList\",\"@id\":\"https:\\\/\\\/www.eldiariodetucuman.com\\\/web\\\/el-reinicio-de-exportaciones-de-limon-es-historico-para-tucuman\\\/#breadcrumb\",\"itemListElement\":[{\"@type\":\"ListItem\",\"position\":1,\"name\":\"Portada\",\"item\":\"https:\\\/\\\/www.eldiariodetucuman.com\\\/web\\\/\"},{\"@type\":\"ListItem\",\"position\":2,\"name\":\"\u201cEl reinicio de exportaciones de lim\u00f3n es hist\u00f3rico para Tucum\u00e1n\u201d\"}]},{\"@type\":\"WebSite\",\"@id\":\"https:\\\/\\\/www.eldiariodetucuman.com\\\/web\\\/#website\",\"url\":\"https:\\\/\\\/www.eldiariodetucuman.com\\\/web\\\/\",\"name\":\"El Diario de Tucuman\",\"description\":\"Diario Tucuman - Informaci\u00f3n y noticias\",\"publisher\":{\"@id\":\"https:\\\/\\\/www.eldiariodetucuman.com\\\/web\\\/#organization\"},\"potentialAction\":[{\"@type\":\"SearchAction\",\"target\":{\"@type\":\"EntryPoint\",\"urlTemplate\":\"https:\\\/\\\/www.eldiariodetucuman.com\\\/web\\\/?s={search_term_string}\"},\"query-input\":{\"@type\":\"PropertyValueSpecification\",\"valueRequired\":true,\"valueName\":\"search_term_string\"}}],\"inLanguage\":\"es\"},{\"@type\":\"Organization\",\"@id\":\"https:\\\/\\\/www.eldiariodetucuman.com\\\/web\\\/#organization\",\"name\":\"El Diario de Tucuman\",\"url\":\"https:\\\/\\\/www.eldiariodetucuman.com\\\/web\\\/\",\"logo\":{\"@type\":\"ImageObject\",\"inLanguage\":\"es\",\"@id\":\"https:\\\/\\\/www.eldiariodetucuman.com\\\/web\\\/#\\\/schema\\\/logo\\\/image\\\/\",\"url\":\"http:\\\/\\\/www.eldiariodetucuman.com\\\/web\\\/wp-content\\\/uploads\\\/2017\\\/12\\\/el-diario-de-tucuman.jpg\",\"contentUrl\":\"http:\\\/\\\/www.eldiariodetucuman.com\\\/web\\\/wp-content\\\/uploads\\\/2017\\\/12\\\/el-diario-de-tucuman.jpg\",\"width\":272,\"height\":92,\"caption\":\"El Diario de Tucuman\"},\"image\":{\"@id\":\"https:\\\/\\\/www.eldiariodetucuman.com\\\/web\\\/#\\\/schema\\\/logo\\\/image\\\/\"}},{\"@type\":\"Person\",\"@id\":\"https:\\\/\\\/www.eldiariodetucuman.com\\\/web\\\/#\\\/schema\\\/person\\\/9250197d75ab5483412e19678b121caa\",\"name\":\"admin\",\"image\":{\"@type\":\"ImageObject\",\"inLanguage\":\"es\",\"@id\":\"https:\\\/\\\/secure.gravatar.com\\\/avatar\\\/c44d117c2be811212c22cb481f6b8384b6873de103fbc49e7a03cc58d7dea4ac?s=96&d=mm&r=g\",\"url\":\"https:\\\/\\\/secure.gravatar.com\\\/avatar\\\/c44d117c2be811212c22cb481f6b8384b6873de103fbc49e7a03cc58d7dea4ac?s=96&d=mm&r=g\",\"contentUrl\":\"https:\\\/\\\/secure.gravatar.com\\\/avatar\\\/c44d117c2be811212c22cb481f6b8384b6873de103fbc49e7a03cc58d7dea4ac?s=96&d=mm&r=g\",\"caption\":\"admin\"},\"url\":\"https:\\\/\\\/www.eldiariodetucuman.com\\\/web\\\/author\\\/admin\\\/\"}]}<\/script>\n<!-- \/ Yoast SEO plugin. -->","yoast_head_json":{"title":"\u201cEl reinicio de exportaciones de lim\u00f3n es hist\u00f3rico para Tucum\u00e1n\u201d - El Diario de Tucuman","robots":{"index":"index","follow":"follow","max-snippet":"max-snippet:-1","max-image-preview":"max-image-preview:large","max-video-preview":"max-video-preview:-1"},"canonical":"https:\/\/www.eldiariodetucuman.com\/web\/el-reinicio-de-exportaciones-de-limon-es-historico-para-tucuman\/","og_locale":"es_ES","og_type":"article","og_title":"\u201cEl reinicio de exportaciones de lim\u00f3n es hist\u00f3rico para Tucum\u00e1n\u201d - El Diario de Tucuman","og_description":"En la previa al env\u00edo oficial del primer cargamento de lim\u00f3n local a Estados Unidos, el gobernador Juan Manzur, celebr\u00f3 el reingreso de Tucum\u00e1n al mercado m\u00e1s exigente del mundo. \u201cHoy vamos a concretar algo que venimos luchando hace muchos a\u00f1os. El reinicio de exportaciones nos llena de entusiasmo\u201d, festej\u00f3 el Gobernador\u00a0en declaraciones con Radio [&hellip;]","og_url":"https:\/\/www.eldiariodetucuman.com\/web\/el-reinicio-de-exportaciones-de-limon-es-historico-para-tucuman\/","og_site_name":"El Diario de Tucuman","article_published_time":"2018-04-18T15:07:34+00:00","article_modified_time":"2018-04-18T15:07:35+00:00","og_image":[{"width":300,"height":166,"url":"https:\/\/www.eldiariodetucuman.com\/web\/wp-content\/uploads\/2018\/04\/5e1827d9c7791014c6a0f4c8cc57b8cc.jpeg","type":"image\/jpeg"}],"author":"admin","twitter_card":"summary_large_image","twitter_misc":{"Escrito por":"admin","Tiempo de lectura":"1 minuto"},"schema":{"@context":"https:\/\/schema.org","@graph":[{"@type":"Article","@id":"https:\/\/www.eldiariodetucuman.com\/web\/el-reinicio-de-exportaciones-de-limon-es-historico-para-tucuman\/#article","isPartOf":{"@id":"https:\/\/www.eldiariodetucuman.com\/web\/el-reinicio-de-exportaciones-de-limon-es-historico-para-tucuman\/"},"author":{"name":"admin","@id":"https:\/\/www.eldiariodetucuman.com\/web\/#\/schema\/person\/9250197d75ab5483412e19678b121caa"},"headline":"\u201cEl reinicio de exportaciones de lim\u00f3n es hist\u00f3rico para Tucum\u00e1n\u201d","datePublished":"2018-04-18T15:07:34+00:00","dateModified":"2018-04-18T15:07:35+00:00","mainEntityOfPage":{"@id":"https:\/\/www.eldiariodetucuman.com\/web\/el-reinicio-de-exportaciones-de-limon-es-historico-para-tucuman\/"},"wordCount":304,"commentCount":0,"publisher":{"@id":"https:\/\/www.eldiariodetucuman.com\/web\/#organization"},"image":{"@id":"https:\/\/www.eldiariodetucuman.com\/web\/el-reinicio-de-exportaciones-de-limon-es-historico-para-tucuman\/#primaryimage"},"thumbnailUrl":"https:\/\/www.eldiariodetucuman.com\/web\/wp-content\/uploads\/2018\/04\/5e1827d9c7791014c6a0f4c8cc57b8cc.jpeg","articleSection":["Politica"],"inLanguage":"es","potentialAction":[{"@type":"CommentAction","name":"Comment","target":["https:\/\/www.eldiariodetucuman.com\/web\/el-reinicio-de-exportaciones-de-limon-es-historico-para-tucuman\/#respond"]}]},{"@type":"WebPage","@id":"https:\/\/www.eldiariodetucuman.com\/web\/el-reinicio-de-exportaciones-de-limon-es-historico-para-tucuman\/","url":"https:\/\/www.eldiariodetucuman.com\/web\/el-reinicio-de-exportaciones-de-limon-es-historico-para-tucuman\/","name":"\u201cEl reinicio de exportaciones de lim\u00f3n es hist\u00f3rico para Tucum\u00e1n\u201d - El Diario de Tucuman","isPartOf":{"@id":"https:\/\/www.eldiariodetucuman.com\/web\/#website"},"primaryImageOfPage":{"@id":"https:\/\/www.eldiariodetucuman.com\/web\/el-reinicio-de-exportaciones-de-limon-es-historico-para-tucuman\/#primaryimage"},"image":{"@id":"https:\/\/www.eldiariodetucuman.com\/web\/el-reinicio-de-exportaciones-de-limon-es-historico-para-tucuman\/#primaryimage"},"thumbnailUrl":"https:\/\/www.eldiariodetucuman.com\/web\/wp-content\/uploads\/2018\/04\/5e1827d9c7791014c6a0f4c8cc57b8cc.jpeg","datePublished":"2018-04-18T15:07:34+00:00","dateModified":"2018-04-18T15:07:35+00:00","breadcrumb":{"@id":"https:\/\/www.eldiariodetucuman.com\/web\/el-reinicio-de-exportaciones-de-limon-es-historico-para-tucuman\/#breadcrumb"},"inLanguage":"es","potentialAction":[{"@type":"ReadAction","target":["https:\/\/www.eldiariodetucuman.com\/web\/el-reinicio-de-exportaciones-de-limon-es-historico-para-tucuman\/"]}]},{"@type":"ImageObject","inLanguage":"es","@id":"https:\/\/www.eldiariodetucuman.com\/web\/el-reinicio-de-exportaciones-de-limon-es-historico-para-tucuman\/#primaryimage","url":"https:\/\/www.eldiariodetucuman.com\/web\/wp-content\/uploads\/2018\/04\/5e1827d9c7791014c6a0f4c8cc57b8cc.jpeg","contentUrl":"https:\/\/www.eldiariodetucuman.com\/web\/wp-content\/uploads\/2018\/04\/5e1827d9c7791014c6a0f4c8cc57b8cc.jpeg","width":300,"height":166},{"@type":"BreadcrumbList","@id":"https:\/\/www.eldiariodetucuman.com\/web\/el-reinicio-de-exportaciones-de-limon-es-historico-para-tucuman\/#breadcrumb","itemListElement":[{"@type":"ListItem","position":1,"name":"Portada","item":"https:\/\/www.eldiariodetucuman.com\/web\/"},{"@type":"ListItem","position":2,"name":"\u201cEl reinicio de exportaciones de lim\u00f3n es hist\u00f3rico para Tucum\u00e1n\u201d"}]},{"@type":"WebSite","@id":"https:\/\/www.eldiariodetucuman.com\/web\/#website","url":"https:\/\/www.eldiariodetucuman.com\/web\/","name":"El Diario de Tucuman","description":"Diario Tucuman - Informaci\u00f3n y noticias","publisher":{"@id":"https:\/\/www.eldiariodetucuman.com\/web\/#organization"},"potentialAction":[{"@type":"SearchAction","target":{"@type":"EntryPoint","urlTemplate":"https:\/\/www.eldiariodetucuman.com\/web\/?s={search_term_string}"},"query-input":{"@type":"PropertyValueSpecification","valueRequired":true,"valueName":"search_term_string"}}],"inLanguage":"es"},{"@type":"Organization","@id":"https:\/\/www.eldiariodetucuman.com\/web\/#organization","name":"El Diario de Tucuman","url":"https:\/\/www.eldiariodetucuman.com\/web\/","logo":{"@type":"ImageObject","inLanguage":"es","@id":"https:\/\/www.eldiariodetucuman.com\/web\/#\/schema\/logo\/image\/","url":"http:\/\/www.eldiariodetucuman.com\/web\/wp-content\/uploads\/2017\/12\/el-diario-de-tucuman.jpg","contentUrl":"http:\/\/www.eldiariodetucuman.com\/web\/wp-content\/uploads\/2017\/12\/el-diario-de-tucuman.jpg","width":272,"height":92,"caption":"El Diario de Tucuman"},"image":{"@id":"https:\/\/www.eldiariodetucuman.com\/web\/#\/schema\/logo\/image\/"}},{"@type":"Person","@id":"https:\/\/www.eldiariodetucuman.com\/web\/#\/schema\/person\/9250197d75ab5483412e19678b121caa","name":"admin","image":{"@type":"ImageObject","inLanguage":"es","@id":"https:\/\/secure.gravatar.com\/avatar\/c44d117c2be811212c22cb481f6b8384b6873de103fbc49e7a03cc58d7dea4ac?s=96&d=mm&r=g","url":"https:\/\/secure.gravatar.com\/avatar\/c44d117c2be811212c22cb481f6b8384b6873de103fbc49e7a03cc58d7dea4ac?s=96&d=mm&r=g","contentUrl":"https:\/\/secure.gravatar.com\/avatar\/c44d117c2be811212c22cb481f6b8384b6873de103fbc49e7a03cc58d7dea4ac?s=96&d=mm&r=g","caption":"admin"},"url":"https:\/\/www.eldiariodetucuman.com\/web\/author\/admin\/"}]}},"_links":{"self":[{"href":"https:\/\/www.eldiariodetucuman.com\/web\/wp-json\/wp\/v2\/posts\/8729","targetHints":{"allow":["GET"]}}],"collection":[{"href":"https:\/\/www.eldiariodetucuman.com\/web\/wp-json\/wp\/v2\/posts"}],"about":[{"href":"https:\/\/www.eldiariodetucuman.com\/web\/wp-json\/wp\/v2\/types\/post"}],"author":[{"embeddable":true,"href":"https:\/\/www.eldiariodetucuman.com\/web\/wp-json\/wp\/v2\/users\/1"}],"replies":[{"embeddable":true,"href":"https:\/\/www.eldiariodetucuman.com\/web\/wp-json\/wp\/v2\/comments?post=8729"}],"version-history":[{"count":1,"href":"https:\/\/www.eldiariodetucuman.com\/web\/wp-json\/wp\/v2\/posts\/8729\/revisions"}],"predecessor-version":[{"id":8731,"href":"https:\/\/www.eldiariodetucuman.com\/web\/wp-json\/wp\/v2\/posts\/8729\/revisions\/8731"}],"wp:featuredmedia":[{"embeddable":true,"href":"https:\/\/www.eldiariodetucuman.com\/web\/wp-json\/wp\/v2\/media\/8730"}],"wp:attachment":[{"href":"https:\/\/www.eldiariodetucuman.com\/web\/wp-json\/wp\/v2\/media?parent=8729"}],"wp:term":[{"taxonomy":"category","embeddable":true,"href":"https:\/\/www.eldiariodetucuman.com\/web\/wp-json\/wp\/v2\/categories?post=8729"},{"taxonomy":"post_tag","embeddable":true,"href":"https:\/\/www.eldiariodetucuman.com\/web\/wp-json\/wp\/v2\/tags?post=8729"}],"curies":[{"name":"wp","href":"https:\/\/api.w.org\/{rel}","templated":true}]}}