{"id":8691,"date":"2018-04-18T00:09:38","date_gmt":"2018-04-18T03:09:38","guid":{"rendered":"http:\/\/www.eldiariodetucuman.com\/web\/una-comision-seguira-la-aplicacion-del-nuevo-codigo-procesal\/"},"modified":"2018-04-18T00:09:39","modified_gmt":"2018-04-18T03:09:39","slug":"una-comision-seguira-la-aplicacion-del-nuevo-codigo-procesal","status":"publish","type":"post","link":"https:\/\/www.eldiariodetucuman.com\/web\/una-comision-seguira-la-aplicacion-del-nuevo-codigo-procesal\/","title":{"rendered":"Una comisi\u00f3n seguir\u00e1 la aplicaci\u00f3n del nuevo C\u00f3digo Procesal"},"content":{"rendered":"<div>\n<div readability=\"89\">\n<p>El vicegobernador, a cargo del Poder Ejecutivo, <strong>Osvaldo Jaldo<\/strong>, encabez\u00f3 la reuni\u00f3n entre legisladores y miembros de la Corte Suprema de la Provincia para avanzar en la conformaci\u00f3n de una Comisi\u00f3n de Seguimiento para la aplicaci\u00f3n del nuevo C\u00f3digo Procesal Penal.<\/p>\n<p>Del encuentro particip\u00f3 el presidente de la Corte Suprema de Justicia de la Provincia, <strong>Daniel Posse<\/strong>; el presidente subrogante de la Legislatura, <strong>Fernando Juri<\/strong>; y legisladores de diferentes bloques.<\/p>\n<blockquote readability=\"11\">\n<p>Hay una manifestaci\u00f3n un\u00e1nime del poder pol\u00edtico y del Poder Judicial de la necesidad de implementar el nuevo c\u00f3digo procesal penal. La sociedad tiene que entender que el nuevo c\u00f3digo busca que aquella persona que cometi\u00f3 el il\u00edcito sea investigada, juzgada, y si corresponde condenada en un tiempo razonable\u201d, explic\u00f3 el legislador Marcelo Caponio al t\u00e9rmino.<\/p>\n<\/blockquote>\n<p>Cabe recordar que la semana pasada los legisladores decidieron, por unanimidad, retrasar nuevamente la entrada en vigencia del nuevo c\u00f3digo, hasta febrero de 2019. En encuentro de hoy, \u201ctomamos una decisi\u00f3n en conjunto con la Corte de constituir la Comisi\u00f3n de Seguimiento en cuanto al funcionamiento del C\u00f3digo Procesal\u201d, detall\u00f3 Juri.<\/p>\n<p>\u201cEn este encuentro hemos marcado, desde el Poder Judicial, las dificultades para que C\u00f3digo Procesal Penal se implemente como un plan piloto en Concepci\u00f3n y Monteros\u201d, dijo Posse. Y expuso que las dificultades radican en la falta de infraestructura, \u201cporque no est\u00e1n dadas las condiciones de las estructuras edilicias para que este plan se implemente\u201d; la necesidad de\u00a0m\u00e1s jueces defensores y fiscales, \u201cpara que se pueda conformar una estructura racional\u201d; y \u201cla\u00a0falta leyes complementarias\u201d.<\/p>\n<p>Adem\u00e1s se necesitar\u00edan incorporar 80 magistrados, cifra que \u201ctoma como est\u00e1ndar de otras provincias que han aplicado el C\u00f3digo. Podr\u00edamos hablar de un n\u00famero de entre 60 y 80 pero hablamos de jueces, fiscales y defensores\u201d.\u00a0Hasta 2019,\u00a0existe \u201cla certeza de que si se instrumentara parcialmente en Concepci\u00f3n y Monteros, seguramente podr\u00edamos estar cubriendo esa necesidad\u201d, a\u00f1adi\u00f3.<\/p>\n<p>El Presidente de la Corte\u00a0sostuvo que \u201cla voluntad (del Poder Judicial) es que no haya m\u00e1s pr\u00f3rrogas y se implemente este c\u00f3digo, de manera progresiva o parcial, y si se pudiera en la totalidad de la Provincia\u201d.<\/p>\n<p>\u201cAcordamos en la reuni\u00f3n de hoy que no solamente es necesaria la inversi\u00f3n en personal e infraestructura, dicho c\u00f3digo tambi\u00e9n puede ir siendo implementado como instituto, como la presi\u00f3n preventiva\u201d, concluy\u00f3 Caponio.<\/p>\n<\/div>\n<\/div>\n<p>Fuente: http:\/\/comunicaciontucuman.gob.ar\/2018\/04\/una-comision-seguira-la-aplicacion-del-nuevo-codigo-procesal\/<\/p>\n","protected":false},"excerpt":{"rendered":"<p>El vicegobernador, a cargo del Poder Ejecutivo, Osvaldo Jaldo, encabez\u00f3 la reuni\u00f3n entre legisladores y miembros de la Corte Suprema de la Provincia para avanzar en la conformaci\u00f3n de una Comisi\u00f3n de Seguimiento para la aplicaci\u00f3n del nuevo C\u00f3digo Procesal Penal. Del encuentro particip\u00f3 el presidente de la Corte Suprema de Justicia de la Provincia, [&hellip;]<\/p>\n","protected":false},"author":1,"featured_media":8692,"comment_status":"open","ping_status":"closed","sticky":false,"template":"","format":"standard","meta":{"footnotes":""},"categories":[3],"tags":[],"class_list":{"0":"post-8691","1":"post","2":"type-post","3":"status-publish","4":"format-standard","5":"has-post-thumbnail","7":"category-politica"},"yoast_head":"<!-- This site is optimized with the Yoast SEO plugin v27.5 - https:\/\/yoast.com\/product\/yoast-seo-wordpress\/ -->\n<title>Una comisi\u00f3n seguir\u00e1 la aplicaci\u00f3n del nuevo C\u00f3digo Procesal - El Diario de Tucuman<\/title>\n<meta name=\"robots\" content=\"index, follow, max-snippet:-1, max-image-preview:large, max-video-preview:-1\" \/>\n<link rel=\"canonical\" href=\"https:\/\/www.eldiariodetucuman.com\/web\/una-comision-seguira-la-aplicacion-del-nuevo-codigo-procesal\/\" \/>\n<meta property=\"og:locale\" content=\"es_ES\" \/>\n<meta property=\"og:type\" content=\"article\" \/>\n<meta property=\"og:title\" content=\"Una comisi\u00f3n seguir\u00e1 la aplicaci\u00f3n del nuevo C\u00f3digo Procesal - El Diario de Tucuman\" \/>\n<meta property=\"og:description\" content=\"El vicegobernador, a cargo del Poder Ejecutivo, Osvaldo Jaldo, encabez\u00f3 la reuni\u00f3n entre legisladores y miembros de la Corte Suprema de la Provincia para avanzar en la conformaci\u00f3n de una Comisi\u00f3n de Seguimiento para la aplicaci\u00f3n del nuevo C\u00f3digo Procesal Penal. Del encuentro particip\u00f3 el presidente de la Corte Suprema de Justicia de la Provincia, [&hellip;]\" \/>\n<meta property=\"og:url\" content=\"https:\/\/www.eldiariodetucuman.com\/web\/una-comision-seguira-la-aplicacion-del-nuevo-codigo-procesal\/\" \/>\n<meta property=\"og:site_name\" content=\"El Diario de Tucuman\" \/>\n<meta property=\"article:published_time\" content=\"2018-04-18T03:09:38+00:00\" \/>\n<meta property=\"article:modified_time\" content=\"2018-04-18T03:09:39+00:00\" \/>\n<meta property=\"og:image\" content=\"https:\/\/www.eldiariodetucuman.com\/web\/wp-content\/uploads\/2018\/04\/b4fc744281ff981a2deb1a1cfd3152f1.jpeg\" \/>\n\t<meta property=\"og:image:width\" content=\"300\" \/>\n\t<meta property=\"og:image:height\" content=\"166\" \/>\n\t<meta property=\"og:image:type\" content=\"image\/jpeg\" \/>\n<meta name=\"author\" content=\"admin\" \/>\n<meta name=\"twitter:card\" content=\"summary_large_image\" \/>\n<meta name=\"twitter:label1\" content=\"Escrito por\" \/>\n\t<meta name=\"twitter:data1\" content=\"admin\" \/>\n\t<meta name=\"twitter:label2\" content=\"Tiempo de lectura\" \/>\n\t<meta name=\"twitter:data2\" content=\"2 minutos\" \/>\n<script type=\"application\/ld+json\" class=\"yoast-schema-graph\">{\"@context\":\"https:\\\/\\\/schema.org\",\"@graph\":[{\"@type\":\"Article\",\"@id\":\"https:\\\/\\\/www.eldiariodetucuman.com\\\/web\\\/una-comision-seguira-la-aplicacion-del-nuevo-codigo-procesal\\\/#article\",\"isPartOf\":{\"@id\":\"https:\\\/\\\/www.eldiariodetucuman.com\\\/web\\\/una-comision-seguira-la-aplicacion-del-nuevo-codigo-procesal\\\/\"},\"author\":{\"name\":\"admin\",\"@id\":\"https:\\\/\\\/www.eldiariodetucuman.com\\\/web\\\/#\\\/schema\\\/person\\\/9250197d75ab5483412e19678b121caa\"},\"headline\":\"Una comisi\u00f3n seguir\u00e1 la aplicaci\u00f3n del nuevo C\u00f3digo Procesal\",\"datePublished\":\"2018-04-18T03:09:38+00:00\",\"dateModified\":\"2018-04-18T03:09:39+00:00\",\"mainEntityOfPage\":{\"@id\":\"https:\\\/\\\/www.eldiariodetucuman.com\\\/web\\\/una-comision-seguira-la-aplicacion-del-nuevo-codigo-procesal\\\/\"},\"wordCount\":431,\"commentCount\":0,\"publisher\":{\"@id\":\"https:\\\/\\\/www.eldiariodetucuman.com\\\/web\\\/#organization\"},\"image\":{\"@id\":\"https:\\\/\\\/www.eldiariodetucuman.com\\\/web\\\/una-comision-seguira-la-aplicacion-del-nuevo-codigo-procesal\\\/#primaryimage\"},\"thumbnailUrl\":\"https:\\\/\\\/www.eldiariodetucuman.com\\\/web\\\/wp-content\\\/uploads\\\/2018\\\/04\\\/b4fc744281ff981a2deb1a1cfd3152f1.jpeg\",\"articleSection\":[\"Politica\"],\"inLanguage\":\"es\",\"potentialAction\":[{\"@type\":\"CommentAction\",\"name\":\"Comment\",\"target\":[\"https:\\\/\\\/www.eldiariodetucuman.com\\\/web\\\/una-comision-seguira-la-aplicacion-del-nuevo-codigo-procesal\\\/#respond\"]}]},{\"@type\":\"WebPage\",\"@id\":\"https:\\\/\\\/www.eldiariodetucuman.com\\\/web\\\/una-comision-seguira-la-aplicacion-del-nuevo-codigo-procesal\\\/\",\"url\":\"https:\\\/\\\/www.eldiariodetucuman.com\\\/web\\\/una-comision-seguira-la-aplicacion-del-nuevo-codigo-procesal\\\/\",\"name\":\"Una comisi\u00f3n seguir\u00e1 la aplicaci\u00f3n del nuevo C\u00f3digo Procesal - El Diario de Tucuman\",\"isPartOf\":{\"@id\":\"https:\\\/\\\/www.eldiariodetucuman.com\\\/web\\\/#website\"},\"primaryImageOfPage\":{\"@id\":\"https:\\\/\\\/www.eldiariodetucuman.com\\\/web\\\/una-comision-seguira-la-aplicacion-del-nuevo-codigo-procesal\\\/#primaryimage\"},\"image\":{\"@id\":\"https:\\\/\\\/www.eldiariodetucuman.com\\\/web\\\/una-comision-seguira-la-aplicacion-del-nuevo-codigo-procesal\\\/#primaryimage\"},\"thumbnailUrl\":\"https:\\\/\\\/www.eldiariodetucuman.com\\\/web\\\/wp-content\\\/uploads\\\/2018\\\/04\\\/b4fc744281ff981a2deb1a1cfd3152f1.jpeg\",\"datePublished\":\"2018-04-18T03:09:38+00:00\",\"dateModified\":\"2018-04-18T03:09:39+00:00\",\"breadcrumb\":{\"@id\":\"https:\\\/\\\/www.eldiariodetucuman.com\\\/web\\\/una-comision-seguira-la-aplicacion-del-nuevo-codigo-procesal\\\/#breadcrumb\"},\"inLanguage\":\"es\",\"potentialAction\":[{\"@type\":\"ReadAction\",\"target\":[\"https:\\\/\\\/www.eldiariodetucuman.com\\\/web\\\/una-comision-seguira-la-aplicacion-del-nuevo-codigo-procesal\\\/\"]}]},{\"@type\":\"ImageObject\",\"inLanguage\":\"es\",\"@id\":\"https:\\\/\\\/www.eldiariodetucuman.com\\\/web\\\/una-comision-seguira-la-aplicacion-del-nuevo-codigo-procesal\\\/#primaryimage\",\"url\":\"https:\\\/\\\/www.eldiariodetucuman.com\\\/web\\\/wp-content\\\/uploads\\\/2018\\\/04\\\/b4fc744281ff981a2deb1a1cfd3152f1.jpeg\",\"contentUrl\":\"https:\\\/\\\/www.eldiariodetucuman.com\\\/web\\\/wp-content\\\/uploads\\\/2018\\\/04\\\/b4fc744281ff981a2deb1a1cfd3152f1.jpeg\",\"width\":300,\"height\":166},{\"@type\":\"BreadcrumbList\",\"@id\":\"https:\\\/\\\/www.eldiariodetucuman.com\\\/web\\\/una-comision-seguira-la-aplicacion-del-nuevo-codigo-procesal\\\/#breadcrumb\",\"itemListElement\":[{\"@type\":\"ListItem\",\"position\":1,\"name\":\"Portada\",\"item\":\"https:\\\/\\\/www.eldiariodetucuman.com\\\/web\\\/\"},{\"@type\":\"ListItem\",\"position\":2,\"name\":\"Una comisi\u00f3n seguir\u00e1 la aplicaci\u00f3n del nuevo C\u00f3digo Procesal\"}]},{\"@type\":\"WebSite\",\"@id\":\"https:\\\/\\\/www.eldiariodetucuman.com\\\/web\\\/#website\",\"url\":\"https:\\\/\\\/www.eldiariodetucuman.com\\\/web\\\/\",\"name\":\"El Diario de Tucuman\",\"description\":\"Diario Tucuman - Informaci\u00f3n y noticias\",\"publisher\":{\"@id\":\"https:\\\/\\\/www.eldiariodetucuman.com\\\/web\\\/#organization\"},\"potentialAction\":[{\"@type\":\"SearchAction\",\"target\":{\"@type\":\"EntryPoint\",\"urlTemplate\":\"https:\\\/\\\/www.eldiariodetucuman.com\\\/web\\\/?s={search_term_string}\"},\"query-input\":{\"@type\":\"PropertyValueSpecification\",\"valueRequired\":true,\"valueName\":\"search_term_string\"}}],\"inLanguage\":\"es\"},{\"@type\":\"Organization\",\"@id\":\"https:\\\/\\\/www.eldiariodetucuman.com\\\/web\\\/#organization\",\"name\":\"El Diario de Tucuman\",\"url\":\"https:\\\/\\\/www.eldiariodetucuman.com\\\/web\\\/\",\"logo\":{\"@type\":\"ImageObject\",\"inLanguage\":\"es\",\"@id\":\"https:\\\/\\\/www.eldiariodetucuman.com\\\/web\\\/#\\\/schema\\\/logo\\\/image\\\/\",\"url\":\"http:\\\/\\\/www.eldiariodetucuman.com\\\/web\\\/wp-content\\\/uploads\\\/2017\\\/12\\\/el-diario-de-tucuman.jpg\",\"contentUrl\":\"http:\\\/\\\/www.eldiariodetucuman.com\\\/web\\\/wp-content\\\/uploads\\\/2017\\\/12\\\/el-diario-de-tucuman.jpg\",\"width\":272,\"height\":92,\"caption\":\"El Diario de Tucuman\"},\"image\":{\"@id\":\"https:\\\/\\\/www.eldiariodetucuman.com\\\/web\\\/#\\\/schema\\\/logo\\\/image\\\/\"}},{\"@type\":\"Person\",\"@id\":\"https:\\\/\\\/www.eldiariodetucuman.com\\\/web\\\/#\\\/schema\\\/person\\\/9250197d75ab5483412e19678b121caa\",\"name\":\"admin\",\"image\":{\"@type\":\"ImageObject\",\"inLanguage\":\"es\",\"@id\":\"https:\\\/\\\/secure.gravatar.com\\\/avatar\\\/c44d117c2be811212c22cb481f6b8384b6873de103fbc49e7a03cc58d7dea4ac?s=96&d=mm&r=g\",\"url\":\"https:\\\/\\\/secure.gravatar.com\\\/avatar\\\/c44d117c2be811212c22cb481f6b8384b6873de103fbc49e7a03cc58d7dea4ac?s=96&d=mm&r=g\",\"contentUrl\":\"https:\\\/\\\/secure.gravatar.com\\\/avatar\\\/c44d117c2be811212c22cb481f6b8384b6873de103fbc49e7a03cc58d7dea4ac?s=96&d=mm&r=g\",\"caption\":\"admin\"},\"url\":\"https:\\\/\\\/www.eldiariodetucuman.com\\\/web\\\/author\\\/admin\\\/\"}]}<\/script>\n<!-- \/ Yoast SEO plugin. -->","yoast_head_json":{"title":"Una comisi\u00f3n seguir\u00e1 la aplicaci\u00f3n del nuevo C\u00f3digo Procesal - El Diario de Tucuman","robots":{"index":"index","follow":"follow","max-snippet":"max-snippet:-1","max-image-preview":"max-image-preview:large","max-video-preview":"max-video-preview:-1"},"canonical":"https:\/\/www.eldiariodetucuman.com\/web\/una-comision-seguira-la-aplicacion-del-nuevo-codigo-procesal\/","og_locale":"es_ES","og_type":"article","og_title":"Una comisi\u00f3n seguir\u00e1 la aplicaci\u00f3n del nuevo C\u00f3digo Procesal - El Diario de Tucuman","og_description":"El vicegobernador, a cargo del Poder Ejecutivo, Osvaldo Jaldo, encabez\u00f3 la reuni\u00f3n entre legisladores y miembros de la Corte Suprema de la Provincia para avanzar en la conformaci\u00f3n de una Comisi\u00f3n de Seguimiento para la aplicaci\u00f3n del nuevo C\u00f3digo Procesal Penal. Del encuentro particip\u00f3 el presidente de la Corte Suprema de Justicia de la Provincia, [&hellip;]","og_url":"https:\/\/www.eldiariodetucuman.com\/web\/una-comision-seguira-la-aplicacion-del-nuevo-codigo-procesal\/","og_site_name":"El Diario de Tucuman","article_published_time":"2018-04-18T03:09:38+00:00","article_modified_time":"2018-04-18T03:09:39+00:00","og_image":[{"width":300,"height":166,"url":"https:\/\/www.eldiariodetucuman.com\/web\/wp-content\/uploads\/2018\/04\/b4fc744281ff981a2deb1a1cfd3152f1.jpeg","type":"image\/jpeg"}],"author":"admin","twitter_card":"summary_large_image","twitter_misc":{"Escrito por":"admin","Tiempo de lectura":"2 minutos"},"schema":{"@context":"https:\/\/schema.org","@graph":[{"@type":"Article","@id":"https:\/\/www.eldiariodetucuman.com\/web\/una-comision-seguira-la-aplicacion-del-nuevo-codigo-procesal\/#article","isPartOf":{"@id":"https:\/\/www.eldiariodetucuman.com\/web\/una-comision-seguira-la-aplicacion-del-nuevo-codigo-procesal\/"},"author":{"name":"admin","@id":"https:\/\/www.eldiariodetucuman.com\/web\/#\/schema\/person\/9250197d75ab5483412e19678b121caa"},"headline":"Una comisi\u00f3n seguir\u00e1 la aplicaci\u00f3n del nuevo C\u00f3digo Procesal","datePublished":"2018-04-18T03:09:38+00:00","dateModified":"2018-04-18T03:09:39+00:00","mainEntityOfPage":{"@id":"https:\/\/www.eldiariodetucuman.com\/web\/una-comision-seguira-la-aplicacion-del-nuevo-codigo-procesal\/"},"wordCount":431,"commentCount":0,"publisher":{"@id":"https:\/\/www.eldiariodetucuman.com\/web\/#organization"},"image":{"@id":"https:\/\/www.eldiariodetucuman.com\/web\/una-comision-seguira-la-aplicacion-del-nuevo-codigo-procesal\/#primaryimage"},"thumbnailUrl":"https:\/\/www.eldiariodetucuman.com\/web\/wp-content\/uploads\/2018\/04\/b4fc744281ff981a2deb1a1cfd3152f1.jpeg","articleSection":["Politica"],"inLanguage":"es","potentialAction":[{"@type":"CommentAction","name":"Comment","target":["https:\/\/www.eldiariodetucuman.com\/web\/una-comision-seguira-la-aplicacion-del-nuevo-codigo-procesal\/#respond"]}]},{"@type":"WebPage","@id":"https:\/\/www.eldiariodetucuman.com\/web\/una-comision-seguira-la-aplicacion-del-nuevo-codigo-procesal\/","url":"https:\/\/www.eldiariodetucuman.com\/web\/una-comision-seguira-la-aplicacion-del-nuevo-codigo-procesal\/","name":"Una comisi\u00f3n seguir\u00e1 la aplicaci\u00f3n del nuevo C\u00f3digo Procesal - El Diario de Tucuman","isPartOf":{"@id":"https:\/\/www.eldiariodetucuman.com\/web\/#website"},"primaryImageOfPage":{"@id":"https:\/\/www.eldiariodetucuman.com\/web\/una-comision-seguira-la-aplicacion-del-nuevo-codigo-procesal\/#primaryimage"},"image":{"@id":"https:\/\/www.eldiariodetucuman.com\/web\/una-comision-seguira-la-aplicacion-del-nuevo-codigo-procesal\/#primaryimage"},"thumbnailUrl":"https:\/\/www.eldiariodetucuman.com\/web\/wp-content\/uploads\/2018\/04\/b4fc744281ff981a2deb1a1cfd3152f1.jpeg","datePublished":"2018-04-18T03:09:38+00:00","dateModified":"2018-04-18T03:09:39+00:00","breadcrumb":{"@id":"https:\/\/www.eldiariodetucuman.com\/web\/una-comision-seguira-la-aplicacion-del-nuevo-codigo-procesal\/#breadcrumb"},"inLanguage":"es","potentialAction":[{"@type":"ReadAction","target":["https:\/\/www.eldiariodetucuman.com\/web\/una-comision-seguira-la-aplicacion-del-nuevo-codigo-procesal\/"]}]},{"@type":"ImageObject","inLanguage":"es","@id":"https:\/\/www.eldiariodetucuman.com\/web\/una-comision-seguira-la-aplicacion-del-nuevo-codigo-procesal\/#primaryimage","url":"https:\/\/www.eldiariodetucuman.com\/web\/wp-content\/uploads\/2018\/04\/b4fc744281ff981a2deb1a1cfd3152f1.jpeg","contentUrl":"https:\/\/www.eldiariodetucuman.com\/web\/wp-content\/uploads\/2018\/04\/b4fc744281ff981a2deb1a1cfd3152f1.jpeg","width":300,"height":166},{"@type":"BreadcrumbList","@id":"https:\/\/www.eldiariodetucuman.com\/web\/una-comision-seguira-la-aplicacion-del-nuevo-codigo-procesal\/#breadcrumb","itemListElement":[{"@type":"ListItem","position":1,"name":"Portada","item":"https:\/\/www.eldiariodetucuman.com\/web\/"},{"@type":"ListItem","position":2,"name":"Una comisi\u00f3n seguir\u00e1 la aplicaci\u00f3n del nuevo C\u00f3digo Procesal"}]},{"@type":"WebSite","@id":"https:\/\/www.eldiariodetucuman.com\/web\/#website","url":"https:\/\/www.eldiariodetucuman.com\/web\/","name":"El Diario de Tucuman","description":"Diario Tucuman - Informaci\u00f3n y noticias","publisher":{"@id":"https:\/\/www.eldiariodetucuman.com\/web\/#organization"},"potentialAction":[{"@type":"SearchAction","target":{"@type":"EntryPoint","urlTemplate":"https:\/\/www.eldiariodetucuman.com\/web\/?s={search_term_string}"},"query-input":{"@type":"PropertyValueSpecification","valueRequired":true,"valueName":"search_term_string"}}],"inLanguage":"es"},{"@type":"Organization","@id":"https:\/\/www.eldiariodetucuman.com\/web\/#organization","name":"El Diario de Tucuman","url":"https:\/\/www.eldiariodetucuman.com\/web\/","logo":{"@type":"ImageObject","inLanguage":"es","@id":"https:\/\/www.eldiariodetucuman.com\/web\/#\/schema\/logo\/image\/","url":"http:\/\/www.eldiariodetucuman.com\/web\/wp-content\/uploads\/2017\/12\/el-diario-de-tucuman.jpg","contentUrl":"http:\/\/www.eldiariodetucuman.com\/web\/wp-content\/uploads\/2017\/12\/el-diario-de-tucuman.jpg","width":272,"height":92,"caption":"El Diario de Tucuman"},"image":{"@id":"https:\/\/www.eldiariodetucuman.com\/web\/#\/schema\/logo\/image\/"}},{"@type":"Person","@id":"https:\/\/www.eldiariodetucuman.com\/web\/#\/schema\/person\/9250197d75ab5483412e19678b121caa","name":"admin","image":{"@type":"ImageObject","inLanguage":"es","@id":"https:\/\/secure.gravatar.com\/avatar\/c44d117c2be811212c22cb481f6b8384b6873de103fbc49e7a03cc58d7dea4ac?s=96&d=mm&r=g","url":"https:\/\/secure.gravatar.com\/avatar\/c44d117c2be811212c22cb481f6b8384b6873de103fbc49e7a03cc58d7dea4ac?s=96&d=mm&r=g","contentUrl":"https:\/\/secure.gravatar.com\/avatar\/c44d117c2be811212c22cb481f6b8384b6873de103fbc49e7a03cc58d7dea4ac?s=96&d=mm&r=g","caption":"admin"},"url":"https:\/\/www.eldiariodetucuman.com\/web\/author\/admin\/"}]}},"_links":{"self":[{"href":"https:\/\/www.eldiariodetucuman.com\/web\/wp-json\/wp\/v2\/posts\/8691","targetHints":{"allow":["GET"]}}],"collection":[{"href":"https:\/\/www.eldiariodetucuman.com\/web\/wp-json\/wp\/v2\/posts"}],"about":[{"href":"https:\/\/www.eldiariodetucuman.com\/web\/wp-json\/wp\/v2\/types\/post"}],"author":[{"embeddable":true,"href":"https:\/\/www.eldiariodetucuman.com\/web\/wp-json\/wp\/v2\/users\/1"}],"replies":[{"embeddable":true,"href":"https:\/\/www.eldiariodetucuman.com\/web\/wp-json\/wp\/v2\/comments?post=8691"}],"version-history":[{"count":1,"href":"https:\/\/www.eldiariodetucuman.com\/web\/wp-json\/wp\/v2\/posts\/8691\/revisions"}],"predecessor-version":[{"id":8693,"href":"https:\/\/www.eldiariodetucuman.com\/web\/wp-json\/wp\/v2\/posts\/8691\/revisions\/8693"}],"wp:featuredmedia":[{"embeddable":true,"href":"https:\/\/www.eldiariodetucuman.com\/web\/wp-json\/wp\/v2\/media\/8692"}],"wp:attachment":[{"href":"https:\/\/www.eldiariodetucuman.com\/web\/wp-json\/wp\/v2\/media?parent=8691"}],"wp:term":[{"taxonomy":"category","embeddable":true,"href":"https:\/\/www.eldiariodetucuman.com\/web\/wp-json\/wp\/v2\/categories?post=8691"},{"taxonomy":"post_tag","embeddable":true,"href":"https:\/\/www.eldiariodetucuman.com\/web\/wp-json\/wp\/v2\/tags?post=8691"}],"curies":[{"name":"wp","href":"https:\/\/api.w.org\/{rel}","templated":true}]}}