{"id":8687,"date":"2018-04-17T12:57:48","date_gmt":"2018-04-17T15:57:48","guid":{"rendered":"http:\/\/www.eldiariodetucuman.com\/web\/se-cayo-la-version-web-de-twitter\/"},"modified":"2018-04-17T12:57:48","modified_gmt":"2018-04-17T15:57:48","slug":"se-cayo-la-version-web-de-twitter","status":"publish","type":"post","link":"https:\/\/www.eldiariodetucuman.com\/web\/se-cayo-la-version-web-de-twitter\/","title":{"rendered":"Se cay\u00f3 la versi\u00f3n Web de Twitter"},"content":{"rendered":"<div>\n<div id=\"cuerpo\">\n<figure class=\"XL caja-destacada\" id=\"figure_2667990\" data-is=\"imagen\"><span title=\"Ampliar imagen\" class=\"icon-ampliar\"><\/span><br \/>\n                        <span title=\"Cerrar modal\" class=\"icon-cerrar\"><\/span><\/p>\n<\/figure>\n<p class=\"capital\">La versi\u00f3n web de Twitter, es decir, la que est\u00e1 accesible en www.twitter.com, dej\u00f3 de funcionar este martes cerca del mediod\u00eda.<\/p>\n<p><!-- middle1 --><\/p>\n<p><!-- middle1 --><\/p>\n<p>No obstante, el uso a trav\u00e9s de las aplicaciones para m\u00f3viles (oficiales o de terceros) no sufrieron inconvenientes visibles. El 80 por ciento de los usuarios se conectan a este servicio v\u00eda una aplicaci\u00f3n para el smartphone.<\/p>\n<p>Se desconoce el motivo de la falla, aunque no es la primera vez que sucede. El sitio especializado<br \/>\n<a class=\"link\" href=\"http:\/\/downdetector.com\/status\/twitter\">Downdetector confirm\u00f3 que Twitter tiene problemas de conectividad<\/a>  en varias partes del mundo desde temprano en la ma\u00f1ana.<\/p>\n<p><!-- middle1 --><\/p>\n<section class=\"listado ademas floatFix\" id=\"listadoAdemas\" data-is-block=\"true\" data-block-name=\"n_relacionadas-cuerpo\" data-diagramacion-id=\"0\"><\/section>\n<figure class=\"L epigrafe\" id=\"figure_2668009\" data-is=\"imagen\"><span title=\"Ampliar imagen\" class=\"icon-ampliar\"><\/span><br \/>\n                        <span title=\"Cerrar modal\" class=\"icon-cerrar\"><\/span><\/p>\n<picture><source media=\"(min-width: 768px)\" srcset=\"\/\/bucket3.glanacion.com\/anexos\/fotos\/09\/2668009w740.jpg\"><source media=\"(min-width: 380px)\" srcset=\"\/\/bucket3.glanacion.com\/anexos\/fotos\/09\/2668009w768.jpg\"><img decoding=\"async\" src=\"http:\/\/bucket3.glanacion.com\/anexos\/fotos\/09\/2668009w380.jpg\" alt=\"Los reportes de problemas en Twitter seg\u00fan el sitio downdetector.com\"><\/source><\/source><\/picture><figcaption><epigrafe>Los reportes de problemas en Twitter seg\u00fan el sitio downdetector.com<\/epigrafe><\/figcaption><\/figure>\n<p><!-- middle1 --><br \/>\n<!-- middle1 --><\/p>\n<p>                <!-- firma autor --><\/p>\n<p>                <!-- temas --><\/p>\n<div class=\"temas\">\n<h4>temas <b>en esta nota<\/b><\/h4>\n<p> <!-- ***NUEVO*** - caja like --><\/p>\n<p>\n    <span class=\"texto-like\"> \u00bfTe gust\u00f3 <b>esta nota?<\/b><\/span><br \/>\n    <span class=\"icon-me-gusta\"> <\/span>\n<\/p>\n<\/p><\/div>\n<\/p><\/div>\n<\/div>\n","protected":false},"excerpt":{"rendered":"<p>La versi\u00f3n web de Twitter, es decir, la que est\u00e1 accesible en www.twitter.com, dej\u00f3 de funcionar este martes cerca del mediod\u00eda. No obstante, el uso a trav\u00e9s de las aplicaciones para m\u00f3viles (oficiales o de terceros) no sufrieron inconvenientes visibles. El 80 por ciento de los usuarios se conectan a este servicio v\u00eda una aplicaci\u00f3n [&hellip;]<\/p>\n","protected":false},"author":4,"featured_media":0,"comment_status":"open","ping_status":"closed","sticky":false,"template":"","format":"standard","meta":{"footnotes":""},"categories":[154],"tags":[],"class_list":{"0":"post-8687","1":"post","2":"type-post","3":"status-publish","4":"format-standard","6":"category-ciencia-y-tecnologia"},"yoast_head":"<!-- This site is optimized with the Yoast SEO plugin v27.4 - https:\/\/yoast.com\/product\/yoast-seo-wordpress\/ -->\n<title>Se cay\u00f3 la versi\u00f3n Web de Twitter - El Diario de Tucuman<\/title>\n<meta name=\"robots\" content=\"index, follow, max-snippet:-1, max-image-preview:large, max-video-preview:-1\" \/>\n<link rel=\"canonical\" href=\"https:\/\/www.eldiariodetucuman.com\/web\/se-cayo-la-version-web-de-twitter\/\" \/>\n<meta property=\"og:locale\" content=\"es_ES\" \/>\n<meta property=\"og:type\" content=\"article\" \/>\n<meta property=\"og:title\" content=\"Se cay\u00f3 la versi\u00f3n Web de Twitter - El Diario de Tucuman\" \/>\n<meta property=\"og:description\" content=\"La versi\u00f3n web de Twitter, es decir, la que est\u00e1 accesible en www.twitter.com, dej\u00f3 de funcionar este martes cerca del mediod\u00eda. No obstante, el uso a trav\u00e9s de las aplicaciones para m\u00f3viles (oficiales o de terceros) no sufrieron inconvenientes visibles. El 80 por ciento de los usuarios se conectan a este servicio v\u00eda una aplicaci\u00f3n [&hellip;]\" \/>\n<meta property=\"og:url\" content=\"https:\/\/www.eldiariodetucuman.com\/web\/se-cayo-la-version-web-de-twitter\/\" \/>\n<meta property=\"og:site_name\" content=\"El Diario de Tucuman\" \/>\n<meta property=\"article:published_time\" content=\"2018-04-17T15:57:48+00:00\" \/>\n<meta property=\"og:image\" content=\"http:\/\/bucket3.glanacion.com\/anexos\/fotos\/09\/2668009w380.jpg\" \/>\n<meta name=\"author\" content=\"eldiario detucuman\" \/>\n<meta name=\"twitter:card\" content=\"summary_large_image\" \/>\n<meta name=\"twitter:label1\" content=\"Escrito por\" \/>\n\t<meta name=\"twitter:data1\" content=\"eldiario detucuman\" \/>\n\t<meta name=\"twitter:label2\" content=\"Tiempo de lectura\" \/>\n\t<meta name=\"twitter:data2\" content=\"1 minuto\" \/>\n<script type=\"application\/ld+json\" class=\"yoast-schema-graph\">{\"@context\":\"https:\\\/\\\/schema.org\",\"@graph\":[{\"@type\":\"Article\",\"@id\":\"https:\\\/\\\/www.eldiariodetucuman.com\\\/web\\\/se-cayo-la-version-web-de-twitter\\\/#article\",\"isPartOf\":{\"@id\":\"https:\\\/\\\/www.eldiariodetucuman.com\\\/web\\\/se-cayo-la-version-web-de-twitter\\\/\"},\"author\":{\"name\":\"eldiario detucuman\",\"@id\":\"https:\\\/\\\/www.eldiariodetucuman.com\\\/web\\\/#\\\/schema\\\/person\\\/6f95946e54fde848b878ffa4928071d5\"},\"headline\":\"Se cay\u00f3 la versi\u00f3n Web de Twitter\",\"datePublished\":\"2018-04-17T15:57:48+00:00\",\"mainEntityOfPage\":{\"@id\":\"https:\\\/\\\/www.eldiariodetucuman.com\\\/web\\\/se-cayo-la-version-web-de-twitter\\\/\"},\"wordCount\":130,\"commentCount\":0,\"publisher\":{\"@id\":\"https:\\\/\\\/www.eldiariodetucuman.com\\\/web\\\/#organization\"},\"image\":{\"@id\":\"https:\\\/\\\/www.eldiariodetucuman.com\\\/web\\\/se-cayo-la-version-web-de-twitter\\\/#primaryimage\"},\"thumbnailUrl\":\"http:\\\/\\\/bucket3.glanacion.com\\\/anexos\\\/fotos\\\/09\\\/2668009w380.jpg\",\"articleSection\":[\"ciencia y tecnologia\"],\"inLanguage\":\"es\",\"potentialAction\":[{\"@type\":\"CommentAction\",\"name\":\"Comment\",\"target\":[\"https:\\\/\\\/www.eldiariodetucuman.com\\\/web\\\/se-cayo-la-version-web-de-twitter\\\/#respond\"]}]},{\"@type\":\"WebPage\",\"@id\":\"https:\\\/\\\/www.eldiariodetucuman.com\\\/web\\\/se-cayo-la-version-web-de-twitter\\\/\",\"url\":\"https:\\\/\\\/www.eldiariodetucuman.com\\\/web\\\/se-cayo-la-version-web-de-twitter\\\/\",\"name\":\"Se cay\u00f3 la versi\u00f3n Web de Twitter - El Diario de Tucuman\",\"isPartOf\":{\"@id\":\"https:\\\/\\\/www.eldiariodetucuman.com\\\/web\\\/#website\"},\"primaryImageOfPage\":{\"@id\":\"https:\\\/\\\/www.eldiariodetucuman.com\\\/web\\\/se-cayo-la-version-web-de-twitter\\\/#primaryimage\"},\"image\":{\"@id\":\"https:\\\/\\\/www.eldiariodetucuman.com\\\/web\\\/se-cayo-la-version-web-de-twitter\\\/#primaryimage\"},\"thumbnailUrl\":\"http:\\\/\\\/bucket3.glanacion.com\\\/anexos\\\/fotos\\\/09\\\/2668009w380.jpg\",\"datePublished\":\"2018-04-17T15:57:48+00:00\",\"breadcrumb\":{\"@id\":\"https:\\\/\\\/www.eldiariodetucuman.com\\\/web\\\/se-cayo-la-version-web-de-twitter\\\/#breadcrumb\"},\"inLanguage\":\"es\",\"potentialAction\":[{\"@type\":\"ReadAction\",\"target\":[\"https:\\\/\\\/www.eldiariodetucuman.com\\\/web\\\/se-cayo-la-version-web-de-twitter\\\/\"]}]},{\"@type\":\"ImageObject\",\"inLanguage\":\"es\",\"@id\":\"https:\\\/\\\/www.eldiariodetucuman.com\\\/web\\\/se-cayo-la-version-web-de-twitter\\\/#primaryimage\",\"url\":\"http:\\\/\\\/bucket3.glanacion.com\\\/anexos\\\/fotos\\\/09\\\/2668009w380.jpg\",\"contentUrl\":\"http:\\\/\\\/bucket3.glanacion.com\\\/anexos\\\/fotos\\\/09\\\/2668009w380.jpg\"},{\"@type\":\"BreadcrumbList\",\"@id\":\"https:\\\/\\\/www.eldiariodetucuman.com\\\/web\\\/se-cayo-la-version-web-de-twitter\\\/#breadcrumb\",\"itemListElement\":[{\"@type\":\"ListItem\",\"position\":1,\"name\":\"Portada\",\"item\":\"https:\\\/\\\/www.eldiariodetucuman.com\\\/web\\\/\"},{\"@type\":\"ListItem\",\"position\":2,\"name\":\"Se cay\u00f3 la versi\u00f3n Web de Twitter\"}]},{\"@type\":\"WebSite\",\"@id\":\"https:\\\/\\\/www.eldiariodetucuman.com\\\/web\\\/#website\",\"url\":\"https:\\\/\\\/www.eldiariodetucuman.com\\\/web\\\/\",\"name\":\"El Diario de Tucuman\",\"description\":\"Diario Tucuman - Informaci\u00f3n y noticias\",\"publisher\":{\"@id\":\"https:\\\/\\\/www.eldiariodetucuman.com\\\/web\\\/#organization\"},\"potentialAction\":[{\"@type\":\"SearchAction\",\"target\":{\"@type\":\"EntryPoint\",\"urlTemplate\":\"https:\\\/\\\/www.eldiariodetucuman.com\\\/web\\\/?s={search_term_string}\"},\"query-input\":{\"@type\":\"PropertyValueSpecification\",\"valueRequired\":true,\"valueName\":\"search_term_string\"}}],\"inLanguage\":\"es\"},{\"@type\":\"Organization\",\"@id\":\"https:\\\/\\\/www.eldiariodetucuman.com\\\/web\\\/#organization\",\"name\":\"El Diario de Tucuman\",\"url\":\"https:\\\/\\\/www.eldiariodetucuman.com\\\/web\\\/\",\"logo\":{\"@type\":\"ImageObject\",\"inLanguage\":\"es\",\"@id\":\"https:\\\/\\\/www.eldiariodetucuman.com\\\/web\\\/#\\\/schema\\\/logo\\\/image\\\/\",\"url\":\"http:\\\/\\\/www.eldiariodetucuman.com\\\/web\\\/wp-content\\\/uploads\\\/2017\\\/12\\\/el-diario-de-tucuman.jpg\",\"contentUrl\":\"http:\\\/\\\/www.eldiariodetucuman.com\\\/web\\\/wp-content\\\/uploads\\\/2017\\\/12\\\/el-diario-de-tucuman.jpg\",\"width\":272,\"height\":92,\"caption\":\"El Diario de Tucuman\"},\"image\":{\"@id\":\"https:\\\/\\\/www.eldiariodetucuman.com\\\/web\\\/#\\\/schema\\\/logo\\\/image\\\/\"}},{\"@type\":\"Person\",\"@id\":\"https:\\\/\\\/www.eldiariodetucuman.com\\\/web\\\/#\\\/schema\\\/person\\\/6f95946e54fde848b878ffa4928071d5\",\"name\":\"eldiario detucuman\",\"image\":{\"@type\":\"ImageObject\",\"inLanguage\":\"es\",\"@id\":\"https:\\\/\\\/secure.gravatar.com\\\/avatar\\\/b6e1f89c5c4044c4962c8e6c20b1ca2cc99f549c965908afd4ec5308b3f51bfe?s=96&d=mm&r=g\",\"url\":\"https:\\\/\\\/secure.gravatar.com\\\/avatar\\\/b6e1f89c5c4044c4962c8e6c20b1ca2cc99f549c965908afd4ec5308b3f51bfe?s=96&d=mm&r=g\",\"contentUrl\":\"https:\\\/\\\/secure.gravatar.com\\\/avatar\\\/b6e1f89c5c4044c4962c8e6c20b1ca2cc99f549c965908afd4ec5308b3f51bfe?s=96&d=mm&r=g\",\"caption\":\"eldiario detucuman\"},\"url\":\"https:\\\/\\\/www.eldiariodetucuman.com\\\/web\\\/author\\\/eldiariodetucuman\\\/\"}]}<\/script>\n<!-- \/ Yoast SEO plugin. -->","yoast_head_json":{"title":"Se cay\u00f3 la versi\u00f3n Web de Twitter - El Diario de Tucuman","robots":{"index":"index","follow":"follow","max-snippet":"max-snippet:-1","max-image-preview":"max-image-preview:large","max-video-preview":"max-video-preview:-1"},"canonical":"https:\/\/www.eldiariodetucuman.com\/web\/se-cayo-la-version-web-de-twitter\/","og_locale":"es_ES","og_type":"article","og_title":"Se cay\u00f3 la versi\u00f3n Web de Twitter - El Diario de Tucuman","og_description":"La versi\u00f3n web de Twitter, es decir, la que est\u00e1 accesible en www.twitter.com, dej\u00f3 de funcionar este martes cerca del mediod\u00eda. No obstante, el uso a trav\u00e9s de las aplicaciones para m\u00f3viles (oficiales o de terceros) no sufrieron inconvenientes visibles. El 80 por ciento de los usuarios se conectan a este servicio v\u00eda una aplicaci\u00f3n [&hellip;]","og_url":"https:\/\/www.eldiariodetucuman.com\/web\/se-cayo-la-version-web-de-twitter\/","og_site_name":"El Diario de Tucuman","article_published_time":"2018-04-17T15:57:48+00:00","og_image":[{"url":"http:\/\/bucket3.glanacion.com\/anexos\/fotos\/09\/2668009w380.jpg","type":"","width":"","height":""}],"author":"eldiario detucuman","twitter_card":"summary_large_image","twitter_misc":{"Escrito por":"eldiario detucuman","Tiempo de lectura":"1 minuto"},"schema":{"@context":"https:\/\/schema.org","@graph":[{"@type":"Article","@id":"https:\/\/www.eldiariodetucuman.com\/web\/se-cayo-la-version-web-de-twitter\/#article","isPartOf":{"@id":"https:\/\/www.eldiariodetucuman.com\/web\/se-cayo-la-version-web-de-twitter\/"},"author":{"name":"eldiario detucuman","@id":"https:\/\/www.eldiariodetucuman.com\/web\/#\/schema\/person\/6f95946e54fde848b878ffa4928071d5"},"headline":"Se cay\u00f3 la versi\u00f3n Web de Twitter","datePublished":"2018-04-17T15:57:48+00:00","mainEntityOfPage":{"@id":"https:\/\/www.eldiariodetucuman.com\/web\/se-cayo-la-version-web-de-twitter\/"},"wordCount":130,"commentCount":0,"publisher":{"@id":"https:\/\/www.eldiariodetucuman.com\/web\/#organization"},"image":{"@id":"https:\/\/www.eldiariodetucuman.com\/web\/se-cayo-la-version-web-de-twitter\/#primaryimage"},"thumbnailUrl":"http:\/\/bucket3.glanacion.com\/anexos\/fotos\/09\/2668009w380.jpg","articleSection":["ciencia y tecnologia"],"inLanguage":"es","potentialAction":[{"@type":"CommentAction","name":"Comment","target":["https:\/\/www.eldiariodetucuman.com\/web\/se-cayo-la-version-web-de-twitter\/#respond"]}]},{"@type":"WebPage","@id":"https:\/\/www.eldiariodetucuman.com\/web\/se-cayo-la-version-web-de-twitter\/","url":"https:\/\/www.eldiariodetucuman.com\/web\/se-cayo-la-version-web-de-twitter\/","name":"Se cay\u00f3 la versi\u00f3n Web de Twitter - El Diario de Tucuman","isPartOf":{"@id":"https:\/\/www.eldiariodetucuman.com\/web\/#website"},"primaryImageOfPage":{"@id":"https:\/\/www.eldiariodetucuman.com\/web\/se-cayo-la-version-web-de-twitter\/#primaryimage"},"image":{"@id":"https:\/\/www.eldiariodetucuman.com\/web\/se-cayo-la-version-web-de-twitter\/#primaryimage"},"thumbnailUrl":"http:\/\/bucket3.glanacion.com\/anexos\/fotos\/09\/2668009w380.jpg","datePublished":"2018-04-17T15:57:48+00:00","breadcrumb":{"@id":"https:\/\/www.eldiariodetucuman.com\/web\/se-cayo-la-version-web-de-twitter\/#breadcrumb"},"inLanguage":"es","potentialAction":[{"@type":"ReadAction","target":["https:\/\/www.eldiariodetucuman.com\/web\/se-cayo-la-version-web-de-twitter\/"]}]},{"@type":"ImageObject","inLanguage":"es","@id":"https:\/\/www.eldiariodetucuman.com\/web\/se-cayo-la-version-web-de-twitter\/#primaryimage","url":"http:\/\/bucket3.glanacion.com\/anexos\/fotos\/09\/2668009w380.jpg","contentUrl":"http:\/\/bucket3.glanacion.com\/anexos\/fotos\/09\/2668009w380.jpg"},{"@type":"BreadcrumbList","@id":"https:\/\/www.eldiariodetucuman.com\/web\/se-cayo-la-version-web-de-twitter\/#breadcrumb","itemListElement":[{"@type":"ListItem","position":1,"name":"Portada","item":"https:\/\/www.eldiariodetucuman.com\/web\/"},{"@type":"ListItem","position":2,"name":"Se cay\u00f3 la versi\u00f3n Web de Twitter"}]},{"@type":"WebSite","@id":"https:\/\/www.eldiariodetucuman.com\/web\/#website","url":"https:\/\/www.eldiariodetucuman.com\/web\/","name":"El Diario de Tucuman","description":"Diario Tucuman - Informaci\u00f3n y noticias","publisher":{"@id":"https:\/\/www.eldiariodetucuman.com\/web\/#organization"},"potentialAction":[{"@type":"SearchAction","target":{"@type":"EntryPoint","urlTemplate":"https:\/\/www.eldiariodetucuman.com\/web\/?s={search_term_string}"},"query-input":{"@type":"PropertyValueSpecification","valueRequired":true,"valueName":"search_term_string"}}],"inLanguage":"es"},{"@type":"Organization","@id":"https:\/\/www.eldiariodetucuman.com\/web\/#organization","name":"El Diario de Tucuman","url":"https:\/\/www.eldiariodetucuman.com\/web\/","logo":{"@type":"ImageObject","inLanguage":"es","@id":"https:\/\/www.eldiariodetucuman.com\/web\/#\/schema\/logo\/image\/","url":"http:\/\/www.eldiariodetucuman.com\/web\/wp-content\/uploads\/2017\/12\/el-diario-de-tucuman.jpg","contentUrl":"http:\/\/www.eldiariodetucuman.com\/web\/wp-content\/uploads\/2017\/12\/el-diario-de-tucuman.jpg","width":272,"height":92,"caption":"El Diario de Tucuman"},"image":{"@id":"https:\/\/www.eldiariodetucuman.com\/web\/#\/schema\/logo\/image\/"}},{"@type":"Person","@id":"https:\/\/www.eldiariodetucuman.com\/web\/#\/schema\/person\/6f95946e54fde848b878ffa4928071d5","name":"eldiario detucuman","image":{"@type":"ImageObject","inLanguage":"es","@id":"https:\/\/secure.gravatar.com\/avatar\/b6e1f89c5c4044c4962c8e6c20b1ca2cc99f549c965908afd4ec5308b3f51bfe?s=96&d=mm&r=g","url":"https:\/\/secure.gravatar.com\/avatar\/b6e1f89c5c4044c4962c8e6c20b1ca2cc99f549c965908afd4ec5308b3f51bfe?s=96&d=mm&r=g","contentUrl":"https:\/\/secure.gravatar.com\/avatar\/b6e1f89c5c4044c4962c8e6c20b1ca2cc99f549c965908afd4ec5308b3f51bfe?s=96&d=mm&r=g","caption":"eldiario detucuman"},"url":"https:\/\/www.eldiariodetucuman.com\/web\/author\/eldiariodetucuman\/"}]}},"_links":{"self":[{"href":"https:\/\/www.eldiariodetucuman.com\/web\/wp-json\/wp\/v2\/posts\/8687","targetHints":{"allow":["GET"]}}],"collection":[{"href":"https:\/\/www.eldiariodetucuman.com\/web\/wp-json\/wp\/v2\/posts"}],"about":[{"href":"https:\/\/www.eldiariodetucuman.com\/web\/wp-json\/wp\/v2\/types\/post"}],"author":[{"embeddable":true,"href":"https:\/\/www.eldiariodetucuman.com\/web\/wp-json\/wp\/v2\/users\/4"}],"replies":[{"embeddable":true,"href":"https:\/\/www.eldiariodetucuman.com\/web\/wp-json\/wp\/v2\/comments?post=8687"}],"version-history":[{"count":0,"href":"https:\/\/www.eldiariodetucuman.com\/web\/wp-json\/wp\/v2\/posts\/8687\/revisions"}],"wp:attachment":[{"href":"https:\/\/www.eldiariodetucuman.com\/web\/wp-json\/wp\/v2\/media?parent=8687"}],"wp:term":[{"taxonomy":"category","embeddable":true,"href":"https:\/\/www.eldiariodetucuman.com\/web\/wp-json\/wp\/v2\/categories?post=8687"},{"taxonomy":"post_tag","embeddable":true,"href":"https:\/\/www.eldiariodetucuman.com\/web\/wp-json\/wp\/v2\/tags?post=8687"}],"curies":[{"name":"wp","href":"https:\/\/api.w.org\/{rel}","templated":true}]}}