{"id":8685,"date":"2018-04-17T12:50:20","date_gmt":"2018-04-17T15:50:20","guid":{"rendered":"http:\/\/www.eldiariodetucuman.com\/web\/guerrilleros-no-entregaran-cuerpos-de-los-periodistas\/"},"modified":"2018-04-17T12:50:20","modified_gmt":"2018-04-17T15:50:20","slug":"guerrilleros-no-entregaran-cuerpos-de-los-periodistas","status":"publish","type":"post","link":"https:\/\/www.eldiariodetucuman.com\/web\/guerrilleros-no-entregaran-cuerpos-de-los-periodistas\/","title":{"rendered":"Guerrilleros no entregar\u00e1n cuerpos de los periodistas"},"content":{"rendered":"<div>\n<div itemprop=\"articleBody\" readability=\"95.053020961776\">\n<p>La b\u00fasqueda de los cuerpos del equipo de prensa del diario ecuatoriano El Comercio contin\u00faa, por el momento, sin resultados positivos. Y as\u00ed parece que va a seguir, ya que el grupo disidente de las FARC que los secuestr\u00f3 y asesin\u00f3 anunci\u00f3 que no va a entregarlos. En tanto, el presidente de   <a href=\"https:\/\/www.cronica.com.ar\/tags\/Colombia\">Colombia<\/a>,<strong> Juan Manuel Santos<\/strong>, admiti\u00f3 que, seg\u00fan fuentes de inteligencia, el triple crimen fue cometido en su pa\u00eds.<\/p>\n<p>A trav\u00e9s de un comunicado, integrantes del Frente Oliver Sinisterra anunciaron que decidieron suspender la entrega de los cad\u00e1veres del periodista <strong>Javier Ortega<\/strong>, de 36 a\u00f1os; el fot\u00f3grafo <strong>Pa\u00fal Rivas,<\/strong> de 45, y el chofer <strong>Efra\u00edn Segarra,<\/strong> de 60. Lo hicieron luego de que un equipo forense colombiano se dirigiera al municipio de Tumaco, en el sudoeste del pa\u00eds, junto a integrantes del Comit\u00e9 Internacional de la Cruz Roja.<\/p>\n<p>Por otra parte, el presidente Santos revel\u00f3 que informaci\u00f3n de inteligencia confirma que <em>\u201clos cuerpos est\u00e1n del lado colombiano\u201d<\/em>, por lo que entiende que \u201c<em>fueron asesinados en   <a href=\"https:\/\/www.cronica.com.ar\/tags\/Colombia\">Colombia<\/a>\u201d, <\/em>tal como hab\u00eda asegurado desde un primer momento el jefe de Estado ecuatoriano,<strong> Len\u00edn Moreno.<\/strong><\/p>\n<p>De esta manera, cambi\u00f3 su postura respecto de lo que hab\u00eda declarado el viernes, cuando hab\u00eda afirmado que los cr\u00edmenes<em> \u201cse produjeron en Ecuador\u201d<\/em>. El mandatario tambi\u00e9n se refiri\u00f3 a <strong>Walter Art\u00edzala Vernaza<\/strong>, conocido como \u201cGuacho\u201d, l\u00edder del grupo disidente de las FARC.<\/p>\n<p>\u201c<em>Va a caer, tarde o temprano, pero va a caer. Est\u00e1 en una lista que tenemos de objetivos de alto valor. Ning\u00fan criminal que ha llegado a esa lista est\u00e1 vivo o fuera de la c\u00e1rcel<\/em>\u201d, advirti\u00f3.<\/p>\n<p><strong>Detenidos <\/strong><\/p>\n<p>El gobierno ecuatoriano anunci\u00f3 que 43 personas vinculadas al grupo que mat\u00f3 a Rivas, Ortega y Segarra ya fueron apresadas. \u201cY<em>a son 43 miembros de esta organizaci\u00f3n que est\u00e1n detenidos en sus diferentes actividades, quienes facilitaban el apoyo log\u00edstico\u201d<\/em>, explic\u00f3 el comandante de la polic\u00eda, <strong>Ramiro Mantilla.<\/strong><\/p>\n<p>Los operativos en los que se realizaron las detenciones, sigui\u00f3 el funcionario, <em>\u00abafectaron\u00a0gravemente la estructura que ten\u00eda\u00a0Guacho<\/em>\u201d dentro del pa\u00eds y <em>\u201cprincipalmente en la frontera norte\u201d<\/em>. Pese al golpe dado a la organizaci\u00f3n criminal, el l\u00edder es la persona m\u00e1s buscada, por lo que el gobierno ecuatoriano ofreci\u00f3 una recompensa de 100.000 d\u00f3lares para quien aporte datos que permitan su detenci\u00f3n, que se suman a los 148.000 d\u00f3lares ofrecidos por   <a href=\"https:\/\/www.cronica.com.ar\/tags\/Colombia\">Colombia<\/a>.<\/p>\n<\/div>\n<\/div>\n","protected":false},"excerpt":{"rendered":"<p>La b\u00fasqueda de los cuerpos del equipo de prensa del diario ecuatoriano El Comercio contin\u00faa, por el momento, sin resultados positivos. Y as\u00ed parece que va a seguir, ya que el grupo disidente de las FARC que los secuestr\u00f3 y asesin\u00f3 anunci\u00f3 que no va a entregarlos. En tanto, el presidente de Colombia, Juan Manuel [&hellip;]<\/p>\n","protected":false},"author":4,"featured_media":8686,"comment_status":"open","ping_status":"closed","sticky":false,"template":"","format":"standard","meta":{"footnotes":""},"categories":[194],"tags":[],"class_list":{"0":"post-8685","1":"post","2":"type-post","3":"status-publish","4":"format-standard","5":"has-post-thumbnail","7":"category-internacionales"},"yoast_head":"<!-- This site is optimized with the Yoast SEO plugin v27.4 - https:\/\/yoast.com\/product\/yoast-seo-wordpress\/ -->\n<title>Guerrilleros no entregar\u00e1n cuerpos de los periodistas - El Diario de Tucuman<\/title>\n<meta name=\"robots\" content=\"index, follow, max-snippet:-1, max-image-preview:large, max-video-preview:-1\" \/>\n<link rel=\"canonical\" href=\"https:\/\/www.eldiariodetucuman.com\/web\/guerrilleros-no-entregaran-cuerpos-de-los-periodistas\/\" \/>\n<meta property=\"og:locale\" content=\"es_ES\" \/>\n<meta property=\"og:type\" content=\"article\" \/>\n<meta property=\"og:title\" content=\"Guerrilleros no entregar\u00e1n cuerpos de los periodistas - El Diario de Tucuman\" \/>\n<meta property=\"og:description\" content=\"La b\u00fasqueda de los cuerpos del equipo de prensa del diario ecuatoriano El Comercio contin\u00faa, por el momento, sin resultados positivos. Y as\u00ed parece que va a seguir, ya que el grupo disidente de las FARC que los secuestr\u00f3 y asesin\u00f3 anunci\u00f3 que no va a entregarlos. En tanto, el presidente de Colombia, Juan Manuel [&hellip;]\" \/>\n<meta property=\"og:url\" content=\"https:\/\/www.eldiariodetucuman.com\/web\/guerrilleros-no-entregaran-cuerpos-de-los-periodistas\/\" \/>\n<meta property=\"og:site_name\" content=\"El Diario de Tucuman\" \/>\n<meta property=\"article:published_time\" content=\"2018-04-17T15:50:20+00:00\" \/>\n<meta property=\"og:image\" content=\"https:\/\/www.eldiariodetucuman.com\/web\/wp-content\/uploads\/2018\/04\/a6f43171a6eac9994a92c887f92c0379.jpeg\" \/>\n\t<meta property=\"og:image:width\" content=\"970\" \/>\n\t<meta property=\"og:image:height\" content=\"546\" \/>\n\t<meta property=\"og:image:type\" content=\"image\/jpeg\" \/>\n<meta name=\"author\" content=\"eldiario detucuman\" \/>\n<meta name=\"twitter:card\" content=\"summary_large_image\" \/>\n<meta name=\"twitter:label1\" content=\"Escrito por\" \/>\n\t<meta name=\"twitter:data1\" content=\"eldiario detucuman\" \/>\n\t<meta name=\"twitter:label2\" content=\"Tiempo de lectura\" \/>\n\t<meta name=\"twitter:data2\" content=\"2 minutos\" \/>\n<script type=\"application\/ld+json\" class=\"yoast-schema-graph\">{\"@context\":\"https:\\\/\\\/schema.org\",\"@graph\":[{\"@type\":\"Article\",\"@id\":\"https:\\\/\\\/www.eldiariodetucuman.com\\\/web\\\/guerrilleros-no-entregaran-cuerpos-de-los-periodistas\\\/#article\",\"isPartOf\":{\"@id\":\"https:\\\/\\\/www.eldiariodetucuman.com\\\/web\\\/guerrilleros-no-entregaran-cuerpos-de-los-periodistas\\\/\"},\"author\":{\"name\":\"eldiario detucuman\",\"@id\":\"https:\\\/\\\/www.eldiariodetucuman.com\\\/web\\\/#\\\/schema\\\/person\\\/6f95946e54fde848b878ffa4928071d5\"},\"headline\":\"Guerrilleros no entregar\u00e1n cuerpos de los periodistas\",\"datePublished\":\"2018-04-17T15:50:20+00:00\",\"mainEntityOfPage\":{\"@id\":\"https:\\\/\\\/www.eldiariodetucuman.com\\\/web\\\/guerrilleros-no-entregaran-cuerpos-de-los-periodistas\\\/\"},\"wordCount\":419,\"commentCount\":0,\"publisher\":{\"@id\":\"https:\\\/\\\/www.eldiariodetucuman.com\\\/web\\\/#organization\"},\"image\":{\"@id\":\"https:\\\/\\\/www.eldiariodetucuman.com\\\/web\\\/guerrilleros-no-entregaran-cuerpos-de-los-periodistas\\\/#primaryimage\"},\"thumbnailUrl\":\"https:\\\/\\\/www.eldiariodetucuman.com\\\/web\\\/wp-content\\\/uploads\\\/2018\\\/04\\\/a6f43171a6eac9994a92c887f92c0379.jpeg\",\"articleSection\":[\"Internacionales\"],\"inLanguage\":\"es\",\"potentialAction\":[{\"@type\":\"CommentAction\",\"name\":\"Comment\",\"target\":[\"https:\\\/\\\/www.eldiariodetucuman.com\\\/web\\\/guerrilleros-no-entregaran-cuerpos-de-los-periodistas\\\/#respond\"]}]},{\"@type\":\"WebPage\",\"@id\":\"https:\\\/\\\/www.eldiariodetucuman.com\\\/web\\\/guerrilleros-no-entregaran-cuerpos-de-los-periodistas\\\/\",\"url\":\"https:\\\/\\\/www.eldiariodetucuman.com\\\/web\\\/guerrilleros-no-entregaran-cuerpos-de-los-periodistas\\\/\",\"name\":\"Guerrilleros no entregar\u00e1n cuerpos de los periodistas - El Diario de Tucuman\",\"isPartOf\":{\"@id\":\"https:\\\/\\\/www.eldiariodetucuman.com\\\/web\\\/#website\"},\"primaryImageOfPage\":{\"@id\":\"https:\\\/\\\/www.eldiariodetucuman.com\\\/web\\\/guerrilleros-no-entregaran-cuerpos-de-los-periodistas\\\/#primaryimage\"},\"image\":{\"@id\":\"https:\\\/\\\/www.eldiariodetucuman.com\\\/web\\\/guerrilleros-no-entregaran-cuerpos-de-los-periodistas\\\/#primaryimage\"},\"thumbnailUrl\":\"https:\\\/\\\/www.eldiariodetucuman.com\\\/web\\\/wp-content\\\/uploads\\\/2018\\\/04\\\/a6f43171a6eac9994a92c887f92c0379.jpeg\",\"datePublished\":\"2018-04-17T15:50:20+00:00\",\"breadcrumb\":{\"@id\":\"https:\\\/\\\/www.eldiariodetucuman.com\\\/web\\\/guerrilleros-no-entregaran-cuerpos-de-los-periodistas\\\/#breadcrumb\"},\"inLanguage\":\"es\",\"potentialAction\":[{\"@type\":\"ReadAction\",\"target\":[\"https:\\\/\\\/www.eldiariodetucuman.com\\\/web\\\/guerrilleros-no-entregaran-cuerpos-de-los-periodistas\\\/\"]}]},{\"@type\":\"ImageObject\",\"inLanguage\":\"es\",\"@id\":\"https:\\\/\\\/www.eldiariodetucuman.com\\\/web\\\/guerrilleros-no-entregaran-cuerpos-de-los-periodistas\\\/#primaryimage\",\"url\":\"https:\\\/\\\/www.eldiariodetucuman.com\\\/web\\\/wp-content\\\/uploads\\\/2018\\\/04\\\/a6f43171a6eac9994a92c887f92c0379.jpeg\",\"contentUrl\":\"https:\\\/\\\/www.eldiariodetucuman.com\\\/web\\\/wp-content\\\/uploads\\\/2018\\\/04\\\/a6f43171a6eac9994a92c887f92c0379.jpeg\",\"width\":970,\"height\":546},{\"@type\":\"BreadcrumbList\",\"@id\":\"https:\\\/\\\/www.eldiariodetucuman.com\\\/web\\\/guerrilleros-no-entregaran-cuerpos-de-los-periodistas\\\/#breadcrumb\",\"itemListElement\":[{\"@type\":\"ListItem\",\"position\":1,\"name\":\"Portada\",\"item\":\"https:\\\/\\\/www.eldiariodetucuman.com\\\/web\\\/\"},{\"@type\":\"ListItem\",\"position\":2,\"name\":\"Guerrilleros no entregar\u00e1n cuerpos de los periodistas\"}]},{\"@type\":\"WebSite\",\"@id\":\"https:\\\/\\\/www.eldiariodetucuman.com\\\/web\\\/#website\",\"url\":\"https:\\\/\\\/www.eldiariodetucuman.com\\\/web\\\/\",\"name\":\"El Diario de Tucuman\",\"description\":\"Diario Tucuman - Informaci\u00f3n y noticias\",\"publisher\":{\"@id\":\"https:\\\/\\\/www.eldiariodetucuman.com\\\/web\\\/#organization\"},\"potentialAction\":[{\"@type\":\"SearchAction\",\"target\":{\"@type\":\"EntryPoint\",\"urlTemplate\":\"https:\\\/\\\/www.eldiariodetucuman.com\\\/web\\\/?s={search_term_string}\"},\"query-input\":{\"@type\":\"PropertyValueSpecification\",\"valueRequired\":true,\"valueName\":\"search_term_string\"}}],\"inLanguage\":\"es\"},{\"@type\":\"Organization\",\"@id\":\"https:\\\/\\\/www.eldiariodetucuman.com\\\/web\\\/#organization\",\"name\":\"El Diario de Tucuman\",\"url\":\"https:\\\/\\\/www.eldiariodetucuman.com\\\/web\\\/\",\"logo\":{\"@type\":\"ImageObject\",\"inLanguage\":\"es\",\"@id\":\"https:\\\/\\\/www.eldiariodetucuman.com\\\/web\\\/#\\\/schema\\\/logo\\\/image\\\/\",\"url\":\"http:\\\/\\\/www.eldiariodetucuman.com\\\/web\\\/wp-content\\\/uploads\\\/2017\\\/12\\\/el-diario-de-tucuman.jpg\",\"contentUrl\":\"http:\\\/\\\/www.eldiariodetucuman.com\\\/web\\\/wp-content\\\/uploads\\\/2017\\\/12\\\/el-diario-de-tucuman.jpg\",\"width\":272,\"height\":92,\"caption\":\"El Diario de Tucuman\"},\"image\":{\"@id\":\"https:\\\/\\\/www.eldiariodetucuman.com\\\/web\\\/#\\\/schema\\\/logo\\\/image\\\/\"}},{\"@type\":\"Person\",\"@id\":\"https:\\\/\\\/www.eldiariodetucuman.com\\\/web\\\/#\\\/schema\\\/person\\\/6f95946e54fde848b878ffa4928071d5\",\"name\":\"eldiario detucuman\",\"image\":{\"@type\":\"ImageObject\",\"inLanguage\":\"es\",\"@id\":\"https:\\\/\\\/secure.gravatar.com\\\/avatar\\\/b6e1f89c5c4044c4962c8e6c20b1ca2cc99f549c965908afd4ec5308b3f51bfe?s=96&d=mm&r=g\",\"url\":\"https:\\\/\\\/secure.gravatar.com\\\/avatar\\\/b6e1f89c5c4044c4962c8e6c20b1ca2cc99f549c965908afd4ec5308b3f51bfe?s=96&d=mm&r=g\",\"contentUrl\":\"https:\\\/\\\/secure.gravatar.com\\\/avatar\\\/b6e1f89c5c4044c4962c8e6c20b1ca2cc99f549c965908afd4ec5308b3f51bfe?s=96&d=mm&r=g\",\"caption\":\"eldiario detucuman\"},\"url\":\"https:\\\/\\\/www.eldiariodetucuman.com\\\/web\\\/author\\\/eldiariodetucuman\\\/\"}]}<\/script>\n<!-- \/ Yoast SEO plugin. -->","yoast_head_json":{"title":"Guerrilleros no entregar\u00e1n cuerpos de los periodistas - El Diario de Tucuman","robots":{"index":"index","follow":"follow","max-snippet":"max-snippet:-1","max-image-preview":"max-image-preview:large","max-video-preview":"max-video-preview:-1"},"canonical":"https:\/\/www.eldiariodetucuman.com\/web\/guerrilleros-no-entregaran-cuerpos-de-los-periodistas\/","og_locale":"es_ES","og_type":"article","og_title":"Guerrilleros no entregar\u00e1n cuerpos de los periodistas - El Diario de Tucuman","og_description":"La b\u00fasqueda de los cuerpos del equipo de prensa del diario ecuatoriano El Comercio contin\u00faa, por el momento, sin resultados positivos. Y as\u00ed parece que va a seguir, ya que el grupo disidente de las FARC que los secuestr\u00f3 y asesin\u00f3 anunci\u00f3 que no va a entregarlos. En tanto, el presidente de Colombia, Juan Manuel [&hellip;]","og_url":"https:\/\/www.eldiariodetucuman.com\/web\/guerrilleros-no-entregaran-cuerpos-de-los-periodistas\/","og_site_name":"El Diario de Tucuman","article_published_time":"2018-04-17T15:50:20+00:00","og_image":[{"width":970,"height":546,"url":"https:\/\/www.eldiariodetucuman.com\/web\/wp-content\/uploads\/2018\/04\/a6f43171a6eac9994a92c887f92c0379.jpeg","type":"image\/jpeg"}],"author":"eldiario detucuman","twitter_card":"summary_large_image","twitter_misc":{"Escrito por":"eldiario detucuman","Tiempo de lectura":"2 minutos"},"schema":{"@context":"https:\/\/schema.org","@graph":[{"@type":"Article","@id":"https:\/\/www.eldiariodetucuman.com\/web\/guerrilleros-no-entregaran-cuerpos-de-los-periodistas\/#article","isPartOf":{"@id":"https:\/\/www.eldiariodetucuman.com\/web\/guerrilleros-no-entregaran-cuerpos-de-los-periodistas\/"},"author":{"name":"eldiario detucuman","@id":"https:\/\/www.eldiariodetucuman.com\/web\/#\/schema\/person\/6f95946e54fde848b878ffa4928071d5"},"headline":"Guerrilleros no entregar\u00e1n cuerpos de los periodistas","datePublished":"2018-04-17T15:50:20+00:00","mainEntityOfPage":{"@id":"https:\/\/www.eldiariodetucuman.com\/web\/guerrilleros-no-entregaran-cuerpos-de-los-periodistas\/"},"wordCount":419,"commentCount":0,"publisher":{"@id":"https:\/\/www.eldiariodetucuman.com\/web\/#organization"},"image":{"@id":"https:\/\/www.eldiariodetucuman.com\/web\/guerrilleros-no-entregaran-cuerpos-de-los-periodistas\/#primaryimage"},"thumbnailUrl":"https:\/\/www.eldiariodetucuman.com\/web\/wp-content\/uploads\/2018\/04\/a6f43171a6eac9994a92c887f92c0379.jpeg","articleSection":["Internacionales"],"inLanguage":"es","potentialAction":[{"@type":"CommentAction","name":"Comment","target":["https:\/\/www.eldiariodetucuman.com\/web\/guerrilleros-no-entregaran-cuerpos-de-los-periodistas\/#respond"]}]},{"@type":"WebPage","@id":"https:\/\/www.eldiariodetucuman.com\/web\/guerrilleros-no-entregaran-cuerpos-de-los-periodistas\/","url":"https:\/\/www.eldiariodetucuman.com\/web\/guerrilleros-no-entregaran-cuerpos-de-los-periodistas\/","name":"Guerrilleros no entregar\u00e1n cuerpos de los periodistas - El Diario de Tucuman","isPartOf":{"@id":"https:\/\/www.eldiariodetucuman.com\/web\/#website"},"primaryImageOfPage":{"@id":"https:\/\/www.eldiariodetucuman.com\/web\/guerrilleros-no-entregaran-cuerpos-de-los-periodistas\/#primaryimage"},"image":{"@id":"https:\/\/www.eldiariodetucuman.com\/web\/guerrilleros-no-entregaran-cuerpos-de-los-periodistas\/#primaryimage"},"thumbnailUrl":"https:\/\/www.eldiariodetucuman.com\/web\/wp-content\/uploads\/2018\/04\/a6f43171a6eac9994a92c887f92c0379.jpeg","datePublished":"2018-04-17T15:50:20+00:00","breadcrumb":{"@id":"https:\/\/www.eldiariodetucuman.com\/web\/guerrilleros-no-entregaran-cuerpos-de-los-periodistas\/#breadcrumb"},"inLanguage":"es","potentialAction":[{"@type":"ReadAction","target":["https:\/\/www.eldiariodetucuman.com\/web\/guerrilleros-no-entregaran-cuerpos-de-los-periodistas\/"]}]},{"@type":"ImageObject","inLanguage":"es","@id":"https:\/\/www.eldiariodetucuman.com\/web\/guerrilleros-no-entregaran-cuerpos-de-los-periodistas\/#primaryimage","url":"https:\/\/www.eldiariodetucuman.com\/web\/wp-content\/uploads\/2018\/04\/a6f43171a6eac9994a92c887f92c0379.jpeg","contentUrl":"https:\/\/www.eldiariodetucuman.com\/web\/wp-content\/uploads\/2018\/04\/a6f43171a6eac9994a92c887f92c0379.jpeg","width":970,"height":546},{"@type":"BreadcrumbList","@id":"https:\/\/www.eldiariodetucuman.com\/web\/guerrilleros-no-entregaran-cuerpos-de-los-periodistas\/#breadcrumb","itemListElement":[{"@type":"ListItem","position":1,"name":"Portada","item":"https:\/\/www.eldiariodetucuman.com\/web\/"},{"@type":"ListItem","position":2,"name":"Guerrilleros no entregar\u00e1n cuerpos de los periodistas"}]},{"@type":"WebSite","@id":"https:\/\/www.eldiariodetucuman.com\/web\/#website","url":"https:\/\/www.eldiariodetucuman.com\/web\/","name":"El Diario de Tucuman","description":"Diario Tucuman - Informaci\u00f3n y noticias","publisher":{"@id":"https:\/\/www.eldiariodetucuman.com\/web\/#organization"},"potentialAction":[{"@type":"SearchAction","target":{"@type":"EntryPoint","urlTemplate":"https:\/\/www.eldiariodetucuman.com\/web\/?s={search_term_string}"},"query-input":{"@type":"PropertyValueSpecification","valueRequired":true,"valueName":"search_term_string"}}],"inLanguage":"es"},{"@type":"Organization","@id":"https:\/\/www.eldiariodetucuman.com\/web\/#organization","name":"El Diario de Tucuman","url":"https:\/\/www.eldiariodetucuman.com\/web\/","logo":{"@type":"ImageObject","inLanguage":"es","@id":"https:\/\/www.eldiariodetucuman.com\/web\/#\/schema\/logo\/image\/","url":"http:\/\/www.eldiariodetucuman.com\/web\/wp-content\/uploads\/2017\/12\/el-diario-de-tucuman.jpg","contentUrl":"http:\/\/www.eldiariodetucuman.com\/web\/wp-content\/uploads\/2017\/12\/el-diario-de-tucuman.jpg","width":272,"height":92,"caption":"El Diario de Tucuman"},"image":{"@id":"https:\/\/www.eldiariodetucuman.com\/web\/#\/schema\/logo\/image\/"}},{"@type":"Person","@id":"https:\/\/www.eldiariodetucuman.com\/web\/#\/schema\/person\/6f95946e54fde848b878ffa4928071d5","name":"eldiario detucuman","image":{"@type":"ImageObject","inLanguage":"es","@id":"https:\/\/secure.gravatar.com\/avatar\/b6e1f89c5c4044c4962c8e6c20b1ca2cc99f549c965908afd4ec5308b3f51bfe?s=96&d=mm&r=g","url":"https:\/\/secure.gravatar.com\/avatar\/b6e1f89c5c4044c4962c8e6c20b1ca2cc99f549c965908afd4ec5308b3f51bfe?s=96&d=mm&r=g","contentUrl":"https:\/\/secure.gravatar.com\/avatar\/b6e1f89c5c4044c4962c8e6c20b1ca2cc99f549c965908afd4ec5308b3f51bfe?s=96&d=mm&r=g","caption":"eldiario detucuman"},"url":"https:\/\/www.eldiariodetucuman.com\/web\/author\/eldiariodetucuman\/"}]}},"_links":{"self":[{"href":"https:\/\/www.eldiariodetucuman.com\/web\/wp-json\/wp\/v2\/posts\/8685","targetHints":{"allow":["GET"]}}],"collection":[{"href":"https:\/\/www.eldiariodetucuman.com\/web\/wp-json\/wp\/v2\/posts"}],"about":[{"href":"https:\/\/www.eldiariodetucuman.com\/web\/wp-json\/wp\/v2\/types\/post"}],"author":[{"embeddable":true,"href":"https:\/\/www.eldiariodetucuman.com\/web\/wp-json\/wp\/v2\/users\/4"}],"replies":[{"embeddable":true,"href":"https:\/\/www.eldiariodetucuman.com\/web\/wp-json\/wp\/v2\/comments?post=8685"}],"version-history":[{"count":0,"href":"https:\/\/www.eldiariodetucuman.com\/web\/wp-json\/wp\/v2\/posts\/8685\/revisions"}],"wp:featuredmedia":[{"embeddable":true,"href":"https:\/\/www.eldiariodetucuman.com\/web\/wp-json\/wp\/v2\/media\/8686"}],"wp:attachment":[{"href":"https:\/\/www.eldiariodetucuman.com\/web\/wp-json\/wp\/v2\/media?parent=8685"}],"wp:term":[{"taxonomy":"category","embeddable":true,"href":"https:\/\/www.eldiariodetucuman.com\/web\/wp-json\/wp\/v2\/categories?post=8685"},{"taxonomy":"post_tag","embeddable":true,"href":"https:\/\/www.eldiariodetucuman.com\/web\/wp-json\/wp\/v2\/tags?post=8685"}],"curies":[{"name":"wp","href":"https:\/\/api.w.org\/{rel}","templated":true}]}}