{"id":8681,"date":"2018-04-17T12:50:04","date_gmt":"2018-04-17T15:50:04","guid":{"rendered":"http:\/\/www.eldiariodetucuman.com\/web\/macron-dijo-que-el-ataque-a-siria-se-hizo-en-honor-a-la-comunidad-internacional\/"},"modified":"2018-04-17T12:50:04","modified_gmt":"2018-04-17T15:50:04","slug":"macron-dijo-que-el-ataque-a-siria-se-hizo-en-honor-a-la-comunidad-internacional","status":"publish","type":"post","link":"https:\/\/www.eldiariodetucuman.com\/web\/macron-dijo-que-el-ataque-a-siria-se-hizo-en-honor-a-la-comunidad-internacional\/","title":{"rendered":"Macron dijo que el ataque a Siria se hizo \u00aben honor a la comunidad internacional\u00bb"},"content":{"rendered":"<div>\n<div itemprop=\"articleBody\" readability=\"89.89243697479\">\n<p>El presidente franc\u00e9s,<strong>   <a href=\"https:\/\/www.cronica.com.ar\/tags\/Emmanuel%20Macron\">Emmanuel Macron<\/a>,<\/strong> volvi\u00f3 a defender\u00a0la intervenci\u00f3n de su pa\u00eds en el ataque a   <a href=\"https:\/\/www.cronica.com.ar\/tags\/Siria\">Siria<\/a> del s\u00e1bado \u00faltimo, remarcando que se produjo dentro de \u201c<em>un marco leg\u00edtimo<\/em>\u201d y que no tuvo nada que ver con acciones anteriores en Irak o Libia.<\/p>\n<p>\u00ab<em><strong>Bashar\u00a0Al Assad <\/strong>est\u00e1 en guerra con su pueblo. Ten\u00edamos el deber de intervenir para defender nuestros valores. Adem\u00e1s, las resoluciones de   <a href=\"https:\/\/www.cronica.com.ar\/tags\/Naciones%20Unidas\">Naciones Unidas<\/a> preve\u00edan el uso de la fuerza y el presidente ruso, <strong>Vlamidir Putin<\/strong>, dijo hace un a\u00f1o en Par\u00eds que estaba de acuerdo<\/em>\u201d, afirm\u00f3 Macron en una intervenci\u00f3n ante el pleno de la Euroc\u00e1mara.<\/p>\n<p>\u00ab<em>En el contexto concreto de lucha contra el terrorismo, tres pa\u00edses hemos tenido que intervenir y hacer honor a la comunidad internacional. Lo hemos hecho dentro de un marco leg\u00edtimo y multilateral y sin v\u00edctimas civiles<\/em>\u201d, a\u00f1adi\u00f3 Macron sobre la intervenci\u00f3n militar contra el presunto uso de armas qu\u00edmicas por parte del gobierno sirio en la ciudad de Duma, impulsada por   <a href=\"https:\/\/www.cronica.com.ar\/tags\/Estados%20Unidos\">Estados Unidos<\/a>, y a la que de inmediato se sumaron   <a href=\"https:\/\/www.cronica.com.ar\/tags\/Francia\">Francia<\/a> y el   <a href=\"https:\/\/www.cronica.com.ar\/tags\/Reino%20Unido\">Reino Unido<\/a>.<\/p>\n<p>Ante las cr\u00edticas de algunos eurodiputados de la Izquierda Unitaria, Verdes y fuerzas euroesc\u00e9pticas de haber intervenido en   <a href=\"https:\/\/www.cronica.com.ar\/tags\/Siria\">Siria<\/a> como en el pasado otros pa\u00edses como Irak, Macron intent\u00f3 diferenciar claramente esas acciones. \u00ab<em>Esta intervenci\u00f3n de   <a href=\"https:\/\/www.cronica.com.ar\/tags\/Francia\">Francia<\/a> y otros no tiene nada que ver con Irak o Libia. No tiene nada que ver porque no hemos declarado la guerra a   <a href=\"https:\/\/www.cronica.com.ar\/tags\/Siria\">Siria<\/a><\/em>\u201d, aleg\u00f3 el mandatario, agregando que Al Assad \u201c<em>es el que est\u00e1 haciendo la guerra contra su propio pueblo<\/em>\u201d.<\/p>\n<p>Macron se\u00f1al\u00f3 que seguir\u00e1 trabajando por la paz en   <a href=\"https:\/\/www.cronica.com.ar\/tags\/Siria\">Siria<\/a> y que para ello el pr\u00f3ximo paso es que el Consejo de Seguridad de   <a href=\"https:\/\/www.cronica.com.ar\/tags\/Naciones%20Unidas\">Naciones Unidas<\/a> establezca un marco de prohibici\u00f3n de armas qu\u00edmicas y se creen corredores humanitarios en el pa\u00eds.<\/p>\n<p>\u00ab<em>El objetivo de todos debe ser la reconstrucci\u00f3n de   <a href=\"https:\/\/www.cronica.com.ar\/tags\/Siria\">Siria<\/a>. No se puede dejar a la poblaci\u00f3n en manos de Al Assad y de sus aliados, que est\u00e1n haciendo el trabajo sucio<\/em>\u201d, concluy\u00f3 Macron, quien busc\u00f3 reforzar su postura tras las cr\u00edticas que recibi\u00f3 en su pa\u00eds.\u00a0<\/p>\n<p><em><u><strong>En la misma l\u00ednea<\/strong><\/u><\/em><\/p>\n<p>La primera ministra brit\u00e1nica, <strong>Theresa May<\/strong>, tambi\u00e9n se defendi\u00f3\u00a0en el Parlamento ante la lluvia de cr\u00edticas de la oposici\u00f3n y sostuvo que el ataque coordinado con   <a href=\"https:\/\/www.cronica.com.ar\/tags\/Estados%20Unidos\">Estados Unidos<\/a> y   <a href=\"https:\/\/www.cronica.com.ar\/tags\/Francia\">Francia<\/a> el fin de semana contra objetivos del Ej\u00e9rcito sirio fue \u201c<em>legal y necesario<\/em>\u201d para evitar \u201c<em>m\u00e1s sufrimiento humano<\/em>\u201d.<\/p>\n<p>La principal cr\u00edtica que enfrent\u00f3 May fue por haber tomado la decisi\u00f3n de atacar militarmente otro pa\u00eds sin la aprobaci\u00f3n del Parlamento, como establece el derecho interno y sin la autorizaci\u00f3n del Consejo de Seguridad, como requiere el derecho internacional.\u00a0<\/p>\n<p>May se justific\u00f3 al afirmar que hab\u00eda suficiente evidencia de que el gobierno sirio de Bashar al Assad estaba detr\u00e1s del presunto ataque con armas qu\u00edmicas contra la asediada localidad de Duma, una de las pocas en manos rebeldes en los suburbios de Damasco, el s\u00e1bado 7 de abril pasado.<\/p>\n<\/div>\n<\/div>\n","protected":false},"excerpt":{"rendered":"<p>El presidente franc\u00e9s, Emmanuel Macron, volvi\u00f3 a defender\u00a0la intervenci\u00f3n de su pa\u00eds en el ataque a Siria del s\u00e1bado \u00faltimo, remarcando que se produjo dentro de \u201cun marco leg\u00edtimo\u201d y que no tuvo nada que ver con acciones anteriores en Irak o Libia. \u00abBashar\u00a0Al Assad est\u00e1 en guerra con su pueblo. Ten\u00edamos el deber de [&hellip;]<\/p>\n","protected":false},"author":4,"featured_media":8682,"comment_status":"open","ping_status":"closed","sticky":false,"template":"","format":"standard","meta":{"footnotes":""},"categories":[194],"tags":[],"class_list":{"0":"post-8681","1":"post","2":"type-post","3":"status-publish","4":"format-standard","5":"has-post-thumbnail","7":"category-internacionales"},"yoast_head":"<!-- This site is optimized with the Yoast SEO plugin v27.4 - https:\/\/yoast.com\/product\/yoast-seo-wordpress\/ -->\n<title>Macron dijo que el ataque a Siria se hizo &quot;en honor a la comunidad internacional&quot; - El Diario de Tucuman<\/title>\n<meta name=\"robots\" content=\"index, follow, max-snippet:-1, max-image-preview:large, max-video-preview:-1\" \/>\n<link rel=\"canonical\" href=\"https:\/\/www.eldiariodetucuman.com\/web\/macron-dijo-que-el-ataque-a-siria-se-hizo-en-honor-a-la-comunidad-internacional\/\" \/>\n<meta property=\"og:locale\" content=\"es_ES\" \/>\n<meta property=\"og:type\" content=\"article\" \/>\n<meta property=\"og:title\" content=\"Macron dijo que el ataque a Siria se hizo &quot;en honor a la comunidad internacional&quot; - El Diario de Tucuman\" \/>\n<meta property=\"og:description\" content=\"El presidente franc\u00e9s, Emmanuel Macron, volvi\u00f3 a defender\u00a0la intervenci\u00f3n de su pa\u00eds en el ataque a Siria del s\u00e1bado \u00faltimo, remarcando que se produjo dentro de \u201cun marco leg\u00edtimo\u201d y que no tuvo nada que ver con acciones anteriores en Irak o Libia. \u00abBashar\u00a0Al Assad est\u00e1 en guerra con su pueblo. Ten\u00edamos el deber de [&hellip;]\" \/>\n<meta property=\"og:url\" content=\"https:\/\/www.eldiariodetucuman.com\/web\/macron-dijo-que-el-ataque-a-siria-se-hizo-en-honor-a-la-comunidad-internacional\/\" \/>\n<meta property=\"og:site_name\" content=\"El Diario de Tucuman\" \/>\n<meta property=\"article:published_time\" content=\"2018-04-17T15:50:04+00:00\" \/>\n<meta property=\"og:image\" content=\"https:\/\/www.eldiariodetucuman.com\/web\/wp-content\/uploads\/2018\/04\/d0d56b502c748a5af292a42cb419d3f8.jpeg\" \/>\n\t<meta property=\"og:image:width\" content=\"970\" \/>\n\t<meta property=\"og:image:height\" content=\"546\" \/>\n\t<meta property=\"og:image:type\" content=\"image\/jpeg\" \/>\n<meta name=\"author\" content=\"eldiario detucuman\" \/>\n<meta name=\"twitter:card\" content=\"summary_large_image\" \/>\n<meta name=\"twitter:label1\" content=\"Escrito por\" \/>\n\t<meta name=\"twitter:data1\" content=\"eldiario detucuman\" \/>\n\t<meta name=\"twitter:label2\" content=\"Tiempo de lectura\" \/>\n\t<meta name=\"twitter:data2\" content=\"3 minutos\" \/>\n<script type=\"application\/ld+json\" class=\"yoast-schema-graph\">{\"@context\":\"https:\\\/\\\/schema.org\",\"@graph\":[{\"@type\":\"Article\",\"@id\":\"https:\\\/\\\/www.eldiariodetucuman.com\\\/web\\\/macron-dijo-que-el-ataque-a-siria-se-hizo-en-honor-a-la-comunidad-internacional\\\/#article\",\"isPartOf\":{\"@id\":\"https:\\\/\\\/www.eldiariodetucuman.com\\\/web\\\/macron-dijo-que-el-ataque-a-siria-se-hizo-en-honor-a-la-comunidad-internacional\\\/\"},\"author\":{\"name\":\"eldiario detucuman\",\"@id\":\"https:\\\/\\\/www.eldiariodetucuman.com\\\/web\\\/#\\\/schema\\\/person\\\/6f95946e54fde848b878ffa4928071d5\"},\"headline\":\"Macron dijo que el ataque a Siria se hizo \u00aben honor a la comunidad internacional\u00bb\",\"datePublished\":\"2018-04-17T15:50:04+00:00\",\"mainEntityOfPage\":{\"@id\":\"https:\\\/\\\/www.eldiariodetucuman.com\\\/web\\\/macron-dijo-que-el-ataque-a-siria-se-hizo-en-honor-a-la-comunidad-internacional\\\/\"},\"wordCount\":550,\"commentCount\":0,\"publisher\":{\"@id\":\"https:\\\/\\\/www.eldiariodetucuman.com\\\/web\\\/#organization\"},\"image\":{\"@id\":\"https:\\\/\\\/www.eldiariodetucuman.com\\\/web\\\/macron-dijo-que-el-ataque-a-siria-se-hizo-en-honor-a-la-comunidad-internacional\\\/#primaryimage\"},\"thumbnailUrl\":\"https:\\\/\\\/www.eldiariodetucuman.com\\\/web\\\/wp-content\\\/uploads\\\/2018\\\/04\\\/d0d56b502c748a5af292a42cb419d3f8.jpeg\",\"articleSection\":[\"Internacionales\"],\"inLanguage\":\"es\",\"potentialAction\":[{\"@type\":\"CommentAction\",\"name\":\"Comment\",\"target\":[\"https:\\\/\\\/www.eldiariodetucuman.com\\\/web\\\/macron-dijo-que-el-ataque-a-siria-se-hizo-en-honor-a-la-comunidad-internacional\\\/#respond\"]}]},{\"@type\":\"WebPage\",\"@id\":\"https:\\\/\\\/www.eldiariodetucuman.com\\\/web\\\/macron-dijo-que-el-ataque-a-siria-se-hizo-en-honor-a-la-comunidad-internacional\\\/\",\"url\":\"https:\\\/\\\/www.eldiariodetucuman.com\\\/web\\\/macron-dijo-que-el-ataque-a-siria-se-hizo-en-honor-a-la-comunidad-internacional\\\/\",\"name\":\"Macron dijo que el ataque a Siria se hizo \\\"en honor a la comunidad internacional\\\" - El Diario de Tucuman\",\"isPartOf\":{\"@id\":\"https:\\\/\\\/www.eldiariodetucuman.com\\\/web\\\/#website\"},\"primaryImageOfPage\":{\"@id\":\"https:\\\/\\\/www.eldiariodetucuman.com\\\/web\\\/macron-dijo-que-el-ataque-a-siria-se-hizo-en-honor-a-la-comunidad-internacional\\\/#primaryimage\"},\"image\":{\"@id\":\"https:\\\/\\\/www.eldiariodetucuman.com\\\/web\\\/macron-dijo-que-el-ataque-a-siria-se-hizo-en-honor-a-la-comunidad-internacional\\\/#primaryimage\"},\"thumbnailUrl\":\"https:\\\/\\\/www.eldiariodetucuman.com\\\/web\\\/wp-content\\\/uploads\\\/2018\\\/04\\\/d0d56b502c748a5af292a42cb419d3f8.jpeg\",\"datePublished\":\"2018-04-17T15:50:04+00:00\",\"breadcrumb\":{\"@id\":\"https:\\\/\\\/www.eldiariodetucuman.com\\\/web\\\/macron-dijo-que-el-ataque-a-siria-se-hizo-en-honor-a-la-comunidad-internacional\\\/#breadcrumb\"},\"inLanguage\":\"es\",\"potentialAction\":[{\"@type\":\"ReadAction\",\"target\":[\"https:\\\/\\\/www.eldiariodetucuman.com\\\/web\\\/macron-dijo-que-el-ataque-a-siria-se-hizo-en-honor-a-la-comunidad-internacional\\\/\"]}]},{\"@type\":\"ImageObject\",\"inLanguage\":\"es\",\"@id\":\"https:\\\/\\\/www.eldiariodetucuman.com\\\/web\\\/macron-dijo-que-el-ataque-a-siria-se-hizo-en-honor-a-la-comunidad-internacional\\\/#primaryimage\",\"url\":\"https:\\\/\\\/www.eldiariodetucuman.com\\\/web\\\/wp-content\\\/uploads\\\/2018\\\/04\\\/d0d56b502c748a5af292a42cb419d3f8.jpeg\",\"contentUrl\":\"https:\\\/\\\/www.eldiariodetucuman.com\\\/web\\\/wp-content\\\/uploads\\\/2018\\\/04\\\/d0d56b502c748a5af292a42cb419d3f8.jpeg\",\"width\":970,\"height\":546},{\"@type\":\"BreadcrumbList\",\"@id\":\"https:\\\/\\\/www.eldiariodetucuman.com\\\/web\\\/macron-dijo-que-el-ataque-a-siria-se-hizo-en-honor-a-la-comunidad-internacional\\\/#breadcrumb\",\"itemListElement\":[{\"@type\":\"ListItem\",\"position\":1,\"name\":\"Portada\",\"item\":\"https:\\\/\\\/www.eldiariodetucuman.com\\\/web\\\/\"},{\"@type\":\"ListItem\",\"position\":2,\"name\":\"Macron dijo que el ataque a Siria se hizo \u00aben honor a la comunidad internacional\u00bb\"}]},{\"@type\":\"WebSite\",\"@id\":\"https:\\\/\\\/www.eldiariodetucuman.com\\\/web\\\/#website\",\"url\":\"https:\\\/\\\/www.eldiariodetucuman.com\\\/web\\\/\",\"name\":\"El Diario de Tucuman\",\"description\":\"Diario Tucuman - Informaci\u00f3n y noticias\",\"publisher\":{\"@id\":\"https:\\\/\\\/www.eldiariodetucuman.com\\\/web\\\/#organization\"},\"potentialAction\":[{\"@type\":\"SearchAction\",\"target\":{\"@type\":\"EntryPoint\",\"urlTemplate\":\"https:\\\/\\\/www.eldiariodetucuman.com\\\/web\\\/?s={search_term_string}\"},\"query-input\":{\"@type\":\"PropertyValueSpecification\",\"valueRequired\":true,\"valueName\":\"search_term_string\"}}],\"inLanguage\":\"es\"},{\"@type\":\"Organization\",\"@id\":\"https:\\\/\\\/www.eldiariodetucuman.com\\\/web\\\/#organization\",\"name\":\"El Diario de Tucuman\",\"url\":\"https:\\\/\\\/www.eldiariodetucuman.com\\\/web\\\/\",\"logo\":{\"@type\":\"ImageObject\",\"inLanguage\":\"es\",\"@id\":\"https:\\\/\\\/www.eldiariodetucuman.com\\\/web\\\/#\\\/schema\\\/logo\\\/image\\\/\",\"url\":\"http:\\\/\\\/www.eldiariodetucuman.com\\\/web\\\/wp-content\\\/uploads\\\/2017\\\/12\\\/el-diario-de-tucuman.jpg\",\"contentUrl\":\"http:\\\/\\\/www.eldiariodetucuman.com\\\/web\\\/wp-content\\\/uploads\\\/2017\\\/12\\\/el-diario-de-tucuman.jpg\",\"width\":272,\"height\":92,\"caption\":\"El Diario de Tucuman\"},\"image\":{\"@id\":\"https:\\\/\\\/www.eldiariodetucuman.com\\\/web\\\/#\\\/schema\\\/logo\\\/image\\\/\"}},{\"@type\":\"Person\",\"@id\":\"https:\\\/\\\/www.eldiariodetucuman.com\\\/web\\\/#\\\/schema\\\/person\\\/6f95946e54fde848b878ffa4928071d5\",\"name\":\"eldiario detucuman\",\"image\":{\"@type\":\"ImageObject\",\"inLanguage\":\"es\",\"@id\":\"https:\\\/\\\/secure.gravatar.com\\\/avatar\\\/b6e1f89c5c4044c4962c8e6c20b1ca2cc99f549c965908afd4ec5308b3f51bfe?s=96&d=mm&r=g\",\"url\":\"https:\\\/\\\/secure.gravatar.com\\\/avatar\\\/b6e1f89c5c4044c4962c8e6c20b1ca2cc99f549c965908afd4ec5308b3f51bfe?s=96&d=mm&r=g\",\"contentUrl\":\"https:\\\/\\\/secure.gravatar.com\\\/avatar\\\/b6e1f89c5c4044c4962c8e6c20b1ca2cc99f549c965908afd4ec5308b3f51bfe?s=96&d=mm&r=g\",\"caption\":\"eldiario detucuman\"},\"url\":\"https:\\\/\\\/www.eldiariodetucuman.com\\\/web\\\/author\\\/eldiariodetucuman\\\/\"}]}<\/script>\n<!-- \/ Yoast SEO plugin. -->","yoast_head_json":{"title":"Macron dijo que el ataque a Siria se hizo \"en honor a la comunidad internacional\" - El Diario de Tucuman","robots":{"index":"index","follow":"follow","max-snippet":"max-snippet:-1","max-image-preview":"max-image-preview:large","max-video-preview":"max-video-preview:-1"},"canonical":"https:\/\/www.eldiariodetucuman.com\/web\/macron-dijo-que-el-ataque-a-siria-se-hizo-en-honor-a-la-comunidad-internacional\/","og_locale":"es_ES","og_type":"article","og_title":"Macron dijo que el ataque a Siria se hizo \"en honor a la comunidad internacional\" - El Diario de Tucuman","og_description":"El presidente franc\u00e9s, Emmanuel Macron, volvi\u00f3 a defender\u00a0la intervenci\u00f3n de su pa\u00eds en el ataque a Siria del s\u00e1bado \u00faltimo, remarcando que se produjo dentro de \u201cun marco leg\u00edtimo\u201d y que no tuvo nada que ver con acciones anteriores en Irak o Libia. \u00abBashar\u00a0Al Assad est\u00e1 en guerra con su pueblo. Ten\u00edamos el deber de [&hellip;]","og_url":"https:\/\/www.eldiariodetucuman.com\/web\/macron-dijo-que-el-ataque-a-siria-se-hizo-en-honor-a-la-comunidad-internacional\/","og_site_name":"El Diario de Tucuman","article_published_time":"2018-04-17T15:50:04+00:00","og_image":[{"width":970,"height":546,"url":"https:\/\/www.eldiariodetucuman.com\/web\/wp-content\/uploads\/2018\/04\/d0d56b502c748a5af292a42cb419d3f8.jpeg","type":"image\/jpeg"}],"author":"eldiario detucuman","twitter_card":"summary_large_image","twitter_misc":{"Escrito por":"eldiario detucuman","Tiempo de lectura":"3 minutos"},"schema":{"@context":"https:\/\/schema.org","@graph":[{"@type":"Article","@id":"https:\/\/www.eldiariodetucuman.com\/web\/macron-dijo-que-el-ataque-a-siria-se-hizo-en-honor-a-la-comunidad-internacional\/#article","isPartOf":{"@id":"https:\/\/www.eldiariodetucuman.com\/web\/macron-dijo-que-el-ataque-a-siria-se-hizo-en-honor-a-la-comunidad-internacional\/"},"author":{"name":"eldiario detucuman","@id":"https:\/\/www.eldiariodetucuman.com\/web\/#\/schema\/person\/6f95946e54fde848b878ffa4928071d5"},"headline":"Macron dijo que el ataque a Siria se hizo \u00aben honor a la comunidad internacional\u00bb","datePublished":"2018-04-17T15:50:04+00:00","mainEntityOfPage":{"@id":"https:\/\/www.eldiariodetucuman.com\/web\/macron-dijo-que-el-ataque-a-siria-se-hizo-en-honor-a-la-comunidad-internacional\/"},"wordCount":550,"commentCount":0,"publisher":{"@id":"https:\/\/www.eldiariodetucuman.com\/web\/#organization"},"image":{"@id":"https:\/\/www.eldiariodetucuman.com\/web\/macron-dijo-que-el-ataque-a-siria-se-hizo-en-honor-a-la-comunidad-internacional\/#primaryimage"},"thumbnailUrl":"https:\/\/www.eldiariodetucuman.com\/web\/wp-content\/uploads\/2018\/04\/d0d56b502c748a5af292a42cb419d3f8.jpeg","articleSection":["Internacionales"],"inLanguage":"es","potentialAction":[{"@type":"CommentAction","name":"Comment","target":["https:\/\/www.eldiariodetucuman.com\/web\/macron-dijo-que-el-ataque-a-siria-se-hizo-en-honor-a-la-comunidad-internacional\/#respond"]}]},{"@type":"WebPage","@id":"https:\/\/www.eldiariodetucuman.com\/web\/macron-dijo-que-el-ataque-a-siria-se-hizo-en-honor-a-la-comunidad-internacional\/","url":"https:\/\/www.eldiariodetucuman.com\/web\/macron-dijo-que-el-ataque-a-siria-se-hizo-en-honor-a-la-comunidad-internacional\/","name":"Macron dijo que el ataque a Siria se hizo \"en honor a la comunidad internacional\" - El Diario de Tucuman","isPartOf":{"@id":"https:\/\/www.eldiariodetucuman.com\/web\/#website"},"primaryImageOfPage":{"@id":"https:\/\/www.eldiariodetucuman.com\/web\/macron-dijo-que-el-ataque-a-siria-se-hizo-en-honor-a-la-comunidad-internacional\/#primaryimage"},"image":{"@id":"https:\/\/www.eldiariodetucuman.com\/web\/macron-dijo-que-el-ataque-a-siria-se-hizo-en-honor-a-la-comunidad-internacional\/#primaryimage"},"thumbnailUrl":"https:\/\/www.eldiariodetucuman.com\/web\/wp-content\/uploads\/2018\/04\/d0d56b502c748a5af292a42cb419d3f8.jpeg","datePublished":"2018-04-17T15:50:04+00:00","breadcrumb":{"@id":"https:\/\/www.eldiariodetucuman.com\/web\/macron-dijo-que-el-ataque-a-siria-se-hizo-en-honor-a-la-comunidad-internacional\/#breadcrumb"},"inLanguage":"es","potentialAction":[{"@type":"ReadAction","target":["https:\/\/www.eldiariodetucuman.com\/web\/macron-dijo-que-el-ataque-a-siria-se-hizo-en-honor-a-la-comunidad-internacional\/"]}]},{"@type":"ImageObject","inLanguage":"es","@id":"https:\/\/www.eldiariodetucuman.com\/web\/macron-dijo-que-el-ataque-a-siria-se-hizo-en-honor-a-la-comunidad-internacional\/#primaryimage","url":"https:\/\/www.eldiariodetucuman.com\/web\/wp-content\/uploads\/2018\/04\/d0d56b502c748a5af292a42cb419d3f8.jpeg","contentUrl":"https:\/\/www.eldiariodetucuman.com\/web\/wp-content\/uploads\/2018\/04\/d0d56b502c748a5af292a42cb419d3f8.jpeg","width":970,"height":546},{"@type":"BreadcrumbList","@id":"https:\/\/www.eldiariodetucuman.com\/web\/macron-dijo-que-el-ataque-a-siria-se-hizo-en-honor-a-la-comunidad-internacional\/#breadcrumb","itemListElement":[{"@type":"ListItem","position":1,"name":"Portada","item":"https:\/\/www.eldiariodetucuman.com\/web\/"},{"@type":"ListItem","position":2,"name":"Macron dijo que el ataque a Siria se hizo \u00aben honor a la comunidad internacional\u00bb"}]},{"@type":"WebSite","@id":"https:\/\/www.eldiariodetucuman.com\/web\/#website","url":"https:\/\/www.eldiariodetucuman.com\/web\/","name":"El Diario de Tucuman","description":"Diario Tucuman - Informaci\u00f3n y noticias","publisher":{"@id":"https:\/\/www.eldiariodetucuman.com\/web\/#organization"},"potentialAction":[{"@type":"SearchAction","target":{"@type":"EntryPoint","urlTemplate":"https:\/\/www.eldiariodetucuman.com\/web\/?s={search_term_string}"},"query-input":{"@type":"PropertyValueSpecification","valueRequired":true,"valueName":"search_term_string"}}],"inLanguage":"es"},{"@type":"Organization","@id":"https:\/\/www.eldiariodetucuman.com\/web\/#organization","name":"El Diario de Tucuman","url":"https:\/\/www.eldiariodetucuman.com\/web\/","logo":{"@type":"ImageObject","inLanguage":"es","@id":"https:\/\/www.eldiariodetucuman.com\/web\/#\/schema\/logo\/image\/","url":"http:\/\/www.eldiariodetucuman.com\/web\/wp-content\/uploads\/2017\/12\/el-diario-de-tucuman.jpg","contentUrl":"http:\/\/www.eldiariodetucuman.com\/web\/wp-content\/uploads\/2017\/12\/el-diario-de-tucuman.jpg","width":272,"height":92,"caption":"El Diario de Tucuman"},"image":{"@id":"https:\/\/www.eldiariodetucuman.com\/web\/#\/schema\/logo\/image\/"}},{"@type":"Person","@id":"https:\/\/www.eldiariodetucuman.com\/web\/#\/schema\/person\/6f95946e54fde848b878ffa4928071d5","name":"eldiario detucuman","image":{"@type":"ImageObject","inLanguage":"es","@id":"https:\/\/secure.gravatar.com\/avatar\/b6e1f89c5c4044c4962c8e6c20b1ca2cc99f549c965908afd4ec5308b3f51bfe?s=96&d=mm&r=g","url":"https:\/\/secure.gravatar.com\/avatar\/b6e1f89c5c4044c4962c8e6c20b1ca2cc99f549c965908afd4ec5308b3f51bfe?s=96&d=mm&r=g","contentUrl":"https:\/\/secure.gravatar.com\/avatar\/b6e1f89c5c4044c4962c8e6c20b1ca2cc99f549c965908afd4ec5308b3f51bfe?s=96&d=mm&r=g","caption":"eldiario detucuman"},"url":"https:\/\/www.eldiariodetucuman.com\/web\/author\/eldiariodetucuman\/"}]}},"_links":{"self":[{"href":"https:\/\/www.eldiariodetucuman.com\/web\/wp-json\/wp\/v2\/posts\/8681","targetHints":{"allow":["GET"]}}],"collection":[{"href":"https:\/\/www.eldiariodetucuman.com\/web\/wp-json\/wp\/v2\/posts"}],"about":[{"href":"https:\/\/www.eldiariodetucuman.com\/web\/wp-json\/wp\/v2\/types\/post"}],"author":[{"embeddable":true,"href":"https:\/\/www.eldiariodetucuman.com\/web\/wp-json\/wp\/v2\/users\/4"}],"replies":[{"embeddable":true,"href":"https:\/\/www.eldiariodetucuman.com\/web\/wp-json\/wp\/v2\/comments?post=8681"}],"version-history":[{"count":0,"href":"https:\/\/www.eldiariodetucuman.com\/web\/wp-json\/wp\/v2\/posts\/8681\/revisions"}],"wp:featuredmedia":[{"embeddable":true,"href":"https:\/\/www.eldiariodetucuman.com\/web\/wp-json\/wp\/v2\/media\/8682"}],"wp:attachment":[{"href":"https:\/\/www.eldiariodetucuman.com\/web\/wp-json\/wp\/v2\/media?parent=8681"}],"wp:term":[{"taxonomy":"category","embeddable":true,"href":"https:\/\/www.eldiariodetucuman.com\/web\/wp-json\/wp\/v2\/categories?post=8681"},{"taxonomy":"post_tag","embeddable":true,"href":"https:\/\/www.eldiariodetucuman.com\/web\/wp-json\/wp\/v2\/tags?post=8681"}],"curies":[{"name":"wp","href":"https:\/\/api.w.org\/{rel}","templated":true}]}}