{"id":8678,"date":"2018-04-17T12:38:31","date_gmt":"2018-04-17T15:38:31","guid":{"rendered":"http:\/\/www.eldiariodetucuman.com\/web\/que-dice-el-escrito-del-fiscal-de-la-causa-correo-para-ser-repuesto-en-su-cargo\/"},"modified":"2018-04-17T12:38:33","modified_gmt":"2018-04-17T15:38:33","slug":"que-dice-el-escrito-del-fiscal-de-la-causa-correo-para-ser-repuesto-en-su-cargo","status":"publish","type":"post","link":"https:\/\/www.eldiariodetucuman.com\/web\/que-dice-el-escrito-del-fiscal-de-la-causa-correo-para-ser-repuesto-en-su-cargo\/","title":{"rendered":"\u00bfQu\u00e9 dice el escrito del fiscal de la causa Correo para ser repuesto en su cargo?"},"content":{"rendered":"<div>\n<div readability=\"53.898971000935\">\n<p>La noticia del desplazamiento del <strong>fiscal<\/strong> federal <strong>Juan Pedro Zoni <\/strong>sorprendi\u00f3 en el atardecer del viernes 6. Aunque se esperaba que pudiera concretarse, nada hac\u00eda suponer que ser\u00eda con tanta rapidez y virulencia. En medio de la investigaci\u00f3n para <strong>determinar si el Estado busc\u00f3 beneficiar al Grupo Macri <\/strong>en el caso de la deuda del <a href=\"https:\/\/www.elintransigente.com\/noticias\/buscar\/?buscar=correo+argentino\"><strong>Correo<\/strong><\/a> Argentino, Zoni fue trasladado a una fiscal\u00eda correccional hasta tanto se inaugure la dependencia federal para la que hab\u00eda concursado, en 2013, en Santiago del Estero. Fue por orden del procurador interino Eduardo Casal y a pesar de que Zoni ya ten\u00eda la designaci\u00f3n para la fiscalia federal 8, desde 2015. Para Casal esta designaci\u00f3n, hecha por su antecesora, Alejandra Gils Carb\u00f3, ten\u00eda un \u201cvicio de nulidad\u201d. En las \u00faltimas horas Zoni present\u00f3 un duro descargo en el que explic\u00f3 por qu\u00e9 es leg\u00edtima su designaci\u00f3n, pidi\u00f3 ser repuesto en su cargo, y apunt\u00f3 a Casal al considerar que \u201cse excedi\u00f3 en el ejercicio de sus facultades\u201d.\u00a0<\/p>\n<p>En el escrito Zoni, sin mencionar espec\u00edficamente el tema del Correo, pareci\u00f3 sobrevolarlo. Fue al considerar que el rol de Fiscal Federal \u201cconlleva la tarea de investigar hechos de inter\u00e9s p\u00fablico en los cuales muchas veces se encuentran inmiscuidos sectores de poder, por lo cual no resulta llamativo que los titulares de la acci\u00f3n p\u00fablica sean v\u00edctimas de ataques de toda \u00edndole que tienen como fin limitar, o directamente anular, sus investigaciones\u201d. A eso agreg\u00f3 que \u201cas\u00ed las cosas, todo tipo de orden que implique una modificaci\u00f3n de las tareas de un Fiscal de la Naci\u00f3n, requiere indefectiblemente tomar las medidas pertinentes para evitar siquiera la sospecha de que el funcionario pudiera estar siendo v\u00edctima de alg\u00fan ataque de los sectores de poder que afecte su independencia\u201d.<\/p>\n<aside class=\"htmlinline \"><ins class=\"adsbygoogle\" data-ad-layout=\"in-article\" data-ad-format=\"fluid\" data-ad-client=\"ca-pub-7781556717282971\" data-ad-slot=\"9383133609\"><\/ins><br \/>\n<\/aside>\n<p>El funcionario, que ingres\u00f3 en el Poder Judicial en 1998 y trabaj\u00f3 con jueces como Ariel Lijo o el actual diputado por Cambiemos Guillermo Montenegro, siempre fue se\u00f1alado como miembro de la agrupaci\u00f3n Justicia Leg\u00edtima, pero lo que parece haberle costado m\u00e1s caro es el intento de avanzar en la investigaci\u00f3n del Correo Argentino. Cuando se produjo su desplazamiento Zoni acababa de pedir medidas para determinar las posibles responsabilidades del Grupo Macri.\u00a0<\/p>\n<p>La intempestad de su desplazamiento, antes de que a\u00fan se haya inaugurado la fiscal\u00eda para la que originalmente concurs\u00f3, alimentas las versiones sobre el verdadero motivo del desplazamiento. Este fue otro de los puntos sobre los que tambi\u00e9n avanz\u00f3 Zoni cuando en su escrito sostuvo: \u201caun cuando se concluyera que mi traslado definitivo result\u00f3 ser ileg\u00edtimo, no se explica por qu\u00e9 no se me mantiene de manera interina cumpliendo funciones en la Fiscal\u00eda Nacional en lo Criminal y Correccional Federal N\u00b0 8 hasta tanto se designe un Fiscal a cargo\u201d.<\/p>\n<p>A lo que luego agreg\u00f3 que \u201csi existen dos Fiscal\u00edas vacantes resultar\u00eda l\u00f3gico y evidente que por cuestiones funcionales contin\u00fae mi desempe\u00f1o como fiscal en aquella que se encuentra a mi cargo desde hace m\u00e1s de tres a\u00f1os y en la cual se est\u00e1n llevando a cabo diversas investigaciones, algunas de ellas complejas o de gran trascendencia p\u00fablica\u201d.<\/p>\n<\/div>\n<\/div>\n<p>Fuente: https:\/\/www.elintransigente.com\/politica\/2018\/4\/17\/que-dice-el-escrito-del-fiscal-de-la-causa-correo-para-ser-repuesto-en-su-cargo-487037.html<\/p>\n","protected":false},"excerpt":{"rendered":"<p>La noticia del desplazamiento del fiscal federal Juan Pedro Zoni sorprendi\u00f3 en el atardecer del viernes 6. Aunque se esperaba que pudiera concretarse, nada hac\u00eda suponer que ser\u00eda con tanta rapidez y virulencia. En medio de la investigaci\u00f3n para determinar si el Estado busc\u00f3 beneficiar al Grupo Macri en el caso de la deuda del [&hellip;]<\/p>\n","protected":false},"author":1,"featured_media":8679,"comment_status":"open","ping_status":"closed","sticky":false,"template":"","format":"standard","meta":{"footnotes":""},"categories":[1],"tags":[],"class_list":{"0":"post-8678","1":"post","2":"type-post","3":"status-publish","4":"format-standard","5":"has-post-thumbnail","7":"category-portada"},"yoast_head":"<!-- This site is optimized with the Yoast SEO plugin v27.4 - https:\/\/yoast.com\/product\/yoast-seo-wordpress\/ -->\n<title>\u00bfQu\u00e9 dice el escrito del fiscal de la causa Correo para ser repuesto en su cargo? - El Diario de Tucuman<\/title>\n<meta name=\"robots\" content=\"index, follow, max-snippet:-1, max-image-preview:large, max-video-preview:-1\" \/>\n<link rel=\"canonical\" href=\"https:\/\/www.eldiariodetucuman.com\/web\/que-dice-el-escrito-del-fiscal-de-la-causa-correo-para-ser-repuesto-en-su-cargo\/\" \/>\n<meta property=\"og:locale\" content=\"es_ES\" \/>\n<meta property=\"og:type\" content=\"article\" \/>\n<meta property=\"og:title\" content=\"\u00bfQu\u00e9 dice el escrito del fiscal de la causa Correo para ser repuesto en su cargo? - El Diario de Tucuman\" \/>\n<meta property=\"og:description\" content=\"La noticia del desplazamiento del fiscal federal Juan Pedro Zoni sorprendi\u00f3 en el atardecer del viernes 6. Aunque se esperaba que pudiera concretarse, nada hac\u00eda suponer que ser\u00eda con tanta rapidez y virulencia. En medio de la investigaci\u00f3n para determinar si el Estado busc\u00f3 beneficiar al Grupo Macri en el caso de la deuda del [&hellip;]\" \/>\n<meta property=\"og:url\" content=\"https:\/\/www.eldiariodetucuman.com\/web\/que-dice-el-escrito-del-fiscal-de-la-causa-correo-para-ser-repuesto-en-su-cargo\/\" \/>\n<meta property=\"og:site_name\" content=\"El Diario de Tucuman\" \/>\n<meta property=\"article:published_time\" content=\"2018-04-17T15:38:31+00:00\" \/>\n<meta property=\"article:modified_time\" content=\"2018-04-17T15:38:33+00:00\" \/>\n<meta property=\"og:image\" content=\"https:\/\/www.eldiariodetucuman.com\/web\/wp-content\/uploads\/2018\/04\/dc1a5f1ca25671fc0d153de2017ddd1d.jpeg\" \/>\n\t<meta property=\"og:image:width\" content=\"960\" \/>\n\t<meta property=\"og:image:height\" content=\"720\" \/>\n\t<meta property=\"og:image:type\" content=\"image\/jpeg\" \/>\n<meta name=\"author\" content=\"admin\" \/>\n<meta name=\"twitter:card\" content=\"summary_large_image\" \/>\n<meta name=\"twitter:label1\" content=\"Escrito por\" \/>\n\t<meta name=\"twitter:data1\" content=\"admin\" \/>\n\t<meta name=\"twitter:label2\" content=\"Tiempo de lectura\" \/>\n\t<meta name=\"twitter:data2\" content=\"3 minutos\" \/>\n<script type=\"application\/ld+json\" class=\"yoast-schema-graph\">{\"@context\":\"https:\\\/\\\/schema.org\",\"@graph\":[{\"@type\":\"Article\",\"@id\":\"https:\\\/\\\/www.eldiariodetucuman.com\\\/web\\\/que-dice-el-escrito-del-fiscal-de-la-causa-correo-para-ser-repuesto-en-su-cargo\\\/#article\",\"isPartOf\":{\"@id\":\"https:\\\/\\\/www.eldiariodetucuman.com\\\/web\\\/que-dice-el-escrito-del-fiscal-de-la-causa-correo-para-ser-repuesto-en-su-cargo\\\/\"},\"author\":{\"name\":\"admin\",\"@id\":\"https:\\\/\\\/www.eldiariodetucuman.com\\\/web\\\/#\\\/schema\\\/person\\\/9250197d75ab5483412e19678b121caa\"},\"headline\":\"\u00bfQu\u00e9 dice el escrito del fiscal de la causa Correo para ser repuesto en su cargo?\",\"datePublished\":\"2018-04-17T15:38:31+00:00\",\"dateModified\":\"2018-04-17T15:38:33+00:00\",\"mainEntityOfPage\":{\"@id\":\"https:\\\/\\\/www.eldiariodetucuman.com\\\/web\\\/que-dice-el-escrito-del-fiscal-de-la-causa-correo-para-ser-repuesto-en-su-cargo\\\/\"},\"wordCount\":568,\"commentCount\":0,\"publisher\":{\"@id\":\"https:\\\/\\\/www.eldiariodetucuman.com\\\/web\\\/#organization\"},\"image\":{\"@id\":\"https:\\\/\\\/www.eldiariodetucuman.com\\\/web\\\/que-dice-el-escrito-del-fiscal-de-la-causa-correo-para-ser-repuesto-en-su-cargo\\\/#primaryimage\"},\"thumbnailUrl\":\"https:\\\/\\\/www.eldiariodetucuman.com\\\/web\\\/wp-content\\\/uploads\\\/2018\\\/04\\\/dc1a5f1ca25671fc0d153de2017ddd1d.jpeg\",\"articleSection\":[\"Portada\"],\"inLanguage\":\"es\",\"potentialAction\":[{\"@type\":\"CommentAction\",\"name\":\"Comment\",\"target\":[\"https:\\\/\\\/www.eldiariodetucuman.com\\\/web\\\/que-dice-el-escrito-del-fiscal-de-la-causa-correo-para-ser-repuesto-en-su-cargo\\\/#respond\"]}]},{\"@type\":\"WebPage\",\"@id\":\"https:\\\/\\\/www.eldiariodetucuman.com\\\/web\\\/que-dice-el-escrito-del-fiscal-de-la-causa-correo-para-ser-repuesto-en-su-cargo\\\/\",\"url\":\"https:\\\/\\\/www.eldiariodetucuman.com\\\/web\\\/que-dice-el-escrito-del-fiscal-de-la-causa-correo-para-ser-repuesto-en-su-cargo\\\/\",\"name\":\"\u00bfQu\u00e9 dice el escrito del fiscal de la causa Correo para ser repuesto en su cargo? - El Diario de Tucuman\",\"isPartOf\":{\"@id\":\"https:\\\/\\\/www.eldiariodetucuman.com\\\/web\\\/#website\"},\"primaryImageOfPage\":{\"@id\":\"https:\\\/\\\/www.eldiariodetucuman.com\\\/web\\\/que-dice-el-escrito-del-fiscal-de-la-causa-correo-para-ser-repuesto-en-su-cargo\\\/#primaryimage\"},\"image\":{\"@id\":\"https:\\\/\\\/www.eldiariodetucuman.com\\\/web\\\/que-dice-el-escrito-del-fiscal-de-la-causa-correo-para-ser-repuesto-en-su-cargo\\\/#primaryimage\"},\"thumbnailUrl\":\"https:\\\/\\\/www.eldiariodetucuman.com\\\/web\\\/wp-content\\\/uploads\\\/2018\\\/04\\\/dc1a5f1ca25671fc0d153de2017ddd1d.jpeg\",\"datePublished\":\"2018-04-17T15:38:31+00:00\",\"dateModified\":\"2018-04-17T15:38:33+00:00\",\"breadcrumb\":{\"@id\":\"https:\\\/\\\/www.eldiariodetucuman.com\\\/web\\\/que-dice-el-escrito-del-fiscal-de-la-causa-correo-para-ser-repuesto-en-su-cargo\\\/#breadcrumb\"},\"inLanguage\":\"es\",\"potentialAction\":[{\"@type\":\"ReadAction\",\"target\":[\"https:\\\/\\\/www.eldiariodetucuman.com\\\/web\\\/que-dice-el-escrito-del-fiscal-de-la-causa-correo-para-ser-repuesto-en-su-cargo\\\/\"]}]},{\"@type\":\"ImageObject\",\"inLanguage\":\"es\",\"@id\":\"https:\\\/\\\/www.eldiariodetucuman.com\\\/web\\\/que-dice-el-escrito-del-fiscal-de-la-causa-correo-para-ser-repuesto-en-su-cargo\\\/#primaryimage\",\"url\":\"https:\\\/\\\/www.eldiariodetucuman.com\\\/web\\\/wp-content\\\/uploads\\\/2018\\\/04\\\/dc1a5f1ca25671fc0d153de2017ddd1d.jpeg\",\"contentUrl\":\"https:\\\/\\\/www.eldiariodetucuman.com\\\/web\\\/wp-content\\\/uploads\\\/2018\\\/04\\\/dc1a5f1ca25671fc0d153de2017ddd1d.jpeg\",\"width\":960,\"height\":720},{\"@type\":\"BreadcrumbList\",\"@id\":\"https:\\\/\\\/www.eldiariodetucuman.com\\\/web\\\/que-dice-el-escrito-del-fiscal-de-la-causa-correo-para-ser-repuesto-en-su-cargo\\\/#breadcrumb\",\"itemListElement\":[{\"@type\":\"ListItem\",\"position\":1,\"name\":\"Portada\",\"item\":\"https:\\\/\\\/www.eldiariodetucuman.com\\\/web\\\/\"},{\"@type\":\"ListItem\",\"position\":2,\"name\":\"\u00bfQu\u00e9 dice el escrito del fiscal de la causa Correo para ser repuesto en su cargo?\"}]},{\"@type\":\"WebSite\",\"@id\":\"https:\\\/\\\/www.eldiariodetucuman.com\\\/web\\\/#website\",\"url\":\"https:\\\/\\\/www.eldiariodetucuman.com\\\/web\\\/\",\"name\":\"El Diario de Tucuman\",\"description\":\"Diario Tucuman - Informaci\u00f3n y noticias\",\"publisher\":{\"@id\":\"https:\\\/\\\/www.eldiariodetucuman.com\\\/web\\\/#organization\"},\"potentialAction\":[{\"@type\":\"SearchAction\",\"target\":{\"@type\":\"EntryPoint\",\"urlTemplate\":\"https:\\\/\\\/www.eldiariodetucuman.com\\\/web\\\/?s={search_term_string}\"},\"query-input\":{\"@type\":\"PropertyValueSpecification\",\"valueRequired\":true,\"valueName\":\"search_term_string\"}}],\"inLanguage\":\"es\"},{\"@type\":\"Organization\",\"@id\":\"https:\\\/\\\/www.eldiariodetucuman.com\\\/web\\\/#organization\",\"name\":\"El Diario de Tucuman\",\"url\":\"https:\\\/\\\/www.eldiariodetucuman.com\\\/web\\\/\",\"logo\":{\"@type\":\"ImageObject\",\"inLanguage\":\"es\",\"@id\":\"https:\\\/\\\/www.eldiariodetucuman.com\\\/web\\\/#\\\/schema\\\/logo\\\/image\\\/\",\"url\":\"http:\\\/\\\/www.eldiariodetucuman.com\\\/web\\\/wp-content\\\/uploads\\\/2017\\\/12\\\/el-diario-de-tucuman.jpg\",\"contentUrl\":\"http:\\\/\\\/www.eldiariodetucuman.com\\\/web\\\/wp-content\\\/uploads\\\/2017\\\/12\\\/el-diario-de-tucuman.jpg\",\"width\":272,\"height\":92,\"caption\":\"El Diario de Tucuman\"},\"image\":{\"@id\":\"https:\\\/\\\/www.eldiariodetucuman.com\\\/web\\\/#\\\/schema\\\/logo\\\/image\\\/\"}},{\"@type\":\"Person\",\"@id\":\"https:\\\/\\\/www.eldiariodetucuman.com\\\/web\\\/#\\\/schema\\\/person\\\/9250197d75ab5483412e19678b121caa\",\"name\":\"admin\",\"image\":{\"@type\":\"ImageObject\",\"inLanguage\":\"es\",\"@id\":\"https:\\\/\\\/secure.gravatar.com\\\/avatar\\\/c44d117c2be811212c22cb481f6b8384b6873de103fbc49e7a03cc58d7dea4ac?s=96&d=mm&r=g\",\"url\":\"https:\\\/\\\/secure.gravatar.com\\\/avatar\\\/c44d117c2be811212c22cb481f6b8384b6873de103fbc49e7a03cc58d7dea4ac?s=96&d=mm&r=g\",\"contentUrl\":\"https:\\\/\\\/secure.gravatar.com\\\/avatar\\\/c44d117c2be811212c22cb481f6b8384b6873de103fbc49e7a03cc58d7dea4ac?s=96&d=mm&r=g\",\"caption\":\"admin\"},\"url\":\"https:\\\/\\\/www.eldiariodetucuman.com\\\/web\\\/author\\\/admin\\\/\"}]}<\/script>\n<!-- \/ Yoast SEO plugin. -->","yoast_head_json":{"title":"\u00bfQu\u00e9 dice el escrito del fiscal de la causa Correo para ser repuesto en su cargo? - El Diario de Tucuman","robots":{"index":"index","follow":"follow","max-snippet":"max-snippet:-1","max-image-preview":"max-image-preview:large","max-video-preview":"max-video-preview:-1"},"canonical":"https:\/\/www.eldiariodetucuman.com\/web\/que-dice-el-escrito-del-fiscal-de-la-causa-correo-para-ser-repuesto-en-su-cargo\/","og_locale":"es_ES","og_type":"article","og_title":"\u00bfQu\u00e9 dice el escrito del fiscal de la causa Correo para ser repuesto en su cargo? - El Diario de Tucuman","og_description":"La noticia del desplazamiento del fiscal federal Juan Pedro Zoni sorprendi\u00f3 en el atardecer del viernes 6. Aunque se esperaba que pudiera concretarse, nada hac\u00eda suponer que ser\u00eda con tanta rapidez y virulencia. En medio de la investigaci\u00f3n para determinar si el Estado busc\u00f3 beneficiar al Grupo Macri en el caso de la deuda del [&hellip;]","og_url":"https:\/\/www.eldiariodetucuman.com\/web\/que-dice-el-escrito-del-fiscal-de-la-causa-correo-para-ser-repuesto-en-su-cargo\/","og_site_name":"El Diario de Tucuman","article_published_time":"2018-04-17T15:38:31+00:00","article_modified_time":"2018-04-17T15:38:33+00:00","og_image":[{"width":960,"height":720,"url":"https:\/\/www.eldiariodetucuman.com\/web\/wp-content\/uploads\/2018\/04\/dc1a5f1ca25671fc0d153de2017ddd1d.jpeg","type":"image\/jpeg"}],"author":"admin","twitter_card":"summary_large_image","twitter_misc":{"Escrito por":"admin","Tiempo de lectura":"3 minutos"},"schema":{"@context":"https:\/\/schema.org","@graph":[{"@type":"Article","@id":"https:\/\/www.eldiariodetucuman.com\/web\/que-dice-el-escrito-del-fiscal-de-la-causa-correo-para-ser-repuesto-en-su-cargo\/#article","isPartOf":{"@id":"https:\/\/www.eldiariodetucuman.com\/web\/que-dice-el-escrito-del-fiscal-de-la-causa-correo-para-ser-repuesto-en-su-cargo\/"},"author":{"name":"admin","@id":"https:\/\/www.eldiariodetucuman.com\/web\/#\/schema\/person\/9250197d75ab5483412e19678b121caa"},"headline":"\u00bfQu\u00e9 dice el escrito del fiscal de la causa Correo para ser repuesto en su cargo?","datePublished":"2018-04-17T15:38:31+00:00","dateModified":"2018-04-17T15:38:33+00:00","mainEntityOfPage":{"@id":"https:\/\/www.eldiariodetucuman.com\/web\/que-dice-el-escrito-del-fiscal-de-la-causa-correo-para-ser-repuesto-en-su-cargo\/"},"wordCount":568,"commentCount":0,"publisher":{"@id":"https:\/\/www.eldiariodetucuman.com\/web\/#organization"},"image":{"@id":"https:\/\/www.eldiariodetucuman.com\/web\/que-dice-el-escrito-del-fiscal-de-la-causa-correo-para-ser-repuesto-en-su-cargo\/#primaryimage"},"thumbnailUrl":"https:\/\/www.eldiariodetucuman.com\/web\/wp-content\/uploads\/2018\/04\/dc1a5f1ca25671fc0d153de2017ddd1d.jpeg","articleSection":["Portada"],"inLanguage":"es","potentialAction":[{"@type":"CommentAction","name":"Comment","target":["https:\/\/www.eldiariodetucuman.com\/web\/que-dice-el-escrito-del-fiscal-de-la-causa-correo-para-ser-repuesto-en-su-cargo\/#respond"]}]},{"@type":"WebPage","@id":"https:\/\/www.eldiariodetucuman.com\/web\/que-dice-el-escrito-del-fiscal-de-la-causa-correo-para-ser-repuesto-en-su-cargo\/","url":"https:\/\/www.eldiariodetucuman.com\/web\/que-dice-el-escrito-del-fiscal-de-la-causa-correo-para-ser-repuesto-en-su-cargo\/","name":"\u00bfQu\u00e9 dice el escrito del fiscal de la causa Correo para ser repuesto en su cargo? - El Diario de Tucuman","isPartOf":{"@id":"https:\/\/www.eldiariodetucuman.com\/web\/#website"},"primaryImageOfPage":{"@id":"https:\/\/www.eldiariodetucuman.com\/web\/que-dice-el-escrito-del-fiscal-de-la-causa-correo-para-ser-repuesto-en-su-cargo\/#primaryimage"},"image":{"@id":"https:\/\/www.eldiariodetucuman.com\/web\/que-dice-el-escrito-del-fiscal-de-la-causa-correo-para-ser-repuesto-en-su-cargo\/#primaryimage"},"thumbnailUrl":"https:\/\/www.eldiariodetucuman.com\/web\/wp-content\/uploads\/2018\/04\/dc1a5f1ca25671fc0d153de2017ddd1d.jpeg","datePublished":"2018-04-17T15:38:31+00:00","dateModified":"2018-04-17T15:38:33+00:00","breadcrumb":{"@id":"https:\/\/www.eldiariodetucuman.com\/web\/que-dice-el-escrito-del-fiscal-de-la-causa-correo-para-ser-repuesto-en-su-cargo\/#breadcrumb"},"inLanguage":"es","potentialAction":[{"@type":"ReadAction","target":["https:\/\/www.eldiariodetucuman.com\/web\/que-dice-el-escrito-del-fiscal-de-la-causa-correo-para-ser-repuesto-en-su-cargo\/"]}]},{"@type":"ImageObject","inLanguage":"es","@id":"https:\/\/www.eldiariodetucuman.com\/web\/que-dice-el-escrito-del-fiscal-de-la-causa-correo-para-ser-repuesto-en-su-cargo\/#primaryimage","url":"https:\/\/www.eldiariodetucuman.com\/web\/wp-content\/uploads\/2018\/04\/dc1a5f1ca25671fc0d153de2017ddd1d.jpeg","contentUrl":"https:\/\/www.eldiariodetucuman.com\/web\/wp-content\/uploads\/2018\/04\/dc1a5f1ca25671fc0d153de2017ddd1d.jpeg","width":960,"height":720},{"@type":"BreadcrumbList","@id":"https:\/\/www.eldiariodetucuman.com\/web\/que-dice-el-escrito-del-fiscal-de-la-causa-correo-para-ser-repuesto-en-su-cargo\/#breadcrumb","itemListElement":[{"@type":"ListItem","position":1,"name":"Portada","item":"https:\/\/www.eldiariodetucuman.com\/web\/"},{"@type":"ListItem","position":2,"name":"\u00bfQu\u00e9 dice el escrito del fiscal de la causa Correo para ser repuesto en su cargo?"}]},{"@type":"WebSite","@id":"https:\/\/www.eldiariodetucuman.com\/web\/#website","url":"https:\/\/www.eldiariodetucuman.com\/web\/","name":"El Diario de Tucuman","description":"Diario Tucuman - Informaci\u00f3n y noticias","publisher":{"@id":"https:\/\/www.eldiariodetucuman.com\/web\/#organization"},"potentialAction":[{"@type":"SearchAction","target":{"@type":"EntryPoint","urlTemplate":"https:\/\/www.eldiariodetucuman.com\/web\/?s={search_term_string}"},"query-input":{"@type":"PropertyValueSpecification","valueRequired":true,"valueName":"search_term_string"}}],"inLanguage":"es"},{"@type":"Organization","@id":"https:\/\/www.eldiariodetucuman.com\/web\/#organization","name":"El Diario de Tucuman","url":"https:\/\/www.eldiariodetucuman.com\/web\/","logo":{"@type":"ImageObject","inLanguage":"es","@id":"https:\/\/www.eldiariodetucuman.com\/web\/#\/schema\/logo\/image\/","url":"http:\/\/www.eldiariodetucuman.com\/web\/wp-content\/uploads\/2017\/12\/el-diario-de-tucuman.jpg","contentUrl":"http:\/\/www.eldiariodetucuman.com\/web\/wp-content\/uploads\/2017\/12\/el-diario-de-tucuman.jpg","width":272,"height":92,"caption":"El Diario de Tucuman"},"image":{"@id":"https:\/\/www.eldiariodetucuman.com\/web\/#\/schema\/logo\/image\/"}},{"@type":"Person","@id":"https:\/\/www.eldiariodetucuman.com\/web\/#\/schema\/person\/9250197d75ab5483412e19678b121caa","name":"admin","image":{"@type":"ImageObject","inLanguage":"es","@id":"https:\/\/secure.gravatar.com\/avatar\/c44d117c2be811212c22cb481f6b8384b6873de103fbc49e7a03cc58d7dea4ac?s=96&d=mm&r=g","url":"https:\/\/secure.gravatar.com\/avatar\/c44d117c2be811212c22cb481f6b8384b6873de103fbc49e7a03cc58d7dea4ac?s=96&d=mm&r=g","contentUrl":"https:\/\/secure.gravatar.com\/avatar\/c44d117c2be811212c22cb481f6b8384b6873de103fbc49e7a03cc58d7dea4ac?s=96&d=mm&r=g","caption":"admin"},"url":"https:\/\/www.eldiariodetucuman.com\/web\/author\/admin\/"}]}},"_links":{"self":[{"href":"https:\/\/www.eldiariodetucuman.com\/web\/wp-json\/wp\/v2\/posts\/8678","targetHints":{"allow":["GET"]}}],"collection":[{"href":"https:\/\/www.eldiariodetucuman.com\/web\/wp-json\/wp\/v2\/posts"}],"about":[{"href":"https:\/\/www.eldiariodetucuman.com\/web\/wp-json\/wp\/v2\/types\/post"}],"author":[{"embeddable":true,"href":"https:\/\/www.eldiariodetucuman.com\/web\/wp-json\/wp\/v2\/users\/1"}],"replies":[{"embeddable":true,"href":"https:\/\/www.eldiariodetucuman.com\/web\/wp-json\/wp\/v2\/comments?post=8678"}],"version-history":[{"count":1,"href":"https:\/\/www.eldiariodetucuman.com\/web\/wp-json\/wp\/v2\/posts\/8678\/revisions"}],"predecessor-version":[{"id":8680,"href":"https:\/\/www.eldiariodetucuman.com\/web\/wp-json\/wp\/v2\/posts\/8678\/revisions\/8680"}],"wp:featuredmedia":[{"embeddable":true,"href":"https:\/\/www.eldiariodetucuman.com\/web\/wp-json\/wp\/v2\/media\/8679"}],"wp:attachment":[{"href":"https:\/\/www.eldiariodetucuman.com\/web\/wp-json\/wp\/v2\/media?parent=8678"}],"wp:term":[{"taxonomy":"category","embeddable":true,"href":"https:\/\/www.eldiariodetucuman.com\/web\/wp-json\/wp\/v2\/categories?post=8678"},{"taxonomy":"post_tag","embeddable":true,"href":"https:\/\/www.eldiariodetucuman.com\/web\/wp-json\/wp\/v2\/tags?post=8678"}],"curies":[{"name":"wp","href":"https:\/\/api.w.org\/{rel}","templated":true}]}}