{"id":8675,"date":"2018-04-17T12:38:24","date_gmt":"2018-04-17T15:38:24","guid":{"rendered":"http:\/\/www.eldiariodetucuman.com\/web\/el-mal-planteo-lo-paga-el-abogado\/"},"modified":"2018-04-17T12:38:26","modified_gmt":"2018-04-17T15:38:26","slug":"el-mal-planteo-lo-paga-el-abogado","status":"publish","type":"post","link":"https:\/\/www.eldiariodetucuman.com\/web\/el-mal-planteo-lo-paga-el-abogado\/","title":{"rendered":"El mal planteo lo paga el abogado"},"content":{"rendered":"<div>\n<div readability=\"58.736581337737\">\n<p>En un fallo in\u00e9dito, el <a href=\"https:\/\/www.elintransigente.com\/politica\/2018\/4\/13\/el-cliente-que-salvo-al-abogado-486491.html\"><strong>Superior Tribunal de Justicia<\/strong><\/a> de <strong>Jujuy<\/strong> le aplic\u00f3 las costas de ambas instancias de un proceso laboral a un <a href=\"https:\/\/www.elintransigente.com\/politica\/2018\/4\/17\/no-pida-la-quiebra-para-cobrar-honorarios-487009.html\"><strong>letrado<\/strong><\/a> por la forma <strong>\u00abdeficiente\u00bb<\/strong> en la que <strong>cumpli\u00f3<\/strong> <strong>su funci\u00f3n<\/strong>.<\/p>\n<p>Seg\u00fan informa el <a href=\"http:\/\/www.diariojudicial.com\/nota\/80535\/superior-tribunal-provincial\/el-mal-planteo-lo-paga-el-abogado.html\"><strong>Diario Judicial<\/strong><\/a>, fue en el marco del expediente \u00abLaboral por accidente de trabajo: Bowyer, Ana Mar\u00eda del Valle c\/ Direcci\u00f3n General del Servicio Penitenciario dela Provincia \u2013 Gobierno Provincial\u00bb donde el Alto Cuerpo hizo lugar a un recurso de inconstitucionalidad presentado por el propio letrado y revoc\u00f3 el fallo de primera instancia que rechaz\u00f3 la demanda por accidente in itinere.<\/p>\n<aside class=\"htmlinline \"><ins class=\"adsbygoogle\" data-ad-layout=\"in-article\" data-ad-format=\"fluid\" data-ad-client=\"ca-pub-7781556717282971\" data-ad-slot=\"9383133609\"><\/ins><br \/>\n<\/aside>\n<p>La sentencia impugnada por el letrado hab\u00eda estipulado que no pod\u00edan tenerse por configurados los presupuestos de responsabilidad civil \u2013da\u00f1o, ilicitud y relaci\u00f3n de causalidad-, por lo que resultaba \u00abimposible atribuirle responsabilidad alguna a la demandada\u00bb<\/p>\n<p>El abogado hab\u00eda tachado de arbitraria la sentencia, aclarando que hizo el reclamo por el accidente v\u00eda civil, pero tambi\u00e9n v\u00eda laboral. Esta \u00faltima en el marco de la Ley de Riesgos del Trabajo N\u00ba 24.557, mientras que la civil se fund\u00f3 en \u00abla mala fe demostrada por la demandada\u00bb.<\/p>\n<p>En la instancia del Superior Tribunal, la Sala Laboral del Alto Cuerpo, conformada por los jueces Federico Otaola, Maria Silvia Bernal y Clara De Langhe de Falcone, coincidieron en que la sentencia era arbitraria \u00abporque el juzgador no realiz\u00f3 la interpretaci\u00f3n m\u00e1s favorable al trabajador brindando un encuadre legal incorrecto que viola sus derechos constitucionales\u00bb.<\/p>\n<p>Para los magistrados,\u00bbm\u00e1s all\u00e1 de la confusa terminolog\u00eda en la que fue planteada la demanda\u00bb, la misma \u00abse encontraba en condiciones de resolver si el caso encuadraba dentro de la pretensi\u00f3n resarcitoria de la Ley 24.557\u00bb, pues la \u00abplataforma f\u00e1ctica del mismo podr\u00eda estar contemplada en dicha normativa legal\u00bb.<\/p>\n<p>Pero debido a que el encuadre jur\u00eddico de la demanda fue considerado deficiente, el STJ decidi\u00f3 imponerle las costas de ambas instancias al letrado de la parte actora.<\/p>\n<p>\u00abEl letrado formul\u00f3 su pretensi\u00f3n de manera imprecisa llevando al a-quo a rechazar la demanda intentada, cumpliendo su funci\u00f3n de manera deficiente\u00bb, apuntaron los jueces.<\/p>\n<p>No import\u00f3 en el caso que el recurso haya prosperado, ya que para el Tribunal \u00abel \u00e9xito de la recurrente no responde a su m\u00e9rito ni a la eficacia de su planteo sino a la aplicaci\u00f3n de principios de orden p\u00fablico\u00bb.<\/p>\n<\/div>\n<\/div>\n<p>Fuente: https:\/\/www.elintransigente.com\/politica\/2018\/4\/17\/el-mal-planteo-lo-paga-el-abogado-487039.html<\/p>\n","protected":false},"excerpt":{"rendered":"<p>En un fallo in\u00e9dito, el Superior Tribunal de Justicia de Jujuy le aplic\u00f3 las costas de ambas instancias de un proceso laboral a un letrado por la forma \u00abdeficiente\u00bb en la que cumpli\u00f3 su funci\u00f3n. Seg\u00fan informa el Diario Judicial, fue en el marco del expediente \u00abLaboral por accidente de trabajo: Bowyer, Ana Mar\u00eda del [&hellip;]<\/p>\n","protected":false},"author":1,"featured_media":8676,"comment_status":"open","ping_status":"closed","sticky":false,"template":"","format":"standard","meta":{"footnotes":""},"categories":[1],"tags":[],"class_list":{"0":"post-8675","1":"post","2":"type-post","3":"status-publish","4":"format-standard","5":"has-post-thumbnail","7":"category-portada"},"yoast_head":"<!-- This site is optimized with the Yoast SEO plugin v27.4 - https:\/\/yoast.com\/product\/yoast-seo-wordpress\/ -->\n<title>El mal planteo lo paga el abogado - El Diario de Tucuman<\/title>\n<meta name=\"robots\" content=\"index, follow, max-snippet:-1, max-image-preview:large, max-video-preview:-1\" \/>\n<link rel=\"canonical\" href=\"https:\/\/www.eldiariodetucuman.com\/web\/el-mal-planteo-lo-paga-el-abogado\/\" \/>\n<meta property=\"og:locale\" content=\"es_ES\" \/>\n<meta property=\"og:type\" content=\"article\" \/>\n<meta property=\"og:title\" content=\"El mal planteo lo paga el abogado - El Diario de Tucuman\" \/>\n<meta property=\"og:description\" content=\"En un fallo in\u00e9dito, el Superior Tribunal de Justicia de Jujuy le aplic\u00f3 las costas de ambas instancias de un proceso laboral a un letrado por la forma \u00abdeficiente\u00bb en la que cumpli\u00f3 su funci\u00f3n. Seg\u00fan informa el Diario Judicial, fue en el marco del expediente \u00abLaboral por accidente de trabajo: Bowyer, Ana Mar\u00eda del [&hellip;]\" \/>\n<meta property=\"og:url\" content=\"https:\/\/www.eldiariodetucuman.com\/web\/el-mal-planteo-lo-paga-el-abogado\/\" \/>\n<meta property=\"og:site_name\" content=\"El Diario de Tucuman\" \/>\n<meta property=\"article:published_time\" content=\"2018-04-17T15:38:24+00:00\" \/>\n<meta property=\"article:modified_time\" content=\"2018-04-17T15:38:26+00:00\" \/>\n<meta property=\"og:image\" content=\"https:\/\/www.eldiariodetucuman.com\/web\/wp-content\/uploads\/2018\/04\/8ac2738461fb4a9f01e14cd5c184f5f2.jpeg\" \/>\n\t<meta property=\"og:image:width\" content=\"960\" \/>\n\t<meta property=\"og:image:height\" content=\"720\" \/>\n\t<meta property=\"og:image:type\" content=\"image\/jpeg\" \/>\n<meta name=\"author\" content=\"admin\" \/>\n<meta name=\"twitter:card\" content=\"summary_large_image\" \/>\n<meta name=\"twitter:label1\" content=\"Escrito por\" \/>\n\t<meta name=\"twitter:data1\" content=\"admin\" \/>\n\t<meta name=\"twitter:label2\" content=\"Tiempo de lectura\" \/>\n\t<meta name=\"twitter:data2\" content=\"2 minutos\" \/>\n<script type=\"application\/ld+json\" class=\"yoast-schema-graph\">{\"@context\":\"https:\\\/\\\/schema.org\",\"@graph\":[{\"@type\":\"Article\",\"@id\":\"https:\\\/\\\/www.eldiariodetucuman.com\\\/web\\\/el-mal-planteo-lo-paga-el-abogado\\\/#article\",\"isPartOf\":{\"@id\":\"https:\\\/\\\/www.eldiariodetucuman.com\\\/web\\\/el-mal-planteo-lo-paga-el-abogado\\\/\"},\"author\":{\"name\":\"admin\",\"@id\":\"https:\\\/\\\/www.eldiariodetucuman.com\\\/web\\\/#\\\/schema\\\/person\\\/9250197d75ab5483412e19678b121caa\"},\"headline\":\"El mal planteo lo paga el abogado\",\"datePublished\":\"2018-04-17T15:38:24+00:00\",\"dateModified\":\"2018-04-17T15:38:26+00:00\",\"mainEntityOfPage\":{\"@id\":\"https:\\\/\\\/www.eldiariodetucuman.com\\\/web\\\/el-mal-planteo-lo-paga-el-abogado\\\/\"},\"wordCount\":421,\"commentCount\":0,\"publisher\":{\"@id\":\"https:\\\/\\\/www.eldiariodetucuman.com\\\/web\\\/#organization\"},\"image\":{\"@id\":\"https:\\\/\\\/www.eldiariodetucuman.com\\\/web\\\/el-mal-planteo-lo-paga-el-abogado\\\/#primaryimage\"},\"thumbnailUrl\":\"https:\\\/\\\/www.eldiariodetucuman.com\\\/web\\\/wp-content\\\/uploads\\\/2018\\\/04\\\/8ac2738461fb4a9f01e14cd5c184f5f2.jpeg\",\"articleSection\":[\"Portada\"],\"inLanguage\":\"es\",\"potentialAction\":[{\"@type\":\"CommentAction\",\"name\":\"Comment\",\"target\":[\"https:\\\/\\\/www.eldiariodetucuman.com\\\/web\\\/el-mal-planteo-lo-paga-el-abogado\\\/#respond\"]}]},{\"@type\":\"WebPage\",\"@id\":\"https:\\\/\\\/www.eldiariodetucuman.com\\\/web\\\/el-mal-planteo-lo-paga-el-abogado\\\/\",\"url\":\"https:\\\/\\\/www.eldiariodetucuman.com\\\/web\\\/el-mal-planteo-lo-paga-el-abogado\\\/\",\"name\":\"El mal planteo lo paga el abogado - El Diario de Tucuman\",\"isPartOf\":{\"@id\":\"https:\\\/\\\/www.eldiariodetucuman.com\\\/web\\\/#website\"},\"primaryImageOfPage\":{\"@id\":\"https:\\\/\\\/www.eldiariodetucuman.com\\\/web\\\/el-mal-planteo-lo-paga-el-abogado\\\/#primaryimage\"},\"image\":{\"@id\":\"https:\\\/\\\/www.eldiariodetucuman.com\\\/web\\\/el-mal-planteo-lo-paga-el-abogado\\\/#primaryimage\"},\"thumbnailUrl\":\"https:\\\/\\\/www.eldiariodetucuman.com\\\/web\\\/wp-content\\\/uploads\\\/2018\\\/04\\\/8ac2738461fb4a9f01e14cd5c184f5f2.jpeg\",\"datePublished\":\"2018-04-17T15:38:24+00:00\",\"dateModified\":\"2018-04-17T15:38:26+00:00\",\"breadcrumb\":{\"@id\":\"https:\\\/\\\/www.eldiariodetucuman.com\\\/web\\\/el-mal-planteo-lo-paga-el-abogado\\\/#breadcrumb\"},\"inLanguage\":\"es\",\"potentialAction\":[{\"@type\":\"ReadAction\",\"target\":[\"https:\\\/\\\/www.eldiariodetucuman.com\\\/web\\\/el-mal-planteo-lo-paga-el-abogado\\\/\"]}]},{\"@type\":\"ImageObject\",\"inLanguage\":\"es\",\"@id\":\"https:\\\/\\\/www.eldiariodetucuman.com\\\/web\\\/el-mal-planteo-lo-paga-el-abogado\\\/#primaryimage\",\"url\":\"https:\\\/\\\/www.eldiariodetucuman.com\\\/web\\\/wp-content\\\/uploads\\\/2018\\\/04\\\/8ac2738461fb4a9f01e14cd5c184f5f2.jpeg\",\"contentUrl\":\"https:\\\/\\\/www.eldiariodetucuman.com\\\/web\\\/wp-content\\\/uploads\\\/2018\\\/04\\\/8ac2738461fb4a9f01e14cd5c184f5f2.jpeg\",\"width\":960,\"height\":720},{\"@type\":\"BreadcrumbList\",\"@id\":\"https:\\\/\\\/www.eldiariodetucuman.com\\\/web\\\/el-mal-planteo-lo-paga-el-abogado\\\/#breadcrumb\",\"itemListElement\":[{\"@type\":\"ListItem\",\"position\":1,\"name\":\"Portada\",\"item\":\"https:\\\/\\\/www.eldiariodetucuman.com\\\/web\\\/\"},{\"@type\":\"ListItem\",\"position\":2,\"name\":\"El mal planteo lo paga el abogado\"}]},{\"@type\":\"WebSite\",\"@id\":\"https:\\\/\\\/www.eldiariodetucuman.com\\\/web\\\/#website\",\"url\":\"https:\\\/\\\/www.eldiariodetucuman.com\\\/web\\\/\",\"name\":\"El Diario de Tucuman\",\"description\":\"Diario Tucuman - Informaci\u00f3n y noticias\",\"publisher\":{\"@id\":\"https:\\\/\\\/www.eldiariodetucuman.com\\\/web\\\/#organization\"},\"potentialAction\":[{\"@type\":\"SearchAction\",\"target\":{\"@type\":\"EntryPoint\",\"urlTemplate\":\"https:\\\/\\\/www.eldiariodetucuman.com\\\/web\\\/?s={search_term_string}\"},\"query-input\":{\"@type\":\"PropertyValueSpecification\",\"valueRequired\":true,\"valueName\":\"search_term_string\"}}],\"inLanguage\":\"es\"},{\"@type\":\"Organization\",\"@id\":\"https:\\\/\\\/www.eldiariodetucuman.com\\\/web\\\/#organization\",\"name\":\"El Diario de Tucuman\",\"url\":\"https:\\\/\\\/www.eldiariodetucuman.com\\\/web\\\/\",\"logo\":{\"@type\":\"ImageObject\",\"inLanguage\":\"es\",\"@id\":\"https:\\\/\\\/www.eldiariodetucuman.com\\\/web\\\/#\\\/schema\\\/logo\\\/image\\\/\",\"url\":\"http:\\\/\\\/www.eldiariodetucuman.com\\\/web\\\/wp-content\\\/uploads\\\/2017\\\/12\\\/el-diario-de-tucuman.jpg\",\"contentUrl\":\"http:\\\/\\\/www.eldiariodetucuman.com\\\/web\\\/wp-content\\\/uploads\\\/2017\\\/12\\\/el-diario-de-tucuman.jpg\",\"width\":272,\"height\":92,\"caption\":\"El Diario de Tucuman\"},\"image\":{\"@id\":\"https:\\\/\\\/www.eldiariodetucuman.com\\\/web\\\/#\\\/schema\\\/logo\\\/image\\\/\"}},{\"@type\":\"Person\",\"@id\":\"https:\\\/\\\/www.eldiariodetucuman.com\\\/web\\\/#\\\/schema\\\/person\\\/9250197d75ab5483412e19678b121caa\",\"name\":\"admin\",\"image\":{\"@type\":\"ImageObject\",\"inLanguage\":\"es\",\"@id\":\"https:\\\/\\\/secure.gravatar.com\\\/avatar\\\/c44d117c2be811212c22cb481f6b8384b6873de103fbc49e7a03cc58d7dea4ac?s=96&d=mm&r=g\",\"url\":\"https:\\\/\\\/secure.gravatar.com\\\/avatar\\\/c44d117c2be811212c22cb481f6b8384b6873de103fbc49e7a03cc58d7dea4ac?s=96&d=mm&r=g\",\"contentUrl\":\"https:\\\/\\\/secure.gravatar.com\\\/avatar\\\/c44d117c2be811212c22cb481f6b8384b6873de103fbc49e7a03cc58d7dea4ac?s=96&d=mm&r=g\",\"caption\":\"admin\"},\"url\":\"https:\\\/\\\/www.eldiariodetucuman.com\\\/web\\\/author\\\/admin\\\/\"}]}<\/script>\n<!-- \/ Yoast SEO plugin. -->","yoast_head_json":{"title":"El mal planteo lo paga el abogado - El Diario de Tucuman","robots":{"index":"index","follow":"follow","max-snippet":"max-snippet:-1","max-image-preview":"max-image-preview:large","max-video-preview":"max-video-preview:-1"},"canonical":"https:\/\/www.eldiariodetucuman.com\/web\/el-mal-planteo-lo-paga-el-abogado\/","og_locale":"es_ES","og_type":"article","og_title":"El mal planteo lo paga el abogado - El Diario de Tucuman","og_description":"En un fallo in\u00e9dito, el Superior Tribunal de Justicia de Jujuy le aplic\u00f3 las costas de ambas instancias de un proceso laboral a un letrado por la forma \u00abdeficiente\u00bb en la que cumpli\u00f3 su funci\u00f3n. Seg\u00fan informa el Diario Judicial, fue en el marco del expediente \u00abLaboral por accidente de trabajo: Bowyer, Ana Mar\u00eda del [&hellip;]","og_url":"https:\/\/www.eldiariodetucuman.com\/web\/el-mal-planteo-lo-paga-el-abogado\/","og_site_name":"El Diario de Tucuman","article_published_time":"2018-04-17T15:38:24+00:00","article_modified_time":"2018-04-17T15:38:26+00:00","og_image":[{"width":960,"height":720,"url":"https:\/\/www.eldiariodetucuman.com\/web\/wp-content\/uploads\/2018\/04\/8ac2738461fb4a9f01e14cd5c184f5f2.jpeg","type":"image\/jpeg"}],"author":"admin","twitter_card":"summary_large_image","twitter_misc":{"Escrito por":"admin","Tiempo de lectura":"2 minutos"},"schema":{"@context":"https:\/\/schema.org","@graph":[{"@type":"Article","@id":"https:\/\/www.eldiariodetucuman.com\/web\/el-mal-planteo-lo-paga-el-abogado\/#article","isPartOf":{"@id":"https:\/\/www.eldiariodetucuman.com\/web\/el-mal-planteo-lo-paga-el-abogado\/"},"author":{"name":"admin","@id":"https:\/\/www.eldiariodetucuman.com\/web\/#\/schema\/person\/9250197d75ab5483412e19678b121caa"},"headline":"El mal planteo lo paga el abogado","datePublished":"2018-04-17T15:38:24+00:00","dateModified":"2018-04-17T15:38:26+00:00","mainEntityOfPage":{"@id":"https:\/\/www.eldiariodetucuman.com\/web\/el-mal-planteo-lo-paga-el-abogado\/"},"wordCount":421,"commentCount":0,"publisher":{"@id":"https:\/\/www.eldiariodetucuman.com\/web\/#organization"},"image":{"@id":"https:\/\/www.eldiariodetucuman.com\/web\/el-mal-planteo-lo-paga-el-abogado\/#primaryimage"},"thumbnailUrl":"https:\/\/www.eldiariodetucuman.com\/web\/wp-content\/uploads\/2018\/04\/8ac2738461fb4a9f01e14cd5c184f5f2.jpeg","articleSection":["Portada"],"inLanguage":"es","potentialAction":[{"@type":"CommentAction","name":"Comment","target":["https:\/\/www.eldiariodetucuman.com\/web\/el-mal-planteo-lo-paga-el-abogado\/#respond"]}]},{"@type":"WebPage","@id":"https:\/\/www.eldiariodetucuman.com\/web\/el-mal-planteo-lo-paga-el-abogado\/","url":"https:\/\/www.eldiariodetucuman.com\/web\/el-mal-planteo-lo-paga-el-abogado\/","name":"El mal planteo lo paga el abogado - El Diario de Tucuman","isPartOf":{"@id":"https:\/\/www.eldiariodetucuman.com\/web\/#website"},"primaryImageOfPage":{"@id":"https:\/\/www.eldiariodetucuman.com\/web\/el-mal-planteo-lo-paga-el-abogado\/#primaryimage"},"image":{"@id":"https:\/\/www.eldiariodetucuman.com\/web\/el-mal-planteo-lo-paga-el-abogado\/#primaryimage"},"thumbnailUrl":"https:\/\/www.eldiariodetucuman.com\/web\/wp-content\/uploads\/2018\/04\/8ac2738461fb4a9f01e14cd5c184f5f2.jpeg","datePublished":"2018-04-17T15:38:24+00:00","dateModified":"2018-04-17T15:38:26+00:00","breadcrumb":{"@id":"https:\/\/www.eldiariodetucuman.com\/web\/el-mal-planteo-lo-paga-el-abogado\/#breadcrumb"},"inLanguage":"es","potentialAction":[{"@type":"ReadAction","target":["https:\/\/www.eldiariodetucuman.com\/web\/el-mal-planteo-lo-paga-el-abogado\/"]}]},{"@type":"ImageObject","inLanguage":"es","@id":"https:\/\/www.eldiariodetucuman.com\/web\/el-mal-planteo-lo-paga-el-abogado\/#primaryimage","url":"https:\/\/www.eldiariodetucuman.com\/web\/wp-content\/uploads\/2018\/04\/8ac2738461fb4a9f01e14cd5c184f5f2.jpeg","contentUrl":"https:\/\/www.eldiariodetucuman.com\/web\/wp-content\/uploads\/2018\/04\/8ac2738461fb4a9f01e14cd5c184f5f2.jpeg","width":960,"height":720},{"@type":"BreadcrumbList","@id":"https:\/\/www.eldiariodetucuman.com\/web\/el-mal-planteo-lo-paga-el-abogado\/#breadcrumb","itemListElement":[{"@type":"ListItem","position":1,"name":"Portada","item":"https:\/\/www.eldiariodetucuman.com\/web\/"},{"@type":"ListItem","position":2,"name":"El mal planteo lo paga el abogado"}]},{"@type":"WebSite","@id":"https:\/\/www.eldiariodetucuman.com\/web\/#website","url":"https:\/\/www.eldiariodetucuman.com\/web\/","name":"El Diario de Tucuman","description":"Diario Tucuman - Informaci\u00f3n y noticias","publisher":{"@id":"https:\/\/www.eldiariodetucuman.com\/web\/#organization"},"potentialAction":[{"@type":"SearchAction","target":{"@type":"EntryPoint","urlTemplate":"https:\/\/www.eldiariodetucuman.com\/web\/?s={search_term_string}"},"query-input":{"@type":"PropertyValueSpecification","valueRequired":true,"valueName":"search_term_string"}}],"inLanguage":"es"},{"@type":"Organization","@id":"https:\/\/www.eldiariodetucuman.com\/web\/#organization","name":"El Diario de Tucuman","url":"https:\/\/www.eldiariodetucuman.com\/web\/","logo":{"@type":"ImageObject","inLanguage":"es","@id":"https:\/\/www.eldiariodetucuman.com\/web\/#\/schema\/logo\/image\/","url":"http:\/\/www.eldiariodetucuman.com\/web\/wp-content\/uploads\/2017\/12\/el-diario-de-tucuman.jpg","contentUrl":"http:\/\/www.eldiariodetucuman.com\/web\/wp-content\/uploads\/2017\/12\/el-diario-de-tucuman.jpg","width":272,"height":92,"caption":"El Diario de Tucuman"},"image":{"@id":"https:\/\/www.eldiariodetucuman.com\/web\/#\/schema\/logo\/image\/"}},{"@type":"Person","@id":"https:\/\/www.eldiariodetucuman.com\/web\/#\/schema\/person\/9250197d75ab5483412e19678b121caa","name":"admin","image":{"@type":"ImageObject","inLanguage":"es","@id":"https:\/\/secure.gravatar.com\/avatar\/c44d117c2be811212c22cb481f6b8384b6873de103fbc49e7a03cc58d7dea4ac?s=96&d=mm&r=g","url":"https:\/\/secure.gravatar.com\/avatar\/c44d117c2be811212c22cb481f6b8384b6873de103fbc49e7a03cc58d7dea4ac?s=96&d=mm&r=g","contentUrl":"https:\/\/secure.gravatar.com\/avatar\/c44d117c2be811212c22cb481f6b8384b6873de103fbc49e7a03cc58d7dea4ac?s=96&d=mm&r=g","caption":"admin"},"url":"https:\/\/www.eldiariodetucuman.com\/web\/author\/admin\/"}]}},"_links":{"self":[{"href":"https:\/\/www.eldiariodetucuman.com\/web\/wp-json\/wp\/v2\/posts\/8675","targetHints":{"allow":["GET"]}}],"collection":[{"href":"https:\/\/www.eldiariodetucuman.com\/web\/wp-json\/wp\/v2\/posts"}],"about":[{"href":"https:\/\/www.eldiariodetucuman.com\/web\/wp-json\/wp\/v2\/types\/post"}],"author":[{"embeddable":true,"href":"https:\/\/www.eldiariodetucuman.com\/web\/wp-json\/wp\/v2\/users\/1"}],"replies":[{"embeddable":true,"href":"https:\/\/www.eldiariodetucuman.com\/web\/wp-json\/wp\/v2\/comments?post=8675"}],"version-history":[{"count":1,"href":"https:\/\/www.eldiariodetucuman.com\/web\/wp-json\/wp\/v2\/posts\/8675\/revisions"}],"predecessor-version":[{"id":8677,"href":"https:\/\/www.eldiariodetucuman.com\/web\/wp-json\/wp\/v2\/posts\/8675\/revisions\/8677"}],"wp:featuredmedia":[{"embeddable":true,"href":"https:\/\/www.eldiariodetucuman.com\/web\/wp-json\/wp\/v2\/media\/8676"}],"wp:attachment":[{"href":"https:\/\/www.eldiariodetucuman.com\/web\/wp-json\/wp\/v2\/media?parent=8675"}],"wp:term":[{"taxonomy":"category","embeddable":true,"href":"https:\/\/www.eldiariodetucuman.com\/web\/wp-json\/wp\/v2\/categories?post=8675"},{"taxonomy":"post_tag","embeddable":true,"href":"https:\/\/www.eldiariodetucuman.com\/web\/wp-json\/wp\/v2\/tags?post=8675"}],"curies":[{"name":"wp","href":"https:\/\/api.w.org\/{rel}","templated":true}]}}