{"id":8672,"date":"2018-04-17T12:38:16","date_gmt":"2018-04-17T15:38:16","guid":{"rendered":"http:\/\/www.eldiariodetucuman.com\/web\/los-alimentos-justos-y-necesarios\/"},"modified":"2018-04-17T12:38:17","modified_gmt":"2018-04-17T15:38:17","slug":"los-alimentos-justos-y-necesarios","status":"publish","type":"post","link":"https:\/\/www.eldiariodetucuman.com\/web\/los-alimentos-justos-y-necesarios\/","title":{"rendered":"Los alimentos justos y necesarios"},"content":{"rendered":"<div>\n<div readability=\"48.878205128205\">\n<p>Una mujer acudi\u00f3 a la <strong>Justicia<\/strong> para que se le <strong>aumente<\/strong> la <a href=\"https:\/\/www.elintransigente.com\/economia\/2018\/4\/12\/inflacion-los-precios-subieron-23-en-marzo-486402.html\"><strong>cuota alimentaria<\/strong><\/a> a favor de su hijo. La actora reconoci\u00f3\u00a0que hab\u00eda acordado con el <a href=\"https:\/\/www.elintransigente.com\/politica\/2018\/4\/5\/el-deber-de-mantener-al-ex-485311.html\"><strong>progenitor<\/strong><\/a> un porcentaje del 25% de sus ingresos, pero argument\u00f3 que cuando acordaron el porcentaje, el ni\u00f1o ten\u00eda un a\u00f1o y no asist\u00eda a clases de f\u00fatbol y danzas, ni necesitaba el calzado, la indumentaria, los alimentos ni la recreaci\u00f3n.<\/p>\n<p>Seg\u00fan informa el <a href=\"http:\/\/www.diariojudicial.com\/nota\/80444\/civil-y-comercial\/los-alimentos-justos-y-necesarios.html\"><strong>Diario Judicial<\/strong><\/a>, la magistrada de primera instancia rechaz\u00f3 el incidente de aumento de cuota alimentaria, pero la parte actora apel\u00f3 la decisi\u00f3n y reiter\u00f3 que el equivalente al porcentaje pactado, de aproximadamente $7.000 resulta insuficiente para cubrir las necesidades reales que, seg\u00fan su presentaci\u00f3n, rondan los $17.981 por mes.<\/p>\n<aside class=\"htmlinline \"><ins class=\"adsbygoogle\" data-ad-layout=\"in-article\" data-ad-format=\"fluid\" data-ad-client=\"ca-pub-7781556717282971\" data-ad-slot=\"9383133609\"><\/ins><br \/>\n<\/aside>\n<p>En los autos \u201cP. D. I. C\/ B. C. L. S\/ Inc. Aumento de Cuota Alimentaria\u201d, la Sala II de la C\u00e1mara de Apelaciones en lo Civil, Comercial, Laboral y de Miner\u00eda de Neuqu\u00e9n confirm\u00f3 la resoluci\u00f3n de grado. Puntualmente, los camaristas recordaron que los progenitores acordaron una cuota equivalente al 25% de los ingresos del padre.<\/p>\n<p>\u201cSi bien es cierto que desde esa oportunidad ha pasado cierto tiempo y que el avance de la edad del hijo en com\u00fan hace presumir que sus gastos han aumentado, no lo es menos que la cuota inicial se pact\u00f3 en un porcentaje, lo que permite la adecuaci\u00f3n permanente y autom\u00e1tica del aporte alimentario al real caudal econ\u00f3mico del padre\u201d, se\u00f1al\u00f3 el fallo.<\/p>\n<p>Los jueces hicieron hincapi\u00e9 en el \u201cdelicado equilibrio que debe buscarse entre las necesidades del alimentado y las posibilidades del obligado a satisfacer la prestaci\u00f3n alimentaria\u201d, por lo que concluyeron que el \u201cmonto a abonar por el progenitor no puede medirse en forma absoluta, como propone la apelante, sino en forma relativa y proporcional a las modalidades ya establecidas por los propios interesados\u201d.<\/p>\n<\/div>\n<\/div>\n<p>Fuente: https:\/\/www.elintransigente.com\/politica\/2018\/4\/17\/los-alimentos-justos-necesarios-487040.html<\/p>\n","protected":false},"excerpt":{"rendered":"<p>Una mujer acudi\u00f3 a la Justicia para que se le aumente la cuota alimentaria a favor de su hijo. La actora reconoci\u00f3\u00a0que hab\u00eda acordado con el progenitor un porcentaje del 25% de sus ingresos, pero argument\u00f3 que cuando acordaron el porcentaje, el ni\u00f1o ten\u00eda un a\u00f1o y no asist\u00eda a clases de f\u00fatbol y danzas, [&hellip;]<\/p>\n","protected":false},"author":1,"featured_media":8673,"comment_status":"open","ping_status":"closed","sticky":false,"template":"","format":"standard","meta":{"footnotes":""},"categories":[1],"tags":[],"class_list":{"0":"post-8672","1":"post","2":"type-post","3":"status-publish","4":"format-standard","5":"has-post-thumbnail","7":"category-portada"},"yoast_head":"<!-- This site is optimized with the Yoast SEO plugin v27.4 - https:\/\/yoast.com\/product\/yoast-seo-wordpress\/ -->\n<title>Los alimentos justos y necesarios - El Diario de Tucuman<\/title>\n<meta name=\"robots\" content=\"index, follow, max-snippet:-1, max-image-preview:large, max-video-preview:-1\" \/>\n<link rel=\"canonical\" href=\"https:\/\/www.eldiariodetucuman.com\/web\/los-alimentos-justos-y-necesarios\/\" \/>\n<meta property=\"og:locale\" content=\"es_ES\" \/>\n<meta property=\"og:type\" content=\"article\" \/>\n<meta property=\"og:title\" content=\"Los alimentos justos y necesarios - El Diario de Tucuman\" \/>\n<meta property=\"og:description\" content=\"Una mujer acudi\u00f3 a la Justicia para que se le aumente la cuota alimentaria a favor de su hijo. La actora reconoci\u00f3\u00a0que hab\u00eda acordado con el progenitor un porcentaje del 25% de sus ingresos, pero argument\u00f3 que cuando acordaron el porcentaje, el ni\u00f1o ten\u00eda un a\u00f1o y no asist\u00eda a clases de f\u00fatbol y danzas, [&hellip;]\" \/>\n<meta property=\"og:url\" content=\"https:\/\/www.eldiariodetucuman.com\/web\/los-alimentos-justos-y-necesarios\/\" \/>\n<meta property=\"og:site_name\" content=\"El Diario de Tucuman\" \/>\n<meta property=\"article:published_time\" content=\"2018-04-17T15:38:16+00:00\" \/>\n<meta property=\"article:modified_time\" content=\"2018-04-17T15:38:17+00:00\" \/>\n<meta property=\"og:image\" content=\"https:\/\/www.eldiariodetucuman.com\/web\/wp-content\/uploads\/2018\/04\/dd901a3fdcd76b489e52871c0cf37960.jpeg\" \/>\n\t<meta property=\"og:image:width\" content=\"960\" \/>\n\t<meta property=\"og:image:height\" content=\"720\" \/>\n\t<meta property=\"og:image:type\" content=\"image\/jpeg\" \/>\n<meta name=\"author\" content=\"admin\" \/>\n<meta name=\"twitter:card\" content=\"summary_large_image\" \/>\n<meta name=\"twitter:label1\" content=\"Escrito por\" \/>\n\t<meta name=\"twitter:data1\" content=\"admin\" \/>\n\t<meta name=\"twitter:label2\" content=\"Tiempo de lectura\" \/>\n\t<meta name=\"twitter:data2\" content=\"2 minutos\" \/>\n<script type=\"application\/ld+json\" class=\"yoast-schema-graph\">{\"@context\":\"https:\\\/\\\/schema.org\",\"@graph\":[{\"@type\":\"Article\",\"@id\":\"https:\\\/\\\/www.eldiariodetucuman.com\\\/web\\\/los-alimentos-justos-y-necesarios\\\/#article\",\"isPartOf\":{\"@id\":\"https:\\\/\\\/www.eldiariodetucuman.com\\\/web\\\/los-alimentos-justos-y-necesarios\\\/\"},\"author\":{\"name\":\"admin\",\"@id\":\"https:\\\/\\\/www.eldiariodetucuman.com\\\/web\\\/#\\\/schema\\\/person\\\/9250197d75ab5483412e19678b121caa\"},\"headline\":\"Los alimentos justos y necesarios\",\"datePublished\":\"2018-04-17T15:38:16+00:00\",\"dateModified\":\"2018-04-17T15:38:17+00:00\",\"mainEntityOfPage\":{\"@id\":\"https:\\\/\\\/www.eldiariodetucuman.com\\\/web\\\/los-alimentos-justos-y-necesarios\\\/\"},\"wordCount\":332,\"commentCount\":0,\"publisher\":{\"@id\":\"https:\\\/\\\/www.eldiariodetucuman.com\\\/web\\\/#organization\"},\"image\":{\"@id\":\"https:\\\/\\\/www.eldiariodetucuman.com\\\/web\\\/los-alimentos-justos-y-necesarios\\\/#primaryimage\"},\"thumbnailUrl\":\"https:\\\/\\\/www.eldiariodetucuman.com\\\/web\\\/wp-content\\\/uploads\\\/2018\\\/04\\\/dd901a3fdcd76b489e52871c0cf37960.jpeg\",\"articleSection\":[\"Portada\"],\"inLanguage\":\"es\",\"potentialAction\":[{\"@type\":\"CommentAction\",\"name\":\"Comment\",\"target\":[\"https:\\\/\\\/www.eldiariodetucuman.com\\\/web\\\/los-alimentos-justos-y-necesarios\\\/#respond\"]}]},{\"@type\":\"WebPage\",\"@id\":\"https:\\\/\\\/www.eldiariodetucuman.com\\\/web\\\/los-alimentos-justos-y-necesarios\\\/\",\"url\":\"https:\\\/\\\/www.eldiariodetucuman.com\\\/web\\\/los-alimentos-justos-y-necesarios\\\/\",\"name\":\"Los alimentos justos y necesarios - El Diario de Tucuman\",\"isPartOf\":{\"@id\":\"https:\\\/\\\/www.eldiariodetucuman.com\\\/web\\\/#website\"},\"primaryImageOfPage\":{\"@id\":\"https:\\\/\\\/www.eldiariodetucuman.com\\\/web\\\/los-alimentos-justos-y-necesarios\\\/#primaryimage\"},\"image\":{\"@id\":\"https:\\\/\\\/www.eldiariodetucuman.com\\\/web\\\/los-alimentos-justos-y-necesarios\\\/#primaryimage\"},\"thumbnailUrl\":\"https:\\\/\\\/www.eldiariodetucuman.com\\\/web\\\/wp-content\\\/uploads\\\/2018\\\/04\\\/dd901a3fdcd76b489e52871c0cf37960.jpeg\",\"datePublished\":\"2018-04-17T15:38:16+00:00\",\"dateModified\":\"2018-04-17T15:38:17+00:00\",\"breadcrumb\":{\"@id\":\"https:\\\/\\\/www.eldiariodetucuman.com\\\/web\\\/los-alimentos-justos-y-necesarios\\\/#breadcrumb\"},\"inLanguage\":\"es\",\"potentialAction\":[{\"@type\":\"ReadAction\",\"target\":[\"https:\\\/\\\/www.eldiariodetucuman.com\\\/web\\\/los-alimentos-justos-y-necesarios\\\/\"]}]},{\"@type\":\"ImageObject\",\"inLanguage\":\"es\",\"@id\":\"https:\\\/\\\/www.eldiariodetucuman.com\\\/web\\\/los-alimentos-justos-y-necesarios\\\/#primaryimage\",\"url\":\"https:\\\/\\\/www.eldiariodetucuman.com\\\/web\\\/wp-content\\\/uploads\\\/2018\\\/04\\\/dd901a3fdcd76b489e52871c0cf37960.jpeg\",\"contentUrl\":\"https:\\\/\\\/www.eldiariodetucuman.com\\\/web\\\/wp-content\\\/uploads\\\/2018\\\/04\\\/dd901a3fdcd76b489e52871c0cf37960.jpeg\",\"width\":960,\"height\":720},{\"@type\":\"BreadcrumbList\",\"@id\":\"https:\\\/\\\/www.eldiariodetucuman.com\\\/web\\\/los-alimentos-justos-y-necesarios\\\/#breadcrumb\",\"itemListElement\":[{\"@type\":\"ListItem\",\"position\":1,\"name\":\"Portada\",\"item\":\"https:\\\/\\\/www.eldiariodetucuman.com\\\/web\\\/\"},{\"@type\":\"ListItem\",\"position\":2,\"name\":\"Los alimentos justos y necesarios\"}]},{\"@type\":\"WebSite\",\"@id\":\"https:\\\/\\\/www.eldiariodetucuman.com\\\/web\\\/#website\",\"url\":\"https:\\\/\\\/www.eldiariodetucuman.com\\\/web\\\/\",\"name\":\"El Diario de Tucuman\",\"description\":\"Diario Tucuman - Informaci\u00f3n y noticias\",\"publisher\":{\"@id\":\"https:\\\/\\\/www.eldiariodetucuman.com\\\/web\\\/#organization\"},\"potentialAction\":[{\"@type\":\"SearchAction\",\"target\":{\"@type\":\"EntryPoint\",\"urlTemplate\":\"https:\\\/\\\/www.eldiariodetucuman.com\\\/web\\\/?s={search_term_string}\"},\"query-input\":{\"@type\":\"PropertyValueSpecification\",\"valueRequired\":true,\"valueName\":\"search_term_string\"}}],\"inLanguage\":\"es\"},{\"@type\":\"Organization\",\"@id\":\"https:\\\/\\\/www.eldiariodetucuman.com\\\/web\\\/#organization\",\"name\":\"El Diario de Tucuman\",\"url\":\"https:\\\/\\\/www.eldiariodetucuman.com\\\/web\\\/\",\"logo\":{\"@type\":\"ImageObject\",\"inLanguage\":\"es\",\"@id\":\"https:\\\/\\\/www.eldiariodetucuman.com\\\/web\\\/#\\\/schema\\\/logo\\\/image\\\/\",\"url\":\"http:\\\/\\\/www.eldiariodetucuman.com\\\/web\\\/wp-content\\\/uploads\\\/2017\\\/12\\\/el-diario-de-tucuman.jpg\",\"contentUrl\":\"http:\\\/\\\/www.eldiariodetucuman.com\\\/web\\\/wp-content\\\/uploads\\\/2017\\\/12\\\/el-diario-de-tucuman.jpg\",\"width\":272,\"height\":92,\"caption\":\"El Diario de Tucuman\"},\"image\":{\"@id\":\"https:\\\/\\\/www.eldiariodetucuman.com\\\/web\\\/#\\\/schema\\\/logo\\\/image\\\/\"}},{\"@type\":\"Person\",\"@id\":\"https:\\\/\\\/www.eldiariodetucuman.com\\\/web\\\/#\\\/schema\\\/person\\\/9250197d75ab5483412e19678b121caa\",\"name\":\"admin\",\"image\":{\"@type\":\"ImageObject\",\"inLanguage\":\"es\",\"@id\":\"https:\\\/\\\/secure.gravatar.com\\\/avatar\\\/c44d117c2be811212c22cb481f6b8384b6873de103fbc49e7a03cc58d7dea4ac?s=96&d=mm&r=g\",\"url\":\"https:\\\/\\\/secure.gravatar.com\\\/avatar\\\/c44d117c2be811212c22cb481f6b8384b6873de103fbc49e7a03cc58d7dea4ac?s=96&d=mm&r=g\",\"contentUrl\":\"https:\\\/\\\/secure.gravatar.com\\\/avatar\\\/c44d117c2be811212c22cb481f6b8384b6873de103fbc49e7a03cc58d7dea4ac?s=96&d=mm&r=g\",\"caption\":\"admin\"},\"url\":\"https:\\\/\\\/www.eldiariodetucuman.com\\\/web\\\/author\\\/admin\\\/\"}]}<\/script>\n<!-- \/ Yoast SEO plugin. -->","yoast_head_json":{"title":"Los alimentos justos y necesarios - El Diario de Tucuman","robots":{"index":"index","follow":"follow","max-snippet":"max-snippet:-1","max-image-preview":"max-image-preview:large","max-video-preview":"max-video-preview:-1"},"canonical":"https:\/\/www.eldiariodetucuman.com\/web\/los-alimentos-justos-y-necesarios\/","og_locale":"es_ES","og_type":"article","og_title":"Los alimentos justos y necesarios - El Diario de Tucuman","og_description":"Una mujer acudi\u00f3 a la Justicia para que se le aumente la cuota alimentaria a favor de su hijo. La actora reconoci\u00f3\u00a0que hab\u00eda acordado con el progenitor un porcentaje del 25% de sus ingresos, pero argument\u00f3 que cuando acordaron el porcentaje, el ni\u00f1o ten\u00eda un a\u00f1o y no asist\u00eda a clases de f\u00fatbol y danzas, [&hellip;]","og_url":"https:\/\/www.eldiariodetucuman.com\/web\/los-alimentos-justos-y-necesarios\/","og_site_name":"El Diario de Tucuman","article_published_time":"2018-04-17T15:38:16+00:00","article_modified_time":"2018-04-17T15:38:17+00:00","og_image":[{"width":960,"height":720,"url":"https:\/\/www.eldiariodetucuman.com\/web\/wp-content\/uploads\/2018\/04\/dd901a3fdcd76b489e52871c0cf37960.jpeg","type":"image\/jpeg"}],"author":"admin","twitter_card":"summary_large_image","twitter_misc":{"Escrito por":"admin","Tiempo de lectura":"2 minutos"},"schema":{"@context":"https:\/\/schema.org","@graph":[{"@type":"Article","@id":"https:\/\/www.eldiariodetucuman.com\/web\/los-alimentos-justos-y-necesarios\/#article","isPartOf":{"@id":"https:\/\/www.eldiariodetucuman.com\/web\/los-alimentos-justos-y-necesarios\/"},"author":{"name":"admin","@id":"https:\/\/www.eldiariodetucuman.com\/web\/#\/schema\/person\/9250197d75ab5483412e19678b121caa"},"headline":"Los alimentos justos y necesarios","datePublished":"2018-04-17T15:38:16+00:00","dateModified":"2018-04-17T15:38:17+00:00","mainEntityOfPage":{"@id":"https:\/\/www.eldiariodetucuman.com\/web\/los-alimentos-justos-y-necesarios\/"},"wordCount":332,"commentCount":0,"publisher":{"@id":"https:\/\/www.eldiariodetucuman.com\/web\/#organization"},"image":{"@id":"https:\/\/www.eldiariodetucuman.com\/web\/los-alimentos-justos-y-necesarios\/#primaryimage"},"thumbnailUrl":"https:\/\/www.eldiariodetucuman.com\/web\/wp-content\/uploads\/2018\/04\/dd901a3fdcd76b489e52871c0cf37960.jpeg","articleSection":["Portada"],"inLanguage":"es","potentialAction":[{"@type":"CommentAction","name":"Comment","target":["https:\/\/www.eldiariodetucuman.com\/web\/los-alimentos-justos-y-necesarios\/#respond"]}]},{"@type":"WebPage","@id":"https:\/\/www.eldiariodetucuman.com\/web\/los-alimentos-justos-y-necesarios\/","url":"https:\/\/www.eldiariodetucuman.com\/web\/los-alimentos-justos-y-necesarios\/","name":"Los alimentos justos y necesarios - El Diario de Tucuman","isPartOf":{"@id":"https:\/\/www.eldiariodetucuman.com\/web\/#website"},"primaryImageOfPage":{"@id":"https:\/\/www.eldiariodetucuman.com\/web\/los-alimentos-justos-y-necesarios\/#primaryimage"},"image":{"@id":"https:\/\/www.eldiariodetucuman.com\/web\/los-alimentos-justos-y-necesarios\/#primaryimage"},"thumbnailUrl":"https:\/\/www.eldiariodetucuman.com\/web\/wp-content\/uploads\/2018\/04\/dd901a3fdcd76b489e52871c0cf37960.jpeg","datePublished":"2018-04-17T15:38:16+00:00","dateModified":"2018-04-17T15:38:17+00:00","breadcrumb":{"@id":"https:\/\/www.eldiariodetucuman.com\/web\/los-alimentos-justos-y-necesarios\/#breadcrumb"},"inLanguage":"es","potentialAction":[{"@type":"ReadAction","target":["https:\/\/www.eldiariodetucuman.com\/web\/los-alimentos-justos-y-necesarios\/"]}]},{"@type":"ImageObject","inLanguage":"es","@id":"https:\/\/www.eldiariodetucuman.com\/web\/los-alimentos-justos-y-necesarios\/#primaryimage","url":"https:\/\/www.eldiariodetucuman.com\/web\/wp-content\/uploads\/2018\/04\/dd901a3fdcd76b489e52871c0cf37960.jpeg","contentUrl":"https:\/\/www.eldiariodetucuman.com\/web\/wp-content\/uploads\/2018\/04\/dd901a3fdcd76b489e52871c0cf37960.jpeg","width":960,"height":720},{"@type":"BreadcrumbList","@id":"https:\/\/www.eldiariodetucuman.com\/web\/los-alimentos-justos-y-necesarios\/#breadcrumb","itemListElement":[{"@type":"ListItem","position":1,"name":"Portada","item":"https:\/\/www.eldiariodetucuman.com\/web\/"},{"@type":"ListItem","position":2,"name":"Los alimentos justos y necesarios"}]},{"@type":"WebSite","@id":"https:\/\/www.eldiariodetucuman.com\/web\/#website","url":"https:\/\/www.eldiariodetucuman.com\/web\/","name":"El Diario de Tucuman","description":"Diario Tucuman - Informaci\u00f3n y noticias","publisher":{"@id":"https:\/\/www.eldiariodetucuman.com\/web\/#organization"},"potentialAction":[{"@type":"SearchAction","target":{"@type":"EntryPoint","urlTemplate":"https:\/\/www.eldiariodetucuman.com\/web\/?s={search_term_string}"},"query-input":{"@type":"PropertyValueSpecification","valueRequired":true,"valueName":"search_term_string"}}],"inLanguage":"es"},{"@type":"Organization","@id":"https:\/\/www.eldiariodetucuman.com\/web\/#organization","name":"El Diario de Tucuman","url":"https:\/\/www.eldiariodetucuman.com\/web\/","logo":{"@type":"ImageObject","inLanguage":"es","@id":"https:\/\/www.eldiariodetucuman.com\/web\/#\/schema\/logo\/image\/","url":"http:\/\/www.eldiariodetucuman.com\/web\/wp-content\/uploads\/2017\/12\/el-diario-de-tucuman.jpg","contentUrl":"http:\/\/www.eldiariodetucuman.com\/web\/wp-content\/uploads\/2017\/12\/el-diario-de-tucuman.jpg","width":272,"height":92,"caption":"El Diario de Tucuman"},"image":{"@id":"https:\/\/www.eldiariodetucuman.com\/web\/#\/schema\/logo\/image\/"}},{"@type":"Person","@id":"https:\/\/www.eldiariodetucuman.com\/web\/#\/schema\/person\/9250197d75ab5483412e19678b121caa","name":"admin","image":{"@type":"ImageObject","inLanguage":"es","@id":"https:\/\/secure.gravatar.com\/avatar\/c44d117c2be811212c22cb481f6b8384b6873de103fbc49e7a03cc58d7dea4ac?s=96&d=mm&r=g","url":"https:\/\/secure.gravatar.com\/avatar\/c44d117c2be811212c22cb481f6b8384b6873de103fbc49e7a03cc58d7dea4ac?s=96&d=mm&r=g","contentUrl":"https:\/\/secure.gravatar.com\/avatar\/c44d117c2be811212c22cb481f6b8384b6873de103fbc49e7a03cc58d7dea4ac?s=96&d=mm&r=g","caption":"admin"},"url":"https:\/\/www.eldiariodetucuman.com\/web\/author\/admin\/"}]}},"_links":{"self":[{"href":"https:\/\/www.eldiariodetucuman.com\/web\/wp-json\/wp\/v2\/posts\/8672","targetHints":{"allow":["GET"]}}],"collection":[{"href":"https:\/\/www.eldiariodetucuman.com\/web\/wp-json\/wp\/v2\/posts"}],"about":[{"href":"https:\/\/www.eldiariodetucuman.com\/web\/wp-json\/wp\/v2\/types\/post"}],"author":[{"embeddable":true,"href":"https:\/\/www.eldiariodetucuman.com\/web\/wp-json\/wp\/v2\/users\/1"}],"replies":[{"embeddable":true,"href":"https:\/\/www.eldiariodetucuman.com\/web\/wp-json\/wp\/v2\/comments?post=8672"}],"version-history":[{"count":1,"href":"https:\/\/www.eldiariodetucuman.com\/web\/wp-json\/wp\/v2\/posts\/8672\/revisions"}],"predecessor-version":[{"id":8674,"href":"https:\/\/www.eldiariodetucuman.com\/web\/wp-json\/wp\/v2\/posts\/8672\/revisions\/8674"}],"wp:featuredmedia":[{"embeddable":true,"href":"https:\/\/www.eldiariodetucuman.com\/web\/wp-json\/wp\/v2\/media\/8673"}],"wp:attachment":[{"href":"https:\/\/www.eldiariodetucuman.com\/web\/wp-json\/wp\/v2\/media?parent=8672"}],"wp:term":[{"taxonomy":"category","embeddable":true,"href":"https:\/\/www.eldiariodetucuman.com\/web\/wp-json\/wp\/v2\/categories?post=8672"},{"taxonomy":"post_tag","embeddable":true,"href":"https:\/\/www.eldiariodetucuman.com\/web\/wp-json\/wp\/v2\/tags?post=8672"}],"curies":[{"name":"wp","href":"https:\/\/api.w.org\/{rel}","templated":true}]}}