{"id":8669,"date":"2018-04-17T12:15:56","date_gmt":"2018-04-17T15:15:56","guid":{"rendered":"http:\/\/www.eldiariodetucuman.com\/web\/llega-al-mundial-el-kun-aguero-fue-operado-de-la-rodilla\/"},"modified":"2018-04-17T12:16:01","modified_gmt":"2018-04-17T15:16:01","slug":"llega-al-mundial-el-kun-aguero-fue-operado-de-la-rodilla","status":"publish","type":"post","link":"https:\/\/www.eldiariodetucuman.com\/web\/llega-al-mundial-el-kun-aguero-fue-operado-de-la-rodilla\/","title":{"rendered":"\u00bfLlega al Mundial? El \u00abKun\u00bb Ag\u00fcero fue operado de la rodilla"},"content":{"rendered":"<div>\n<div readability=\"59.244031830239\">\n<p>El delantero argentino del Manchester City, <b>Sergio \u00abKun\u00bb Ag\u00fcero<\/b> se someti\u00f3 a una artroscop\u00eda de rodilla izquierda en Inglaterra  y no hay plazos previstos para su recuperaci\u00f3n.<\/p>\n<p>En su cuenta oficial de la red social twitter, Ag\u00fcero, ex jugador de Independiente y Atl\u00e9tico de Madrid escribi\u00f3: \u00abrecuper\u00e1ndome con toda la fuerza para volver pronto y mejor a las canchas\u00bb.<\/p>\n<blockquote class=\"twitter-tweet\" data-lang=\"es\" readability=\"6.4923664122137\">\n<p lang=\"es\" dir=\"ltr\">Recuper\u00e1ndome de una artroscopia en la rodilla. Y con toda la fuerza para volver pronto y mejor a las canchas \/\/Recovering from an arthroscopy on my knee. Fully motivated to get back soon to the field <\/p>\n<p>\u2014 Sergio Kun Aguero (@aguerosergiokun) <a href=\"https:\/\/twitter.com\/aguerosergiokun\/status\/986233875998355456?ref_src=twsrc%5Etfw\">17 de abril de 2018<\/a><\/p><\/blockquote>\n<p>El delantero se hab\u00eda perdido los dos partidos de la gira de la Selecci\u00f3n Argentina, ante Italia y Espa\u00f1a, luego de haber sentido molestias en una de sus rodillas durante un entrenamiento previo con su club.<\/p>\n<p>Luego de dichos amistosos volvi\u00f3 a jugar pero no desde el arranque: entr\u00f3 ante el Manchester United por la Premier y en la revancha con el Liverpool por la  Liga de Campeones de Europa.<\/p>\n<p><img decoding=\"async\" src=\"https:\/\/img.lagaceta.com.ar\/fotos\/notas\/2018\/04\/17\/tmb1_767793_20180417120701.jpg\" border=\"0\"><\/p>\n<p>Pero como las molestias en la articulaci\u00f3n persistieron, el cuerpo m\u00e9dico del Manchester City  decidi\u00f3 que lo mejor era someter al \u00abKun\u00bb a esta intervenci\u00f3n, en el cual se utiliza un artroscopio para limpiar y reparar problemas que pueda haber en el interior de la rodilla.<\/p>\n<p>Si bien no hay plazos previstos de recuperaci\u00f3n ya que no hubo parte oficial, todo indica que Ag\u00fcero no tendr\u00e1 problemas en llegar bien al Mundial de Rusia que comienza el 14 de junio pr\u00f3ximo.<\/p>\n<\/p><\/div>\n<\/div>\n<p>Fuente: http:\/\/www.lagaceta.com.ar\/nota\/767793\/deportes\/llega-al-mundial-kun-aguero-fue-operado-rodilla.html<\/p>\n","protected":false},"excerpt":{"rendered":"<p>El delantero argentino del Manchester City, Sergio \u00abKun\u00bb Ag\u00fcero se someti\u00f3 a una artroscop\u00eda de rodilla izquierda en Inglaterra y no hay plazos previstos para su recuperaci\u00f3n. En su cuenta oficial de la red social twitter, Ag\u00fcero, ex jugador de Independiente y Atl\u00e9tico de Madrid escribi\u00f3: \u00abrecuper\u00e1ndome con toda la fuerza para volver pronto y [&hellip;]<\/p>\n","protected":false},"author":1,"featured_media":8670,"comment_status":"open","ping_status":"closed","sticky":false,"template":"","format":"standard","meta":{"footnotes":""},"categories":[1],"tags":[],"class_list":{"0":"post-8669","1":"post","2":"type-post","3":"status-publish","4":"format-standard","5":"has-post-thumbnail","7":"category-portada"},"yoast_head":"<!-- This site is optimized with the Yoast SEO plugin v27.4 - https:\/\/yoast.com\/product\/yoast-seo-wordpress\/ -->\n<title>\u00bfLlega al Mundial? El &quot;Kun&quot; Ag\u00fcero fue operado de la rodilla - El Diario de Tucuman<\/title>\n<meta name=\"robots\" content=\"index, follow, max-snippet:-1, max-image-preview:large, max-video-preview:-1\" \/>\n<link rel=\"canonical\" href=\"https:\/\/www.eldiariodetucuman.com\/web\/llega-al-mundial-el-kun-aguero-fue-operado-de-la-rodilla\/\" \/>\n<meta property=\"og:locale\" content=\"es_ES\" \/>\n<meta property=\"og:type\" content=\"article\" \/>\n<meta property=\"og:title\" content=\"\u00bfLlega al Mundial? El &quot;Kun&quot; Ag\u00fcero fue operado de la rodilla - El Diario de Tucuman\" \/>\n<meta property=\"og:description\" content=\"El delantero argentino del Manchester City, Sergio \u00abKun\u00bb Ag\u00fcero se someti\u00f3 a una artroscop\u00eda de rodilla izquierda en Inglaterra y no hay plazos previstos para su recuperaci\u00f3n. En su cuenta oficial de la red social twitter, Ag\u00fcero, ex jugador de Independiente y Atl\u00e9tico de Madrid escribi\u00f3: \u00abrecuper\u00e1ndome con toda la fuerza para volver pronto y [&hellip;]\" \/>\n<meta property=\"og:url\" content=\"https:\/\/www.eldiariodetucuman.com\/web\/llega-al-mundial-el-kun-aguero-fue-operado-de-la-rodilla\/\" \/>\n<meta property=\"og:site_name\" content=\"El Diario de Tucuman\" \/>\n<meta property=\"article:published_time\" content=\"2018-04-17T15:15:56+00:00\" \/>\n<meta property=\"article:modified_time\" content=\"2018-04-17T15:16:01+00:00\" \/>\n<meta property=\"og:image\" content=\"https:\/\/www.eldiariodetucuman.com\/web\/wp-content\/uploads\/2018\/04\/6d3fa0302fd29ed4e1fdb960d60aa906.jpeg\" \/>\n\t<meta property=\"og:image:width\" content=\"1500\" \/>\n\t<meta property=\"og:image:height\" content=\"850\" \/>\n\t<meta property=\"og:image:type\" content=\"image\/jpeg\" \/>\n<meta name=\"author\" content=\"admin\" \/>\n<meta name=\"twitter:card\" content=\"summary_large_image\" \/>\n<meta name=\"twitter:label1\" content=\"Escrito por\" \/>\n\t<meta name=\"twitter:data1\" content=\"admin\" \/>\n\t<meta name=\"twitter:label2\" content=\"Tiempo de lectura\" \/>\n\t<meta name=\"twitter:data2\" content=\"1 minuto\" \/>\n<script type=\"application\/ld+json\" class=\"yoast-schema-graph\">{\"@context\":\"https:\\\/\\\/schema.org\",\"@graph\":[{\"@type\":\"Article\",\"@id\":\"https:\\\/\\\/www.eldiariodetucuman.com\\\/web\\\/llega-al-mundial-el-kun-aguero-fue-operado-de-la-rodilla\\\/#article\",\"isPartOf\":{\"@id\":\"https:\\\/\\\/www.eldiariodetucuman.com\\\/web\\\/llega-al-mundial-el-kun-aguero-fue-operado-de-la-rodilla\\\/\"},\"author\":{\"name\":\"admin\",\"@id\":\"https:\\\/\\\/www.eldiariodetucuman.com\\\/web\\\/#\\\/schema\\\/person\\\/9250197d75ab5483412e19678b121caa\"},\"headline\":\"\u00bfLlega al Mundial? El \u00abKun\u00bb Ag\u00fcero fue operado de la rodilla\",\"datePublished\":\"2018-04-17T15:15:56+00:00\",\"dateModified\":\"2018-04-17T15:16:01+00:00\",\"mainEntityOfPage\":{\"@id\":\"https:\\\/\\\/www.eldiariodetucuman.com\\\/web\\\/llega-al-mundial-el-kun-aguero-fue-operado-de-la-rodilla\\\/\"},\"wordCount\":290,\"commentCount\":0,\"publisher\":{\"@id\":\"https:\\\/\\\/www.eldiariodetucuman.com\\\/web\\\/#organization\"},\"image\":{\"@id\":\"https:\\\/\\\/www.eldiariodetucuman.com\\\/web\\\/llega-al-mundial-el-kun-aguero-fue-operado-de-la-rodilla\\\/#primaryimage\"},\"thumbnailUrl\":\"https:\\\/\\\/www.eldiariodetucuman.com\\\/web\\\/wp-content\\\/uploads\\\/2018\\\/04\\\/6d3fa0302fd29ed4e1fdb960d60aa906.jpeg\",\"articleSection\":[\"Portada\"],\"inLanguage\":\"es\",\"potentialAction\":[{\"@type\":\"CommentAction\",\"name\":\"Comment\",\"target\":[\"https:\\\/\\\/www.eldiariodetucuman.com\\\/web\\\/llega-al-mundial-el-kun-aguero-fue-operado-de-la-rodilla\\\/#respond\"]}]},{\"@type\":\"WebPage\",\"@id\":\"https:\\\/\\\/www.eldiariodetucuman.com\\\/web\\\/llega-al-mundial-el-kun-aguero-fue-operado-de-la-rodilla\\\/\",\"url\":\"https:\\\/\\\/www.eldiariodetucuman.com\\\/web\\\/llega-al-mundial-el-kun-aguero-fue-operado-de-la-rodilla\\\/\",\"name\":\"\u00bfLlega al Mundial? El \\\"Kun\\\" Ag\u00fcero fue operado de la rodilla - El Diario de Tucuman\",\"isPartOf\":{\"@id\":\"https:\\\/\\\/www.eldiariodetucuman.com\\\/web\\\/#website\"},\"primaryImageOfPage\":{\"@id\":\"https:\\\/\\\/www.eldiariodetucuman.com\\\/web\\\/llega-al-mundial-el-kun-aguero-fue-operado-de-la-rodilla\\\/#primaryimage\"},\"image\":{\"@id\":\"https:\\\/\\\/www.eldiariodetucuman.com\\\/web\\\/llega-al-mundial-el-kun-aguero-fue-operado-de-la-rodilla\\\/#primaryimage\"},\"thumbnailUrl\":\"https:\\\/\\\/www.eldiariodetucuman.com\\\/web\\\/wp-content\\\/uploads\\\/2018\\\/04\\\/6d3fa0302fd29ed4e1fdb960d60aa906.jpeg\",\"datePublished\":\"2018-04-17T15:15:56+00:00\",\"dateModified\":\"2018-04-17T15:16:01+00:00\",\"breadcrumb\":{\"@id\":\"https:\\\/\\\/www.eldiariodetucuman.com\\\/web\\\/llega-al-mundial-el-kun-aguero-fue-operado-de-la-rodilla\\\/#breadcrumb\"},\"inLanguage\":\"es\",\"potentialAction\":[{\"@type\":\"ReadAction\",\"target\":[\"https:\\\/\\\/www.eldiariodetucuman.com\\\/web\\\/llega-al-mundial-el-kun-aguero-fue-operado-de-la-rodilla\\\/\"]}]},{\"@type\":\"ImageObject\",\"inLanguage\":\"es\",\"@id\":\"https:\\\/\\\/www.eldiariodetucuman.com\\\/web\\\/llega-al-mundial-el-kun-aguero-fue-operado-de-la-rodilla\\\/#primaryimage\",\"url\":\"https:\\\/\\\/www.eldiariodetucuman.com\\\/web\\\/wp-content\\\/uploads\\\/2018\\\/04\\\/6d3fa0302fd29ed4e1fdb960d60aa906.jpeg\",\"contentUrl\":\"https:\\\/\\\/www.eldiariodetucuman.com\\\/web\\\/wp-content\\\/uploads\\\/2018\\\/04\\\/6d3fa0302fd29ed4e1fdb960d60aa906.jpeg\",\"width\":1500,\"height\":850},{\"@type\":\"BreadcrumbList\",\"@id\":\"https:\\\/\\\/www.eldiariodetucuman.com\\\/web\\\/llega-al-mundial-el-kun-aguero-fue-operado-de-la-rodilla\\\/#breadcrumb\",\"itemListElement\":[{\"@type\":\"ListItem\",\"position\":1,\"name\":\"Portada\",\"item\":\"https:\\\/\\\/www.eldiariodetucuman.com\\\/web\\\/\"},{\"@type\":\"ListItem\",\"position\":2,\"name\":\"\u00bfLlega al Mundial? El \u00abKun\u00bb Ag\u00fcero fue operado de la rodilla\"}]},{\"@type\":\"WebSite\",\"@id\":\"https:\\\/\\\/www.eldiariodetucuman.com\\\/web\\\/#website\",\"url\":\"https:\\\/\\\/www.eldiariodetucuman.com\\\/web\\\/\",\"name\":\"El Diario de Tucuman\",\"description\":\"Diario Tucuman - Informaci\u00f3n y noticias\",\"publisher\":{\"@id\":\"https:\\\/\\\/www.eldiariodetucuman.com\\\/web\\\/#organization\"},\"potentialAction\":[{\"@type\":\"SearchAction\",\"target\":{\"@type\":\"EntryPoint\",\"urlTemplate\":\"https:\\\/\\\/www.eldiariodetucuman.com\\\/web\\\/?s={search_term_string}\"},\"query-input\":{\"@type\":\"PropertyValueSpecification\",\"valueRequired\":true,\"valueName\":\"search_term_string\"}}],\"inLanguage\":\"es\"},{\"@type\":\"Organization\",\"@id\":\"https:\\\/\\\/www.eldiariodetucuman.com\\\/web\\\/#organization\",\"name\":\"El Diario de Tucuman\",\"url\":\"https:\\\/\\\/www.eldiariodetucuman.com\\\/web\\\/\",\"logo\":{\"@type\":\"ImageObject\",\"inLanguage\":\"es\",\"@id\":\"https:\\\/\\\/www.eldiariodetucuman.com\\\/web\\\/#\\\/schema\\\/logo\\\/image\\\/\",\"url\":\"http:\\\/\\\/www.eldiariodetucuman.com\\\/web\\\/wp-content\\\/uploads\\\/2017\\\/12\\\/el-diario-de-tucuman.jpg\",\"contentUrl\":\"http:\\\/\\\/www.eldiariodetucuman.com\\\/web\\\/wp-content\\\/uploads\\\/2017\\\/12\\\/el-diario-de-tucuman.jpg\",\"width\":272,\"height\":92,\"caption\":\"El Diario de Tucuman\"},\"image\":{\"@id\":\"https:\\\/\\\/www.eldiariodetucuman.com\\\/web\\\/#\\\/schema\\\/logo\\\/image\\\/\"}},{\"@type\":\"Person\",\"@id\":\"https:\\\/\\\/www.eldiariodetucuman.com\\\/web\\\/#\\\/schema\\\/person\\\/9250197d75ab5483412e19678b121caa\",\"name\":\"admin\",\"image\":{\"@type\":\"ImageObject\",\"inLanguage\":\"es\",\"@id\":\"https:\\\/\\\/secure.gravatar.com\\\/avatar\\\/c44d117c2be811212c22cb481f6b8384b6873de103fbc49e7a03cc58d7dea4ac?s=96&d=mm&r=g\",\"url\":\"https:\\\/\\\/secure.gravatar.com\\\/avatar\\\/c44d117c2be811212c22cb481f6b8384b6873de103fbc49e7a03cc58d7dea4ac?s=96&d=mm&r=g\",\"contentUrl\":\"https:\\\/\\\/secure.gravatar.com\\\/avatar\\\/c44d117c2be811212c22cb481f6b8384b6873de103fbc49e7a03cc58d7dea4ac?s=96&d=mm&r=g\",\"caption\":\"admin\"},\"url\":\"https:\\\/\\\/www.eldiariodetucuman.com\\\/web\\\/author\\\/admin\\\/\"}]}<\/script>\n<!-- \/ Yoast SEO plugin. -->","yoast_head_json":{"title":"\u00bfLlega al Mundial? El \"Kun\" Ag\u00fcero fue operado de la rodilla - El Diario de Tucuman","robots":{"index":"index","follow":"follow","max-snippet":"max-snippet:-1","max-image-preview":"max-image-preview:large","max-video-preview":"max-video-preview:-1"},"canonical":"https:\/\/www.eldiariodetucuman.com\/web\/llega-al-mundial-el-kun-aguero-fue-operado-de-la-rodilla\/","og_locale":"es_ES","og_type":"article","og_title":"\u00bfLlega al Mundial? El \"Kun\" Ag\u00fcero fue operado de la rodilla - El Diario de Tucuman","og_description":"El delantero argentino del Manchester City, Sergio \u00abKun\u00bb Ag\u00fcero se someti\u00f3 a una artroscop\u00eda de rodilla izquierda en Inglaterra y no hay plazos previstos para su recuperaci\u00f3n. En su cuenta oficial de la red social twitter, Ag\u00fcero, ex jugador de Independiente y Atl\u00e9tico de Madrid escribi\u00f3: \u00abrecuper\u00e1ndome con toda la fuerza para volver pronto y [&hellip;]","og_url":"https:\/\/www.eldiariodetucuman.com\/web\/llega-al-mundial-el-kun-aguero-fue-operado-de-la-rodilla\/","og_site_name":"El Diario de Tucuman","article_published_time":"2018-04-17T15:15:56+00:00","article_modified_time":"2018-04-17T15:16:01+00:00","og_image":[{"width":1500,"height":850,"url":"https:\/\/www.eldiariodetucuman.com\/web\/wp-content\/uploads\/2018\/04\/6d3fa0302fd29ed4e1fdb960d60aa906.jpeg","type":"image\/jpeg"}],"author":"admin","twitter_card":"summary_large_image","twitter_misc":{"Escrito por":"admin","Tiempo de lectura":"1 minuto"},"schema":{"@context":"https:\/\/schema.org","@graph":[{"@type":"Article","@id":"https:\/\/www.eldiariodetucuman.com\/web\/llega-al-mundial-el-kun-aguero-fue-operado-de-la-rodilla\/#article","isPartOf":{"@id":"https:\/\/www.eldiariodetucuman.com\/web\/llega-al-mundial-el-kun-aguero-fue-operado-de-la-rodilla\/"},"author":{"name":"admin","@id":"https:\/\/www.eldiariodetucuman.com\/web\/#\/schema\/person\/9250197d75ab5483412e19678b121caa"},"headline":"\u00bfLlega al Mundial? El \u00abKun\u00bb Ag\u00fcero fue operado de la rodilla","datePublished":"2018-04-17T15:15:56+00:00","dateModified":"2018-04-17T15:16:01+00:00","mainEntityOfPage":{"@id":"https:\/\/www.eldiariodetucuman.com\/web\/llega-al-mundial-el-kun-aguero-fue-operado-de-la-rodilla\/"},"wordCount":290,"commentCount":0,"publisher":{"@id":"https:\/\/www.eldiariodetucuman.com\/web\/#organization"},"image":{"@id":"https:\/\/www.eldiariodetucuman.com\/web\/llega-al-mundial-el-kun-aguero-fue-operado-de-la-rodilla\/#primaryimage"},"thumbnailUrl":"https:\/\/www.eldiariodetucuman.com\/web\/wp-content\/uploads\/2018\/04\/6d3fa0302fd29ed4e1fdb960d60aa906.jpeg","articleSection":["Portada"],"inLanguage":"es","potentialAction":[{"@type":"CommentAction","name":"Comment","target":["https:\/\/www.eldiariodetucuman.com\/web\/llega-al-mundial-el-kun-aguero-fue-operado-de-la-rodilla\/#respond"]}]},{"@type":"WebPage","@id":"https:\/\/www.eldiariodetucuman.com\/web\/llega-al-mundial-el-kun-aguero-fue-operado-de-la-rodilla\/","url":"https:\/\/www.eldiariodetucuman.com\/web\/llega-al-mundial-el-kun-aguero-fue-operado-de-la-rodilla\/","name":"\u00bfLlega al Mundial? El \"Kun\" Ag\u00fcero fue operado de la rodilla - El Diario de Tucuman","isPartOf":{"@id":"https:\/\/www.eldiariodetucuman.com\/web\/#website"},"primaryImageOfPage":{"@id":"https:\/\/www.eldiariodetucuman.com\/web\/llega-al-mundial-el-kun-aguero-fue-operado-de-la-rodilla\/#primaryimage"},"image":{"@id":"https:\/\/www.eldiariodetucuman.com\/web\/llega-al-mundial-el-kun-aguero-fue-operado-de-la-rodilla\/#primaryimage"},"thumbnailUrl":"https:\/\/www.eldiariodetucuman.com\/web\/wp-content\/uploads\/2018\/04\/6d3fa0302fd29ed4e1fdb960d60aa906.jpeg","datePublished":"2018-04-17T15:15:56+00:00","dateModified":"2018-04-17T15:16:01+00:00","breadcrumb":{"@id":"https:\/\/www.eldiariodetucuman.com\/web\/llega-al-mundial-el-kun-aguero-fue-operado-de-la-rodilla\/#breadcrumb"},"inLanguage":"es","potentialAction":[{"@type":"ReadAction","target":["https:\/\/www.eldiariodetucuman.com\/web\/llega-al-mundial-el-kun-aguero-fue-operado-de-la-rodilla\/"]}]},{"@type":"ImageObject","inLanguage":"es","@id":"https:\/\/www.eldiariodetucuman.com\/web\/llega-al-mundial-el-kun-aguero-fue-operado-de-la-rodilla\/#primaryimage","url":"https:\/\/www.eldiariodetucuman.com\/web\/wp-content\/uploads\/2018\/04\/6d3fa0302fd29ed4e1fdb960d60aa906.jpeg","contentUrl":"https:\/\/www.eldiariodetucuman.com\/web\/wp-content\/uploads\/2018\/04\/6d3fa0302fd29ed4e1fdb960d60aa906.jpeg","width":1500,"height":850},{"@type":"BreadcrumbList","@id":"https:\/\/www.eldiariodetucuman.com\/web\/llega-al-mundial-el-kun-aguero-fue-operado-de-la-rodilla\/#breadcrumb","itemListElement":[{"@type":"ListItem","position":1,"name":"Portada","item":"https:\/\/www.eldiariodetucuman.com\/web\/"},{"@type":"ListItem","position":2,"name":"\u00bfLlega al Mundial? El \u00abKun\u00bb Ag\u00fcero fue operado de la rodilla"}]},{"@type":"WebSite","@id":"https:\/\/www.eldiariodetucuman.com\/web\/#website","url":"https:\/\/www.eldiariodetucuman.com\/web\/","name":"El Diario de Tucuman","description":"Diario Tucuman - Informaci\u00f3n y noticias","publisher":{"@id":"https:\/\/www.eldiariodetucuman.com\/web\/#organization"},"potentialAction":[{"@type":"SearchAction","target":{"@type":"EntryPoint","urlTemplate":"https:\/\/www.eldiariodetucuman.com\/web\/?s={search_term_string}"},"query-input":{"@type":"PropertyValueSpecification","valueRequired":true,"valueName":"search_term_string"}}],"inLanguage":"es"},{"@type":"Organization","@id":"https:\/\/www.eldiariodetucuman.com\/web\/#organization","name":"El Diario de Tucuman","url":"https:\/\/www.eldiariodetucuman.com\/web\/","logo":{"@type":"ImageObject","inLanguage":"es","@id":"https:\/\/www.eldiariodetucuman.com\/web\/#\/schema\/logo\/image\/","url":"http:\/\/www.eldiariodetucuman.com\/web\/wp-content\/uploads\/2017\/12\/el-diario-de-tucuman.jpg","contentUrl":"http:\/\/www.eldiariodetucuman.com\/web\/wp-content\/uploads\/2017\/12\/el-diario-de-tucuman.jpg","width":272,"height":92,"caption":"El Diario de Tucuman"},"image":{"@id":"https:\/\/www.eldiariodetucuman.com\/web\/#\/schema\/logo\/image\/"}},{"@type":"Person","@id":"https:\/\/www.eldiariodetucuman.com\/web\/#\/schema\/person\/9250197d75ab5483412e19678b121caa","name":"admin","image":{"@type":"ImageObject","inLanguage":"es","@id":"https:\/\/secure.gravatar.com\/avatar\/c44d117c2be811212c22cb481f6b8384b6873de103fbc49e7a03cc58d7dea4ac?s=96&d=mm&r=g","url":"https:\/\/secure.gravatar.com\/avatar\/c44d117c2be811212c22cb481f6b8384b6873de103fbc49e7a03cc58d7dea4ac?s=96&d=mm&r=g","contentUrl":"https:\/\/secure.gravatar.com\/avatar\/c44d117c2be811212c22cb481f6b8384b6873de103fbc49e7a03cc58d7dea4ac?s=96&d=mm&r=g","caption":"admin"},"url":"https:\/\/www.eldiariodetucuman.com\/web\/author\/admin\/"}]}},"_links":{"self":[{"href":"https:\/\/www.eldiariodetucuman.com\/web\/wp-json\/wp\/v2\/posts\/8669","targetHints":{"allow":["GET"]}}],"collection":[{"href":"https:\/\/www.eldiariodetucuman.com\/web\/wp-json\/wp\/v2\/posts"}],"about":[{"href":"https:\/\/www.eldiariodetucuman.com\/web\/wp-json\/wp\/v2\/types\/post"}],"author":[{"embeddable":true,"href":"https:\/\/www.eldiariodetucuman.com\/web\/wp-json\/wp\/v2\/users\/1"}],"replies":[{"embeddable":true,"href":"https:\/\/www.eldiariodetucuman.com\/web\/wp-json\/wp\/v2\/comments?post=8669"}],"version-history":[{"count":1,"href":"https:\/\/www.eldiariodetucuman.com\/web\/wp-json\/wp\/v2\/posts\/8669\/revisions"}],"predecessor-version":[{"id":8671,"href":"https:\/\/www.eldiariodetucuman.com\/web\/wp-json\/wp\/v2\/posts\/8669\/revisions\/8671"}],"wp:featuredmedia":[{"embeddable":true,"href":"https:\/\/www.eldiariodetucuman.com\/web\/wp-json\/wp\/v2\/media\/8670"}],"wp:attachment":[{"href":"https:\/\/www.eldiariodetucuman.com\/web\/wp-json\/wp\/v2\/media?parent=8669"}],"wp:term":[{"taxonomy":"category","embeddable":true,"href":"https:\/\/www.eldiariodetucuman.com\/web\/wp-json\/wp\/v2\/categories?post=8669"},{"taxonomy":"post_tag","embeddable":true,"href":"https:\/\/www.eldiariodetucuman.com\/web\/wp-json\/wp\/v2\/tags?post=8669"}],"curies":[{"name":"wp","href":"https:\/\/api.w.org\/{rel}","templated":true}]}}