{"id":8666,"date":"2018-04-17T12:15:44","date_gmt":"2018-04-17T15:15:44","guid":{"rendered":"http:\/\/www.eldiariodetucuman.com\/web\/caso-facundo-ferreira-uno-de-los-policias-dio-positivo-en-cocaina-y-en-marihuana\/"},"modified":"2018-04-17T12:15:47","modified_gmt":"2018-04-17T15:15:47","slug":"caso-facundo-ferreira-uno-de-los-policias-dio-positivo-en-cocaina-y-en-marihuana","status":"publish","type":"post","link":"https:\/\/www.eldiariodetucuman.com\/web\/caso-facundo-ferreira-uno-de-los-policias-dio-positivo-en-cocaina-y-en-marihuana\/","title":{"rendered":"Caso Facundo Ferreira: uno de los polic\u00edas dio positivo en coca\u00edna y en marihuana"},"content":{"rendered":"<div>\n<div readability=\"72.37339055794\">\n<p>La Justicia recibi\u00f3 en las \u00faltimas horas el estudio toxicol\u00f3gico que se les hizo a los polic\u00edas involucrados en la muerte de <b><a href=\"https:\/\/www.lagaceta.com.ar\/tags\/13005\/facundo-ferreira\" mce_href=\"https:\/\/www.lagaceta.com.ar\/tags\/13005\/facundo-ferreira\" target=\"_blank\">Facundo Ferreira<\/a><\/b>, ocurrida el jueves 8 de marzo en la zona de El Bajo. A uno de los uniformados, aparentemente el que manejaba la moto, le habr\u00eda dado positivo en coca\u00edna y en marihuana.<\/p>\n<p>La fiscala <b>Andriana Giannoni<\/b>, que impulsa la causa, ahora buscar\u00e1 determinar cuantitativamente cu\u00e1l es el nivel de sustancias que ten\u00eda en el cuerpo el uniformado.<\/p>\n<p>El a\u00f1o pasado, en una investigaci\u00f3n que desarroll\u00f3 la misma fiscala por un supuesto caso de exceso policial en el personal del 911, le dio positivo en coca\u00edna a varios uniformados. En esa oportunidad, sin embargo, se hab\u00eda informado que esa sustancia hab\u00eda aparecido en el organismo porque los polic\u00edas eran habituales consumidores de hojas de coca, una costumbre muy habitual en el norte del pa\u00eds.<\/p>\n<p>A diferencia de aquel caso, al encontrarse restos de marihuana, se complica la situaci\u00f3n de uno de los polic\u00eda involucrados en la muerte del chico de 12 a\u00f1os.<\/p>\n<p><b>El caso<\/b><\/p>\n<p>Ferreira falleci\u00f3 a los pocos minutos de haber recibido un disparo en la nuca. Seg\u00fan la versi\u00f3n oficial, los agentes <b>Nicol\u00e1s Gonz\u00e1lez Montes de Oca<\/b> y <b>Mauro Gabriel D\u00edaz C\u00e1ceres<\/b> persiguieron a un grupo de j\u00f3venes que comenzaron a huir al descubrir su presencia en la zona. Luego, siempre de acuerdo al reporte policial, los sospechosos les habr\u00edan disparado cuando estaban en la esquina de avenida Avellaneda y Francia. Ellos respondieron y all\u00ed cay\u00f3 mortalmente herido el menor.<\/p>\n<p>os familiares de la v\u00edctima dijeron que el ni\u00f1o, que viajaba en una moto con otro adolescente, qued\u00f3 en medio de un enfrentamiento entre otros j\u00f3venes y los polic\u00edas. Esa versi\u00f3n fue confirmada por <b>Juan<\/b>, el menor que se trasladaba con Facundo en el momento que se produjo el hecho. <\/p>\n<p>Noticia en desarrollo\u2026<\/p>\n<\/p><\/div>\n<\/div>\n<p>Fuente: http:\/\/www.lagaceta.com.ar\/nota\/767794\/actualidad\/caso-facundo-ferreira-uno-policias-dio-positivo-cocaina-marihuana.html<\/p>\n","protected":false},"excerpt":{"rendered":"<p>La Justicia recibi\u00f3 en las \u00faltimas horas el estudio toxicol\u00f3gico que se les hizo a los polic\u00edas involucrados en la muerte de Facundo Ferreira, ocurrida el jueves 8 de marzo en la zona de El Bajo. A uno de los uniformados, aparentemente el que manejaba la moto, le habr\u00eda dado positivo en coca\u00edna y en [&hellip;]<\/p>\n","protected":false},"author":1,"featured_media":8667,"comment_status":"open","ping_status":"closed","sticky":false,"template":"","format":"standard","meta":{"footnotes":""},"categories":[1],"tags":[],"class_list":{"0":"post-8666","1":"post","2":"type-post","3":"status-publish","4":"format-standard","5":"has-post-thumbnail","7":"category-portada"},"yoast_head":"<!-- This site is optimized with the Yoast SEO plugin v27.4 - https:\/\/yoast.com\/product\/yoast-seo-wordpress\/ -->\n<title>Caso Facundo Ferreira: uno de los polic\u00edas dio positivo en coca\u00edna y en marihuana - El Diario de Tucuman<\/title>\n<meta name=\"robots\" content=\"index, follow, max-snippet:-1, max-image-preview:large, max-video-preview:-1\" \/>\n<link rel=\"canonical\" href=\"https:\/\/www.eldiariodetucuman.com\/web\/caso-facundo-ferreira-uno-de-los-policias-dio-positivo-en-cocaina-y-en-marihuana\/\" \/>\n<meta property=\"og:locale\" content=\"es_ES\" \/>\n<meta property=\"og:type\" content=\"article\" \/>\n<meta property=\"og:title\" content=\"Caso Facundo Ferreira: uno de los polic\u00edas dio positivo en coca\u00edna y en marihuana - El Diario de Tucuman\" \/>\n<meta property=\"og:description\" content=\"La Justicia recibi\u00f3 en las \u00faltimas horas el estudio toxicol\u00f3gico que se les hizo a los polic\u00edas involucrados en la muerte de Facundo Ferreira, ocurrida el jueves 8 de marzo en la zona de El Bajo. A uno de los uniformados, aparentemente el que manejaba la moto, le habr\u00eda dado positivo en coca\u00edna y en [&hellip;]\" \/>\n<meta property=\"og:url\" content=\"https:\/\/www.eldiariodetucuman.com\/web\/caso-facundo-ferreira-uno-de-los-policias-dio-positivo-en-cocaina-y-en-marihuana\/\" \/>\n<meta property=\"og:site_name\" content=\"El Diario de Tucuman\" \/>\n<meta property=\"article:published_time\" content=\"2018-04-17T15:15:44+00:00\" \/>\n<meta property=\"article:modified_time\" content=\"2018-04-17T15:15:47+00:00\" \/>\n<meta property=\"og:image\" content=\"https:\/\/www.eldiariodetucuman.com\/web\/wp-content\/uploads\/2018\/04\/9604bfee64da8973e84dc7eb59c3a646.jpeg\" \/>\n\t<meta property=\"og:image:width\" content=\"1500\" \/>\n\t<meta property=\"og:image:height\" content=\"850\" \/>\n\t<meta property=\"og:image:type\" content=\"image\/jpeg\" \/>\n<meta name=\"author\" content=\"admin\" \/>\n<meta name=\"twitter:card\" content=\"summary_large_image\" \/>\n<meta name=\"twitter:label1\" content=\"Escrito por\" \/>\n\t<meta name=\"twitter:data1\" content=\"admin\" \/>\n\t<meta name=\"twitter:label2\" content=\"Tiempo de lectura\" \/>\n\t<meta name=\"twitter:data2\" content=\"2 minutos\" \/>\n<script type=\"application\/ld+json\" class=\"yoast-schema-graph\">{\"@context\":\"https:\\\/\\\/schema.org\",\"@graph\":[{\"@type\":\"Article\",\"@id\":\"https:\\\/\\\/www.eldiariodetucuman.com\\\/web\\\/caso-facundo-ferreira-uno-de-los-policias-dio-positivo-en-cocaina-y-en-marihuana\\\/#article\",\"isPartOf\":{\"@id\":\"https:\\\/\\\/www.eldiariodetucuman.com\\\/web\\\/caso-facundo-ferreira-uno-de-los-policias-dio-positivo-en-cocaina-y-en-marihuana\\\/\"},\"author\":{\"name\":\"admin\",\"@id\":\"https:\\\/\\\/www.eldiariodetucuman.com\\\/web\\\/#\\\/schema\\\/person\\\/9250197d75ab5483412e19678b121caa\"},\"headline\":\"Caso Facundo Ferreira: uno de los polic\u00edas dio positivo en coca\u00edna y en marihuana\",\"datePublished\":\"2018-04-17T15:15:44+00:00\",\"dateModified\":\"2018-04-17T15:15:47+00:00\",\"mainEntityOfPage\":{\"@id\":\"https:\\\/\\\/www.eldiariodetucuman.com\\\/web\\\/caso-facundo-ferreira-uno-de-los-policias-dio-positivo-en-cocaina-y-en-marihuana\\\/\"},\"wordCount\":360,\"commentCount\":0,\"publisher\":{\"@id\":\"https:\\\/\\\/www.eldiariodetucuman.com\\\/web\\\/#organization\"},\"image\":{\"@id\":\"https:\\\/\\\/www.eldiariodetucuman.com\\\/web\\\/caso-facundo-ferreira-uno-de-los-policias-dio-positivo-en-cocaina-y-en-marihuana\\\/#primaryimage\"},\"thumbnailUrl\":\"https:\\\/\\\/www.eldiariodetucuman.com\\\/web\\\/wp-content\\\/uploads\\\/2018\\\/04\\\/9604bfee64da8973e84dc7eb59c3a646.jpeg\",\"articleSection\":[\"Portada\"],\"inLanguage\":\"es\",\"potentialAction\":[{\"@type\":\"CommentAction\",\"name\":\"Comment\",\"target\":[\"https:\\\/\\\/www.eldiariodetucuman.com\\\/web\\\/caso-facundo-ferreira-uno-de-los-policias-dio-positivo-en-cocaina-y-en-marihuana\\\/#respond\"]}]},{\"@type\":\"WebPage\",\"@id\":\"https:\\\/\\\/www.eldiariodetucuman.com\\\/web\\\/caso-facundo-ferreira-uno-de-los-policias-dio-positivo-en-cocaina-y-en-marihuana\\\/\",\"url\":\"https:\\\/\\\/www.eldiariodetucuman.com\\\/web\\\/caso-facundo-ferreira-uno-de-los-policias-dio-positivo-en-cocaina-y-en-marihuana\\\/\",\"name\":\"Caso Facundo Ferreira: uno de los polic\u00edas dio positivo en coca\u00edna y en marihuana - El Diario de Tucuman\",\"isPartOf\":{\"@id\":\"https:\\\/\\\/www.eldiariodetucuman.com\\\/web\\\/#website\"},\"primaryImageOfPage\":{\"@id\":\"https:\\\/\\\/www.eldiariodetucuman.com\\\/web\\\/caso-facundo-ferreira-uno-de-los-policias-dio-positivo-en-cocaina-y-en-marihuana\\\/#primaryimage\"},\"image\":{\"@id\":\"https:\\\/\\\/www.eldiariodetucuman.com\\\/web\\\/caso-facundo-ferreira-uno-de-los-policias-dio-positivo-en-cocaina-y-en-marihuana\\\/#primaryimage\"},\"thumbnailUrl\":\"https:\\\/\\\/www.eldiariodetucuman.com\\\/web\\\/wp-content\\\/uploads\\\/2018\\\/04\\\/9604bfee64da8973e84dc7eb59c3a646.jpeg\",\"datePublished\":\"2018-04-17T15:15:44+00:00\",\"dateModified\":\"2018-04-17T15:15:47+00:00\",\"breadcrumb\":{\"@id\":\"https:\\\/\\\/www.eldiariodetucuman.com\\\/web\\\/caso-facundo-ferreira-uno-de-los-policias-dio-positivo-en-cocaina-y-en-marihuana\\\/#breadcrumb\"},\"inLanguage\":\"es\",\"potentialAction\":[{\"@type\":\"ReadAction\",\"target\":[\"https:\\\/\\\/www.eldiariodetucuman.com\\\/web\\\/caso-facundo-ferreira-uno-de-los-policias-dio-positivo-en-cocaina-y-en-marihuana\\\/\"]}]},{\"@type\":\"ImageObject\",\"inLanguage\":\"es\",\"@id\":\"https:\\\/\\\/www.eldiariodetucuman.com\\\/web\\\/caso-facundo-ferreira-uno-de-los-policias-dio-positivo-en-cocaina-y-en-marihuana\\\/#primaryimage\",\"url\":\"https:\\\/\\\/www.eldiariodetucuman.com\\\/web\\\/wp-content\\\/uploads\\\/2018\\\/04\\\/9604bfee64da8973e84dc7eb59c3a646.jpeg\",\"contentUrl\":\"https:\\\/\\\/www.eldiariodetucuman.com\\\/web\\\/wp-content\\\/uploads\\\/2018\\\/04\\\/9604bfee64da8973e84dc7eb59c3a646.jpeg\",\"width\":1500,\"height\":850},{\"@type\":\"BreadcrumbList\",\"@id\":\"https:\\\/\\\/www.eldiariodetucuman.com\\\/web\\\/caso-facundo-ferreira-uno-de-los-policias-dio-positivo-en-cocaina-y-en-marihuana\\\/#breadcrumb\",\"itemListElement\":[{\"@type\":\"ListItem\",\"position\":1,\"name\":\"Portada\",\"item\":\"https:\\\/\\\/www.eldiariodetucuman.com\\\/web\\\/\"},{\"@type\":\"ListItem\",\"position\":2,\"name\":\"Caso Facundo Ferreira: uno de los polic\u00edas dio positivo en coca\u00edna y en marihuana\"}]},{\"@type\":\"WebSite\",\"@id\":\"https:\\\/\\\/www.eldiariodetucuman.com\\\/web\\\/#website\",\"url\":\"https:\\\/\\\/www.eldiariodetucuman.com\\\/web\\\/\",\"name\":\"El Diario de Tucuman\",\"description\":\"Diario Tucuman - Informaci\u00f3n y noticias\",\"publisher\":{\"@id\":\"https:\\\/\\\/www.eldiariodetucuman.com\\\/web\\\/#organization\"},\"potentialAction\":[{\"@type\":\"SearchAction\",\"target\":{\"@type\":\"EntryPoint\",\"urlTemplate\":\"https:\\\/\\\/www.eldiariodetucuman.com\\\/web\\\/?s={search_term_string}\"},\"query-input\":{\"@type\":\"PropertyValueSpecification\",\"valueRequired\":true,\"valueName\":\"search_term_string\"}}],\"inLanguage\":\"es\"},{\"@type\":\"Organization\",\"@id\":\"https:\\\/\\\/www.eldiariodetucuman.com\\\/web\\\/#organization\",\"name\":\"El Diario de Tucuman\",\"url\":\"https:\\\/\\\/www.eldiariodetucuman.com\\\/web\\\/\",\"logo\":{\"@type\":\"ImageObject\",\"inLanguage\":\"es\",\"@id\":\"https:\\\/\\\/www.eldiariodetucuman.com\\\/web\\\/#\\\/schema\\\/logo\\\/image\\\/\",\"url\":\"http:\\\/\\\/www.eldiariodetucuman.com\\\/web\\\/wp-content\\\/uploads\\\/2017\\\/12\\\/el-diario-de-tucuman.jpg\",\"contentUrl\":\"http:\\\/\\\/www.eldiariodetucuman.com\\\/web\\\/wp-content\\\/uploads\\\/2017\\\/12\\\/el-diario-de-tucuman.jpg\",\"width\":272,\"height\":92,\"caption\":\"El Diario de Tucuman\"},\"image\":{\"@id\":\"https:\\\/\\\/www.eldiariodetucuman.com\\\/web\\\/#\\\/schema\\\/logo\\\/image\\\/\"}},{\"@type\":\"Person\",\"@id\":\"https:\\\/\\\/www.eldiariodetucuman.com\\\/web\\\/#\\\/schema\\\/person\\\/9250197d75ab5483412e19678b121caa\",\"name\":\"admin\",\"image\":{\"@type\":\"ImageObject\",\"inLanguage\":\"es\",\"@id\":\"https:\\\/\\\/secure.gravatar.com\\\/avatar\\\/c44d117c2be811212c22cb481f6b8384b6873de103fbc49e7a03cc58d7dea4ac?s=96&d=mm&r=g\",\"url\":\"https:\\\/\\\/secure.gravatar.com\\\/avatar\\\/c44d117c2be811212c22cb481f6b8384b6873de103fbc49e7a03cc58d7dea4ac?s=96&d=mm&r=g\",\"contentUrl\":\"https:\\\/\\\/secure.gravatar.com\\\/avatar\\\/c44d117c2be811212c22cb481f6b8384b6873de103fbc49e7a03cc58d7dea4ac?s=96&d=mm&r=g\",\"caption\":\"admin\"},\"url\":\"https:\\\/\\\/www.eldiariodetucuman.com\\\/web\\\/author\\\/admin\\\/\"}]}<\/script>\n<!-- \/ Yoast SEO plugin. -->","yoast_head_json":{"title":"Caso Facundo Ferreira: uno de los polic\u00edas dio positivo en coca\u00edna y en marihuana - El Diario de Tucuman","robots":{"index":"index","follow":"follow","max-snippet":"max-snippet:-1","max-image-preview":"max-image-preview:large","max-video-preview":"max-video-preview:-1"},"canonical":"https:\/\/www.eldiariodetucuman.com\/web\/caso-facundo-ferreira-uno-de-los-policias-dio-positivo-en-cocaina-y-en-marihuana\/","og_locale":"es_ES","og_type":"article","og_title":"Caso Facundo Ferreira: uno de los polic\u00edas dio positivo en coca\u00edna y en marihuana - El Diario de Tucuman","og_description":"La Justicia recibi\u00f3 en las \u00faltimas horas el estudio toxicol\u00f3gico que se les hizo a los polic\u00edas involucrados en la muerte de Facundo Ferreira, ocurrida el jueves 8 de marzo en la zona de El Bajo. A uno de los uniformados, aparentemente el que manejaba la moto, le habr\u00eda dado positivo en coca\u00edna y en [&hellip;]","og_url":"https:\/\/www.eldiariodetucuman.com\/web\/caso-facundo-ferreira-uno-de-los-policias-dio-positivo-en-cocaina-y-en-marihuana\/","og_site_name":"El Diario de Tucuman","article_published_time":"2018-04-17T15:15:44+00:00","article_modified_time":"2018-04-17T15:15:47+00:00","og_image":[{"width":1500,"height":850,"url":"https:\/\/www.eldiariodetucuman.com\/web\/wp-content\/uploads\/2018\/04\/9604bfee64da8973e84dc7eb59c3a646.jpeg","type":"image\/jpeg"}],"author":"admin","twitter_card":"summary_large_image","twitter_misc":{"Escrito por":"admin","Tiempo de lectura":"2 minutos"},"schema":{"@context":"https:\/\/schema.org","@graph":[{"@type":"Article","@id":"https:\/\/www.eldiariodetucuman.com\/web\/caso-facundo-ferreira-uno-de-los-policias-dio-positivo-en-cocaina-y-en-marihuana\/#article","isPartOf":{"@id":"https:\/\/www.eldiariodetucuman.com\/web\/caso-facundo-ferreira-uno-de-los-policias-dio-positivo-en-cocaina-y-en-marihuana\/"},"author":{"name":"admin","@id":"https:\/\/www.eldiariodetucuman.com\/web\/#\/schema\/person\/9250197d75ab5483412e19678b121caa"},"headline":"Caso Facundo Ferreira: uno de los polic\u00edas dio positivo en coca\u00edna y en marihuana","datePublished":"2018-04-17T15:15:44+00:00","dateModified":"2018-04-17T15:15:47+00:00","mainEntityOfPage":{"@id":"https:\/\/www.eldiariodetucuman.com\/web\/caso-facundo-ferreira-uno-de-los-policias-dio-positivo-en-cocaina-y-en-marihuana\/"},"wordCount":360,"commentCount":0,"publisher":{"@id":"https:\/\/www.eldiariodetucuman.com\/web\/#organization"},"image":{"@id":"https:\/\/www.eldiariodetucuman.com\/web\/caso-facundo-ferreira-uno-de-los-policias-dio-positivo-en-cocaina-y-en-marihuana\/#primaryimage"},"thumbnailUrl":"https:\/\/www.eldiariodetucuman.com\/web\/wp-content\/uploads\/2018\/04\/9604bfee64da8973e84dc7eb59c3a646.jpeg","articleSection":["Portada"],"inLanguage":"es","potentialAction":[{"@type":"CommentAction","name":"Comment","target":["https:\/\/www.eldiariodetucuman.com\/web\/caso-facundo-ferreira-uno-de-los-policias-dio-positivo-en-cocaina-y-en-marihuana\/#respond"]}]},{"@type":"WebPage","@id":"https:\/\/www.eldiariodetucuman.com\/web\/caso-facundo-ferreira-uno-de-los-policias-dio-positivo-en-cocaina-y-en-marihuana\/","url":"https:\/\/www.eldiariodetucuman.com\/web\/caso-facundo-ferreira-uno-de-los-policias-dio-positivo-en-cocaina-y-en-marihuana\/","name":"Caso Facundo Ferreira: uno de los polic\u00edas dio positivo en coca\u00edna y en marihuana - El Diario de Tucuman","isPartOf":{"@id":"https:\/\/www.eldiariodetucuman.com\/web\/#website"},"primaryImageOfPage":{"@id":"https:\/\/www.eldiariodetucuman.com\/web\/caso-facundo-ferreira-uno-de-los-policias-dio-positivo-en-cocaina-y-en-marihuana\/#primaryimage"},"image":{"@id":"https:\/\/www.eldiariodetucuman.com\/web\/caso-facundo-ferreira-uno-de-los-policias-dio-positivo-en-cocaina-y-en-marihuana\/#primaryimage"},"thumbnailUrl":"https:\/\/www.eldiariodetucuman.com\/web\/wp-content\/uploads\/2018\/04\/9604bfee64da8973e84dc7eb59c3a646.jpeg","datePublished":"2018-04-17T15:15:44+00:00","dateModified":"2018-04-17T15:15:47+00:00","breadcrumb":{"@id":"https:\/\/www.eldiariodetucuman.com\/web\/caso-facundo-ferreira-uno-de-los-policias-dio-positivo-en-cocaina-y-en-marihuana\/#breadcrumb"},"inLanguage":"es","potentialAction":[{"@type":"ReadAction","target":["https:\/\/www.eldiariodetucuman.com\/web\/caso-facundo-ferreira-uno-de-los-policias-dio-positivo-en-cocaina-y-en-marihuana\/"]}]},{"@type":"ImageObject","inLanguage":"es","@id":"https:\/\/www.eldiariodetucuman.com\/web\/caso-facundo-ferreira-uno-de-los-policias-dio-positivo-en-cocaina-y-en-marihuana\/#primaryimage","url":"https:\/\/www.eldiariodetucuman.com\/web\/wp-content\/uploads\/2018\/04\/9604bfee64da8973e84dc7eb59c3a646.jpeg","contentUrl":"https:\/\/www.eldiariodetucuman.com\/web\/wp-content\/uploads\/2018\/04\/9604bfee64da8973e84dc7eb59c3a646.jpeg","width":1500,"height":850},{"@type":"BreadcrumbList","@id":"https:\/\/www.eldiariodetucuman.com\/web\/caso-facundo-ferreira-uno-de-los-policias-dio-positivo-en-cocaina-y-en-marihuana\/#breadcrumb","itemListElement":[{"@type":"ListItem","position":1,"name":"Portada","item":"https:\/\/www.eldiariodetucuman.com\/web\/"},{"@type":"ListItem","position":2,"name":"Caso Facundo Ferreira: uno de los polic\u00edas dio positivo en coca\u00edna y en marihuana"}]},{"@type":"WebSite","@id":"https:\/\/www.eldiariodetucuman.com\/web\/#website","url":"https:\/\/www.eldiariodetucuman.com\/web\/","name":"El Diario de Tucuman","description":"Diario Tucuman - Informaci\u00f3n y noticias","publisher":{"@id":"https:\/\/www.eldiariodetucuman.com\/web\/#organization"},"potentialAction":[{"@type":"SearchAction","target":{"@type":"EntryPoint","urlTemplate":"https:\/\/www.eldiariodetucuman.com\/web\/?s={search_term_string}"},"query-input":{"@type":"PropertyValueSpecification","valueRequired":true,"valueName":"search_term_string"}}],"inLanguage":"es"},{"@type":"Organization","@id":"https:\/\/www.eldiariodetucuman.com\/web\/#organization","name":"El Diario de Tucuman","url":"https:\/\/www.eldiariodetucuman.com\/web\/","logo":{"@type":"ImageObject","inLanguage":"es","@id":"https:\/\/www.eldiariodetucuman.com\/web\/#\/schema\/logo\/image\/","url":"http:\/\/www.eldiariodetucuman.com\/web\/wp-content\/uploads\/2017\/12\/el-diario-de-tucuman.jpg","contentUrl":"http:\/\/www.eldiariodetucuman.com\/web\/wp-content\/uploads\/2017\/12\/el-diario-de-tucuman.jpg","width":272,"height":92,"caption":"El Diario de Tucuman"},"image":{"@id":"https:\/\/www.eldiariodetucuman.com\/web\/#\/schema\/logo\/image\/"}},{"@type":"Person","@id":"https:\/\/www.eldiariodetucuman.com\/web\/#\/schema\/person\/9250197d75ab5483412e19678b121caa","name":"admin","image":{"@type":"ImageObject","inLanguage":"es","@id":"https:\/\/secure.gravatar.com\/avatar\/c44d117c2be811212c22cb481f6b8384b6873de103fbc49e7a03cc58d7dea4ac?s=96&d=mm&r=g","url":"https:\/\/secure.gravatar.com\/avatar\/c44d117c2be811212c22cb481f6b8384b6873de103fbc49e7a03cc58d7dea4ac?s=96&d=mm&r=g","contentUrl":"https:\/\/secure.gravatar.com\/avatar\/c44d117c2be811212c22cb481f6b8384b6873de103fbc49e7a03cc58d7dea4ac?s=96&d=mm&r=g","caption":"admin"},"url":"https:\/\/www.eldiariodetucuman.com\/web\/author\/admin\/"}]}},"_links":{"self":[{"href":"https:\/\/www.eldiariodetucuman.com\/web\/wp-json\/wp\/v2\/posts\/8666","targetHints":{"allow":["GET"]}}],"collection":[{"href":"https:\/\/www.eldiariodetucuman.com\/web\/wp-json\/wp\/v2\/posts"}],"about":[{"href":"https:\/\/www.eldiariodetucuman.com\/web\/wp-json\/wp\/v2\/types\/post"}],"author":[{"embeddable":true,"href":"https:\/\/www.eldiariodetucuman.com\/web\/wp-json\/wp\/v2\/users\/1"}],"replies":[{"embeddable":true,"href":"https:\/\/www.eldiariodetucuman.com\/web\/wp-json\/wp\/v2\/comments?post=8666"}],"version-history":[{"count":1,"href":"https:\/\/www.eldiariodetucuman.com\/web\/wp-json\/wp\/v2\/posts\/8666\/revisions"}],"predecessor-version":[{"id":8668,"href":"https:\/\/www.eldiariodetucuman.com\/web\/wp-json\/wp\/v2\/posts\/8666\/revisions\/8668"}],"wp:featuredmedia":[{"embeddable":true,"href":"https:\/\/www.eldiariodetucuman.com\/web\/wp-json\/wp\/v2\/media\/8667"}],"wp:attachment":[{"href":"https:\/\/www.eldiariodetucuman.com\/web\/wp-json\/wp\/v2\/media?parent=8666"}],"wp:term":[{"taxonomy":"category","embeddable":true,"href":"https:\/\/www.eldiariodetucuman.com\/web\/wp-json\/wp\/v2\/categories?post=8666"},{"taxonomy":"post_tag","embeddable":true,"href":"https:\/\/www.eldiariodetucuman.com\/web\/wp-json\/wp\/v2\/tags?post=8666"}],"curies":[{"name":"wp","href":"https:\/\/api.w.org\/{rel}","templated":true}]}}