{"id":8663,"date":"2018-04-17T12:07:59","date_gmt":"2018-04-17T15:07:59","guid":{"rendered":"http:\/\/www.eldiariodetucuman.com\/web\/la-conduccion-de-la-provincia-es-del-gobernador-y-el-vice-2\/"},"modified":"2018-04-17T12:08:00","modified_gmt":"2018-04-17T15:08:00","slug":"la-conduccion-de-la-provincia-es-del-gobernador-y-el-vice-2","status":"publish","type":"post","link":"https:\/\/www.eldiariodetucuman.com\/web\/la-conduccion-de-la-provincia-es-del-gobernador-y-el-vice-2\/","title":{"rendered":"\u201cLa conducci\u00f3n de la Provincia es del Gobernador y el Vice\u201d"},"content":{"rendered":"<div>\n<div readability=\"55.5\">\n<p>El gobernador, <strong>Juan Manzur<\/strong>, fue consultado en rueda de prensa sobre la situaci\u00f3n del Partido Justicialista a nivel local. En ese marco dijo que \u201cno hay que hacer ning\u00fan an\u00e1lisis pol\u00edtico\u201d acerca de la relaci\u00f3n que mantienen tanto Manzur como el vicegobernador, <strong>Osvaldo Jaldo,<\/strong> con el senador <strong>Jos\u00e9 Alperovich<\/strong>.<\/p>\n<blockquote readability=\"7\">\n<p>Hay que entender que la conducci\u00f3n formal de la provincia de Tucum\u00e1n est\u00e1 en el Gobernador y el vicegobernador\u201d, dijo el Primer Mandatario.<\/p>\n<\/blockquote>\n<p><iframe loading=\"lazy\" width=\"650\" height=\"315\" src=\"http:\/\/www.youtube.com\/embed\/Eh6ITN1RshU\"><\/iframe><\/p>\n<p>\u00a0<\/p>\n<p>\u00a0<\/p>\n<p>Manzur remarc\u00f3 que\u00a0el senador \u201cest\u00e1 permanentemente acompa\u00f1ando al Gobierno de la Provincia. Todos, sin excepci\u00f3n, estamos trabajando para que\u00a0a los tucumanos nos vaya bien\u201d.<\/p>\n<blockquote class=\"mom_quote \" readability=\"22\">\n<p><strong>Detenci\u00f3n de Eduardo Fellner<\/strong><\/p>\n<p>Manzur se refiri\u00f3 al respaldo pol\u00edtico al exgobernador de Jujuy, quien fue detenido la semana pasada, durante dos d\u00edas en el penal de Alto Comedero, y luego liberado.<\/p>\n<p><iframe loading=\"lazy\" width=\"650\" height=\"315\" src=\"http:\/\/www.youtube.com\/embed\/euJyakay4j4\"><\/iframe><\/p>\n<p>\u00a0<\/p>\n<p>\u00a0<\/p>\n<p>\u201cPor la detenci\u00f3n del exgobernador, muchos gobernadores entend\u00edamos que no estaban dadas las condiciones, que no se hab\u00edan cumplido procesos que hay en el marco de una cuesti\u00f3n judicial de estas caracter\u00edsticas, por eso es que muchos mandatarios provinciales le brindamos apoyo. Entendimos que era algo que estaba fuera del marco judicial. Somos respetuosos de la Justicia, pero cuando hay cuestiones que vemos en donde no hay procesos cumplimentados, emitimos opini\u00f3n\u201d, dijo el gobernador tucumano.<\/p>\n<\/blockquote>\n<\/div>\n<\/div>\n<p>Fuente: http:\/\/comunicaciontucuman.gob.ar\/2018\/04\/la-conduccion-de-la-provincia-esta-en-el-gobernador-y-el-vice\/<\/p>\n","protected":false},"excerpt":{"rendered":"<p>El gobernador, Juan Manzur, fue consultado en rueda de prensa sobre la situaci\u00f3n del Partido Justicialista a nivel local. En ese marco dijo que \u201cno hay que hacer ning\u00fan an\u00e1lisis pol\u00edtico\u201d acerca de la relaci\u00f3n que mantienen tanto Manzur como el vicegobernador, Osvaldo Jaldo, con el senador Jos\u00e9 Alperovich. Hay que entender que la conducci\u00f3n [&hellip;]<\/p>\n","protected":false},"author":1,"featured_media":8664,"comment_status":"open","ping_status":"closed","sticky":false,"template":"","format":"standard","meta":{"footnotes":""},"categories":[3],"tags":[],"class_list":{"0":"post-8663","1":"post","2":"type-post","3":"status-publish","4":"format-standard","5":"has-post-thumbnail","7":"category-politica"},"yoast_head":"<!-- This site is optimized with the Yoast SEO plugin v27.4 - https:\/\/yoast.com\/product\/yoast-seo-wordpress\/ -->\n<title>\u201cLa conducci\u00f3n de la Provincia es del Gobernador y el Vice\u201d - El Diario de Tucuman<\/title>\n<meta name=\"robots\" content=\"index, follow, max-snippet:-1, max-image-preview:large, max-video-preview:-1\" \/>\n<link rel=\"canonical\" href=\"https:\/\/www.eldiariodetucuman.com\/web\/la-conduccion-de-la-provincia-es-del-gobernador-y-el-vice-2\/\" \/>\n<meta property=\"og:locale\" content=\"es_ES\" \/>\n<meta property=\"og:type\" content=\"article\" \/>\n<meta property=\"og:title\" content=\"\u201cLa conducci\u00f3n de la Provincia es del Gobernador y el Vice\u201d - El Diario de Tucuman\" \/>\n<meta property=\"og:description\" content=\"El gobernador, Juan Manzur, fue consultado en rueda de prensa sobre la situaci\u00f3n del Partido Justicialista a nivel local. En ese marco dijo que \u201cno hay que hacer ning\u00fan an\u00e1lisis pol\u00edtico\u201d acerca de la relaci\u00f3n que mantienen tanto Manzur como el vicegobernador, Osvaldo Jaldo, con el senador Jos\u00e9 Alperovich. Hay que entender que la conducci\u00f3n [&hellip;]\" \/>\n<meta property=\"og:url\" content=\"https:\/\/www.eldiariodetucuman.com\/web\/la-conduccion-de-la-provincia-es-del-gobernador-y-el-vice-2\/\" \/>\n<meta property=\"og:site_name\" content=\"El Diario de Tucuman\" \/>\n<meta property=\"article:published_time\" content=\"2018-04-17T15:07:59+00:00\" \/>\n<meta property=\"article:modified_time\" content=\"2018-04-17T15:08:00+00:00\" \/>\n<meta property=\"og:image\" content=\"https:\/\/www.eldiariodetucuman.com\/web\/wp-content\/uploads\/2018\/04\/1bbefc2da988b7f6be39cd737168163f.jpeg\" \/>\n\t<meta property=\"og:image:width\" content=\"300\" \/>\n\t<meta property=\"og:image:height\" content=\"166\" \/>\n\t<meta property=\"og:image:type\" content=\"image\/jpeg\" \/>\n<meta name=\"author\" content=\"admin\" \/>\n<meta name=\"twitter:card\" content=\"summary_large_image\" \/>\n<meta name=\"twitter:label1\" content=\"Escrito por\" \/>\n\t<meta name=\"twitter:data1\" content=\"admin\" \/>\n\t<meta name=\"twitter:label2\" content=\"Tiempo de lectura\" \/>\n\t<meta name=\"twitter:data2\" content=\"1 minuto\" \/>\n<script type=\"application\/ld+json\" class=\"yoast-schema-graph\">{\"@context\":\"https:\\\/\\\/schema.org\",\"@graph\":[{\"@type\":\"Article\",\"@id\":\"https:\\\/\\\/www.eldiariodetucuman.com\\\/web\\\/la-conduccion-de-la-provincia-es-del-gobernador-y-el-vice-2\\\/#article\",\"isPartOf\":{\"@id\":\"https:\\\/\\\/www.eldiariodetucuman.com\\\/web\\\/la-conduccion-de-la-provincia-es-del-gobernador-y-el-vice-2\\\/\"},\"author\":{\"name\":\"admin\",\"@id\":\"https:\\\/\\\/www.eldiariodetucuman.com\\\/web\\\/#\\\/schema\\\/person\\\/9250197d75ab5483412e19678b121caa\"},\"headline\":\"\u201cLa conducci\u00f3n de la Provincia es del Gobernador y el Vice\u201d\",\"datePublished\":\"2018-04-17T15:07:59+00:00\",\"dateModified\":\"2018-04-17T15:08:00+00:00\",\"mainEntityOfPage\":{\"@id\":\"https:\\\/\\\/www.eldiariodetucuman.com\\\/web\\\/la-conduccion-de-la-provincia-es-del-gobernador-y-el-vice-2\\\/\"},\"wordCount\":241,\"commentCount\":0,\"publisher\":{\"@id\":\"https:\\\/\\\/www.eldiariodetucuman.com\\\/web\\\/#organization\"},\"image\":{\"@id\":\"https:\\\/\\\/www.eldiariodetucuman.com\\\/web\\\/la-conduccion-de-la-provincia-es-del-gobernador-y-el-vice-2\\\/#primaryimage\"},\"thumbnailUrl\":\"https:\\\/\\\/www.eldiariodetucuman.com\\\/web\\\/wp-content\\\/uploads\\\/2018\\\/04\\\/1bbefc2da988b7f6be39cd737168163f.jpeg\",\"articleSection\":[\"Politica\"],\"inLanguage\":\"es\",\"potentialAction\":[{\"@type\":\"CommentAction\",\"name\":\"Comment\",\"target\":[\"https:\\\/\\\/www.eldiariodetucuman.com\\\/web\\\/la-conduccion-de-la-provincia-es-del-gobernador-y-el-vice-2\\\/#respond\"]}]},{\"@type\":\"WebPage\",\"@id\":\"https:\\\/\\\/www.eldiariodetucuman.com\\\/web\\\/la-conduccion-de-la-provincia-es-del-gobernador-y-el-vice-2\\\/\",\"url\":\"https:\\\/\\\/www.eldiariodetucuman.com\\\/web\\\/la-conduccion-de-la-provincia-es-del-gobernador-y-el-vice-2\\\/\",\"name\":\"\u201cLa conducci\u00f3n de la Provincia es del Gobernador y el Vice\u201d - El Diario de Tucuman\",\"isPartOf\":{\"@id\":\"https:\\\/\\\/www.eldiariodetucuman.com\\\/web\\\/#website\"},\"primaryImageOfPage\":{\"@id\":\"https:\\\/\\\/www.eldiariodetucuman.com\\\/web\\\/la-conduccion-de-la-provincia-es-del-gobernador-y-el-vice-2\\\/#primaryimage\"},\"image\":{\"@id\":\"https:\\\/\\\/www.eldiariodetucuman.com\\\/web\\\/la-conduccion-de-la-provincia-es-del-gobernador-y-el-vice-2\\\/#primaryimage\"},\"thumbnailUrl\":\"https:\\\/\\\/www.eldiariodetucuman.com\\\/web\\\/wp-content\\\/uploads\\\/2018\\\/04\\\/1bbefc2da988b7f6be39cd737168163f.jpeg\",\"datePublished\":\"2018-04-17T15:07:59+00:00\",\"dateModified\":\"2018-04-17T15:08:00+00:00\",\"breadcrumb\":{\"@id\":\"https:\\\/\\\/www.eldiariodetucuman.com\\\/web\\\/la-conduccion-de-la-provincia-es-del-gobernador-y-el-vice-2\\\/#breadcrumb\"},\"inLanguage\":\"es\",\"potentialAction\":[{\"@type\":\"ReadAction\",\"target\":[\"https:\\\/\\\/www.eldiariodetucuman.com\\\/web\\\/la-conduccion-de-la-provincia-es-del-gobernador-y-el-vice-2\\\/\"]}]},{\"@type\":\"ImageObject\",\"inLanguage\":\"es\",\"@id\":\"https:\\\/\\\/www.eldiariodetucuman.com\\\/web\\\/la-conduccion-de-la-provincia-es-del-gobernador-y-el-vice-2\\\/#primaryimage\",\"url\":\"https:\\\/\\\/www.eldiariodetucuman.com\\\/web\\\/wp-content\\\/uploads\\\/2018\\\/04\\\/1bbefc2da988b7f6be39cd737168163f.jpeg\",\"contentUrl\":\"https:\\\/\\\/www.eldiariodetucuman.com\\\/web\\\/wp-content\\\/uploads\\\/2018\\\/04\\\/1bbefc2da988b7f6be39cd737168163f.jpeg\",\"width\":300,\"height\":166},{\"@type\":\"BreadcrumbList\",\"@id\":\"https:\\\/\\\/www.eldiariodetucuman.com\\\/web\\\/la-conduccion-de-la-provincia-es-del-gobernador-y-el-vice-2\\\/#breadcrumb\",\"itemListElement\":[{\"@type\":\"ListItem\",\"position\":1,\"name\":\"Portada\",\"item\":\"https:\\\/\\\/www.eldiariodetucuman.com\\\/web\\\/\"},{\"@type\":\"ListItem\",\"position\":2,\"name\":\"\u201cLa conducci\u00f3n de la Provincia es del Gobernador y el Vice\u201d\"}]},{\"@type\":\"WebSite\",\"@id\":\"https:\\\/\\\/www.eldiariodetucuman.com\\\/web\\\/#website\",\"url\":\"https:\\\/\\\/www.eldiariodetucuman.com\\\/web\\\/\",\"name\":\"El Diario de Tucuman\",\"description\":\"Diario Tucuman - Informaci\u00f3n y noticias\",\"publisher\":{\"@id\":\"https:\\\/\\\/www.eldiariodetucuman.com\\\/web\\\/#organization\"},\"potentialAction\":[{\"@type\":\"SearchAction\",\"target\":{\"@type\":\"EntryPoint\",\"urlTemplate\":\"https:\\\/\\\/www.eldiariodetucuman.com\\\/web\\\/?s={search_term_string}\"},\"query-input\":{\"@type\":\"PropertyValueSpecification\",\"valueRequired\":true,\"valueName\":\"search_term_string\"}}],\"inLanguage\":\"es\"},{\"@type\":\"Organization\",\"@id\":\"https:\\\/\\\/www.eldiariodetucuman.com\\\/web\\\/#organization\",\"name\":\"El Diario de Tucuman\",\"url\":\"https:\\\/\\\/www.eldiariodetucuman.com\\\/web\\\/\",\"logo\":{\"@type\":\"ImageObject\",\"inLanguage\":\"es\",\"@id\":\"https:\\\/\\\/www.eldiariodetucuman.com\\\/web\\\/#\\\/schema\\\/logo\\\/image\\\/\",\"url\":\"http:\\\/\\\/www.eldiariodetucuman.com\\\/web\\\/wp-content\\\/uploads\\\/2017\\\/12\\\/el-diario-de-tucuman.jpg\",\"contentUrl\":\"http:\\\/\\\/www.eldiariodetucuman.com\\\/web\\\/wp-content\\\/uploads\\\/2017\\\/12\\\/el-diario-de-tucuman.jpg\",\"width\":272,\"height\":92,\"caption\":\"El Diario de Tucuman\"},\"image\":{\"@id\":\"https:\\\/\\\/www.eldiariodetucuman.com\\\/web\\\/#\\\/schema\\\/logo\\\/image\\\/\"}},{\"@type\":\"Person\",\"@id\":\"https:\\\/\\\/www.eldiariodetucuman.com\\\/web\\\/#\\\/schema\\\/person\\\/9250197d75ab5483412e19678b121caa\",\"name\":\"admin\",\"image\":{\"@type\":\"ImageObject\",\"inLanguage\":\"es\",\"@id\":\"https:\\\/\\\/secure.gravatar.com\\\/avatar\\\/c44d117c2be811212c22cb481f6b8384b6873de103fbc49e7a03cc58d7dea4ac?s=96&d=mm&r=g\",\"url\":\"https:\\\/\\\/secure.gravatar.com\\\/avatar\\\/c44d117c2be811212c22cb481f6b8384b6873de103fbc49e7a03cc58d7dea4ac?s=96&d=mm&r=g\",\"contentUrl\":\"https:\\\/\\\/secure.gravatar.com\\\/avatar\\\/c44d117c2be811212c22cb481f6b8384b6873de103fbc49e7a03cc58d7dea4ac?s=96&d=mm&r=g\",\"caption\":\"admin\"},\"url\":\"https:\\\/\\\/www.eldiariodetucuman.com\\\/web\\\/author\\\/admin\\\/\"}]}<\/script>\n<!-- \/ Yoast SEO plugin. -->","yoast_head_json":{"title":"\u201cLa conducci\u00f3n de la Provincia es del Gobernador y el Vice\u201d - El Diario de Tucuman","robots":{"index":"index","follow":"follow","max-snippet":"max-snippet:-1","max-image-preview":"max-image-preview:large","max-video-preview":"max-video-preview:-1"},"canonical":"https:\/\/www.eldiariodetucuman.com\/web\/la-conduccion-de-la-provincia-es-del-gobernador-y-el-vice-2\/","og_locale":"es_ES","og_type":"article","og_title":"\u201cLa conducci\u00f3n de la Provincia es del Gobernador y el Vice\u201d - El Diario de Tucuman","og_description":"El gobernador, Juan Manzur, fue consultado en rueda de prensa sobre la situaci\u00f3n del Partido Justicialista a nivel local. En ese marco dijo que \u201cno hay que hacer ning\u00fan an\u00e1lisis pol\u00edtico\u201d acerca de la relaci\u00f3n que mantienen tanto Manzur como el vicegobernador, Osvaldo Jaldo, con el senador Jos\u00e9 Alperovich. Hay que entender que la conducci\u00f3n [&hellip;]","og_url":"https:\/\/www.eldiariodetucuman.com\/web\/la-conduccion-de-la-provincia-es-del-gobernador-y-el-vice-2\/","og_site_name":"El Diario de Tucuman","article_published_time":"2018-04-17T15:07:59+00:00","article_modified_time":"2018-04-17T15:08:00+00:00","og_image":[{"width":300,"height":166,"url":"https:\/\/www.eldiariodetucuman.com\/web\/wp-content\/uploads\/2018\/04\/1bbefc2da988b7f6be39cd737168163f.jpeg","type":"image\/jpeg"}],"author":"admin","twitter_card":"summary_large_image","twitter_misc":{"Escrito por":"admin","Tiempo de lectura":"1 minuto"},"schema":{"@context":"https:\/\/schema.org","@graph":[{"@type":"Article","@id":"https:\/\/www.eldiariodetucuman.com\/web\/la-conduccion-de-la-provincia-es-del-gobernador-y-el-vice-2\/#article","isPartOf":{"@id":"https:\/\/www.eldiariodetucuman.com\/web\/la-conduccion-de-la-provincia-es-del-gobernador-y-el-vice-2\/"},"author":{"name":"admin","@id":"https:\/\/www.eldiariodetucuman.com\/web\/#\/schema\/person\/9250197d75ab5483412e19678b121caa"},"headline":"\u201cLa conducci\u00f3n de la Provincia es del Gobernador y el Vice\u201d","datePublished":"2018-04-17T15:07:59+00:00","dateModified":"2018-04-17T15:08:00+00:00","mainEntityOfPage":{"@id":"https:\/\/www.eldiariodetucuman.com\/web\/la-conduccion-de-la-provincia-es-del-gobernador-y-el-vice-2\/"},"wordCount":241,"commentCount":0,"publisher":{"@id":"https:\/\/www.eldiariodetucuman.com\/web\/#organization"},"image":{"@id":"https:\/\/www.eldiariodetucuman.com\/web\/la-conduccion-de-la-provincia-es-del-gobernador-y-el-vice-2\/#primaryimage"},"thumbnailUrl":"https:\/\/www.eldiariodetucuman.com\/web\/wp-content\/uploads\/2018\/04\/1bbefc2da988b7f6be39cd737168163f.jpeg","articleSection":["Politica"],"inLanguage":"es","potentialAction":[{"@type":"CommentAction","name":"Comment","target":["https:\/\/www.eldiariodetucuman.com\/web\/la-conduccion-de-la-provincia-es-del-gobernador-y-el-vice-2\/#respond"]}]},{"@type":"WebPage","@id":"https:\/\/www.eldiariodetucuman.com\/web\/la-conduccion-de-la-provincia-es-del-gobernador-y-el-vice-2\/","url":"https:\/\/www.eldiariodetucuman.com\/web\/la-conduccion-de-la-provincia-es-del-gobernador-y-el-vice-2\/","name":"\u201cLa conducci\u00f3n de la Provincia es del Gobernador y el Vice\u201d - El Diario de Tucuman","isPartOf":{"@id":"https:\/\/www.eldiariodetucuman.com\/web\/#website"},"primaryImageOfPage":{"@id":"https:\/\/www.eldiariodetucuman.com\/web\/la-conduccion-de-la-provincia-es-del-gobernador-y-el-vice-2\/#primaryimage"},"image":{"@id":"https:\/\/www.eldiariodetucuman.com\/web\/la-conduccion-de-la-provincia-es-del-gobernador-y-el-vice-2\/#primaryimage"},"thumbnailUrl":"https:\/\/www.eldiariodetucuman.com\/web\/wp-content\/uploads\/2018\/04\/1bbefc2da988b7f6be39cd737168163f.jpeg","datePublished":"2018-04-17T15:07:59+00:00","dateModified":"2018-04-17T15:08:00+00:00","breadcrumb":{"@id":"https:\/\/www.eldiariodetucuman.com\/web\/la-conduccion-de-la-provincia-es-del-gobernador-y-el-vice-2\/#breadcrumb"},"inLanguage":"es","potentialAction":[{"@type":"ReadAction","target":["https:\/\/www.eldiariodetucuman.com\/web\/la-conduccion-de-la-provincia-es-del-gobernador-y-el-vice-2\/"]}]},{"@type":"ImageObject","inLanguage":"es","@id":"https:\/\/www.eldiariodetucuman.com\/web\/la-conduccion-de-la-provincia-es-del-gobernador-y-el-vice-2\/#primaryimage","url":"https:\/\/www.eldiariodetucuman.com\/web\/wp-content\/uploads\/2018\/04\/1bbefc2da988b7f6be39cd737168163f.jpeg","contentUrl":"https:\/\/www.eldiariodetucuman.com\/web\/wp-content\/uploads\/2018\/04\/1bbefc2da988b7f6be39cd737168163f.jpeg","width":300,"height":166},{"@type":"BreadcrumbList","@id":"https:\/\/www.eldiariodetucuman.com\/web\/la-conduccion-de-la-provincia-es-del-gobernador-y-el-vice-2\/#breadcrumb","itemListElement":[{"@type":"ListItem","position":1,"name":"Portada","item":"https:\/\/www.eldiariodetucuman.com\/web\/"},{"@type":"ListItem","position":2,"name":"\u201cLa conducci\u00f3n de la Provincia es del Gobernador y el Vice\u201d"}]},{"@type":"WebSite","@id":"https:\/\/www.eldiariodetucuman.com\/web\/#website","url":"https:\/\/www.eldiariodetucuman.com\/web\/","name":"El Diario de Tucuman","description":"Diario Tucuman - Informaci\u00f3n y noticias","publisher":{"@id":"https:\/\/www.eldiariodetucuman.com\/web\/#organization"},"potentialAction":[{"@type":"SearchAction","target":{"@type":"EntryPoint","urlTemplate":"https:\/\/www.eldiariodetucuman.com\/web\/?s={search_term_string}"},"query-input":{"@type":"PropertyValueSpecification","valueRequired":true,"valueName":"search_term_string"}}],"inLanguage":"es"},{"@type":"Organization","@id":"https:\/\/www.eldiariodetucuman.com\/web\/#organization","name":"El Diario de Tucuman","url":"https:\/\/www.eldiariodetucuman.com\/web\/","logo":{"@type":"ImageObject","inLanguage":"es","@id":"https:\/\/www.eldiariodetucuman.com\/web\/#\/schema\/logo\/image\/","url":"http:\/\/www.eldiariodetucuman.com\/web\/wp-content\/uploads\/2017\/12\/el-diario-de-tucuman.jpg","contentUrl":"http:\/\/www.eldiariodetucuman.com\/web\/wp-content\/uploads\/2017\/12\/el-diario-de-tucuman.jpg","width":272,"height":92,"caption":"El Diario de Tucuman"},"image":{"@id":"https:\/\/www.eldiariodetucuman.com\/web\/#\/schema\/logo\/image\/"}},{"@type":"Person","@id":"https:\/\/www.eldiariodetucuman.com\/web\/#\/schema\/person\/9250197d75ab5483412e19678b121caa","name":"admin","image":{"@type":"ImageObject","inLanguage":"es","@id":"https:\/\/secure.gravatar.com\/avatar\/c44d117c2be811212c22cb481f6b8384b6873de103fbc49e7a03cc58d7dea4ac?s=96&d=mm&r=g","url":"https:\/\/secure.gravatar.com\/avatar\/c44d117c2be811212c22cb481f6b8384b6873de103fbc49e7a03cc58d7dea4ac?s=96&d=mm&r=g","contentUrl":"https:\/\/secure.gravatar.com\/avatar\/c44d117c2be811212c22cb481f6b8384b6873de103fbc49e7a03cc58d7dea4ac?s=96&d=mm&r=g","caption":"admin"},"url":"https:\/\/www.eldiariodetucuman.com\/web\/author\/admin\/"}]}},"_links":{"self":[{"href":"https:\/\/www.eldiariodetucuman.com\/web\/wp-json\/wp\/v2\/posts\/8663","targetHints":{"allow":["GET"]}}],"collection":[{"href":"https:\/\/www.eldiariodetucuman.com\/web\/wp-json\/wp\/v2\/posts"}],"about":[{"href":"https:\/\/www.eldiariodetucuman.com\/web\/wp-json\/wp\/v2\/types\/post"}],"author":[{"embeddable":true,"href":"https:\/\/www.eldiariodetucuman.com\/web\/wp-json\/wp\/v2\/users\/1"}],"replies":[{"embeddable":true,"href":"https:\/\/www.eldiariodetucuman.com\/web\/wp-json\/wp\/v2\/comments?post=8663"}],"version-history":[{"count":1,"href":"https:\/\/www.eldiariodetucuman.com\/web\/wp-json\/wp\/v2\/posts\/8663\/revisions"}],"predecessor-version":[{"id":8665,"href":"https:\/\/www.eldiariodetucuman.com\/web\/wp-json\/wp\/v2\/posts\/8663\/revisions\/8665"}],"wp:featuredmedia":[{"embeddable":true,"href":"https:\/\/www.eldiariodetucuman.com\/web\/wp-json\/wp\/v2\/media\/8664"}],"wp:attachment":[{"href":"https:\/\/www.eldiariodetucuman.com\/web\/wp-json\/wp\/v2\/media?parent=8663"}],"wp:term":[{"taxonomy":"category","embeddable":true,"href":"https:\/\/www.eldiariodetucuman.com\/web\/wp-json\/wp\/v2\/categories?post=8663"},{"taxonomy":"post_tag","embeddable":true,"href":"https:\/\/www.eldiariodetucuman.com\/web\/wp-json\/wp\/v2\/tags?post=8663"}],"curies":[{"name":"wp","href":"https:\/\/api.w.org\/{rel}","templated":true}]}}