{"id":8654,"date":"2018-04-17T12:00:52","date_gmt":"2018-04-17T15:00:52","guid":{"rendered":"http:\/\/www.eldiariodetucuman.com\/web\/el-venezolano-experto-en-busqueda-subacuatica-dijo-que-el-ara-san-juan-es-cien-por-ciento-hallable\/"},"modified":"2018-04-17T12:00:53","modified_gmt":"2018-04-17T15:00:53","slug":"el-venezolano-experto-en-busqueda-subacuatica-dijo-que-el-ara-san-juan-es-cien-por-ciento-hallable","status":"publish","type":"post","link":"https:\/\/www.eldiariodetucuman.com\/web\/el-venezolano-experto-en-busqueda-subacuatica-dijo-que-el-ara-san-juan-es-cien-por-ciento-hallable\/","title":{"rendered":"El venezolano experto en b\u00fasqueda subacu\u00e1tica dijo que el ARA San Juan \u00abes cien por ciento hallable\u00bb"},"content":{"rendered":"<div>\n<div readability=\"64.346073662265\">\n<p>El CEO de la empresa Sistemas Electr\u00f3nicos Acu\u00e1ticos, el venezolano Hugo Marino, afirm\u00f3 hoy que el submarino ARA San Juan \u00abes cien por ciento hallable\u00bb, al ratificar su convicci\u00f3n de encontrar a la nave de la Armada desaparecida el 15 de noviembre en el Mar Argentino con 44 tripulantes a bordo.<\/p>\n<p>Ayer, al exponer en el Congreso, el ministro de Defensa, Oscar Aguad, anunci\u00f3 ante los familiares de los tripulantes que el gobierno nacional contratar\u00e1 a esa empresa que prometi\u00f3 encontrar al submarino en menos de 100 d\u00edas de b\u00fasqueda con un dispositivo especial.<\/p>\n<p class=\"style frase\">Ante una consulta, Marino fundament\u00f3 su convicci\u00f3n de hallar al submarino al sostener que la empresa que preside \u00abno va a salir al mar sino est\u00e1 segura d\u00f3nde buscar\u00bb.<\/p>\n<p>Desde el 15 de noviembre de 2017, cuando el submarino emiti\u00f3 su \u00faltima comunicaci\u00f3n, un grupo de familiares permanece en la Base Naval de Mar del Plata. Seg\u00fan un informe preliminar de la comisi\u00f3n investigadora, sufri\u00f3 una implosi\u00f3n.<\/p>\n<p>\u00abEl ARA San Juan es cien por ciento hallable. Nosotros hemos salido a buscar naufragios a cien metros con grandes resultados\u00bb, sostuvo el venezolano aunque admiti\u00f3 que \u00ablas dificultades t\u00e9cnicas existen\u00bb.<\/p>\n<p><a href=\"https:\/\/www.lagaceta.com.ar\/nota\/767736\/actualidad\/ya-se-gastaron-780-millones-para-buscar-al-ara-san-juan.html\" mce_href=\"https:\/\/www.lagaceta.com.ar\/nota\/767736\/actualidad\/ya-se-gastaron-780-millones-para-buscar-al-ara-san-juan.html\" target=\"_blank\" class=\"style link\">Ya se gastaron $ 780 millones para buscar al ARA San Juan<\/a><\/p>\n<p>Por \u00faltimo, el CEO de la compa\u00f1\u00eda SEA y asesor comercial de la empresa noruega Kongsberg sostuvo que \u00abla oferta para buscar el submarino se hizo por cien d\u00edas a U$S3.8 millones de d\u00f3lares\u00bb.<\/p>\n<\/p><\/div>\n<\/div>\n<p>Fuente: http:\/\/www.lagaceta.com.ar\/nota\/767791\/actualidad\/venezolano-experto-busqueda-subacuatica-dijo-ara-san-juan-es-cien-ciento-hallable.html<\/p>\n","protected":false},"excerpt":{"rendered":"<p>El CEO de la empresa Sistemas Electr\u00f3nicos Acu\u00e1ticos, el venezolano Hugo Marino, afirm\u00f3 hoy que el submarino ARA San Juan \u00abes cien por ciento hallable\u00bb, al ratificar su convicci\u00f3n de encontrar a la nave de la Armada desaparecida el 15 de noviembre en el Mar Argentino con 44 tripulantes a bordo. Ayer, al exponer en [&hellip;]<\/p>\n","protected":false},"author":1,"featured_media":8655,"comment_status":"open","ping_status":"closed","sticky":false,"template":"","format":"standard","meta":{"footnotes":""},"categories":[1],"tags":[],"class_list":{"0":"post-8654","1":"post","2":"type-post","3":"status-publish","4":"format-standard","5":"has-post-thumbnail","7":"category-portada"},"yoast_head":"<!-- This site is optimized with the Yoast SEO plugin v27.4 - https:\/\/yoast.com\/product\/yoast-seo-wordpress\/ -->\n<title>El venezolano experto en b\u00fasqueda subacu\u00e1tica dijo que el ARA San Juan &quot;es cien por ciento hallable&quot; - El Diario de Tucuman<\/title>\n<meta name=\"robots\" content=\"index, follow, max-snippet:-1, max-image-preview:large, max-video-preview:-1\" \/>\n<link rel=\"canonical\" href=\"https:\/\/www.eldiariodetucuman.com\/web\/el-venezolano-experto-en-busqueda-subacuatica-dijo-que-el-ara-san-juan-es-cien-por-ciento-hallable\/\" \/>\n<meta property=\"og:locale\" content=\"es_ES\" \/>\n<meta property=\"og:type\" content=\"article\" \/>\n<meta property=\"og:title\" content=\"El venezolano experto en b\u00fasqueda subacu\u00e1tica dijo que el ARA San Juan &quot;es cien por ciento hallable&quot; - El Diario de Tucuman\" \/>\n<meta property=\"og:description\" content=\"El CEO de la empresa Sistemas Electr\u00f3nicos Acu\u00e1ticos, el venezolano Hugo Marino, afirm\u00f3 hoy que el submarino ARA San Juan \u00abes cien por ciento hallable\u00bb, al ratificar su convicci\u00f3n de encontrar a la nave de la Armada desaparecida el 15 de noviembre en el Mar Argentino con 44 tripulantes a bordo. Ayer, al exponer en [&hellip;]\" \/>\n<meta property=\"og:url\" content=\"https:\/\/www.eldiariodetucuman.com\/web\/el-venezolano-experto-en-busqueda-subacuatica-dijo-que-el-ara-san-juan-es-cien-por-ciento-hallable\/\" \/>\n<meta property=\"og:site_name\" content=\"El Diario de Tucuman\" \/>\n<meta property=\"article:published_time\" content=\"2018-04-17T15:00:52+00:00\" \/>\n<meta property=\"article:modified_time\" content=\"2018-04-17T15:00:53+00:00\" \/>\n<meta property=\"og:image\" content=\"https:\/\/www.eldiariodetucuman.com\/web\/wp-content\/uploads\/2018\/04\/2f96a8f36558f5cacacba433d87e52fc.jpeg\" \/>\n\t<meta property=\"og:image:width\" content=\"720\" \/>\n\t<meta property=\"og:image:height\" content=\"407\" \/>\n\t<meta property=\"og:image:type\" content=\"image\/jpeg\" \/>\n<meta name=\"author\" content=\"admin\" \/>\n<meta name=\"twitter:card\" content=\"summary_large_image\" \/>\n<meta name=\"twitter:label1\" content=\"Escrito por\" \/>\n\t<meta name=\"twitter:data1\" content=\"admin\" \/>\n\t<meta name=\"twitter:label2\" content=\"Tiempo de lectura\" \/>\n\t<meta name=\"twitter:data2\" content=\"1 minuto\" \/>\n<script type=\"application\/ld+json\" class=\"yoast-schema-graph\">{\"@context\":\"https:\\\/\\\/schema.org\",\"@graph\":[{\"@type\":\"Article\",\"@id\":\"https:\\\/\\\/www.eldiariodetucuman.com\\\/web\\\/el-venezolano-experto-en-busqueda-subacuatica-dijo-que-el-ara-san-juan-es-cien-por-ciento-hallable\\\/#article\",\"isPartOf\":{\"@id\":\"https:\\\/\\\/www.eldiariodetucuman.com\\\/web\\\/el-venezolano-experto-en-busqueda-subacuatica-dijo-que-el-ara-san-juan-es-cien-por-ciento-hallable\\\/\"},\"author\":{\"name\":\"admin\",\"@id\":\"https:\\\/\\\/www.eldiariodetucuman.com\\\/web\\\/#\\\/schema\\\/person\\\/9250197d75ab5483412e19678b121caa\"},\"headline\":\"El venezolano experto en b\u00fasqueda subacu\u00e1tica dijo que el ARA San Juan \u00abes cien por ciento hallable\u00bb\",\"datePublished\":\"2018-04-17T15:00:52+00:00\",\"dateModified\":\"2018-04-17T15:00:53+00:00\",\"mainEntityOfPage\":{\"@id\":\"https:\\\/\\\/www.eldiariodetucuman.com\\\/web\\\/el-venezolano-experto-en-busqueda-subacuatica-dijo-que-el-ara-san-juan-es-cien-por-ciento-hallable\\\/\"},\"wordCount\":276,\"commentCount\":0,\"publisher\":{\"@id\":\"https:\\\/\\\/www.eldiariodetucuman.com\\\/web\\\/#organization\"},\"image\":{\"@id\":\"https:\\\/\\\/www.eldiariodetucuman.com\\\/web\\\/el-venezolano-experto-en-busqueda-subacuatica-dijo-que-el-ara-san-juan-es-cien-por-ciento-hallable\\\/#primaryimage\"},\"thumbnailUrl\":\"https:\\\/\\\/www.eldiariodetucuman.com\\\/web\\\/wp-content\\\/uploads\\\/2018\\\/04\\\/2f96a8f36558f5cacacba433d87e52fc.jpeg\",\"articleSection\":[\"Portada\"],\"inLanguage\":\"es\",\"potentialAction\":[{\"@type\":\"CommentAction\",\"name\":\"Comment\",\"target\":[\"https:\\\/\\\/www.eldiariodetucuman.com\\\/web\\\/el-venezolano-experto-en-busqueda-subacuatica-dijo-que-el-ara-san-juan-es-cien-por-ciento-hallable\\\/#respond\"]}]},{\"@type\":\"WebPage\",\"@id\":\"https:\\\/\\\/www.eldiariodetucuman.com\\\/web\\\/el-venezolano-experto-en-busqueda-subacuatica-dijo-que-el-ara-san-juan-es-cien-por-ciento-hallable\\\/\",\"url\":\"https:\\\/\\\/www.eldiariodetucuman.com\\\/web\\\/el-venezolano-experto-en-busqueda-subacuatica-dijo-que-el-ara-san-juan-es-cien-por-ciento-hallable\\\/\",\"name\":\"El venezolano experto en b\u00fasqueda subacu\u00e1tica dijo que el ARA San Juan \\\"es cien por ciento hallable\\\" - El Diario de Tucuman\",\"isPartOf\":{\"@id\":\"https:\\\/\\\/www.eldiariodetucuman.com\\\/web\\\/#website\"},\"primaryImageOfPage\":{\"@id\":\"https:\\\/\\\/www.eldiariodetucuman.com\\\/web\\\/el-venezolano-experto-en-busqueda-subacuatica-dijo-que-el-ara-san-juan-es-cien-por-ciento-hallable\\\/#primaryimage\"},\"image\":{\"@id\":\"https:\\\/\\\/www.eldiariodetucuman.com\\\/web\\\/el-venezolano-experto-en-busqueda-subacuatica-dijo-que-el-ara-san-juan-es-cien-por-ciento-hallable\\\/#primaryimage\"},\"thumbnailUrl\":\"https:\\\/\\\/www.eldiariodetucuman.com\\\/web\\\/wp-content\\\/uploads\\\/2018\\\/04\\\/2f96a8f36558f5cacacba433d87e52fc.jpeg\",\"datePublished\":\"2018-04-17T15:00:52+00:00\",\"dateModified\":\"2018-04-17T15:00:53+00:00\",\"breadcrumb\":{\"@id\":\"https:\\\/\\\/www.eldiariodetucuman.com\\\/web\\\/el-venezolano-experto-en-busqueda-subacuatica-dijo-que-el-ara-san-juan-es-cien-por-ciento-hallable\\\/#breadcrumb\"},\"inLanguage\":\"es\",\"potentialAction\":[{\"@type\":\"ReadAction\",\"target\":[\"https:\\\/\\\/www.eldiariodetucuman.com\\\/web\\\/el-venezolano-experto-en-busqueda-subacuatica-dijo-que-el-ara-san-juan-es-cien-por-ciento-hallable\\\/\"]}]},{\"@type\":\"ImageObject\",\"inLanguage\":\"es\",\"@id\":\"https:\\\/\\\/www.eldiariodetucuman.com\\\/web\\\/el-venezolano-experto-en-busqueda-subacuatica-dijo-que-el-ara-san-juan-es-cien-por-ciento-hallable\\\/#primaryimage\",\"url\":\"https:\\\/\\\/www.eldiariodetucuman.com\\\/web\\\/wp-content\\\/uploads\\\/2018\\\/04\\\/2f96a8f36558f5cacacba433d87e52fc.jpeg\",\"contentUrl\":\"https:\\\/\\\/www.eldiariodetucuman.com\\\/web\\\/wp-content\\\/uploads\\\/2018\\\/04\\\/2f96a8f36558f5cacacba433d87e52fc.jpeg\",\"width\":720,\"height\":407},{\"@type\":\"BreadcrumbList\",\"@id\":\"https:\\\/\\\/www.eldiariodetucuman.com\\\/web\\\/el-venezolano-experto-en-busqueda-subacuatica-dijo-que-el-ara-san-juan-es-cien-por-ciento-hallable\\\/#breadcrumb\",\"itemListElement\":[{\"@type\":\"ListItem\",\"position\":1,\"name\":\"Portada\",\"item\":\"https:\\\/\\\/www.eldiariodetucuman.com\\\/web\\\/\"},{\"@type\":\"ListItem\",\"position\":2,\"name\":\"El venezolano experto en b\u00fasqueda subacu\u00e1tica dijo que el ARA San Juan \u00abes cien por ciento hallable\u00bb\"}]},{\"@type\":\"WebSite\",\"@id\":\"https:\\\/\\\/www.eldiariodetucuman.com\\\/web\\\/#website\",\"url\":\"https:\\\/\\\/www.eldiariodetucuman.com\\\/web\\\/\",\"name\":\"El Diario de Tucuman\",\"description\":\"Diario Tucuman - Informaci\u00f3n y noticias\",\"publisher\":{\"@id\":\"https:\\\/\\\/www.eldiariodetucuman.com\\\/web\\\/#organization\"},\"potentialAction\":[{\"@type\":\"SearchAction\",\"target\":{\"@type\":\"EntryPoint\",\"urlTemplate\":\"https:\\\/\\\/www.eldiariodetucuman.com\\\/web\\\/?s={search_term_string}\"},\"query-input\":{\"@type\":\"PropertyValueSpecification\",\"valueRequired\":true,\"valueName\":\"search_term_string\"}}],\"inLanguage\":\"es\"},{\"@type\":\"Organization\",\"@id\":\"https:\\\/\\\/www.eldiariodetucuman.com\\\/web\\\/#organization\",\"name\":\"El Diario de Tucuman\",\"url\":\"https:\\\/\\\/www.eldiariodetucuman.com\\\/web\\\/\",\"logo\":{\"@type\":\"ImageObject\",\"inLanguage\":\"es\",\"@id\":\"https:\\\/\\\/www.eldiariodetucuman.com\\\/web\\\/#\\\/schema\\\/logo\\\/image\\\/\",\"url\":\"http:\\\/\\\/www.eldiariodetucuman.com\\\/web\\\/wp-content\\\/uploads\\\/2017\\\/12\\\/el-diario-de-tucuman.jpg\",\"contentUrl\":\"http:\\\/\\\/www.eldiariodetucuman.com\\\/web\\\/wp-content\\\/uploads\\\/2017\\\/12\\\/el-diario-de-tucuman.jpg\",\"width\":272,\"height\":92,\"caption\":\"El Diario de Tucuman\"},\"image\":{\"@id\":\"https:\\\/\\\/www.eldiariodetucuman.com\\\/web\\\/#\\\/schema\\\/logo\\\/image\\\/\"}},{\"@type\":\"Person\",\"@id\":\"https:\\\/\\\/www.eldiariodetucuman.com\\\/web\\\/#\\\/schema\\\/person\\\/9250197d75ab5483412e19678b121caa\",\"name\":\"admin\",\"image\":{\"@type\":\"ImageObject\",\"inLanguage\":\"es\",\"@id\":\"https:\\\/\\\/secure.gravatar.com\\\/avatar\\\/c44d117c2be811212c22cb481f6b8384b6873de103fbc49e7a03cc58d7dea4ac?s=96&d=mm&r=g\",\"url\":\"https:\\\/\\\/secure.gravatar.com\\\/avatar\\\/c44d117c2be811212c22cb481f6b8384b6873de103fbc49e7a03cc58d7dea4ac?s=96&d=mm&r=g\",\"contentUrl\":\"https:\\\/\\\/secure.gravatar.com\\\/avatar\\\/c44d117c2be811212c22cb481f6b8384b6873de103fbc49e7a03cc58d7dea4ac?s=96&d=mm&r=g\",\"caption\":\"admin\"},\"url\":\"https:\\\/\\\/www.eldiariodetucuman.com\\\/web\\\/author\\\/admin\\\/\"}]}<\/script>\n<!-- \/ Yoast SEO plugin. -->","yoast_head_json":{"title":"El venezolano experto en b\u00fasqueda subacu\u00e1tica dijo que el ARA San Juan \"es cien por ciento hallable\" - El Diario de Tucuman","robots":{"index":"index","follow":"follow","max-snippet":"max-snippet:-1","max-image-preview":"max-image-preview:large","max-video-preview":"max-video-preview:-1"},"canonical":"https:\/\/www.eldiariodetucuman.com\/web\/el-venezolano-experto-en-busqueda-subacuatica-dijo-que-el-ara-san-juan-es-cien-por-ciento-hallable\/","og_locale":"es_ES","og_type":"article","og_title":"El venezolano experto en b\u00fasqueda subacu\u00e1tica dijo que el ARA San Juan \"es cien por ciento hallable\" - El Diario de Tucuman","og_description":"El CEO de la empresa Sistemas Electr\u00f3nicos Acu\u00e1ticos, el venezolano Hugo Marino, afirm\u00f3 hoy que el submarino ARA San Juan \u00abes cien por ciento hallable\u00bb, al ratificar su convicci\u00f3n de encontrar a la nave de la Armada desaparecida el 15 de noviembre en el Mar Argentino con 44 tripulantes a bordo. Ayer, al exponer en [&hellip;]","og_url":"https:\/\/www.eldiariodetucuman.com\/web\/el-venezolano-experto-en-busqueda-subacuatica-dijo-que-el-ara-san-juan-es-cien-por-ciento-hallable\/","og_site_name":"El Diario de Tucuman","article_published_time":"2018-04-17T15:00:52+00:00","article_modified_time":"2018-04-17T15:00:53+00:00","og_image":[{"width":720,"height":407,"url":"https:\/\/www.eldiariodetucuman.com\/web\/wp-content\/uploads\/2018\/04\/2f96a8f36558f5cacacba433d87e52fc.jpeg","type":"image\/jpeg"}],"author":"admin","twitter_card":"summary_large_image","twitter_misc":{"Escrito por":"admin","Tiempo de lectura":"1 minuto"},"schema":{"@context":"https:\/\/schema.org","@graph":[{"@type":"Article","@id":"https:\/\/www.eldiariodetucuman.com\/web\/el-venezolano-experto-en-busqueda-subacuatica-dijo-que-el-ara-san-juan-es-cien-por-ciento-hallable\/#article","isPartOf":{"@id":"https:\/\/www.eldiariodetucuman.com\/web\/el-venezolano-experto-en-busqueda-subacuatica-dijo-que-el-ara-san-juan-es-cien-por-ciento-hallable\/"},"author":{"name":"admin","@id":"https:\/\/www.eldiariodetucuman.com\/web\/#\/schema\/person\/9250197d75ab5483412e19678b121caa"},"headline":"El venezolano experto en b\u00fasqueda subacu\u00e1tica dijo que el ARA San Juan \u00abes cien por ciento hallable\u00bb","datePublished":"2018-04-17T15:00:52+00:00","dateModified":"2018-04-17T15:00:53+00:00","mainEntityOfPage":{"@id":"https:\/\/www.eldiariodetucuman.com\/web\/el-venezolano-experto-en-busqueda-subacuatica-dijo-que-el-ara-san-juan-es-cien-por-ciento-hallable\/"},"wordCount":276,"commentCount":0,"publisher":{"@id":"https:\/\/www.eldiariodetucuman.com\/web\/#organization"},"image":{"@id":"https:\/\/www.eldiariodetucuman.com\/web\/el-venezolano-experto-en-busqueda-subacuatica-dijo-que-el-ara-san-juan-es-cien-por-ciento-hallable\/#primaryimage"},"thumbnailUrl":"https:\/\/www.eldiariodetucuman.com\/web\/wp-content\/uploads\/2018\/04\/2f96a8f36558f5cacacba433d87e52fc.jpeg","articleSection":["Portada"],"inLanguage":"es","potentialAction":[{"@type":"CommentAction","name":"Comment","target":["https:\/\/www.eldiariodetucuman.com\/web\/el-venezolano-experto-en-busqueda-subacuatica-dijo-que-el-ara-san-juan-es-cien-por-ciento-hallable\/#respond"]}]},{"@type":"WebPage","@id":"https:\/\/www.eldiariodetucuman.com\/web\/el-venezolano-experto-en-busqueda-subacuatica-dijo-que-el-ara-san-juan-es-cien-por-ciento-hallable\/","url":"https:\/\/www.eldiariodetucuman.com\/web\/el-venezolano-experto-en-busqueda-subacuatica-dijo-que-el-ara-san-juan-es-cien-por-ciento-hallable\/","name":"El venezolano experto en b\u00fasqueda subacu\u00e1tica dijo que el ARA San Juan \"es cien por ciento hallable\" - El Diario de Tucuman","isPartOf":{"@id":"https:\/\/www.eldiariodetucuman.com\/web\/#website"},"primaryImageOfPage":{"@id":"https:\/\/www.eldiariodetucuman.com\/web\/el-venezolano-experto-en-busqueda-subacuatica-dijo-que-el-ara-san-juan-es-cien-por-ciento-hallable\/#primaryimage"},"image":{"@id":"https:\/\/www.eldiariodetucuman.com\/web\/el-venezolano-experto-en-busqueda-subacuatica-dijo-que-el-ara-san-juan-es-cien-por-ciento-hallable\/#primaryimage"},"thumbnailUrl":"https:\/\/www.eldiariodetucuman.com\/web\/wp-content\/uploads\/2018\/04\/2f96a8f36558f5cacacba433d87e52fc.jpeg","datePublished":"2018-04-17T15:00:52+00:00","dateModified":"2018-04-17T15:00:53+00:00","breadcrumb":{"@id":"https:\/\/www.eldiariodetucuman.com\/web\/el-venezolano-experto-en-busqueda-subacuatica-dijo-que-el-ara-san-juan-es-cien-por-ciento-hallable\/#breadcrumb"},"inLanguage":"es","potentialAction":[{"@type":"ReadAction","target":["https:\/\/www.eldiariodetucuman.com\/web\/el-venezolano-experto-en-busqueda-subacuatica-dijo-que-el-ara-san-juan-es-cien-por-ciento-hallable\/"]}]},{"@type":"ImageObject","inLanguage":"es","@id":"https:\/\/www.eldiariodetucuman.com\/web\/el-venezolano-experto-en-busqueda-subacuatica-dijo-que-el-ara-san-juan-es-cien-por-ciento-hallable\/#primaryimage","url":"https:\/\/www.eldiariodetucuman.com\/web\/wp-content\/uploads\/2018\/04\/2f96a8f36558f5cacacba433d87e52fc.jpeg","contentUrl":"https:\/\/www.eldiariodetucuman.com\/web\/wp-content\/uploads\/2018\/04\/2f96a8f36558f5cacacba433d87e52fc.jpeg","width":720,"height":407},{"@type":"BreadcrumbList","@id":"https:\/\/www.eldiariodetucuman.com\/web\/el-venezolano-experto-en-busqueda-subacuatica-dijo-que-el-ara-san-juan-es-cien-por-ciento-hallable\/#breadcrumb","itemListElement":[{"@type":"ListItem","position":1,"name":"Portada","item":"https:\/\/www.eldiariodetucuman.com\/web\/"},{"@type":"ListItem","position":2,"name":"El venezolano experto en b\u00fasqueda subacu\u00e1tica dijo que el ARA San Juan \u00abes cien por ciento hallable\u00bb"}]},{"@type":"WebSite","@id":"https:\/\/www.eldiariodetucuman.com\/web\/#website","url":"https:\/\/www.eldiariodetucuman.com\/web\/","name":"El Diario de Tucuman","description":"Diario Tucuman - Informaci\u00f3n y noticias","publisher":{"@id":"https:\/\/www.eldiariodetucuman.com\/web\/#organization"},"potentialAction":[{"@type":"SearchAction","target":{"@type":"EntryPoint","urlTemplate":"https:\/\/www.eldiariodetucuman.com\/web\/?s={search_term_string}"},"query-input":{"@type":"PropertyValueSpecification","valueRequired":true,"valueName":"search_term_string"}}],"inLanguage":"es"},{"@type":"Organization","@id":"https:\/\/www.eldiariodetucuman.com\/web\/#organization","name":"El Diario de Tucuman","url":"https:\/\/www.eldiariodetucuman.com\/web\/","logo":{"@type":"ImageObject","inLanguage":"es","@id":"https:\/\/www.eldiariodetucuman.com\/web\/#\/schema\/logo\/image\/","url":"http:\/\/www.eldiariodetucuman.com\/web\/wp-content\/uploads\/2017\/12\/el-diario-de-tucuman.jpg","contentUrl":"http:\/\/www.eldiariodetucuman.com\/web\/wp-content\/uploads\/2017\/12\/el-diario-de-tucuman.jpg","width":272,"height":92,"caption":"El Diario de Tucuman"},"image":{"@id":"https:\/\/www.eldiariodetucuman.com\/web\/#\/schema\/logo\/image\/"}},{"@type":"Person","@id":"https:\/\/www.eldiariodetucuman.com\/web\/#\/schema\/person\/9250197d75ab5483412e19678b121caa","name":"admin","image":{"@type":"ImageObject","inLanguage":"es","@id":"https:\/\/secure.gravatar.com\/avatar\/c44d117c2be811212c22cb481f6b8384b6873de103fbc49e7a03cc58d7dea4ac?s=96&d=mm&r=g","url":"https:\/\/secure.gravatar.com\/avatar\/c44d117c2be811212c22cb481f6b8384b6873de103fbc49e7a03cc58d7dea4ac?s=96&d=mm&r=g","contentUrl":"https:\/\/secure.gravatar.com\/avatar\/c44d117c2be811212c22cb481f6b8384b6873de103fbc49e7a03cc58d7dea4ac?s=96&d=mm&r=g","caption":"admin"},"url":"https:\/\/www.eldiariodetucuman.com\/web\/author\/admin\/"}]}},"_links":{"self":[{"href":"https:\/\/www.eldiariodetucuman.com\/web\/wp-json\/wp\/v2\/posts\/8654","targetHints":{"allow":["GET"]}}],"collection":[{"href":"https:\/\/www.eldiariodetucuman.com\/web\/wp-json\/wp\/v2\/posts"}],"about":[{"href":"https:\/\/www.eldiariodetucuman.com\/web\/wp-json\/wp\/v2\/types\/post"}],"author":[{"embeddable":true,"href":"https:\/\/www.eldiariodetucuman.com\/web\/wp-json\/wp\/v2\/users\/1"}],"replies":[{"embeddable":true,"href":"https:\/\/www.eldiariodetucuman.com\/web\/wp-json\/wp\/v2\/comments?post=8654"}],"version-history":[{"count":1,"href":"https:\/\/www.eldiariodetucuman.com\/web\/wp-json\/wp\/v2\/posts\/8654\/revisions"}],"predecessor-version":[{"id":8656,"href":"https:\/\/www.eldiariodetucuman.com\/web\/wp-json\/wp\/v2\/posts\/8654\/revisions\/8656"}],"wp:featuredmedia":[{"embeddable":true,"href":"https:\/\/www.eldiariodetucuman.com\/web\/wp-json\/wp\/v2\/media\/8655"}],"wp:attachment":[{"href":"https:\/\/www.eldiariodetucuman.com\/web\/wp-json\/wp\/v2\/media?parent=8654"}],"wp:term":[{"taxonomy":"category","embeddable":true,"href":"https:\/\/www.eldiariodetucuman.com\/web\/wp-json\/wp\/v2\/categories?post=8654"},{"taxonomy":"post_tag","embeddable":true,"href":"https:\/\/www.eldiariodetucuman.com\/web\/wp-json\/wp\/v2\/tags?post=8654"}],"curies":[{"name":"wp","href":"https:\/\/api.w.org\/{rel}","templated":true}]}}