{"id":8651,"date":"2018-04-17T12:00:42","date_gmt":"2018-04-17T15:00:42","guid":{"rendered":"http:\/\/www.eldiariodetucuman.com\/web\/adios-a-los-taxis-viejos-que-modelos-estan-autorizados-a-prestar-servicio\/"},"modified":"2018-04-17T12:00:45","modified_gmt":"2018-04-17T15:00:45","slug":"adios-a-los-taxis-viejos-que-modelos-estan-autorizados-a-prestar-servicio","status":"publish","type":"post","link":"https:\/\/www.eldiariodetucuman.com\/web\/adios-a-los-taxis-viejos-que-modelos-estan-autorizados-a-prestar-servicio\/","title":{"rendered":"\u00bfAdi\u00f3s a los taxis viejos? Qu\u00e9 modelos est\u00e1n autorizados a prestar servicio"},"content":{"rendered":"<div>\n<div readability=\"82\">\n<p>El pr\u00f3ximo lunes se pone en marcha la primera verificaci\u00f3n t\u00e9cnica vehicular obligatoria a los autos del Servicio \u00danico de Transporte P\u00fablico de Pasajeros en Autom\u00f3vil (Sutrappa) en San Miguel de Tucum\u00e1n.<\/p>\n<p class=\"style frase\">En el Palacio de los Deportes, de 9 a 12.30, se inspeccionar\u00e1n las unidades modelo 2008 en adelante, dado que las anteriores no est\u00e1n autorizadas a brindar servicios en esta capital, inform\u00f3 la Direcci\u00f3n de Transporte P\u00fablico municipal.<\/p>\n<p>El primer d\u00eda deben realizar los tr\u00e1mites los propietarios de licencias 1 hasta la 100. El martes, desde la 101 a la 200; el mi\u00e9rcoles, desde 201 hasta la 300; y as\u00ed sucesivamente. Se atender\u00e1 a 100 titulares por d\u00eda, durante las jornadas h\u00e1biles, hasta completar la totalidad de los autos Sutrappa.<\/p>\n<p><span class=\"style frase\"><\/p>\n<p>En San Miguel de Tucum\u00e1n muchas de las unidades que se ven en las calles no cumplen con la antig\u00fcedad m\u00e1xima que se requiere para que puedan brindar el servicio. Es por eso que \u00fanicamente se aceptar\u00e1n taxis con modelos 2008, con el objetivo de mejorar las condiciones del transporte p\u00fablico.<br \/><\/span><br \/>En el d\u00eda correspondiente al turno que se les asign\u00f3, los due\u00f1os de los autos Sutrappa deber\u00e1n concurrir al Palacio de los Deportes con la siguiente documentaci\u00f3n:<\/p>\n<p><span class=\"style text\"><\/p>\n<p>-Declaraci\u00f3n jurada del titular 2018.<\/span><\/p>\n<p>-DNI del titular (original y copia). En caso de concurrir el apoderado deber\u00e1 presentar original y copia del poder ante escribano p\u00fablico y original y copia de su DNI, adem\u00e1s de la copia del DNI del titular.<\/p>\n<p>-T\u00edtulo del automotor (original y copia).<\/p>\n<p>-P\u00f3liza y \u00faltimo recibo de pago del seguro (original y copia).<\/p>\n<p>-Certificado de desinfecci\u00f3n (original y copia).<\/p>\n<p>-Tres \u00faltimos pagos del canon mensual (original y copia).<\/p>\n<p>-Altas y bajas (original y copia, en caso de que el veh\u00edculo a inspeccionar no coincida con el decreto o la resoluci\u00f3n).<\/p>\n<p>-Ficha t\u00e9cnica 2018.<\/p>\n<p>-Verificaci\u00f3n T\u00e9cnica Vehicular (VTV) 2018 (vigente y original). Para ello, deben dirigirse a los talleres habilitados. Entre otros requisitos, se controlar\u00e1 el tax\u00edmetro (original).<\/p>\n<\/p><\/div>\n<\/div>\n<p>Fuente: http:\/\/www.lagaceta.com.ar\/nota\/767790\/actualidad\/adios-taxis-viejos-que-modelos-estan-autorizados-prestar-servicio.html<\/p>\n","protected":false},"excerpt":{"rendered":"<p>El pr\u00f3ximo lunes se pone en marcha la primera verificaci\u00f3n t\u00e9cnica vehicular obligatoria a los autos del Servicio \u00danico de Transporte P\u00fablico de Pasajeros en Autom\u00f3vil (Sutrappa) en San Miguel de Tucum\u00e1n. En el Palacio de los Deportes, de 9 a 12.30, se inspeccionar\u00e1n las unidades modelo 2008 en adelante, dado que las anteriores no [&hellip;]<\/p>\n","protected":false},"author":1,"featured_media":8652,"comment_status":"open","ping_status":"closed","sticky":false,"template":"","format":"standard","meta":{"footnotes":""},"categories":[1],"tags":[],"class_list":{"0":"post-8651","1":"post","2":"type-post","3":"status-publish","4":"format-standard","5":"has-post-thumbnail","7":"category-portada"},"yoast_head":"<!-- This site is optimized with the Yoast SEO plugin v27.4 - https:\/\/yoast.com\/product\/yoast-seo-wordpress\/ -->\n<title>\u00bfAdi\u00f3s a los taxis viejos? Qu\u00e9 modelos est\u00e1n autorizados a prestar servicio - El Diario de Tucuman<\/title>\n<meta name=\"robots\" content=\"index, follow, max-snippet:-1, max-image-preview:large, max-video-preview:-1\" \/>\n<link rel=\"canonical\" href=\"https:\/\/www.eldiariodetucuman.com\/web\/adios-a-los-taxis-viejos-que-modelos-estan-autorizados-a-prestar-servicio\/\" \/>\n<meta property=\"og:locale\" content=\"es_ES\" \/>\n<meta property=\"og:type\" content=\"article\" \/>\n<meta property=\"og:title\" content=\"\u00bfAdi\u00f3s a los taxis viejos? Qu\u00e9 modelos est\u00e1n autorizados a prestar servicio - El Diario de Tucuman\" \/>\n<meta property=\"og:description\" content=\"El pr\u00f3ximo lunes se pone en marcha la primera verificaci\u00f3n t\u00e9cnica vehicular obligatoria a los autos del Servicio \u00danico de Transporte P\u00fablico de Pasajeros en Autom\u00f3vil (Sutrappa) en San Miguel de Tucum\u00e1n. En el Palacio de los Deportes, de 9 a 12.30, se inspeccionar\u00e1n las unidades modelo 2008 en adelante, dado que las anteriores no [&hellip;]\" \/>\n<meta property=\"og:url\" content=\"https:\/\/www.eldiariodetucuman.com\/web\/adios-a-los-taxis-viejos-que-modelos-estan-autorizados-a-prestar-servicio\/\" \/>\n<meta property=\"og:site_name\" content=\"El Diario de Tucuman\" \/>\n<meta property=\"article:published_time\" content=\"2018-04-17T15:00:42+00:00\" \/>\n<meta property=\"article:modified_time\" content=\"2018-04-17T15:00:45+00:00\" \/>\n<meta property=\"og:image\" content=\"https:\/\/www.eldiariodetucuman.com\/web\/wp-content\/uploads\/2018\/04\/2b1932c4096d6de06ec415a0d7ea6ec0.jpeg\" \/>\n\t<meta property=\"og:image:width\" content=\"1500\" \/>\n\t<meta property=\"og:image:height\" content=\"850\" \/>\n\t<meta property=\"og:image:type\" content=\"image\/jpeg\" \/>\n<meta name=\"author\" content=\"admin\" \/>\n<meta name=\"twitter:card\" content=\"summary_large_image\" \/>\n<meta name=\"twitter:label1\" content=\"Escrito por\" \/>\n\t<meta name=\"twitter:data1\" content=\"admin\" \/>\n\t<meta name=\"twitter:label2\" content=\"Tiempo de lectura\" \/>\n\t<meta name=\"twitter:data2\" content=\"2 minutos\" \/>\n<script type=\"application\/ld+json\" class=\"yoast-schema-graph\">{\"@context\":\"https:\\\/\\\/schema.org\",\"@graph\":[{\"@type\":\"Article\",\"@id\":\"https:\\\/\\\/www.eldiariodetucuman.com\\\/web\\\/adios-a-los-taxis-viejos-que-modelos-estan-autorizados-a-prestar-servicio\\\/#article\",\"isPartOf\":{\"@id\":\"https:\\\/\\\/www.eldiariodetucuman.com\\\/web\\\/adios-a-los-taxis-viejos-que-modelos-estan-autorizados-a-prestar-servicio\\\/\"},\"author\":{\"name\":\"admin\",\"@id\":\"https:\\\/\\\/www.eldiariodetucuman.com\\\/web\\\/#\\\/schema\\\/person\\\/9250197d75ab5483412e19678b121caa\"},\"headline\":\"\u00bfAdi\u00f3s a los taxis viejos? Qu\u00e9 modelos est\u00e1n autorizados a prestar servicio\",\"datePublished\":\"2018-04-17T15:00:42+00:00\",\"dateModified\":\"2018-04-17T15:00:45+00:00\",\"mainEntityOfPage\":{\"@id\":\"https:\\\/\\\/www.eldiariodetucuman.com\\\/web\\\/adios-a-los-taxis-viejos-que-modelos-estan-autorizados-a-prestar-servicio\\\/\"},\"wordCount\":369,\"commentCount\":0,\"publisher\":{\"@id\":\"https:\\\/\\\/www.eldiariodetucuman.com\\\/web\\\/#organization\"},\"image\":{\"@id\":\"https:\\\/\\\/www.eldiariodetucuman.com\\\/web\\\/adios-a-los-taxis-viejos-que-modelos-estan-autorizados-a-prestar-servicio\\\/#primaryimage\"},\"thumbnailUrl\":\"https:\\\/\\\/www.eldiariodetucuman.com\\\/web\\\/wp-content\\\/uploads\\\/2018\\\/04\\\/2b1932c4096d6de06ec415a0d7ea6ec0.jpeg\",\"articleSection\":[\"Portada\"],\"inLanguage\":\"es\",\"potentialAction\":[{\"@type\":\"CommentAction\",\"name\":\"Comment\",\"target\":[\"https:\\\/\\\/www.eldiariodetucuman.com\\\/web\\\/adios-a-los-taxis-viejos-que-modelos-estan-autorizados-a-prestar-servicio\\\/#respond\"]}]},{\"@type\":\"WebPage\",\"@id\":\"https:\\\/\\\/www.eldiariodetucuman.com\\\/web\\\/adios-a-los-taxis-viejos-que-modelos-estan-autorizados-a-prestar-servicio\\\/\",\"url\":\"https:\\\/\\\/www.eldiariodetucuman.com\\\/web\\\/adios-a-los-taxis-viejos-que-modelos-estan-autorizados-a-prestar-servicio\\\/\",\"name\":\"\u00bfAdi\u00f3s a los taxis viejos? Qu\u00e9 modelos est\u00e1n autorizados a prestar servicio - El Diario de Tucuman\",\"isPartOf\":{\"@id\":\"https:\\\/\\\/www.eldiariodetucuman.com\\\/web\\\/#website\"},\"primaryImageOfPage\":{\"@id\":\"https:\\\/\\\/www.eldiariodetucuman.com\\\/web\\\/adios-a-los-taxis-viejos-que-modelos-estan-autorizados-a-prestar-servicio\\\/#primaryimage\"},\"image\":{\"@id\":\"https:\\\/\\\/www.eldiariodetucuman.com\\\/web\\\/adios-a-los-taxis-viejos-que-modelos-estan-autorizados-a-prestar-servicio\\\/#primaryimage\"},\"thumbnailUrl\":\"https:\\\/\\\/www.eldiariodetucuman.com\\\/web\\\/wp-content\\\/uploads\\\/2018\\\/04\\\/2b1932c4096d6de06ec415a0d7ea6ec0.jpeg\",\"datePublished\":\"2018-04-17T15:00:42+00:00\",\"dateModified\":\"2018-04-17T15:00:45+00:00\",\"breadcrumb\":{\"@id\":\"https:\\\/\\\/www.eldiariodetucuman.com\\\/web\\\/adios-a-los-taxis-viejos-que-modelos-estan-autorizados-a-prestar-servicio\\\/#breadcrumb\"},\"inLanguage\":\"es\",\"potentialAction\":[{\"@type\":\"ReadAction\",\"target\":[\"https:\\\/\\\/www.eldiariodetucuman.com\\\/web\\\/adios-a-los-taxis-viejos-que-modelos-estan-autorizados-a-prestar-servicio\\\/\"]}]},{\"@type\":\"ImageObject\",\"inLanguage\":\"es\",\"@id\":\"https:\\\/\\\/www.eldiariodetucuman.com\\\/web\\\/adios-a-los-taxis-viejos-que-modelos-estan-autorizados-a-prestar-servicio\\\/#primaryimage\",\"url\":\"https:\\\/\\\/www.eldiariodetucuman.com\\\/web\\\/wp-content\\\/uploads\\\/2018\\\/04\\\/2b1932c4096d6de06ec415a0d7ea6ec0.jpeg\",\"contentUrl\":\"https:\\\/\\\/www.eldiariodetucuman.com\\\/web\\\/wp-content\\\/uploads\\\/2018\\\/04\\\/2b1932c4096d6de06ec415a0d7ea6ec0.jpeg\",\"width\":1500,\"height\":850},{\"@type\":\"BreadcrumbList\",\"@id\":\"https:\\\/\\\/www.eldiariodetucuman.com\\\/web\\\/adios-a-los-taxis-viejos-que-modelos-estan-autorizados-a-prestar-servicio\\\/#breadcrumb\",\"itemListElement\":[{\"@type\":\"ListItem\",\"position\":1,\"name\":\"Portada\",\"item\":\"https:\\\/\\\/www.eldiariodetucuman.com\\\/web\\\/\"},{\"@type\":\"ListItem\",\"position\":2,\"name\":\"\u00bfAdi\u00f3s a los taxis viejos? Qu\u00e9 modelos est\u00e1n autorizados a prestar servicio\"}]},{\"@type\":\"WebSite\",\"@id\":\"https:\\\/\\\/www.eldiariodetucuman.com\\\/web\\\/#website\",\"url\":\"https:\\\/\\\/www.eldiariodetucuman.com\\\/web\\\/\",\"name\":\"El Diario de Tucuman\",\"description\":\"Diario Tucuman - Informaci\u00f3n y noticias\",\"publisher\":{\"@id\":\"https:\\\/\\\/www.eldiariodetucuman.com\\\/web\\\/#organization\"},\"potentialAction\":[{\"@type\":\"SearchAction\",\"target\":{\"@type\":\"EntryPoint\",\"urlTemplate\":\"https:\\\/\\\/www.eldiariodetucuman.com\\\/web\\\/?s={search_term_string}\"},\"query-input\":{\"@type\":\"PropertyValueSpecification\",\"valueRequired\":true,\"valueName\":\"search_term_string\"}}],\"inLanguage\":\"es\"},{\"@type\":\"Organization\",\"@id\":\"https:\\\/\\\/www.eldiariodetucuman.com\\\/web\\\/#organization\",\"name\":\"El Diario de Tucuman\",\"url\":\"https:\\\/\\\/www.eldiariodetucuman.com\\\/web\\\/\",\"logo\":{\"@type\":\"ImageObject\",\"inLanguage\":\"es\",\"@id\":\"https:\\\/\\\/www.eldiariodetucuman.com\\\/web\\\/#\\\/schema\\\/logo\\\/image\\\/\",\"url\":\"http:\\\/\\\/www.eldiariodetucuman.com\\\/web\\\/wp-content\\\/uploads\\\/2017\\\/12\\\/el-diario-de-tucuman.jpg\",\"contentUrl\":\"http:\\\/\\\/www.eldiariodetucuman.com\\\/web\\\/wp-content\\\/uploads\\\/2017\\\/12\\\/el-diario-de-tucuman.jpg\",\"width\":272,\"height\":92,\"caption\":\"El Diario de Tucuman\"},\"image\":{\"@id\":\"https:\\\/\\\/www.eldiariodetucuman.com\\\/web\\\/#\\\/schema\\\/logo\\\/image\\\/\"}},{\"@type\":\"Person\",\"@id\":\"https:\\\/\\\/www.eldiariodetucuman.com\\\/web\\\/#\\\/schema\\\/person\\\/9250197d75ab5483412e19678b121caa\",\"name\":\"admin\",\"image\":{\"@type\":\"ImageObject\",\"inLanguage\":\"es\",\"@id\":\"https:\\\/\\\/secure.gravatar.com\\\/avatar\\\/c44d117c2be811212c22cb481f6b8384b6873de103fbc49e7a03cc58d7dea4ac?s=96&d=mm&r=g\",\"url\":\"https:\\\/\\\/secure.gravatar.com\\\/avatar\\\/c44d117c2be811212c22cb481f6b8384b6873de103fbc49e7a03cc58d7dea4ac?s=96&d=mm&r=g\",\"contentUrl\":\"https:\\\/\\\/secure.gravatar.com\\\/avatar\\\/c44d117c2be811212c22cb481f6b8384b6873de103fbc49e7a03cc58d7dea4ac?s=96&d=mm&r=g\",\"caption\":\"admin\"},\"url\":\"https:\\\/\\\/www.eldiariodetucuman.com\\\/web\\\/author\\\/admin\\\/\"}]}<\/script>\n<!-- \/ Yoast SEO plugin. -->","yoast_head_json":{"title":"\u00bfAdi\u00f3s a los taxis viejos? Qu\u00e9 modelos est\u00e1n autorizados a prestar servicio - El Diario de Tucuman","robots":{"index":"index","follow":"follow","max-snippet":"max-snippet:-1","max-image-preview":"max-image-preview:large","max-video-preview":"max-video-preview:-1"},"canonical":"https:\/\/www.eldiariodetucuman.com\/web\/adios-a-los-taxis-viejos-que-modelos-estan-autorizados-a-prestar-servicio\/","og_locale":"es_ES","og_type":"article","og_title":"\u00bfAdi\u00f3s a los taxis viejos? Qu\u00e9 modelos est\u00e1n autorizados a prestar servicio - El Diario de Tucuman","og_description":"El pr\u00f3ximo lunes se pone en marcha la primera verificaci\u00f3n t\u00e9cnica vehicular obligatoria a los autos del Servicio \u00danico de Transporte P\u00fablico de Pasajeros en Autom\u00f3vil (Sutrappa) en San Miguel de Tucum\u00e1n. En el Palacio de los Deportes, de 9 a 12.30, se inspeccionar\u00e1n las unidades modelo 2008 en adelante, dado que las anteriores no [&hellip;]","og_url":"https:\/\/www.eldiariodetucuman.com\/web\/adios-a-los-taxis-viejos-que-modelos-estan-autorizados-a-prestar-servicio\/","og_site_name":"El Diario de Tucuman","article_published_time":"2018-04-17T15:00:42+00:00","article_modified_time":"2018-04-17T15:00:45+00:00","og_image":[{"width":1500,"height":850,"url":"https:\/\/www.eldiariodetucuman.com\/web\/wp-content\/uploads\/2018\/04\/2b1932c4096d6de06ec415a0d7ea6ec0.jpeg","type":"image\/jpeg"}],"author":"admin","twitter_card":"summary_large_image","twitter_misc":{"Escrito por":"admin","Tiempo de lectura":"2 minutos"},"schema":{"@context":"https:\/\/schema.org","@graph":[{"@type":"Article","@id":"https:\/\/www.eldiariodetucuman.com\/web\/adios-a-los-taxis-viejos-que-modelos-estan-autorizados-a-prestar-servicio\/#article","isPartOf":{"@id":"https:\/\/www.eldiariodetucuman.com\/web\/adios-a-los-taxis-viejos-que-modelos-estan-autorizados-a-prestar-servicio\/"},"author":{"name":"admin","@id":"https:\/\/www.eldiariodetucuman.com\/web\/#\/schema\/person\/9250197d75ab5483412e19678b121caa"},"headline":"\u00bfAdi\u00f3s a los taxis viejos? Qu\u00e9 modelos est\u00e1n autorizados a prestar servicio","datePublished":"2018-04-17T15:00:42+00:00","dateModified":"2018-04-17T15:00:45+00:00","mainEntityOfPage":{"@id":"https:\/\/www.eldiariodetucuman.com\/web\/adios-a-los-taxis-viejos-que-modelos-estan-autorizados-a-prestar-servicio\/"},"wordCount":369,"commentCount":0,"publisher":{"@id":"https:\/\/www.eldiariodetucuman.com\/web\/#organization"},"image":{"@id":"https:\/\/www.eldiariodetucuman.com\/web\/adios-a-los-taxis-viejos-que-modelos-estan-autorizados-a-prestar-servicio\/#primaryimage"},"thumbnailUrl":"https:\/\/www.eldiariodetucuman.com\/web\/wp-content\/uploads\/2018\/04\/2b1932c4096d6de06ec415a0d7ea6ec0.jpeg","articleSection":["Portada"],"inLanguage":"es","potentialAction":[{"@type":"CommentAction","name":"Comment","target":["https:\/\/www.eldiariodetucuman.com\/web\/adios-a-los-taxis-viejos-que-modelos-estan-autorizados-a-prestar-servicio\/#respond"]}]},{"@type":"WebPage","@id":"https:\/\/www.eldiariodetucuman.com\/web\/adios-a-los-taxis-viejos-que-modelos-estan-autorizados-a-prestar-servicio\/","url":"https:\/\/www.eldiariodetucuman.com\/web\/adios-a-los-taxis-viejos-que-modelos-estan-autorizados-a-prestar-servicio\/","name":"\u00bfAdi\u00f3s a los taxis viejos? Qu\u00e9 modelos est\u00e1n autorizados a prestar servicio - El Diario de Tucuman","isPartOf":{"@id":"https:\/\/www.eldiariodetucuman.com\/web\/#website"},"primaryImageOfPage":{"@id":"https:\/\/www.eldiariodetucuman.com\/web\/adios-a-los-taxis-viejos-que-modelos-estan-autorizados-a-prestar-servicio\/#primaryimage"},"image":{"@id":"https:\/\/www.eldiariodetucuman.com\/web\/adios-a-los-taxis-viejos-que-modelos-estan-autorizados-a-prestar-servicio\/#primaryimage"},"thumbnailUrl":"https:\/\/www.eldiariodetucuman.com\/web\/wp-content\/uploads\/2018\/04\/2b1932c4096d6de06ec415a0d7ea6ec0.jpeg","datePublished":"2018-04-17T15:00:42+00:00","dateModified":"2018-04-17T15:00:45+00:00","breadcrumb":{"@id":"https:\/\/www.eldiariodetucuman.com\/web\/adios-a-los-taxis-viejos-que-modelos-estan-autorizados-a-prestar-servicio\/#breadcrumb"},"inLanguage":"es","potentialAction":[{"@type":"ReadAction","target":["https:\/\/www.eldiariodetucuman.com\/web\/adios-a-los-taxis-viejos-que-modelos-estan-autorizados-a-prestar-servicio\/"]}]},{"@type":"ImageObject","inLanguage":"es","@id":"https:\/\/www.eldiariodetucuman.com\/web\/adios-a-los-taxis-viejos-que-modelos-estan-autorizados-a-prestar-servicio\/#primaryimage","url":"https:\/\/www.eldiariodetucuman.com\/web\/wp-content\/uploads\/2018\/04\/2b1932c4096d6de06ec415a0d7ea6ec0.jpeg","contentUrl":"https:\/\/www.eldiariodetucuman.com\/web\/wp-content\/uploads\/2018\/04\/2b1932c4096d6de06ec415a0d7ea6ec0.jpeg","width":1500,"height":850},{"@type":"BreadcrumbList","@id":"https:\/\/www.eldiariodetucuman.com\/web\/adios-a-los-taxis-viejos-que-modelos-estan-autorizados-a-prestar-servicio\/#breadcrumb","itemListElement":[{"@type":"ListItem","position":1,"name":"Portada","item":"https:\/\/www.eldiariodetucuman.com\/web\/"},{"@type":"ListItem","position":2,"name":"\u00bfAdi\u00f3s a los taxis viejos? Qu\u00e9 modelos est\u00e1n autorizados a prestar servicio"}]},{"@type":"WebSite","@id":"https:\/\/www.eldiariodetucuman.com\/web\/#website","url":"https:\/\/www.eldiariodetucuman.com\/web\/","name":"El Diario de Tucuman","description":"Diario Tucuman - Informaci\u00f3n y noticias","publisher":{"@id":"https:\/\/www.eldiariodetucuman.com\/web\/#organization"},"potentialAction":[{"@type":"SearchAction","target":{"@type":"EntryPoint","urlTemplate":"https:\/\/www.eldiariodetucuman.com\/web\/?s={search_term_string}"},"query-input":{"@type":"PropertyValueSpecification","valueRequired":true,"valueName":"search_term_string"}}],"inLanguage":"es"},{"@type":"Organization","@id":"https:\/\/www.eldiariodetucuman.com\/web\/#organization","name":"El Diario de Tucuman","url":"https:\/\/www.eldiariodetucuman.com\/web\/","logo":{"@type":"ImageObject","inLanguage":"es","@id":"https:\/\/www.eldiariodetucuman.com\/web\/#\/schema\/logo\/image\/","url":"http:\/\/www.eldiariodetucuman.com\/web\/wp-content\/uploads\/2017\/12\/el-diario-de-tucuman.jpg","contentUrl":"http:\/\/www.eldiariodetucuman.com\/web\/wp-content\/uploads\/2017\/12\/el-diario-de-tucuman.jpg","width":272,"height":92,"caption":"El Diario de Tucuman"},"image":{"@id":"https:\/\/www.eldiariodetucuman.com\/web\/#\/schema\/logo\/image\/"}},{"@type":"Person","@id":"https:\/\/www.eldiariodetucuman.com\/web\/#\/schema\/person\/9250197d75ab5483412e19678b121caa","name":"admin","image":{"@type":"ImageObject","inLanguage":"es","@id":"https:\/\/secure.gravatar.com\/avatar\/c44d117c2be811212c22cb481f6b8384b6873de103fbc49e7a03cc58d7dea4ac?s=96&d=mm&r=g","url":"https:\/\/secure.gravatar.com\/avatar\/c44d117c2be811212c22cb481f6b8384b6873de103fbc49e7a03cc58d7dea4ac?s=96&d=mm&r=g","contentUrl":"https:\/\/secure.gravatar.com\/avatar\/c44d117c2be811212c22cb481f6b8384b6873de103fbc49e7a03cc58d7dea4ac?s=96&d=mm&r=g","caption":"admin"},"url":"https:\/\/www.eldiariodetucuman.com\/web\/author\/admin\/"}]}},"_links":{"self":[{"href":"https:\/\/www.eldiariodetucuman.com\/web\/wp-json\/wp\/v2\/posts\/8651","targetHints":{"allow":["GET"]}}],"collection":[{"href":"https:\/\/www.eldiariodetucuman.com\/web\/wp-json\/wp\/v2\/posts"}],"about":[{"href":"https:\/\/www.eldiariodetucuman.com\/web\/wp-json\/wp\/v2\/types\/post"}],"author":[{"embeddable":true,"href":"https:\/\/www.eldiariodetucuman.com\/web\/wp-json\/wp\/v2\/users\/1"}],"replies":[{"embeddable":true,"href":"https:\/\/www.eldiariodetucuman.com\/web\/wp-json\/wp\/v2\/comments?post=8651"}],"version-history":[{"count":1,"href":"https:\/\/www.eldiariodetucuman.com\/web\/wp-json\/wp\/v2\/posts\/8651\/revisions"}],"predecessor-version":[{"id":8653,"href":"https:\/\/www.eldiariodetucuman.com\/web\/wp-json\/wp\/v2\/posts\/8651\/revisions\/8653"}],"wp:featuredmedia":[{"embeddable":true,"href":"https:\/\/www.eldiariodetucuman.com\/web\/wp-json\/wp\/v2\/media\/8652"}],"wp:attachment":[{"href":"https:\/\/www.eldiariodetucuman.com\/web\/wp-json\/wp\/v2\/media?parent=8651"}],"wp:term":[{"taxonomy":"category","embeddable":true,"href":"https:\/\/www.eldiariodetucuman.com\/web\/wp-json\/wp\/v2\/categories?post=8651"},{"taxonomy":"post_tag","embeddable":true,"href":"https:\/\/www.eldiariodetucuman.com\/web\/wp-json\/wp\/v2\/tags?post=8651"}],"curies":[{"name":"wp","href":"https:\/\/api.w.org\/{rel}","templated":true}]}}