{"id":8648,"date":"2018-04-17T11:42:49","date_gmt":"2018-04-17T14:42:49","guid":{"rendered":"http:\/\/www.eldiariodetucuman.com\/web\/no-pida-la-quiebra-para-cobrar-honorarios\/"},"modified":"2018-04-17T11:42:50","modified_gmt":"2018-04-17T14:42:50","slug":"no-pida-la-quiebra-para-cobrar-honorarios","status":"publish","type":"post","link":"https:\/\/www.eldiariodetucuman.com\/web\/no-pida-la-quiebra-para-cobrar-honorarios\/","title":{"rendered":"No pida la quiebra para cobrar honorarios"},"content":{"rendered":"<div>\n<div readability=\"41.958837772397\">\n<p>La <a href=\"https:\/\/www.elintransigente.com\/politica\/2018\/3\/24\/ordenan-la-quiebra-del-banco-de-cristobal-lopez-483668.html\"><strong>Justicia Comercial<\/strong><\/a> <strong>deneg\u00f3<\/strong> el pedido de un letrado que pidi\u00f3 la <a href=\"https:\/\/www.elintransigente.com\/politica\/2018\/4\/13\/el-que-compra-en-subasta-no-debe-expensas-486455.html\"><strong>quiebra<\/strong><\/a> de un cliente que no le cancel\u00f3 los <strong>honorarios<\/strong> que le regularon en un proceso.<\/p>\n<p>Seg\u00fan informa el <a href=\"http:\/\/www.diariojudicial.com\/nota\/80494\/comercial\/no-pida-la-quiebra-para-cobrar-honorarios.html\"><strong>Diario Judicial<\/strong><\/a>, fue en el marco del expediente \u00abMacedo, Alejandro Mar\u00eda le pide la quiebra Otaegui, Joaquin Jose\u00bb en el que la Sala B de la C\u00e1mara del fuero, integrada por las juezas Matilde Ballerini y Mar\u00eda Lilia G\u00f3mez Alonso de D\u00edaz Cordero confirm\u00f3 el fallo de primera instancia que no hizo lugar a la acci\u00f3n.<\/p>\n<aside class=\"htmlinline \"><ins class=\"adsbygoogle\" data-ad-layout=\"in-article\" data-ad-format=\"fluid\" data-ad-client=\"ca-pub-7781556717282971\" data-ad-slot=\"9383133609\"><\/ins><br \/>\n<\/aside>\n<p>El rechazo en primer t\u00e9rmino se debi\u00f3 a que el magistrado que previno acredit\u00f3 \u00bb la existencia de un dep\u00f3sito de capital y cierta suma de intereses efectuado en la causa en la cual se regularon los honorarios del apelante\u00bb.<\/p>\n<p>Seg\u00fan la legislaci\u00f3n concursal, al acreditarse el dep\u00f3sito no se estar\u00eda ante un estado de cesaci\u00f3n de pagos que amerite el inicio del proceso falencial.<\/p>\n<p>Aunque esa circunstancia generaba directamente la desestimaci\u00f3n del pedido, la C\u00e1mara recalc\u00f3 que el pedido de quiebra \u00abno es el medio id\u00f3neo para el cobro individual del cr\u00e9dito\u00bb.<\/p>\n<p>Seg\u00fan ese criterio, esa finalidad \u00abcontrar\u00eda la propia esencia del sistema falencial al que se recurre, que no apunta a servir de herramienta para la satisfacci\u00f3n individual de los cr\u00e9ditos, sino para la satisfacci\u00f3n colectiva de todas y cada una de las obligaciones de un patrimonio cesante\u00bb.<\/p>\n<p>\u00abDe tal modo, no corresponde habilitar la continuidad del tr\u00e1mite para la percepci\u00f3n de cualquier diferencia que se reclame, en tanto dicho temperamento alentar\u00eda la promoci\u00f3n de estas acciones a efectos de lograr la ejecuci\u00f3n individual de cr\u00e9ditos\u00bb, aseguraron las camaristas.<\/p>\n<\/div>\n<\/div>\n<p>Fuente: https:\/\/www.elintransigente.com\/politica\/2018\/4\/17\/no-pida-la-quiebra-para-cobrar-honorarios-487009.html<\/p>\n","protected":false},"excerpt":{"rendered":"<p>La Justicia Comercial deneg\u00f3 el pedido de un letrado que pidi\u00f3 la quiebra de un cliente que no le cancel\u00f3 los honorarios que le regularon en un proceso. Seg\u00fan informa el Diario Judicial, fue en el marco del expediente \u00abMacedo, Alejandro Mar\u00eda le pide la quiebra Otaegui, Joaquin Jose\u00bb en el que la Sala B [&hellip;]<\/p>\n","protected":false},"author":1,"featured_media":8649,"comment_status":"open","ping_status":"closed","sticky":false,"template":"","format":"standard","meta":{"footnotes":""},"categories":[1],"tags":[],"class_list":{"0":"post-8648","1":"post","2":"type-post","3":"status-publish","4":"format-standard","5":"has-post-thumbnail","7":"category-portada"},"yoast_head":"<!-- This site is optimized with the Yoast SEO plugin v27.4 - https:\/\/yoast.com\/product\/yoast-seo-wordpress\/ -->\n<title>No pida la quiebra para cobrar honorarios - El Diario de Tucuman<\/title>\n<meta name=\"robots\" content=\"index, follow, max-snippet:-1, max-image-preview:large, max-video-preview:-1\" \/>\n<link rel=\"canonical\" href=\"https:\/\/www.eldiariodetucuman.com\/web\/no-pida-la-quiebra-para-cobrar-honorarios\/\" \/>\n<meta property=\"og:locale\" content=\"es_ES\" \/>\n<meta property=\"og:type\" content=\"article\" \/>\n<meta property=\"og:title\" content=\"No pida la quiebra para cobrar honorarios - El Diario de Tucuman\" \/>\n<meta property=\"og:description\" content=\"La Justicia Comercial deneg\u00f3 el pedido de un letrado que pidi\u00f3 la quiebra de un cliente que no le cancel\u00f3 los honorarios que le regularon en un proceso. Seg\u00fan informa el Diario Judicial, fue en el marco del expediente \u00abMacedo, Alejandro Mar\u00eda le pide la quiebra Otaegui, Joaquin Jose\u00bb en el que la Sala B [&hellip;]\" \/>\n<meta property=\"og:url\" content=\"https:\/\/www.eldiariodetucuman.com\/web\/no-pida-la-quiebra-para-cobrar-honorarios\/\" \/>\n<meta property=\"og:site_name\" content=\"El Diario de Tucuman\" \/>\n<meta property=\"article:published_time\" content=\"2018-04-17T14:42:49+00:00\" \/>\n<meta property=\"article:modified_time\" content=\"2018-04-17T14:42:50+00:00\" \/>\n<meta property=\"og:image\" content=\"https:\/\/www.eldiariodetucuman.com\/web\/wp-content\/uploads\/2018\/04\/1c6954b0c0635409016235cc85d3d095.jpeg\" \/>\n\t<meta property=\"og:image:width\" content=\"960\" \/>\n\t<meta property=\"og:image:height\" content=\"662\" \/>\n\t<meta property=\"og:image:type\" content=\"image\/jpeg\" \/>\n<meta name=\"author\" content=\"admin\" \/>\n<meta name=\"twitter:card\" content=\"summary_large_image\" \/>\n<meta name=\"twitter:label1\" content=\"Escrito por\" \/>\n\t<meta name=\"twitter:data1\" content=\"admin\" \/>\n\t<meta name=\"twitter:label2\" content=\"Tiempo de lectura\" \/>\n\t<meta name=\"twitter:data2\" content=\"2 minutos\" \/>\n<script type=\"application\/ld+json\" class=\"yoast-schema-graph\">{\"@context\":\"https:\\\/\\\/schema.org\",\"@graph\":[{\"@type\":\"Article\",\"@id\":\"https:\\\/\\\/www.eldiariodetucuman.com\\\/web\\\/no-pida-la-quiebra-para-cobrar-honorarios\\\/#article\",\"isPartOf\":{\"@id\":\"https:\\\/\\\/www.eldiariodetucuman.com\\\/web\\\/no-pida-la-quiebra-para-cobrar-honorarios\\\/\"},\"author\":{\"name\":\"admin\",\"@id\":\"https:\\\/\\\/www.eldiariodetucuman.com\\\/web\\\/#\\\/schema\\\/person\\\/9250197d75ab5483412e19678b121caa\"},\"headline\":\"No pida la quiebra para cobrar honorarios\",\"datePublished\":\"2018-04-17T14:42:49+00:00\",\"dateModified\":\"2018-04-17T14:42:50+00:00\",\"mainEntityOfPage\":{\"@id\":\"https:\\\/\\\/www.eldiariodetucuman.com\\\/web\\\/no-pida-la-quiebra-para-cobrar-honorarios\\\/\"},\"wordCount\":311,\"commentCount\":0,\"publisher\":{\"@id\":\"https:\\\/\\\/www.eldiariodetucuman.com\\\/web\\\/#organization\"},\"image\":{\"@id\":\"https:\\\/\\\/www.eldiariodetucuman.com\\\/web\\\/no-pida-la-quiebra-para-cobrar-honorarios\\\/#primaryimage\"},\"thumbnailUrl\":\"https:\\\/\\\/www.eldiariodetucuman.com\\\/web\\\/wp-content\\\/uploads\\\/2018\\\/04\\\/1c6954b0c0635409016235cc85d3d095.jpeg\",\"articleSection\":[\"Portada\"],\"inLanguage\":\"es\",\"potentialAction\":[{\"@type\":\"CommentAction\",\"name\":\"Comment\",\"target\":[\"https:\\\/\\\/www.eldiariodetucuman.com\\\/web\\\/no-pida-la-quiebra-para-cobrar-honorarios\\\/#respond\"]}]},{\"@type\":\"WebPage\",\"@id\":\"https:\\\/\\\/www.eldiariodetucuman.com\\\/web\\\/no-pida-la-quiebra-para-cobrar-honorarios\\\/\",\"url\":\"https:\\\/\\\/www.eldiariodetucuman.com\\\/web\\\/no-pida-la-quiebra-para-cobrar-honorarios\\\/\",\"name\":\"No pida la quiebra para cobrar honorarios - El Diario de Tucuman\",\"isPartOf\":{\"@id\":\"https:\\\/\\\/www.eldiariodetucuman.com\\\/web\\\/#website\"},\"primaryImageOfPage\":{\"@id\":\"https:\\\/\\\/www.eldiariodetucuman.com\\\/web\\\/no-pida-la-quiebra-para-cobrar-honorarios\\\/#primaryimage\"},\"image\":{\"@id\":\"https:\\\/\\\/www.eldiariodetucuman.com\\\/web\\\/no-pida-la-quiebra-para-cobrar-honorarios\\\/#primaryimage\"},\"thumbnailUrl\":\"https:\\\/\\\/www.eldiariodetucuman.com\\\/web\\\/wp-content\\\/uploads\\\/2018\\\/04\\\/1c6954b0c0635409016235cc85d3d095.jpeg\",\"datePublished\":\"2018-04-17T14:42:49+00:00\",\"dateModified\":\"2018-04-17T14:42:50+00:00\",\"breadcrumb\":{\"@id\":\"https:\\\/\\\/www.eldiariodetucuman.com\\\/web\\\/no-pida-la-quiebra-para-cobrar-honorarios\\\/#breadcrumb\"},\"inLanguage\":\"es\",\"potentialAction\":[{\"@type\":\"ReadAction\",\"target\":[\"https:\\\/\\\/www.eldiariodetucuman.com\\\/web\\\/no-pida-la-quiebra-para-cobrar-honorarios\\\/\"]}]},{\"@type\":\"ImageObject\",\"inLanguage\":\"es\",\"@id\":\"https:\\\/\\\/www.eldiariodetucuman.com\\\/web\\\/no-pida-la-quiebra-para-cobrar-honorarios\\\/#primaryimage\",\"url\":\"https:\\\/\\\/www.eldiariodetucuman.com\\\/web\\\/wp-content\\\/uploads\\\/2018\\\/04\\\/1c6954b0c0635409016235cc85d3d095.jpeg\",\"contentUrl\":\"https:\\\/\\\/www.eldiariodetucuman.com\\\/web\\\/wp-content\\\/uploads\\\/2018\\\/04\\\/1c6954b0c0635409016235cc85d3d095.jpeg\",\"width\":960,\"height\":662},{\"@type\":\"BreadcrumbList\",\"@id\":\"https:\\\/\\\/www.eldiariodetucuman.com\\\/web\\\/no-pida-la-quiebra-para-cobrar-honorarios\\\/#breadcrumb\",\"itemListElement\":[{\"@type\":\"ListItem\",\"position\":1,\"name\":\"Portada\",\"item\":\"https:\\\/\\\/www.eldiariodetucuman.com\\\/web\\\/\"},{\"@type\":\"ListItem\",\"position\":2,\"name\":\"No pida la quiebra para cobrar honorarios\"}]},{\"@type\":\"WebSite\",\"@id\":\"https:\\\/\\\/www.eldiariodetucuman.com\\\/web\\\/#website\",\"url\":\"https:\\\/\\\/www.eldiariodetucuman.com\\\/web\\\/\",\"name\":\"El Diario de Tucuman\",\"description\":\"Diario Tucuman - Informaci\u00f3n y noticias\",\"publisher\":{\"@id\":\"https:\\\/\\\/www.eldiariodetucuman.com\\\/web\\\/#organization\"},\"potentialAction\":[{\"@type\":\"SearchAction\",\"target\":{\"@type\":\"EntryPoint\",\"urlTemplate\":\"https:\\\/\\\/www.eldiariodetucuman.com\\\/web\\\/?s={search_term_string}\"},\"query-input\":{\"@type\":\"PropertyValueSpecification\",\"valueRequired\":true,\"valueName\":\"search_term_string\"}}],\"inLanguage\":\"es\"},{\"@type\":\"Organization\",\"@id\":\"https:\\\/\\\/www.eldiariodetucuman.com\\\/web\\\/#organization\",\"name\":\"El Diario de Tucuman\",\"url\":\"https:\\\/\\\/www.eldiariodetucuman.com\\\/web\\\/\",\"logo\":{\"@type\":\"ImageObject\",\"inLanguage\":\"es\",\"@id\":\"https:\\\/\\\/www.eldiariodetucuman.com\\\/web\\\/#\\\/schema\\\/logo\\\/image\\\/\",\"url\":\"http:\\\/\\\/www.eldiariodetucuman.com\\\/web\\\/wp-content\\\/uploads\\\/2017\\\/12\\\/el-diario-de-tucuman.jpg\",\"contentUrl\":\"http:\\\/\\\/www.eldiariodetucuman.com\\\/web\\\/wp-content\\\/uploads\\\/2017\\\/12\\\/el-diario-de-tucuman.jpg\",\"width\":272,\"height\":92,\"caption\":\"El Diario de Tucuman\"},\"image\":{\"@id\":\"https:\\\/\\\/www.eldiariodetucuman.com\\\/web\\\/#\\\/schema\\\/logo\\\/image\\\/\"}},{\"@type\":\"Person\",\"@id\":\"https:\\\/\\\/www.eldiariodetucuman.com\\\/web\\\/#\\\/schema\\\/person\\\/9250197d75ab5483412e19678b121caa\",\"name\":\"admin\",\"image\":{\"@type\":\"ImageObject\",\"inLanguage\":\"es\",\"@id\":\"https:\\\/\\\/secure.gravatar.com\\\/avatar\\\/c44d117c2be811212c22cb481f6b8384b6873de103fbc49e7a03cc58d7dea4ac?s=96&d=mm&r=g\",\"url\":\"https:\\\/\\\/secure.gravatar.com\\\/avatar\\\/c44d117c2be811212c22cb481f6b8384b6873de103fbc49e7a03cc58d7dea4ac?s=96&d=mm&r=g\",\"contentUrl\":\"https:\\\/\\\/secure.gravatar.com\\\/avatar\\\/c44d117c2be811212c22cb481f6b8384b6873de103fbc49e7a03cc58d7dea4ac?s=96&d=mm&r=g\",\"caption\":\"admin\"},\"url\":\"https:\\\/\\\/www.eldiariodetucuman.com\\\/web\\\/author\\\/admin\\\/\"}]}<\/script>\n<!-- \/ Yoast SEO plugin. -->","yoast_head_json":{"title":"No pida la quiebra para cobrar honorarios - El Diario de Tucuman","robots":{"index":"index","follow":"follow","max-snippet":"max-snippet:-1","max-image-preview":"max-image-preview:large","max-video-preview":"max-video-preview:-1"},"canonical":"https:\/\/www.eldiariodetucuman.com\/web\/no-pida-la-quiebra-para-cobrar-honorarios\/","og_locale":"es_ES","og_type":"article","og_title":"No pida la quiebra para cobrar honorarios - El Diario de Tucuman","og_description":"La Justicia Comercial deneg\u00f3 el pedido de un letrado que pidi\u00f3 la quiebra de un cliente que no le cancel\u00f3 los honorarios que le regularon en un proceso. Seg\u00fan informa el Diario Judicial, fue en el marco del expediente \u00abMacedo, Alejandro Mar\u00eda le pide la quiebra Otaegui, Joaquin Jose\u00bb en el que la Sala B [&hellip;]","og_url":"https:\/\/www.eldiariodetucuman.com\/web\/no-pida-la-quiebra-para-cobrar-honorarios\/","og_site_name":"El Diario de Tucuman","article_published_time":"2018-04-17T14:42:49+00:00","article_modified_time":"2018-04-17T14:42:50+00:00","og_image":[{"width":960,"height":662,"url":"https:\/\/www.eldiariodetucuman.com\/web\/wp-content\/uploads\/2018\/04\/1c6954b0c0635409016235cc85d3d095.jpeg","type":"image\/jpeg"}],"author":"admin","twitter_card":"summary_large_image","twitter_misc":{"Escrito por":"admin","Tiempo de lectura":"2 minutos"},"schema":{"@context":"https:\/\/schema.org","@graph":[{"@type":"Article","@id":"https:\/\/www.eldiariodetucuman.com\/web\/no-pida-la-quiebra-para-cobrar-honorarios\/#article","isPartOf":{"@id":"https:\/\/www.eldiariodetucuman.com\/web\/no-pida-la-quiebra-para-cobrar-honorarios\/"},"author":{"name":"admin","@id":"https:\/\/www.eldiariodetucuman.com\/web\/#\/schema\/person\/9250197d75ab5483412e19678b121caa"},"headline":"No pida la quiebra para cobrar honorarios","datePublished":"2018-04-17T14:42:49+00:00","dateModified":"2018-04-17T14:42:50+00:00","mainEntityOfPage":{"@id":"https:\/\/www.eldiariodetucuman.com\/web\/no-pida-la-quiebra-para-cobrar-honorarios\/"},"wordCount":311,"commentCount":0,"publisher":{"@id":"https:\/\/www.eldiariodetucuman.com\/web\/#organization"},"image":{"@id":"https:\/\/www.eldiariodetucuman.com\/web\/no-pida-la-quiebra-para-cobrar-honorarios\/#primaryimage"},"thumbnailUrl":"https:\/\/www.eldiariodetucuman.com\/web\/wp-content\/uploads\/2018\/04\/1c6954b0c0635409016235cc85d3d095.jpeg","articleSection":["Portada"],"inLanguage":"es","potentialAction":[{"@type":"CommentAction","name":"Comment","target":["https:\/\/www.eldiariodetucuman.com\/web\/no-pida-la-quiebra-para-cobrar-honorarios\/#respond"]}]},{"@type":"WebPage","@id":"https:\/\/www.eldiariodetucuman.com\/web\/no-pida-la-quiebra-para-cobrar-honorarios\/","url":"https:\/\/www.eldiariodetucuman.com\/web\/no-pida-la-quiebra-para-cobrar-honorarios\/","name":"No pida la quiebra para cobrar honorarios - El Diario de Tucuman","isPartOf":{"@id":"https:\/\/www.eldiariodetucuman.com\/web\/#website"},"primaryImageOfPage":{"@id":"https:\/\/www.eldiariodetucuman.com\/web\/no-pida-la-quiebra-para-cobrar-honorarios\/#primaryimage"},"image":{"@id":"https:\/\/www.eldiariodetucuman.com\/web\/no-pida-la-quiebra-para-cobrar-honorarios\/#primaryimage"},"thumbnailUrl":"https:\/\/www.eldiariodetucuman.com\/web\/wp-content\/uploads\/2018\/04\/1c6954b0c0635409016235cc85d3d095.jpeg","datePublished":"2018-04-17T14:42:49+00:00","dateModified":"2018-04-17T14:42:50+00:00","breadcrumb":{"@id":"https:\/\/www.eldiariodetucuman.com\/web\/no-pida-la-quiebra-para-cobrar-honorarios\/#breadcrumb"},"inLanguage":"es","potentialAction":[{"@type":"ReadAction","target":["https:\/\/www.eldiariodetucuman.com\/web\/no-pida-la-quiebra-para-cobrar-honorarios\/"]}]},{"@type":"ImageObject","inLanguage":"es","@id":"https:\/\/www.eldiariodetucuman.com\/web\/no-pida-la-quiebra-para-cobrar-honorarios\/#primaryimage","url":"https:\/\/www.eldiariodetucuman.com\/web\/wp-content\/uploads\/2018\/04\/1c6954b0c0635409016235cc85d3d095.jpeg","contentUrl":"https:\/\/www.eldiariodetucuman.com\/web\/wp-content\/uploads\/2018\/04\/1c6954b0c0635409016235cc85d3d095.jpeg","width":960,"height":662},{"@type":"BreadcrumbList","@id":"https:\/\/www.eldiariodetucuman.com\/web\/no-pida-la-quiebra-para-cobrar-honorarios\/#breadcrumb","itemListElement":[{"@type":"ListItem","position":1,"name":"Portada","item":"https:\/\/www.eldiariodetucuman.com\/web\/"},{"@type":"ListItem","position":2,"name":"No pida la quiebra para cobrar honorarios"}]},{"@type":"WebSite","@id":"https:\/\/www.eldiariodetucuman.com\/web\/#website","url":"https:\/\/www.eldiariodetucuman.com\/web\/","name":"El Diario de Tucuman","description":"Diario Tucuman - Informaci\u00f3n y noticias","publisher":{"@id":"https:\/\/www.eldiariodetucuman.com\/web\/#organization"},"potentialAction":[{"@type":"SearchAction","target":{"@type":"EntryPoint","urlTemplate":"https:\/\/www.eldiariodetucuman.com\/web\/?s={search_term_string}"},"query-input":{"@type":"PropertyValueSpecification","valueRequired":true,"valueName":"search_term_string"}}],"inLanguage":"es"},{"@type":"Organization","@id":"https:\/\/www.eldiariodetucuman.com\/web\/#organization","name":"El Diario de Tucuman","url":"https:\/\/www.eldiariodetucuman.com\/web\/","logo":{"@type":"ImageObject","inLanguage":"es","@id":"https:\/\/www.eldiariodetucuman.com\/web\/#\/schema\/logo\/image\/","url":"http:\/\/www.eldiariodetucuman.com\/web\/wp-content\/uploads\/2017\/12\/el-diario-de-tucuman.jpg","contentUrl":"http:\/\/www.eldiariodetucuman.com\/web\/wp-content\/uploads\/2017\/12\/el-diario-de-tucuman.jpg","width":272,"height":92,"caption":"El Diario de Tucuman"},"image":{"@id":"https:\/\/www.eldiariodetucuman.com\/web\/#\/schema\/logo\/image\/"}},{"@type":"Person","@id":"https:\/\/www.eldiariodetucuman.com\/web\/#\/schema\/person\/9250197d75ab5483412e19678b121caa","name":"admin","image":{"@type":"ImageObject","inLanguage":"es","@id":"https:\/\/secure.gravatar.com\/avatar\/c44d117c2be811212c22cb481f6b8384b6873de103fbc49e7a03cc58d7dea4ac?s=96&d=mm&r=g","url":"https:\/\/secure.gravatar.com\/avatar\/c44d117c2be811212c22cb481f6b8384b6873de103fbc49e7a03cc58d7dea4ac?s=96&d=mm&r=g","contentUrl":"https:\/\/secure.gravatar.com\/avatar\/c44d117c2be811212c22cb481f6b8384b6873de103fbc49e7a03cc58d7dea4ac?s=96&d=mm&r=g","caption":"admin"},"url":"https:\/\/www.eldiariodetucuman.com\/web\/author\/admin\/"}]}},"_links":{"self":[{"href":"https:\/\/www.eldiariodetucuman.com\/web\/wp-json\/wp\/v2\/posts\/8648","targetHints":{"allow":["GET"]}}],"collection":[{"href":"https:\/\/www.eldiariodetucuman.com\/web\/wp-json\/wp\/v2\/posts"}],"about":[{"href":"https:\/\/www.eldiariodetucuman.com\/web\/wp-json\/wp\/v2\/types\/post"}],"author":[{"embeddable":true,"href":"https:\/\/www.eldiariodetucuman.com\/web\/wp-json\/wp\/v2\/users\/1"}],"replies":[{"embeddable":true,"href":"https:\/\/www.eldiariodetucuman.com\/web\/wp-json\/wp\/v2\/comments?post=8648"}],"version-history":[{"count":1,"href":"https:\/\/www.eldiariodetucuman.com\/web\/wp-json\/wp\/v2\/posts\/8648\/revisions"}],"predecessor-version":[{"id":8650,"href":"https:\/\/www.eldiariodetucuman.com\/web\/wp-json\/wp\/v2\/posts\/8648\/revisions\/8650"}],"wp:featuredmedia":[{"embeddable":true,"href":"https:\/\/www.eldiariodetucuman.com\/web\/wp-json\/wp\/v2\/media\/8649"}],"wp:attachment":[{"href":"https:\/\/www.eldiariodetucuman.com\/web\/wp-json\/wp\/v2\/media?parent=8648"}],"wp:term":[{"taxonomy":"category","embeddable":true,"href":"https:\/\/www.eldiariodetucuman.com\/web\/wp-json\/wp\/v2\/categories?post=8648"},{"taxonomy":"post_tag","embeddable":true,"href":"https:\/\/www.eldiariodetucuman.com\/web\/wp-json\/wp\/v2\/tags?post=8648"}],"curies":[{"name":"wp","href":"https:\/\/api.w.org\/{rel}","templated":true}]}}