{"id":8645,"date":"2018-04-17T11:42:42","date_gmt":"2018-04-17T14:42:42","guid":{"rendered":"http:\/\/www.eldiariodetucuman.com\/web\/denuncian-que-la-corte-suprema-monto-una-oficina-paralela-de-investigaciones\/"},"modified":"2018-04-17T11:42:44","modified_gmt":"2018-04-17T14:42:44","slug":"denuncian-que-la-corte-suprema-monto-una-oficina-paralela-de-investigaciones","status":"publish","type":"post","link":"https:\/\/www.eldiariodetucuman.com\/web\/denuncian-que-la-corte-suprema-monto-una-oficina-paralela-de-investigaciones\/","title":{"rendered":"Denuncian que la Corte Suprema \u00abmont\u00f3 una oficina paralela de investigaciones\u00bb"},"content":{"rendered":"<div>\n<div readability=\"31.303265940902\">\n<p>La fiscal Cristina Caama\u00f1o asegur\u00f3 que \u00abla <strong>Corte Suprema<\/strong> mont\u00f3 una oficina paralela de <a href=\"https:\/\/www.elintransigente.com\/politica\/2018\/4\/17\/carrio-lorenzetti-esta-montando-un-aparato-de-inteligencia-486984.html\">investigaciones<\/a> como si fuera otra AFI\u00bb. Quien fuera la \u00faltima fiscal a cargo de las escuchas judiciales antes de que \u00e9stas pasen a la \u00f3rbita del m\u00e1ximo tribunal de Justicia, asegur\u00f3 que toda escucha debe depender de los fiscales nacionales.<\/p>\n<p>En declaraciones al programa radial de Andrea Catalano, la fiscal asegur\u00f3: \u00abHay un proyecto que va a salir esta semana para que las escuchas queden en la Corte Suprema, cuando deber\u00edan depender de los fiscales\u00bb. Sobre las filtraciones, responsabiliz\u00f3 de las fallas a la Corte al aseverar que \u00abse rompi\u00f3 la cadena de custodia y la responsabilidad primaria la tiene la Corte\u00bb.<\/p>\n<aside class=\"htmlinline \"><ins class=\"adsbygoogle\" data-ad-layout=\"in-article\" data-ad-format=\"fluid\" data-ad-client=\"ca-pub-7781556717282971\" data-ad-slot=\"9383133609\"><\/ins><br \/>\n<\/aside>\n<p>\u00abLa Corte Suprema ya tiene una oficina paralela de investigaciones. Es como si fuera otra AFI u otra SIDE y no es el rol de la Corte hacer investigaciones, no le corresponde. Ese trabajo es de los fiscales\u00bb, arremeti\u00f3 la fiscal en coincidencia con las denuncias de <a href=\"https:\/\/www.elintransigente.com\/politica\/2018\/4\/17\/carrio-lorenzetti-esta-montando-un-aparato-de-inteligencia-486984.html\">Elisa Carri\u00f3<\/a> contra Ricardo Lorenzetti.<\/p>\n<p>Finalmente, expres\u00f3: \u00abLe sacaron las escuchas a la AFI porque hac\u00edan investigaciones. Era un combo peligroso que se volcaba en carpetazos o causas armadas. Eso mismo est\u00e1 haciendo la Corte Suprema, que si investiga puede volver a llevar a esa promiscuidad\u00bb.<br \/>\n\u00a0<\/p>\n<\/div>\n<\/div>\n<p>Fuente: https:\/\/www.elintransigente.com\/politica\/2018\/4\/17\/denuncian-que-la-corte-suprema-monto-una-oficina-paralela-de-investigaciones-487021.html<\/p>\n","protected":false},"excerpt":{"rendered":"<p>La fiscal Cristina Caama\u00f1o asegur\u00f3 que \u00abla Corte Suprema mont\u00f3 una oficina paralela de investigaciones como si fuera otra AFI\u00bb. Quien fuera la \u00faltima fiscal a cargo de las escuchas judiciales antes de que \u00e9stas pasen a la \u00f3rbita del m\u00e1ximo tribunal de Justicia, asegur\u00f3 que toda escucha debe depender de los fiscales nacionales. En [&hellip;]<\/p>\n","protected":false},"author":1,"featured_media":8646,"comment_status":"open","ping_status":"closed","sticky":false,"template":"","format":"standard","meta":{"footnotes":""},"categories":[1],"tags":[],"class_list":{"0":"post-8645","1":"post","2":"type-post","3":"status-publish","4":"format-standard","5":"has-post-thumbnail","7":"category-portada"},"yoast_head":"<!-- This site is optimized with the Yoast SEO plugin v27.4 - https:\/\/yoast.com\/product\/yoast-seo-wordpress\/ -->\n<title>Denuncian que la Corte Suprema &quot;mont\u00f3 una oficina paralela de investigaciones&quot; - El Diario de Tucuman<\/title>\n<meta name=\"robots\" content=\"index, follow, max-snippet:-1, max-image-preview:large, max-video-preview:-1\" \/>\n<link rel=\"canonical\" href=\"https:\/\/www.eldiariodetucuman.com\/web\/denuncian-que-la-corte-suprema-monto-una-oficina-paralela-de-investigaciones\/\" \/>\n<meta property=\"og:locale\" content=\"es_ES\" \/>\n<meta property=\"og:type\" content=\"article\" \/>\n<meta property=\"og:title\" content=\"Denuncian que la Corte Suprema &quot;mont\u00f3 una oficina paralela de investigaciones&quot; - El Diario de Tucuman\" \/>\n<meta property=\"og:description\" content=\"La fiscal Cristina Caama\u00f1o asegur\u00f3 que \u00abla Corte Suprema mont\u00f3 una oficina paralela de investigaciones como si fuera otra AFI\u00bb. Quien fuera la \u00faltima fiscal a cargo de las escuchas judiciales antes de que \u00e9stas pasen a la \u00f3rbita del m\u00e1ximo tribunal de Justicia, asegur\u00f3 que toda escucha debe depender de los fiscales nacionales. En [&hellip;]\" \/>\n<meta property=\"og:url\" content=\"https:\/\/www.eldiariodetucuman.com\/web\/denuncian-que-la-corte-suprema-monto-una-oficina-paralela-de-investigaciones\/\" \/>\n<meta property=\"og:site_name\" content=\"El Diario de Tucuman\" \/>\n<meta property=\"article:published_time\" content=\"2018-04-17T14:42:42+00:00\" \/>\n<meta property=\"article:modified_time\" content=\"2018-04-17T14:42:44+00:00\" \/>\n<meta property=\"og:image\" content=\"https:\/\/www.eldiariodetucuman.com\/web\/wp-content\/uploads\/2018\/04\/46fb5d279a62d5f7dc8082813f5e0cad.jpeg\" \/>\n\t<meta property=\"og:image:width\" content=\"960\" \/>\n\t<meta property=\"og:image:height\" content=\"540\" \/>\n\t<meta property=\"og:image:type\" content=\"image\/jpeg\" \/>\n<meta name=\"author\" content=\"admin\" \/>\n<meta name=\"twitter:card\" content=\"summary_large_image\" \/>\n<meta name=\"twitter:label1\" content=\"Escrito por\" \/>\n\t<meta name=\"twitter:data1\" content=\"admin\" \/>\n\t<meta name=\"twitter:label2\" content=\"Tiempo de lectura\" \/>\n\t<meta name=\"twitter:data2\" content=\"1 minuto\" \/>\n<script type=\"application\/ld+json\" class=\"yoast-schema-graph\">{\"@context\":\"https:\\\/\\\/schema.org\",\"@graph\":[{\"@type\":\"Article\",\"@id\":\"https:\\\/\\\/www.eldiariodetucuman.com\\\/web\\\/denuncian-que-la-corte-suprema-monto-una-oficina-paralela-de-investigaciones\\\/#article\",\"isPartOf\":{\"@id\":\"https:\\\/\\\/www.eldiariodetucuman.com\\\/web\\\/denuncian-que-la-corte-suprema-monto-una-oficina-paralela-de-investigaciones\\\/\"},\"author\":{\"name\":\"admin\",\"@id\":\"https:\\\/\\\/www.eldiariodetucuman.com\\\/web\\\/#\\\/schema\\\/person\\\/9250197d75ab5483412e19678b121caa\"},\"headline\":\"Denuncian que la Corte Suprema \u00abmont\u00f3 una oficina paralela de investigaciones\u00bb\",\"datePublished\":\"2018-04-17T14:42:42+00:00\",\"dateModified\":\"2018-04-17T14:42:44+00:00\",\"mainEntityOfPage\":{\"@id\":\"https:\\\/\\\/www.eldiariodetucuman.com\\\/web\\\/denuncian-que-la-corte-suprema-monto-una-oficina-paralela-de-investigaciones\\\/\"},\"wordCount\":232,\"commentCount\":0,\"publisher\":{\"@id\":\"https:\\\/\\\/www.eldiariodetucuman.com\\\/web\\\/#organization\"},\"image\":{\"@id\":\"https:\\\/\\\/www.eldiariodetucuman.com\\\/web\\\/denuncian-que-la-corte-suprema-monto-una-oficina-paralela-de-investigaciones\\\/#primaryimage\"},\"thumbnailUrl\":\"https:\\\/\\\/www.eldiariodetucuman.com\\\/web\\\/wp-content\\\/uploads\\\/2018\\\/04\\\/46fb5d279a62d5f7dc8082813f5e0cad.jpeg\",\"articleSection\":[\"Portada\"],\"inLanguage\":\"es\",\"potentialAction\":[{\"@type\":\"CommentAction\",\"name\":\"Comment\",\"target\":[\"https:\\\/\\\/www.eldiariodetucuman.com\\\/web\\\/denuncian-que-la-corte-suprema-monto-una-oficina-paralela-de-investigaciones\\\/#respond\"]}]},{\"@type\":\"WebPage\",\"@id\":\"https:\\\/\\\/www.eldiariodetucuman.com\\\/web\\\/denuncian-que-la-corte-suprema-monto-una-oficina-paralela-de-investigaciones\\\/\",\"url\":\"https:\\\/\\\/www.eldiariodetucuman.com\\\/web\\\/denuncian-que-la-corte-suprema-monto-una-oficina-paralela-de-investigaciones\\\/\",\"name\":\"Denuncian que la Corte Suprema \\\"mont\u00f3 una oficina paralela de investigaciones\\\" - El Diario de Tucuman\",\"isPartOf\":{\"@id\":\"https:\\\/\\\/www.eldiariodetucuman.com\\\/web\\\/#website\"},\"primaryImageOfPage\":{\"@id\":\"https:\\\/\\\/www.eldiariodetucuman.com\\\/web\\\/denuncian-que-la-corte-suprema-monto-una-oficina-paralela-de-investigaciones\\\/#primaryimage\"},\"image\":{\"@id\":\"https:\\\/\\\/www.eldiariodetucuman.com\\\/web\\\/denuncian-que-la-corte-suprema-monto-una-oficina-paralela-de-investigaciones\\\/#primaryimage\"},\"thumbnailUrl\":\"https:\\\/\\\/www.eldiariodetucuman.com\\\/web\\\/wp-content\\\/uploads\\\/2018\\\/04\\\/46fb5d279a62d5f7dc8082813f5e0cad.jpeg\",\"datePublished\":\"2018-04-17T14:42:42+00:00\",\"dateModified\":\"2018-04-17T14:42:44+00:00\",\"breadcrumb\":{\"@id\":\"https:\\\/\\\/www.eldiariodetucuman.com\\\/web\\\/denuncian-que-la-corte-suprema-monto-una-oficina-paralela-de-investigaciones\\\/#breadcrumb\"},\"inLanguage\":\"es\",\"potentialAction\":[{\"@type\":\"ReadAction\",\"target\":[\"https:\\\/\\\/www.eldiariodetucuman.com\\\/web\\\/denuncian-que-la-corte-suprema-monto-una-oficina-paralela-de-investigaciones\\\/\"]}]},{\"@type\":\"ImageObject\",\"inLanguage\":\"es\",\"@id\":\"https:\\\/\\\/www.eldiariodetucuman.com\\\/web\\\/denuncian-que-la-corte-suprema-monto-una-oficina-paralela-de-investigaciones\\\/#primaryimage\",\"url\":\"https:\\\/\\\/www.eldiariodetucuman.com\\\/web\\\/wp-content\\\/uploads\\\/2018\\\/04\\\/46fb5d279a62d5f7dc8082813f5e0cad.jpeg\",\"contentUrl\":\"https:\\\/\\\/www.eldiariodetucuman.com\\\/web\\\/wp-content\\\/uploads\\\/2018\\\/04\\\/46fb5d279a62d5f7dc8082813f5e0cad.jpeg\",\"width\":960,\"height\":540},{\"@type\":\"BreadcrumbList\",\"@id\":\"https:\\\/\\\/www.eldiariodetucuman.com\\\/web\\\/denuncian-que-la-corte-suprema-monto-una-oficina-paralela-de-investigaciones\\\/#breadcrumb\",\"itemListElement\":[{\"@type\":\"ListItem\",\"position\":1,\"name\":\"Portada\",\"item\":\"https:\\\/\\\/www.eldiariodetucuman.com\\\/web\\\/\"},{\"@type\":\"ListItem\",\"position\":2,\"name\":\"Denuncian que la Corte Suprema \u00abmont\u00f3 una oficina paralela de investigaciones\u00bb\"}]},{\"@type\":\"WebSite\",\"@id\":\"https:\\\/\\\/www.eldiariodetucuman.com\\\/web\\\/#website\",\"url\":\"https:\\\/\\\/www.eldiariodetucuman.com\\\/web\\\/\",\"name\":\"El Diario de Tucuman\",\"description\":\"Diario Tucuman - Informaci\u00f3n y noticias\",\"publisher\":{\"@id\":\"https:\\\/\\\/www.eldiariodetucuman.com\\\/web\\\/#organization\"},\"potentialAction\":[{\"@type\":\"SearchAction\",\"target\":{\"@type\":\"EntryPoint\",\"urlTemplate\":\"https:\\\/\\\/www.eldiariodetucuman.com\\\/web\\\/?s={search_term_string}\"},\"query-input\":{\"@type\":\"PropertyValueSpecification\",\"valueRequired\":true,\"valueName\":\"search_term_string\"}}],\"inLanguage\":\"es\"},{\"@type\":\"Organization\",\"@id\":\"https:\\\/\\\/www.eldiariodetucuman.com\\\/web\\\/#organization\",\"name\":\"El Diario de Tucuman\",\"url\":\"https:\\\/\\\/www.eldiariodetucuman.com\\\/web\\\/\",\"logo\":{\"@type\":\"ImageObject\",\"inLanguage\":\"es\",\"@id\":\"https:\\\/\\\/www.eldiariodetucuman.com\\\/web\\\/#\\\/schema\\\/logo\\\/image\\\/\",\"url\":\"http:\\\/\\\/www.eldiariodetucuman.com\\\/web\\\/wp-content\\\/uploads\\\/2017\\\/12\\\/el-diario-de-tucuman.jpg\",\"contentUrl\":\"http:\\\/\\\/www.eldiariodetucuman.com\\\/web\\\/wp-content\\\/uploads\\\/2017\\\/12\\\/el-diario-de-tucuman.jpg\",\"width\":272,\"height\":92,\"caption\":\"El Diario de Tucuman\"},\"image\":{\"@id\":\"https:\\\/\\\/www.eldiariodetucuman.com\\\/web\\\/#\\\/schema\\\/logo\\\/image\\\/\"}},{\"@type\":\"Person\",\"@id\":\"https:\\\/\\\/www.eldiariodetucuman.com\\\/web\\\/#\\\/schema\\\/person\\\/9250197d75ab5483412e19678b121caa\",\"name\":\"admin\",\"image\":{\"@type\":\"ImageObject\",\"inLanguage\":\"es\",\"@id\":\"https:\\\/\\\/secure.gravatar.com\\\/avatar\\\/c44d117c2be811212c22cb481f6b8384b6873de103fbc49e7a03cc58d7dea4ac?s=96&d=mm&r=g\",\"url\":\"https:\\\/\\\/secure.gravatar.com\\\/avatar\\\/c44d117c2be811212c22cb481f6b8384b6873de103fbc49e7a03cc58d7dea4ac?s=96&d=mm&r=g\",\"contentUrl\":\"https:\\\/\\\/secure.gravatar.com\\\/avatar\\\/c44d117c2be811212c22cb481f6b8384b6873de103fbc49e7a03cc58d7dea4ac?s=96&d=mm&r=g\",\"caption\":\"admin\"},\"url\":\"https:\\\/\\\/www.eldiariodetucuman.com\\\/web\\\/author\\\/admin\\\/\"}]}<\/script>\n<!-- \/ Yoast SEO plugin. -->","yoast_head_json":{"title":"Denuncian que la Corte Suprema \"mont\u00f3 una oficina paralela de investigaciones\" - El Diario de Tucuman","robots":{"index":"index","follow":"follow","max-snippet":"max-snippet:-1","max-image-preview":"max-image-preview:large","max-video-preview":"max-video-preview:-1"},"canonical":"https:\/\/www.eldiariodetucuman.com\/web\/denuncian-que-la-corte-suprema-monto-una-oficina-paralela-de-investigaciones\/","og_locale":"es_ES","og_type":"article","og_title":"Denuncian que la Corte Suprema \"mont\u00f3 una oficina paralela de investigaciones\" - El Diario de Tucuman","og_description":"La fiscal Cristina Caama\u00f1o asegur\u00f3 que \u00abla Corte Suprema mont\u00f3 una oficina paralela de investigaciones como si fuera otra AFI\u00bb. Quien fuera la \u00faltima fiscal a cargo de las escuchas judiciales antes de que \u00e9stas pasen a la \u00f3rbita del m\u00e1ximo tribunal de Justicia, asegur\u00f3 que toda escucha debe depender de los fiscales nacionales. En [&hellip;]","og_url":"https:\/\/www.eldiariodetucuman.com\/web\/denuncian-que-la-corte-suprema-monto-una-oficina-paralela-de-investigaciones\/","og_site_name":"El Diario de Tucuman","article_published_time":"2018-04-17T14:42:42+00:00","article_modified_time":"2018-04-17T14:42:44+00:00","og_image":[{"width":960,"height":540,"url":"https:\/\/www.eldiariodetucuman.com\/web\/wp-content\/uploads\/2018\/04\/46fb5d279a62d5f7dc8082813f5e0cad.jpeg","type":"image\/jpeg"}],"author":"admin","twitter_card":"summary_large_image","twitter_misc":{"Escrito por":"admin","Tiempo de lectura":"1 minuto"},"schema":{"@context":"https:\/\/schema.org","@graph":[{"@type":"Article","@id":"https:\/\/www.eldiariodetucuman.com\/web\/denuncian-que-la-corte-suprema-monto-una-oficina-paralela-de-investigaciones\/#article","isPartOf":{"@id":"https:\/\/www.eldiariodetucuman.com\/web\/denuncian-que-la-corte-suprema-monto-una-oficina-paralela-de-investigaciones\/"},"author":{"name":"admin","@id":"https:\/\/www.eldiariodetucuman.com\/web\/#\/schema\/person\/9250197d75ab5483412e19678b121caa"},"headline":"Denuncian que la Corte Suprema \u00abmont\u00f3 una oficina paralela de investigaciones\u00bb","datePublished":"2018-04-17T14:42:42+00:00","dateModified":"2018-04-17T14:42:44+00:00","mainEntityOfPage":{"@id":"https:\/\/www.eldiariodetucuman.com\/web\/denuncian-que-la-corte-suprema-monto-una-oficina-paralela-de-investigaciones\/"},"wordCount":232,"commentCount":0,"publisher":{"@id":"https:\/\/www.eldiariodetucuman.com\/web\/#organization"},"image":{"@id":"https:\/\/www.eldiariodetucuman.com\/web\/denuncian-que-la-corte-suprema-monto-una-oficina-paralela-de-investigaciones\/#primaryimage"},"thumbnailUrl":"https:\/\/www.eldiariodetucuman.com\/web\/wp-content\/uploads\/2018\/04\/46fb5d279a62d5f7dc8082813f5e0cad.jpeg","articleSection":["Portada"],"inLanguage":"es","potentialAction":[{"@type":"CommentAction","name":"Comment","target":["https:\/\/www.eldiariodetucuman.com\/web\/denuncian-que-la-corte-suprema-monto-una-oficina-paralela-de-investigaciones\/#respond"]}]},{"@type":"WebPage","@id":"https:\/\/www.eldiariodetucuman.com\/web\/denuncian-que-la-corte-suprema-monto-una-oficina-paralela-de-investigaciones\/","url":"https:\/\/www.eldiariodetucuman.com\/web\/denuncian-que-la-corte-suprema-monto-una-oficina-paralela-de-investigaciones\/","name":"Denuncian que la Corte Suprema \"mont\u00f3 una oficina paralela de investigaciones\" - El Diario de Tucuman","isPartOf":{"@id":"https:\/\/www.eldiariodetucuman.com\/web\/#website"},"primaryImageOfPage":{"@id":"https:\/\/www.eldiariodetucuman.com\/web\/denuncian-que-la-corte-suprema-monto-una-oficina-paralela-de-investigaciones\/#primaryimage"},"image":{"@id":"https:\/\/www.eldiariodetucuman.com\/web\/denuncian-que-la-corte-suprema-monto-una-oficina-paralela-de-investigaciones\/#primaryimage"},"thumbnailUrl":"https:\/\/www.eldiariodetucuman.com\/web\/wp-content\/uploads\/2018\/04\/46fb5d279a62d5f7dc8082813f5e0cad.jpeg","datePublished":"2018-04-17T14:42:42+00:00","dateModified":"2018-04-17T14:42:44+00:00","breadcrumb":{"@id":"https:\/\/www.eldiariodetucuman.com\/web\/denuncian-que-la-corte-suprema-monto-una-oficina-paralela-de-investigaciones\/#breadcrumb"},"inLanguage":"es","potentialAction":[{"@type":"ReadAction","target":["https:\/\/www.eldiariodetucuman.com\/web\/denuncian-que-la-corte-suprema-monto-una-oficina-paralela-de-investigaciones\/"]}]},{"@type":"ImageObject","inLanguage":"es","@id":"https:\/\/www.eldiariodetucuman.com\/web\/denuncian-que-la-corte-suprema-monto-una-oficina-paralela-de-investigaciones\/#primaryimage","url":"https:\/\/www.eldiariodetucuman.com\/web\/wp-content\/uploads\/2018\/04\/46fb5d279a62d5f7dc8082813f5e0cad.jpeg","contentUrl":"https:\/\/www.eldiariodetucuman.com\/web\/wp-content\/uploads\/2018\/04\/46fb5d279a62d5f7dc8082813f5e0cad.jpeg","width":960,"height":540},{"@type":"BreadcrumbList","@id":"https:\/\/www.eldiariodetucuman.com\/web\/denuncian-que-la-corte-suprema-monto-una-oficina-paralela-de-investigaciones\/#breadcrumb","itemListElement":[{"@type":"ListItem","position":1,"name":"Portada","item":"https:\/\/www.eldiariodetucuman.com\/web\/"},{"@type":"ListItem","position":2,"name":"Denuncian que la Corte Suprema \u00abmont\u00f3 una oficina paralela de investigaciones\u00bb"}]},{"@type":"WebSite","@id":"https:\/\/www.eldiariodetucuman.com\/web\/#website","url":"https:\/\/www.eldiariodetucuman.com\/web\/","name":"El Diario de Tucuman","description":"Diario Tucuman - Informaci\u00f3n y noticias","publisher":{"@id":"https:\/\/www.eldiariodetucuman.com\/web\/#organization"},"potentialAction":[{"@type":"SearchAction","target":{"@type":"EntryPoint","urlTemplate":"https:\/\/www.eldiariodetucuman.com\/web\/?s={search_term_string}"},"query-input":{"@type":"PropertyValueSpecification","valueRequired":true,"valueName":"search_term_string"}}],"inLanguage":"es"},{"@type":"Organization","@id":"https:\/\/www.eldiariodetucuman.com\/web\/#organization","name":"El Diario de Tucuman","url":"https:\/\/www.eldiariodetucuman.com\/web\/","logo":{"@type":"ImageObject","inLanguage":"es","@id":"https:\/\/www.eldiariodetucuman.com\/web\/#\/schema\/logo\/image\/","url":"http:\/\/www.eldiariodetucuman.com\/web\/wp-content\/uploads\/2017\/12\/el-diario-de-tucuman.jpg","contentUrl":"http:\/\/www.eldiariodetucuman.com\/web\/wp-content\/uploads\/2017\/12\/el-diario-de-tucuman.jpg","width":272,"height":92,"caption":"El Diario de Tucuman"},"image":{"@id":"https:\/\/www.eldiariodetucuman.com\/web\/#\/schema\/logo\/image\/"}},{"@type":"Person","@id":"https:\/\/www.eldiariodetucuman.com\/web\/#\/schema\/person\/9250197d75ab5483412e19678b121caa","name":"admin","image":{"@type":"ImageObject","inLanguage":"es","@id":"https:\/\/secure.gravatar.com\/avatar\/c44d117c2be811212c22cb481f6b8384b6873de103fbc49e7a03cc58d7dea4ac?s=96&d=mm&r=g","url":"https:\/\/secure.gravatar.com\/avatar\/c44d117c2be811212c22cb481f6b8384b6873de103fbc49e7a03cc58d7dea4ac?s=96&d=mm&r=g","contentUrl":"https:\/\/secure.gravatar.com\/avatar\/c44d117c2be811212c22cb481f6b8384b6873de103fbc49e7a03cc58d7dea4ac?s=96&d=mm&r=g","caption":"admin"},"url":"https:\/\/www.eldiariodetucuman.com\/web\/author\/admin\/"}]}},"_links":{"self":[{"href":"https:\/\/www.eldiariodetucuman.com\/web\/wp-json\/wp\/v2\/posts\/8645","targetHints":{"allow":["GET"]}}],"collection":[{"href":"https:\/\/www.eldiariodetucuman.com\/web\/wp-json\/wp\/v2\/posts"}],"about":[{"href":"https:\/\/www.eldiariodetucuman.com\/web\/wp-json\/wp\/v2\/types\/post"}],"author":[{"embeddable":true,"href":"https:\/\/www.eldiariodetucuman.com\/web\/wp-json\/wp\/v2\/users\/1"}],"replies":[{"embeddable":true,"href":"https:\/\/www.eldiariodetucuman.com\/web\/wp-json\/wp\/v2\/comments?post=8645"}],"version-history":[{"count":1,"href":"https:\/\/www.eldiariodetucuman.com\/web\/wp-json\/wp\/v2\/posts\/8645\/revisions"}],"predecessor-version":[{"id":8647,"href":"https:\/\/www.eldiariodetucuman.com\/web\/wp-json\/wp\/v2\/posts\/8645\/revisions\/8647"}],"wp:featuredmedia":[{"embeddable":true,"href":"https:\/\/www.eldiariodetucuman.com\/web\/wp-json\/wp\/v2\/media\/8646"}],"wp:attachment":[{"href":"https:\/\/www.eldiariodetucuman.com\/web\/wp-json\/wp\/v2\/media?parent=8645"}],"wp:term":[{"taxonomy":"category","embeddable":true,"href":"https:\/\/www.eldiariodetucuman.com\/web\/wp-json\/wp\/v2\/categories?post=8645"},{"taxonomy":"post_tag","embeddable":true,"href":"https:\/\/www.eldiariodetucuman.com\/web\/wp-json\/wp\/v2\/tags?post=8645"}],"curies":[{"name":"wp","href":"https:\/\/api.w.org\/{rel}","templated":true}]}}