{"id":8642,"date":"2018-04-17T11:42:33","date_gmt":"2018-04-17T14:42:33","guid":{"rendered":"http:\/\/www.eldiariodetucuman.com\/web\/el-halo-de-misterio-que-rodea-a-gentile-y-la-aclaracion-de-meijide\/"},"modified":"2018-04-17T11:42:35","modified_gmt":"2018-04-17T14:42:35","slug":"el-halo-de-misterio-que-rodea-a-gentile-y-la-aclaracion-de-meijide","status":"publish","type":"post","link":"https:\/\/www.eldiariodetucuman.com\/web\/el-halo-de-misterio-que-rodea-a-gentile-y-la-aclaracion-de-meijide\/","title":{"rendered":"El halo de misterio que rodea a Gentile y la aclaraci\u00f3n de Meijide"},"content":{"rendered":"<div>\n<div readability=\"44.968609865471\">\n<p>Hoy retiraron de las paredes del <a href=\"https:\/\/www.elintransigente.com\/noticias\/buscar\/?buscar=Instituto+Balseiro\">Instituto Balseiro <\/a>una placa que se hab\u00eda colocado en conmemoraci\u00f3n al cient\u00edfico <strong>Antonio Manuel Gentile<\/strong>, de quien <strong>se cre\u00eda que hab\u00eda desaparecido <\/strong>en la \u00faltima dictadura militar, ya que de un d\u00eda para otro todos sus amigos y compa\u00f1eros de trabajo le perdieron el rastro. Cuarenta a\u00f1os despu\u00e9s, se contact\u00f3 con la directora del establecimiento y les comunic\u00f3 que estaba vivo y que resid\u00eda en el exterior.<\/p>\n<p>La noticia impact\u00f3 a m\u00e1s de uno, ya que Gentile era uno de los cient\u00edficos a los que se hab\u00eda homenajeado en reiteradas oportunidades y del que <strong>lo \u00faltimo que se sab\u00eda era que hab\u00eda regresado al pa\u00eds <\/strong>desde Estados Unidos <strong>para buscar a su hermana<\/strong>, en uno de los momentos de mayor terror militar que vivi\u00f3 el pa\u00eds. La sumatoria de estos datos, seguido de la imposibilidad de contactarse con el cient\u00edfico, gener\u00f3 la confusi\u00f3n.\u00a0<\/p>\n<aside class=\"htmlinline \"><ins class=\"adsbygoogle\" data-ad-layout=\"in-article\" data-ad-format=\"fluid\" data-ad-client=\"ca-pub-7781556717282971\" data-ad-slot=\"9383133609\"><\/ins><br \/>\n<\/aside>\n<p>En ese sentido, <a href=\"https:\/\/www.elintransigente.com\/noticias\/buscar\/?buscar=Graciela+Fern%C3%A1ndez+Meijide\">Graciela Fern\u00e1ndez Meijide<\/a>, ex integrante de la Comisi\u00f3n Nacional sobre la Desaparici\u00f3n de Personas y referente de los Derechos Humanos en Argentina, realiz\u00f3 una importante aclaraci\u00f3n en torno a la \u201creaparici\u00f3n\u201d de Gentile, en medio de la pol\u00e9mica: \u201c<strong>La CONADEP nunca recibi\u00f3 una denuncia sobre la desaparici\u00f3n del cient\u00edfico<\/strong>\u201d.\u00a0<\/p>\n<p>\u201cTengo tanto la lista de la CONADEP como el anexo que hizo EUDEBA.En el Ministerio de Justicia se cre\u00f3 una secretar\u00eda ad hoc para que recibiera la lista de la CONADEP y despu\u00e9s se siguiera trabajando y en esa lista no estaba Gentile y tampoco su hermana\u201d, destac\u00f3 Meijide, durante una entrevista concedida esta ma\u00f1ana a Radio Mitre.\u00a0<\/p>\n<p>Y agreg\u00f3: \u201cLa propia dictadura en su \u00e9poca, y a ra\u00edz de un terremoto en M\u00e9xico, hab\u00eda largado el infundio de que gente que se dec\u00eda desaparecida estaba en el exterior. Cuando nosotros recib\u00edamos las denuncias durante la dictadura ten\u00edamos especial cuidado, porque lo que tem\u00edamos era eso. La gente de Derechos Humanos del <strong>Balseiro especul\u00f3 que como no ten\u00edan m\u00e1s noticias estaba desaparecido<\/strong>\u201d.\u00a0<\/p>\n<\/div>\n<\/div>\n<p>Fuente: https:\/\/www.elintransigente.com\/politica\/2018\/4\/17\/el-halo-de-misterio-que-rodea-gentile-la-aclaracion-de-meijide-487016.html<\/p>\n","protected":false},"excerpt":{"rendered":"<p>Hoy retiraron de las paredes del Instituto Balseiro una placa que se hab\u00eda colocado en conmemoraci\u00f3n al cient\u00edfico Antonio Manuel Gentile, de quien se cre\u00eda que hab\u00eda desaparecido en la \u00faltima dictadura militar, ya que de un d\u00eda para otro todos sus amigos y compa\u00f1eros de trabajo le perdieron el rastro. Cuarenta a\u00f1os despu\u00e9s, se [&hellip;]<\/p>\n","protected":false},"author":1,"featured_media":8643,"comment_status":"open","ping_status":"closed","sticky":false,"template":"","format":"standard","meta":{"footnotes":""},"categories":[1],"tags":[],"class_list":{"0":"post-8642","1":"post","2":"type-post","3":"status-publish","4":"format-standard","5":"has-post-thumbnail","7":"category-portada"},"yoast_head":"<!-- This site is optimized with the Yoast SEO plugin v27.4 - https:\/\/yoast.com\/product\/yoast-seo-wordpress\/ -->\n<title>El halo de misterio que rodea a Gentile y la aclaraci\u00f3n de Meijide - El Diario de Tucuman<\/title>\n<meta name=\"robots\" content=\"index, follow, max-snippet:-1, max-image-preview:large, max-video-preview:-1\" \/>\n<link rel=\"canonical\" href=\"https:\/\/www.eldiariodetucuman.com\/web\/el-halo-de-misterio-que-rodea-a-gentile-y-la-aclaracion-de-meijide\/\" \/>\n<meta property=\"og:locale\" content=\"es_ES\" \/>\n<meta property=\"og:type\" content=\"article\" \/>\n<meta property=\"og:title\" content=\"El halo de misterio que rodea a Gentile y la aclaraci\u00f3n de Meijide - El Diario de Tucuman\" \/>\n<meta property=\"og:description\" content=\"Hoy retiraron de las paredes del Instituto Balseiro una placa que se hab\u00eda colocado en conmemoraci\u00f3n al cient\u00edfico Antonio Manuel Gentile, de quien se cre\u00eda que hab\u00eda desaparecido en la \u00faltima dictadura militar, ya que de un d\u00eda para otro todos sus amigos y compa\u00f1eros de trabajo le perdieron el rastro. Cuarenta a\u00f1os despu\u00e9s, se [&hellip;]\" \/>\n<meta property=\"og:url\" content=\"https:\/\/www.eldiariodetucuman.com\/web\/el-halo-de-misterio-que-rodea-a-gentile-y-la-aclaracion-de-meijide\/\" \/>\n<meta property=\"og:site_name\" content=\"El Diario de Tucuman\" \/>\n<meta property=\"article:published_time\" content=\"2018-04-17T14:42:33+00:00\" \/>\n<meta property=\"article:modified_time\" content=\"2018-04-17T14:42:35+00:00\" \/>\n<meta property=\"og:image\" content=\"https:\/\/www.eldiariodetucuman.com\/web\/wp-content\/uploads\/2018\/04\/412d48edbe9665cd893d05edacfd357e.jpeg\" \/>\n\t<meta property=\"og:image:width\" content=\"960\" \/>\n\t<meta property=\"og:image:height\" content=\"639\" \/>\n\t<meta property=\"og:image:type\" content=\"image\/jpeg\" \/>\n<meta name=\"author\" content=\"admin\" \/>\n<meta name=\"twitter:card\" content=\"summary_large_image\" \/>\n<meta name=\"twitter:label1\" content=\"Escrito por\" \/>\n\t<meta name=\"twitter:data1\" content=\"admin\" \/>\n\t<meta name=\"twitter:label2\" content=\"Tiempo de lectura\" \/>\n\t<meta name=\"twitter:data2\" content=\"2 minutos\" \/>\n<script type=\"application\/ld+json\" class=\"yoast-schema-graph\">{\"@context\":\"https:\\\/\\\/schema.org\",\"@graph\":[{\"@type\":\"Article\",\"@id\":\"https:\\\/\\\/www.eldiariodetucuman.com\\\/web\\\/el-halo-de-misterio-que-rodea-a-gentile-y-la-aclaracion-de-meijide\\\/#article\",\"isPartOf\":{\"@id\":\"https:\\\/\\\/www.eldiariodetucuman.com\\\/web\\\/el-halo-de-misterio-que-rodea-a-gentile-y-la-aclaracion-de-meijide\\\/\"},\"author\":{\"name\":\"admin\",\"@id\":\"https:\\\/\\\/www.eldiariodetucuman.com\\\/web\\\/#\\\/schema\\\/person\\\/9250197d75ab5483412e19678b121caa\"},\"headline\":\"El halo de misterio que rodea a Gentile y la aclaraci\u00f3n de Meijide\",\"datePublished\":\"2018-04-17T14:42:33+00:00\",\"dateModified\":\"2018-04-17T14:42:35+00:00\",\"mainEntityOfPage\":{\"@id\":\"https:\\\/\\\/www.eldiariodetucuman.com\\\/web\\\/el-halo-de-misterio-que-rodea-a-gentile-y-la-aclaracion-de-meijide\\\/\"},\"wordCount\":385,\"commentCount\":0,\"publisher\":{\"@id\":\"https:\\\/\\\/www.eldiariodetucuman.com\\\/web\\\/#organization\"},\"image\":{\"@id\":\"https:\\\/\\\/www.eldiariodetucuman.com\\\/web\\\/el-halo-de-misterio-que-rodea-a-gentile-y-la-aclaracion-de-meijide\\\/#primaryimage\"},\"thumbnailUrl\":\"https:\\\/\\\/www.eldiariodetucuman.com\\\/web\\\/wp-content\\\/uploads\\\/2018\\\/04\\\/412d48edbe9665cd893d05edacfd357e.jpeg\",\"articleSection\":[\"Portada\"],\"inLanguage\":\"es\",\"potentialAction\":[{\"@type\":\"CommentAction\",\"name\":\"Comment\",\"target\":[\"https:\\\/\\\/www.eldiariodetucuman.com\\\/web\\\/el-halo-de-misterio-que-rodea-a-gentile-y-la-aclaracion-de-meijide\\\/#respond\"]}]},{\"@type\":\"WebPage\",\"@id\":\"https:\\\/\\\/www.eldiariodetucuman.com\\\/web\\\/el-halo-de-misterio-que-rodea-a-gentile-y-la-aclaracion-de-meijide\\\/\",\"url\":\"https:\\\/\\\/www.eldiariodetucuman.com\\\/web\\\/el-halo-de-misterio-que-rodea-a-gentile-y-la-aclaracion-de-meijide\\\/\",\"name\":\"El halo de misterio que rodea a Gentile y la aclaraci\u00f3n de Meijide - El Diario de Tucuman\",\"isPartOf\":{\"@id\":\"https:\\\/\\\/www.eldiariodetucuman.com\\\/web\\\/#website\"},\"primaryImageOfPage\":{\"@id\":\"https:\\\/\\\/www.eldiariodetucuman.com\\\/web\\\/el-halo-de-misterio-que-rodea-a-gentile-y-la-aclaracion-de-meijide\\\/#primaryimage\"},\"image\":{\"@id\":\"https:\\\/\\\/www.eldiariodetucuman.com\\\/web\\\/el-halo-de-misterio-que-rodea-a-gentile-y-la-aclaracion-de-meijide\\\/#primaryimage\"},\"thumbnailUrl\":\"https:\\\/\\\/www.eldiariodetucuman.com\\\/web\\\/wp-content\\\/uploads\\\/2018\\\/04\\\/412d48edbe9665cd893d05edacfd357e.jpeg\",\"datePublished\":\"2018-04-17T14:42:33+00:00\",\"dateModified\":\"2018-04-17T14:42:35+00:00\",\"breadcrumb\":{\"@id\":\"https:\\\/\\\/www.eldiariodetucuman.com\\\/web\\\/el-halo-de-misterio-que-rodea-a-gentile-y-la-aclaracion-de-meijide\\\/#breadcrumb\"},\"inLanguage\":\"es\",\"potentialAction\":[{\"@type\":\"ReadAction\",\"target\":[\"https:\\\/\\\/www.eldiariodetucuman.com\\\/web\\\/el-halo-de-misterio-que-rodea-a-gentile-y-la-aclaracion-de-meijide\\\/\"]}]},{\"@type\":\"ImageObject\",\"inLanguage\":\"es\",\"@id\":\"https:\\\/\\\/www.eldiariodetucuman.com\\\/web\\\/el-halo-de-misterio-que-rodea-a-gentile-y-la-aclaracion-de-meijide\\\/#primaryimage\",\"url\":\"https:\\\/\\\/www.eldiariodetucuman.com\\\/web\\\/wp-content\\\/uploads\\\/2018\\\/04\\\/412d48edbe9665cd893d05edacfd357e.jpeg\",\"contentUrl\":\"https:\\\/\\\/www.eldiariodetucuman.com\\\/web\\\/wp-content\\\/uploads\\\/2018\\\/04\\\/412d48edbe9665cd893d05edacfd357e.jpeg\",\"width\":960,\"height\":639},{\"@type\":\"BreadcrumbList\",\"@id\":\"https:\\\/\\\/www.eldiariodetucuman.com\\\/web\\\/el-halo-de-misterio-que-rodea-a-gentile-y-la-aclaracion-de-meijide\\\/#breadcrumb\",\"itemListElement\":[{\"@type\":\"ListItem\",\"position\":1,\"name\":\"Portada\",\"item\":\"https:\\\/\\\/www.eldiariodetucuman.com\\\/web\\\/\"},{\"@type\":\"ListItem\",\"position\":2,\"name\":\"El halo de misterio que rodea a Gentile y la aclaraci\u00f3n de Meijide\"}]},{\"@type\":\"WebSite\",\"@id\":\"https:\\\/\\\/www.eldiariodetucuman.com\\\/web\\\/#website\",\"url\":\"https:\\\/\\\/www.eldiariodetucuman.com\\\/web\\\/\",\"name\":\"El Diario de Tucuman\",\"description\":\"Diario Tucuman - Informaci\u00f3n y noticias\",\"publisher\":{\"@id\":\"https:\\\/\\\/www.eldiariodetucuman.com\\\/web\\\/#organization\"},\"potentialAction\":[{\"@type\":\"SearchAction\",\"target\":{\"@type\":\"EntryPoint\",\"urlTemplate\":\"https:\\\/\\\/www.eldiariodetucuman.com\\\/web\\\/?s={search_term_string}\"},\"query-input\":{\"@type\":\"PropertyValueSpecification\",\"valueRequired\":true,\"valueName\":\"search_term_string\"}}],\"inLanguage\":\"es\"},{\"@type\":\"Organization\",\"@id\":\"https:\\\/\\\/www.eldiariodetucuman.com\\\/web\\\/#organization\",\"name\":\"El Diario de Tucuman\",\"url\":\"https:\\\/\\\/www.eldiariodetucuman.com\\\/web\\\/\",\"logo\":{\"@type\":\"ImageObject\",\"inLanguage\":\"es\",\"@id\":\"https:\\\/\\\/www.eldiariodetucuman.com\\\/web\\\/#\\\/schema\\\/logo\\\/image\\\/\",\"url\":\"http:\\\/\\\/www.eldiariodetucuman.com\\\/web\\\/wp-content\\\/uploads\\\/2017\\\/12\\\/el-diario-de-tucuman.jpg\",\"contentUrl\":\"http:\\\/\\\/www.eldiariodetucuman.com\\\/web\\\/wp-content\\\/uploads\\\/2017\\\/12\\\/el-diario-de-tucuman.jpg\",\"width\":272,\"height\":92,\"caption\":\"El Diario de Tucuman\"},\"image\":{\"@id\":\"https:\\\/\\\/www.eldiariodetucuman.com\\\/web\\\/#\\\/schema\\\/logo\\\/image\\\/\"}},{\"@type\":\"Person\",\"@id\":\"https:\\\/\\\/www.eldiariodetucuman.com\\\/web\\\/#\\\/schema\\\/person\\\/9250197d75ab5483412e19678b121caa\",\"name\":\"admin\",\"image\":{\"@type\":\"ImageObject\",\"inLanguage\":\"es\",\"@id\":\"https:\\\/\\\/secure.gravatar.com\\\/avatar\\\/c44d117c2be811212c22cb481f6b8384b6873de103fbc49e7a03cc58d7dea4ac?s=96&d=mm&r=g\",\"url\":\"https:\\\/\\\/secure.gravatar.com\\\/avatar\\\/c44d117c2be811212c22cb481f6b8384b6873de103fbc49e7a03cc58d7dea4ac?s=96&d=mm&r=g\",\"contentUrl\":\"https:\\\/\\\/secure.gravatar.com\\\/avatar\\\/c44d117c2be811212c22cb481f6b8384b6873de103fbc49e7a03cc58d7dea4ac?s=96&d=mm&r=g\",\"caption\":\"admin\"},\"url\":\"https:\\\/\\\/www.eldiariodetucuman.com\\\/web\\\/author\\\/admin\\\/\"}]}<\/script>\n<!-- \/ Yoast SEO plugin. -->","yoast_head_json":{"title":"El halo de misterio que rodea a Gentile y la aclaraci\u00f3n de Meijide - El Diario de Tucuman","robots":{"index":"index","follow":"follow","max-snippet":"max-snippet:-1","max-image-preview":"max-image-preview:large","max-video-preview":"max-video-preview:-1"},"canonical":"https:\/\/www.eldiariodetucuman.com\/web\/el-halo-de-misterio-que-rodea-a-gentile-y-la-aclaracion-de-meijide\/","og_locale":"es_ES","og_type":"article","og_title":"El halo de misterio que rodea a Gentile y la aclaraci\u00f3n de Meijide - El Diario de Tucuman","og_description":"Hoy retiraron de las paredes del Instituto Balseiro una placa que se hab\u00eda colocado en conmemoraci\u00f3n al cient\u00edfico Antonio Manuel Gentile, de quien se cre\u00eda que hab\u00eda desaparecido en la \u00faltima dictadura militar, ya que de un d\u00eda para otro todos sus amigos y compa\u00f1eros de trabajo le perdieron el rastro. Cuarenta a\u00f1os despu\u00e9s, se [&hellip;]","og_url":"https:\/\/www.eldiariodetucuman.com\/web\/el-halo-de-misterio-que-rodea-a-gentile-y-la-aclaracion-de-meijide\/","og_site_name":"El Diario de Tucuman","article_published_time":"2018-04-17T14:42:33+00:00","article_modified_time":"2018-04-17T14:42:35+00:00","og_image":[{"width":960,"height":639,"url":"https:\/\/www.eldiariodetucuman.com\/web\/wp-content\/uploads\/2018\/04\/412d48edbe9665cd893d05edacfd357e.jpeg","type":"image\/jpeg"}],"author":"admin","twitter_card":"summary_large_image","twitter_misc":{"Escrito por":"admin","Tiempo de lectura":"2 minutos"},"schema":{"@context":"https:\/\/schema.org","@graph":[{"@type":"Article","@id":"https:\/\/www.eldiariodetucuman.com\/web\/el-halo-de-misterio-que-rodea-a-gentile-y-la-aclaracion-de-meijide\/#article","isPartOf":{"@id":"https:\/\/www.eldiariodetucuman.com\/web\/el-halo-de-misterio-que-rodea-a-gentile-y-la-aclaracion-de-meijide\/"},"author":{"name":"admin","@id":"https:\/\/www.eldiariodetucuman.com\/web\/#\/schema\/person\/9250197d75ab5483412e19678b121caa"},"headline":"El halo de misterio que rodea a Gentile y la aclaraci\u00f3n de Meijide","datePublished":"2018-04-17T14:42:33+00:00","dateModified":"2018-04-17T14:42:35+00:00","mainEntityOfPage":{"@id":"https:\/\/www.eldiariodetucuman.com\/web\/el-halo-de-misterio-que-rodea-a-gentile-y-la-aclaracion-de-meijide\/"},"wordCount":385,"commentCount":0,"publisher":{"@id":"https:\/\/www.eldiariodetucuman.com\/web\/#organization"},"image":{"@id":"https:\/\/www.eldiariodetucuman.com\/web\/el-halo-de-misterio-que-rodea-a-gentile-y-la-aclaracion-de-meijide\/#primaryimage"},"thumbnailUrl":"https:\/\/www.eldiariodetucuman.com\/web\/wp-content\/uploads\/2018\/04\/412d48edbe9665cd893d05edacfd357e.jpeg","articleSection":["Portada"],"inLanguage":"es","potentialAction":[{"@type":"CommentAction","name":"Comment","target":["https:\/\/www.eldiariodetucuman.com\/web\/el-halo-de-misterio-que-rodea-a-gentile-y-la-aclaracion-de-meijide\/#respond"]}]},{"@type":"WebPage","@id":"https:\/\/www.eldiariodetucuman.com\/web\/el-halo-de-misterio-que-rodea-a-gentile-y-la-aclaracion-de-meijide\/","url":"https:\/\/www.eldiariodetucuman.com\/web\/el-halo-de-misterio-que-rodea-a-gentile-y-la-aclaracion-de-meijide\/","name":"El halo de misterio que rodea a Gentile y la aclaraci\u00f3n de Meijide - El Diario de Tucuman","isPartOf":{"@id":"https:\/\/www.eldiariodetucuman.com\/web\/#website"},"primaryImageOfPage":{"@id":"https:\/\/www.eldiariodetucuman.com\/web\/el-halo-de-misterio-que-rodea-a-gentile-y-la-aclaracion-de-meijide\/#primaryimage"},"image":{"@id":"https:\/\/www.eldiariodetucuman.com\/web\/el-halo-de-misterio-que-rodea-a-gentile-y-la-aclaracion-de-meijide\/#primaryimage"},"thumbnailUrl":"https:\/\/www.eldiariodetucuman.com\/web\/wp-content\/uploads\/2018\/04\/412d48edbe9665cd893d05edacfd357e.jpeg","datePublished":"2018-04-17T14:42:33+00:00","dateModified":"2018-04-17T14:42:35+00:00","breadcrumb":{"@id":"https:\/\/www.eldiariodetucuman.com\/web\/el-halo-de-misterio-que-rodea-a-gentile-y-la-aclaracion-de-meijide\/#breadcrumb"},"inLanguage":"es","potentialAction":[{"@type":"ReadAction","target":["https:\/\/www.eldiariodetucuman.com\/web\/el-halo-de-misterio-que-rodea-a-gentile-y-la-aclaracion-de-meijide\/"]}]},{"@type":"ImageObject","inLanguage":"es","@id":"https:\/\/www.eldiariodetucuman.com\/web\/el-halo-de-misterio-que-rodea-a-gentile-y-la-aclaracion-de-meijide\/#primaryimage","url":"https:\/\/www.eldiariodetucuman.com\/web\/wp-content\/uploads\/2018\/04\/412d48edbe9665cd893d05edacfd357e.jpeg","contentUrl":"https:\/\/www.eldiariodetucuman.com\/web\/wp-content\/uploads\/2018\/04\/412d48edbe9665cd893d05edacfd357e.jpeg","width":960,"height":639},{"@type":"BreadcrumbList","@id":"https:\/\/www.eldiariodetucuman.com\/web\/el-halo-de-misterio-que-rodea-a-gentile-y-la-aclaracion-de-meijide\/#breadcrumb","itemListElement":[{"@type":"ListItem","position":1,"name":"Portada","item":"https:\/\/www.eldiariodetucuman.com\/web\/"},{"@type":"ListItem","position":2,"name":"El halo de misterio que rodea a Gentile y la aclaraci\u00f3n de Meijide"}]},{"@type":"WebSite","@id":"https:\/\/www.eldiariodetucuman.com\/web\/#website","url":"https:\/\/www.eldiariodetucuman.com\/web\/","name":"El Diario de Tucuman","description":"Diario Tucuman - Informaci\u00f3n y noticias","publisher":{"@id":"https:\/\/www.eldiariodetucuman.com\/web\/#organization"},"potentialAction":[{"@type":"SearchAction","target":{"@type":"EntryPoint","urlTemplate":"https:\/\/www.eldiariodetucuman.com\/web\/?s={search_term_string}"},"query-input":{"@type":"PropertyValueSpecification","valueRequired":true,"valueName":"search_term_string"}}],"inLanguage":"es"},{"@type":"Organization","@id":"https:\/\/www.eldiariodetucuman.com\/web\/#organization","name":"El Diario de Tucuman","url":"https:\/\/www.eldiariodetucuman.com\/web\/","logo":{"@type":"ImageObject","inLanguage":"es","@id":"https:\/\/www.eldiariodetucuman.com\/web\/#\/schema\/logo\/image\/","url":"http:\/\/www.eldiariodetucuman.com\/web\/wp-content\/uploads\/2017\/12\/el-diario-de-tucuman.jpg","contentUrl":"http:\/\/www.eldiariodetucuman.com\/web\/wp-content\/uploads\/2017\/12\/el-diario-de-tucuman.jpg","width":272,"height":92,"caption":"El Diario de Tucuman"},"image":{"@id":"https:\/\/www.eldiariodetucuman.com\/web\/#\/schema\/logo\/image\/"}},{"@type":"Person","@id":"https:\/\/www.eldiariodetucuman.com\/web\/#\/schema\/person\/9250197d75ab5483412e19678b121caa","name":"admin","image":{"@type":"ImageObject","inLanguage":"es","@id":"https:\/\/secure.gravatar.com\/avatar\/c44d117c2be811212c22cb481f6b8384b6873de103fbc49e7a03cc58d7dea4ac?s=96&d=mm&r=g","url":"https:\/\/secure.gravatar.com\/avatar\/c44d117c2be811212c22cb481f6b8384b6873de103fbc49e7a03cc58d7dea4ac?s=96&d=mm&r=g","contentUrl":"https:\/\/secure.gravatar.com\/avatar\/c44d117c2be811212c22cb481f6b8384b6873de103fbc49e7a03cc58d7dea4ac?s=96&d=mm&r=g","caption":"admin"},"url":"https:\/\/www.eldiariodetucuman.com\/web\/author\/admin\/"}]}},"_links":{"self":[{"href":"https:\/\/www.eldiariodetucuman.com\/web\/wp-json\/wp\/v2\/posts\/8642","targetHints":{"allow":["GET"]}}],"collection":[{"href":"https:\/\/www.eldiariodetucuman.com\/web\/wp-json\/wp\/v2\/posts"}],"about":[{"href":"https:\/\/www.eldiariodetucuman.com\/web\/wp-json\/wp\/v2\/types\/post"}],"author":[{"embeddable":true,"href":"https:\/\/www.eldiariodetucuman.com\/web\/wp-json\/wp\/v2\/users\/1"}],"replies":[{"embeddable":true,"href":"https:\/\/www.eldiariodetucuman.com\/web\/wp-json\/wp\/v2\/comments?post=8642"}],"version-history":[{"count":1,"href":"https:\/\/www.eldiariodetucuman.com\/web\/wp-json\/wp\/v2\/posts\/8642\/revisions"}],"predecessor-version":[{"id":8644,"href":"https:\/\/www.eldiariodetucuman.com\/web\/wp-json\/wp\/v2\/posts\/8642\/revisions\/8644"}],"wp:featuredmedia":[{"embeddable":true,"href":"https:\/\/www.eldiariodetucuman.com\/web\/wp-json\/wp\/v2\/media\/8643"}],"wp:attachment":[{"href":"https:\/\/www.eldiariodetucuman.com\/web\/wp-json\/wp\/v2\/media?parent=8642"}],"wp:term":[{"taxonomy":"category","embeddable":true,"href":"https:\/\/www.eldiariodetucuman.com\/web\/wp-json\/wp\/v2\/categories?post=8642"},{"taxonomy":"post_tag","embeddable":true,"href":"https:\/\/www.eldiariodetucuman.com\/web\/wp-json\/wp\/v2\/tags?post=8642"}],"curies":[{"name":"wp","href":"https:\/\/api.w.org\/{rel}","templated":true}]}}