{"id":8634,"date":"2018-04-17T11:22:18","date_gmt":"2018-04-17T14:22:18","guid":{"rendered":"http:\/\/www.eldiariodetucuman.com\/web\/?p=8634"},"modified":"2018-04-17T11:23:24","modified_gmt":"2018-04-17T14:23:24","slug":"heroes-sin-capa-salvo-a-una-joven-en-el-cadillal-gracias-a-las-tecnicas-de-rcp","status":"publish","type":"post","link":"https:\/\/www.eldiariodetucuman.com\/web\/heroes-sin-capa-salvo-a-una-joven-en-el-cadillal-gracias-a-las-tecnicas-de-rcp\/","title":{"rendered":"H\u00e9roes sin capa | Salv\u00f3 a una joven en El Cadillal gracias a las t\u00e9cnicas de RCP"},"content":{"rendered":"<div class=\"col-lg-12 col-md-12 col-sm-12\">\n<p><strong>V\u00edctor Vel\u00e1quez<\/strong> suele colaborar cuando hay inundaciones o accidentes en los cerros. Sostiene que tener conocimientos sobre t\u00e9cnicas RCP marca la diferencia<\/p>\n<\/div>\n<p><!--more--><\/p>\n<div id=\"parent_1\" class=\"col-lg-8 col-md-12 col-sm-12\">\n<div class=\"image\">\n<div class=\"imgFoot\">\n<p>Hay d\u00edas en los que\u00a0<b>V\u00edctor Vel\u00e1zquez<\/b>\u00a0se siente tocado por una luz especial. Por ejemplo, aquella vez, hace unos a\u00f1os, cuando nadaba por El Cadillal y de repente vio que una joven se ahogaba en el dique. Era domingo y hab\u00eda much\u00edsima gente: se re\u00edan, bailaban, disfrutaban, recuerda \u00e9l.<\/p>\n<\/div>\n<\/div>\n<div class=\"newsBody\">\n<p>Pudo aislarse de esas im\u00e1genes, poner la mente en blanco. Por instinto, se acerc\u00f3 a la situaci\u00f3n de peligro lo m\u00e1s r\u00e1pido que pudo y sac\u00f3 a la muchacha. La llev\u00f3 hasta la orilla e inmediatamente pidi\u00f3 que alguien buscara una ambulancia.<\/p>\n<p>La joven estaba fr\u00eda. Nada de signos vitales. Se arrodill\u00f3 a su lado y empez\u00f3 a realizarle t\u00e9cnicas de reanimaci\u00f3n cardiopulmonar (RCP). No hab\u00eda caso. Sigui\u00f3 con las maniobras incluso cuando iban camino al hospital. Fue en la ruta cuando \u00a1al fin! volvi\u00f3 a respirar. Ten\u00eda un chicle en la garganta y hab\u00eda logrado despedirlo.<\/p>\n<p>V\u00edctor, que es profesor de Educaci\u00f3n F\u00edsica y tiene 46 a\u00f1os, aprendi\u00f3 maniobras de RCP mientras estudiaba la carrera. Fue en esos a\u00f1os, hace m\u00e1s de dos d\u00e9cadas, cuando descubri\u00f3 que ten\u00eda una vocaci\u00f3n por ayudar a otras personas en situaciones extremas. Por eso, form\u00f3 parte de la Fundaci\u00f3n de B\u00fasqueda y Rescate de Tucum\u00e1n.<\/p>\n<p>Debido a su experiencia como buzo, lo llaman a trabajar en cada inundaci\u00f3n. Tambi\u00e9n, como es especialista en monta\u00f1ismo, siempre est\u00e1 dispuesto a ayudar cuando alguien sufre un accidente en los cerros.<\/p>\n<p>Y no le tiembla el pulso. Ya ha perdido el registro de cu\u00e1ntas vidas salv\u00f3. Incluso como guardavidas tuvo much\u00edsimas intervenciones. \u201cAl principio, hab\u00eda hecho el curso en la Facultad y tambi\u00e9n hab\u00eda visto reanimaciones. Pero aprend\u00ed concretamente cuando me anot\u00e9 en un curso de t\u00e9cnicas de RCP. Tener conocimientos sobre esta t\u00e9cnica marca la diferencia\u201d, sostiene.<\/p>\n<p><strong>Fuente:<\/strong>\u00a0<a href=\"https:\/\/www.lagaceta.com.ar\/nota\/767714\/actualidad\/gracias-tecnicas-rcp-salvo-joven-cadillal.html\">https:\/\/www.lagaceta.com.ar\/nota\/767714\/actualidad\/gracias-tecnicas-rcp-salvo-joven-cadillal.html<\/a><\/p>\n<\/div>\n<\/div>\n","protected":false},"excerpt":{"rendered":"<p>V\u00edctor Vel\u00e1quez suele colaborar cuando hay inundaciones o accidentes en los cerros. Sostiene que tener conocimientos sobre t\u00e9cnicas RCP marca la diferencia<\/p>\n","protected":false},"author":5,"featured_media":8635,"comment_status":"closed","ping_status":"open","sticky":false,"template":"","format":"standard","meta":{"footnotes":""},"categories":[2],"tags":[1456,1333,7,79,61],"class_list":{"0":"post-8634","1":"post","2":"type-post","3":"status-publish","4":"format-standard","5":"has-post-thumbnail","7":"category-actualidad","8":"tag-actualidad","9":"tag-el-cadillal","10":"tag-el-diario-de-tucuman","11":"tag-salud","12":"tag-tucuman"},"yoast_head":"<!-- This site is optimized with the Yoast SEO plugin v27.4 - https:\/\/yoast.com\/product\/yoast-seo-wordpress\/ -->\n<title>H\u00e9roes sin capa | Salv\u00f3 a una joven en El Cadillal gracias a las t\u00e9cnicas de RCP - El Diario de Tucuman<\/title>\n<meta name=\"robots\" content=\"index, follow, max-snippet:-1, max-image-preview:large, max-video-preview:-1\" \/>\n<link rel=\"canonical\" href=\"https:\/\/www.eldiariodetucuman.com\/web\/heroes-sin-capa-salvo-a-una-joven-en-el-cadillal-gracias-a-las-tecnicas-de-rcp\/\" \/>\n<meta property=\"og:locale\" content=\"es_ES\" \/>\n<meta property=\"og:type\" content=\"article\" \/>\n<meta property=\"og:title\" content=\"H\u00e9roes sin capa | Salv\u00f3 a una joven en El Cadillal gracias a las t\u00e9cnicas de RCP - El Diario de Tucuman\" \/>\n<meta property=\"og:description\" content=\"V\u00edctor Vel\u00e1quez suele colaborar cuando hay inundaciones o accidentes en los cerros. Sostiene que tener conocimientos sobre t\u00e9cnicas RCP marca la diferencia\" \/>\n<meta property=\"og:url\" content=\"https:\/\/www.eldiariodetucuman.com\/web\/heroes-sin-capa-salvo-a-una-joven-en-el-cadillal-gracias-a-las-tecnicas-de-rcp\/\" \/>\n<meta property=\"og:site_name\" content=\"El Diario de Tucuman\" \/>\n<meta property=\"article:published_time\" content=\"2018-04-17T14:22:18+00:00\" \/>\n<meta property=\"article:modified_time\" content=\"2018-04-17T14:23:24+00:00\" \/>\n<meta property=\"og:image\" content=\"https:\/\/www.eldiariodetucuman.com\/web\/wp-content\/uploads\/2018\/04\/heroesincapa.jpg\" \/>\n\t<meta property=\"og:image:width\" content=\"970\" \/>\n\t<meta property=\"og:image:height\" content=\"646\" \/>\n\t<meta property=\"og:image:type\" content=\"image\/jpeg\" \/>\n<meta name=\"author\" content=\"Redactor Uno\" \/>\n<meta name=\"twitter:card\" content=\"summary_large_image\" \/>\n<meta name=\"twitter:label1\" content=\"Escrito por\" \/>\n\t<meta name=\"twitter:data1\" content=\"Redactor Uno\" \/>\n\t<meta name=\"twitter:label2\" content=\"Tiempo de lectura\" \/>\n\t<meta name=\"twitter:data2\" content=\"2 minutos\" \/>\n<script type=\"application\/ld+json\" class=\"yoast-schema-graph\">{\"@context\":\"https:\\\/\\\/schema.org\",\"@graph\":[{\"@type\":\"Article\",\"@id\":\"https:\\\/\\\/www.eldiariodetucuman.com\\\/web\\\/heroes-sin-capa-salvo-a-una-joven-en-el-cadillal-gracias-a-las-tecnicas-de-rcp\\\/#article\",\"isPartOf\":{\"@id\":\"https:\\\/\\\/www.eldiariodetucuman.com\\\/web\\\/heroes-sin-capa-salvo-a-una-joven-en-el-cadillal-gracias-a-las-tecnicas-de-rcp\\\/\"},\"author\":{\"name\":\"Redactor Uno\",\"@id\":\"https:\\\/\\\/www.eldiariodetucuman.com\\\/web\\\/#\\\/schema\\\/person\\\/7e6644a46e60888f6b868594407e08dd\"},\"headline\":\"H\u00e9roes sin capa | Salv\u00f3 a una joven en El Cadillal gracias a las t\u00e9cnicas de RCP\",\"datePublished\":\"2018-04-17T14:22:18+00:00\",\"dateModified\":\"2018-04-17T14:23:24+00:00\",\"mainEntityOfPage\":{\"@id\":\"https:\\\/\\\/www.eldiariodetucuman.com\\\/web\\\/heroes-sin-capa-salvo-a-una-joven-en-el-cadillal-gracias-a-las-tecnicas-de-rcp\\\/\"},\"wordCount\":382,\"publisher\":{\"@id\":\"https:\\\/\\\/www.eldiariodetucuman.com\\\/web\\\/#organization\"},\"image\":{\"@id\":\"https:\\\/\\\/www.eldiariodetucuman.com\\\/web\\\/heroes-sin-capa-salvo-a-una-joven-en-el-cadillal-gracias-a-las-tecnicas-de-rcp\\\/#primaryimage\"},\"thumbnailUrl\":\"https:\\\/\\\/www.eldiariodetucuman.com\\\/web\\\/wp-content\\\/uploads\\\/2018\\\/04\\\/heroesincapa.jpg\",\"keywords\":[\"Actualidad\",\"El Cadillal\",\"El Diario de Tucuman\",\"salud\",\"Tucuman\"],\"articleSection\":[\"Actualidad\"],\"inLanguage\":\"es\"},{\"@type\":\"WebPage\",\"@id\":\"https:\\\/\\\/www.eldiariodetucuman.com\\\/web\\\/heroes-sin-capa-salvo-a-una-joven-en-el-cadillal-gracias-a-las-tecnicas-de-rcp\\\/\",\"url\":\"https:\\\/\\\/www.eldiariodetucuman.com\\\/web\\\/heroes-sin-capa-salvo-a-una-joven-en-el-cadillal-gracias-a-las-tecnicas-de-rcp\\\/\",\"name\":\"H\u00e9roes sin capa | Salv\u00f3 a una joven en El Cadillal gracias a las t\u00e9cnicas de RCP - El Diario de Tucuman\",\"isPartOf\":{\"@id\":\"https:\\\/\\\/www.eldiariodetucuman.com\\\/web\\\/#website\"},\"primaryImageOfPage\":{\"@id\":\"https:\\\/\\\/www.eldiariodetucuman.com\\\/web\\\/heroes-sin-capa-salvo-a-una-joven-en-el-cadillal-gracias-a-las-tecnicas-de-rcp\\\/#primaryimage\"},\"image\":{\"@id\":\"https:\\\/\\\/www.eldiariodetucuman.com\\\/web\\\/heroes-sin-capa-salvo-a-una-joven-en-el-cadillal-gracias-a-las-tecnicas-de-rcp\\\/#primaryimage\"},\"thumbnailUrl\":\"https:\\\/\\\/www.eldiariodetucuman.com\\\/web\\\/wp-content\\\/uploads\\\/2018\\\/04\\\/heroesincapa.jpg\",\"datePublished\":\"2018-04-17T14:22:18+00:00\",\"dateModified\":\"2018-04-17T14:23:24+00:00\",\"breadcrumb\":{\"@id\":\"https:\\\/\\\/www.eldiariodetucuman.com\\\/web\\\/heroes-sin-capa-salvo-a-una-joven-en-el-cadillal-gracias-a-las-tecnicas-de-rcp\\\/#breadcrumb\"},\"inLanguage\":\"es\",\"potentialAction\":[{\"@type\":\"ReadAction\",\"target\":[\"https:\\\/\\\/www.eldiariodetucuman.com\\\/web\\\/heroes-sin-capa-salvo-a-una-joven-en-el-cadillal-gracias-a-las-tecnicas-de-rcp\\\/\"]}]},{\"@type\":\"ImageObject\",\"inLanguage\":\"es\",\"@id\":\"https:\\\/\\\/www.eldiariodetucuman.com\\\/web\\\/heroes-sin-capa-salvo-a-una-joven-en-el-cadillal-gracias-a-las-tecnicas-de-rcp\\\/#primaryimage\",\"url\":\"https:\\\/\\\/www.eldiariodetucuman.com\\\/web\\\/wp-content\\\/uploads\\\/2018\\\/04\\\/heroesincapa.jpg\",\"contentUrl\":\"https:\\\/\\\/www.eldiariodetucuman.com\\\/web\\\/wp-content\\\/uploads\\\/2018\\\/04\\\/heroesincapa.jpg\",\"width\":970,\"height\":646},{\"@type\":\"BreadcrumbList\",\"@id\":\"https:\\\/\\\/www.eldiariodetucuman.com\\\/web\\\/heroes-sin-capa-salvo-a-una-joven-en-el-cadillal-gracias-a-las-tecnicas-de-rcp\\\/#breadcrumb\",\"itemListElement\":[{\"@type\":\"ListItem\",\"position\":1,\"name\":\"Portada\",\"item\":\"https:\\\/\\\/www.eldiariodetucuman.com\\\/web\\\/\"},{\"@type\":\"ListItem\",\"position\":2,\"name\":\"H\u00e9roes sin capa | Salv\u00f3 a una joven en El Cadillal gracias a las t\u00e9cnicas de RCP\"}]},{\"@type\":\"WebSite\",\"@id\":\"https:\\\/\\\/www.eldiariodetucuman.com\\\/web\\\/#website\",\"url\":\"https:\\\/\\\/www.eldiariodetucuman.com\\\/web\\\/\",\"name\":\"El Diario de Tucuman\",\"description\":\"Diario Tucuman - Informaci\u00f3n y noticias\",\"publisher\":{\"@id\":\"https:\\\/\\\/www.eldiariodetucuman.com\\\/web\\\/#organization\"},\"potentialAction\":[{\"@type\":\"SearchAction\",\"target\":{\"@type\":\"EntryPoint\",\"urlTemplate\":\"https:\\\/\\\/www.eldiariodetucuman.com\\\/web\\\/?s={search_term_string}\"},\"query-input\":{\"@type\":\"PropertyValueSpecification\",\"valueRequired\":true,\"valueName\":\"search_term_string\"}}],\"inLanguage\":\"es\"},{\"@type\":\"Organization\",\"@id\":\"https:\\\/\\\/www.eldiariodetucuman.com\\\/web\\\/#organization\",\"name\":\"El Diario de Tucuman\",\"url\":\"https:\\\/\\\/www.eldiariodetucuman.com\\\/web\\\/\",\"logo\":{\"@type\":\"ImageObject\",\"inLanguage\":\"es\",\"@id\":\"https:\\\/\\\/www.eldiariodetucuman.com\\\/web\\\/#\\\/schema\\\/logo\\\/image\\\/\",\"url\":\"http:\\\/\\\/www.eldiariodetucuman.com\\\/web\\\/wp-content\\\/uploads\\\/2017\\\/12\\\/el-diario-de-tucuman.jpg\",\"contentUrl\":\"http:\\\/\\\/www.eldiariodetucuman.com\\\/web\\\/wp-content\\\/uploads\\\/2017\\\/12\\\/el-diario-de-tucuman.jpg\",\"width\":272,\"height\":92,\"caption\":\"El Diario de Tucuman\"},\"image\":{\"@id\":\"https:\\\/\\\/www.eldiariodetucuman.com\\\/web\\\/#\\\/schema\\\/logo\\\/image\\\/\"}},{\"@type\":\"Person\",\"@id\":\"https:\\\/\\\/www.eldiariodetucuman.com\\\/web\\\/#\\\/schema\\\/person\\\/7e6644a46e60888f6b868594407e08dd\",\"name\":\"Redactor Uno\",\"image\":{\"@type\":\"ImageObject\",\"inLanguage\":\"es\",\"@id\":\"https:\\\/\\\/secure.gravatar.com\\\/avatar\\\/0049b1bdf1bd548385c9ea6b9356431717930913089febd2ba904f0187d7d074?s=96&d=mm&r=g\",\"url\":\"https:\\\/\\\/secure.gravatar.com\\\/avatar\\\/0049b1bdf1bd548385c9ea6b9356431717930913089febd2ba904f0187d7d074?s=96&d=mm&r=g\",\"contentUrl\":\"https:\\\/\\\/secure.gravatar.com\\\/avatar\\\/0049b1bdf1bd548385c9ea6b9356431717930913089febd2ba904f0187d7d074?s=96&d=mm&r=g\",\"caption\":\"Redactor Uno\"},\"url\":\"https:\\\/\\\/www.eldiariodetucuman.com\\\/web\\\/author\\\/mramasco\\\/\"}]}<\/script>\n<!-- \/ Yoast SEO plugin. -->","yoast_head_json":{"title":"H\u00e9roes sin capa | Salv\u00f3 a una joven en El Cadillal gracias a las t\u00e9cnicas de RCP - El Diario de Tucuman","robots":{"index":"index","follow":"follow","max-snippet":"max-snippet:-1","max-image-preview":"max-image-preview:large","max-video-preview":"max-video-preview:-1"},"canonical":"https:\/\/www.eldiariodetucuman.com\/web\/heroes-sin-capa-salvo-a-una-joven-en-el-cadillal-gracias-a-las-tecnicas-de-rcp\/","og_locale":"es_ES","og_type":"article","og_title":"H\u00e9roes sin capa | Salv\u00f3 a una joven en El Cadillal gracias a las t\u00e9cnicas de RCP - El Diario de Tucuman","og_description":"V\u00edctor Vel\u00e1quez suele colaborar cuando hay inundaciones o accidentes en los cerros. Sostiene que tener conocimientos sobre t\u00e9cnicas RCP marca la diferencia","og_url":"https:\/\/www.eldiariodetucuman.com\/web\/heroes-sin-capa-salvo-a-una-joven-en-el-cadillal-gracias-a-las-tecnicas-de-rcp\/","og_site_name":"El Diario de Tucuman","article_published_time":"2018-04-17T14:22:18+00:00","article_modified_time":"2018-04-17T14:23:24+00:00","og_image":[{"width":970,"height":646,"url":"https:\/\/www.eldiariodetucuman.com\/web\/wp-content\/uploads\/2018\/04\/heroesincapa.jpg","type":"image\/jpeg"}],"author":"Redactor Uno","twitter_card":"summary_large_image","twitter_misc":{"Escrito por":"Redactor Uno","Tiempo de lectura":"2 minutos"},"schema":{"@context":"https:\/\/schema.org","@graph":[{"@type":"Article","@id":"https:\/\/www.eldiariodetucuman.com\/web\/heroes-sin-capa-salvo-a-una-joven-en-el-cadillal-gracias-a-las-tecnicas-de-rcp\/#article","isPartOf":{"@id":"https:\/\/www.eldiariodetucuman.com\/web\/heroes-sin-capa-salvo-a-una-joven-en-el-cadillal-gracias-a-las-tecnicas-de-rcp\/"},"author":{"name":"Redactor Uno","@id":"https:\/\/www.eldiariodetucuman.com\/web\/#\/schema\/person\/7e6644a46e60888f6b868594407e08dd"},"headline":"H\u00e9roes sin capa | Salv\u00f3 a una joven en El Cadillal gracias a las t\u00e9cnicas de RCP","datePublished":"2018-04-17T14:22:18+00:00","dateModified":"2018-04-17T14:23:24+00:00","mainEntityOfPage":{"@id":"https:\/\/www.eldiariodetucuman.com\/web\/heroes-sin-capa-salvo-a-una-joven-en-el-cadillal-gracias-a-las-tecnicas-de-rcp\/"},"wordCount":382,"publisher":{"@id":"https:\/\/www.eldiariodetucuman.com\/web\/#organization"},"image":{"@id":"https:\/\/www.eldiariodetucuman.com\/web\/heroes-sin-capa-salvo-a-una-joven-en-el-cadillal-gracias-a-las-tecnicas-de-rcp\/#primaryimage"},"thumbnailUrl":"https:\/\/www.eldiariodetucuman.com\/web\/wp-content\/uploads\/2018\/04\/heroesincapa.jpg","keywords":["Actualidad","El Cadillal","El Diario de Tucuman","salud","Tucuman"],"articleSection":["Actualidad"],"inLanguage":"es"},{"@type":"WebPage","@id":"https:\/\/www.eldiariodetucuman.com\/web\/heroes-sin-capa-salvo-a-una-joven-en-el-cadillal-gracias-a-las-tecnicas-de-rcp\/","url":"https:\/\/www.eldiariodetucuman.com\/web\/heroes-sin-capa-salvo-a-una-joven-en-el-cadillal-gracias-a-las-tecnicas-de-rcp\/","name":"H\u00e9roes sin capa | Salv\u00f3 a una joven en El Cadillal gracias a las t\u00e9cnicas de RCP - El Diario de Tucuman","isPartOf":{"@id":"https:\/\/www.eldiariodetucuman.com\/web\/#website"},"primaryImageOfPage":{"@id":"https:\/\/www.eldiariodetucuman.com\/web\/heroes-sin-capa-salvo-a-una-joven-en-el-cadillal-gracias-a-las-tecnicas-de-rcp\/#primaryimage"},"image":{"@id":"https:\/\/www.eldiariodetucuman.com\/web\/heroes-sin-capa-salvo-a-una-joven-en-el-cadillal-gracias-a-las-tecnicas-de-rcp\/#primaryimage"},"thumbnailUrl":"https:\/\/www.eldiariodetucuman.com\/web\/wp-content\/uploads\/2018\/04\/heroesincapa.jpg","datePublished":"2018-04-17T14:22:18+00:00","dateModified":"2018-04-17T14:23:24+00:00","breadcrumb":{"@id":"https:\/\/www.eldiariodetucuman.com\/web\/heroes-sin-capa-salvo-a-una-joven-en-el-cadillal-gracias-a-las-tecnicas-de-rcp\/#breadcrumb"},"inLanguage":"es","potentialAction":[{"@type":"ReadAction","target":["https:\/\/www.eldiariodetucuman.com\/web\/heroes-sin-capa-salvo-a-una-joven-en-el-cadillal-gracias-a-las-tecnicas-de-rcp\/"]}]},{"@type":"ImageObject","inLanguage":"es","@id":"https:\/\/www.eldiariodetucuman.com\/web\/heroes-sin-capa-salvo-a-una-joven-en-el-cadillal-gracias-a-las-tecnicas-de-rcp\/#primaryimage","url":"https:\/\/www.eldiariodetucuman.com\/web\/wp-content\/uploads\/2018\/04\/heroesincapa.jpg","contentUrl":"https:\/\/www.eldiariodetucuman.com\/web\/wp-content\/uploads\/2018\/04\/heroesincapa.jpg","width":970,"height":646},{"@type":"BreadcrumbList","@id":"https:\/\/www.eldiariodetucuman.com\/web\/heroes-sin-capa-salvo-a-una-joven-en-el-cadillal-gracias-a-las-tecnicas-de-rcp\/#breadcrumb","itemListElement":[{"@type":"ListItem","position":1,"name":"Portada","item":"https:\/\/www.eldiariodetucuman.com\/web\/"},{"@type":"ListItem","position":2,"name":"H\u00e9roes sin capa | Salv\u00f3 a una joven en El Cadillal gracias a las t\u00e9cnicas de RCP"}]},{"@type":"WebSite","@id":"https:\/\/www.eldiariodetucuman.com\/web\/#website","url":"https:\/\/www.eldiariodetucuman.com\/web\/","name":"El Diario de Tucuman","description":"Diario Tucuman - Informaci\u00f3n y noticias","publisher":{"@id":"https:\/\/www.eldiariodetucuman.com\/web\/#organization"},"potentialAction":[{"@type":"SearchAction","target":{"@type":"EntryPoint","urlTemplate":"https:\/\/www.eldiariodetucuman.com\/web\/?s={search_term_string}"},"query-input":{"@type":"PropertyValueSpecification","valueRequired":true,"valueName":"search_term_string"}}],"inLanguage":"es"},{"@type":"Organization","@id":"https:\/\/www.eldiariodetucuman.com\/web\/#organization","name":"El Diario de Tucuman","url":"https:\/\/www.eldiariodetucuman.com\/web\/","logo":{"@type":"ImageObject","inLanguage":"es","@id":"https:\/\/www.eldiariodetucuman.com\/web\/#\/schema\/logo\/image\/","url":"http:\/\/www.eldiariodetucuman.com\/web\/wp-content\/uploads\/2017\/12\/el-diario-de-tucuman.jpg","contentUrl":"http:\/\/www.eldiariodetucuman.com\/web\/wp-content\/uploads\/2017\/12\/el-diario-de-tucuman.jpg","width":272,"height":92,"caption":"El Diario de Tucuman"},"image":{"@id":"https:\/\/www.eldiariodetucuman.com\/web\/#\/schema\/logo\/image\/"}},{"@type":"Person","@id":"https:\/\/www.eldiariodetucuman.com\/web\/#\/schema\/person\/7e6644a46e60888f6b868594407e08dd","name":"Redactor Uno","image":{"@type":"ImageObject","inLanguage":"es","@id":"https:\/\/secure.gravatar.com\/avatar\/0049b1bdf1bd548385c9ea6b9356431717930913089febd2ba904f0187d7d074?s=96&d=mm&r=g","url":"https:\/\/secure.gravatar.com\/avatar\/0049b1bdf1bd548385c9ea6b9356431717930913089febd2ba904f0187d7d074?s=96&d=mm&r=g","contentUrl":"https:\/\/secure.gravatar.com\/avatar\/0049b1bdf1bd548385c9ea6b9356431717930913089febd2ba904f0187d7d074?s=96&d=mm&r=g","caption":"Redactor Uno"},"url":"https:\/\/www.eldiariodetucuman.com\/web\/author\/mramasco\/"}]}},"_links":{"self":[{"href":"https:\/\/www.eldiariodetucuman.com\/web\/wp-json\/wp\/v2\/posts\/8634","targetHints":{"allow":["GET"]}}],"collection":[{"href":"https:\/\/www.eldiariodetucuman.com\/web\/wp-json\/wp\/v2\/posts"}],"about":[{"href":"https:\/\/www.eldiariodetucuman.com\/web\/wp-json\/wp\/v2\/types\/post"}],"author":[{"embeddable":true,"href":"https:\/\/www.eldiariodetucuman.com\/web\/wp-json\/wp\/v2\/users\/5"}],"replies":[{"embeddable":true,"href":"https:\/\/www.eldiariodetucuman.com\/web\/wp-json\/wp\/v2\/comments?post=8634"}],"version-history":[{"count":2,"href":"https:\/\/www.eldiariodetucuman.com\/web\/wp-json\/wp\/v2\/posts\/8634\/revisions"}],"predecessor-version":[{"id":8637,"href":"https:\/\/www.eldiariodetucuman.com\/web\/wp-json\/wp\/v2\/posts\/8634\/revisions\/8637"}],"wp:featuredmedia":[{"embeddable":true,"href":"https:\/\/www.eldiariodetucuman.com\/web\/wp-json\/wp\/v2\/media\/8635"}],"wp:attachment":[{"href":"https:\/\/www.eldiariodetucuman.com\/web\/wp-json\/wp\/v2\/media?parent=8634"}],"wp:term":[{"taxonomy":"category","embeddable":true,"href":"https:\/\/www.eldiariodetucuman.com\/web\/wp-json\/wp\/v2\/categories?post=8634"},{"taxonomy":"post_tag","embeddable":true,"href":"https:\/\/www.eldiariodetucuman.com\/web\/wp-json\/wp\/v2\/tags?post=8634"}],"curies":[{"name":"wp","href":"https:\/\/api.w.org\/{rel}","templated":true}]}}