{"id":8625,"date":"2018-04-17T10:38:41","date_gmt":"2018-04-17T13:38:41","guid":{"rendered":"http:\/\/www.eldiariodetucuman.com\/web\/?p=8625"},"modified":"2018-04-17T10:47:51","modified_gmt":"2018-04-17T13:47:51","slug":"segun-el-titular-de-la-sat-se-necesita-un-nuevo-aumento-de-tarifa","status":"publish","type":"post","link":"https:\/\/www.eldiariodetucuman.com\/web\/segun-el-titular-de-la-sat-se-necesita-un-nuevo-aumento-de-tarifa\/","title":{"rendered":"Seg\u00fan el titular de la SAT, se necesita un nuevo aumento de tarifa"},"content":{"rendered":"<header class=\"entry-header\">\n<p class=\"entry-title h1\">Fernando Baratelli<span style=\"font-size: 16px;\">, titular de la\u00a0<\/span><strong style=\"font-size: 16px;\">Sociedad Aguas del Tucum\u00e1n (SAT)<\/strong><span style=\"font-size: 16px;\">, calific\u00f3 como complicada la situaci\u00f3n financiera de la empresa, a la vez que asegur\u00f3 que, sin una actualizaci\u00f3n de la tarifa, se les har\u00e1 muy dificil seguir operando.<\/span><\/p>\n<\/header>\n<p><!--more--><\/p>\n<div class=\"entry-content herald-entry-content\">\n<p>\u201cEstamos haciendo ajustes, los insumos aumentan constantemente y hace ya tiempo que no se incrementan los ingresos\u201d, afirm\u00f3 el responsable de la empresa con participaci\u00f3n estatal mayoritaria.<\/p>\n<p>El ingeniero se preocup\u00f3 por aclarar que la SAT debe encargarse de la distribuci\u00f3n de agua potable y de brindar el servicio de cloacas, no as\u00ed de la ampliaci\u00f3n y actualizaci\u00f3n de las redes.<\/p>\n<p>A pesar de eso, enfatiz\u00f3 Baratelli, hace a\u00f1o que la empresa viene buscando fondos para mantener el servicio. \u201cLogramos extender la red, pero nos falt\u00f3 la segunda etapa, el mantenimiento\u201d, dijo para explicar el problema recurrente de las p\u00e9rdidas cloacales que afectan sobre todo al Gran San Miguel de Tucum\u00e1n.<\/p>\n<p>Sobre este \u00faltimo punto, el titular de la cuestionada empresa revel\u00f3 que, mediante un acuerdo con el Ente de Infraestructura, se convino que ese organismo se encargar\u00e1 de reparar las calles luego de las intervenciones que deba hacer la SAT para solucionar p\u00e9rdidas.<\/p>\n<p>En cuanto a la disponibilidad de fondos, Baratelli admiti\u00f3 que desde el Gobierno se usaron dineros del Fondo Soja para asistir a la empresa, que dispone hoy de un colch\u00f3n financiero de $ 60 millones.<\/p>\n<p>De todas maneras, se ocup\u00f3 de aclarar que ese dinero resulta insignificante si se tiene en cuenta la magnitud de la inversi\u00f3n que se necesita para solucionar los graves problemas estructurales que afectan al servicio de agua y cloacas de la provincia.<\/p>\n<p><strong>Fuente:\u00a0<\/strong><a href=\"http:\/\/www.losprimeros.tv\/nota\/18848\/el-titular-de-la-sat-dice-que-necesita-un-nuevo-aumento-de-tarifa.html\">http:\/\/www.losprimeros.tv\/nota\/18848\/el-titular-de-la-sat-dice-que-necesita-un-nuevo-aumento-de-tarifa.html<\/a><\/p>\n<\/div>\n","protected":false},"excerpt":{"rendered":"<p>Fernando Baratelli, titular de la\u00a0Sociedad Aguas del Tucum\u00e1n (SAT), calific\u00f3 como complicada la situaci\u00f3n financiera de la empresa, a la vez que asegur\u00f3 que, sin una actualizaci\u00f3n de la tarifa, se les har\u00e1 muy dificil seguir operando.<\/p>\n","protected":false},"author":5,"featured_media":8626,"comment_status":"closed","ping_status":"open","sticky":false,"template":"","format":"standard","meta":{"footnotes":""},"categories":[2],"tags":[134,7,16,1516],"class_list":{"0":"post-8625","1":"post","2":"type-post","3":"status-publish","4":"format-standard","5":"has-post-thumbnail","7":"category-actualidad","8":"tag-argentina","9":"tag-el-diario-de-tucuman","10":"tag-sat","11":"tag-servicio"},"yoast_head":"<!-- This site is optimized with the Yoast SEO plugin v27.4 - https:\/\/yoast.com\/product\/yoast-seo-wordpress\/ -->\n<title>Seg\u00fan el titular de la SAT, se necesita un nuevo aumento de tarifa - El Diario de Tucuman<\/title>\n<meta name=\"robots\" content=\"index, follow, max-snippet:-1, max-image-preview:large, max-video-preview:-1\" \/>\n<link rel=\"canonical\" href=\"https:\/\/www.eldiariodetucuman.com\/web\/segun-el-titular-de-la-sat-se-necesita-un-nuevo-aumento-de-tarifa\/\" \/>\n<meta property=\"og:locale\" content=\"es_ES\" \/>\n<meta property=\"og:type\" content=\"article\" \/>\n<meta property=\"og:title\" content=\"Seg\u00fan el titular de la SAT, se necesita un nuevo aumento de tarifa - El Diario de Tucuman\" \/>\n<meta property=\"og:description\" content=\"Fernando Baratelli, titular de la\u00a0Sociedad Aguas del Tucum\u00e1n (SAT), calific\u00f3 como complicada la situaci\u00f3n financiera de la empresa, a la vez que asegur\u00f3 que, sin una actualizaci\u00f3n de la tarifa, se les har\u00e1 muy dificil seguir operando.\" \/>\n<meta property=\"og:url\" content=\"https:\/\/www.eldiariodetucuman.com\/web\/segun-el-titular-de-la-sat-se-necesita-un-nuevo-aumento-de-tarifa\/\" \/>\n<meta property=\"og:site_name\" content=\"El Diario de Tucuman\" \/>\n<meta property=\"article:published_time\" content=\"2018-04-17T13:38:41+00:00\" \/>\n<meta property=\"article:modified_time\" content=\"2018-04-17T13:47:51+00:00\" \/>\n<meta property=\"og:image\" content=\"https:\/\/www.eldiariodetucuman.com\/web\/wp-content\/uploads\/2018\/04\/servicio-sat.jpg\" \/>\n\t<meta property=\"og:image:width\" content=\"600\" \/>\n\t<meta property=\"og:image:height\" content=\"405\" \/>\n\t<meta property=\"og:image:type\" content=\"image\/jpeg\" \/>\n<meta name=\"author\" content=\"Redactor Uno\" \/>\n<meta name=\"twitter:card\" content=\"summary_large_image\" \/>\n<meta name=\"twitter:label1\" content=\"Escrito por\" \/>\n\t<meta name=\"twitter:data1\" content=\"Redactor Uno\" \/>\n\t<meta name=\"twitter:label2\" content=\"Tiempo de lectura\" \/>\n\t<meta name=\"twitter:data2\" content=\"1 minuto\" \/>\n<script type=\"application\/ld+json\" class=\"yoast-schema-graph\">{\"@context\":\"https:\\\/\\\/schema.org\",\"@graph\":[{\"@type\":\"Article\",\"@id\":\"https:\\\/\\\/www.eldiariodetucuman.com\\\/web\\\/segun-el-titular-de-la-sat-se-necesita-un-nuevo-aumento-de-tarifa\\\/#article\",\"isPartOf\":{\"@id\":\"https:\\\/\\\/www.eldiariodetucuman.com\\\/web\\\/segun-el-titular-de-la-sat-se-necesita-un-nuevo-aumento-de-tarifa\\\/\"},\"author\":{\"name\":\"Redactor Uno\",\"@id\":\"https:\\\/\\\/www.eldiariodetucuman.com\\\/web\\\/#\\\/schema\\\/person\\\/7e6644a46e60888f6b868594407e08dd\"},\"headline\":\"Seg\u00fan el titular de la SAT, se necesita un nuevo aumento de tarifa\",\"datePublished\":\"2018-04-17T13:38:41+00:00\",\"dateModified\":\"2018-04-17T13:47:51+00:00\",\"mainEntityOfPage\":{\"@id\":\"https:\\\/\\\/www.eldiariodetucuman.com\\\/web\\\/segun-el-titular-de-la-sat-se-necesita-un-nuevo-aumento-de-tarifa\\\/\"},\"wordCount\":302,\"publisher\":{\"@id\":\"https:\\\/\\\/www.eldiariodetucuman.com\\\/web\\\/#organization\"},\"image\":{\"@id\":\"https:\\\/\\\/www.eldiariodetucuman.com\\\/web\\\/segun-el-titular-de-la-sat-se-necesita-un-nuevo-aumento-de-tarifa\\\/#primaryimage\"},\"thumbnailUrl\":\"https:\\\/\\\/www.eldiariodetucuman.com\\\/web\\\/wp-content\\\/uploads\\\/2018\\\/04\\\/servicio-sat.jpg\",\"keywords\":[\"Argentina\",\"El Diario de Tucuman\",\"SAT\",\"servicio\"],\"articleSection\":[\"Actualidad\"],\"inLanguage\":\"es\"},{\"@type\":\"WebPage\",\"@id\":\"https:\\\/\\\/www.eldiariodetucuman.com\\\/web\\\/segun-el-titular-de-la-sat-se-necesita-un-nuevo-aumento-de-tarifa\\\/\",\"url\":\"https:\\\/\\\/www.eldiariodetucuman.com\\\/web\\\/segun-el-titular-de-la-sat-se-necesita-un-nuevo-aumento-de-tarifa\\\/\",\"name\":\"Seg\u00fan el titular de la SAT, se necesita un nuevo aumento de tarifa - El Diario de Tucuman\",\"isPartOf\":{\"@id\":\"https:\\\/\\\/www.eldiariodetucuman.com\\\/web\\\/#website\"},\"primaryImageOfPage\":{\"@id\":\"https:\\\/\\\/www.eldiariodetucuman.com\\\/web\\\/segun-el-titular-de-la-sat-se-necesita-un-nuevo-aumento-de-tarifa\\\/#primaryimage\"},\"image\":{\"@id\":\"https:\\\/\\\/www.eldiariodetucuman.com\\\/web\\\/segun-el-titular-de-la-sat-se-necesita-un-nuevo-aumento-de-tarifa\\\/#primaryimage\"},\"thumbnailUrl\":\"https:\\\/\\\/www.eldiariodetucuman.com\\\/web\\\/wp-content\\\/uploads\\\/2018\\\/04\\\/servicio-sat.jpg\",\"datePublished\":\"2018-04-17T13:38:41+00:00\",\"dateModified\":\"2018-04-17T13:47:51+00:00\",\"breadcrumb\":{\"@id\":\"https:\\\/\\\/www.eldiariodetucuman.com\\\/web\\\/segun-el-titular-de-la-sat-se-necesita-un-nuevo-aumento-de-tarifa\\\/#breadcrumb\"},\"inLanguage\":\"es\",\"potentialAction\":[{\"@type\":\"ReadAction\",\"target\":[\"https:\\\/\\\/www.eldiariodetucuman.com\\\/web\\\/segun-el-titular-de-la-sat-se-necesita-un-nuevo-aumento-de-tarifa\\\/\"]}]},{\"@type\":\"ImageObject\",\"inLanguage\":\"es\",\"@id\":\"https:\\\/\\\/www.eldiariodetucuman.com\\\/web\\\/segun-el-titular-de-la-sat-se-necesita-un-nuevo-aumento-de-tarifa\\\/#primaryimage\",\"url\":\"https:\\\/\\\/www.eldiariodetucuman.com\\\/web\\\/wp-content\\\/uploads\\\/2018\\\/04\\\/servicio-sat.jpg\",\"contentUrl\":\"https:\\\/\\\/www.eldiariodetucuman.com\\\/web\\\/wp-content\\\/uploads\\\/2018\\\/04\\\/servicio-sat.jpg\",\"width\":600,\"height\":405},{\"@type\":\"BreadcrumbList\",\"@id\":\"https:\\\/\\\/www.eldiariodetucuman.com\\\/web\\\/segun-el-titular-de-la-sat-se-necesita-un-nuevo-aumento-de-tarifa\\\/#breadcrumb\",\"itemListElement\":[{\"@type\":\"ListItem\",\"position\":1,\"name\":\"Portada\",\"item\":\"https:\\\/\\\/www.eldiariodetucuman.com\\\/web\\\/\"},{\"@type\":\"ListItem\",\"position\":2,\"name\":\"Seg\u00fan el titular de la SAT, se necesita un nuevo aumento de tarifa\"}]},{\"@type\":\"WebSite\",\"@id\":\"https:\\\/\\\/www.eldiariodetucuman.com\\\/web\\\/#website\",\"url\":\"https:\\\/\\\/www.eldiariodetucuman.com\\\/web\\\/\",\"name\":\"El Diario de Tucuman\",\"description\":\"Diario Tucuman - Informaci\u00f3n y noticias\",\"publisher\":{\"@id\":\"https:\\\/\\\/www.eldiariodetucuman.com\\\/web\\\/#organization\"},\"potentialAction\":[{\"@type\":\"SearchAction\",\"target\":{\"@type\":\"EntryPoint\",\"urlTemplate\":\"https:\\\/\\\/www.eldiariodetucuman.com\\\/web\\\/?s={search_term_string}\"},\"query-input\":{\"@type\":\"PropertyValueSpecification\",\"valueRequired\":true,\"valueName\":\"search_term_string\"}}],\"inLanguage\":\"es\"},{\"@type\":\"Organization\",\"@id\":\"https:\\\/\\\/www.eldiariodetucuman.com\\\/web\\\/#organization\",\"name\":\"El Diario de Tucuman\",\"url\":\"https:\\\/\\\/www.eldiariodetucuman.com\\\/web\\\/\",\"logo\":{\"@type\":\"ImageObject\",\"inLanguage\":\"es\",\"@id\":\"https:\\\/\\\/www.eldiariodetucuman.com\\\/web\\\/#\\\/schema\\\/logo\\\/image\\\/\",\"url\":\"http:\\\/\\\/www.eldiariodetucuman.com\\\/web\\\/wp-content\\\/uploads\\\/2017\\\/12\\\/el-diario-de-tucuman.jpg\",\"contentUrl\":\"http:\\\/\\\/www.eldiariodetucuman.com\\\/web\\\/wp-content\\\/uploads\\\/2017\\\/12\\\/el-diario-de-tucuman.jpg\",\"width\":272,\"height\":92,\"caption\":\"El Diario de Tucuman\"},\"image\":{\"@id\":\"https:\\\/\\\/www.eldiariodetucuman.com\\\/web\\\/#\\\/schema\\\/logo\\\/image\\\/\"}},{\"@type\":\"Person\",\"@id\":\"https:\\\/\\\/www.eldiariodetucuman.com\\\/web\\\/#\\\/schema\\\/person\\\/7e6644a46e60888f6b868594407e08dd\",\"name\":\"Redactor Uno\",\"image\":{\"@type\":\"ImageObject\",\"inLanguage\":\"es\",\"@id\":\"https:\\\/\\\/secure.gravatar.com\\\/avatar\\\/0049b1bdf1bd548385c9ea6b9356431717930913089febd2ba904f0187d7d074?s=96&d=mm&r=g\",\"url\":\"https:\\\/\\\/secure.gravatar.com\\\/avatar\\\/0049b1bdf1bd548385c9ea6b9356431717930913089febd2ba904f0187d7d074?s=96&d=mm&r=g\",\"contentUrl\":\"https:\\\/\\\/secure.gravatar.com\\\/avatar\\\/0049b1bdf1bd548385c9ea6b9356431717930913089febd2ba904f0187d7d074?s=96&d=mm&r=g\",\"caption\":\"Redactor Uno\"},\"url\":\"https:\\\/\\\/www.eldiariodetucuman.com\\\/web\\\/author\\\/mramasco\\\/\"}]}<\/script>\n<!-- \/ Yoast SEO plugin. -->","yoast_head_json":{"title":"Seg\u00fan el titular de la SAT, se necesita un nuevo aumento de tarifa - El Diario de Tucuman","robots":{"index":"index","follow":"follow","max-snippet":"max-snippet:-1","max-image-preview":"max-image-preview:large","max-video-preview":"max-video-preview:-1"},"canonical":"https:\/\/www.eldiariodetucuman.com\/web\/segun-el-titular-de-la-sat-se-necesita-un-nuevo-aumento-de-tarifa\/","og_locale":"es_ES","og_type":"article","og_title":"Seg\u00fan el titular de la SAT, se necesita un nuevo aumento de tarifa - El Diario de Tucuman","og_description":"Fernando Baratelli, titular de la\u00a0Sociedad Aguas del Tucum\u00e1n (SAT), calific\u00f3 como complicada la situaci\u00f3n financiera de la empresa, a la vez que asegur\u00f3 que, sin una actualizaci\u00f3n de la tarifa, se les har\u00e1 muy dificil seguir operando.","og_url":"https:\/\/www.eldiariodetucuman.com\/web\/segun-el-titular-de-la-sat-se-necesita-un-nuevo-aumento-de-tarifa\/","og_site_name":"El Diario de Tucuman","article_published_time":"2018-04-17T13:38:41+00:00","article_modified_time":"2018-04-17T13:47:51+00:00","og_image":[{"width":600,"height":405,"url":"https:\/\/www.eldiariodetucuman.com\/web\/wp-content\/uploads\/2018\/04\/servicio-sat.jpg","type":"image\/jpeg"}],"author":"Redactor Uno","twitter_card":"summary_large_image","twitter_misc":{"Escrito por":"Redactor Uno","Tiempo de lectura":"1 minuto"},"schema":{"@context":"https:\/\/schema.org","@graph":[{"@type":"Article","@id":"https:\/\/www.eldiariodetucuman.com\/web\/segun-el-titular-de-la-sat-se-necesita-un-nuevo-aumento-de-tarifa\/#article","isPartOf":{"@id":"https:\/\/www.eldiariodetucuman.com\/web\/segun-el-titular-de-la-sat-se-necesita-un-nuevo-aumento-de-tarifa\/"},"author":{"name":"Redactor Uno","@id":"https:\/\/www.eldiariodetucuman.com\/web\/#\/schema\/person\/7e6644a46e60888f6b868594407e08dd"},"headline":"Seg\u00fan el titular de la SAT, se necesita un nuevo aumento de tarifa","datePublished":"2018-04-17T13:38:41+00:00","dateModified":"2018-04-17T13:47:51+00:00","mainEntityOfPage":{"@id":"https:\/\/www.eldiariodetucuman.com\/web\/segun-el-titular-de-la-sat-se-necesita-un-nuevo-aumento-de-tarifa\/"},"wordCount":302,"publisher":{"@id":"https:\/\/www.eldiariodetucuman.com\/web\/#organization"},"image":{"@id":"https:\/\/www.eldiariodetucuman.com\/web\/segun-el-titular-de-la-sat-se-necesita-un-nuevo-aumento-de-tarifa\/#primaryimage"},"thumbnailUrl":"https:\/\/www.eldiariodetucuman.com\/web\/wp-content\/uploads\/2018\/04\/servicio-sat.jpg","keywords":["Argentina","El Diario de Tucuman","SAT","servicio"],"articleSection":["Actualidad"],"inLanguage":"es"},{"@type":"WebPage","@id":"https:\/\/www.eldiariodetucuman.com\/web\/segun-el-titular-de-la-sat-se-necesita-un-nuevo-aumento-de-tarifa\/","url":"https:\/\/www.eldiariodetucuman.com\/web\/segun-el-titular-de-la-sat-se-necesita-un-nuevo-aumento-de-tarifa\/","name":"Seg\u00fan el titular de la SAT, se necesita un nuevo aumento de tarifa - El Diario de Tucuman","isPartOf":{"@id":"https:\/\/www.eldiariodetucuman.com\/web\/#website"},"primaryImageOfPage":{"@id":"https:\/\/www.eldiariodetucuman.com\/web\/segun-el-titular-de-la-sat-se-necesita-un-nuevo-aumento-de-tarifa\/#primaryimage"},"image":{"@id":"https:\/\/www.eldiariodetucuman.com\/web\/segun-el-titular-de-la-sat-se-necesita-un-nuevo-aumento-de-tarifa\/#primaryimage"},"thumbnailUrl":"https:\/\/www.eldiariodetucuman.com\/web\/wp-content\/uploads\/2018\/04\/servicio-sat.jpg","datePublished":"2018-04-17T13:38:41+00:00","dateModified":"2018-04-17T13:47:51+00:00","breadcrumb":{"@id":"https:\/\/www.eldiariodetucuman.com\/web\/segun-el-titular-de-la-sat-se-necesita-un-nuevo-aumento-de-tarifa\/#breadcrumb"},"inLanguage":"es","potentialAction":[{"@type":"ReadAction","target":["https:\/\/www.eldiariodetucuman.com\/web\/segun-el-titular-de-la-sat-se-necesita-un-nuevo-aumento-de-tarifa\/"]}]},{"@type":"ImageObject","inLanguage":"es","@id":"https:\/\/www.eldiariodetucuman.com\/web\/segun-el-titular-de-la-sat-se-necesita-un-nuevo-aumento-de-tarifa\/#primaryimage","url":"https:\/\/www.eldiariodetucuman.com\/web\/wp-content\/uploads\/2018\/04\/servicio-sat.jpg","contentUrl":"https:\/\/www.eldiariodetucuman.com\/web\/wp-content\/uploads\/2018\/04\/servicio-sat.jpg","width":600,"height":405},{"@type":"BreadcrumbList","@id":"https:\/\/www.eldiariodetucuman.com\/web\/segun-el-titular-de-la-sat-se-necesita-un-nuevo-aumento-de-tarifa\/#breadcrumb","itemListElement":[{"@type":"ListItem","position":1,"name":"Portada","item":"https:\/\/www.eldiariodetucuman.com\/web\/"},{"@type":"ListItem","position":2,"name":"Seg\u00fan el titular de la SAT, se necesita un nuevo aumento de tarifa"}]},{"@type":"WebSite","@id":"https:\/\/www.eldiariodetucuman.com\/web\/#website","url":"https:\/\/www.eldiariodetucuman.com\/web\/","name":"El Diario de Tucuman","description":"Diario Tucuman - Informaci\u00f3n y noticias","publisher":{"@id":"https:\/\/www.eldiariodetucuman.com\/web\/#organization"},"potentialAction":[{"@type":"SearchAction","target":{"@type":"EntryPoint","urlTemplate":"https:\/\/www.eldiariodetucuman.com\/web\/?s={search_term_string}"},"query-input":{"@type":"PropertyValueSpecification","valueRequired":true,"valueName":"search_term_string"}}],"inLanguage":"es"},{"@type":"Organization","@id":"https:\/\/www.eldiariodetucuman.com\/web\/#organization","name":"El Diario de Tucuman","url":"https:\/\/www.eldiariodetucuman.com\/web\/","logo":{"@type":"ImageObject","inLanguage":"es","@id":"https:\/\/www.eldiariodetucuman.com\/web\/#\/schema\/logo\/image\/","url":"http:\/\/www.eldiariodetucuman.com\/web\/wp-content\/uploads\/2017\/12\/el-diario-de-tucuman.jpg","contentUrl":"http:\/\/www.eldiariodetucuman.com\/web\/wp-content\/uploads\/2017\/12\/el-diario-de-tucuman.jpg","width":272,"height":92,"caption":"El Diario de Tucuman"},"image":{"@id":"https:\/\/www.eldiariodetucuman.com\/web\/#\/schema\/logo\/image\/"}},{"@type":"Person","@id":"https:\/\/www.eldiariodetucuman.com\/web\/#\/schema\/person\/7e6644a46e60888f6b868594407e08dd","name":"Redactor Uno","image":{"@type":"ImageObject","inLanguage":"es","@id":"https:\/\/secure.gravatar.com\/avatar\/0049b1bdf1bd548385c9ea6b9356431717930913089febd2ba904f0187d7d074?s=96&d=mm&r=g","url":"https:\/\/secure.gravatar.com\/avatar\/0049b1bdf1bd548385c9ea6b9356431717930913089febd2ba904f0187d7d074?s=96&d=mm&r=g","contentUrl":"https:\/\/secure.gravatar.com\/avatar\/0049b1bdf1bd548385c9ea6b9356431717930913089febd2ba904f0187d7d074?s=96&d=mm&r=g","caption":"Redactor Uno"},"url":"https:\/\/www.eldiariodetucuman.com\/web\/author\/mramasco\/"}]}},"_links":{"self":[{"href":"https:\/\/www.eldiariodetucuman.com\/web\/wp-json\/wp\/v2\/posts\/8625","targetHints":{"allow":["GET"]}}],"collection":[{"href":"https:\/\/www.eldiariodetucuman.com\/web\/wp-json\/wp\/v2\/posts"}],"about":[{"href":"https:\/\/www.eldiariodetucuman.com\/web\/wp-json\/wp\/v2\/types\/post"}],"author":[{"embeddable":true,"href":"https:\/\/www.eldiariodetucuman.com\/web\/wp-json\/wp\/v2\/users\/5"}],"replies":[{"embeddable":true,"href":"https:\/\/www.eldiariodetucuman.com\/web\/wp-json\/wp\/v2\/comments?post=8625"}],"version-history":[{"count":3,"href":"https:\/\/www.eldiariodetucuman.com\/web\/wp-json\/wp\/v2\/posts\/8625\/revisions"}],"predecessor-version":[{"id":8629,"href":"https:\/\/www.eldiariodetucuman.com\/web\/wp-json\/wp\/v2\/posts\/8625\/revisions\/8629"}],"wp:featuredmedia":[{"embeddable":true,"href":"https:\/\/www.eldiariodetucuman.com\/web\/wp-json\/wp\/v2\/media\/8626"}],"wp:attachment":[{"href":"https:\/\/www.eldiariodetucuman.com\/web\/wp-json\/wp\/v2\/media?parent=8625"}],"wp:term":[{"taxonomy":"category","embeddable":true,"href":"https:\/\/www.eldiariodetucuman.com\/web\/wp-json\/wp\/v2\/categories?post=8625"},{"taxonomy":"post_tag","embeddable":true,"href":"https:\/\/www.eldiariodetucuman.com\/web\/wp-json\/wp\/v2\/tags?post=8625"}],"curies":[{"name":"wp","href":"https:\/\/api.w.org\/{rel}","templated":true}]}}