{"id":8621,"date":"2018-04-17T10:29:15","date_gmt":"2018-04-17T13:29:15","guid":{"rendered":"http:\/\/www.eldiariodetucuman.com\/web\/?p=8621"},"modified":"2018-04-17T10:29:15","modified_gmt":"2018-04-17T13:29:15","slug":"alarmante-el-75-de-los-argentinos-se-automedica","status":"publish","type":"post","link":"https:\/\/www.eldiariodetucuman.com\/web\/alarmante-el-75-de-los-argentinos-se-automedica\/","title":{"rendered":"Alarmante : El 75% de los argentinos se automedica"},"content":{"rendered":"<div class=\"f-right\">\n<p>Los antibi\u00f3ticos encabezan la lista de los medicamentos que se compran sin receta.<\/p>\n<\/div>\n<p><!--more--><\/p>\n<div class=\"w620 noborde\">\n<div class=\"cajaherramientas\">\n<p class=\"fecha_interna\">Lleg\u00f3 el\u00a0oto\u00f1o\u00a0y ya comenzaron a hacerse sentir las\u00a0enfermedades respiratorias. La tos, el dolor de garganta y los resfr\u00edos llevan cada vez m\u00e1s gente a la farmacia. Detr\u00e1s del mostrador, el pedido m\u00e1s com\u00fan es antibi\u00f3ticos y antigripales compuestos. En muchos casos los clientes se llevan a casa estos remedios sin receta y sin ni siquiera haber pasado por una consulta m\u00e9dica.<\/p>\n<p class=\"fecha_interna\">La automedicaci\u00f3n con antibi\u00f3ticos es cada vez m\u00e1s preocupante. En Argentina, estos remedios encabezan la lista de los medicamentos que se compran sin receta, seg\u00fan surge de una encuesta realizada por la consultora D\u2019Alessio Irol en cuatro pa\u00edses de Latinoam\u00e9rica y publicada en su p\u00e1gina web. Seg\u00fan este estudio, el 75% de los argentinos se automedica en caso de gripe y resfr\u00edo.<\/p>\n<p class=\"fecha_interna\">El problema es que mucha gente no entiende que el antibi\u00f3tico no sirve para curar cualquier afecci\u00f3n, aclara Lucila Un\u00edas, docente de la c\u00e1tedra de Farmacolog\u00eda de la Facultad de Medicina de la UNT y presidenta del Grupo Argentino para el Uso Racional del Medicamento (Gapurmed). \u00abSirve espec\u00edficamente para tratar patolog\u00edas causadas por bacterias. Y se cree que sirve para todo tipo de enfermedades respiratorias, cuando el 70% de estas son desencadenadas por virus a los que los antibi\u00f3ticos no les hacen nada\u201d, resalt\u00f3.<\/p>\n<\/div>\n<\/div>\n<div class=\"caja\">\n<div id=\"noticiaint\">\n<p id=\"txtcontenido\"><strong>Uso inadecuado<\/strong><\/p>\n<p>No son inocuos los antibi\u00f3ticos: tienen efectos secundarios. Adem\u00e1s, cuando los tomamos mal hay otra cuesti\u00f3n que es la m\u00e1s preocupante de todas: van perdiendo eficacia.<\/p>\n<p>\u00abEl inadecuado uso de antibi\u00f3ticos es un grave problema de salud p\u00fablica\u201d, advierte Un\u00edas. La Organizaci\u00f3n Mundial de la Salud viene alertando desde hace tiempo sobre la resistencia de las bacterias a estos medicamentos.<br \/>\n\u00abSer\u00eda muy malo que las bacterias ganen la batalla. Los antibi\u00f3ticos significaron un gran avance para la medicina\u201d, apunta Un\u00edas.<\/p>\n<p>En la actualidad se ha comprobado que algunos antibi\u00f3ticos no responden en uno de cada cuatro tratamientos. \u00abTomar un medicamento cuando no hace falta o no cumplir con las dosis indicadas &#8211; con los intervalos de tiempo que necesitan- hace que la persona, cuando realmente necesite este remedio, ya no obtendr\u00e1 el efecto que requiera\u201d, explica la experta.<\/p>\n<p><strong>Cuesti\u00f3n legal<\/strong><br \/>\nEn Argentina hay una ley que establece que tanto los psicotr\u00f3picos como los antibi\u00f3ticos deben venderse bajo receta. Sin embargo, en el caso de los segundos no siempre se cumple. \u00abEl tema es que los controles son insuficientes. Hay pocos inspectores y no pueden estar controlando todo el tiempo todas las farmacias. En esto entra en juego la responsabilidad y la \u00e9tica del farmac\u00e9utico: no deber\u00edan venderlos sin receta porque caso contrario est\u00e1n haciendo un da\u00f1o\u201d, remarca Un\u00edas.<\/p>\n<p>Hay otra realidad: el paciente que va al m\u00e9dico quiere que la consulta termine con la prescripci\u00f3n de un medicamento. \u00abLa presi\u00f3n del paciente es muy importante. Si el profesional indica s\u00f3lo ibuprofeno, se desesperan. Quieren una soluci\u00f3n r\u00e1pida. A veces, el m\u00e9dico por falta de tiempo, termina cediendo y le receta el antibi\u00f3tico\u201d, cuenta Un\u00edas, y reitera que estos f\u00e1rmacos s\u00f3lo deben usarse en caso de infecciones causadas por bacterias; por ejemplo, la neumon\u00eda.<\/p>\n<p><strong>Resfr\u00edos y gripes<\/strong><\/p>\n<p>&#8211; Consult\u00e1 con tu m\u00e9dico cuando te sientas enfermo. No tomes medicamentos que sobraron para tratar una patolog\u00eda nueva, no compartas antibi\u00f3ticos, y no tomes antibi\u00f3ticos para un virus.<\/p>\n<p>&#8211; Las infecciones del tracto superior, como el resfriado com\u00fan, y la influenza son causadas por virus. Los antibi\u00f3ticos s\u00f3lo matan las bacterias.<\/p>\n<p>&#8211; La mejor forma de prevenir la gripe es vacunarse cada a\u00f1o. Si ya ten\u00e9s influenza, tu m\u00e9dico te podr\u00e1 indicar un medicamento antiviral para acelerar tu recuperaci\u00f3n.<\/p>\n<p>&#8211; Los resfriados normalmente durante entre siete y 10 d\u00edas. Los s\u00edntomas desaparecen con mucho descanso y l\u00edquidos. Se pueden tomar medicamentos de venta libre, como analg\u00e9sicos, que no necesitan receta para aliviar algunos de los s\u00edntomas.<\/p>\n<p><strong>Advertencia de la OMS<\/strong><\/p>\n<p>En 30 a\u00f1os m\u00e1s las \u00absuperbacterias\u201d\u00a0 ser\u00e1n la primera causa de muerte. Las denominadas \u00absuperbacterias\u201d, que son inmunes a los medicamentos est\u00e1ndar por mutaciones espont\u00e1neas, matar\u00e1n a 10 millones de personas cada a\u00f1o a partir de 2050, lo que la convertir\u00e1 en la primera causa de muerte a nivel mundial, indic\u00f3 la Organizaci\u00f3n Mundial de la Salud (OMS) en un informe que public\u00f3 en noviembre pasado en el marco de la semana mundial de concientizaci\u00f3n sobre el uso de antibi\u00f3ticos. Actualmente, cada a\u00f1o fallecen 2 millones de personas por esta causa. El mundo se est\u00e1 quedando sin antibi\u00f3ticos\u201d, advierte la OMS. Y a\u00f1ade que la medicina moderna no ser\u00eda posible sin estos remedios, que van perdiendo eficacia a causa de su mal uso.<\/p>\n<p><strong>Fuente:<\/strong>\u00a0<a href=\"http:\/\/www.tucumanalas7.com.ar\/novedades\/salud\/2018\/4\/12\/argentinos-automedica-172246.html\">http:\/\/www.tucumanalas7.com.ar\/novedades\/salud\/2018\/4\/12\/argentinos-automedica-172246.html<\/a><\/p>\n<\/div>\n<\/div>\n","protected":false},"excerpt":{"rendered":"<p>Los antibi\u00f3ticos encabezan la lista de los medicamentos que se compran sin receta.<\/p>\n","protected":false},"author":5,"featured_media":8622,"comment_status":"closed","ping_status":"open","sticky":false,"template":"","format":"standard","meta":{"footnotes":""},"categories":[578],"tags":[134,7,79],"class_list":{"0":"post-8621","1":"post","2":"type-post","3":"status-publish","4":"format-standard","5":"has-post-thumbnail","7":"category-salud","8":"tag-argentina","9":"tag-el-diario-de-tucuman","10":"tag-salud"},"yoast_head":"<!-- This site is optimized with the Yoast SEO plugin v27.4 - https:\/\/yoast.com\/product\/yoast-seo-wordpress\/ -->\n<title>Alarmante : El 75% de los argentinos se automedica - El Diario de Tucuman<\/title>\n<meta name=\"robots\" content=\"index, follow, max-snippet:-1, max-image-preview:large, max-video-preview:-1\" \/>\n<link rel=\"canonical\" href=\"https:\/\/www.eldiariodetucuman.com\/web\/alarmante-el-75-de-los-argentinos-se-automedica\/\" \/>\n<meta property=\"og:locale\" content=\"es_ES\" \/>\n<meta property=\"og:type\" content=\"article\" \/>\n<meta property=\"og:title\" content=\"Alarmante : El 75% de los argentinos se automedica - El Diario de Tucuman\" \/>\n<meta property=\"og:description\" content=\"Los antibi\u00f3ticos encabezan la lista de los medicamentos que se compran sin receta.\" \/>\n<meta property=\"og:url\" content=\"https:\/\/www.eldiariodetucuman.com\/web\/alarmante-el-75-de-los-argentinos-se-automedica\/\" \/>\n<meta property=\"og:site_name\" content=\"El Diario de Tucuman\" \/>\n<meta property=\"article:published_time\" content=\"2018-04-17T13:29:15+00:00\" \/>\n<meta property=\"og:image\" content=\"https:\/\/www.eldiariodetucuman.com\/web\/wp-content\/uploads\/2018\/04\/automedicarse.jpg\" \/>\n\t<meta property=\"og:image:width\" content=\"752\" \/>\n\t<meta property=\"og:image:height\" content=\"440\" \/>\n\t<meta property=\"og:image:type\" content=\"image\/jpeg\" \/>\n<meta name=\"author\" content=\"Redactor Uno\" \/>\n<meta name=\"twitter:card\" content=\"summary_large_image\" \/>\n<meta name=\"twitter:label1\" content=\"Escrito por\" \/>\n\t<meta name=\"twitter:data1\" content=\"Redactor Uno\" \/>\n\t<meta name=\"twitter:label2\" content=\"Tiempo de lectura\" \/>\n\t<meta name=\"twitter:data2\" content=\"4 minutos\" \/>\n<script type=\"application\/ld+json\" class=\"yoast-schema-graph\">{\"@context\":\"https:\\\/\\\/schema.org\",\"@graph\":[{\"@type\":\"Article\",\"@id\":\"https:\\\/\\\/www.eldiariodetucuman.com\\\/web\\\/alarmante-el-75-de-los-argentinos-se-automedica\\\/#article\",\"isPartOf\":{\"@id\":\"https:\\\/\\\/www.eldiariodetucuman.com\\\/web\\\/alarmante-el-75-de-los-argentinos-se-automedica\\\/\"},\"author\":{\"name\":\"Redactor Uno\",\"@id\":\"https:\\\/\\\/www.eldiariodetucuman.com\\\/web\\\/#\\\/schema\\\/person\\\/7e6644a46e60888f6b868594407e08dd\"},\"headline\":\"Alarmante : El 75% de los argentinos se automedica\",\"datePublished\":\"2018-04-17T13:29:15+00:00\",\"mainEntityOfPage\":{\"@id\":\"https:\\\/\\\/www.eldiariodetucuman.com\\\/web\\\/alarmante-el-75-de-los-argentinos-se-automedica\\\/\"},\"wordCount\":865,\"publisher\":{\"@id\":\"https:\\\/\\\/www.eldiariodetucuman.com\\\/web\\\/#organization\"},\"image\":{\"@id\":\"https:\\\/\\\/www.eldiariodetucuman.com\\\/web\\\/alarmante-el-75-de-los-argentinos-se-automedica\\\/#primaryimage\"},\"thumbnailUrl\":\"https:\\\/\\\/www.eldiariodetucuman.com\\\/web\\\/wp-content\\\/uploads\\\/2018\\\/04\\\/automedicarse.jpg\",\"keywords\":[\"Argentina\",\"El Diario de Tucuman\",\"salud\"],\"articleSection\":[\"Salud\"],\"inLanguage\":\"es\"},{\"@type\":\"WebPage\",\"@id\":\"https:\\\/\\\/www.eldiariodetucuman.com\\\/web\\\/alarmante-el-75-de-los-argentinos-se-automedica\\\/\",\"url\":\"https:\\\/\\\/www.eldiariodetucuman.com\\\/web\\\/alarmante-el-75-de-los-argentinos-se-automedica\\\/\",\"name\":\"Alarmante : El 75% de los argentinos se automedica - El Diario de Tucuman\",\"isPartOf\":{\"@id\":\"https:\\\/\\\/www.eldiariodetucuman.com\\\/web\\\/#website\"},\"primaryImageOfPage\":{\"@id\":\"https:\\\/\\\/www.eldiariodetucuman.com\\\/web\\\/alarmante-el-75-de-los-argentinos-se-automedica\\\/#primaryimage\"},\"image\":{\"@id\":\"https:\\\/\\\/www.eldiariodetucuman.com\\\/web\\\/alarmante-el-75-de-los-argentinos-se-automedica\\\/#primaryimage\"},\"thumbnailUrl\":\"https:\\\/\\\/www.eldiariodetucuman.com\\\/web\\\/wp-content\\\/uploads\\\/2018\\\/04\\\/automedicarse.jpg\",\"datePublished\":\"2018-04-17T13:29:15+00:00\",\"breadcrumb\":{\"@id\":\"https:\\\/\\\/www.eldiariodetucuman.com\\\/web\\\/alarmante-el-75-de-los-argentinos-se-automedica\\\/#breadcrumb\"},\"inLanguage\":\"es\",\"potentialAction\":[{\"@type\":\"ReadAction\",\"target\":[\"https:\\\/\\\/www.eldiariodetucuman.com\\\/web\\\/alarmante-el-75-de-los-argentinos-se-automedica\\\/\"]}]},{\"@type\":\"ImageObject\",\"inLanguage\":\"es\",\"@id\":\"https:\\\/\\\/www.eldiariodetucuman.com\\\/web\\\/alarmante-el-75-de-los-argentinos-se-automedica\\\/#primaryimage\",\"url\":\"https:\\\/\\\/www.eldiariodetucuman.com\\\/web\\\/wp-content\\\/uploads\\\/2018\\\/04\\\/automedicarse.jpg\",\"contentUrl\":\"https:\\\/\\\/www.eldiariodetucuman.com\\\/web\\\/wp-content\\\/uploads\\\/2018\\\/04\\\/automedicarse.jpg\",\"width\":752,\"height\":440},{\"@type\":\"BreadcrumbList\",\"@id\":\"https:\\\/\\\/www.eldiariodetucuman.com\\\/web\\\/alarmante-el-75-de-los-argentinos-se-automedica\\\/#breadcrumb\",\"itemListElement\":[{\"@type\":\"ListItem\",\"position\":1,\"name\":\"Portada\",\"item\":\"https:\\\/\\\/www.eldiariodetucuman.com\\\/web\\\/\"},{\"@type\":\"ListItem\",\"position\":2,\"name\":\"Alarmante : El 75% de los argentinos se automedica\"}]},{\"@type\":\"WebSite\",\"@id\":\"https:\\\/\\\/www.eldiariodetucuman.com\\\/web\\\/#website\",\"url\":\"https:\\\/\\\/www.eldiariodetucuman.com\\\/web\\\/\",\"name\":\"El Diario de Tucuman\",\"description\":\"Diario Tucuman - Informaci\u00f3n y noticias\",\"publisher\":{\"@id\":\"https:\\\/\\\/www.eldiariodetucuman.com\\\/web\\\/#organization\"},\"potentialAction\":[{\"@type\":\"SearchAction\",\"target\":{\"@type\":\"EntryPoint\",\"urlTemplate\":\"https:\\\/\\\/www.eldiariodetucuman.com\\\/web\\\/?s={search_term_string}\"},\"query-input\":{\"@type\":\"PropertyValueSpecification\",\"valueRequired\":true,\"valueName\":\"search_term_string\"}}],\"inLanguage\":\"es\"},{\"@type\":\"Organization\",\"@id\":\"https:\\\/\\\/www.eldiariodetucuman.com\\\/web\\\/#organization\",\"name\":\"El Diario de Tucuman\",\"url\":\"https:\\\/\\\/www.eldiariodetucuman.com\\\/web\\\/\",\"logo\":{\"@type\":\"ImageObject\",\"inLanguage\":\"es\",\"@id\":\"https:\\\/\\\/www.eldiariodetucuman.com\\\/web\\\/#\\\/schema\\\/logo\\\/image\\\/\",\"url\":\"http:\\\/\\\/www.eldiariodetucuman.com\\\/web\\\/wp-content\\\/uploads\\\/2017\\\/12\\\/el-diario-de-tucuman.jpg\",\"contentUrl\":\"http:\\\/\\\/www.eldiariodetucuman.com\\\/web\\\/wp-content\\\/uploads\\\/2017\\\/12\\\/el-diario-de-tucuman.jpg\",\"width\":272,\"height\":92,\"caption\":\"El Diario de Tucuman\"},\"image\":{\"@id\":\"https:\\\/\\\/www.eldiariodetucuman.com\\\/web\\\/#\\\/schema\\\/logo\\\/image\\\/\"}},{\"@type\":\"Person\",\"@id\":\"https:\\\/\\\/www.eldiariodetucuman.com\\\/web\\\/#\\\/schema\\\/person\\\/7e6644a46e60888f6b868594407e08dd\",\"name\":\"Redactor Uno\",\"image\":{\"@type\":\"ImageObject\",\"inLanguage\":\"es\",\"@id\":\"https:\\\/\\\/secure.gravatar.com\\\/avatar\\\/0049b1bdf1bd548385c9ea6b9356431717930913089febd2ba904f0187d7d074?s=96&d=mm&r=g\",\"url\":\"https:\\\/\\\/secure.gravatar.com\\\/avatar\\\/0049b1bdf1bd548385c9ea6b9356431717930913089febd2ba904f0187d7d074?s=96&d=mm&r=g\",\"contentUrl\":\"https:\\\/\\\/secure.gravatar.com\\\/avatar\\\/0049b1bdf1bd548385c9ea6b9356431717930913089febd2ba904f0187d7d074?s=96&d=mm&r=g\",\"caption\":\"Redactor Uno\"},\"url\":\"https:\\\/\\\/www.eldiariodetucuman.com\\\/web\\\/author\\\/mramasco\\\/\"}]}<\/script>\n<!-- \/ Yoast SEO plugin. -->","yoast_head_json":{"title":"Alarmante : El 75% de los argentinos se automedica - El Diario de Tucuman","robots":{"index":"index","follow":"follow","max-snippet":"max-snippet:-1","max-image-preview":"max-image-preview:large","max-video-preview":"max-video-preview:-1"},"canonical":"https:\/\/www.eldiariodetucuman.com\/web\/alarmante-el-75-de-los-argentinos-se-automedica\/","og_locale":"es_ES","og_type":"article","og_title":"Alarmante : El 75% de los argentinos se automedica - El Diario de Tucuman","og_description":"Los antibi\u00f3ticos encabezan la lista de los medicamentos que se compran sin receta.","og_url":"https:\/\/www.eldiariodetucuman.com\/web\/alarmante-el-75-de-los-argentinos-se-automedica\/","og_site_name":"El Diario de Tucuman","article_published_time":"2018-04-17T13:29:15+00:00","og_image":[{"width":752,"height":440,"url":"https:\/\/www.eldiariodetucuman.com\/web\/wp-content\/uploads\/2018\/04\/automedicarse.jpg","type":"image\/jpeg"}],"author":"Redactor Uno","twitter_card":"summary_large_image","twitter_misc":{"Escrito por":"Redactor Uno","Tiempo de lectura":"4 minutos"},"schema":{"@context":"https:\/\/schema.org","@graph":[{"@type":"Article","@id":"https:\/\/www.eldiariodetucuman.com\/web\/alarmante-el-75-de-los-argentinos-se-automedica\/#article","isPartOf":{"@id":"https:\/\/www.eldiariodetucuman.com\/web\/alarmante-el-75-de-los-argentinos-se-automedica\/"},"author":{"name":"Redactor Uno","@id":"https:\/\/www.eldiariodetucuman.com\/web\/#\/schema\/person\/7e6644a46e60888f6b868594407e08dd"},"headline":"Alarmante : El 75% de los argentinos se automedica","datePublished":"2018-04-17T13:29:15+00:00","mainEntityOfPage":{"@id":"https:\/\/www.eldiariodetucuman.com\/web\/alarmante-el-75-de-los-argentinos-se-automedica\/"},"wordCount":865,"publisher":{"@id":"https:\/\/www.eldiariodetucuman.com\/web\/#organization"},"image":{"@id":"https:\/\/www.eldiariodetucuman.com\/web\/alarmante-el-75-de-los-argentinos-se-automedica\/#primaryimage"},"thumbnailUrl":"https:\/\/www.eldiariodetucuman.com\/web\/wp-content\/uploads\/2018\/04\/automedicarse.jpg","keywords":["Argentina","El Diario de Tucuman","salud"],"articleSection":["Salud"],"inLanguage":"es"},{"@type":"WebPage","@id":"https:\/\/www.eldiariodetucuman.com\/web\/alarmante-el-75-de-los-argentinos-se-automedica\/","url":"https:\/\/www.eldiariodetucuman.com\/web\/alarmante-el-75-de-los-argentinos-se-automedica\/","name":"Alarmante : El 75% de los argentinos se automedica - El Diario de Tucuman","isPartOf":{"@id":"https:\/\/www.eldiariodetucuman.com\/web\/#website"},"primaryImageOfPage":{"@id":"https:\/\/www.eldiariodetucuman.com\/web\/alarmante-el-75-de-los-argentinos-se-automedica\/#primaryimage"},"image":{"@id":"https:\/\/www.eldiariodetucuman.com\/web\/alarmante-el-75-de-los-argentinos-se-automedica\/#primaryimage"},"thumbnailUrl":"https:\/\/www.eldiariodetucuman.com\/web\/wp-content\/uploads\/2018\/04\/automedicarse.jpg","datePublished":"2018-04-17T13:29:15+00:00","breadcrumb":{"@id":"https:\/\/www.eldiariodetucuman.com\/web\/alarmante-el-75-de-los-argentinos-se-automedica\/#breadcrumb"},"inLanguage":"es","potentialAction":[{"@type":"ReadAction","target":["https:\/\/www.eldiariodetucuman.com\/web\/alarmante-el-75-de-los-argentinos-se-automedica\/"]}]},{"@type":"ImageObject","inLanguage":"es","@id":"https:\/\/www.eldiariodetucuman.com\/web\/alarmante-el-75-de-los-argentinos-se-automedica\/#primaryimage","url":"https:\/\/www.eldiariodetucuman.com\/web\/wp-content\/uploads\/2018\/04\/automedicarse.jpg","contentUrl":"https:\/\/www.eldiariodetucuman.com\/web\/wp-content\/uploads\/2018\/04\/automedicarse.jpg","width":752,"height":440},{"@type":"BreadcrumbList","@id":"https:\/\/www.eldiariodetucuman.com\/web\/alarmante-el-75-de-los-argentinos-se-automedica\/#breadcrumb","itemListElement":[{"@type":"ListItem","position":1,"name":"Portada","item":"https:\/\/www.eldiariodetucuman.com\/web\/"},{"@type":"ListItem","position":2,"name":"Alarmante : El 75% de los argentinos se automedica"}]},{"@type":"WebSite","@id":"https:\/\/www.eldiariodetucuman.com\/web\/#website","url":"https:\/\/www.eldiariodetucuman.com\/web\/","name":"El Diario de Tucuman","description":"Diario Tucuman - Informaci\u00f3n y noticias","publisher":{"@id":"https:\/\/www.eldiariodetucuman.com\/web\/#organization"},"potentialAction":[{"@type":"SearchAction","target":{"@type":"EntryPoint","urlTemplate":"https:\/\/www.eldiariodetucuman.com\/web\/?s={search_term_string}"},"query-input":{"@type":"PropertyValueSpecification","valueRequired":true,"valueName":"search_term_string"}}],"inLanguage":"es"},{"@type":"Organization","@id":"https:\/\/www.eldiariodetucuman.com\/web\/#organization","name":"El Diario de Tucuman","url":"https:\/\/www.eldiariodetucuman.com\/web\/","logo":{"@type":"ImageObject","inLanguage":"es","@id":"https:\/\/www.eldiariodetucuman.com\/web\/#\/schema\/logo\/image\/","url":"http:\/\/www.eldiariodetucuman.com\/web\/wp-content\/uploads\/2017\/12\/el-diario-de-tucuman.jpg","contentUrl":"http:\/\/www.eldiariodetucuman.com\/web\/wp-content\/uploads\/2017\/12\/el-diario-de-tucuman.jpg","width":272,"height":92,"caption":"El Diario de Tucuman"},"image":{"@id":"https:\/\/www.eldiariodetucuman.com\/web\/#\/schema\/logo\/image\/"}},{"@type":"Person","@id":"https:\/\/www.eldiariodetucuman.com\/web\/#\/schema\/person\/7e6644a46e60888f6b868594407e08dd","name":"Redactor Uno","image":{"@type":"ImageObject","inLanguage":"es","@id":"https:\/\/secure.gravatar.com\/avatar\/0049b1bdf1bd548385c9ea6b9356431717930913089febd2ba904f0187d7d074?s=96&d=mm&r=g","url":"https:\/\/secure.gravatar.com\/avatar\/0049b1bdf1bd548385c9ea6b9356431717930913089febd2ba904f0187d7d074?s=96&d=mm&r=g","contentUrl":"https:\/\/secure.gravatar.com\/avatar\/0049b1bdf1bd548385c9ea6b9356431717930913089febd2ba904f0187d7d074?s=96&d=mm&r=g","caption":"Redactor Uno"},"url":"https:\/\/www.eldiariodetucuman.com\/web\/author\/mramasco\/"}]}},"_links":{"self":[{"href":"https:\/\/www.eldiariodetucuman.com\/web\/wp-json\/wp\/v2\/posts\/8621","targetHints":{"allow":["GET"]}}],"collection":[{"href":"https:\/\/www.eldiariodetucuman.com\/web\/wp-json\/wp\/v2\/posts"}],"about":[{"href":"https:\/\/www.eldiariodetucuman.com\/web\/wp-json\/wp\/v2\/types\/post"}],"author":[{"embeddable":true,"href":"https:\/\/www.eldiariodetucuman.com\/web\/wp-json\/wp\/v2\/users\/5"}],"replies":[{"embeddable":true,"href":"https:\/\/www.eldiariodetucuman.com\/web\/wp-json\/wp\/v2\/comments?post=8621"}],"version-history":[{"count":1,"href":"https:\/\/www.eldiariodetucuman.com\/web\/wp-json\/wp\/v2\/posts\/8621\/revisions"}],"predecessor-version":[{"id":8623,"href":"https:\/\/www.eldiariodetucuman.com\/web\/wp-json\/wp\/v2\/posts\/8621\/revisions\/8623"}],"wp:featuredmedia":[{"embeddable":true,"href":"https:\/\/www.eldiariodetucuman.com\/web\/wp-json\/wp\/v2\/media\/8622"}],"wp:attachment":[{"href":"https:\/\/www.eldiariodetucuman.com\/web\/wp-json\/wp\/v2\/media?parent=8621"}],"wp:term":[{"taxonomy":"category","embeddable":true,"href":"https:\/\/www.eldiariodetucuman.com\/web\/wp-json\/wp\/v2\/categories?post=8621"},{"taxonomy":"post_tag","embeddable":true,"href":"https:\/\/www.eldiariodetucuman.com\/web\/wp-json\/wp\/v2\/tags?post=8621"}],"curies":[{"name":"wp","href":"https:\/\/api.w.org\/{rel}","templated":true}]}}