{"id":8612,"date":"2018-04-17T00:08:39","date_gmt":"2018-04-17T03:08:39","guid":{"rendered":"http:\/\/www.eldiariodetucuman.com\/web\/inician-las-exportaciones-de-limon-a-estados-unidos\/"},"modified":"2018-04-17T00:08:40","modified_gmt":"2018-04-17T03:08:40","slug":"inician-las-exportaciones-de-limon-a-estados-unidos","status":"publish","type":"post","link":"https:\/\/www.eldiariodetucuman.com\/web\/inician-las-exportaciones-de-limon-a-estados-unidos\/","title":{"rendered":"Inician las exportaciones de lim\u00f3n a Estados Unidos"},"content":{"rendered":"<div>\n<div readability=\"67.5\">\n<p>Como estaba previsto, las exportaciones de lim\u00f3n a Estados Unidos comenzar\u00e1n entre las dos \u00faltimas semanas de marzo y principios de mayo, seg\u00fan lo adelant\u00f3 el gobernador, <strong>Juan Manzur<\/strong>, esta ma\u00f1ana en contacto con la prensa. Los limones tucumanos no pod\u00edan ser comercializados a ese pa\u00eds desde el a\u00f1o 2000, a ra\u00edz de una medida fitosanitaria que lo imped\u00eda.<\/p>\n<blockquote readability=\"8\">\n<p>Es todo un hecho simb\u00f3lico, porque despu\u00e9s de casi 20 a\u00f1os nuestros limones van a poder ingresar a uno de los mercados m\u00e1s exigentes del mundo\u201d, sostuvo el Primer Mandatario.<\/p>\n<\/blockquote>\n<p>Los primeros env\u00edos de citrus rondar\u00e1n las 25 y 30 toneladas, seg\u00fan hab\u00eda indicado en otra oportunidad el ministro de Desarrollo Productivo de la Provincia, <strong>Luis Fern\u00e1ndez<\/strong>. El funcionario explic\u00f3 adem\u00e1s que\u00a0el env\u00edo del lim\u00f3n al mercado m\u00e1s exigente del mundo implica\u00a0que no haya cuestionamientos por parte de terceros pa\u00edses con los que se quieran abrir nuevos mercados.<\/p>\n<p>\u201cEs\u00a0 un tema importante\u00a0 para\u00a0 el sector industrial\u00a0 y esperamos que se desarrolle con\u00a0 normalidad\u201d, afirm\u00f3 Fern\u00e1ndez, a la vez que vaticin\u00f3 una buena campa\u00f1a \u201cprobablemente sea mayor volumen de lim\u00f3n que el a\u00f1o pasado: hasta\u00a0 1.500.000 toneladas\u201d.<\/p>\n<p>En cuanto a los precios Fern\u00e1ndez explic\u00f3 que \u201clos de jugo\u00a0 y aceite esencial\u00a0 son buenos pero el de la c\u00e1scara deshidratada est\u00e1 bastante deprimido. De cualquier manera es un\u00a0 a\u00f1o que\u00a0 la ecuaci\u00f3n\u00a0 va a dar favorable para\u00a0 la econom\u00eda de la provincia\u201d, cerr\u00f3.<\/p>\n<p>En esa l\u00ednea, el Gobernador celebr\u00f3 que la provincia regrese al Sistema General de Preferencias, para poder vender frutillas tambi\u00e9n a Estados Unidos. \u201cSon gestiones que venimos haciendo y que van a dar sus frutos a largo plazo\u201d, concluy\u00f3 Manzur.<\/p>\n<\/div>\n<\/div>\n<p>Fuente: http:\/\/comunicaciontucuman.gob.ar\/2018\/04\/inician-las-exportaciones-de-limon-a-estados-unidos\/<\/p>\n","protected":false},"excerpt":{"rendered":"<p>Como estaba previsto, las exportaciones de lim\u00f3n a Estados Unidos comenzar\u00e1n entre las dos \u00faltimas semanas de marzo y principios de mayo, seg\u00fan lo adelant\u00f3 el gobernador, Juan Manzur, esta ma\u00f1ana en contacto con la prensa. Los limones tucumanos no pod\u00edan ser comercializados a ese pa\u00eds desde el a\u00f1o 2000, a ra\u00edz de una medida [&hellip;]<\/p>\n","protected":false},"author":1,"featured_media":8613,"comment_status":"open","ping_status":"closed","sticky":false,"template":"","format":"standard","meta":{"footnotes":""},"categories":[3],"tags":[],"class_list":{"0":"post-8612","1":"post","2":"type-post","3":"status-publish","4":"format-standard","5":"has-post-thumbnail","7":"category-politica"},"yoast_head":"<!-- This site is optimized with the Yoast SEO plugin v27.4 - https:\/\/yoast.com\/product\/yoast-seo-wordpress\/ -->\n<title>Inician las exportaciones de lim\u00f3n a Estados Unidos - El Diario de Tucuman<\/title>\n<meta name=\"robots\" content=\"index, follow, max-snippet:-1, max-image-preview:large, max-video-preview:-1\" \/>\n<link rel=\"canonical\" href=\"https:\/\/www.eldiariodetucuman.com\/web\/inician-las-exportaciones-de-limon-a-estados-unidos\/\" \/>\n<meta property=\"og:locale\" content=\"es_ES\" \/>\n<meta property=\"og:type\" content=\"article\" \/>\n<meta property=\"og:title\" content=\"Inician las exportaciones de lim\u00f3n a Estados Unidos - El Diario de Tucuman\" \/>\n<meta property=\"og:description\" content=\"Como estaba previsto, las exportaciones de lim\u00f3n a Estados Unidos comenzar\u00e1n entre las dos \u00faltimas semanas de marzo y principios de mayo, seg\u00fan lo adelant\u00f3 el gobernador, Juan Manzur, esta ma\u00f1ana en contacto con la prensa. Los limones tucumanos no pod\u00edan ser comercializados a ese pa\u00eds desde el a\u00f1o 2000, a ra\u00edz de una medida [&hellip;]\" \/>\n<meta property=\"og:url\" content=\"https:\/\/www.eldiariodetucuman.com\/web\/inician-las-exportaciones-de-limon-a-estados-unidos\/\" \/>\n<meta property=\"og:site_name\" content=\"El Diario de Tucuman\" \/>\n<meta property=\"article:published_time\" content=\"2018-04-17T03:08:39+00:00\" \/>\n<meta property=\"article:modified_time\" content=\"2018-04-17T03:08:40+00:00\" \/>\n<meta property=\"og:image\" content=\"https:\/\/www.eldiariodetucuman.com\/web\/wp-content\/uploads\/2018\/04\/00a603d766820ef774dc6326eeace0af.jpeg\" \/>\n\t<meta property=\"og:image:width\" content=\"300\" \/>\n\t<meta property=\"og:image:height\" content=\"169\" \/>\n\t<meta property=\"og:image:type\" content=\"image\/jpeg\" \/>\n<meta name=\"author\" content=\"admin\" \/>\n<meta name=\"twitter:card\" content=\"summary_large_image\" \/>\n<meta name=\"twitter:label1\" content=\"Escrito por\" \/>\n\t<meta name=\"twitter:data1\" content=\"admin\" \/>\n\t<meta name=\"twitter:label2\" content=\"Tiempo de lectura\" \/>\n\t<meta name=\"twitter:data2\" content=\"2 minutos\" \/>\n<script type=\"application\/ld+json\" class=\"yoast-schema-graph\">{\"@context\":\"https:\\\/\\\/schema.org\",\"@graph\":[{\"@type\":\"Article\",\"@id\":\"https:\\\/\\\/www.eldiariodetucuman.com\\\/web\\\/inician-las-exportaciones-de-limon-a-estados-unidos\\\/#article\",\"isPartOf\":{\"@id\":\"https:\\\/\\\/www.eldiariodetucuman.com\\\/web\\\/inician-las-exportaciones-de-limon-a-estados-unidos\\\/\"},\"author\":{\"name\":\"admin\",\"@id\":\"https:\\\/\\\/www.eldiariodetucuman.com\\\/web\\\/#\\\/schema\\\/person\\\/9250197d75ab5483412e19678b121caa\"},\"headline\":\"Inician las exportaciones de lim\u00f3n a Estados Unidos\",\"datePublished\":\"2018-04-17T03:08:39+00:00\",\"dateModified\":\"2018-04-17T03:08:40+00:00\",\"mainEntityOfPage\":{\"@id\":\"https:\\\/\\\/www.eldiariodetucuman.com\\\/web\\\/inician-las-exportaciones-de-limon-a-estados-unidos\\\/\"},\"wordCount\":316,\"commentCount\":0,\"publisher\":{\"@id\":\"https:\\\/\\\/www.eldiariodetucuman.com\\\/web\\\/#organization\"},\"image\":{\"@id\":\"https:\\\/\\\/www.eldiariodetucuman.com\\\/web\\\/inician-las-exportaciones-de-limon-a-estados-unidos\\\/#primaryimage\"},\"thumbnailUrl\":\"https:\\\/\\\/www.eldiariodetucuman.com\\\/web\\\/wp-content\\\/uploads\\\/2018\\\/04\\\/00a603d766820ef774dc6326eeace0af.jpeg\",\"articleSection\":[\"Politica\"],\"inLanguage\":\"es\",\"potentialAction\":[{\"@type\":\"CommentAction\",\"name\":\"Comment\",\"target\":[\"https:\\\/\\\/www.eldiariodetucuman.com\\\/web\\\/inician-las-exportaciones-de-limon-a-estados-unidos\\\/#respond\"]}]},{\"@type\":\"WebPage\",\"@id\":\"https:\\\/\\\/www.eldiariodetucuman.com\\\/web\\\/inician-las-exportaciones-de-limon-a-estados-unidos\\\/\",\"url\":\"https:\\\/\\\/www.eldiariodetucuman.com\\\/web\\\/inician-las-exportaciones-de-limon-a-estados-unidos\\\/\",\"name\":\"Inician las exportaciones de lim\u00f3n a Estados Unidos - El Diario de Tucuman\",\"isPartOf\":{\"@id\":\"https:\\\/\\\/www.eldiariodetucuman.com\\\/web\\\/#website\"},\"primaryImageOfPage\":{\"@id\":\"https:\\\/\\\/www.eldiariodetucuman.com\\\/web\\\/inician-las-exportaciones-de-limon-a-estados-unidos\\\/#primaryimage\"},\"image\":{\"@id\":\"https:\\\/\\\/www.eldiariodetucuman.com\\\/web\\\/inician-las-exportaciones-de-limon-a-estados-unidos\\\/#primaryimage\"},\"thumbnailUrl\":\"https:\\\/\\\/www.eldiariodetucuman.com\\\/web\\\/wp-content\\\/uploads\\\/2018\\\/04\\\/00a603d766820ef774dc6326eeace0af.jpeg\",\"datePublished\":\"2018-04-17T03:08:39+00:00\",\"dateModified\":\"2018-04-17T03:08:40+00:00\",\"breadcrumb\":{\"@id\":\"https:\\\/\\\/www.eldiariodetucuman.com\\\/web\\\/inician-las-exportaciones-de-limon-a-estados-unidos\\\/#breadcrumb\"},\"inLanguage\":\"es\",\"potentialAction\":[{\"@type\":\"ReadAction\",\"target\":[\"https:\\\/\\\/www.eldiariodetucuman.com\\\/web\\\/inician-las-exportaciones-de-limon-a-estados-unidos\\\/\"]}]},{\"@type\":\"ImageObject\",\"inLanguage\":\"es\",\"@id\":\"https:\\\/\\\/www.eldiariodetucuman.com\\\/web\\\/inician-las-exportaciones-de-limon-a-estados-unidos\\\/#primaryimage\",\"url\":\"https:\\\/\\\/www.eldiariodetucuman.com\\\/web\\\/wp-content\\\/uploads\\\/2018\\\/04\\\/00a603d766820ef774dc6326eeace0af.jpeg\",\"contentUrl\":\"https:\\\/\\\/www.eldiariodetucuman.com\\\/web\\\/wp-content\\\/uploads\\\/2018\\\/04\\\/00a603d766820ef774dc6326eeace0af.jpeg\",\"width\":300,\"height\":169},{\"@type\":\"BreadcrumbList\",\"@id\":\"https:\\\/\\\/www.eldiariodetucuman.com\\\/web\\\/inician-las-exportaciones-de-limon-a-estados-unidos\\\/#breadcrumb\",\"itemListElement\":[{\"@type\":\"ListItem\",\"position\":1,\"name\":\"Portada\",\"item\":\"https:\\\/\\\/www.eldiariodetucuman.com\\\/web\\\/\"},{\"@type\":\"ListItem\",\"position\":2,\"name\":\"Inician las exportaciones de lim\u00f3n a Estados Unidos\"}]},{\"@type\":\"WebSite\",\"@id\":\"https:\\\/\\\/www.eldiariodetucuman.com\\\/web\\\/#website\",\"url\":\"https:\\\/\\\/www.eldiariodetucuman.com\\\/web\\\/\",\"name\":\"El Diario de Tucuman\",\"description\":\"Diario Tucuman - Informaci\u00f3n y noticias\",\"publisher\":{\"@id\":\"https:\\\/\\\/www.eldiariodetucuman.com\\\/web\\\/#organization\"},\"potentialAction\":[{\"@type\":\"SearchAction\",\"target\":{\"@type\":\"EntryPoint\",\"urlTemplate\":\"https:\\\/\\\/www.eldiariodetucuman.com\\\/web\\\/?s={search_term_string}\"},\"query-input\":{\"@type\":\"PropertyValueSpecification\",\"valueRequired\":true,\"valueName\":\"search_term_string\"}}],\"inLanguage\":\"es\"},{\"@type\":\"Organization\",\"@id\":\"https:\\\/\\\/www.eldiariodetucuman.com\\\/web\\\/#organization\",\"name\":\"El Diario de Tucuman\",\"url\":\"https:\\\/\\\/www.eldiariodetucuman.com\\\/web\\\/\",\"logo\":{\"@type\":\"ImageObject\",\"inLanguage\":\"es\",\"@id\":\"https:\\\/\\\/www.eldiariodetucuman.com\\\/web\\\/#\\\/schema\\\/logo\\\/image\\\/\",\"url\":\"http:\\\/\\\/www.eldiariodetucuman.com\\\/web\\\/wp-content\\\/uploads\\\/2017\\\/12\\\/el-diario-de-tucuman.jpg\",\"contentUrl\":\"http:\\\/\\\/www.eldiariodetucuman.com\\\/web\\\/wp-content\\\/uploads\\\/2017\\\/12\\\/el-diario-de-tucuman.jpg\",\"width\":272,\"height\":92,\"caption\":\"El Diario de Tucuman\"},\"image\":{\"@id\":\"https:\\\/\\\/www.eldiariodetucuman.com\\\/web\\\/#\\\/schema\\\/logo\\\/image\\\/\"}},{\"@type\":\"Person\",\"@id\":\"https:\\\/\\\/www.eldiariodetucuman.com\\\/web\\\/#\\\/schema\\\/person\\\/9250197d75ab5483412e19678b121caa\",\"name\":\"admin\",\"image\":{\"@type\":\"ImageObject\",\"inLanguage\":\"es\",\"@id\":\"https:\\\/\\\/secure.gravatar.com\\\/avatar\\\/c44d117c2be811212c22cb481f6b8384b6873de103fbc49e7a03cc58d7dea4ac?s=96&d=mm&r=g\",\"url\":\"https:\\\/\\\/secure.gravatar.com\\\/avatar\\\/c44d117c2be811212c22cb481f6b8384b6873de103fbc49e7a03cc58d7dea4ac?s=96&d=mm&r=g\",\"contentUrl\":\"https:\\\/\\\/secure.gravatar.com\\\/avatar\\\/c44d117c2be811212c22cb481f6b8384b6873de103fbc49e7a03cc58d7dea4ac?s=96&d=mm&r=g\",\"caption\":\"admin\"},\"url\":\"https:\\\/\\\/www.eldiariodetucuman.com\\\/web\\\/author\\\/admin\\\/\"}]}<\/script>\n<!-- \/ Yoast SEO plugin. -->","yoast_head_json":{"title":"Inician las exportaciones de lim\u00f3n a Estados Unidos - El Diario de Tucuman","robots":{"index":"index","follow":"follow","max-snippet":"max-snippet:-1","max-image-preview":"max-image-preview:large","max-video-preview":"max-video-preview:-1"},"canonical":"https:\/\/www.eldiariodetucuman.com\/web\/inician-las-exportaciones-de-limon-a-estados-unidos\/","og_locale":"es_ES","og_type":"article","og_title":"Inician las exportaciones de lim\u00f3n a Estados Unidos - El Diario de Tucuman","og_description":"Como estaba previsto, las exportaciones de lim\u00f3n a Estados Unidos comenzar\u00e1n entre las dos \u00faltimas semanas de marzo y principios de mayo, seg\u00fan lo adelant\u00f3 el gobernador, Juan Manzur, esta ma\u00f1ana en contacto con la prensa. Los limones tucumanos no pod\u00edan ser comercializados a ese pa\u00eds desde el a\u00f1o 2000, a ra\u00edz de una medida [&hellip;]","og_url":"https:\/\/www.eldiariodetucuman.com\/web\/inician-las-exportaciones-de-limon-a-estados-unidos\/","og_site_name":"El Diario de Tucuman","article_published_time":"2018-04-17T03:08:39+00:00","article_modified_time":"2018-04-17T03:08:40+00:00","og_image":[{"width":300,"height":169,"url":"https:\/\/www.eldiariodetucuman.com\/web\/wp-content\/uploads\/2018\/04\/00a603d766820ef774dc6326eeace0af.jpeg","type":"image\/jpeg"}],"author":"admin","twitter_card":"summary_large_image","twitter_misc":{"Escrito por":"admin","Tiempo de lectura":"2 minutos"},"schema":{"@context":"https:\/\/schema.org","@graph":[{"@type":"Article","@id":"https:\/\/www.eldiariodetucuman.com\/web\/inician-las-exportaciones-de-limon-a-estados-unidos\/#article","isPartOf":{"@id":"https:\/\/www.eldiariodetucuman.com\/web\/inician-las-exportaciones-de-limon-a-estados-unidos\/"},"author":{"name":"admin","@id":"https:\/\/www.eldiariodetucuman.com\/web\/#\/schema\/person\/9250197d75ab5483412e19678b121caa"},"headline":"Inician las exportaciones de lim\u00f3n a Estados Unidos","datePublished":"2018-04-17T03:08:39+00:00","dateModified":"2018-04-17T03:08:40+00:00","mainEntityOfPage":{"@id":"https:\/\/www.eldiariodetucuman.com\/web\/inician-las-exportaciones-de-limon-a-estados-unidos\/"},"wordCount":316,"commentCount":0,"publisher":{"@id":"https:\/\/www.eldiariodetucuman.com\/web\/#organization"},"image":{"@id":"https:\/\/www.eldiariodetucuman.com\/web\/inician-las-exportaciones-de-limon-a-estados-unidos\/#primaryimage"},"thumbnailUrl":"https:\/\/www.eldiariodetucuman.com\/web\/wp-content\/uploads\/2018\/04\/00a603d766820ef774dc6326eeace0af.jpeg","articleSection":["Politica"],"inLanguage":"es","potentialAction":[{"@type":"CommentAction","name":"Comment","target":["https:\/\/www.eldiariodetucuman.com\/web\/inician-las-exportaciones-de-limon-a-estados-unidos\/#respond"]}]},{"@type":"WebPage","@id":"https:\/\/www.eldiariodetucuman.com\/web\/inician-las-exportaciones-de-limon-a-estados-unidos\/","url":"https:\/\/www.eldiariodetucuman.com\/web\/inician-las-exportaciones-de-limon-a-estados-unidos\/","name":"Inician las exportaciones de lim\u00f3n a Estados Unidos - El Diario de Tucuman","isPartOf":{"@id":"https:\/\/www.eldiariodetucuman.com\/web\/#website"},"primaryImageOfPage":{"@id":"https:\/\/www.eldiariodetucuman.com\/web\/inician-las-exportaciones-de-limon-a-estados-unidos\/#primaryimage"},"image":{"@id":"https:\/\/www.eldiariodetucuman.com\/web\/inician-las-exportaciones-de-limon-a-estados-unidos\/#primaryimage"},"thumbnailUrl":"https:\/\/www.eldiariodetucuman.com\/web\/wp-content\/uploads\/2018\/04\/00a603d766820ef774dc6326eeace0af.jpeg","datePublished":"2018-04-17T03:08:39+00:00","dateModified":"2018-04-17T03:08:40+00:00","breadcrumb":{"@id":"https:\/\/www.eldiariodetucuman.com\/web\/inician-las-exportaciones-de-limon-a-estados-unidos\/#breadcrumb"},"inLanguage":"es","potentialAction":[{"@type":"ReadAction","target":["https:\/\/www.eldiariodetucuman.com\/web\/inician-las-exportaciones-de-limon-a-estados-unidos\/"]}]},{"@type":"ImageObject","inLanguage":"es","@id":"https:\/\/www.eldiariodetucuman.com\/web\/inician-las-exportaciones-de-limon-a-estados-unidos\/#primaryimage","url":"https:\/\/www.eldiariodetucuman.com\/web\/wp-content\/uploads\/2018\/04\/00a603d766820ef774dc6326eeace0af.jpeg","contentUrl":"https:\/\/www.eldiariodetucuman.com\/web\/wp-content\/uploads\/2018\/04\/00a603d766820ef774dc6326eeace0af.jpeg","width":300,"height":169},{"@type":"BreadcrumbList","@id":"https:\/\/www.eldiariodetucuman.com\/web\/inician-las-exportaciones-de-limon-a-estados-unidos\/#breadcrumb","itemListElement":[{"@type":"ListItem","position":1,"name":"Portada","item":"https:\/\/www.eldiariodetucuman.com\/web\/"},{"@type":"ListItem","position":2,"name":"Inician las exportaciones de lim\u00f3n a Estados Unidos"}]},{"@type":"WebSite","@id":"https:\/\/www.eldiariodetucuman.com\/web\/#website","url":"https:\/\/www.eldiariodetucuman.com\/web\/","name":"El Diario de Tucuman","description":"Diario Tucuman - Informaci\u00f3n y noticias","publisher":{"@id":"https:\/\/www.eldiariodetucuman.com\/web\/#organization"},"potentialAction":[{"@type":"SearchAction","target":{"@type":"EntryPoint","urlTemplate":"https:\/\/www.eldiariodetucuman.com\/web\/?s={search_term_string}"},"query-input":{"@type":"PropertyValueSpecification","valueRequired":true,"valueName":"search_term_string"}}],"inLanguage":"es"},{"@type":"Organization","@id":"https:\/\/www.eldiariodetucuman.com\/web\/#organization","name":"El Diario de Tucuman","url":"https:\/\/www.eldiariodetucuman.com\/web\/","logo":{"@type":"ImageObject","inLanguage":"es","@id":"https:\/\/www.eldiariodetucuman.com\/web\/#\/schema\/logo\/image\/","url":"http:\/\/www.eldiariodetucuman.com\/web\/wp-content\/uploads\/2017\/12\/el-diario-de-tucuman.jpg","contentUrl":"http:\/\/www.eldiariodetucuman.com\/web\/wp-content\/uploads\/2017\/12\/el-diario-de-tucuman.jpg","width":272,"height":92,"caption":"El Diario de Tucuman"},"image":{"@id":"https:\/\/www.eldiariodetucuman.com\/web\/#\/schema\/logo\/image\/"}},{"@type":"Person","@id":"https:\/\/www.eldiariodetucuman.com\/web\/#\/schema\/person\/9250197d75ab5483412e19678b121caa","name":"admin","image":{"@type":"ImageObject","inLanguage":"es","@id":"https:\/\/secure.gravatar.com\/avatar\/c44d117c2be811212c22cb481f6b8384b6873de103fbc49e7a03cc58d7dea4ac?s=96&d=mm&r=g","url":"https:\/\/secure.gravatar.com\/avatar\/c44d117c2be811212c22cb481f6b8384b6873de103fbc49e7a03cc58d7dea4ac?s=96&d=mm&r=g","contentUrl":"https:\/\/secure.gravatar.com\/avatar\/c44d117c2be811212c22cb481f6b8384b6873de103fbc49e7a03cc58d7dea4ac?s=96&d=mm&r=g","caption":"admin"},"url":"https:\/\/www.eldiariodetucuman.com\/web\/author\/admin\/"}]}},"_links":{"self":[{"href":"https:\/\/www.eldiariodetucuman.com\/web\/wp-json\/wp\/v2\/posts\/8612","targetHints":{"allow":["GET"]}}],"collection":[{"href":"https:\/\/www.eldiariodetucuman.com\/web\/wp-json\/wp\/v2\/posts"}],"about":[{"href":"https:\/\/www.eldiariodetucuman.com\/web\/wp-json\/wp\/v2\/types\/post"}],"author":[{"embeddable":true,"href":"https:\/\/www.eldiariodetucuman.com\/web\/wp-json\/wp\/v2\/users\/1"}],"replies":[{"embeddable":true,"href":"https:\/\/www.eldiariodetucuman.com\/web\/wp-json\/wp\/v2\/comments?post=8612"}],"version-history":[{"count":1,"href":"https:\/\/www.eldiariodetucuman.com\/web\/wp-json\/wp\/v2\/posts\/8612\/revisions"}],"predecessor-version":[{"id":8614,"href":"https:\/\/www.eldiariodetucuman.com\/web\/wp-json\/wp\/v2\/posts\/8612\/revisions\/8614"}],"wp:featuredmedia":[{"embeddable":true,"href":"https:\/\/www.eldiariodetucuman.com\/web\/wp-json\/wp\/v2\/media\/8613"}],"wp:attachment":[{"href":"https:\/\/www.eldiariodetucuman.com\/web\/wp-json\/wp\/v2\/media?parent=8612"}],"wp:term":[{"taxonomy":"category","embeddable":true,"href":"https:\/\/www.eldiariodetucuman.com\/web\/wp-json\/wp\/v2\/categories?post=8612"},{"taxonomy":"post_tag","embeddable":true,"href":"https:\/\/www.eldiariodetucuman.com\/web\/wp-json\/wp\/v2\/tags?post=8612"}],"curies":[{"name":"wp","href":"https:\/\/api.w.org\/{rel}","templated":true}]}}