{"id":8597,"date":"2018-04-16T12:50:14","date_gmt":"2018-04-16T15:50:14","guid":{"rendered":"http:\/\/www.eldiariodetucuman.com\/web\/ee-uu-no-piensa-irse-de-siria\/"},"modified":"2018-04-16T12:50:14","modified_gmt":"2018-04-16T15:50:14","slug":"ee-uu-no-piensa-irse-de-siria","status":"publish","type":"post","link":"https:\/\/www.eldiariodetucuman.com\/web\/ee-uu-no-piensa-irse-de-siria\/","title":{"rendered":"EE.UU no piensa irse de Siria"},"content":{"rendered":"<div>\n<div itemprop=\"articleBody\" readability=\"177.739888977\">\n<p>Apenas un d\u00eda despu\u00e9s de los tan anunciados ataques de   <a href=\"https:\/\/www.cronica.com.ar\/tags\/Estados%20Unidos\">Estados Unidos<\/a>, Francia y Reino Unido contra el Ej\u00e9rcito sirio, el gobierno de   <a href=\"https:\/\/www.cronica.com.ar\/tags\/Donald%20Trump\">Donald Trump<\/a> anunci\u00f3 este domingo nuevas e inminentes sanciones contra el mayor aliado de Damasco, Rusia, y, seg\u00fan cont\u00f3 el presidente franc\u00e9s, <strong>  <a href=\"https:\/\/www.cronica.com.ar\/tags\/Emmanuel%20Macron\">Emmanuel Macron<\/a><\/strong>, tom\u00f3 la decisi\u00f3n de quedarse<em> \u00aba largo plazo en   <a href=\"https:\/\/www.cronica.com.ar\/tags\/Siria\">Siria<\/a>\u00ab<\/em>.\u00a0<\/p>\n<p>En las \u00faltimas semanas, Trump hab\u00eda coqueteado p\u00fablicamente con la idea de retirar todas las tropas y aviones de   <a href=\"https:\/\/www.cronica.com.ar\/tags\/Siria\">Siria<\/a>, pero hab\u00eda encontrado resistencia en el Pent\u00e1gono, desde donde aclararon que empezar a analizar y planear una salida del pa\u00eds \u00e1rabe, pero nada inmediato.<\/p>\n<p>Este domingo\u00a0el presidente franc\u00e9s anunci\u00f3 en una extensa entrevista con el canal local BFMTV que hab\u00eda convencido a Trump de <em>\u00abquedarse en   <a href=\"https:\/\/www.cronica.com.ar\/tags\/Siria\">Siria<\/a> a largo plazo\u00bb<\/em>.\u00a0<\/p>\n<p>Acto seguido, Macron defendi\u00f3 los ataques contra las bases militares sirias el s\u00e1bado a la madrugada como una represalia al presunto uso de armas qu\u00edmicas denunciado por la oposici\u00f3n de ese pa\u00eds \u00e1rabe y asegur\u00f3 que no fue una declaraci\u00f3n de guerra, sino <em>\u00abuna intervenci\u00f3n multilateral\u00bb<\/em> puntual.<\/p>\n<p><em>\u00abTuvimos \u00e9xito: todos los misiles lanzados alcanzaron sus objetivos, las capacidades qu\u00edmicas del r\u00e9gimen sirio han sido destruidas y no hubo ninguna v\u00edctima colateral\u00bb<\/em>, destac\u00f3 el mandatario.<\/p>\n<p>Ni la Casa Blanca ni el Pent\u00e1gono anunciaron un cambio de estrategia en   <a href=\"https:\/\/www.cronica.com.ar\/tags\/Siria\">Siria<\/a>, pero la embajadora estadounidense para la ONU, <strong>Nikki Haley<\/strong>, s\u00ed adelant\u00f3 este domingo que su gobierno <em>\u00abno se ir\u00e1 (de   <a href=\"https:\/\/www.cronica.com.ar\/tags\/Siria\">Siria<\/a>) hasta que hayan conseguido sus objetivos<\/em>\u00ab.<\/p>\n<p>Hasta ahora, el objetivo declarado de la Casa Blanca en   <a href=\"https:\/\/www.cronica.com.ar\/tags\/Siria\">Siria<\/a> era combatir y destruir a la milicia Estado Isl\u00e1mico (EI), nada m\u00e1s.\u00a0<\/p>\n<p>Adem\u00e1s, Haley inform\u00f3 que el gobierno no se limitar\u00e1 a sancionar al gobierno de Bashar al Assad por el presunto ataque qu\u00edmico denunciado por la oposici\u00f3n siria, sino que tambi\u00e9n profundizar\u00e1n su enfrentamiento con Rusia.<\/p>\n<p><em>\u00abVer\u00e1n que pronto vendr\u00e1n sanciones contra Rusia\u00bb<\/em>, anunci\u00f3 la embajadora en un programa de la cadena de noticias CBS y adelant\u00f3 que podr\u00edan oficializarse este\u00a0lunes.\u00a0<\/p>\n<p><em>\u00abIr\u00e1n directamente a cualquier tipo de empresas que traten con equipos vinculados a Al Assad y a las armas qu\u00edmicas que usa. Creo que todos las van a sentir ahora. Creo que todos saben que env\u00edamos un mensaje fuerte y nuestra esperanza es que lo escuchen\u00bb<\/em>, agreg\u00f3 Haley.\u00a0<\/p>\n<p>Desde el anterior gobierno de <strong>Barack Obama<\/strong>,   <a href=\"https:\/\/www.cronica.com.ar\/tags\/Estados%20Unidos\">Estados Unidos<\/a> impone sanciones financieras, comerciales y pol\u00edticas contra gran parte del gobierno ruso, de las empresas y bancos estatales y de aquellos vinculados a personas del c\u00edrculo \u00edntimo del presidente<strong>   <a href=\"https:\/\/www.cronica.com.ar\/tags\/Vladimir%20Putin\">Vladimir Putin<\/a><\/strong>.<\/p>\n<p>La respuesta desde Rusia no se hizo esperar.\u00a0<br \/>La vocera de la Canciller\u00eda rusa, <strong>Maria Zakharova<\/strong>, acus\u00f3 a   <a href=\"https:\/\/www.cronica.com.ar\/tags\/Estados%20Unidos\">Estados Unidos<\/a> de estar sancionando a su gobierno s\u00f3lo por actuar como <em>\u00abun actor global\u00bb<\/em> y afirm\u00f3 que la pol\u00edtica de la Casa Blanca hacia el Kremlin<em> \u00abno tiene ninguna relaci\u00f3n con la realidad\u00bb<\/em>, seg\u00fan la agencia de noticias estatal Tass.<\/p>\n<p>El s\u00e1bado a la madrugada   <a href=\"https:\/\/www.cronica.com.ar\/tags\/Estados%20Unidos\">Estados Unidos<\/a>, Francia y Reino Unido lanzaron ataques coordinados contra tres objetivos en el oeste del pa\u00eds: el primero, un centro de investigaci\u00f3n, desarrollo, producci\u00f3n de armas qu\u00edmicas y biol\u00f3gicas; el segundo, un almac\u00e9n de armas qu\u00edmicas al oeste de la ciudad de Homs; y el tercero, otro almac\u00e9n de armas qu\u00edmicas y un puesto de mando militar en la misma zona.<\/p>\n<p>Rusia fue uno de los primeros pa\u00edses en repudiar los ataques junto con   <a href=\"https:\/\/www.cronica.com.ar\/tags\/Siria\">Siria<\/a>.\u00a0<br \/>El presidente de Rusia, Putin, habl\u00f3 este domingo\u00a0por tel\u00e9fono con su par iran\u00ed, <strong>Hasan Rohani<\/strong>, y ambos coincidieron en que estos bombardeos da\u00f1aron las chances de que se avance en una negociaci\u00f3n de paz para terminar con la guerra que ya lleva m\u00e1s de siete a\u00f1o, destruy\u00f3 algunas de las principales ciudades, dej\u00f3 un n\u00famero desconocido de muertos y a m\u00e1s de la mitad de la poblaci\u00f3n desplazada o refugiada.\u00a0<\/p>\n<p>Tanto Rusia como Ir\u00e1n -dos aliados declarados del gobierno de <strong>Al Assad<\/strong> que aportan hombres, aviones y armas a su lucha contra la oposici\u00f3n- participan de un proceso de negociaci\u00f3n internacional paralelo al de la ONU para   <a href=\"https:\/\/www.cronica.com.ar\/tags\/Siria\">Siria<\/a>, que est\u00e1 paralizado hace meses.\u00a0<\/p>\n<p>Las rondas de di\u00e1logo de Astan\u00e1, impulsadas por Mosc\u00fa, Teher\u00e1n y Turqu\u00eda, en cambio, siguen avanzando con microacuerdos para treguas parciales y regionales.<\/p>\n<p><em>\u00bb  <a href=\"https:\/\/www.cronica.com.ar\/tags\/Vladimir%20Putin\">Vladimir Putin<\/a>, en particular, destac\u00f3 que si esas acciones (los ataques de las potencias occidentales), que fueron cometidas en violaci\u00f3n de la carta de la ONU, contin\u00faan, entonces llevar\u00e1n inevitablemente a un caos en las relaciones internacionales\u00bb<\/em>, afirm\u00f3 un comunicado oficial ruso, citado por la agencia de noticias DPA.<\/p>\n<p>Pese al frente unido formado por Trump, Macron y la primera ministra brit\u00e1nica, <strong>Theresa May<\/strong>, los ataques contra   <a href=\"https:\/\/www.cronica.com.ar\/tags\/Siria\">Siria<\/a> s\u00ed desataron algunas cr\u00edticas y controversias en esos pa\u00eds.\u00a0<\/p>\n<p>En   <a href=\"https:\/\/www.cronica.com.ar\/tags\/Estados%20Unidos\">Estados Unidos<\/a>, el presidente fue duramente criticado por repetir la expresi\u00f3n utilizada por <strong>George W Bush<\/strong>, tras la invasi\u00f3n y el derrocamiento de Saddam Hussein in Irak en 2003, una decisi\u00f3n que abri\u00f3 una violenta ocupaci\u00f3n militar que le cost\u00f3 millones de d\u00f3lares y miles de vidas al pa\u00eds<\/p>\n<p>Este domingo\u00a0Trump intent\u00f3 dar un giro al tema para volver a reivindicar los ataques contra   <a href=\"https:\/\/www.cronica.com.ar\/tags\/Siria\">Siria<\/a>.<\/p>\n<div>\n<div class=\"ck-twitter\" id=\"twitter-34\" readability=\"8.0291545189504\">\n<blockquote class=\"twitter-tweet\" data-lang=\"es\" readability=\"9.4460641399417\">\n<p dir=\"ltr\" lang=\"en\">The Syrian raid was so perfectly carried out, with such precision, that the only way the Fake News Media could demean was by my use of the term \u201cMission Accomplished.\u201d I knew they would seize on this but felt it is such a great Military term, it should be brought back. Use often!<\/p>\n<p>\u2014 Donald J. Trump (@realDonaldTrump) <a href=\"https:\/\/twitter.com\/realDonaldTrump\/status\/985492862958698497?ref_src=twsrc%5Etfw\">15 de abril de 2018<\/a><\/p><\/blockquote>\n<p><span class=\"item first\"><\/span><span class=\"item second\"><\/span><span class=\"item third\"><\/span><\/div>\n<\/div>\n<p><em>\u00abLa ofensiva siria estuvo tan perfectamente ejecutada, con tal precisi\u00f3n, que la \u00fanica manera que tuvieron los medios de comunicaci\u00f3n falaces de menospreciarla fue por mi uso del t\u00e9rmino &#8216;misi\u00f3n conseguida'\u00bb<\/em>, escribi\u00f3 en <em>Twitter<\/em>.<\/p>\n<p>En Reino Unido y en Francia, en tanto, las cr\u00edticas de la oposici\u00f3n estuvieron dirigidas a la presunta falta de legalidad de los ataques, que no fueron aprobados por la ONU, como requiere la carta fundacional de esa organizaci\u00f3n internacional.<\/p>\n<\/div>\n<\/div>\n","protected":false},"excerpt":{"rendered":"<p>Apenas un d\u00eda despu\u00e9s de los tan anunciados ataques de Estados Unidos, Francia y Reino Unido contra el Ej\u00e9rcito sirio, el gobierno de Donald Trump anunci\u00f3 este domingo nuevas e inminentes sanciones contra el mayor aliado de Damasco, Rusia, y, seg\u00fan cont\u00f3 el presidente franc\u00e9s, Emmanuel Macron, tom\u00f3 la decisi\u00f3n de quedarse \u00aba largo plazo [&hellip;]<\/p>\n","protected":false},"author":4,"featured_media":8598,"comment_status":"open","ping_status":"closed","sticky":false,"template":"","format":"standard","meta":{"footnotes":""},"categories":[194],"tags":[],"class_list":{"0":"post-8597","1":"post","2":"type-post","3":"status-publish","4":"format-standard","5":"has-post-thumbnail","7":"category-internacionales"},"yoast_head":"<!-- This site is optimized with the Yoast SEO plugin v27.4 - https:\/\/yoast.com\/product\/yoast-seo-wordpress\/ -->\n<title>EE.UU no piensa irse de Siria - El Diario de Tucuman<\/title>\n<meta name=\"robots\" content=\"index, follow, max-snippet:-1, max-image-preview:large, max-video-preview:-1\" \/>\n<link rel=\"canonical\" href=\"https:\/\/www.eldiariodetucuman.com\/web\/ee-uu-no-piensa-irse-de-siria\/\" \/>\n<meta property=\"og:locale\" content=\"es_ES\" \/>\n<meta property=\"og:type\" content=\"article\" \/>\n<meta property=\"og:title\" content=\"EE.UU no piensa irse de Siria - El Diario de Tucuman\" \/>\n<meta property=\"og:description\" content=\"Apenas un d\u00eda despu\u00e9s de los tan anunciados ataques de Estados Unidos, Francia y Reino Unido contra el Ej\u00e9rcito sirio, el gobierno de Donald Trump anunci\u00f3 este domingo nuevas e inminentes sanciones contra el mayor aliado de Damasco, Rusia, y, seg\u00fan cont\u00f3 el presidente franc\u00e9s, Emmanuel Macron, tom\u00f3 la decisi\u00f3n de quedarse \u00aba largo plazo [&hellip;]\" \/>\n<meta property=\"og:url\" content=\"https:\/\/www.eldiariodetucuman.com\/web\/ee-uu-no-piensa-irse-de-siria\/\" \/>\n<meta property=\"og:site_name\" content=\"El Diario de Tucuman\" \/>\n<meta property=\"article:published_time\" content=\"2018-04-16T15:50:14+00:00\" \/>\n<meta property=\"og:image\" content=\"https:\/\/www.eldiariodetucuman.com\/web\/wp-content\/uploads\/2018\/04\/77225d78b4f7e23dd2b048f973cf4e07.jpeg\" \/>\n\t<meta property=\"og:image:width\" content=\"970\" \/>\n\t<meta property=\"og:image:height\" content=\"546\" \/>\n\t<meta property=\"og:image:type\" content=\"image\/jpeg\" \/>\n<meta name=\"author\" content=\"eldiario detucuman\" \/>\n<meta name=\"twitter:card\" content=\"summary_large_image\" \/>\n<meta name=\"twitter:label1\" content=\"Escrito por\" \/>\n\t<meta name=\"twitter:data1\" content=\"eldiario detucuman\" \/>\n\t<meta name=\"twitter:label2\" content=\"Tiempo de lectura\" \/>\n\t<meta name=\"twitter:data2\" content=\"5 minutos\" \/>\n<script type=\"application\/ld+json\" class=\"yoast-schema-graph\">{\"@context\":\"https:\\\/\\\/schema.org\",\"@graph\":[{\"@type\":\"Article\",\"@id\":\"https:\\\/\\\/www.eldiariodetucuman.com\\\/web\\\/ee-uu-no-piensa-irse-de-siria\\\/#article\",\"isPartOf\":{\"@id\":\"https:\\\/\\\/www.eldiariodetucuman.com\\\/web\\\/ee-uu-no-piensa-irse-de-siria\\\/\"},\"author\":{\"name\":\"eldiario detucuman\",\"@id\":\"https:\\\/\\\/www.eldiariodetucuman.com\\\/web\\\/#\\\/schema\\\/person\\\/6f95946e54fde848b878ffa4928071d5\"},\"headline\":\"EE.UU no piensa irse de Siria\",\"datePublished\":\"2018-04-16T15:50:14+00:00\",\"mainEntityOfPage\":{\"@id\":\"https:\\\/\\\/www.eldiariodetucuman.com\\\/web\\\/ee-uu-no-piensa-irse-de-siria\\\/\"},\"wordCount\":1063,\"commentCount\":0,\"publisher\":{\"@id\":\"https:\\\/\\\/www.eldiariodetucuman.com\\\/web\\\/#organization\"},\"image\":{\"@id\":\"https:\\\/\\\/www.eldiariodetucuman.com\\\/web\\\/ee-uu-no-piensa-irse-de-siria\\\/#primaryimage\"},\"thumbnailUrl\":\"https:\\\/\\\/www.eldiariodetucuman.com\\\/web\\\/wp-content\\\/uploads\\\/2018\\\/04\\\/77225d78b4f7e23dd2b048f973cf4e07.jpeg\",\"articleSection\":[\"Internacionales\"],\"inLanguage\":\"es\",\"potentialAction\":[{\"@type\":\"CommentAction\",\"name\":\"Comment\",\"target\":[\"https:\\\/\\\/www.eldiariodetucuman.com\\\/web\\\/ee-uu-no-piensa-irse-de-siria\\\/#respond\"]}]},{\"@type\":\"WebPage\",\"@id\":\"https:\\\/\\\/www.eldiariodetucuman.com\\\/web\\\/ee-uu-no-piensa-irse-de-siria\\\/\",\"url\":\"https:\\\/\\\/www.eldiariodetucuman.com\\\/web\\\/ee-uu-no-piensa-irse-de-siria\\\/\",\"name\":\"EE.UU no piensa irse de Siria - El Diario de Tucuman\",\"isPartOf\":{\"@id\":\"https:\\\/\\\/www.eldiariodetucuman.com\\\/web\\\/#website\"},\"primaryImageOfPage\":{\"@id\":\"https:\\\/\\\/www.eldiariodetucuman.com\\\/web\\\/ee-uu-no-piensa-irse-de-siria\\\/#primaryimage\"},\"image\":{\"@id\":\"https:\\\/\\\/www.eldiariodetucuman.com\\\/web\\\/ee-uu-no-piensa-irse-de-siria\\\/#primaryimage\"},\"thumbnailUrl\":\"https:\\\/\\\/www.eldiariodetucuman.com\\\/web\\\/wp-content\\\/uploads\\\/2018\\\/04\\\/77225d78b4f7e23dd2b048f973cf4e07.jpeg\",\"datePublished\":\"2018-04-16T15:50:14+00:00\",\"breadcrumb\":{\"@id\":\"https:\\\/\\\/www.eldiariodetucuman.com\\\/web\\\/ee-uu-no-piensa-irse-de-siria\\\/#breadcrumb\"},\"inLanguage\":\"es\",\"potentialAction\":[{\"@type\":\"ReadAction\",\"target\":[\"https:\\\/\\\/www.eldiariodetucuman.com\\\/web\\\/ee-uu-no-piensa-irse-de-siria\\\/\"]}]},{\"@type\":\"ImageObject\",\"inLanguage\":\"es\",\"@id\":\"https:\\\/\\\/www.eldiariodetucuman.com\\\/web\\\/ee-uu-no-piensa-irse-de-siria\\\/#primaryimage\",\"url\":\"https:\\\/\\\/www.eldiariodetucuman.com\\\/web\\\/wp-content\\\/uploads\\\/2018\\\/04\\\/77225d78b4f7e23dd2b048f973cf4e07.jpeg\",\"contentUrl\":\"https:\\\/\\\/www.eldiariodetucuman.com\\\/web\\\/wp-content\\\/uploads\\\/2018\\\/04\\\/77225d78b4f7e23dd2b048f973cf4e07.jpeg\",\"width\":970,\"height\":546},{\"@type\":\"BreadcrumbList\",\"@id\":\"https:\\\/\\\/www.eldiariodetucuman.com\\\/web\\\/ee-uu-no-piensa-irse-de-siria\\\/#breadcrumb\",\"itemListElement\":[{\"@type\":\"ListItem\",\"position\":1,\"name\":\"Portada\",\"item\":\"https:\\\/\\\/www.eldiariodetucuman.com\\\/web\\\/\"},{\"@type\":\"ListItem\",\"position\":2,\"name\":\"EE.UU no piensa irse de Siria\"}]},{\"@type\":\"WebSite\",\"@id\":\"https:\\\/\\\/www.eldiariodetucuman.com\\\/web\\\/#website\",\"url\":\"https:\\\/\\\/www.eldiariodetucuman.com\\\/web\\\/\",\"name\":\"El Diario de Tucuman\",\"description\":\"Diario Tucuman - Informaci\u00f3n y noticias\",\"publisher\":{\"@id\":\"https:\\\/\\\/www.eldiariodetucuman.com\\\/web\\\/#organization\"},\"potentialAction\":[{\"@type\":\"SearchAction\",\"target\":{\"@type\":\"EntryPoint\",\"urlTemplate\":\"https:\\\/\\\/www.eldiariodetucuman.com\\\/web\\\/?s={search_term_string}\"},\"query-input\":{\"@type\":\"PropertyValueSpecification\",\"valueRequired\":true,\"valueName\":\"search_term_string\"}}],\"inLanguage\":\"es\"},{\"@type\":\"Organization\",\"@id\":\"https:\\\/\\\/www.eldiariodetucuman.com\\\/web\\\/#organization\",\"name\":\"El Diario de Tucuman\",\"url\":\"https:\\\/\\\/www.eldiariodetucuman.com\\\/web\\\/\",\"logo\":{\"@type\":\"ImageObject\",\"inLanguage\":\"es\",\"@id\":\"https:\\\/\\\/www.eldiariodetucuman.com\\\/web\\\/#\\\/schema\\\/logo\\\/image\\\/\",\"url\":\"http:\\\/\\\/www.eldiariodetucuman.com\\\/web\\\/wp-content\\\/uploads\\\/2017\\\/12\\\/el-diario-de-tucuman.jpg\",\"contentUrl\":\"http:\\\/\\\/www.eldiariodetucuman.com\\\/web\\\/wp-content\\\/uploads\\\/2017\\\/12\\\/el-diario-de-tucuman.jpg\",\"width\":272,\"height\":92,\"caption\":\"El Diario de Tucuman\"},\"image\":{\"@id\":\"https:\\\/\\\/www.eldiariodetucuman.com\\\/web\\\/#\\\/schema\\\/logo\\\/image\\\/\"}},{\"@type\":\"Person\",\"@id\":\"https:\\\/\\\/www.eldiariodetucuman.com\\\/web\\\/#\\\/schema\\\/person\\\/6f95946e54fde848b878ffa4928071d5\",\"name\":\"eldiario detucuman\",\"image\":{\"@type\":\"ImageObject\",\"inLanguage\":\"es\",\"@id\":\"https:\\\/\\\/secure.gravatar.com\\\/avatar\\\/b6e1f89c5c4044c4962c8e6c20b1ca2cc99f549c965908afd4ec5308b3f51bfe?s=96&d=mm&r=g\",\"url\":\"https:\\\/\\\/secure.gravatar.com\\\/avatar\\\/b6e1f89c5c4044c4962c8e6c20b1ca2cc99f549c965908afd4ec5308b3f51bfe?s=96&d=mm&r=g\",\"contentUrl\":\"https:\\\/\\\/secure.gravatar.com\\\/avatar\\\/b6e1f89c5c4044c4962c8e6c20b1ca2cc99f549c965908afd4ec5308b3f51bfe?s=96&d=mm&r=g\",\"caption\":\"eldiario detucuman\"},\"url\":\"https:\\\/\\\/www.eldiariodetucuman.com\\\/web\\\/author\\\/eldiariodetucuman\\\/\"}]}<\/script>\n<!-- \/ Yoast SEO plugin. -->","yoast_head_json":{"title":"EE.UU no piensa irse de Siria - El Diario de Tucuman","robots":{"index":"index","follow":"follow","max-snippet":"max-snippet:-1","max-image-preview":"max-image-preview:large","max-video-preview":"max-video-preview:-1"},"canonical":"https:\/\/www.eldiariodetucuman.com\/web\/ee-uu-no-piensa-irse-de-siria\/","og_locale":"es_ES","og_type":"article","og_title":"EE.UU no piensa irse de Siria - El Diario de Tucuman","og_description":"Apenas un d\u00eda despu\u00e9s de los tan anunciados ataques de Estados Unidos, Francia y Reino Unido contra el Ej\u00e9rcito sirio, el gobierno de Donald Trump anunci\u00f3 este domingo nuevas e inminentes sanciones contra el mayor aliado de Damasco, Rusia, y, seg\u00fan cont\u00f3 el presidente franc\u00e9s, Emmanuel Macron, tom\u00f3 la decisi\u00f3n de quedarse \u00aba largo plazo [&hellip;]","og_url":"https:\/\/www.eldiariodetucuman.com\/web\/ee-uu-no-piensa-irse-de-siria\/","og_site_name":"El Diario de Tucuman","article_published_time":"2018-04-16T15:50:14+00:00","og_image":[{"width":970,"height":546,"url":"https:\/\/www.eldiariodetucuman.com\/web\/wp-content\/uploads\/2018\/04\/77225d78b4f7e23dd2b048f973cf4e07.jpeg","type":"image\/jpeg"}],"author":"eldiario detucuman","twitter_card":"summary_large_image","twitter_misc":{"Escrito por":"eldiario detucuman","Tiempo de lectura":"5 minutos"},"schema":{"@context":"https:\/\/schema.org","@graph":[{"@type":"Article","@id":"https:\/\/www.eldiariodetucuman.com\/web\/ee-uu-no-piensa-irse-de-siria\/#article","isPartOf":{"@id":"https:\/\/www.eldiariodetucuman.com\/web\/ee-uu-no-piensa-irse-de-siria\/"},"author":{"name":"eldiario detucuman","@id":"https:\/\/www.eldiariodetucuman.com\/web\/#\/schema\/person\/6f95946e54fde848b878ffa4928071d5"},"headline":"EE.UU no piensa irse de Siria","datePublished":"2018-04-16T15:50:14+00:00","mainEntityOfPage":{"@id":"https:\/\/www.eldiariodetucuman.com\/web\/ee-uu-no-piensa-irse-de-siria\/"},"wordCount":1063,"commentCount":0,"publisher":{"@id":"https:\/\/www.eldiariodetucuman.com\/web\/#organization"},"image":{"@id":"https:\/\/www.eldiariodetucuman.com\/web\/ee-uu-no-piensa-irse-de-siria\/#primaryimage"},"thumbnailUrl":"https:\/\/www.eldiariodetucuman.com\/web\/wp-content\/uploads\/2018\/04\/77225d78b4f7e23dd2b048f973cf4e07.jpeg","articleSection":["Internacionales"],"inLanguage":"es","potentialAction":[{"@type":"CommentAction","name":"Comment","target":["https:\/\/www.eldiariodetucuman.com\/web\/ee-uu-no-piensa-irse-de-siria\/#respond"]}]},{"@type":"WebPage","@id":"https:\/\/www.eldiariodetucuman.com\/web\/ee-uu-no-piensa-irse-de-siria\/","url":"https:\/\/www.eldiariodetucuman.com\/web\/ee-uu-no-piensa-irse-de-siria\/","name":"EE.UU no piensa irse de Siria - El Diario de Tucuman","isPartOf":{"@id":"https:\/\/www.eldiariodetucuman.com\/web\/#website"},"primaryImageOfPage":{"@id":"https:\/\/www.eldiariodetucuman.com\/web\/ee-uu-no-piensa-irse-de-siria\/#primaryimage"},"image":{"@id":"https:\/\/www.eldiariodetucuman.com\/web\/ee-uu-no-piensa-irse-de-siria\/#primaryimage"},"thumbnailUrl":"https:\/\/www.eldiariodetucuman.com\/web\/wp-content\/uploads\/2018\/04\/77225d78b4f7e23dd2b048f973cf4e07.jpeg","datePublished":"2018-04-16T15:50:14+00:00","breadcrumb":{"@id":"https:\/\/www.eldiariodetucuman.com\/web\/ee-uu-no-piensa-irse-de-siria\/#breadcrumb"},"inLanguage":"es","potentialAction":[{"@type":"ReadAction","target":["https:\/\/www.eldiariodetucuman.com\/web\/ee-uu-no-piensa-irse-de-siria\/"]}]},{"@type":"ImageObject","inLanguage":"es","@id":"https:\/\/www.eldiariodetucuman.com\/web\/ee-uu-no-piensa-irse-de-siria\/#primaryimage","url":"https:\/\/www.eldiariodetucuman.com\/web\/wp-content\/uploads\/2018\/04\/77225d78b4f7e23dd2b048f973cf4e07.jpeg","contentUrl":"https:\/\/www.eldiariodetucuman.com\/web\/wp-content\/uploads\/2018\/04\/77225d78b4f7e23dd2b048f973cf4e07.jpeg","width":970,"height":546},{"@type":"BreadcrumbList","@id":"https:\/\/www.eldiariodetucuman.com\/web\/ee-uu-no-piensa-irse-de-siria\/#breadcrumb","itemListElement":[{"@type":"ListItem","position":1,"name":"Portada","item":"https:\/\/www.eldiariodetucuman.com\/web\/"},{"@type":"ListItem","position":2,"name":"EE.UU no piensa irse de Siria"}]},{"@type":"WebSite","@id":"https:\/\/www.eldiariodetucuman.com\/web\/#website","url":"https:\/\/www.eldiariodetucuman.com\/web\/","name":"El Diario de Tucuman","description":"Diario Tucuman - Informaci\u00f3n y noticias","publisher":{"@id":"https:\/\/www.eldiariodetucuman.com\/web\/#organization"},"potentialAction":[{"@type":"SearchAction","target":{"@type":"EntryPoint","urlTemplate":"https:\/\/www.eldiariodetucuman.com\/web\/?s={search_term_string}"},"query-input":{"@type":"PropertyValueSpecification","valueRequired":true,"valueName":"search_term_string"}}],"inLanguage":"es"},{"@type":"Organization","@id":"https:\/\/www.eldiariodetucuman.com\/web\/#organization","name":"El Diario de Tucuman","url":"https:\/\/www.eldiariodetucuman.com\/web\/","logo":{"@type":"ImageObject","inLanguage":"es","@id":"https:\/\/www.eldiariodetucuman.com\/web\/#\/schema\/logo\/image\/","url":"http:\/\/www.eldiariodetucuman.com\/web\/wp-content\/uploads\/2017\/12\/el-diario-de-tucuman.jpg","contentUrl":"http:\/\/www.eldiariodetucuman.com\/web\/wp-content\/uploads\/2017\/12\/el-diario-de-tucuman.jpg","width":272,"height":92,"caption":"El Diario de Tucuman"},"image":{"@id":"https:\/\/www.eldiariodetucuman.com\/web\/#\/schema\/logo\/image\/"}},{"@type":"Person","@id":"https:\/\/www.eldiariodetucuman.com\/web\/#\/schema\/person\/6f95946e54fde848b878ffa4928071d5","name":"eldiario detucuman","image":{"@type":"ImageObject","inLanguage":"es","@id":"https:\/\/secure.gravatar.com\/avatar\/b6e1f89c5c4044c4962c8e6c20b1ca2cc99f549c965908afd4ec5308b3f51bfe?s=96&d=mm&r=g","url":"https:\/\/secure.gravatar.com\/avatar\/b6e1f89c5c4044c4962c8e6c20b1ca2cc99f549c965908afd4ec5308b3f51bfe?s=96&d=mm&r=g","contentUrl":"https:\/\/secure.gravatar.com\/avatar\/b6e1f89c5c4044c4962c8e6c20b1ca2cc99f549c965908afd4ec5308b3f51bfe?s=96&d=mm&r=g","caption":"eldiario detucuman"},"url":"https:\/\/www.eldiariodetucuman.com\/web\/author\/eldiariodetucuman\/"}]}},"_links":{"self":[{"href":"https:\/\/www.eldiariodetucuman.com\/web\/wp-json\/wp\/v2\/posts\/8597","targetHints":{"allow":["GET"]}}],"collection":[{"href":"https:\/\/www.eldiariodetucuman.com\/web\/wp-json\/wp\/v2\/posts"}],"about":[{"href":"https:\/\/www.eldiariodetucuman.com\/web\/wp-json\/wp\/v2\/types\/post"}],"author":[{"embeddable":true,"href":"https:\/\/www.eldiariodetucuman.com\/web\/wp-json\/wp\/v2\/users\/4"}],"replies":[{"embeddable":true,"href":"https:\/\/www.eldiariodetucuman.com\/web\/wp-json\/wp\/v2\/comments?post=8597"}],"version-history":[{"count":0,"href":"https:\/\/www.eldiariodetucuman.com\/web\/wp-json\/wp\/v2\/posts\/8597\/revisions"}],"wp:featuredmedia":[{"embeddable":true,"href":"https:\/\/www.eldiariodetucuman.com\/web\/wp-json\/wp\/v2\/media\/8598"}],"wp:attachment":[{"href":"https:\/\/www.eldiariodetucuman.com\/web\/wp-json\/wp\/v2\/media?parent=8597"}],"wp:term":[{"taxonomy":"category","embeddable":true,"href":"https:\/\/www.eldiariodetucuman.com\/web\/wp-json\/wp\/v2\/categories?post=8597"},{"taxonomy":"post_tag","embeddable":true,"href":"https:\/\/www.eldiariodetucuman.com\/web\/wp-json\/wp\/v2\/tags?post=8597"}],"curies":[{"name":"wp","href":"https:\/\/api.w.org\/{rel}","templated":true}]}}