{"id":8595,"date":"2018-04-16T12:50:06","date_gmt":"2018-04-16T15:50:06","guid":{"rendered":"http:\/\/www.eldiariodetucuman.com\/web\/rezo-por-ellos-el-papa-recordo-a-los-periodistas-asesinados\/"},"modified":"2018-04-16T12:50:06","modified_gmt":"2018-04-16T15:50:06","slug":"rezo-por-ellos-el-papa-recordo-a-los-periodistas-asesinados","status":"publish","type":"post","link":"https:\/\/www.eldiariodetucuman.com\/web\/rezo-por-ellos-el-papa-recordo-a-los-periodistas-asesinados\/","title":{"rendered":"\u201cRezo por ellos\u201d: el Papa record\u00f3 a los periodistas asesinados"},"content":{"rendered":"<div>\n<div itemprop=\"articleBody\" readability=\"70.658243080626\">\n<p>Esta situaci\u00f3n no le fue ajena\u00a0al Papa. Este domingo, durante la misa dominical en La\u00a0Plaza de San Pedro, <strong>Francisco <\/strong>lament\u00f3 lo sucedido. <em>\u201cRezo por ellos y por sus familiares\u201d, <\/em>dijo.<\/p>\n<p><em>\u00abCon dolor recib\u00ed la noticia del asesinato de los tres hombres secuestrados a fin de marzo en la frontera entre Ecuador y Colombia\u201d<\/em>, expres\u00f3 tras rezar el Regina Coeli, la oraci\u00f3n que sustituye al tradicional \u00c1ngelus luego de la Pascua, al recordar los cr\u00edmenes de <strong>Javier Ortega<\/strong>, <strong>Pa\u00fal Rivas<\/strong> y <strong>Efra\u00edn Segarra<\/strong>, secuestrados en la zona fronteriza de su pa\u00eds y Colombia por un grupo disidente de las   <a href=\"https:\/\/www.cronica.com.ar\/tags\/FARC\">FARC<\/a>.<\/p>\n<p>Ante la mirada de miles de personas, Francisco manifest\u00f3 tambi\u00e9n su cercan\u00eda con el <em>\u201cquerido pueblo ecuatoriano\u201d<\/em> y lo anim\u00f3 a <em>\u201cseguir adelante, unido y pac\u00edfico\u201d.<\/em><\/p>\n<p><u><em><strong>Sigue la b\u00fasqueda <\/strong><\/em><\/u><\/p>\n<div>\n<figure class=\"image\"><img decoding=\"async\" alt=\"\" data-height=\"385\" data-size=\"w:729,h:385\" data-width=\"729\" hspace=\"5\" src=\"https:\/\/www.cronica.com.ar\/export\/sites\/cronica\/img\/2018\/04\/16\/1.jpg_86882347.jpg\" title=\"\" vspace=\"5\"><figcaption>Rivas, Ortega y Segarra, fueron asesinados por un grupo disidente de las   <a href=\"https:\/\/www.cronica.com.ar\/tags\/FARC\">FARC<\/a>.<\/figcaption><\/figure>\n<\/div>\n<p>El gobierno de Ecuador anunci\u00f3 este domingo que a\u00fan no ten\u00eda novedades sobre el lugar en el que estaban los cuerpos sin vida de Ortega, Rivas y Segarra. El ministro del Interior, C\u00e9sar Navas, fue el encargado de referirse al tema y de recordar que la Cruz Roja es la que est\u00e1 a cargo del proceso.<\/p>\n<p>El equipo del diario El Comercio fue secuestrado el 26 de marzo \u00faltimo por miembros del <strong>Frente Oliver Sinisterra<\/strong>, liderado por <strong>Walter Patricio Arizala Vernaza<\/strong>, alias <em>\u201cGuacho<\/em>\u201d, por quien el gobierno ecuatoriano ofreci\u00f3 una recompensa de 100.000 d\u00f3- lares. En ese momento, los reporteros realizaban un informe sobre las actividades ilegales en la zona de Mataje, provincia de Esmeraldas, en la zona fronteriza con Colombia, una de las regiones en las que opera el grupo delictivo.<\/p>\n<\/div>\n<\/div>\n","protected":false},"excerpt":{"rendered":"<p>Esta situaci\u00f3n no le fue ajena\u00a0al Papa. Este domingo, durante la misa dominical en La\u00a0Plaza de San Pedro, Francisco lament\u00f3 lo sucedido. \u201cRezo por ellos y por sus familiares\u201d, dijo. \u00abCon dolor recib\u00ed la noticia del asesinato de los tres hombres secuestrados a fin de marzo en la frontera entre Ecuador y Colombia\u201d, expres\u00f3 tras [&hellip;]<\/p>\n","protected":false},"author":4,"featured_media":8596,"comment_status":"open","ping_status":"closed","sticky":false,"template":"","format":"standard","meta":{"footnotes":""},"categories":[194],"tags":[],"class_list":{"0":"post-8595","1":"post","2":"type-post","3":"status-publish","4":"format-standard","5":"has-post-thumbnail","7":"category-internacionales"},"yoast_head":"<!-- This site is optimized with the Yoast SEO plugin v27.4 - https:\/\/yoast.com\/product\/yoast-seo-wordpress\/ -->\n<title>\u201cRezo por ellos\u201d: el Papa record\u00f3 a los periodistas asesinados - El Diario de Tucuman<\/title>\n<meta name=\"robots\" content=\"index, follow, max-snippet:-1, max-image-preview:large, max-video-preview:-1\" \/>\n<link rel=\"canonical\" href=\"https:\/\/www.eldiariodetucuman.com\/web\/rezo-por-ellos-el-papa-recordo-a-los-periodistas-asesinados\/\" \/>\n<meta property=\"og:locale\" content=\"es_ES\" \/>\n<meta property=\"og:type\" content=\"article\" \/>\n<meta property=\"og:title\" content=\"\u201cRezo por ellos\u201d: el Papa record\u00f3 a los periodistas asesinados - El Diario de Tucuman\" \/>\n<meta property=\"og:description\" content=\"Esta situaci\u00f3n no le fue ajena\u00a0al Papa. Este domingo, durante la misa dominical en La\u00a0Plaza de San Pedro, Francisco lament\u00f3 lo sucedido. \u201cRezo por ellos y por sus familiares\u201d, dijo. \u00abCon dolor recib\u00ed la noticia del asesinato de los tres hombres secuestrados a fin de marzo en la frontera entre Ecuador y Colombia\u201d, expres\u00f3 tras [&hellip;]\" \/>\n<meta property=\"og:url\" content=\"https:\/\/www.eldiariodetucuman.com\/web\/rezo-por-ellos-el-papa-recordo-a-los-periodistas-asesinados\/\" \/>\n<meta property=\"og:site_name\" content=\"El Diario de Tucuman\" \/>\n<meta property=\"article:published_time\" content=\"2018-04-16T15:50:06+00:00\" \/>\n<meta property=\"og:image\" content=\"https:\/\/www.eldiariodetucuman.com\/web\/wp-content\/uploads\/2018\/04\/5abb7cf8504ea824fa7ea3132f3df0c6.jpeg\" \/>\n\t<meta property=\"og:image:width\" content=\"970\" \/>\n\t<meta property=\"og:image:height\" content=\"546\" \/>\n\t<meta property=\"og:image:type\" content=\"image\/jpeg\" \/>\n<meta name=\"author\" content=\"eldiario detucuman\" \/>\n<meta name=\"twitter:card\" content=\"summary_large_image\" \/>\n<meta name=\"twitter:label1\" content=\"Escrito por\" \/>\n\t<meta name=\"twitter:data1\" content=\"eldiario detucuman\" \/>\n\t<meta name=\"twitter:label2\" content=\"Tiempo de lectura\" \/>\n\t<meta name=\"twitter:data2\" content=\"1 minuto\" \/>\n<script type=\"application\/ld+json\" class=\"yoast-schema-graph\">{\"@context\":\"https:\\\/\\\/schema.org\",\"@graph\":[{\"@type\":\"Article\",\"@id\":\"https:\\\/\\\/www.eldiariodetucuman.com\\\/web\\\/rezo-por-ellos-el-papa-recordo-a-los-periodistas-asesinados\\\/#article\",\"isPartOf\":{\"@id\":\"https:\\\/\\\/www.eldiariodetucuman.com\\\/web\\\/rezo-por-ellos-el-papa-recordo-a-los-periodistas-asesinados\\\/\"},\"author\":{\"name\":\"eldiario detucuman\",\"@id\":\"https:\\\/\\\/www.eldiariodetucuman.com\\\/web\\\/#\\\/schema\\\/person\\\/6f95946e54fde848b878ffa4928071d5\"},\"headline\":\"\u201cRezo por ellos\u201d: el Papa record\u00f3 a los periodistas asesinados\",\"datePublished\":\"2018-04-16T15:50:06+00:00\",\"mainEntityOfPage\":{\"@id\":\"https:\\\/\\\/www.eldiariodetucuman.com\\\/web\\\/rezo-por-ellos-el-papa-recordo-a-los-periodistas-asesinados\\\/\"},\"wordCount\":297,\"commentCount\":0,\"publisher\":{\"@id\":\"https:\\\/\\\/www.eldiariodetucuman.com\\\/web\\\/#organization\"},\"image\":{\"@id\":\"https:\\\/\\\/www.eldiariodetucuman.com\\\/web\\\/rezo-por-ellos-el-papa-recordo-a-los-periodistas-asesinados\\\/#primaryimage\"},\"thumbnailUrl\":\"https:\\\/\\\/www.eldiariodetucuman.com\\\/web\\\/wp-content\\\/uploads\\\/2018\\\/04\\\/5abb7cf8504ea824fa7ea3132f3df0c6.jpeg\",\"articleSection\":[\"Internacionales\"],\"inLanguage\":\"es\",\"potentialAction\":[{\"@type\":\"CommentAction\",\"name\":\"Comment\",\"target\":[\"https:\\\/\\\/www.eldiariodetucuman.com\\\/web\\\/rezo-por-ellos-el-papa-recordo-a-los-periodistas-asesinados\\\/#respond\"]}]},{\"@type\":\"WebPage\",\"@id\":\"https:\\\/\\\/www.eldiariodetucuman.com\\\/web\\\/rezo-por-ellos-el-papa-recordo-a-los-periodistas-asesinados\\\/\",\"url\":\"https:\\\/\\\/www.eldiariodetucuman.com\\\/web\\\/rezo-por-ellos-el-papa-recordo-a-los-periodistas-asesinados\\\/\",\"name\":\"\u201cRezo por ellos\u201d: el Papa record\u00f3 a los periodistas asesinados - El Diario de Tucuman\",\"isPartOf\":{\"@id\":\"https:\\\/\\\/www.eldiariodetucuman.com\\\/web\\\/#website\"},\"primaryImageOfPage\":{\"@id\":\"https:\\\/\\\/www.eldiariodetucuman.com\\\/web\\\/rezo-por-ellos-el-papa-recordo-a-los-periodistas-asesinados\\\/#primaryimage\"},\"image\":{\"@id\":\"https:\\\/\\\/www.eldiariodetucuman.com\\\/web\\\/rezo-por-ellos-el-papa-recordo-a-los-periodistas-asesinados\\\/#primaryimage\"},\"thumbnailUrl\":\"https:\\\/\\\/www.eldiariodetucuman.com\\\/web\\\/wp-content\\\/uploads\\\/2018\\\/04\\\/5abb7cf8504ea824fa7ea3132f3df0c6.jpeg\",\"datePublished\":\"2018-04-16T15:50:06+00:00\",\"breadcrumb\":{\"@id\":\"https:\\\/\\\/www.eldiariodetucuman.com\\\/web\\\/rezo-por-ellos-el-papa-recordo-a-los-periodistas-asesinados\\\/#breadcrumb\"},\"inLanguage\":\"es\",\"potentialAction\":[{\"@type\":\"ReadAction\",\"target\":[\"https:\\\/\\\/www.eldiariodetucuman.com\\\/web\\\/rezo-por-ellos-el-papa-recordo-a-los-periodistas-asesinados\\\/\"]}]},{\"@type\":\"ImageObject\",\"inLanguage\":\"es\",\"@id\":\"https:\\\/\\\/www.eldiariodetucuman.com\\\/web\\\/rezo-por-ellos-el-papa-recordo-a-los-periodistas-asesinados\\\/#primaryimage\",\"url\":\"https:\\\/\\\/www.eldiariodetucuman.com\\\/web\\\/wp-content\\\/uploads\\\/2018\\\/04\\\/5abb7cf8504ea824fa7ea3132f3df0c6.jpeg\",\"contentUrl\":\"https:\\\/\\\/www.eldiariodetucuman.com\\\/web\\\/wp-content\\\/uploads\\\/2018\\\/04\\\/5abb7cf8504ea824fa7ea3132f3df0c6.jpeg\",\"width\":970,\"height\":546},{\"@type\":\"BreadcrumbList\",\"@id\":\"https:\\\/\\\/www.eldiariodetucuman.com\\\/web\\\/rezo-por-ellos-el-papa-recordo-a-los-periodistas-asesinados\\\/#breadcrumb\",\"itemListElement\":[{\"@type\":\"ListItem\",\"position\":1,\"name\":\"Portada\",\"item\":\"https:\\\/\\\/www.eldiariodetucuman.com\\\/web\\\/\"},{\"@type\":\"ListItem\",\"position\":2,\"name\":\"\u201cRezo por ellos\u201d: el Papa record\u00f3 a los periodistas asesinados\"}]},{\"@type\":\"WebSite\",\"@id\":\"https:\\\/\\\/www.eldiariodetucuman.com\\\/web\\\/#website\",\"url\":\"https:\\\/\\\/www.eldiariodetucuman.com\\\/web\\\/\",\"name\":\"El Diario de Tucuman\",\"description\":\"Diario Tucuman - Informaci\u00f3n y noticias\",\"publisher\":{\"@id\":\"https:\\\/\\\/www.eldiariodetucuman.com\\\/web\\\/#organization\"},\"potentialAction\":[{\"@type\":\"SearchAction\",\"target\":{\"@type\":\"EntryPoint\",\"urlTemplate\":\"https:\\\/\\\/www.eldiariodetucuman.com\\\/web\\\/?s={search_term_string}\"},\"query-input\":{\"@type\":\"PropertyValueSpecification\",\"valueRequired\":true,\"valueName\":\"search_term_string\"}}],\"inLanguage\":\"es\"},{\"@type\":\"Organization\",\"@id\":\"https:\\\/\\\/www.eldiariodetucuman.com\\\/web\\\/#organization\",\"name\":\"El Diario de Tucuman\",\"url\":\"https:\\\/\\\/www.eldiariodetucuman.com\\\/web\\\/\",\"logo\":{\"@type\":\"ImageObject\",\"inLanguage\":\"es\",\"@id\":\"https:\\\/\\\/www.eldiariodetucuman.com\\\/web\\\/#\\\/schema\\\/logo\\\/image\\\/\",\"url\":\"http:\\\/\\\/www.eldiariodetucuman.com\\\/web\\\/wp-content\\\/uploads\\\/2017\\\/12\\\/el-diario-de-tucuman.jpg\",\"contentUrl\":\"http:\\\/\\\/www.eldiariodetucuman.com\\\/web\\\/wp-content\\\/uploads\\\/2017\\\/12\\\/el-diario-de-tucuman.jpg\",\"width\":272,\"height\":92,\"caption\":\"El Diario de Tucuman\"},\"image\":{\"@id\":\"https:\\\/\\\/www.eldiariodetucuman.com\\\/web\\\/#\\\/schema\\\/logo\\\/image\\\/\"}},{\"@type\":\"Person\",\"@id\":\"https:\\\/\\\/www.eldiariodetucuman.com\\\/web\\\/#\\\/schema\\\/person\\\/6f95946e54fde848b878ffa4928071d5\",\"name\":\"eldiario detucuman\",\"image\":{\"@type\":\"ImageObject\",\"inLanguage\":\"es\",\"@id\":\"https:\\\/\\\/secure.gravatar.com\\\/avatar\\\/b6e1f89c5c4044c4962c8e6c20b1ca2cc99f549c965908afd4ec5308b3f51bfe?s=96&d=mm&r=g\",\"url\":\"https:\\\/\\\/secure.gravatar.com\\\/avatar\\\/b6e1f89c5c4044c4962c8e6c20b1ca2cc99f549c965908afd4ec5308b3f51bfe?s=96&d=mm&r=g\",\"contentUrl\":\"https:\\\/\\\/secure.gravatar.com\\\/avatar\\\/b6e1f89c5c4044c4962c8e6c20b1ca2cc99f549c965908afd4ec5308b3f51bfe?s=96&d=mm&r=g\",\"caption\":\"eldiario detucuman\"},\"url\":\"https:\\\/\\\/www.eldiariodetucuman.com\\\/web\\\/author\\\/eldiariodetucuman\\\/\"}]}<\/script>\n<!-- \/ Yoast SEO plugin. -->","yoast_head_json":{"title":"\u201cRezo por ellos\u201d: el Papa record\u00f3 a los periodistas asesinados - El Diario de Tucuman","robots":{"index":"index","follow":"follow","max-snippet":"max-snippet:-1","max-image-preview":"max-image-preview:large","max-video-preview":"max-video-preview:-1"},"canonical":"https:\/\/www.eldiariodetucuman.com\/web\/rezo-por-ellos-el-papa-recordo-a-los-periodistas-asesinados\/","og_locale":"es_ES","og_type":"article","og_title":"\u201cRezo por ellos\u201d: el Papa record\u00f3 a los periodistas asesinados - El Diario de Tucuman","og_description":"Esta situaci\u00f3n no le fue ajena\u00a0al Papa. Este domingo, durante la misa dominical en La\u00a0Plaza de San Pedro, Francisco lament\u00f3 lo sucedido. \u201cRezo por ellos y por sus familiares\u201d, dijo. \u00abCon dolor recib\u00ed la noticia del asesinato de los tres hombres secuestrados a fin de marzo en la frontera entre Ecuador y Colombia\u201d, expres\u00f3 tras [&hellip;]","og_url":"https:\/\/www.eldiariodetucuman.com\/web\/rezo-por-ellos-el-papa-recordo-a-los-periodistas-asesinados\/","og_site_name":"El Diario de Tucuman","article_published_time":"2018-04-16T15:50:06+00:00","og_image":[{"width":970,"height":546,"url":"https:\/\/www.eldiariodetucuman.com\/web\/wp-content\/uploads\/2018\/04\/5abb7cf8504ea824fa7ea3132f3df0c6.jpeg","type":"image\/jpeg"}],"author":"eldiario detucuman","twitter_card":"summary_large_image","twitter_misc":{"Escrito por":"eldiario detucuman","Tiempo de lectura":"1 minuto"},"schema":{"@context":"https:\/\/schema.org","@graph":[{"@type":"Article","@id":"https:\/\/www.eldiariodetucuman.com\/web\/rezo-por-ellos-el-papa-recordo-a-los-periodistas-asesinados\/#article","isPartOf":{"@id":"https:\/\/www.eldiariodetucuman.com\/web\/rezo-por-ellos-el-papa-recordo-a-los-periodistas-asesinados\/"},"author":{"name":"eldiario detucuman","@id":"https:\/\/www.eldiariodetucuman.com\/web\/#\/schema\/person\/6f95946e54fde848b878ffa4928071d5"},"headline":"\u201cRezo por ellos\u201d: el Papa record\u00f3 a los periodistas asesinados","datePublished":"2018-04-16T15:50:06+00:00","mainEntityOfPage":{"@id":"https:\/\/www.eldiariodetucuman.com\/web\/rezo-por-ellos-el-papa-recordo-a-los-periodistas-asesinados\/"},"wordCount":297,"commentCount":0,"publisher":{"@id":"https:\/\/www.eldiariodetucuman.com\/web\/#organization"},"image":{"@id":"https:\/\/www.eldiariodetucuman.com\/web\/rezo-por-ellos-el-papa-recordo-a-los-periodistas-asesinados\/#primaryimage"},"thumbnailUrl":"https:\/\/www.eldiariodetucuman.com\/web\/wp-content\/uploads\/2018\/04\/5abb7cf8504ea824fa7ea3132f3df0c6.jpeg","articleSection":["Internacionales"],"inLanguage":"es","potentialAction":[{"@type":"CommentAction","name":"Comment","target":["https:\/\/www.eldiariodetucuman.com\/web\/rezo-por-ellos-el-papa-recordo-a-los-periodistas-asesinados\/#respond"]}]},{"@type":"WebPage","@id":"https:\/\/www.eldiariodetucuman.com\/web\/rezo-por-ellos-el-papa-recordo-a-los-periodistas-asesinados\/","url":"https:\/\/www.eldiariodetucuman.com\/web\/rezo-por-ellos-el-papa-recordo-a-los-periodistas-asesinados\/","name":"\u201cRezo por ellos\u201d: el Papa record\u00f3 a los periodistas asesinados - El Diario de Tucuman","isPartOf":{"@id":"https:\/\/www.eldiariodetucuman.com\/web\/#website"},"primaryImageOfPage":{"@id":"https:\/\/www.eldiariodetucuman.com\/web\/rezo-por-ellos-el-papa-recordo-a-los-periodistas-asesinados\/#primaryimage"},"image":{"@id":"https:\/\/www.eldiariodetucuman.com\/web\/rezo-por-ellos-el-papa-recordo-a-los-periodistas-asesinados\/#primaryimage"},"thumbnailUrl":"https:\/\/www.eldiariodetucuman.com\/web\/wp-content\/uploads\/2018\/04\/5abb7cf8504ea824fa7ea3132f3df0c6.jpeg","datePublished":"2018-04-16T15:50:06+00:00","breadcrumb":{"@id":"https:\/\/www.eldiariodetucuman.com\/web\/rezo-por-ellos-el-papa-recordo-a-los-periodistas-asesinados\/#breadcrumb"},"inLanguage":"es","potentialAction":[{"@type":"ReadAction","target":["https:\/\/www.eldiariodetucuman.com\/web\/rezo-por-ellos-el-papa-recordo-a-los-periodistas-asesinados\/"]}]},{"@type":"ImageObject","inLanguage":"es","@id":"https:\/\/www.eldiariodetucuman.com\/web\/rezo-por-ellos-el-papa-recordo-a-los-periodistas-asesinados\/#primaryimage","url":"https:\/\/www.eldiariodetucuman.com\/web\/wp-content\/uploads\/2018\/04\/5abb7cf8504ea824fa7ea3132f3df0c6.jpeg","contentUrl":"https:\/\/www.eldiariodetucuman.com\/web\/wp-content\/uploads\/2018\/04\/5abb7cf8504ea824fa7ea3132f3df0c6.jpeg","width":970,"height":546},{"@type":"BreadcrumbList","@id":"https:\/\/www.eldiariodetucuman.com\/web\/rezo-por-ellos-el-papa-recordo-a-los-periodistas-asesinados\/#breadcrumb","itemListElement":[{"@type":"ListItem","position":1,"name":"Portada","item":"https:\/\/www.eldiariodetucuman.com\/web\/"},{"@type":"ListItem","position":2,"name":"\u201cRezo por ellos\u201d: el Papa record\u00f3 a los periodistas asesinados"}]},{"@type":"WebSite","@id":"https:\/\/www.eldiariodetucuman.com\/web\/#website","url":"https:\/\/www.eldiariodetucuman.com\/web\/","name":"El Diario de Tucuman","description":"Diario Tucuman - Informaci\u00f3n y noticias","publisher":{"@id":"https:\/\/www.eldiariodetucuman.com\/web\/#organization"},"potentialAction":[{"@type":"SearchAction","target":{"@type":"EntryPoint","urlTemplate":"https:\/\/www.eldiariodetucuman.com\/web\/?s={search_term_string}"},"query-input":{"@type":"PropertyValueSpecification","valueRequired":true,"valueName":"search_term_string"}}],"inLanguage":"es"},{"@type":"Organization","@id":"https:\/\/www.eldiariodetucuman.com\/web\/#organization","name":"El Diario de Tucuman","url":"https:\/\/www.eldiariodetucuman.com\/web\/","logo":{"@type":"ImageObject","inLanguage":"es","@id":"https:\/\/www.eldiariodetucuman.com\/web\/#\/schema\/logo\/image\/","url":"http:\/\/www.eldiariodetucuman.com\/web\/wp-content\/uploads\/2017\/12\/el-diario-de-tucuman.jpg","contentUrl":"http:\/\/www.eldiariodetucuman.com\/web\/wp-content\/uploads\/2017\/12\/el-diario-de-tucuman.jpg","width":272,"height":92,"caption":"El Diario de Tucuman"},"image":{"@id":"https:\/\/www.eldiariodetucuman.com\/web\/#\/schema\/logo\/image\/"}},{"@type":"Person","@id":"https:\/\/www.eldiariodetucuman.com\/web\/#\/schema\/person\/6f95946e54fde848b878ffa4928071d5","name":"eldiario detucuman","image":{"@type":"ImageObject","inLanguage":"es","@id":"https:\/\/secure.gravatar.com\/avatar\/b6e1f89c5c4044c4962c8e6c20b1ca2cc99f549c965908afd4ec5308b3f51bfe?s=96&d=mm&r=g","url":"https:\/\/secure.gravatar.com\/avatar\/b6e1f89c5c4044c4962c8e6c20b1ca2cc99f549c965908afd4ec5308b3f51bfe?s=96&d=mm&r=g","contentUrl":"https:\/\/secure.gravatar.com\/avatar\/b6e1f89c5c4044c4962c8e6c20b1ca2cc99f549c965908afd4ec5308b3f51bfe?s=96&d=mm&r=g","caption":"eldiario detucuman"},"url":"https:\/\/www.eldiariodetucuman.com\/web\/author\/eldiariodetucuman\/"}]}},"_links":{"self":[{"href":"https:\/\/www.eldiariodetucuman.com\/web\/wp-json\/wp\/v2\/posts\/8595","targetHints":{"allow":["GET"]}}],"collection":[{"href":"https:\/\/www.eldiariodetucuman.com\/web\/wp-json\/wp\/v2\/posts"}],"about":[{"href":"https:\/\/www.eldiariodetucuman.com\/web\/wp-json\/wp\/v2\/types\/post"}],"author":[{"embeddable":true,"href":"https:\/\/www.eldiariodetucuman.com\/web\/wp-json\/wp\/v2\/users\/4"}],"replies":[{"embeddable":true,"href":"https:\/\/www.eldiariodetucuman.com\/web\/wp-json\/wp\/v2\/comments?post=8595"}],"version-history":[{"count":0,"href":"https:\/\/www.eldiariodetucuman.com\/web\/wp-json\/wp\/v2\/posts\/8595\/revisions"}],"wp:featuredmedia":[{"embeddable":true,"href":"https:\/\/www.eldiariodetucuman.com\/web\/wp-json\/wp\/v2\/media\/8596"}],"wp:attachment":[{"href":"https:\/\/www.eldiariodetucuman.com\/web\/wp-json\/wp\/v2\/media?parent=8595"}],"wp:term":[{"taxonomy":"category","embeddable":true,"href":"https:\/\/www.eldiariodetucuman.com\/web\/wp-json\/wp\/v2\/categories?post=8595"},{"taxonomy":"post_tag","embeddable":true,"href":"https:\/\/www.eldiariodetucuman.com\/web\/wp-json\/wp\/v2\/tags?post=8595"}],"curies":[{"name":"wp","href":"https:\/\/api.w.org\/{rel}","templated":true}]}}