{"id":8592,"date":"2018-04-16T12:37:04","date_gmt":"2018-04-16T15:37:04","guid":{"rendered":"http:\/\/www.eldiariodetucuman.com\/web\/carrio-vs-lorenzetti-presiones-y-un-aparato-de-inteligencia-paralelo-claves-del-pedido-de-juicio-politico\/"},"modified":"2018-04-16T12:37:06","modified_gmt":"2018-04-16T15:37:06","slug":"carrio-vs-lorenzetti-presiones-y-un-aparato-de-inteligencia-paralelo-claves-del-pedido-de-juicio-politico","status":"publish","type":"post","link":"https:\/\/www.eldiariodetucuman.com\/web\/carrio-vs-lorenzetti-presiones-y-un-aparato-de-inteligencia-paralelo-claves-del-pedido-de-juicio-politico\/","title":{"rendered":"Carri\u00f3 vs Lorenzetti: presiones y un aparato de inteligencia paralelo, claves del pedido de juicio pol\u00edtico"},"content":{"rendered":"<div>\n<div readability=\"68.862627986348\">\n<p>La legisladora Elisa <a href=\"https:\/\/www.elintransigente.com\/noticias\/buscar\/?buscar=carri%C3%B3\"><strong>Carri\u00f3<\/strong><\/a> concretar\u00eda hoy la presentaci\u00f3n de pedido de juicio pol\u00edtico contra el titular de la Corte Suprema de Justicia de la Naci\u00f3n, Ricardo <strong>Lorenzetti<\/strong>. Lo anunci\u00f3 hace m\u00e1s de una semana y ser\u00e1 una ampliaci\u00f3n del pedido que present\u00f3 hace exactamente un a\u00f1o, en abril de 2017. El escrito de la legisladora, que estuvo en mano de sus dos personas m\u00e1xima confianza como son los legisladores Paula Olivetto y Juan Manuel L\u00f3pez, habla de \u201cpresiones\u201d al Ejecutivo por parte de Lorenzetti, la creaci\u00f3n de un aparato de \u201cinteligencia paralelo\u201d y funciones que \u201cexceden las de impartir justicia\u201d.\u00a0<\/p>\n<p>La sobrevida de la presentaci\u00f3n depender\u00e1 de la Comisi\u00f3n, en el Congreso, donde la mayor\u00eda es oficialista, pero donde el a\u00f1o pasado no tuvo apoyo para prosperar. Este a\u00f1o, las condiciones parecen ser distintas.\u00a0<\/p>\n<aside class=\"htmlinline \"><ins class=\"adsbygoogle\" data-ad-layout=\"in-article\" data-ad-format=\"fluid\" data-ad-client=\"ca-pub-7781556717282971\" data-ad-slot=\"9383133609\"><\/ins><br \/>\n<\/aside>\n<p>En ese sentido, a lo largo de su presentaci\u00f3n, la referente de la Coalici\u00f3n C\u00edvica se refiere a \u00abla inapropiada e intimidatoria injerencia del presidente de la Corte Suprema de Justicia de la Naci\u00f3n sobre los otros dos poderes de la Rep\u00fablica\u00bb. Precisamente con esa referencia alude a las presuntas presiones que Lorenzetti habr\u00eda realizado para cancelar el pedido anterior.\u00a0<\/p>\n<p>Carri\u00f3 tambi\u00e9n afirma en el escrito que el rafaelino \u00a0\u00abno vacil\u00f3 en hacer uso de las atribuciones constitucionales que le competen, para fines que exceden las de impartir justicia y velar por las instituciones como m\u00e1ximo \u00f3rgano de interpretaci\u00f3n del orden jur\u00eddico\u00bb.<\/p>\n<p>En tanto que en uno de los tramos m\u00e1s fuertes, la diputada acusa a Lorenzetti de encabezar \u00a0\u00abuna nueva embestida del Poder Judicial para volver al statu quo en materia de lucha contra la corrupci\u00f3n\u00bb. En tanto que luego se explaya sobre el tema de la filtraci\u00f3n de escuchas judiciales que est\u00e1n, desde diciembre de 2015, bajo la \u00f3rbita del m\u00e1ximo tribunal y en cabeza de dos hombres de m\u00e1xima confianza de Lorenzetti: Mart\u00edn Ir\u00farzum y Javier Leal de Ibarra.<\/p>\n<p>\u00abNo podemos pasar por alto que el Dr. Lorezentti est\u00e1 montando un aparato de inteligencia a trav\u00e9s del sistema de escuchas, del de peritos y a trav\u00e9s de la nueva asistencia Judicial en Delitos Complejos y Crimen Organizado (que podr\u00edan funcionar como verdaderos agentes de inteligencia encubiertos)\u00bb, apunt\u00f3 Carri\u00f3.<\/p>\n<p>En ese sentido, Carri\u00f3 afirma en el escrito tener \u201calgunas hip\u00f3tesis\u201d. Entre ellas sostiene que la m\u00e1s \u201cllamativa\u201d es \u201cla ampliaci\u00f3n presupuestaria de la oficina de escuchas, el aumento de personal y de las tareas que realiza evidencia que el Dr. Lorenzetti tuvo por objetivo hacer una oficina en la Corte con enormes atribuciones a trav\u00e9s de la cual tambi\u00e9n se puedan realizar tareas de inteligencia paralela, contrariando el ordenamiento normativo vigente en nuestro pa\u00eds\u00bb.<\/p>\n<p>En otro de los puntos con los que busca apuntar al poder de Lorenzetti por sobre otros poderes, Carri\u00f3 se refiere a la \u00a0la acordada 4 del m\u00e1ximo tribunal con la que se inhabilit\u00f3 el Tribunal Oral Federal N\u00b0 9, que iba a llevar adelante el juicio contra CFK. \u00abEs un avasallamiento al Congreso\u00bb, sostuvo en referencia a la ley sancionada el a\u00f1o pasado, que permiti\u00f3 el traspaso de jueces del fuero nacional al federal con el aval del Consejo de la Magistratura, \u00a0lo que fue revocado por el m\u00e1ximo tribunal. El hecho signific\u00f3 un duro rev\u00e9s para el oficialismo, que esperaba una foto de la ex mandataria en el banquillo de los acusados antes de fin de a\u00f1o y hasta habl\u00f3 de un presunto \u201cpacto de impunidad\u201d.<\/p>\n<\/div>\n<\/div>\n<p>Fuente: https:\/\/www.elintransigente.com\/politica\/2018\/4\/16\/carrio-vs-lorenzetti-presiones-un-aparato-de-inteligencia-paralelo-claves-del-pedido-de-juicio-politico-486840.html<\/p>\n","protected":false},"excerpt":{"rendered":"<p>La legisladora Elisa Carri\u00f3 concretar\u00eda hoy la presentaci\u00f3n de pedido de juicio pol\u00edtico contra el titular de la Corte Suprema de Justicia de la Naci\u00f3n, Ricardo Lorenzetti. Lo anunci\u00f3 hace m\u00e1s de una semana y ser\u00e1 una ampliaci\u00f3n del pedido que present\u00f3 hace exactamente un a\u00f1o, en abril de 2017. El escrito de la legisladora, [&hellip;]<\/p>\n","protected":false},"author":1,"featured_media":8593,"comment_status":"open","ping_status":"closed","sticky":false,"template":"","format":"standard","meta":{"footnotes":""},"categories":[1],"tags":[],"class_list":{"0":"post-8592","1":"post","2":"type-post","3":"status-publish","4":"format-standard","5":"has-post-thumbnail","7":"category-portada"},"yoast_head":"<!-- This site is optimized with the Yoast SEO plugin v27.4 - https:\/\/yoast.com\/product\/yoast-seo-wordpress\/ -->\n<title>Carri\u00f3 vs Lorenzetti: presiones y un aparato de inteligencia paralelo, claves del pedido de juicio pol\u00edtico - El Diario de Tucuman<\/title>\n<meta name=\"robots\" content=\"index, follow, max-snippet:-1, max-image-preview:large, max-video-preview:-1\" \/>\n<link rel=\"canonical\" href=\"https:\/\/www.eldiariodetucuman.com\/web\/carrio-vs-lorenzetti-presiones-y-un-aparato-de-inteligencia-paralelo-claves-del-pedido-de-juicio-politico\/\" \/>\n<meta property=\"og:locale\" content=\"es_ES\" \/>\n<meta property=\"og:type\" content=\"article\" \/>\n<meta property=\"og:title\" content=\"Carri\u00f3 vs Lorenzetti: presiones y un aparato de inteligencia paralelo, claves del pedido de juicio pol\u00edtico - El Diario de Tucuman\" \/>\n<meta property=\"og:description\" content=\"La legisladora Elisa Carri\u00f3 concretar\u00eda hoy la presentaci\u00f3n de pedido de juicio pol\u00edtico contra el titular de la Corte Suprema de Justicia de la Naci\u00f3n, Ricardo Lorenzetti. Lo anunci\u00f3 hace m\u00e1s de una semana y ser\u00e1 una ampliaci\u00f3n del pedido que present\u00f3 hace exactamente un a\u00f1o, en abril de 2017. El escrito de la legisladora, [&hellip;]\" \/>\n<meta property=\"og:url\" content=\"https:\/\/www.eldiariodetucuman.com\/web\/carrio-vs-lorenzetti-presiones-y-un-aparato-de-inteligencia-paralelo-claves-del-pedido-de-juicio-politico\/\" \/>\n<meta property=\"og:site_name\" content=\"El Diario de Tucuman\" \/>\n<meta property=\"article:published_time\" content=\"2018-04-16T15:37:04+00:00\" \/>\n<meta property=\"article:modified_time\" content=\"2018-04-16T15:37:06+00:00\" \/>\n<meta property=\"og:image\" content=\"https:\/\/www.eldiariodetucuman.com\/web\/wp-content\/uploads\/2018\/04\/3d38f41976efe815fdcfd40ab57b308e.jpeg\" \/>\n\t<meta property=\"og:image:width\" content=\"960\" \/>\n\t<meta property=\"og:image:height\" content=\"537\" \/>\n\t<meta property=\"og:image:type\" content=\"image\/jpeg\" \/>\n<meta name=\"author\" content=\"admin\" \/>\n<meta name=\"twitter:card\" content=\"summary_large_image\" \/>\n<meta name=\"twitter:label1\" content=\"Escrito por\" \/>\n\t<meta name=\"twitter:data1\" content=\"admin\" \/>\n\t<meta name=\"twitter:label2\" content=\"Tiempo de lectura\" \/>\n\t<meta name=\"twitter:data2\" content=\"3 minutos\" \/>\n<script type=\"application\/ld+json\" class=\"yoast-schema-graph\">{\"@context\":\"https:\\\/\\\/schema.org\",\"@graph\":[{\"@type\":\"Article\",\"@id\":\"https:\\\/\\\/www.eldiariodetucuman.com\\\/web\\\/carrio-vs-lorenzetti-presiones-y-un-aparato-de-inteligencia-paralelo-claves-del-pedido-de-juicio-politico\\\/#article\",\"isPartOf\":{\"@id\":\"https:\\\/\\\/www.eldiariodetucuman.com\\\/web\\\/carrio-vs-lorenzetti-presiones-y-un-aparato-de-inteligencia-paralelo-claves-del-pedido-de-juicio-politico\\\/\"},\"author\":{\"name\":\"admin\",\"@id\":\"https:\\\/\\\/www.eldiariodetucuman.com\\\/web\\\/#\\\/schema\\\/person\\\/9250197d75ab5483412e19678b121caa\"},\"headline\":\"Carri\u00f3 vs Lorenzetti: presiones y un aparato de inteligencia paralelo, claves del pedido de juicio pol\u00edtico\",\"datePublished\":\"2018-04-16T15:37:04+00:00\",\"dateModified\":\"2018-04-16T15:37:06+00:00\",\"mainEntityOfPage\":{\"@id\":\"https:\\\/\\\/www.eldiariodetucuman.com\\\/web\\\/carrio-vs-lorenzetti-presiones-y-un-aparato-de-inteligencia-paralelo-claves-del-pedido-de-juicio-politico\\\/\"},\"wordCount\":636,\"commentCount\":0,\"publisher\":{\"@id\":\"https:\\\/\\\/www.eldiariodetucuman.com\\\/web\\\/#organization\"},\"image\":{\"@id\":\"https:\\\/\\\/www.eldiariodetucuman.com\\\/web\\\/carrio-vs-lorenzetti-presiones-y-un-aparato-de-inteligencia-paralelo-claves-del-pedido-de-juicio-politico\\\/#primaryimage\"},\"thumbnailUrl\":\"https:\\\/\\\/www.eldiariodetucuman.com\\\/web\\\/wp-content\\\/uploads\\\/2018\\\/04\\\/3d38f41976efe815fdcfd40ab57b308e.jpeg\",\"articleSection\":[\"Portada\"],\"inLanguage\":\"es\",\"potentialAction\":[{\"@type\":\"CommentAction\",\"name\":\"Comment\",\"target\":[\"https:\\\/\\\/www.eldiariodetucuman.com\\\/web\\\/carrio-vs-lorenzetti-presiones-y-un-aparato-de-inteligencia-paralelo-claves-del-pedido-de-juicio-politico\\\/#respond\"]}]},{\"@type\":\"WebPage\",\"@id\":\"https:\\\/\\\/www.eldiariodetucuman.com\\\/web\\\/carrio-vs-lorenzetti-presiones-y-un-aparato-de-inteligencia-paralelo-claves-del-pedido-de-juicio-politico\\\/\",\"url\":\"https:\\\/\\\/www.eldiariodetucuman.com\\\/web\\\/carrio-vs-lorenzetti-presiones-y-un-aparato-de-inteligencia-paralelo-claves-del-pedido-de-juicio-politico\\\/\",\"name\":\"Carri\u00f3 vs Lorenzetti: presiones y un aparato de inteligencia paralelo, claves del pedido de juicio pol\u00edtico - El Diario de Tucuman\",\"isPartOf\":{\"@id\":\"https:\\\/\\\/www.eldiariodetucuman.com\\\/web\\\/#website\"},\"primaryImageOfPage\":{\"@id\":\"https:\\\/\\\/www.eldiariodetucuman.com\\\/web\\\/carrio-vs-lorenzetti-presiones-y-un-aparato-de-inteligencia-paralelo-claves-del-pedido-de-juicio-politico\\\/#primaryimage\"},\"image\":{\"@id\":\"https:\\\/\\\/www.eldiariodetucuman.com\\\/web\\\/carrio-vs-lorenzetti-presiones-y-un-aparato-de-inteligencia-paralelo-claves-del-pedido-de-juicio-politico\\\/#primaryimage\"},\"thumbnailUrl\":\"https:\\\/\\\/www.eldiariodetucuman.com\\\/web\\\/wp-content\\\/uploads\\\/2018\\\/04\\\/3d38f41976efe815fdcfd40ab57b308e.jpeg\",\"datePublished\":\"2018-04-16T15:37:04+00:00\",\"dateModified\":\"2018-04-16T15:37:06+00:00\",\"breadcrumb\":{\"@id\":\"https:\\\/\\\/www.eldiariodetucuman.com\\\/web\\\/carrio-vs-lorenzetti-presiones-y-un-aparato-de-inteligencia-paralelo-claves-del-pedido-de-juicio-politico\\\/#breadcrumb\"},\"inLanguage\":\"es\",\"potentialAction\":[{\"@type\":\"ReadAction\",\"target\":[\"https:\\\/\\\/www.eldiariodetucuman.com\\\/web\\\/carrio-vs-lorenzetti-presiones-y-un-aparato-de-inteligencia-paralelo-claves-del-pedido-de-juicio-politico\\\/\"]}]},{\"@type\":\"ImageObject\",\"inLanguage\":\"es\",\"@id\":\"https:\\\/\\\/www.eldiariodetucuman.com\\\/web\\\/carrio-vs-lorenzetti-presiones-y-un-aparato-de-inteligencia-paralelo-claves-del-pedido-de-juicio-politico\\\/#primaryimage\",\"url\":\"https:\\\/\\\/www.eldiariodetucuman.com\\\/web\\\/wp-content\\\/uploads\\\/2018\\\/04\\\/3d38f41976efe815fdcfd40ab57b308e.jpeg\",\"contentUrl\":\"https:\\\/\\\/www.eldiariodetucuman.com\\\/web\\\/wp-content\\\/uploads\\\/2018\\\/04\\\/3d38f41976efe815fdcfd40ab57b308e.jpeg\",\"width\":960,\"height\":537},{\"@type\":\"BreadcrumbList\",\"@id\":\"https:\\\/\\\/www.eldiariodetucuman.com\\\/web\\\/carrio-vs-lorenzetti-presiones-y-un-aparato-de-inteligencia-paralelo-claves-del-pedido-de-juicio-politico\\\/#breadcrumb\",\"itemListElement\":[{\"@type\":\"ListItem\",\"position\":1,\"name\":\"Portada\",\"item\":\"https:\\\/\\\/www.eldiariodetucuman.com\\\/web\\\/\"},{\"@type\":\"ListItem\",\"position\":2,\"name\":\"Carri\u00f3 vs Lorenzetti: presiones y un aparato de inteligencia paralelo, claves del pedido de juicio pol\u00edtico\"}]},{\"@type\":\"WebSite\",\"@id\":\"https:\\\/\\\/www.eldiariodetucuman.com\\\/web\\\/#website\",\"url\":\"https:\\\/\\\/www.eldiariodetucuman.com\\\/web\\\/\",\"name\":\"El Diario de Tucuman\",\"description\":\"Diario Tucuman - Informaci\u00f3n y noticias\",\"publisher\":{\"@id\":\"https:\\\/\\\/www.eldiariodetucuman.com\\\/web\\\/#organization\"},\"potentialAction\":[{\"@type\":\"SearchAction\",\"target\":{\"@type\":\"EntryPoint\",\"urlTemplate\":\"https:\\\/\\\/www.eldiariodetucuman.com\\\/web\\\/?s={search_term_string}\"},\"query-input\":{\"@type\":\"PropertyValueSpecification\",\"valueRequired\":true,\"valueName\":\"search_term_string\"}}],\"inLanguage\":\"es\"},{\"@type\":\"Organization\",\"@id\":\"https:\\\/\\\/www.eldiariodetucuman.com\\\/web\\\/#organization\",\"name\":\"El Diario de Tucuman\",\"url\":\"https:\\\/\\\/www.eldiariodetucuman.com\\\/web\\\/\",\"logo\":{\"@type\":\"ImageObject\",\"inLanguage\":\"es\",\"@id\":\"https:\\\/\\\/www.eldiariodetucuman.com\\\/web\\\/#\\\/schema\\\/logo\\\/image\\\/\",\"url\":\"http:\\\/\\\/www.eldiariodetucuman.com\\\/web\\\/wp-content\\\/uploads\\\/2017\\\/12\\\/el-diario-de-tucuman.jpg\",\"contentUrl\":\"http:\\\/\\\/www.eldiariodetucuman.com\\\/web\\\/wp-content\\\/uploads\\\/2017\\\/12\\\/el-diario-de-tucuman.jpg\",\"width\":272,\"height\":92,\"caption\":\"El Diario de Tucuman\"},\"image\":{\"@id\":\"https:\\\/\\\/www.eldiariodetucuman.com\\\/web\\\/#\\\/schema\\\/logo\\\/image\\\/\"}},{\"@type\":\"Person\",\"@id\":\"https:\\\/\\\/www.eldiariodetucuman.com\\\/web\\\/#\\\/schema\\\/person\\\/9250197d75ab5483412e19678b121caa\",\"name\":\"admin\",\"image\":{\"@type\":\"ImageObject\",\"inLanguage\":\"es\",\"@id\":\"https:\\\/\\\/secure.gravatar.com\\\/avatar\\\/c44d117c2be811212c22cb481f6b8384b6873de103fbc49e7a03cc58d7dea4ac?s=96&d=mm&r=g\",\"url\":\"https:\\\/\\\/secure.gravatar.com\\\/avatar\\\/c44d117c2be811212c22cb481f6b8384b6873de103fbc49e7a03cc58d7dea4ac?s=96&d=mm&r=g\",\"contentUrl\":\"https:\\\/\\\/secure.gravatar.com\\\/avatar\\\/c44d117c2be811212c22cb481f6b8384b6873de103fbc49e7a03cc58d7dea4ac?s=96&d=mm&r=g\",\"caption\":\"admin\"},\"url\":\"https:\\\/\\\/www.eldiariodetucuman.com\\\/web\\\/author\\\/admin\\\/\"}]}<\/script>\n<!-- \/ Yoast SEO plugin. -->","yoast_head_json":{"title":"Carri\u00f3 vs Lorenzetti: presiones y un aparato de inteligencia paralelo, claves del pedido de juicio pol\u00edtico - El Diario de Tucuman","robots":{"index":"index","follow":"follow","max-snippet":"max-snippet:-1","max-image-preview":"max-image-preview:large","max-video-preview":"max-video-preview:-1"},"canonical":"https:\/\/www.eldiariodetucuman.com\/web\/carrio-vs-lorenzetti-presiones-y-un-aparato-de-inteligencia-paralelo-claves-del-pedido-de-juicio-politico\/","og_locale":"es_ES","og_type":"article","og_title":"Carri\u00f3 vs Lorenzetti: presiones y un aparato de inteligencia paralelo, claves del pedido de juicio pol\u00edtico - El Diario de Tucuman","og_description":"La legisladora Elisa Carri\u00f3 concretar\u00eda hoy la presentaci\u00f3n de pedido de juicio pol\u00edtico contra el titular de la Corte Suprema de Justicia de la Naci\u00f3n, Ricardo Lorenzetti. Lo anunci\u00f3 hace m\u00e1s de una semana y ser\u00e1 una ampliaci\u00f3n del pedido que present\u00f3 hace exactamente un a\u00f1o, en abril de 2017. El escrito de la legisladora, [&hellip;]","og_url":"https:\/\/www.eldiariodetucuman.com\/web\/carrio-vs-lorenzetti-presiones-y-un-aparato-de-inteligencia-paralelo-claves-del-pedido-de-juicio-politico\/","og_site_name":"El Diario de Tucuman","article_published_time":"2018-04-16T15:37:04+00:00","article_modified_time":"2018-04-16T15:37:06+00:00","og_image":[{"width":960,"height":537,"url":"https:\/\/www.eldiariodetucuman.com\/web\/wp-content\/uploads\/2018\/04\/3d38f41976efe815fdcfd40ab57b308e.jpeg","type":"image\/jpeg"}],"author":"admin","twitter_card":"summary_large_image","twitter_misc":{"Escrito por":"admin","Tiempo de lectura":"3 minutos"},"schema":{"@context":"https:\/\/schema.org","@graph":[{"@type":"Article","@id":"https:\/\/www.eldiariodetucuman.com\/web\/carrio-vs-lorenzetti-presiones-y-un-aparato-de-inteligencia-paralelo-claves-del-pedido-de-juicio-politico\/#article","isPartOf":{"@id":"https:\/\/www.eldiariodetucuman.com\/web\/carrio-vs-lorenzetti-presiones-y-un-aparato-de-inteligencia-paralelo-claves-del-pedido-de-juicio-politico\/"},"author":{"name":"admin","@id":"https:\/\/www.eldiariodetucuman.com\/web\/#\/schema\/person\/9250197d75ab5483412e19678b121caa"},"headline":"Carri\u00f3 vs Lorenzetti: presiones y un aparato de inteligencia paralelo, claves del pedido de juicio pol\u00edtico","datePublished":"2018-04-16T15:37:04+00:00","dateModified":"2018-04-16T15:37:06+00:00","mainEntityOfPage":{"@id":"https:\/\/www.eldiariodetucuman.com\/web\/carrio-vs-lorenzetti-presiones-y-un-aparato-de-inteligencia-paralelo-claves-del-pedido-de-juicio-politico\/"},"wordCount":636,"commentCount":0,"publisher":{"@id":"https:\/\/www.eldiariodetucuman.com\/web\/#organization"},"image":{"@id":"https:\/\/www.eldiariodetucuman.com\/web\/carrio-vs-lorenzetti-presiones-y-un-aparato-de-inteligencia-paralelo-claves-del-pedido-de-juicio-politico\/#primaryimage"},"thumbnailUrl":"https:\/\/www.eldiariodetucuman.com\/web\/wp-content\/uploads\/2018\/04\/3d38f41976efe815fdcfd40ab57b308e.jpeg","articleSection":["Portada"],"inLanguage":"es","potentialAction":[{"@type":"CommentAction","name":"Comment","target":["https:\/\/www.eldiariodetucuman.com\/web\/carrio-vs-lorenzetti-presiones-y-un-aparato-de-inteligencia-paralelo-claves-del-pedido-de-juicio-politico\/#respond"]}]},{"@type":"WebPage","@id":"https:\/\/www.eldiariodetucuman.com\/web\/carrio-vs-lorenzetti-presiones-y-un-aparato-de-inteligencia-paralelo-claves-del-pedido-de-juicio-politico\/","url":"https:\/\/www.eldiariodetucuman.com\/web\/carrio-vs-lorenzetti-presiones-y-un-aparato-de-inteligencia-paralelo-claves-del-pedido-de-juicio-politico\/","name":"Carri\u00f3 vs Lorenzetti: presiones y un aparato de inteligencia paralelo, claves del pedido de juicio pol\u00edtico - El Diario de Tucuman","isPartOf":{"@id":"https:\/\/www.eldiariodetucuman.com\/web\/#website"},"primaryImageOfPage":{"@id":"https:\/\/www.eldiariodetucuman.com\/web\/carrio-vs-lorenzetti-presiones-y-un-aparato-de-inteligencia-paralelo-claves-del-pedido-de-juicio-politico\/#primaryimage"},"image":{"@id":"https:\/\/www.eldiariodetucuman.com\/web\/carrio-vs-lorenzetti-presiones-y-un-aparato-de-inteligencia-paralelo-claves-del-pedido-de-juicio-politico\/#primaryimage"},"thumbnailUrl":"https:\/\/www.eldiariodetucuman.com\/web\/wp-content\/uploads\/2018\/04\/3d38f41976efe815fdcfd40ab57b308e.jpeg","datePublished":"2018-04-16T15:37:04+00:00","dateModified":"2018-04-16T15:37:06+00:00","breadcrumb":{"@id":"https:\/\/www.eldiariodetucuman.com\/web\/carrio-vs-lorenzetti-presiones-y-un-aparato-de-inteligencia-paralelo-claves-del-pedido-de-juicio-politico\/#breadcrumb"},"inLanguage":"es","potentialAction":[{"@type":"ReadAction","target":["https:\/\/www.eldiariodetucuman.com\/web\/carrio-vs-lorenzetti-presiones-y-un-aparato-de-inteligencia-paralelo-claves-del-pedido-de-juicio-politico\/"]}]},{"@type":"ImageObject","inLanguage":"es","@id":"https:\/\/www.eldiariodetucuman.com\/web\/carrio-vs-lorenzetti-presiones-y-un-aparato-de-inteligencia-paralelo-claves-del-pedido-de-juicio-politico\/#primaryimage","url":"https:\/\/www.eldiariodetucuman.com\/web\/wp-content\/uploads\/2018\/04\/3d38f41976efe815fdcfd40ab57b308e.jpeg","contentUrl":"https:\/\/www.eldiariodetucuman.com\/web\/wp-content\/uploads\/2018\/04\/3d38f41976efe815fdcfd40ab57b308e.jpeg","width":960,"height":537},{"@type":"BreadcrumbList","@id":"https:\/\/www.eldiariodetucuman.com\/web\/carrio-vs-lorenzetti-presiones-y-un-aparato-de-inteligencia-paralelo-claves-del-pedido-de-juicio-politico\/#breadcrumb","itemListElement":[{"@type":"ListItem","position":1,"name":"Portada","item":"https:\/\/www.eldiariodetucuman.com\/web\/"},{"@type":"ListItem","position":2,"name":"Carri\u00f3 vs Lorenzetti: presiones y un aparato de inteligencia paralelo, claves del pedido de juicio pol\u00edtico"}]},{"@type":"WebSite","@id":"https:\/\/www.eldiariodetucuman.com\/web\/#website","url":"https:\/\/www.eldiariodetucuman.com\/web\/","name":"El Diario de Tucuman","description":"Diario Tucuman - Informaci\u00f3n y noticias","publisher":{"@id":"https:\/\/www.eldiariodetucuman.com\/web\/#organization"},"potentialAction":[{"@type":"SearchAction","target":{"@type":"EntryPoint","urlTemplate":"https:\/\/www.eldiariodetucuman.com\/web\/?s={search_term_string}"},"query-input":{"@type":"PropertyValueSpecification","valueRequired":true,"valueName":"search_term_string"}}],"inLanguage":"es"},{"@type":"Organization","@id":"https:\/\/www.eldiariodetucuman.com\/web\/#organization","name":"El Diario de Tucuman","url":"https:\/\/www.eldiariodetucuman.com\/web\/","logo":{"@type":"ImageObject","inLanguage":"es","@id":"https:\/\/www.eldiariodetucuman.com\/web\/#\/schema\/logo\/image\/","url":"http:\/\/www.eldiariodetucuman.com\/web\/wp-content\/uploads\/2017\/12\/el-diario-de-tucuman.jpg","contentUrl":"http:\/\/www.eldiariodetucuman.com\/web\/wp-content\/uploads\/2017\/12\/el-diario-de-tucuman.jpg","width":272,"height":92,"caption":"El Diario de Tucuman"},"image":{"@id":"https:\/\/www.eldiariodetucuman.com\/web\/#\/schema\/logo\/image\/"}},{"@type":"Person","@id":"https:\/\/www.eldiariodetucuman.com\/web\/#\/schema\/person\/9250197d75ab5483412e19678b121caa","name":"admin","image":{"@type":"ImageObject","inLanguage":"es","@id":"https:\/\/secure.gravatar.com\/avatar\/c44d117c2be811212c22cb481f6b8384b6873de103fbc49e7a03cc58d7dea4ac?s=96&d=mm&r=g","url":"https:\/\/secure.gravatar.com\/avatar\/c44d117c2be811212c22cb481f6b8384b6873de103fbc49e7a03cc58d7dea4ac?s=96&d=mm&r=g","contentUrl":"https:\/\/secure.gravatar.com\/avatar\/c44d117c2be811212c22cb481f6b8384b6873de103fbc49e7a03cc58d7dea4ac?s=96&d=mm&r=g","caption":"admin"},"url":"https:\/\/www.eldiariodetucuman.com\/web\/author\/admin\/"}]}},"_links":{"self":[{"href":"https:\/\/www.eldiariodetucuman.com\/web\/wp-json\/wp\/v2\/posts\/8592","targetHints":{"allow":["GET"]}}],"collection":[{"href":"https:\/\/www.eldiariodetucuman.com\/web\/wp-json\/wp\/v2\/posts"}],"about":[{"href":"https:\/\/www.eldiariodetucuman.com\/web\/wp-json\/wp\/v2\/types\/post"}],"author":[{"embeddable":true,"href":"https:\/\/www.eldiariodetucuman.com\/web\/wp-json\/wp\/v2\/users\/1"}],"replies":[{"embeddable":true,"href":"https:\/\/www.eldiariodetucuman.com\/web\/wp-json\/wp\/v2\/comments?post=8592"}],"version-history":[{"count":1,"href":"https:\/\/www.eldiariodetucuman.com\/web\/wp-json\/wp\/v2\/posts\/8592\/revisions"}],"predecessor-version":[{"id":8594,"href":"https:\/\/www.eldiariodetucuman.com\/web\/wp-json\/wp\/v2\/posts\/8592\/revisions\/8594"}],"wp:featuredmedia":[{"embeddable":true,"href":"https:\/\/www.eldiariodetucuman.com\/web\/wp-json\/wp\/v2\/media\/8593"}],"wp:attachment":[{"href":"https:\/\/www.eldiariodetucuman.com\/web\/wp-json\/wp\/v2\/media?parent=8592"}],"wp:term":[{"taxonomy":"category","embeddable":true,"href":"https:\/\/www.eldiariodetucuman.com\/web\/wp-json\/wp\/v2\/categories?post=8592"},{"taxonomy":"post_tag","embeddable":true,"href":"https:\/\/www.eldiariodetucuman.com\/web\/wp-json\/wp\/v2\/tags?post=8592"}],"curies":[{"name":"wp","href":"https:\/\/api.w.org\/{rel}","templated":true}]}}