{"id":849,"date":"2015-12-14T14:23:07","date_gmt":"2015-12-14T14:23:07","guid":{"rendered":"http:\/\/www.eldiariodetucuman.com\/web\/?p=849"},"modified":"2015-12-14T14:23:07","modified_gmt":"2015-12-14T14:23:07","slug":"de-ida-y-vuelta-en-tucuman-el-dakar-abrira-el-ano-del-bicentenario-a-todo-motor","status":"publish","type":"post","link":"https:\/\/www.eldiariodetucuman.com\/web\/de-ida-y-vuelta-en-tucuman-el-dakar-abrira-el-ano-del-bicentenario-a-todo-motor\/","title":{"rendered":"De ida y vuelta en Tucum\u00e1n: el Dakar abrir\u00e1 el a\u00f1o del Bicentenario a todo motor"},"content":{"rendered":"<p>La competencia extrema de Rally m\u00e1s importante del mundo pasar\u00e1 nuevamente por nuestra provincia. Pero esta vez, tal como lo anunciaron los organizadores franceses, ser\u00e1 en dos oportunidades: de ida, el 5 de enero, y de vuelta, el 11 del mismo mes.<!--more--><\/p>\n<p>\u201cRecibir una vez m\u00e1s el Dakar reafirma la valoraci\u00f3n que los organizadores tienen de Tucum\u00e1n: 360 kil\u00f3metros en total entre competencia y enlace es, definitivamente, un reconocimiento\u201d, enfatiz\u00f3 el presidente del Ente Tucum\u00e1n Turismo, Sebasti\u00e1n Giobellina, ante los anuncios de que la carrera m\u00e1s exigente de mundo tocar\u00e1 por quinta vez suelo tucumano.<\/p>\n<p>En este sentido inform\u00f3 el impacto positivo que generar\u00e1 en la actividad tur\u00edstica local el paso del rally ya que llevar\u00e1 im\u00e1genes de la provincia a m\u00e1s de 160 pa\u00edses y atraer\u00e1 a m\u00e1s de 1800 corresponsales deportivos. A esto se suma, adem\u00e1s, la \u201ccaravana\u201d del Dakar, con sus respectivos equipos y los miles de seguidores que tiene la carrera.<\/p>\n<p>El recorrido incluye a la Argentina y Bolivia, pasando por diez provincias; entre estas, a Tucum\u00e1n le tocar\u00e1 recibir a los competidores los d\u00edas 5 y 11 de enero, cubriendo una distancia total de 360 kil\u00f3metros entre tramos de competencia y enlace.<\/p>\n<p>En la edici\u00f3n 2016, la carrera se presentar\u00e1 con 556 pilotos procedentes de 60 pa\u00edses. La misma comenzar\u00e1n el periplo el 31 de diciembre con la verificaci\u00f3n t\u00e9cnica y el 2 de enero ser\u00e1 la largada desde Tecn\u00f3polis, con un total de 354 veh\u00edculos en competencia: 143 motos, 46 \u201cquads\u201d, 110 autos y 55 camiones.<\/p>\n<p>Finalmente, el 16 de enero y luego de recorrer m\u00e1s de 9.000 kil\u00f3metros, la ciudad de Rosario ser\u00e1 la meta que deber\u00e1n alcanzar los pilotos.<\/p>\n","protected":false},"excerpt":{"rendered":"<p>La competencia extrema de Rally m\u00e1s importante del mundo pasar\u00e1 nuevamente por nuestra provincia. Pero esta vez, tal como lo anunciaron los organizadores franceses, ser\u00e1 en dos oportunidades: de ida, el 5 de enero, y de vuelta, el 11 del mismo mes.<\/p>\n","protected":false},"author":3,"featured_media":850,"comment_status":"closed","ping_status":"open","sticky":false,"template":"","format":"standard","meta":{"footnotes":""},"categories":[152,6],"tags":[],"class_list":{"0":"post-849","1":"post","2":"type-post","3":"status-publish","4":"format-standard","5":"has-post-thumbnail","7":"category-argentina","8":"category-deporte"},"yoast_head":"<!-- This site is optimized with the Yoast SEO plugin v27.5 - https:\/\/yoast.com\/product\/yoast-seo-wordpress\/ -->\n<title>De ida y vuelta en Tucum\u00e1n: el Dakar abrir\u00e1 el a\u00f1o del Bicentenario a todo motor - El Diario de Tucuman<\/title>\n<meta name=\"robots\" content=\"index, follow, max-snippet:-1, max-image-preview:large, max-video-preview:-1\" \/>\n<link rel=\"canonical\" href=\"https:\/\/www.eldiariodetucuman.com\/web\/de-ida-y-vuelta-en-tucuman-el-dakar-abrira-el-ano-del-bicentenario-a-todo-motor\/\" \/>\n<meta property=\"og:locale\" content=\"es_ES\" \/>\n<meta property=\"og:type\" content=\"article\" \/>\n<meta property=\"og:title\" content=\"De ida y vuelta en Tucum\u00e1n: el Dakar abrir\u00e1 el a\u00f1o del Bicentenario a todo motor - El Diario de Tucuman\" \/>\n<meta property=\"og:description\" content=\"La competencia extrema de Rally m\u00e1s importante del mundo pasar\u00e1 nuevamente por nuestra provincia. Pero esta vez, tal como lo anunciaron los organizadores franceses, ser\u00e1 en dos oportunidades: de ida, el 5 de enero, y de vuelta, el 11 del mismo mes.\" \/>\n<meta property=\"og:url\" content=\"https:\/\/www.eldiariodetucuman.com\/web\/de-ida-y-vuelta-en-tucuman-el-dakar-abrira-el-ano-del-bicentenario-a-todo-motor\/\" \/>\n<meta property=\"og:site_name\" content=\"El Diario de Tucuman\" \/>\n<meta property=\"article:published_time\" content=\"2015-12-14T14:23:07+00:00\" \/>\n<meta property=\"og:image\" content=\"https:\/\/www.eldiariodetucuman.com\/web\/wp-content\/uploads\/2015\/12\/descarga-1.jpg\" \/>\n\t<meta property=\"og:image:width\" content=\"275\" \/>\n\t<meta property=\"og:image:height\" content=\"183\" \/>\n\t<meta property=\"og:image:type\" content=\"image\/jpeg\" \/>\n<meta name=\"author\" content=\"El diario de Tucuman\" \/>\n<meta name=\"twitter:card\" content=\"summary_large_image\" \/>\n<meta name=\"twitter:label1\" content=\"Escrito por\" \/>\n\t<meta name=\"twitter:data1\" content=\"El diario de Tucuman\" \/>\n\t<meta name=\"twitter:label2\" content=\"Tiempo de lectura\" \/>\n\t<meta name=\"twitter:data2\" content=\"1 minuto\" \/>\n<script type=\"application\/ld+json\" class=\"yoast-schema-graph\">{\"@context\":\"https:\\\/\\\/schema.org\",\"@graph\":[{\"@type\":\"Article\",\"@id\":\"https:\\\/\\\/www.eldiariodetucuman.com\\\/web\\\/de-ida-y-vuelta-en-tucuman-el-dakar-abrira-el-ano-del-bicentenario-a-todo-motor\\\/#article\",\"isPartOf\":{\"@id\":\"https:\\\/\\\/www.eldiariodetucuman.com\\\/web\\\/de-ida-y-vuelta-en-tucuman-el-dakar-abrira-el-ano-del-bicentenario-a-todo-motor\\\/\"},\"author\":{\"name\":\"El diario de Tucuman\",\"@id\":\"https:\\\/\\\/www.eldiariodetucuman.com\\\/web\\\/#\\\/schema\\\/person\\\/3adbe300ecd6242af93c97dab1dc3ba1\"},\"headline\":\"De ida y vuelta en Tucum\u00e1n: el Dakar abrir\u00e1 el a\u00f1o del Bicentenario a todo motor\",\"datePublished\":\"2015-12-14T14:23:07+00:00\",\"mainEntityOfPage\":{\"@id\":\"https:\\\/\\\/www.eldiariodetucuman.com\\\/web\\\/de-ida-y-vuelta-en-tucuman-el-dakar-abrira-el-ano-del-bicentenario-a-todo-motor\\\/\"},\"wordCount\":302,\"publisher\":{\"@id\":\"https:\\\/\\\/www.eldiariodetucuman.com\\\/web\\\/#organization\"},\"image\":{\"@id\":\"https:\\\/\\\/www.eldiariodetucuman.com\\\/web\\\/de-ida-y-vuelta-en-tucuman-el-dakar-abrira-el-ano-del-bicentenario-a-todo-motor\\\/#primaryimage\"},\"thumbnailUrl\":\"https:\\\/\\\/www.eldiariodetucuman.com\\\/web\\\/wp-content\\\/uploads\\\/2015\\\/12\\\/descarga-1.jpg\",\"articleSection\":[\"Argentina\",\"Deporte\"],\"inLanguage\":\"es\"},{\"@type\":\"WebPage\",\"@id\":\"https:\\\/\\\/www.eldiariodetucuman.com\\\/web\\\/de-ida-y-vuelta-en-tucuman-el-dakar-abrira-el-ano-del-bicentenario-a-todo-motor\\\/\",\"url\":\"https:\\\/\\\/www.eldiariodetucuman.com\\\/web\\\/de-ida-y-vuelta-en-tucuman-el-dakar-abrira-el-ano-del-bicentenario-a-todo-motor\\\/\",\"name\":\"De ida y vuelta en Tucum\u00e1n: el Dakar abrir\u00e1 el a\u00f1o del Bicentenario a todo motor - El Diario de Tucuman\",\"isPartOf\":{\"@id\":\"https:\\\/\\\/www.eldiariodetucuman.com\\\/web\\\/#website\"},\"primaryImageOfPage\":{\"@id\":\"https:\\\/\\\/www.eldiariodetucuman.com\\\/web\\\/de-ida-y-vuelta-en-tucuman-el-dakar-abrira-el-ano-del-bicentenario-a-todo-motor\\\/#primaryimage\"},\"image\":{\"@id\":\"https:\\\/\\\/www.eldiariodetucuman.com\\\/web\\\/de-ida-y-vuelta-en-tucuman-el-dakar-abrira-el-ano-del-bicentenario-a-todo-motor\\\/#primaryimage\"},\"thumbnailUrl\":\"https:\\\/\\\/www.eldiariodetucuman.com\\\/web\\\/wp-content\\\/uploads\\\/2015\\\/12\\\/descarga-1.jpg\",\"datePublished\":\"2015-12-14T14:23:07+00:00\",\"breadcrumb\":{\"@id\":\"https:\\\/\\\/www.eldiariodetucuman.com\\\/web\\\/de-ida-y-vuelta-en-tucuman-el-dakar-abrira-el-ano-del-bicentenario-a-todo-motor\\\/#breadcrumb\"},\"inLanguage\":\"es\",\"potentialAction\":[{\"@type\":\"ReadAction\",\"target\":[\"https:\\\/\\\/www.eldiariodetucuman.com\\\/web\\\/de-ida-y-vuelta-en-tucuman-el-dakar-abrira-el-ano-del-bicentenario-a-todo-motor\\\/\"]}]},{\"@type\":\"ImageObject\",\"inLanguage\":\"es\",\"@id\":\"https:\\\/\\\/www.eldiariodetucuman.com\\\/web\\\/de-ida-y-vuelta-en-tucuman-el-dakar-abrira-el-ano-del-bicentenario-a-todo-motor\\\/#primaryimage\",\"url\":\"https:\\\/\\\/www.eldiariodetucuman.com\\\/web\\\/wp-content\\\/uploads\\\/2015\\\/12\\\/descarga-1.jpg\",\"contentUrl\":\"https:\\\/\\\/www.eldiariodetucuman.com\\\/web\\\/wp-content\\\/uploads\\\/2015\\\/12\\\/descarga-1.jpg\",\"width\":275,\"height\":183},{\"@type\":\"BreadcrumbList\",\"@id\":\"https:\\\/\\\/www.eldiariodetucuman.com\\\/web\\\/de-ida-y-vuelta-en-tucuman-el-dakar-abrira-el-ano-del-bicentenario-a-todo-motor\\\/#breadcrumb\",\"itemListElement\":[{\"@type\":\"ListItem\",\"position\":1,\"name\":\"Portada\",\"item\":\"https:\\\/\\\/www.eldiariodetucuman.com\\\/web\\\/\"},{\"@type\":\"ListItem\",\"position\":2,\"name\":\"De ida y vuelta en Tucum\u00e1n: el Dakar abrir\u00e1 el a\u00f1o del Bicentenario a todo motor\"}]},{\"@type\":\"WebSite\",\"@id\":\"https:\\\/\\\/www.eldiariodetucuman.com\\\/web\\\/#website\",\"url\":\"https:\\\/\\\/www.eldiariodetucuman.com\\\/web\\\/\",\"name\":\"El Diario de Tucuman\",\"description\":\"Diario Tucuman - Informaci\u00f3n y noticias\",\"publisher\":{\"@id\":\"https:\\\/\\\/www.eldiariodetucuman.com\\\/web\\\/#organization\"},\"potentialAction\":[{\"@type\":\"SearchAction\",\"target\":{\"@type\":\"EntryPoint\",\"urlTemplate\":\"https:\\\/\\\/www.eldiariodetucuman.com\\\/web\\\/?s={search_term_string}\"},\"query-input\":{\"@type\":\"PropertyValueSpecification\",\"valueRequired\":true,\"valueName\":\"search_term_string\"}}],\"inLanguage\":\"es\"},{\"@type\":\"Organization\",\"@id\":\"https:\\\/\\\/www.eldiariodetucuman.com\\\/web\\\/#organization\",\"name\":\"El Diario de Tucuman\",\"url\":\"https:\\\/\\\/www.eldiariodetucuman.com\\\/web\\\/\",\"logo\":{\"@type\":\"ImageObject\",\"inLanguage\":\"es\",\"@id\":\"https:\\\/\\\/www.eldiariodetucuman.com\\\/web\\\/#\\\/schema\\\/logo\\\/image\\\/\",\"url\":\"http:\\\/\\\/www.eldiariodetucuman.com\\\/web\\\/wp-content\\\/uploads\\\/2017\\\/12\\\/el-diario-de-tucuman.jpg\",\"contentUrl\":\"http:\\\/\\\/www.eldiariodetucuman.com\\\/web\\\/wp-content\\\/uploads\\\/2017\\\/12\\\/el-diario-de-tucuman.jpg\",\"width\":272,\"height\":92,\"caption\":\"El Diario de Tucuman\"},\"image\":{\"@id\":\"https:\\\/\\\/www.eldiariodetucuman.com\\\/web\\\/#\\\/schema\\\/logo\\\/image\\\/\"}},{\"@type\":\"Person\",\"@id\":\"https:\\\/\\\/www.eldiariodetucuman.com\\\/web\\\/#\\\/schema\\\/person\\\/3adbe300ecd6242af93c97dab1dc3ba1\",\"name\":\"El diario de Tucuman\",\"image\":{\"@type\":\"ImageObject\",\"inLanguage\":\"es\",\"@id\":\"https:\\\/\\\/secure.gravatar.com\\\/avatar\\\/b7214de193b24d0bd708ac5516aa13d0f20c6560795bfbee06857d5c8ac2f0b2?s=96&d=mm&r=g\",\"url\":\"https:\\\/\\\/secure.gravatar.com\\\/avatar\\\/b7214de193b24d0bd708ac5516aa13d0f20c6560795bfbee06857d5c8ac2f0b2?s=96&d=mm&r=g\",\"contentUrl\":\"https:\\\/\\\/secure.gravatar.com\\\/avatar\\\/b7214de193b24d0bd708ac5516aa13d0f20c6560795bfbee06857d5c8ac2f0b2?s=96&d=mm&r=g\",\"caption\":\"El diario de Tucuman\"},\"url\":\"https:\\\/\\\/www.eldiariodetucuman.com\\\/web\\\/author\\\/mgiobellina\\\/\"}]}<\/script>\n<!-- \/ Yoast SEO plugin. -->","yoast_head_json":{"title":"De ida y vuelta en Tucum\u00e1n: el Dakar abrir\u00e1 el a\u00f1o del Bicentenario a todo motor - El Diario de Tucuman","robots":{"index":"index","follow":"follow","max-snippet":"max-snippet:-1","max-image-preview":"max-image-preview:large","max-video-preview":"max-video-preview:-1"},"canonical":"https:\/\/www.eldiariodetucuman.com\/web\/de-ida-y-vuelta-en-tucuman-el-dakar-abrira-el-ano-del-bicentenario-a-todo-motor\/","og_locale":"es_ES","og_type":"article","og_title":"De ida y vuelta en Tucum\u00e1n: el Dakar abrir\u00e1 el a\u00f1o del Bicentenario a todo motor - El Diario de Tucuman","og_description":"La competencia extrema de Rally m\u00e1s importante del mundo pasar\u00e1 nuevamente por nuestra provincia. Pero esta vez, tal como lo anunciaron los organizadores franceses, ser\u00e1 en dos oportunidades: de ida, el 5 de enero, y de vuelta, el 11 del mismo mes.","og_url":"https:\/\/www.eldiariodetucuman.com\/web\/de-ida-y-vuelta-en-tucuman-el-dakar-abrira-el-ano-del-bicentenario-a-todo-motor\/","og_site_name":"El Diario de Tucuman","article_published_time":"2015-12-14T14:23:07+00:00","og_image":[{"width":275,"height":183,"url":"https:\/\/www.eldiariodetucuman.com\/web\/wp-content\/uploads\/2015\/12\/descarga-1.jpg","type":"image\/jpeg"}],"author":"El diario de Tucuman","twitter_card":"summary_large_image","twitter_misc":{"Escrito por":"El diario de Tucuman","Tiempo de lectura":"1 minuto"},"schema":{"@context":"https:\/\/schema.org","@graph":[{"@type":"Article","@id":"https:\/\/www.eldiariodetucuman.com\/web\/de-ida-y-vuelta-en-tucuman-el-dakar-abrira-el-ano-del-bicentenario-a-todo-motor\/#article","isPartOf":{"@id":"https:\/\/www.eldiariodetucuman.com\/web\/de-ida-y-vuelta-en-tucuman-el-dakar-abrira-el-ano-del-bicentenario-a-todo-motor\/"},"author":{"name":"El diario de Tucuman","@id":"https:\/\/www.eldiariodetucuman.com\/web\/#\/schema\/person\/3adbe300ecd6242af93c97dab1dc3ba1"},"headline":"De ida y vuelta en Tucum\u00e1n: el Dakar abrir\u00e1 el a\u00f1o del Bicentenario a todo motor","datePublished":"2015-12-14T14:23:07+00:00","mainEntityOfPage":{"@id":"https:\/\/www.eldiariodetucuman.com\/web\/de-ida-y-vuelta-en-tucuman-el-dakar-abrira-el-ano-del-bicentenario-a-todo-motor\/"},"wordCount":302,"publisher":{"@id":"https:\/\/www.eldiariodetucuman.com\/web\/#organization"},"image":{"@id":"https:\/\/www.eldiariodetucuman.com\/web\/de-ida-y-vuelta-en-tucuman-el-dakar-abrira-el-ano-del-bicentenario-a-todo-motor\/#primaryimage"},"thumbnailUrl":"https:\/\/www.eldiariodetucuman.com\/web\/wp-content\/uploads\/2015\/12\/descarga-1.jpg","articleSection":["Argentina","Deporte"],"inLanguage":"es"},{"@type":"WebPage","@id":"https:\/\/www.eldiariodetucuman.com\/web\/de-ida-y-vuelta-en-tucuman-el-dakar-abrira-el-ano-del-bicentenario-a-todo-motor\/","url":"https:\/\/www.eldiariodetucuman.com\/web\/de-ida-y-vuelta-en-tucuman-el-dakar-abrira-el-ano-del-bicentenario-a-todo-motor\/","name":"De ida y vuelta en Tucum\u00e1n: el Dakar abrir\u00e1 el a\u00f1o del Bicentenario a todo motor - El Diario de Tucuman","isPartOf":{"@id":"https:\/\/www.eldiariodetucuman.com\/web\/#website"},"primaryImageOfPage":{"@id":"https:\/\/www.eldiariodetucuman.com\/web\/de-ida-y-vuelta-en-tucuman-el-dakar-abrira-el-ano-del-bicentenario-a-todo-motor\/#primaryimage"},"image":{"@id":"https:\/\/www.eldiariodetucuman.com\/web\/de-ida-y-vuelta-en-tucuman-el-dakar-abrira-el-ano-del-bicentenario-a-todo-motor\/#primaryimage"},"thumbnailUrl":"https:\/\/www.eldiariodetucuman.com\/web\/wp-content\/uploads\/2015\/12\/descarga-1.jpg","datePublished":"2015-12-14T14:23:07+00:00","breadcrumb":{"@id":"https:\/\/www.eldiariodetucuman.com\/web\/de-ida-y-vuelta-en-tucuman-el-dakar-abrira-el-ano-del-bicentenario-a-todo-motor\/#breadcrumb"},"inLanguage":"es","potentialAction":[{"@type":"ReadAction","target":["https:\/\/www.eldiariodetucuman.com\/web\/de-ida-y-vuelta-en-tucuman-el-dakar-abrira-el-ano-del-bicentenario-a-todo-motor\/"]}]},{"@type":"ImageObject","inLanguage":"es","@id":"https:\/\/www.eldiariodetucuman.com\/web\/de-ida-y-vuelta-en-tucuman-el-dakar-abrira-el-ano-del-bicentenario-a-todo-motor\/#primaryimage","url":"https:\/\/www.eldiariodetucuman.com\/web\/wp-content\/uploads\/2015\/12\/descarga-1.jpg","contentUrl":"https:\/\/www.eldiariodetucuman.com\/web\/wp-content\/uploads\/2015\/12\/descarga-1.jpg","width":275,"height":183},{"@type":"BreadcrumbList","@id":"https:\/\/www.eldiariodetucuman.com\/web\/de-ida-y-vuelta-en-tucuman-el-dakar-abrira-el-ano-del-bicentenario-a-todo-motor\/#breadcrumb","itemListElement":[{"@type":"ListItem","position":1,"name":"Portada","item":"https:\/\/www.eldiariodetucuman.com\/web\/"},{"@type":"ListItem","position":2,"name":"De ida y vuelta en Tucum\u00e1n: el Dakar abrir\u00e1 el a\u00f1o del Bicentenario a todo motor"}]},{"@type":"WebSite","@id":"https:\/\/www.eldiariodetucuman.com\/web\/#website","url":"https:\/\/www.eldiariodetucuman.com\/web\/","name":"El Diario de Tucuman","description":"Diario Tucuman - Informaci\u00f3n y noticias","publisher":{"@id":"https:\/\/www.eldiariodetucuman.com\/web\/#organization"},"potentialAction":[{"@type":"SearchAction","target":{"@type":"EntryPoint","urlTemplate":"https:\/\/www.eldiariodetucuman.com\/web\/?s={search_term_string}"},"query-input":{"@type":"PropertyValueSpecification","valueRequired":true,"valueName":"search_term_string"}}],"inLanguage":"es"},{"@type":"Organization","@id":"https:\/\/www.eldiariodetucuman.com\/web\/#organization","name":"El Diario de Tucuman","url":"https:\/\/www.eldiariodetucuman.com\/web\/","logo":{"@type":"ImageObject","inLanguage":"es","@id":"https:\/\/www.eldiariodetucuman.com\/web\/#\/schema\/logo\/image\/","url":"http:\/\/www.eldiariodetucuman.com\/web\/wp-content\/uploads\/2017\/12\/el-diario-de-tucuman.jpg","contentUrl":"http:\/\/www.eldiariodetucuman.com\/web\/wp-content\/uploads\/2017\/12\/el-diario-de-tucuman.jpg","width":272,"height":92,"caption":"El Diario de Tucuman"},"image":{"@id":"https:\/\/www.eldiariodetucuman.com\/web\/#\/schema\/logo\/image\/"}},{"@type":"Person","@id":"https:\/\/www.eldiariodetucuman.com\/web\/#\/schema\/person\/3adbe300ecd6242af93c97dab1dc3ba1","name":"El diario de Tucuman","image":{"@type":"ImageObject","inLanguage":"es","@id":"https:\/\/secure.gravatar.com\/avatar\/b7214de193b24d0bd708ac5516aa13d0f20c6560795bfbee06857d5c8ac2f0b2?s=96&d=mm&r=g","url":"https:\/\/secure.gravatar.com\/avatar\/b7214de193b24d0bd708ac5516aa13d0f20c6560795bfbee06857d5c8ac2f0b2?s=96&d=mm&r=g","contentUrl":"https:\/\/secure.gravatar.com\/avatar\/b7214de193b24d0bd708ac5516aa13d0f20c6560795bfbee06857d5c8ac2f0b2?s=96&d=mm&r=g","caption":"El diario de Tucuman"},"url":"https:\/\/www.eldiariodetucuman.com\/web\/author\/mgiobellina\/"}]}},"_links":{"self":[{"href":"https:\/\/www.eldiariodetucuman.com\/web\/wp-json\/wp\/v2\/posts\/849","targetHints":{"allow":["GET"]}}],"collection":[{"href":"https:\/\/www.eldiariodetucuman.com\/web\/wp-json\/wp\/v2\/posts"}],"about":[{"href":"https:\/\/www.eldiariodetucuman.com\/web\/wp-json\/wp\/v2\/types\/post"}],"author":[{"embeddable":true,"href":"https:\/\/www.eldiariodetucuman.com\/web\/wp-json\/wp\/v2\/users\/3"}],"replies":[{"embeddable":true,"href":"https:\/\/www.eldiariodetucuman.com\/web\/wp-json\/wp\/v2\/comments?post=849"}],"version-history":[{"count":1,"href":"https:\/\/www.eldiariodetucuman.com\/web\/wp-json\/wp\/v2\/posts\/849\/revisions"}],"predecessor-version":[{"id":851,"href":"https:\/\/www.eldiariodetucuman.com\/web\/wp-json\/wp\/v2\/posts\/849\/revisions\/851"}],"wp:featuredmedia":[{"embeddable":true,"href":"https:\/\/www.eldiariodetucuman.com\/web\/wp-json\/wp\/v2\/media\/850"}],"wp:attachment":[{"href":"https:\/\/www.eldiariodetucuman.com\/web\/wp-json\/wp\/v2\/media?parent=849"}],"wp:term":[{"taxonomy":"category","embeddable":true,"href":"https:\/\/www.eldiariodetucuman.com\/web\/wp-json\/wp\/v2\/categories?post=849"},{"taxonomy":"post_tag","embeddable":true,"href":"https:\/\/www.eldiariodetucuman.com\/web\/wp-json\/wp\/v2\/tags?post=849"}],"curies":[{"name":"wp","href":"https:\/\/api.w.org\/{rel}","templated":true}]}}