{"id":846,"date":"2015-12-14T14:15:11","date_gmt":"2015-12-14T14:15:11","guid":{"rendered":"http:\/\/www.eldiariodetucuman.com\/web\/?p=846"},"modified":"2015-12-14T14:15:11","modified_gmt":"2015-12-14T14:15:11","slug":"un-verano-para-visitar-tafi-del-valle","status":"publish","type":"post","link":"https:\/\/www.eldiariodetucuman.com\/web\/un-verano-para-visitar-tafi-del-valle\/","title":{"rendered":"Un verano para visitar Tafi del Valle"},"content":{"rendered":"<p>El preside Ente Aut\u00e1rquico Tucum\u00e1n Turismo (EATT), Sebasti\u00e1n Giobellina, junto al Intendente de Taf\u00ed del Valle, Jorge Yapura Astorga, lanzaron la temporada de \u201cVerano 2016\u201d, de la villa veraniega que comenzar\u00e1 este s\u00e1bado con una gala frente al edificio municipal.<!--more--><\/p>\n<p>De este evento, que se realizar\u00e1 a las 21 hs, actuar\u00e1n Las Copleras, Rocha, Centeno, Jorgito Garc\u00eda , Los Vargas, Los Ma\u00f1aneros, Jorge Tolaba y Las Voces del Boquer\u00f3n. Adem\u00e1s se sumar\u00e1n a la noche de apertura dos grandes figuras del espect\u00e1culo: Christian Sancho y Candela Ruggeri. El cierre musical estar\u00e1 a cargo del artista cuartetero \u201cCarli \u201c Jim\u00e9nez.<\/p>\n<p>\u201cEstoy orgulloso de poder presentar junto al intendente de Taf\u00ed del Valle el inicio de una nueva temporada tur\u00edstica. Esto es el esfuerzo del trabajo conjunto de diferentes \u00e1reas de gobierno, que nos hemos unido para brindar lo mejor a los tucumanos en el verano, apostando a que ellos nos elijan nuevamente como destino tur\u00edstico\u201d, destac\u00f3 Giobellina luego del lanzamiento de una temporada m\u00e1s en la villa veraniega.<\/p>\n<p>Por su parte ,Jorge Yapura Astorga agradeci\u00f3 el acompa\u00f1amiento que tuvo su gesti\u00f3n para que Taf\u00ed del Valle tenga todos los a\u00f1os grandes propuestas para incentivar el turismo y resalt\u00f3 que la temporada de este a\u00f1o presentar\u00e1 una de las mejores opciones para disfrutar del verano: \u201cagradezco el apoyo brindado por el gobierno de la provincia a trav\u00e9s de las diferentes \u00e1reas que integran el Ejecutivo, como los ministerio de Seguridad, Salud, Interior, y Turismo y al gobernador y vicegobernador, Juan Manzur y Osvaldo Jaldo, respectivamente, por sumar su esfuerzo para que esta temporada 2016 sea la m\u00e1s atractiva y exitosa.<\/p>\n<p>Al t\u00e9rmino de la fiesta de lanzamiento de la temporada, la ciudad que \u201cDeja Huella\u201d brindar\u00e1 un espect\u00e1culo que coronar\u00e1 el cielo calchaqu\u00ed con fuegos artificiales para dar oficialmente la bienvenida a todos los visitantes.<\/p>\n<p>LA AGENDA VERANIEGA<\/p>\n<p>Como todos los a\u00f1os, la villa tur\u00edstica recibir\u00e1 al visitante con distintas actividades y eventos para todos los gustos incorporando experiencias que posibilitar\u00e1n disfrutar del valle calchaqu\u00ed con sus paisajes y tradiciones. Adem\u00e1s ser\u00e1n convocando importantes figuras art\u00edsticas y deportivas.<\/p>\n<p>Actividades<\/p>\n<p>\u2013 Los d\u00edas 8, 15, 22 y 29 de enero se realizar\u00e1n los paseos a las bodegas tucumanas, que incluir\u00e1 el traslado y la visita guiada en el recorrido de la Ruta del Vino y de los talleres artesanales en la localidad de Amaicha del Valle, Colalao del Valle y alrededores.<\/p>\n<p>\u2013 El s\u00e1bado 9 de enero se realizar\u00e1 una cabalgata a La Ci\u00e9naga, a las 9 h.<\/p>\n<p>\u2013 Todos los s\u00e1bados a las 10 h., desde el 9 de enero y hasta el 30, se llevar\u00e1 a cabo el Arte Tour, salidas guiadas y en veh\u00edculos para conocer los talleres artesanales que componen la Ruta del Artesano y diferentes puntos de inter\u00e9s.<\/p>\n<p>\u2013 El 9 de Enero se realizar\u00e1 una nueva edici\u00f3n del Turismo Moda en Taf\u00ed del Valle, bajo la producci\u00f3n de Roberto P\u00e9rez Nazar de la agencia New Face en un esfuerzo conjunto con el municipio. Este desfile contar\u00e1 con la presencia de reconocidas modelos, entre las cuales estar\u00e1n Ingrid Grudke y Alejandra Maglietti.<\/p>\n<p>\u2013 El 23 y el 24 de enero el folclore y la doma tendr\u00e1n su cita en la V Fiesta Provincial de la Chuscha en donde participar\u00e1n los principales exponentes folcl\u00f3ricos locales, provinciales y nacionales La m\u00fasica se alternar\u00e1 con doma al estilo Jes\u00fas Mar\u00eda y un importante concurso de caballos peruanos. El festival se realizar\u00e1 en el Complejo Democracia, ubicado en el KM. 61 de la Ruta Provincial 307.<\/p>\n<p>\u2013 El 30 de enero en La Ci\u00e9naga se concretar\u00e1 una nueva edici\u00f3n de la Fiesta del Yerbiao. Esta ancestral celebraci\u00f3n se realizar\u00e1 durante todo el d\u00eda en el paraje ubicado a m\u00e1s de 2.800 metros sobre el nivel del mar. El evento combina tradici\u00f3n, paisaje, caminata y cabalgatas.<\/p>\n<p>\u2013 El 6 de febrero, en v\u00edsperas de carnaval, comparsas provinciales y nacionales le dar\u00e1n color y alegr\u00eda a los valles tucumanos con un evento gratuito.<\/p>\n<p>\u2013 El 13 de febrero, Los Wawanc\u00f3 festejar\u00e1n sus 60 a\u00f1os en la m\u00fasica junto a turistas y lugare\u00f1os con un gran recital al aire libre.<\/p>\n<p>La temporada de verano tendr\u00e1 su cierre de oro con la presentaci\u00f3n de la 47\u00aa Fiesta Nacional del Queso. Durante cuatro jornadas, el tafinisto y el visitante disfrutar\u00e1n de grandes espect\u00e1culos, degustaciones de quesos criollos, comidas regionales, actividades de corral, entre otras. Algunos de los artistas confirmados para estas noches son:<\/p>\n<p>\u2022 Jueves 25 de febrero: Abel Pintos y Dalmiro Cuellar.<br \/>\n\u2022 Viernes 26 de febrero: Jorge Rojas y Los Manseros Santiague\u00f1os.<br \/>\n\u2022 S\u00e1bado 27 de febrero: Ambo\u00e9, Luciano Pereyra y El Chaque\u00f1o Palavecino.<br \/>\n\u2022 Domingo 28 de febrero: Soledad Pastorutti y Sergio Galleguillo.<\/p>\n<p>EVENTOS DEPORTIVOS Y PASEOS<\/p>\n<p>La geograf\u00eda de Taf\u00ed del Valle presenta las condiciones necesarias para la pr\u00e1ctica de diversas disciplinas deportivas. Algunas de las activades son:<\/p>\n<p>\u2013 23 de enero: El XIII Desaf\u00edo Taf\u00ed pondr\u00e1 a prueba a aventureros que vienen de diversos puntos del pa\u00eds a recorrer los terrenos del Valle.<\/p>\n<p>\u2013 25 de enero: La Selecci\u00f3n Argentina de Canotaje arribar\u00e1 a Taf\u00ed del Valle para realizar su pretemporada de altura en las aguas del Dique La Angostura. El entrenamiento se extender\u00e1 hasta el 14 de febrero. Est\u00e1n previstas una serie de exhibiciones gratuitas.<\/p>\n<p>\u2013 30 de enero: Se har\u00e1n cabalgatas y caminatas guiadas hacia La Ci\u00e9naga, en v\u00edsperas de la Fiesta del Yerbiao. Ese d\u00eda tambi\u00e9n se llevar\u00e1 a cabo la XVII edici\u00f3n del Seven de Rugby en Los Valles.<\/p>\n<p>\u2013 12 de febrero: Se inaugurar\u00e1 la 43\u00aa Edici\u00f3n de las tradicionales Olimpiadas Intervillas. Ser\u00e1n tres d\u00edas de competencia deportiva entre las famosas villas tur\u00edsticas tucumanas.<\/p>\n<p>\u2013 13 de febrero: El rugby tendr\u00e1 su segunda cita con la disputa de la \u201cCopa de los Valles de Rugby\u201d. Torneo de formaci\u00f3n que nuclea a equipos en desarrollo de la regi\u00f3n y de la capital tucumana.<\/p>\n<p>\u2013 24 y 25 de marzo: Se realizar\u00e1 la segunda edici\u00f3n del Sosa Kayak Fest donde se disputar\u00e1 la Copa Argentina de Kayak en las variantes Slalom y Creek.<\/p>\n<p>PROGRAMACI\u00d3N LUNA CALCHAQU\u00cd<\/p>\n<p>La cartelera de espect\u00e1culos contar\u00e1 adem\u00e1s con una nutrida actividad art\u00edstica en la carpa del Teatro en La Luna, instalada en la Estancia Los Cuartos, a partir del d\u00eda 5 de enero.<\/p>\n<p>\u2013 D\u00edas 5, 6, 7, y 8 a las 18 h. \u201cMomento Ridiccoli\u201d Desde Italia<\/p>\n<p>\u2013 D\u00eda 8, 21 h. Gran Pe\u00f1a de Los Puesteros<\/p>\n<p>\u2013 D\u00edas 9, 10, 16 , 17, 23, y 24, 18 h. \u201cLa Ni\u00f1a que viv\u00eda en un sombrero de copa\u201d, de Tucum\u00e1n; 21 h. \u201cInfierno Bar\u201d De Tucum\u00e1n<\/p>\n<p>\u2013 D\u00edas 12, 13, 14 y 14 18 h. \u201cQue Pulga pico a Pulga\u201d, de Tucum\u00e1n; 21 h. \u201cTerapia\u201d , de Tucum\u00e1n a excepci\u00f3n del d\u00eda 15 donde se realizar\u00e1 la Gran Pe\u00f1a de Los Puesteros (21 h.)<\/p>\n<p>\u2013 D\u00eda 19, 20, 21 y 22, 18 h. \u201cC\u00f3digo Pirata y la cofrad\u00eda de los hermanos de la costa\u201d de La Plata; 21 h. \u201cEl Pululador\u201d de La Plata<\/p>\n<p>\u2013 D\u00edas 26, 27, y 28, 21 h. \u201cVarietales de Humor y Vino\u201d Desde Buenos Aires<\/p>\n<p>\u2013 Viernes 29, 21 h. Gran Pe\u00f1a de Los Puesteros<\/p>\n<p>\u2013 S\u00e1bado 30, Fiesta de Cierre<\/p>\n<p>A la citada cartelera se le sumar\u00e1n los siguientes talleres en el \u201cTeatro en la Luna\u201d:<\/p>\n<p>\u2013 Martes 5 a Viernes 8, 10 h.: Taller de Clown por la compa\u00f1\u00eda \u201cEn la lona\u201d de Italia.<\/p>\n<p>\u2013 Martes 12 a Viernes 15, 10 h.: Taller de Manipulaci\u00f3n de objetos y Marionetas por la compa\u00f1\u00eda \u201cFeliz Comitiva\u201d de Tucum\u00e1n.<\/p>\n<p>\u2013 Martes 19 a Viernes 22, 10 h.: Taller de Teatro Infantil por la compa\u00f1\u00eda \u201cVuelve en julio\u201d de Bs As.<\/p>\n<p>\u2013 Martes 26 a Viernes 29, 10 h.: Taller de Comedia Musical por la compa\u00f1\u00eda \u201cLos Trento\u201d de Buenos Aires.<\/p>\n<p>Ente Popular de Teatro Latinoamericano<\/p>\n<p>Luego de cuatro a\u00f1os organizando el Ente Popular de Teatro Latinoamericano (ENTEPOLA) en San Miguel de Tucum\u00e1n, se decidi\u00f3 trasladarlo a la cuna de la cultura Calchaqu\u00ed, Quilmes y Diaguita, pueblos originarios de nuestra provincia, para compartir all\u00ed el ENTEPOLA con esas comunidades.<\/p>\n<p>Este festival persigue como objetivos:<\/p>\n<p>1. Que el intercambio con el lugare\u00f1o sea mutuo, por eso se realizar\u00e1n actividades desde la comunidad hacia los participantes y viceversa, a fin de lograr una verdadera hermandad entre las distintas ra\u00edces de nuestra patria.<\/p>\n<p>2. Formaci\u00f3n de p\u00fablico, para lo cual su estrategia es: que la familia que com\u00fanmente va al circo, esta vez vaya al teatro; para ello la sede principal del Festival ser\u00e1 \u201cEl Teatro en la Luna\u201d, en Taf\u00ed del Valle, polo Tur\u00edstico pero tambi\u00e9n de gran tradici\u00f3n calchaqu\u00ed.<\/p>\n<p>La familia tucumana y quienes nos visiten gozar\u00e1n esta temporada de diferentes espect\u00e1culos, entre los cuales los teatrales enriquecer\u00e1n el bagaje cultural e hist\u00f3rico al \u201cSentir Tucum\u00e1n\u201d.<\/p>\n","protected":false},"excerpt":{"rendered":"<p>El preside Ente Aut\u00e1rquico Tucum\u00e1n Turismo (EATT), Sebasti\u00e1n Giobellina, junto al Intendente de Taf\u00ed del Valle, Jorge Yapura Astorga, lanzaron la temporada de \u201cVerano 2016\u201d, de la villa veraniega que comenzar\u00e1 este s\u00e1bado con una gala frente al edificio municipal.<\/p>\n","protected":false},"author":3,"featured_media":847,"comment_status":"closed","ping_status":"open","sticky":false,"template":"","format":"standard","meta":{"footnotes":""},"categories":[152,5],"tags":[],"class_list":{"0":"post-846","1":"post","2":"type-post","3":"status-publish","4":"format-standard","5":"has-post-thumbnail","7":"category-argentina","8":"category-cultura"},"yoast_head":"<!-- This site is optimized with the Yoast SEO plugin v27.5 - https:\/\/yoast.com\/product\/yoast-seo-wordpress\/ -->\n<title>Un verano para visitar Tafi del Valle - El Diario de Tucuman<\/title>\n<meta name=\"robots\" content=\"index, follow, max-snippet:-1, max-image-preview:large, max-video-preview:-1\" \/>\n<link rel=\"canonical\" href=\"https:\/\/www.eldiariodetucuman.com\/web\/un-verano-para-visitar-tafi-del-valle\/\" \/>\n<meta property=\"og:locale\" content=\"es_ES\" \/>\n<meta property=\"og:type\" content=\"article\" \/>\n<meta property=\"og:title\" content=\"Un verano para visitar Tafi del Valle - El Diario de Tucuman\" \/>\n<meta property=\"og:description\" content=\"El preside Ente Aut\u00e1rquico Tucum\u00e1n Turismo (EATT), Sebasti\u00e1n Giobellina, junto al Intendente de Taf\u00ed del Valle, Jorge Yapura Astorga, lanzaron la temporada de \u201cVerano 2016\u201d, de la villa veraniega que comenzar\u00e1 este s\u00e1bado con una gala frente al edificio municipal.\" \/>\n<meta property=\"og:url\" content=\"https:\/\/www.eldiariodetucuman.com\/web\/un-verano-para-visitar-tafi-del-valle\/\" \/>\n<meta property=\"og:site_name\" content=\"El Diario de Tucuman\" \/>\n<meta property=\"article:published_time\" content=\"2015-12-14T14:15:11+00:00\" \/>\n<meta property=\"og:image\" content=\"https:\/\/www.eldiariodetucuman.com\/web\/wp-content\/uploads\/2015\/12\/descarga.jpg\" \/>\n\t<meta property=\"og:image:width\" content=\"259\" \/>\n\t<meta property=\"og:image:height\" content=\"194\" \/>\n\t<meta property=\"og:image:type\" content=\"image\/jpeg\" \/>\n<meta name=\"author\" content=\"El diario de Tucuman\" \/>\n<meta name=\"twitter:card\" content=\"summary_large_image\" \/>\n<meta name=\"twitter:label1\" content=\"Escrito por\" \/>\n\t<meta name=\"twitter:data1\" content=\"El diario de Tucuman\" \/>\n\t<meta name=\"twitter:label2\" content=\"Tiempo de lectura\" \/>\n\t<meta name=\"twitter:data2\" content=\"7 minutos\" \/>\n<script type=\"application\/ld+json\" class=\"yoast-schema-graph\">{\"@context\":\"https:\\\/\\\/schema.org\",\"@graph\":[{\"@type\":\"Article\",\"@id\":\"https:\\\/\\\/www.eldiariodetucuman.com\\\/web\\\/un-verano-para-visitar-tafi-del-valle\\\/#article\",\"isPartOf\":{\"@id\":\"https:\\\/\\\/www.eldiariodetucuman.com\\\/web\\\/un-verano-para-visitar-tafi-del-valle\\\/\"},\"author\":{\"name\":\"El diario de Tucuman\",\"@id\":\"https:\\\/\\\/www.eldiariodetucuman.com\\\/web\\\/#\\\/schema\\\/person\\\/3adbe300ecd6242af93c97dab1dc3ba1\"},\"headline\":\"Un verano para visitar Tafi del Valle\",\"datePublished\":\"2015-12-14T14:15:11+00:00\",\"mainEntityOfPage\":{\"@id\":\"https:\\\/\\\/www.eldiariodetucuman.com\\\/web\\\/un-verano-para-visitar-tafi-del-valle\\\/\"},\"wordCount\":1473,\"publisher\":{\"@id\":\"https:\\\/\\\/www.eldiariodetucuman.com\\\/web\\\/#organization\"},\"image\":{\"@id\":\"https:\\\/\\\/www.eldiariodetucuman.com\\\/web\\\/un-verano-para-visitar-tafi-del-valle\\\/#primaryimage\"},\"thumbnailUrl\":\"https:\\\/\\\/www.eldiariodetucuman.com\\\/web\\\/wp-content\\\/uploads\\\/2015\\\/12\\\/descarga.jpg\",\"articleSection\":[\"Argentina\",\"Cultura\"],\"inLanguage\":\"es\"},{\"@type\":\"WebPage\",\"@id\":\"https:\\\/\\\/www.eldiariodetucuman.com\\\/web\\\/un-verano-para-visitar-tafi-del-valle\\\/\",\"url\":\"https:\\\/\\\/www.eldiariodetucuman.com\\\/web\\\/un-verano-para-visitar-tafi-del-valle\\\/\",\"name\":\"Un verano para visitar Tafi del Valle - El Diario de Tucuman\",\"isPartOf\":{\"@id\":\"https:\\\/\\\/www.eldiariodetucuman.com\\\/web\\\/#website\"},\"primaryImageOfPage\":{\"@id\":\"https:\\\/\\\/www.eldiariodetucuman.com\\\/web\\\/un-verano-para-visitar-tafi-del-valle\\\/#primaryimage\"},\"image\":{\"@id\":\"https:\\\/\\\/www.eldiariodetucuman.com\\\/web\\\/un-verano-para-visitar-tafi-del-valle\\\/#primaryimage\"},\"thumbnailUrl\":\"https:\\\/\\\/www.eldiariodetucuman.com\\\/web\\\/wp-content\\\/uploads\\\/2015\\\/12\\\/descarga.jpg\",\"datePublished\":\"2015-12-14T14:15:11+00:00\",\"breadcrumb\":{\"@id\":\"https:\\\/\\\/www.eldiariodetucuman.com\\\/web\\\/un-verano-para-visitar-tafi-del-valle\\\/#breadcrumb\"},\"inLanguage\":\"es\",\"potentialAction\":[{\"@type\":\"ReadAction\",\"target\":[\"https:\\\/\\\/www.eldiariodetucuman.com\\\/web\\\/un-verano-para-visitar-tafi-del-valle\\\/\"]}]},{\"@type\":\"ImageObject\",\"inLanguage\":\"es\",\"@id\":\"https:\\\/\\\/www.eldiariodetucuman.com\\\/web\\\/un-verano-para-visitar-tafi-del-valle\\\/#primaryimage\",\"url\":\"https:\\\/\\\/www.eldiariodetucuman.com\\\/web\\\/wp-content\\\/uploads\\\/2015\\\/12\\\/descarga.jpg\",\"contentUrl\":\"https:\\\/\\\/www.eldiariodetucuman.com\\\/web\\\/wp-content\\\/uploads\\\/2015\\\/12\\\/descarga.jpg\",\"width\":259,\"height\":194},{\"@type\":\"BreadcrumbList\",\"@id\":\"https:\\\/\\\/www.eldiariodetucuman.com\\\/web\\\/un-verano-para-visitar-tafi-del-valle\\\/#breadcrumb\",\"itemListElement\":[{\"@type\":\"ListItem\",\"position\":1,\"name\":\"Portada\",\"item\":\"https:\\\/\\\/www.eldiariodetucuman.com\\\/web\\\/\"},{\"@type\":\"ListItem\",\"position\":2,\"name\":\"Un verano para visitar Tafi del Valle\"}]},{\"@type\":\"WebSite\",\"@id\":\"https:\\\/\\\/www.eldiariodetucuman.com\\\/web\\\/#website\",\"url\":\"https:\\\/\\\/www.eldiariodetucuman.com\\\/web\\\/\",\"name\":\"El Diario de Tucuman\",\"description\":\"Diario Tucuman - Informaci\u00f3n y noticias\",\"publisher\":{\"@id\":\"https:\\\/\\\/www.eldiariodetucuman.com\\\/web\\\/#organization\"},\"potentialAction\":[{\"@type\":\"SearchAction\",\"target\":{\"@type\":\"EntryPoint\",\"urlTemplate\":\"https:\\\/\\\/www.eldiariodetucuman.com\\\/web\\\/?s={search_term_string}\"},\"query-input\":{\"@type\":\"PropertyValueSpecification\",\"valueRequired\":true,\"valueName\":\"search_term_string\"}}],\"inLanguage\":\"es\"},{\"@type\":\"Organization\",\"@id\":\"https:\\\/\\\/www.eldiariodetucuman.com\\\/web\\\/#organization\",\"name\":\"El Diario de Tucuman\",\"url\":\"https:\\\/\\\/www.eldiariodetucuman.com\\\/web\\\/\",\"logo\":{\"@type\":\"ImageObject\",\"inLanguage\":\"es\",\"@id\":\"https:\\\/\\\/www.eldiariodetucuman.com\\\/web\\\/#\\\/schema\\\/logo\\\/image\\\/\",\"url\":\"http:\\\/\\\/www.eldiariodetucuman.com\\\/web\\\/wp-content\\\/uploads\\\/2017\\\/12\\\/el-diario-de-tucuman.jpg\",\"contentUrl\":\"http:\\\/\\\/www.eldiariodetucuman.com\\\/web\\\/wp-content\\\/uploads\\\/2017\\\/12\\\/el-diario-de-tucuman.jpg\",\"width\":272,\"height\":92,\"caption\":\"El Diario de Tucuman\"},\"image\":{\"@id\":\"https:\\\/\\\/www.eldiariodetucuman.com\\\/web\\\/#\\\/schema\\\/logo\\\/image\\\/\"}},{\"@type\":\"Person\",\"@id\":\"https:\\\/\\\/www.eldiariodetucuman.com\\\/web\\\/#\\\/schema\\\/person\\\/3adbe300ecd6242af93c97dab1dc3ba1\",\"name\":\"El diario de Tucuman\",\"image\":{\"@type\":\"ImageObject\",\"inLanguage\":\"es\",\"@id\":\"https:\\\/\\\/secure.gravatar.com\\\/avatar\\\/b7214de193b24d0bd708ac5516aa13d0f20c6560795bfbee06857d5c8ac2f0b2?s=96&d=mm&r=g\",\"url\":\"https:\\\/\\\/secure.gravatar.com\\\/avatar\\\/b7214de193b24d0bd708ac5516aa13d0f20c6560795bfbee06857d5c8ac2f0b2?s=96&d=mm&r=g\",\"contentUrl\":\"https:\\\/\\\/secure.gravatar.com\\\/avatar\\\/b7214de193b24d0bd708ac5516aa13d0f20c6560795bfbee06857d5c8ac2f0b2?s=96&d=mm&r=g\",\"caption\":\"El diario de Tucuman\"},\"url\":\"https:\\\/\\\/www.eldiariodetucuman.com\\\/web\\\/author\\\/mgiobellina\\\/\"}]}<\/script>\n<!-- \/ Yoast SEO plugin. -->","yoast_head_json":{"title":"Un verano para visitar Tafi del Valle - El Diario de Tucuman","robots":{"index":"index","follow":"follow","max-snippet":"max-snippet:-1","max-image-preview":"max-image-preview:large","max-video-preview":"max-video-preview:-1"},"canonical":"https:\/\/www.eldiariodetucuman.com\/web\/un-verano-para-visitar-tafi-del-valle\/","og_locale":"es_ES","og_type":"article","og_title":"Un verano para visitar Tafi del Valle - El Diario de Tucuman","og_description":"El preside Ente Aut\u00e1rquico Tucum\u00e1n Turismo (EATT), Sebasti\u00e1n Giobellina, junto al Intendente de Taf\u00ed del Valle, Jorge Yapura Astorga, lanzaron la temporada de \u201cVerano 2016\u201d, de la villa veraniega que comenzar\u00e1 este s\u00e1bado con una gala frente al edificio municipal.","og_url":"https:\/\/www.eldiariodetucuman.com\/web\/un-verano-para-visitar-tafi-del-valle\/","og_site_name":"El Diario de Tucuman","article_published_time":"2015-12-14T14:15:11+00:00","og_image":[{"width":259,"height":194,"url":"https:\/\/www.eldiariodetucuman.com\/web\/wp-content\/uploads\/2015\/12\/descarga.jpg","type":"image\/jpeg"}],"author":"El diario de Tucuman","twitter_card":"summary_large_image","twitter_misc":{"Escrito por":"El diario de Tucuman","Tiempo de lectura":"7 minutos"},"schema":{"@context":"https:\/\/schema.org","@graph":[{"@type":"Article","@id":"https:\/\/www.eldiariodetucuman.com\/web\/un-verano-para-visitar-tafi-del-valle\/#article","isPartOf":{"@id":"https:\/\/www.eldiariodetucuman.com\/web\/un-verano-para-visitar-tafi-del-valle\/"},"author":{"name":"El diario de Tucuman","@id":"https:\/\/www.eldiariodetucuman.com\/web\/#\/schema\/person\/3adbe300ecd6242af93c97dab1dc3ba1"},"headline":"Un verano para visitar Tafi del Valle","datePublished":"2015-12-14T14:15:11+00:00","mainEntityOfPage":{"@id":"https:\/\/www.eldiariodetucuman.com\/web\/un-verano-para-visitar-tafi-del-valle\/"},"wordCount":1473,"publisher":{"@id":"https:\/\/www.eldiariodetucuman.com\/web\/#organization"},"image":{"@id":"https:\/\/www.eldiariodetucuman.com\/web\/un-verano-para-visitar-tafi-del-valle\/#primaryimage"},"thumbnailUrl":"https:\/\/www.eldiariodetucuman.com\/web\/wp-content\/uploads\/2015\/12\/descarga.jpg","articleSection":["Argentina","Cultura"],"inLanguage":"es"},{"@type":"WebPage","@id":"https:\/\/www.eldiariodetucuman.com\/web\/un-verano-para-visitar-tafi-del-valle\/","url":"https:\/\/www.eldiariodetucuman.com\/web\/un-verano-para-visitar-tafi-del-valle\/","name":"Un verano para visitar Tafi del Valle - El Diario de Tucuman","isPartOf":{"@id":"https:\/\/www.eldiariodetucuman.com\/web\/#website"},"primaryImageOfPage":{"@id":"https:\/\/www.eldiariodetucuman.com\/web\/un-verano-para-visitar-tafi-del-valle\/#primaryimage"},"image":{"@id":"https:\/\/www.eldiariodetucuman.com\/web\/un-verano-para-visitar-tafi-del-valle\/#primaryimage"},"thumbnailUrl":"https:\/\/www.eldiariodetucuman.com\/web\/wp-content\/uploads\/2015\/12\/descarga.jpg","datePublished":"2015-12-14T14:15:11+00:00","breadcrumb":{"@id":"https:\/\/www.eldiariodetucuman.com\/web\/un-verano-para-visitar-tafi-del-valle\/#breadcrumb"},"inLanguage":"es","potentialAction":[{"@type":"ReadAction","target":["https:\/\/www.eldiariodetucuman.com\/web\/un-verano-para-visitar-tafi-del-valle\/"]}]},{"@type":"ImageObject","inLanguage":"es","@id":"https:\/\/www.eldiariodetucuman.com\/web\/un-verano-para-visitar-tafi-del-valle\/#primaryimage","url":"https:\/\/www.eldiariodetucuman.com\/web\/wp-content\/uploads\/2015\/12\/descarga.jpg","contentUrl":"https:\/\/www.eldiariodetucuman.com\/web\/wp-content\/uploads\/2015\/12\/descarga.jpg","width":259,"height":194},{"@type":"BreadcrumbList","@id":"https:\/\/www.eldiariodetucuman.com\/web\/un-verano-para-visitar-tafi-del-valle\/#breadcrumb","itemListElement":[{"@type":"ListItem","position":1,"name":"Portada","item":"https:\/\/www.eldiariodetucuman.com\/web\/"},{"@type":"ListItem","position":2,"name":"Un verano para visitar Tafi del Valle"}]},{"@type":"WebSite","@id":"https:\/\/www.eldiariodetucuman.com\/web\/#website","url":"https:\/\/www.eldiariodetucuman.com\/web\/","name":"El Diario de Tucuman","description":"Diario Tucuman - Informaci\u00f3n y noticias","publisher":{"@id":"https:\/\/www.eldiariodetucuman.com\/web\/#organization"},"potentialAction":[{"@type":"SearchAction","target":{"@type":"EntryPoint","urlTemplate":"https:\/\/www.eldiariodetucuman.com\/web\/?s={search_term_string}"},"query-input":{"@type":"PropertyValueSpecification","valueRequired":true,"valueName":"search_term_string"}}],"inLanguage":"es"},{"@type":"Organization","@id":"https:\/\/www.eldiariodetucuman.com\/web\/#organization","name":"El Diario de Tucuman","url":"https:\/\/www.eldiariodetucuman.com\/web\/","logo":{"@type":"ImageObject","inLanguage":"es","@id":"https:\/\/www.eldiariodetucuman.com\/web\/#\/schema\/logo\/image\/","url":"http:\/\/www.eldiariodetucuman.com\/web\/wp-content\/uploads\/2017\/12\/el-diario-de-tucuman.jpg","contentUrl":"http:\/\/www.eldiariodetucuman.com\/web\/wp-content\/uploads\/2017\/12\/el-diario-de-tucuman.jpg","width":272,"height":92,"caption":"El Diario de Tucuman"},"image":{"@id":"https:\/\/www.eldiariodetucuman.com\/web\/#\/schema\/logo\/image\/"}},{"@type":"Person","@id":"https:\/\/www.eldiariodetucuman.com\/web\/#\/schema\/person\/3adbe300ecd6242af93c97dab1dc3ba1","name":"El diario de Tucuman","image":{"@type":"ImageObject","inLanguage":"es","@id":"https:\/\/secure.gravatar.com\/avatar\/b7214de193b24d0bd708ac5516aa13d0f20c6560795bfbee06857d5c8ac2f0b2?s=96&d=mm&r=g","url":"https:\/\/secure.gravatar.com\/avatar\/b7214de193b24d0bd708ac5516aa13d0f20c6560795bfbee06857d5c8ac2f0b2?s=96&d=mm&r=g","contentUrl":"https:\/\/secure.gravatar.com\/avatar\/b7214de193b24d0bd708ac5516aa13d0f20c6560795bfbee06857d5c8ac2f0b2?s=96&d=mm&r=g","caption":"El diario de Tucuman"},"url":"https:\/\/www.eldiariodetucuman.com\/web\/author\/mgiobellina\/"}]}},"_links":{"self":[{"href":"https:\/\/www.eldiariodetucuman.com\/web\/wp-json\/wp\/v2\/posts\/846","targetHints":{"allow":["GET"]}}],"collection":[{"href":"https:\/\/www.eldiariodetucuman.com\/web\/wp-json\/wp\/v2\/posts"}],"about":[{"href":"https:\/\/www.eldiariodetucuman.com\/web\/wp-json\/wp\/v2\/types\/post"}],"author":[{"embeddable":true,"href":"https:\/\/www.eldiariodetucuman.com\/web\/wp-json\/wp\/v2\/users\/3"}],"replies":[{"embeddable":true,"href":"https:\/\/www.eldiariodetucuman.com\/web\/wp-json\/wp\/v2\/comments?post=846"}],"version-history":[{"count":1,"href":"https:\/\/www.eldiariodetucuman.com\/web\/wp-json\/wp\/v2\/posts\/846\/revisions"}],"predecessor-version":[{"id":848,"href":"https:\/\/www.eldiariodetucuman.com\/web\/wp-json\/wp\/v2\/posts\/846\/revisions\/848"}],"wp:featuredmedia":[{"embeddable":true,"href":"https:\/\/www.eldiariodetucuman.com\/web\/wp-json\/wp\/v2\/media\/847"}],"wp:attachment":[{"href":"https:\/\/www.eldiariodetucuman.com\/web\/wp-json\/wp\/v2\/media?parent=846"}],"wp:term":[{"taxonomy":"category","embeddable":true,"href":"https:\/\/www.eldiariodetucuman.com\/web\/wp-json\/wp\/v2\/categories?post=846"},{"taxonomy":"post_tag","embeddable":true,"href":"https:\/\/www.eldiariodetucuman.com\/web\/wp-json\/wp\/v2\/tags?post=846"}],"curies":[{"name":"wp","href":"https:\/\/api.w.org\/{rel}","templated":true}]}}