{"id":841,"date":"2015-12-14T13:51:02","date_gmt":"2015-12-14T13:51:02","guid":{"rendered":"http:\/\/www.eldiariodetucuman.com\/web\/?p=841"},"modified":"2015-12-14T13:56:25","modified_gmt":"2015-12-14T13:56:25","slug":"841","status":"publish","type":"post","link":"https:\/\/www.eldiariodetucuman.com\/web\/841\/","title":{"rendered":"Desbarranc\u00f3 un colectivo en Salta: confirman que hay 42 gendarmes muertos"},"content":{"rendered":"<p>Un \u00f3mnibus de Gendarmer\u00eda Nacional se desbarranc\u00f3 esta madrugada cuando transitaba por la ruta 34, en Balboa, cerca de la localidad salte\u00f1a de Rosario de la Frontera, dejando al menos 42 personas muertas y cuatro heridos, seg\u00fan las primeras informaciones oficiales.<!--more--><\/p>\n<p>El siniestro vial se produjo alrededor de las 2.10 de hoy, a la altura del kil\u00f3metro 20, en Salta, donde se desbarranc\u00f3 un \u00f3mnibus que llevaba 51 efectivos. Seis de ellos resultaron ilesos, seg\u00fan inform\u00f3 Defensa Civil provincial.<\/p>\n<p>El colectivo, el primero de un convoy de tres unidades que transportaban gendarmes desde Santiago del Estero, cay\u00f3 por un barranco de unos 15 metros de profundidad, sobre el cauce de un r\u00edo seco.<\/p>\n<p>El Ministerio P\u00fablico Fiscal de Salta inform\u00f3 que, \u00aba unos 100 metros antes del arroyo Balboa, una de la unidades perdio el control, al parecer, por el reventon de un neum\u00e1tico. Luego de algunas maniobras, el \u00f3mnibus se sali\u00f3 de la banquina y cay\u00f3 al arroyo\u00bb.<\/p>\n<p>El intendente de Rosario de la Frontera, Gustavo Sol\u00eds, reconoci\u00f3 esta ma\u00f1ana que la ruta nacional 34, a la altura de su localidad donde se desbarranc\u00f3 un \u00f3mnibus con 60 gendarmes, est\u00e1 \u00abtotalmente deteriorada, muy bacheada\u00bb.<\/p>\n<p>Sol\u00eds sostuvo que \u00abno ser\u00eda il\u00f3gico\u00bb que las malas condiciones de la ruta pudieron haber provocado el accidente<\/p>\n<p>De todos modos, en el tramo del puente no se observa mayor deterioro.<\/p>\n<p>El p\u00e9same de Macri<\/p>\n<p>El presidente Mauricio Macri manifest\u00f3 esta ma\u00f1ana sus condolencias a los familiares de las v\u00edctimas, durante un acto en Pergamino. Adem\u00e1s record\u00f3 que la ministra de Seguridad, Patricia Bullrich, y el secretario Eugenio Burzaco, viajaron al lugar del hecho.<\/p>\n<p>\u00abQuiero mandarles mi p\u00e9same a las familias (&#8230;) Ha sido una desgracia muy desafortunada. Un cari\u00f1o muy grande para todos\u00bb, dijo.<\/p>\n<p>TRAGEDIA EN RUTA NACIONAL 34. Im\u00e1genes de la Polic\u00eda de Salta.<\/p>\n<p>Una de las peores tragedias viales<\/p>\n<p>Este siniestro vial es uno de los peores registrados en el pa\u00eds. La mayor tragedia vial ocurri\u00f3 en Santo Tom\u00e9, Santa Fe, el 10 de enero 1993, cuando chocaron tres colectivos y murieron 60 personas. En 2002, 47 personas murieron en la Cuesta del Totoral, en Catamarca, cuando un colectivo se qued\u00f3 sin frenos y se desbarranc\u00f3.<\/p>\n<p>En junio de 2012, dos colectivos que transportaba gendarmes chocaron con un cami\u00f3n cerca de Puerto Madryn. Hubo 12 muertos.<br \/>\nUbicaci\u00f3n<br \/>\nBalboa est\u00e1 a unos 20 kil\u00f3metros de Rosario de la Frontera y a unos 200 kil\u00f3metros al sudeste de Salta.<\/p>\n<p>&nbsp;<\/p>\n<p>Fuente:\u00a0http:\/\/www.lavoz.com.ar\/sucesos\/desbarranco-un-colectivo-en-salta-confirman-que-hay-41-gendarmes-muertos<\/p>\n","protected":false},"excerpt":{"rendered":"<p>Un \u00f3mnibus de Gendarmer\u00eda Nacional se desbarranc\u00f3 esta madrugada cuando transitaba por la ruta 34, en Balboa, cerca de la localidad salte\u00f1a de Rosario de la Frontera, dejando al menos 42 personas muertas y cuatro heridos, seg\u00fan las primeras informaciones oficiales.<\/p>\n","protected":false},"author":3,"featured_media":842,"comment_status":"closed","ping_status":"open","sticky":false,"template":"","format":"standard","meta":{"footnotes":""},"categories":[2,1],"tags":[],"class_list":{"0":"post-841","1":"post","2":"type-post","3":"status-publish","4":"format-standard","5":"has-post-thumbnail","7":"category-actualidad","8":"category-portada"},"yoast_head":"<!-- This site is optimized with the Yoast SEO plugin v27.5 - https:\/\/yoast.com\/product\/yoast-seo-wordpress\/ -->\n<title>Desbarranc\u00f3 un colectivo en Salta: confirman que hay 42 gendarmes muertos - El Diario de Tucuman<\/title>\n<meta name=\"robots\" content=\"index, follow, max-snippet:-1, max-image-preview:large, max-video-preview:-1\" \/>\n<link rel=\"canonical\" href=\"https:\/\/www.eldiariodetucuman.com\/web\/841\/\" \/>\n<meta property=\"og:locale\" content=\"es_ES\" \/>\n<meta property=\"og:type\" content=\"article\" \/>\n<meta property=\"og:title\" content=\"Desbarranc\u00f3 un colectivo en Salta: confirman que hay 42 gendarmes muertos - El Diario de Tucuman\" \/>\n<meta property=\"og:description\" content=\"Un \u00f3mnibus de Gendarmer\u00eda Nacional se desbarranc\u00f3 esta madrugada cuando transitaba por la ruta 34, en Balboa, cerca de la localidad salte\u00f1a de Rosario de la Frontera, dejando al menos 42 personas muertas y cuatro heridos, seg\u00fan las primeras informaciones oficiales.\" \/>\n<meta property=\"og:url\" content=\"https:\/\/www.eldiariodetucuman.com\/web\/841\/\" \/>\n<meta property=\"og:site_name\" content=\"El Diario de Tucuman\" \/>\n<meta property=\"article:published_time\" content=\"2015-12-14T13:51:02+00:00\" \/>\n<meta property=\"article:modified_time\" content=\"2015-12-14T13:56:25+00:00\" \/>\n<meta property=\"og:image\" content=\"https:\/\/www.eldiariodetucuman.com\/web\/wp-content\/uploads\/2015\/12\/ruta34-salta3.jpg\" \/>\n\t<meta property=\"og:image:width\" content=\"728\" \/>\n\t<meta property=\"og:image:height\" content=\"1296\" \/>\n\t<meta property=\"og:image:type\" content=\"image\/jpeg\" \/>\n<meta name=\"author\" content=\"El diario de Tucuman\" \/>\n<meta name=\"twitter:card\" content=\"summary_large_image\" \/>\n<meta name=\"twitter:label1\" content=\"Escrito por\" \/>\n\t<meta name=\"twitter:data1\" content=\"El diario de Tucuman\" \/>\n\t<meta name=\"twitter:label2\" content=\"Tiempo de lectura\" \/>\n\t<meta name=\"twitter:data2\" content=\"2 minutos\" \/>\n<script type=\"application\/ld+json\" class=\"yoast-schema-graph\">{\"@context\":\"https:\\\/\\\/schema.org\",\"@graph\":[{\"@type\":\"Article\",\"@id\":\"https:\\\/\\\/www.eldiariodetucuman.com\\\/web\\\/841\\\/#article\",\"isPartOf\":{\"@id\":\"https:\\\/\\\/www.eldiariodetucuman.com\\\/web\\\/841\\\/\"},\"author\":{\"name\":\"El diario de Tucuman\",\"@id\":\"https:\\\/\\\/www.eldiariodetucuman.com\\\/web\\\/#\\\/schema\\\/person\\\/3adbe300ecd6242af93c97dab1dc3ba1\"},\"headline\":\"Desbarranc\u00f3 un colectivo en Salta: confirman que hay 42 gendarmes muertos\",\"datePublished\":\"2015-12-14T13:51:02+00:00\",\"dateModified\":\"2015-12-14T13:56:25+00:00\",\"mainEntityOfPage\":{\"@id\":\"https:\\\/\\\/www.eldiariodetucuman.com\\\/web\\\/841\\\/\"},\"wordCount\":431,\"publisher\":{\"@id\":\"https:\\\/\\\/www.eldiariodetucuman.com\\\/web\\\/#organization\"},\"image\":{\"@id\":\"https:\\\/\\\/www.eldiariodetucuman.com\\\/web\\\/841\\\/#primaryimage\"},\"thumbnailUrl\":\"https:\\\/\\\/www.eldiariodetucuman.com\\\/web\\\/wp-content\\\/uploads\\\/2015\\\/12\\\/ruta34-salta3.jpg\",\"articleSection\":[\"Actualidad\",\"Portada\"],\"inLanguage\":\"es\"},{\"@type\":\"WebPage\",\"@id\":\"https:\\\/\\\/www.eldiariodetucuman.com\\\/web\\\/841\\\/\",\"url\":\"https:\\\/\\\/www.eldiariodetucuman.com\\\/web\\\/841\\\/\",\"name\":\"Desbarranc\u00f3 un colectivo en Salta: confirman que hay 42 gendarmes muertos - El Diario de Tucuman\",\"isPartOf\":{\"@id\":\"https:\\\/\\\/www.eldiariodetucuman.com\\\/web\\\/#website\"},\"primaryImageOfPage\":{\"@id\":\"https:\\\/\\\/www.eldiariodetucuman.com\\\/web\\\/841\\\/#primaryimage\"},\"image\":{\"@id\":\"https:\\\/\\\/www.eldiariodetucuman.com\\\/web\\\/841\\\/#primaryimage\"},\"thumbnailUrl\":\"https:\\\/\\\/www.eldiariodetucuman.com\\\/web\\\/wp-content\\\/uploads\\\/2015\\\/12\\\/ruta34-salta3.jpg\",\"datePublished\":\"2015-12-14T13:51:02+00:00\",\"dateModified\":\"2015-12-14T13:56:25+00:00\",\"breadcrumb\":{\"@id\":\"https:\\\/\\\/www.eldiariodetucuman.com\\\/web\\\/841\\\/#breadcrumb\"},\"inLanguage\":\"es\",\"potentialAction\":[{\"@type\":\"ReadAction\",\"target\":[\"https:\\\/\\\/www.eldiariodetucuman.com\\\/web\\\/841\\\/\"]}]},{\"@type\":\"ImageObject\",\"inLanguage\":\"es\",\"@id\":\"https:\\\/\\\/www.eldiariodetucuman.com\\\/web\\\/841\\\/#primaryimage\",\"url\":\"https:\\\/\\\/www.eldiariodetucuman.com\\\/web\\\/wp-content\\\/uploads\\\/2015\\\/12\\\/ruta34-salta3.jpg\",\"contentUrl\":\"https:\\\/\\\/www.eldiariodetucuman.com\\\/web\\\/wp-content\\\/uploads\\\/2015\\\/12\\\/ruta34-salta3.jpg\",\"width\":728,\"height\":1296},{\"@type\":\"BreadcrumbList\",\"@id\":\"https:\\\/\\\/www.eldiariodetucuman.com\\\/web\\\/841\\\/#breadcrumb\",\"itemListElement\":[{\"@type\":\"ListItem\",\"position\":1,\"name\":\"Portada\",\"item\":\"https:\\\/\\\/www.eldiariodetucuman.com\\\/web\\\/\"},{\"@type\":\"ListItem\",\"position\":2,\"name\":\"Desbarranc\u00f3 un colectivo en Salta: confirman que hay 42 gendarmes muertos\"}]},{\"@type\":\"WebSite\",\"@id\":\"https:\\\/\\\/www.eldiariodetucuman.com\\\/web\\\/#website\",\"url\":\"https:\\\/\\\/www.eldiariodetucuman.com\\\/web\\\/\",\"name\":\"El Diario de Tucuman\",\"description\":\"Diario Tucuman - Informaci\u00f3n y noticias\",\"publisher\":{\"@id\":\"https:\\\/\\\/www.eldiariodetucuman.com\\\/web\\\/#organization\"},\"potentialAction\":[{\"@type\":\"SearchAction\",\"target\":{\"@type\":\"EntryPoint\",\"urlTemplate\":\"https:\\\/\\\/www.eldiariodetucuman.com\\\/web\\\/?s={search_term_string}\"},\"query-input\":{\"@type\":\"PropertyValueSpecification\",\"valueRequired\":true,\"valueName\":\"search_term_string\"}}],\"inLanguage\":\"es\"},{\"@type\":\"Organization\",\"@id\":\"https:\\\/\\\/www.eldiariodetucuman.com\\\/web\\\/#organization\",\"name\":\"El Diario de Tucuman\",\"url\":\"https:\\\/\\\/www.eldiariodetucuman.com\\\/web\\\/\",\"logo\":{\"@type\":\"ImageObject\",\"inLanguage\":\"es\",\"@id\":\"https:\\\/\\\/www.eldiariodetucuman.com\\\/web\\\/#\\\/schema\\\/logo\\\/image\\\/\",\"url\":\"http:\\\/\\\/www.eldiariodetucuman.com\\\/web\\\/wp-content\\\/uploads\\\/2017\\\/12\\\/el-diario-de-tucuman.jpg\",\"contentUrl\":\"http:\\\/\\\/www.eldiariodetucuman.com\\\/web\\\/wp-content\\\/uploads\\\/2017\\\/12\\\/el-diario-de-tucuman.jpg\",\"width\":272,\"height\":92,\"caption\":\"El Diario de Tucuman\"},\"image\":{\"@id\":\"https:\\\/\\\/www.eldiariodetucuman.com\\\/web\\\/#\\\/schema\\\/logo\\\/image\\\/\"}},{\"@type\":\"Person\",\"@id\":\"https:\\\/\\\/www.eldiariodetucuman.com\\\/web\\\/#\\\/schema\\\/person\\\/3adbe300ecd6242af93c97dab1dc3ba1\",\"name\":\"El diario de Tucuman\",\"image\":{\"@type\":\"ImageObject\",\"inLanguage\":\"es\",\"@id\":\"https:\\\/\\\/secure.gravatar.com\\\/avatar\\\/b7214de193b24d0bd708ac5516aa13d0f20c6560795bfbee06857d5c8ac2f0b2?s=96&d=mm&r=g\",\"url\":\"https:\\\/\\\/secure.gravatar.com\\\/avatar\\\/b7214de193b24d0bd708ac5516aa13d0f20c6560795bfbee06857d5c8ac2f0b2?s=96&d=mm&r=g\",\"contentUrl\":\"https:\\\/\\\/secure.gravatar.com\\\/avatar\\\/b7214de193b24d0bd708ac5516aa13d0f20c6560795bfbee06857d5c8ac2f0b2?s=96&d=mm&r=g\",\"caption\":\"El diario de Tucuman\"},\"url\":\"https:\\\/\\\/www.eldiariodetucuman.com\\\/web\\\/author\\\/mgiobellina\\\/\"}]}<\/script>\n<!-- \/ Yoast SEO plugin. -->","yoast_head_json":{"title":"Desbarranc\u00f3 un colectivo en Salta: confirman que hay 42 gendarmes muertos - El Diario de Tucuman","robots":{"index":"index","follow":"follow","max-snippet":"max-snippet:-1","max-image-preview":"max-image-preview:large","max-video-preview":"max-video-preview:-1"},"canonical":"https:\/\/www.eldiariodetucuman.com\/web\/841\/","og_locale":"es_ES","og_type":"article","og_title":"Desbarranc\u00f3 un colectivo en Salta: confirman que hay 42 gendarmes muertos - El Diario de Tucuman","og_description":"Un \u00f3mnibus de Gendarmer\u00eda Nacional se desbarranc\u00f3 esta madrugada cuando transitaba por la ruta 34, en Balboa, cerca de la localidad salte\u00f1a de Rosario de la Frontera, dejando al menos 42 personas muertas y cuatro heridos, seg\u00fan las primeras informaciones oficiales.","og_url":"https:\/\/www.eldiariodetucuman.com\/web\/841\/","og_site_name":"El Diario de Tucuman","article_published_time":"2015-12-14T13:51:02+00:00","article_modified_time":"2015-12-14T13:56:25+00:00","og_image":[{"width":728,"height":1296,"url":"https:\/\/www.eldiariodetucuman.com\/web\/wp-content\/uploads\/2015\/12\/ruta34-salta3.jpg","type":"image\/jpeg"}],"author":"El diario de Tucuman","twitter_card":"summary_large_image","twitter_misc":{"Escrito por":"El diario de Tucuman","Tiempo de lectura":"2 minutos"},"schema":{"@context":"https:\/\/schema.org","@graph":[{"@type":"Article","@id":"https:\/\/www.eldiariodetucuman.com\/web\/841\/#article","isPartOf":{"@id":"https:\/\/www.eldiariodetucuman.com\/web\/841\/"},"author":{"name":"El diario de Tucuman","@id":"https:\/\/www.eldiariodetucuman.com\/web\/#\/schema\/person\/3adbe300ecd6242af93c97dab1dc3ba1"},"headline":"Desbarranc\u00f3 un colectivo en Salta: confirman que hay 42 gendarmes muertos","datePublished":"2015-12-14T13:51:02+00:00","dateModified":"2015-12-14T13:56:25+00:00","mainEntityOfPage":{"@id":"https:\/\/www.eldiariodetucuman.com\/web\/841\/"},"wordCount":431,"publisher":{"@id":"https:\/\/www.eldiariodetucuman.com\/web\/#organization"},"image":{"@id":"https:\/\/www.eldiariodetucuman.com\/web\/841\/#primaryimage"},"thumbnailUrl":"https:\/\/www.eldiariodetucuman.com\/web\/wp-content\/uploads\/2015\/12\/ruta34-salta3.jpg","articleSection":["Actualidad","Portada"],"inLanguage":"es"},{"@type":"WebPage","@id":"https:\/\/www.eldiariodetucuman.com\/web\/841\/","url":"https:\/\/www.eldiariodetucuman.com\/web\/841\/","name":"Desbarranc\u00f3 un colectivo en Salta: confirman que hay 42 gendarmes muertos - El Diario de Tucuman","isPartOf":{"@id":"https:\/\/www.eldiariodetucuman.com\/web\/#website"},"primaryImageOfPage":{"@id":"https:\/\/www.eldiariodetucuman.com\/web\/841\/#primaryimage"},"image":{"@id":"https:\/\/www.eldiariodetucuman.com\/web\/841\/#primaryimage"},"thumbnailUrl":"https:\/\/www.eldiariodetucuman.com\/web\/wp-content\/uploads\/2015\/12\/ruta34-salta3.jpg","datePublished":"2015-12-14T13:51:02+00:00","dateModified":"2015-12-14T13:56:25+00:00","breadcrumb":{"@id":"https:\/\/www.eldiariodetucuman.com\/web\/841\/#breadcrumb"},"inLanguage":"es","potentialAction":[{"@type":"ReadAction","target":["https:\/\/www.eldiariodetucuman.com\/web\/841\/"]}]},{"@type":"ImageObject","inLanguage":"es","@id":"https:\/\/www.eldiariodetucuman.com\/web\/841\/#primaryimage","url":"https:\/\/www.eldiariodetucuman.com\/web\/wp-content\/uploads\/2015\/12\/ruta34-salta3.jpg","contentUrl":"https:\/\/www.eldiariodetucuman.com\/web\/wp-content\/uploads\/2015\/12\/ruta34-salta3.jpg","width":728,"height":1296},{"@type":"BreadcrumbList","@id":"https:\/\/www.eldiariodetucuman.com\/web\/841\/#breadcrumb","itemListElement":[{"@type":"ListItem","position":1,"name":"Portada","item":"https:\/\/www.eldiariodetucuman.com\/web\/"},{"@type":"ListItem","position":2,"name":"Desbarranc\u00f3 un colectivo en Salta: confirman que hay 42 gendarmes muertos"}]},{"@type":"WebSite","@id":"https:\/\/www.eldiariodetucuman.com\/web\/#website","url":"https:\/\/www.eldiariodetucuman.com\/web\/","name":"El Diario de Tucuman","description":"Diario Tucuman - Informaci\u00f3n y noticias","publisher":{"@id":"https:\/\/www.eldiariodetucuman.com\/web\/#organization"},"potentialAction":[{"@type":"SearchAction","target":{"@type":"EntryPoint","urlTemplate":"https:\/\/www.eldiariodetucuman.com\/web\/?s={search_term_string}"},"query-input":{"@type":"PropertyValueSpecification","valueRequired":true,"valueName":"search_term_string"}}],"inLanguage":"es"},{"@type":"Organization","@id":"https:\/\/www.eldiariodetucuman.com\/web\/#organization","name":"El Diario de Tucuman","url":"https:\/\/www.eldiariodetucuman.com\/web\/","logo":{"@type":"ImageObject","inLanguage":"es","@id":"https:\/\/www.eldiariodetucuman.com\/web\/#\/schema\/logo\/image\/","url":"http:\/\/www.eldiariodetucuman.com\/web\/wp-content\/uploads\/2017\/12\/el-diario-de-tucuman.jpg","contentUrl":"http:\/\/www.eldiariodetucuman.com\/web\/wp-content\/uploads\/2017\/12\/el-diario-de-tucuman.jpg","width":272,"height":92,"caption":"El Diario de Tucuman"},"image":{"@id":"https:\/\/www.eldiariodetucuman.com\/web\/#\/schema\/logo\/image\/"}},{"@type":"Person","@id":"https:\/\/www.eldiariodetucuman.com\/web\/#\/schema\/person\/3adbe300ecd6242af93c97dab1dc3ba1","name":"El diario de Tucuman","image":{"@type":"ImageObject","inLanguage":"es","@id":"https:\/\/secure.gravatar.com\/avatar\/b7214de193b24d0bd708ac5516aa13d0f20c6560795bfbee06857d5c8ac2f0b2?s=96&d=mm&r=g","url":"https:\/\/secure.gravatar.com\/avatar\/b7214de193b24d0bd708ac5516aa13d0f20c6560795bfbee06857d5c8ac2f0b2?s=96&d=mm&r=g","contentUrl":"https:\/\/secure.gravatar.com\/avatar\/b7214de193b24d0bd708ac5516aa13d0f20c6560795bfbee06857d5c8ac2f0b2?s=96&d=mm&r=g","caption":"El diario de Tucuman"},"url":"https:\/\/www.eldiariodetucuman.com\/web\/author\/mgiobellina\/"}]}},"_links":{"self":[{"href":"https:\/\/www.eldiariodetucuman.com\/web\/wp-json\/wp\/v2\/posts\/841","targetHints":{"allow":["GET"]}}],"collection":[{"href":"https:\/\/www.eldiariodetucuman.com\/web\/wp-json\/wp\/v2\/posts"}],"about":[{"href":"https:\/\/www.eldiariodetucuman.com\/web\/wp-json\/wp\/v2\/types\/post"}],"author":[{"embeddable":true,"href":"https:\/\/www.eldiariodetucuman.com\/web\/wp-json\/wp\/v2\/users\/3"}],"replies":[{"embeddable":true,"href":"https:\/\/www.eldiariodetucuman.com\/web\/wp-json\/wp\/v2\/comments?post=841"}],"version-history":[{"count":3,"href":"https:\/\/www.eldiariodetucuman.com\/web\/wp-json\/wp\/v2\/posts\/841\/revisions"}],"predecessor-version":[{"id":845,"href":"https:\/\/www.eldiariodetucuman.com\/web\/wp-json\/wp\/v2\/posts\/841\/revisions\/845"}],"wp:featuredmedia":[{"embeddable":true,"href":"https:\/\/www.eldiariodetucuman.com\/web\/wp-json\/wp\/v2\/media\/842"}],"wp:attachment":[{"href":"https:\/\/www.eldiariodetucuman.com\/web\/wp-json\/wp\/v2\/media?parent=841"}],"wp:term":[{"taxonomy":"category","embeddable":true,"href":"https:\/\/www.eldiariodetucuman.com\/web\/wp-json\/wp\/v2\/categories?post=841"},{"taxonomy":"post_tag","embeddable":true,"href":"https:\/\/www.eldiariodetucuman.com\/web\/wp-json\/wp\/v2\/tags?post=841"}],"curies":[{"name":"wp","href":"https:\/\/api.w.org\/{rel}","templated":true}]}}