{"id":827,"date":"2015-12-04T14:31:18","date_gmt":"2015-12-04T14:31:18","guid":{"rendered":"http:\/\/www.eldiariodetucuman.com\/web\/?p=827"},"modified":"2015-12-04T14:31:18","modified_gmt":"2015-12-04T14:31:18","slug":"nueva-renault-duster-dakar-detalles-que-suman-en-una-edicion-limitada","status":"publish","type":"post","link":"https:\/\/www.eldiariodetucuman.com\/web\/nueva-renault-duster-dakar-detalles-que-suman-en-una-edicion-limitada\/","title":{"rendered":"Nueva Renault Duster Dakar: detalles que suman en una edici\u00f3n limitada"},"content":{"rendered":"<p>La marca lanz\u00f3 una serie especial de 200 unidades en ocasi\u00f3n de realizarse una nueva edici\u00f3n del rally. Se diferencia del resto por detalles est\u00e9ticos.<!--more--><\/p>\n<p>Por Especial0<br \/>\nDesarrollada sobre la versi\u00f3n Dinamique de la Duster, la nueva edici\u00f3n especial se bautiz\u00f3 con el nombre Dakar, celebrando la participaci\u00f3n de la marca en las \u00faltimas tres ediciones de ese rally.<\/p>\n<p>La nueva versi\u00f3n se destaca por detalles que le dan un look m\u00e1s deportivo, con llantas de 16 pulgadas en color negro diamantado. En la zona inferior de los laterales se presenta un stripping con la inscripci\u00f3n \u00abDakar Spirit\u00bb, que refuerza su est\u00e9tica aventurera. Justo debajo de los espejos retrovisores se ubica el monograma Dakar.<\/p>\n<p>En el interior, se suman detalles est\u00e9ticos en perfecta sinton\u00eda con el esp\u00edritu del rally: logo Dakar en apoyacabezas delanteros y volante, dise\u00f1o exclusivo con tapizados y detalles de color en paneles de puerta y tablero.<\/p>\n<p>La serie limitada tendr\u00e1 una disponibilidad de 200 unidades y ser\u00e1 comercializada a partir de la fecha a $ 275.000.<\/p>\n<p><img decoding=\"async\" src=\"http:\/\/staticd71.lavozdelinterior.com.ar\/sites\/default\/files\/styles\/landscape_565_318\/public\/nota_periodistica\/Nueva_Renault_Duster_Dakar_2.jpg\" alt=\"\" \/><\/p>\n<p><img decoding=\"async\" src=\"http:\/\/staticd71.lavozdelinterior.com.ar\/sites\/default\/files\/styles\/landscape_565_318\/public\/nota_periodistica\/Nueva_Renault_Duster_Dakar_3.jpg\" alt=\"\" \/><\/p>\n<p>&nbsp;<\/p>\n<p>Fuente:\u00a0http:\/\/www.lavoz.com.ar\/tendencias\/nueva-renault-duster-dakar-detalles-que-suman-en-una-edicion-limitada<\/p>\n","protected":false},"excerpt":{"rendered":"<p>La marca lanz\u00f3 una serie especial de 200 unidades en ocasi\u00f3n de realizarse una nueva edici\u00f3n del rally. Se diferencia del resto por detalles est\u00e9ticos.<\/p>\n","protected":false},"author":3,"featured_media":828,"comment_status":"closed","ping_status":"open","sticky":false,"template":"","format":"standard","meta":{"footnotes":""},"categories":[154],"tags":[7],"class_list":{"0":"post-827","1":"post","2":"type-post","3":"status-publish","4":"format-standard","5":"has-post-thumbnail","7":"category-ciencia-y-tecnologia","8":"tag-el-diario-de-tucuman"},"yoast_head":"<!-- This site is optimized with the Yoast SEO plugin v27.5 - https:\/\/yoast.com\/product\/yoast-seo-wordpress\/ -->\n<title>Nueva Renault Duster Dakar: detalles que suman en una edici\u00f3n limitada - El Diario de Tucuman<\/title>\n<meta name=\"robots\" content=\"index, follow, max-snippet:-1, max-image-preview:large, max-video-preview:-1\" \/>\n<link rel=\"canonical\" href=\"https:\/\/www.eldiariodetucuman.com\/web\/nueva-renault-duster-dakar-detalles-que-suman-en-una-edicion-limitada\/\" \/>\n<meta property=\"og:locale\" content=\"es_ES\" \/>\n<meta property=\"og:type\" content=\"article\" \/>\n<meta property=\"og:title\" content=\"Nueva Renault Duster Dakar: detalles que suman en una edici\u00f3n limitada - El Diario de Tucuman\" \/>\n<meta property=\"og:description\" content=\"La marca lanz\u00f3 una serie especial de 200 unidades en ocasi\u00f3n de realizarse una nueva edici\u00f3n del rally. Se diferencia del resto por detalles est\u00e9ticos.\" \/>\n<meta property=\"og:url\" content=\"https:\/\/www.eldiariodetucuman.com\/web\/nueva-renault-duster-dakar-detalles-que-suman-en-una-edicion-limitada\/\" \/>\n<meta property=\"og:site_name\" content=\"El Diario de Tucuman\" \/>\n<meta property=\"article:published_time\" content=\"2015-12-04T14:31:18+00:00\" \/>\n<meta property=\"og:image\" content=\"https:\/\/www.eldiariodetucuman.com\/web\/wp-content\/uploads\/2015\/12\/Nueva_Renault_Duster_Dakar_1.jpg\" \/>\n\t<meta property=\"og:image:width\" content=\"642\" \/>\n\t<meta property=\"og:image:height\" content=\"366\" \/>\n\t<meta property=\"og:image:type\" content=\"image\/jpeg\" \/>\n<meta name=\"author\" content=\"El diario de Tucuman\" \/>\n<meta name=\"twitter:card\" content=\"summary_large_image\" \/>\n<meta name=\"twitter:label1\" content=\"Escrito por\" \/>\n\t<meta name=\"twitter:data1\" content=\"El diario de Tucuman\" \/>\n\t<meta name=\"twitter:label2\" content=\"Tiempo de lectura\" \/>\n\t<meta name=\"twitter:data2\" content=\"1 minuto\" \/>\n<script type=\"application\/ld+json\" class=\"yoast-schema-graph\">{\"@context\":\"https:\\\/\\\/schema.org\",\"@graph\":[{\"@type\":\"Article\",\"@id\":\"https:\\\/\\\/www.eldiariodetucuman.com\\\/web\\\/nueva-renault-duster-dakar-detalles-que-suman-en-una-edicion-limitada\\\/#article\",\"isPartOf\":{\"@id\":\"https:\\\/\\\/www.eldiariodetucuman.com\\\/web\\\/nueva-renault-duster-dakar-detalles-que-suman-en-una-edicion-limitada\\\/\"},\"author\":{\"name\":\"El diario de Tucuman\",\"@id\":\"https:\\\/\\\/www.eldiariodetucuman.com\\\/web\\\/#\\\/schema\\\/person\\\/3adbe300ecd6242af93c97dab1dc3ba1\"},\"headline\":\"Nueva Renault Duster Dakar: detalles que suman en una edici\u00f3n limitada\",\"datePublished\":\"2015-12-04T14:31:18+00:00\",\"mainEntityOfPage\":{\"@id\":\"https:\\\/\\\/www.eldiariodetucuman.com\\\/web\\\/nueva-renault-duster-dakar-detalles-que-suman-en-una-edicion-limitada\\\/\"},\"wordCount\":200,\"publisher\":{\"@id\":\"https:\\\/\\\/www.eldiariodetucuman.com\\\/web\\\/#organization\"},\"image\":{\"@id\":\"https:\\\/\\\/www.eldiariodetucuman.com\\\/web\\\/nueva-renault-duster-dakar-detalles-que-suman-en-una-edicion-limitada\\\/#primaryimage\"},\"thumbnailUrl\":\"https:\\\/\\\/www.eldiariodetucuman.com\\\/web\\\/wp-content\\\/uploads\\\/2015\\\/12\\\/Nueva_Renault_Duster_Dakar_1.jpg\",\"keywords\":[\"El Diario de Tucuman\"],\"articleSection\":[\"ciencia y tecnologia\"],\"inLanguage\":\"es\"},{\"@type\":\"WebPage\",\"@id\":\"https:\\\/\\\/www.eldiariodetucuman.com\\\/web\\\/nueva-renault-duster-dakar-detalles-que-suman-en-una-edicion-limitada\\\/\",\"url\":\"https:\\\/\\\/www.eldiariodetucuman.com\\\/web\\\/nueva-renault-duster-dakar-detalles-que-suman-en-una-edicion-limitada\\\/\",\"name\":\"Nueva Renault Duster Dakar: detalles que suman en una edici\u00f3n limitada - El Diario de Tucuman\",\"isPartOf\":{\"@id\":\"https:\\\/\\\/www.eldiariodetucuman.com\\\/web\\\/#website\"},\"primaryImageOfPage\":{\"@id\":\"https:\\\/\\\/www.eldiariodetucuman.com\\\/web\\\/nueva-renault-duster-dakar-detalles-que-suman-en-una-edicion-limitada\\\/#primaryimage\"},\"image\":{\"@id\":\"https:\\\/\\\/www.eldiariodetucuman.com\\\/web\\\/nueva-renault-duster-dakar-detalles-que-suman-en-una-edicion-limitada\\\/#primaryimage\"},\"thumbnailUrl\":\"https:\\\/\\\/www.eldiariodetucuman.com\\\/web\\\/wp-content\\\/uploads\\\/2015\\\/12\\\/Nueva_Renault_Duster_Dakar_1.jpg\",\"datePublished\":\"2015-12-04T14:31:18+00:00\",\"breadcrumb\":{\"@id\":\"https:\\\/\\\/www.eldiariodetucuman.com\\\/web\\\/nueva-renault-duster-dakar-detalles-que-suman-en-una-edicion-limitada\\\/#breadcrumb\"},\"inLanguage\":\"es\",\"potentialAction\":[{\"@type\":\"ReadAction\",\"target\":[\"https:\\\/\\\/www.eldiariodetucuman.com\\\/web\\\/nueva-renault-duster-dakar-detalles-que-suman-en-una-edicion-limitada\\\/\"]}]},{\"@type\":\"ImageObject\",\"inLanguage\":\"es\",\"@id\":\"https:\\\/\\\/www.eldiariodetucuman.com\\\/web\\\/nueva-renault-duster-dakar-detalles-que-suman-en-una-edicion-limitada\\\/#primaryimage\",\"url\":\"https:\\\/\\\/www.eldiariodetucuman.com\\\/web\\\/wp-content\\\/uploads\\\/2015\\\/12\\\/Nueva_Renault_Duster_Dakar_1.jpg\",\"contentUrl\":\"https:\\\/\\\/www.eldiariodetucuman.com\\\/web\\\/wp-content\\\/uploads\\\/2015\\\/12\\\/Nueva_Renault_Duster_Dakar_1.jpg\",\"width\":642,\"height\":366},{\"@type\":\"BreadcrumbList\",\"@id\":\"https:\\\/\\\/www.eldiariodetucuman.com\\\/web\\\/nueva-renault-duster-dakar-detalles-que-suman-en-una-edicion-limitada\\\/#breadcrumb\",\"itemListElement\":[{\"@type\":\"ListItem\",\"position\":1,\"name\":\"Portada\",\"item\":\"https:\\\/\\\/www.eldiariodetucuman.com\\\/web\\\/\"},{\"@type\":\"ListItem\",\"position\":2,\"name\":\"Nueva Renault Duster Dakar: detalles que suman en una edici\u00f3n limitada\"}]},{\"@type\":\"WebSite\",\"@id\":\"https:\\\/\\\/www.eldiariodetucuman.com\\\/web\\\/#website\",\"url\":\"https:\\\/\\\/www.eldiariodetucuman.com\\\/web\\\/\",\"name\":\"El Diario de Tucuman\",\"description\":\"Diario Tucuman - Informaci\u00f3n y noticias\",\"publisher\":{\"@id\":\"https:\\\/\\\/www.eldiariodetucuman.com\\\/web\\\/#organization\"},\"potentialAction\":[{\"@type\":\"SearchAction\",\"target\":{\"@type\":\"EntryPoint\",\"urlTemplate\":\"https:\\\/\\\/www.eldiariodetucuman.com\\\/web\\\/?s={search_term_string}\"},\"query-input\":{\"@type\":\"PropertyValueSpecification\",\"valueRequired\":true,\"valueName\":\"search_term_string\"}}],\"inLanguage\":\"es\"},{\"@type\":\"Organization\",\"@id\":\"https:\\\/\\\/www.eldiariodetucuman.com\\\/web\\\/#organization\",\"name\":\"El Diario de Tucuman\",\"url\":\"https:\\\/\\\/www.eldiariodetucuman.com\\\/web\\\/\",\"logo\":{\"@type\":\"ImageObject\",\"inLanguage\":\"es\",\"@id\":\"https:\\\/\\\/www.eldiariodetucuman.com\\\/web\\\/#\\\/schema\\\/logo\\\/image\\\/\",\"url\":\"http:\\\/\\\/www.eldiariodetucuman.com\\\/web\\\/wp-content\\\/uploads\\\/2017\\\/12\\\/el-diario-de-tucuman.jpg\",\"contentUrl\":\"http:\\\/\\\/www.eldiariodetucuman.com\\\/web\\\/wp-content\\\/uploads\\\/2017\\\/12\\\/el-diario-de-tucuman.jpg\",\"width\":272,\"height\":92,\"caption\":\"El Diario de Tucuman\"},\"image\":{\"@id\":\"https:\\\/\\\/www.eldiariodetucuman.com\\\/web\\\/#\\\/schema\\\/logo\\\/image\\\/\"}},{\"@type\":\"Person\",\"@id\":\"https:\\\/\\\/www.eldiariodetucuman.com\\\/web\\\/#\\\/schema\\\/person\\\/3adbe300ecd6242af93c97dab1dc3ba1\",\"name\":\"El diario de Tucuman\",\"image\":{\"@type\":\"ImageObject\",\"inLanguage\":\"es\",\"@id\":\"https:\\\/\\\/secure.gravatar.com\\\/avatar\\\/b7214de193b24d0bd708ac5516aa13d0f20c6560795bfbee06857d5c8ac2f0b2?s=96&d=mm&r=g\",\"url\":\"https:\\\/\\\/secure.gravatar.com\\\/avatar\\\/b7214de193b24d0bd708ac5516aa13d0f20c6560795bfbee06857d5c8ac2f0b2?s=96&d=mm&r=g\",\"contentUrl\":\"https:\\\/\\\/secure.gravatar.com\\\/avatar\\\/b7214de193b24d0bd708ac5516aa13d0f20c6560795bfbee06857d5c8ac2f0b2?s=96&d=mm&r=g\",\"caption\":\"El diario de Tucuman\"},\"url\":\"https:\\\/\\\/www.eldiariodetucuman.com\\\/web\\\/author\\\/mgiobellina\\\/\"}]}<\/script>\n<!-- \/ Yoast SEO plugin. -->","yoast_head_json":{"title":"Nueva Renault Duster Dakar: detalles que suman en una edici\u00f3n limitada - El Diario de Tucuman","robots":{"index":"index","follow":"follow","max-snippet":"max-snippet:-1","max-image-preview":"max-image-preview:large","max-video-preview":"max-video-preview:-1"},"canonical":"https:\/\/www.eldiariodetucuman.com\/web\/nueva-renault-duster-dakar-detalles-que-suman-en-una-edicion-limitada\/","og_locale":"es_ES","og_type":"article","og_title":"Nueva Renault Duster Dakar: detalles que suman en una edici\u00f3n limitada - El Diario de Tucuman","og_description":"La marca lanz\u00f3 una serie especial de 200 unidades en ocasi\u00f3n de realizarse una nueva edici\u00f3n del rally. Se diferencia del resto por detalles est\u00e9ticos.","og_url":"https:\/\/www.eldiariodetucuman.com\/web\/nueva-renault-duster-dakar-detalles-que-suman-en-una-edicion-limitada\/","og_site_name":"El Diario de Tucuman","article_published_time":"2015-12-04T14:31:18+00:00","og_image":[{"width":642,"height":366,"url":"https:\/\/www.eldiariodetucuman.com\/web\/wp-content\/uploads\/2015\/12\/Nueva_Renault_Duster_Dakar_1.jpg","type":"image\/jpeg"}],"author":"El diario de Tucuman","twitter_card":"summary_large_image","twitter_misc":{"Escrito por":"El diario de Tucuman","Tiempo de lectura":"1 minuto"},"schema":{"@context":"https:\/\/schema.org","@graph":[{"@type":"Article","@id":"https:\/\/www.eldiariodetucuman.com\/web\/nueva-renault-duster-dakar-detalles-que-suman-en-una-edicion-limitada\/#article","isPartOf":{"@id":"https:\/\/www.eldiariodetucuman.com\/web\/nueva-renault-duster-dakar-detalles-que-suman-en-una-edicion-limitada\/"},"author":{"name":"El diario de Tucuman","@id":"https:\/\/www.eldiariodetucuman.com\/web\/#\/schema\/person\/3adbe300ecd6242af93c97dab1dc3ba1"},"headline":"Nueva Renault Duster Dakar: detalles que suman en una edici\u00f3n limitada","datePublished":"2015-12-04T14:31:18+00:00","mainEntityOfPage":{"@id":"https:\/\/www.eldiariodetucuman.com\/web\/nueva-renault-duster-dakar-detalles-que-suman-en-una-edicion-limitada\/"},"wordCount":200,"publisher":{"@id":"https:\/\/www.eldiariodetucuman.com\/web\/#organization"},"image":{"@id":"https:\/\/www.eldiariodetucuman.com\/web\/nueva-renault-duster-dakar-detalles-que-suman-en-una-edicion-limitada\/#primaryimage"},"thumbnailUrl":"https:\/\/www.eldiariodetucuman.com\/web\/wp-content\/uploads\/2015\/12\/Nueva_Renault_Duster_Dakar_1.jpg","keywords":["El Diario de Tucuman"],"articleSection":["ciencia y tecnologia"],"inLanguage":"es"},{"@type":"WebPage","@id":"https:\/\/www.eldiariodetucuman.com\/web\/nueva-renault-duster-dakar-detalles-que-suman-en-una-edicion-limitada\/","url":"https:\/\/www.eldiariodetucuman.com\/web\/nueva-renault-duster-dakar-detalles-que-suman-en-una-edicion-limitada\/","name":"Nueva Renault Duster Dakar: detalles que suman en una edici\u00f3n limitada - El Diario de Tucuman","isPartOf":{"@id":"https:\/\/www.eldiariodetucuman.com\/web\/#website"},"primaryImageOfPage":{"@id":"https:\/\/www.eldiariodetucuman.com\/web\/nueva-renault-duster-dakar-detalles-que-suman-en-una-edicion-limitada\/#primaryimage"},"image":{"@id":"https:\/\/www.eldiariodetucuman.com\/web\/nueva-renault-duster-dakar-detalles-que-suman-en-una-edicion-limitada\/#primaryimage"},"thumbnailUrl":"https:\/\/www.eldiariodetucuman.com\/web\/wp-content\/uploads\/2015\/12\/Nueva_Renault_Duster_Dakar_1.jpg","datePublished":"2015-12-04T14:31:18+00:00","breadcrumb":{"@id":"https:\/\/www.eldiariodetucuman.com\/web\/nueva-renault-duster-dakar-detalles-que-suman-en-una-edicion-limitada\/#breadcrumb"},"inLanguage":"es","potentialAction":[{"@type":"ReadAction","target":["https:\/\/www.eldiariodetucuman.com\/web\/nueva-renault-duster-dakar-detalles-que-suman-en-una-edicion-limitada\/"]}]},{"@type":"ImageObject","inLanguage":"es","@id":"https:\/\/www.eldiariodetucuman.com\/web\/nueva-renault-duster-dakar-detalles-que-suman-en-una-edicion-limitada\/#primaryimage","url":"https:\/\/www.eldiariodetucuman.com\/web\/wp-content\/uploads\/2015\/12\/Nueva_Renault_Duster_Dakar_1.jpg","contentUrl":"https:\/\/www.eldiariodetucuman.com\/web\/wp-content\/uploads\/2015\/12\/Nueva_Renault_Duster_Dakar_1.jpg","width":642,"height":366},{"@type":"BreadcrumbList","@id":"https:\/\/www.eldiariodetucuman.com\/web\/nueva-renault-duster-dakar-detalles-que-suman-en-una-edicion-limitada\/#breadcrumb","itemListElement":[{"@type":"ListItem","position":1,"name":"Portada","item":"https:\/\/www.eldiariodetucuman.com\/web\/"},{"@type":"ListItem","position":2,"name":"Nueva Renault Duster Dakar: detalles que suman en una edici\u00f3n limitada"}]},{"@type":"WebSite","@id":"https:\/\/www.eldiariodetucuman.com\/web\/#website","url":"https:\/\/www.eldiariodetucuman.com\/web\/","name":"El Diario de Tucuman","description":"Diario Tucuman - Informaci\u00f3n y noticias","publisher":{"@id":"https:\/\/www.eldiariodetucuman.com\/web\/#organization"},"potentialAction":[{"@type":"SearchAction","target":{"@type":"EntryPoint","urlTemplate":"https:\/\/www.eldiariodetucuman.com\/web\/?s={search_term_string}"},"query-input":{"@type":"PropertyValueSpecification","valueRequired":true,"valueName":"search_term_string"}}],"inLanguage":"es"},{"@type":"Organization","@id":"https:\/\/www.eldiariodetucuman.com\/web\/#organization","name":"El Diario de Tucuman","url":"https:\/\/www.eldiariodetucuman.com\/web\/","logo":{"@type":"ImageObject","inLanguage":"es","@id":"https:\/\/www.eldiariodetucuman.com\/web\/#\/schema\/logo\/image\/","url":"http:\/\/www.eldiariodetucuman.com\/web\/wp-content\/uploads\/2017\/12\/el-diario-de-tucuman.jpg","contentUrl":"http:\/\/www.eldiariodetucuman.com\/web\/wp-content\/uploads\/2017\/12\/el-diario-de-tucuman.jpg","width":272,"height":92,"caption":"El Diario de Tucuman"},"image":{"@id":"https:\/\/www.eldiariodetucuman.com\/web\/#\/schema\/logo\/image\/"}},{"@type":"Person","@id":"https:\/\/www.eldiariodetucuman.com\/web\/#\/schema\/person\/3adbe300ecd6242af93c97dab1dc3ba1","name":"El diario de Tucuman","image":{"@type":"ImageObject","inLanguage":"es","@id":"https:\/\/secure.gravatar.com\/avatar\/b7214de193b24d0bd708ac5516aa13d0f20c6560795bfbee06857d5c8ac2f0b2?s=96&d=mm&r=g","url":"https:\/\/secure.gravatar.com\/avatar\/b7214de193b24d0bd708ac5516aa13d0f20c6560795bfbee06857d5c8ac2f0b2?s=96&d=mm&r=g","contentUrl":"https:\/\/secure.gravatar.com\/avatar\/b7214de193b24d0bd708ac5516aa13d0f20c6560795bfbee06857d5c8ac2f0b2?s=96&d=mm&r=g","caption":"El diario de Tucuman"},"url":"https:\/\/www.eldiariodetucuman.com\/web\/author\/mgiobellina\/"}]}},"_links":{"self":[{"href":"https:\/\/www.eldiariodetucuman.com\/web\/wp-json\/wp\/v2\/posts\/827","targetHints":{"allow":["GET"]}}],"collection":[{"href":"https:\/\/www.eldiariodetucuman.com\/web\/wp-json\/wp\/v2\/posts"}],"about":[{"href":"https:\/\/www.eldiariodetucuman.com\/web\/wp-json\/wp\/v2\/types\/post"}],"author":[{"embeddable":true,"href":"https:\/\/www.eldiariodetucuman.com\/web\/wp-json\/wp\/v2\/users\/3"}],"replies":[{"embeddable":true,"href":"https:\/\/www.eldiariodetucuman.com\/web\/wp-json\/wp\/v2\/comments?post=827"}],"version-history":[{"count":1,"href":"https:\/\/www.eldiariodetucuman.com\/web\/wp-json\/wp\/v2\/posts\/827\/revisions"}],"predecessor-version":[{"id":829,"href":"https:\/\/www.eldiariodetucuman.com\/web\/wp-json\/wp\/v2\/posts\/827\/revisions\/829"}],"wp:featuredmedia":[{"embeddable":true,"href":"https:\/\/www.eldiariodetucuman.com\/web\/wp-json\/wp\/v2\/media\/828"}],"wp:attachment":[{"href":"https:\/\/www.eldiariodetucuman.com\/web\/wp-json\/wp\/v2\/media?parent=827"}],"wp:term":[{"taxonomy":"category","embeddable":true,"href":"https:\/\/www.eldiariodetucuman.com\/web\/wp-json\/wp\/v2\/categories?post=827"},{"taxonomy":"post_tag","embeddable":true,"href":"https:\/\/www.eldiariodetucuman.com\/web\/wp-json\/wp\/v2\/tags?post=827"}],"curies":[{"name":"wp","href":"https:\/\/api.w.org\/{rel}","templated":true}]}}