{"id":821,"date":"2015-12-04T14:25:10","date_gmt":"2015-12-04T14:25:10","guid":{"rendered":"http:\/\/www.eldiariodetucuman.com\/web\/?p=821"},"modified":"2015-12-04T14:25:10","modified_gmt":"2015-12-04T14:25:10","slug":"se-lo-que-haran-el-verano-que-viene-todo-lo-que-hay-que-saber-sobre-cosquin-rock-2016","status":"publish","type":"post","link":"https:\/\/www.eldiariodetucuman.com\/web\/se-lo-que-haran-el-verano-que-viene-todo-lo-que-hay-que-saber-sobre-cosquin-rock-2016\/","title":{"rendered":"S\u00e9 lo que har\u00e1n el verano que viene: todo lo que hay que saber sobre Cosqu\u00edn Rock 2016"},"content":{"rendered":"<p>El a\u00f1o pasado, el de la edici\u00f3n 15, Cosqu\u00edn Rock tuvo que suspender una noche por primera vez en su historia. El predio de Santa Mar\u00eda de Punilla estaba bien, pero las Sierras Chicas hab\u00edan sido castigadas por la peor inundaci\u00f3n de su historia.<!--more-->[yframe url=&#8217;http:\/\/www.youtube.com\/watch?v=zoIs8COqYuk&#8217;]<\/p>\n<p>Jos\u00e9 Palazzo le dijo a uno de Los Gardelitos: \u201cAc\u00e1 no hay estrellas de rock, as\u00ed que agarr\u00e1 el trapo y sec\u00e1\u201d. Y eso hizo, hasta que le dijeron que era una broma.<\/p>\n<p>De todos modos, la an\u00e9cdota que el empresario utiliz\u00f3 en la presentaci\u00f3n en Buenos Aires de la edici\u00f3n 2016 viene a cuento: en el mayor y m\u00e1s antiguo festival de rock de la Argentina hay menos estrellas y m\u00e1s rock.<\/p>\n<p>Al mediod\u00eda se conoci\u00f3 la grilla por VOS y Vorterix, con pocas sorpresas pero una programaci\u00f3n s\u00f3lida en lo popular y varias novedades que trabajan otra vez sobre la hip\u00f3tesis de que el p\u00fablico quiere vivir la experiencia del festival m\u00e1s que ver a tal o cual n\u00famero en escena.<\/p>\n<p>Cosqu\u00edn Rock, la grilla completa<br \/>\nHay escenarios tem\u00e1ticos; hay shows paralelos; habr\u00e1 teatro, con caras conocidas o nuevas apuestas en lugares originales; hay bandas de C\u00f3rdoba y de todo el pa\u00eds, mas unos pocos de afuera, como The Wailers&#8230; que tocar\u00e1 en el ocaso del Bob Marley Day, al igual que Los Pericos.<\/p>\n<p>Tambi\u00e9n se estrenar\u00e1 la pel\u00edcula de Cosqu\u00edn Rock, que Francisco Mostaza est\u00e1 trabajando a pulm\u00f3n desde hace dos a\u00f1os y que en agosto tiene previsto llevarla de gira por festivales (de cine), para luego estrenarla en las salas de todo el pa\u00eds.<\/p>\n<p>Los que s\u00ed<br \/>\n\u201cSi pusi\u00e9ramos a todos los artistas que hay, Cosqu\u00edn Rock tendr\u00eda que durar 15 d\u00edas\u201d, dijo Palazzo al comenzar la conferencia. Y se encarg\u00f3 de esquivar preguntas por ausentes o grillas a veces criticadas por repetitivas.<\/p>\n<p>Tambi\u00e9n se refiri\u00f3 a los ya olvidados rumores que daban cuenta de que por las fechas de los Rolling Stones en la Argentina se modificar\u00eda su festival. \u201cEn la segunda noche de Cosqu\u00edn Rock va a tocar Las Pastillas del Abuelo\u201d, dijo, quienes afrontar\u00e1n un d\u00eda en el que los ojos y los o\u00eddos del rock estar\u00e1n en otra sinton\u00eda.<\/p>\n<p>Ciro, un emblema de Cosqu\u00edn Rock, pidi\u00f3 no estar al cierre y se quedar\u00e1 con la apertura. La clausura ser\u00e1 para los popular\u00edsimos No Te Va Gustar, que regresan tras cinco a\u00f1os de ausencia en Cosqu\u00edn.<\/p>\n<p>Los olvidados<br \/>\nEl nuevo logo de Cosqu\u00edn Rock es del viejo genio de Rocambole, otra vez. De la mano en diferentes posiciones que fue imagen cl\u00e1sica del festival cordob\u00e9s pas\u00f3 a otra totalmente diferente.<\/p>\n<p>Y hay una explicaci\u00f3n clara: Palazzo record\u00f3 la primera vez que la Negra Poly los puso en contacto, y agreg\u00f3 que el a\u00f1o pasado les dijo que quer\u00eda poner en los logos a los que nunca aparec\u00edan. \u201cEl a\u00f1o pasado fueron los cantantes, con la mano y el micr\u00f3fono. Ahora es para el gran olvidado del rock nacional\u2026 el baterista\u201d.<\/p>\n<p>Esta edici\u00f3n de Cosqu\u00edn Rock no contar\u00e1 con Fuerza Bruta, pero los Catupecu Machu tendr\u00e1n su Madera Microchip en formato teatro, los tres d\u00edas de festival, en un hangar especial con variada propuesta. All\u00ed se estrenar\u00e1 la pel\u00edcula, se emitir\u00e1 un rockumental, actuar\u00e1 Fabio Posca o vendr\u00e1 Hern\u00e1n Casciari con Zambayonny en un espect\u00e1culo nuevo y superador.<\/p>\n<p>\u201cToda la oferta de esparcimiento como ten\u00edamos antes va a estar repartida por el predio\u201d, agreg\u00f3.<\/p>\n<p>Palazzo tambi\u00e9n puso especial \u00e9nfasis en la realizaci\u00f3n de eventos como la Bizarren Musik Party, la fiesta de la m\u00fasica uruguaya que animar\u00e1 la murga Agarrate Catalina para el 8 de febrero, o la que armar\u00e1 La Bomba del Tiempo.<\/p>\n<p>Cambiaron los modos de consumo en 15 a\u00f1os y frente a la edici\u00f3n 16 hay nuevos desaf\u00edos. Uno de los cambios m\u00e1s notables es que en las \u00faltimas tres ediciones m\u00e1s de la mitad del p\u00fablico ingresa de d\u00eda, antes de las 20. \u201cEso nos obliga a trabajar art\u00edsticamente cada momento\u201d, dijeron desde la producci\u00f3n.<\/p>\n<p>En el evento de presentaci\u00f3n estuvieron varios artistas y managers que de un modo u otro forman parte del pasado y del futuro del Cosqu\u00edn Rock.<\/p>\n<p>Hasta ahora los tickets se ofrec\u00edan por el sistema de preventa exclusiva. Desde este viernes, en www.edenentradas.com.ar se ponen en venta para el p\u00fablico en general los abonos y las entradas para las tres noches.<\/p>\n<p>Fuente:http:\/\/vos.lavoz.com.ar\/musica\/se-lo-que-haran-el-verano-que-viene-todo-lo-que-hay-que-saber-sobre-cosquin-rock-2016?cx_level=en_redes<\/p>\n","protected":false},"excerpt":{"rendered":"<p>El a\u00f1o pasado, el de la edici\u00f3n 15, Cosqu\u00edn Rock tuvo que suspender una noche por primera vez en su historia. El predio de Santa Mar\u00eda de Punilla estaba bien, pero las Sierras Chicas hab\u00edan sido castigadas por la peor inundaci\u00f3n de su historia.<\/p>\n","protected":false},"author":3,"featured_media":822,"comment_status":"closed","ping_status":"open","sticky":false,"template":"","format":"standard","meta":{"footnotes":""},"categories":[5],"tags":[190,7,61],"class_list":{"0":"post-821","1":"post","2":"type-post","3":"status-publish","4":"format-standard","5":"has-post-thumbnail","7":"category-cultura","8":"tag-cosquin-rock-2016","9":"tag-el-diario-de-tucuman","10":"tag-tucuman"},"yoast_head":"<!-- This site is optimized with the Yoast SEO plugin v27.5 - https:\/\/yoast.com\/product\/yoast-seo-wordpress\/ -->\n<title>S\u00e9 lo que har\u00e1n el verano que viene: todo lo que hay que saber sobre Cosqu\u00edn Rock 2016 - El Diario de Tucuman<\/title>\n<meta name=\"robots\" content=\"index, follow, max-snippet:-1, max-image-preview:large, max-video-preview:-1\" \/>\n<link rel=\"canonical\" href=\"https:\/\/www.eldiariodetucuman.com\/web\/se-lo-que-haran-el-verano-que-viene-todo-lo-que-hay-que-saber-sobre-cosquin-rock-2016\/\" \/>\n<meta property=\"og:locale\" content=\"es_ES\" \/>\n<meta property=\"og:type\" content=\"article\" \/>\n<meta property=\"og:title\" content=\"S\u00e9 lo que har\u00e1n el verano que viene: todo lo que hay que saber sobre Cosqu\u00edn Rock 2016 - El Diario de Tucuman\" \/>\n<meta property=\"og:description\" content=\"El a\u00f1o pasado, el de la edici\u00f3n 15, Cosqu\u00edn Rock tuvo que suspender una noche por primera vez en su historia. El predio de Santa Mar\u00eda de Punilla estaba bien, pero las Sierras Chicas hab\u00edan sido castigadas por la peor inundaci\u00f3n de su historia.\" \/>\n<meta property=\"og:url\" content=\"https:\/\/www.eldiariodetucuman.com\/web\/se-lo-que-haran-el-verano-que-viene-todo-lo-que-hay-que-saber-sobre-cosquin-rock-2016\/\" \/>\n<meta property=\"og:site_name\" content=\"El Diario de Tucuman\" \/>\n<meta property=\"article:published_time\" content=\"2015-12-04T14:25:10+00:00\" \/>\n<meta property=\"og:image\" content=\"https:\/\/www.eldiariodetucuman.com\/web\/wp-content\/uploads\/2015\/12\/ciro-persas_0.jpg\" \/>\n\t<meta property=\"og:image:width\" content=\"642\" \/>\n\t<meta property=\"og:image:height\" content=\"366\" \/>\n\t<meta property=\"og:image:type\" content=\"image\/jpeg\" \/>\n<meta name=\"author\" content=\"El diario de Tucuman\" \/>\n<meta name=\"twitter:card\" content=\"summary_large_image\" \/>\n<meta name=\"twitter:label1\" content=\"Escrito por\" \/>\n\t<meta name=\"twitter:data1\" content=\"El diario de Tucuman\" \/>\n\t<meta name=\"twitter:label2\" content=\"Tiempo de lectura\" \/>\n\t<meta name=\"twitter:data2\" content=\"4 minutos\" \/>\n<script type=\"application\/ld+json\" class=\"yoast-schema-graph\">{\"@context\":\"https:\\\/\\\/schema.org\",\"@graph\":[{\"@type\":\"Article\",\"@id\":\"https:\\\/\\\/www.eldiariodetucuman.com\\\/web\\\/se-lo-que-haran-el-verano-que-viene-todo-lo-que-hay-que-saber-sobre-cosquin-rock-2016\\\/#article\",\"isPartOf\":{\"@id\":\"https:\\\/\\\/www.eldiariodetucuman.com\\\/web\\\/se-lo-que-haran-el-verano-que-viene-todo-lo-que-hay-que-saber-sobre-cosquin-rock-2016\\\/\"},\"author\":{\"name\":\"El diario de Tucuman\",\"@id\":\"https:\\\/\\\/www.eldiariodetucuman.com\\\/web\\\/#\\\/schema\\\/person\\\/3adbe300ecd6242af93c97dab1dc3ba1\"},\"headline\":\"S\u00e9 lo que har\u00e1n el verano que viene: todo lo que hay que saber sobre Cosqu\u00edn Rock 2016\",\"datePublished\":\"2015-12-04T14:25:10+00:00\",\"mainEntityOfPage\":{\"@id\":\"https:\\\/\\\/www.eldiariodetucuman.com\\\/web\\\/se-lo-que-haran-el-verano-que-viene-todo-lo-que-hay-que-saber-sobre-cosquin-rock-2016\\\/\"},\"wordCount\":834,\"publisher\":{\"@id\":\"https:\\\/\\\/www.eldiariodetucuman.com\\\/web\\\/#organization\"},\"image\":{\"@id\":\"https:\\\/\\\/www.eldiariodetucuman.com\\\/web\\\/se-lo-que-haran-el-verano-que-viene-todo-lo-que-hay-que-saber-sobre-cosquin-rock-2016\\\/#primaryimage\"},\"thumbnailUrl\":\"https:\\\/\\\/www.eldiariodetucuman.com\\\/web\\\/wp-content\\\/uploads\\\/2015\\\/12\\\/ciro-persas_0.jpg\",\"keywords\":[\"cosquin rock 2016\",\"El Diario de Tucuman\",\"Tucuman\"],\"articleSection\":[\"Cultura\"],\"inLanguage\":\"es\"},{\"@type\":\"WebPage\",\"@id\":\"https:\\\/\\\/www.eldiariodetucuman.com\\\/web\\\/se-lo-que-haran-el-verano-que-viene-todo-lo-que-hay-que-saber-sobre-cosquin-rock-2016\\\/\",\"url\":\"https:\\\/\\\/www.eldiariodetucuman.com\\\/web\\\/se-lo-que-haran-el-verano-que-viene-todo-lo-que-hay-que-saber-sobre-cosquin-rock-2016\\\/\",\"name\":\"S\u00e9 lo que har\u00e1n el verano que viene: todo lo que hay que saber sobre Cosqu\u00edn Rock 2016 - El Diario de Tucuman\",\"isPartOf\":{\"@id\":\"https:\\\/\\\/www.eldiariodetucuman.com\\\/web\\\/#website\"},\"primaryImageOfPage\":{\"@id\":\"https:\\\/\\\/www.eldiariodetucuman.com\\\/web\\\/se-lo-que-haran-el-verano-que-viene-todo-lo-que-hay-que-saber-sobre-cosquin-rock-2016\\\/#primaryimage\"},\"image\":{\"@id\":\"https:\\\/\\\/www.eldiariodetucuman.com\\\/web\\\/se-lo-que-haran-el-verano-que-viene-todo-lo-que-hay-que-saber-sobre-cosquin-rock-2016\\\/#primaryimage\"},\"thumbnailUrl\":\"https:\\\/\\\/www.eldiariodetucuman.com\\\/web\\\/wp-content\\\/uploads\\\/2015\\\/12\\\/ciro-persas_0.jpg\",\"datePublished\":\"2015-12-04T14:25:10+00:00\",\"breadcrumb\":{\"@id\":\"https:\\\/\\\/www.eldiariodetucuman.com\\\/web\\\/se-lo-que-haran-el-verano-que-viene-todo-lo-que-hay-que-saber-sobre-cosquin-rock-2016\\\/#breadcrumb\"},\"inLanguage\":\"es\",\"potentialAction\":[{\"@type\":\"ReadAction\",\"target\":[\"https:\\\/\\\/www.eldiariodetucuman.com\\\/web\\\/se-lo-que-haran-el-verano-que-viene-todo-lo-que-hay-que-saber-sobre-cosquin-rock-2016\\\/\"]}]},{\"@type\":\"ImageObject\",\"inLanguage\":\"es\",\"@id\":\"https:\\\/\\\/www.eldiariodetucuman.com\\\/web\\\/se-lo-que-haran-el-verano-que-viene-todo-lo-que-hay-que-saber-sobre-cosquin-rock-2016\\\/#primaryimage\",\"url\":\"https:\\\/\\\/www.eldiariodetucuman.com\\\/web\\\/wp-content\\\/uploads\\\/2015\\\/12\\\/ciro-persas_0.jpg\",\"contentUrl\":\"https:\\\/\\\/www.eldiariodetucuman.com\\\/web\\\/wp-content\\\/uploads\\\/2015\\\/12\\\/ciro-persas_0.jpg\",\"width\":642,\"height\":366},{\"@type\":\"BreadcrumbList\",\"@id\":\"https:\\\/\\\/www.eldiariodetucuman.com\\\/web\\\/se-lo-que-haran-el-verano-que-viene-todo-lo-que-hay-que-saber-sobre-cosquin-rock-2016\\\/#breadcrumb\",\"itemListElement\":[{\"@type\":\"ListItem\",\"position\":1,\"name\":\"Portada\",\"item\":\"https:\\\/\\\/www.eldiariodetucuman.com\\\/web\\\/\"},{\"@type\":\"ListItem\",\"position\":2,\"name\":\"S\u00e9 lo que har\u00e1n el verano que viene: todo lo que hay que saber sobre Cosqu\u00edn Rock 2016\"}]},{\"@type\":\"WebSite\",\"@id\":\"https:\\\/\\\/www.eldiariodetucuman.com\\\/web\\\/#website\",\"url\":\"https:\\\/\\\/www.eldiariodetucuman.com\\\/web\\\/\",\"name\":\"El Diario de Tucuman\",\"description\":\"Diario Tucuman - Informaci\u00f3n y noticias\",\"publisher\":{\"@id\":\"https:\\\/\\\/www.eldiariodetucuman.com\\\/web\\\/#organization\"},\"potentialAction\":[{\"@type\":\"SearchAction\",\"target\":{\"@type\":\"EntryPoint\",\"urlTemplate\":\"https:\\\/\\\/www.eldiariodetucuman.com\\\/web\\\/?s={search_term_string}\"},\"query-input\":{\"@type\":\"PropertyValueSpecification\",\"valueRequired\":true,\"valueName\":\"search_term_string\"}}],\"inLanguage\":\"es\"},{\"@type\":\"Organization\",\"@id\":\"https:\\\/\\\/www.eldiariodetucuman.com\\\/web\\\/#organization\",\"name\":\"El Diario de Tucuman\",\"url\":\"https:\\\/\\\/www.eldiariodetucuman.com\\\/web\\\/\",\"logo\":{\"@type\":\"ImageObject\",\"inLanguage\":\"es\",\"@id\":\"https:\\\/\\\/www.eldiariodetucuman.com\\\/web\\\/#\\\/schema\\\/logo\\\/image\\\/\",\"url\":\"http:\\\/\\\/www.eldiariodetucuman.com\\\/web\\\/wp-content\\\/uploads\\\/2017\\\/12\\\/el-diario-de-tucuman.jpg\",\"contentUrl\":\"http:\\\/\\\/www.eldiariodetucuman.com\\\/web\\\/wp-content\\\/uploads\\\/2017\\\/12\\\/el-diario-de-tucuman.jpg\",\"width\":272,\"height\":92,\"caption\":\"El Diario de Tucuman\"},\"image\":{\"@id\":\"https:\\\/\\\/www.eldiariodetucuman.com\\\/web\\\/#\\\/schema\\\/logo\\\/image\\\/\"}},{\"@type\":\"Person\",\"@id\":\"https:\\\/\\\/www.eldiariodetucuman.com\\\/web\\\/#\\\/schema\\\/person\\\/3adbe300ecd6242af93c97dab1dc3ba1\",\"name\":\"El diario de Tucuman\",\"image\":{\"@type\":\"ImageObject\",\"inLanguage\":\"es\",\"@id\":\"https:\\\/\\\/secure.gravatar.com\\\/avatar\\\/b7214de193b24d0bd708ac5516aa13d0f20c6560795bfbee06857d5c8ac2f0b2?s=96&d=mm&r=g\",\"url\":\"https:\\\/\\\/secure.gravatar.com\\\/avatar\\\/b7214de193b24d0bd708ac5516aa13d0f20c6560795bfbee06857d5c8ac2f0b2?s=96&d=mm&r=g\",\"contentUrl\":\"https:\\\/\\\/secure.gravatar.com\\\/avatar\\\/b7214de193b24d0bd708ac5516aa13d0f20c6560795bfbee06857d5c8ac2f0b2?s=96&d=mm&r=g\",\"caption\":\"El diario de Tucuman\"},\"url\":\"https:\\\/\\\/www.eldiariodetucuman.com\\\/web\\\/author\\\/mgiobellina\\\/\"}]}<\/script>\n<!-- \/ Yoast SEO plugin. -->","yoast_head_json":{"title":"S\u00e9 lo que har\u00e1n el verano que viene: todo lo que hay que saber sobre Cosqu\u00edn Rock 2016 - El Diario de Tucuman","robots":{"index":"index","follow":"follow","max-snippet":"max-snippet:-1","max-image-preview":"max-image-preview:large","max-video-preview":"max-video-preview:-1"},"canonical":"https:\/\/www.eldiariodetucuman.com\/web\/se-lo-que-haran-el-verano-que-viene-todo-lo-que-hay-que-saber-sobre-cosquin-rock-2016\/","og_locale":"es_ES","og_type":"article","og_title":"S\u00e9 lo que har\u00e1n el verano que viene: todo lo que hay que saber sobre Cosqu\u00edn Rock 2016 - El Diario de Tucuman","og_description":"El a\u00f1o pasado, el de la edici\u00f3n 15, Cosqu\u00edn Rock tuvo que suspender una noche por primera vez en su historia. El predio de Santa Mar\u00eda de Punilla estaba bien, pero las Sierras Chicas hab\u00edan sido castigadas por la peor inundaci\u00f3n de su historia.","og_url":"https:\/\/www.eldiariodetucuman.com\/web\/se-lo-que-haran-el-verano-que-viene-todo-lo-que-hay-que-saber-sobre-cosquin-rock-2016\/","og_site_name":"El Diario de Tucuman","article_published_time":"2015-12-04T14:25:10+00:00","og_image":[{"width":642,"height":366,"url":"https:\/\/www.eldiariodetucuman.com\/web\/wp-content\/uploads\/2015\/12\/ciro-persas_0.jpg","type":"image\/jpeg"}],"author":"El diario de Tucuman","twitter_card":"summary_large_image","twitter_misc":{"Escrito por":"El diario de Tucuman","Tiempo de lectura":"4 minutos"},"schema":{"@context":"https:\/\/schema.org","@graph":[{"@type":"Article","@id":"https:\/\/www.eldiariodetucuman.com\/web\/se-lo-que-haran-el-verano-que-viene-todo-lo-que-hay-que-saber-sobre-cosquin-rock-2016\/#article","isPartOf":{"@id":"https:\/\/www.eldiariodetucuman.com\/web\/se-lo-que-haran-el-verano-que-viene-todo-lo-que-hay-que-saber-sobre-cosquin-rock-2016\/"},"author":{"name":"El diario de Tucuman","@id":"https:\/\/www.eldiariodetucuman.com\/web\/#\/schema\/person\/3adbe300ecd6242af93c97dab1dc3ba1"},"headline":"S\u00e9 lo que har\u00e1n el verano que viene: todo lo que hay que saber sobre Cosqu\u00edn Rock 2016","datePublished":"2015-12-04T14:25:10+00:00","mainEntityOfPage":{"@id":"https:\/\/www.eldiariodetucuman.com\/web\/se-lo-que-haran-el-verano-que-viene-todo-lo-que-hay-que-saber-sobre-cosquin-rock-2016\/"},"wordCount":834,"publisher":{"@id":"https:\/\/www.eldiariodetucuman.com\/web\/#organization"},"image":{"@id":"https:\/\/www.eldiariodetucuman.com\/web\/se-lo-que-haran-el-verano-que-viene-todo-lo-que-hay-que-saber-sobre-cosquin-rock-2016\/#primaryimage"},"thumbnailUrl":"https:\/\/www.eldiariodetucuman.com\/web\/wp-content\/uploads\/2015\/12\/ciro-persas_0.jpg","keywords":["cosquin rock 2016","El Diario de Tucuman","Tucuman"],"articleSection":["Cultura"],"inLanguage":"es"},{"@type":"WebPage","@id":"https:\/\/www.eldiariodetucuman.com\/web\/se-lo-que-haran-el-verano-que-viene-todo-lo-que-hay-que-saber-sobre-cosquin-rock-2016\/","url":"https:\/\/www.eldiariodetucuman.com\/web\/se-lo-que-haran-el-verano-que-viene-todo-lo-que-hay-que-saber-sobre-cosquin-rock-2016\/","name":"S\u00e9 lo que har\u00e1n el verano que viene: todo lo que hay que saber sobre Cosqu\u00edn Rock 2016 - El Diario de Tucuman","isPartOf":{"@id":"https:\/\/www.eldiariodetucuman.com\/web\/#website"},"primaryImageOfPage":{"@id":"https:\/\/www.eldiariodetucuman.com\/web\/se-lo-que-haran-el-verano-que-viene-todo-lo-que-hay-que-saber-sobre-cosquin-rock-2016\/#primaryimage"},"image":{"@id":"https:\/\/www.eldiariodetucuman.com\/web\/se-lo-que-haran-el-verano-que-viene-todo-lo-que-hay-que-saber-sobre-cosquin-rock-2016\/#primaryimage"},"thumbnailUrl":"https:\/\/www.eldiariodetucuman.com\/web\/wp-content\/uploads\/2015\/12\/ciro-persas_0.jpg","datePublished":"2015-12-04T14:25:10+00:00","breadcrumb":{"@id":"https:\/\/www.eldiariodetucuman.com\/web\/se-lo-que-haran-el-verano-que-viene-todo-lo-que-hay-que-saber-sobre-cosquin-rock-2016\/#breadcrumb"},"inLanguage":"es","potentialAction":[{"@type":"ReadAction","target":["https:\/\/www.eldiariodetucuman.com\/web\/se-lo-que-haran-el-verano-que-viene-todo-lo-que-hay-que-saber-sobre-cosquin-rock-2016\/"]}]},{"@type":"ImageObject","inLanguage":"es","@id":"https:\/\/www.eldiariodetucuman.com\/web\/se-lo-que-haran-el-verano-que-viene-todo-lo-que-hay-que-saber-sobre-cosquin-rock-2016\/#primaryimage","url":"https:\/\/www.eldiariodetucuman.com\/web\/wp-content\/uploads\/2015\/12\/ciro-persas_0.jpg","contentUrl":"https:\/\/www.eldiariodetucuman.com\/web\/wp-content\/uploads\/2015\/12\/ciro-persas_0.jpg","width":642,"height":366},{"@type":"BreadcrumbList","@id":"https:\/\/www.eldiariodetucuman.com\/web\/se-lo-que-haran-el-verano-que-viene-todo-lo-que-hay-que-saber-sobre-cosquin-rock-2016\/#breadcrumb","itemListElement":[{"@type":"ListItem","position":1,"name":"Portada","item":"https:\/\/www.eldiariodetucuman.com\/web\/"},{"@type":"ListItem","position":2,"name":"S\u00e9 lo que har\u00e1n el verano que viene: todo lo que hay que saber sobre Cosqu\u00edn Rock 2016"}]},{"@type":"WebSite","@id":"https:\/\/www.eldiariodetucuman.com\/web\/#website","url":"https:\/\/www.eldiariodetucuman.com\/web\/","name":"El Diario de Tucuman","description":"Diario Tucuman - Informaci\u00f3n y noticias","publisher":{"@id":"https:\/\/www.eldiariodetucuman.com\/web\/#organization"},"potentialAction":[{"@type":"SearchAction","target":{"@type":"EntryPoint","urlTemplate":"https:\/\/www.eldiariodetucuman.com\/web\/?s={search_term_string}"},"query-input":{"@type":"PropertyValueSpecification","valueRequired":true,"valueName":"search_term_string"}}],"inLanguage":"es"},{"@type":"Organization","@id":"https:\/\/www.eldiariodetucuman.com\/web\/#organization","name":"El Diario de Tucuman","url":"https:\/\/www.eldiariodetucuman.com\/web\/","logo":{"@type":"ImageObject","inLanguage":"es","@id":"https:\/\/www.eldiariodetucuman.com\/web\/#\/schema\/logo\/image\/","url":"http:\/\/www.eldiariodetucuman.com\/web\/wp-content\/uploads\/2017\/12\/el-diario-de-tucuman.jpg","contentUrl":"http:\/\/www.eldiariodetucuman.com\/web\/wp-content\/uploads\/2017\/12\/el-diario-de-tucuman.jpg","width":272,"height":92,"caption":"El Diario de Tucuman"},"image":{"@id":"https:\/\/www.eldiariodetucuman.com\/web\/#\/schema\/logo\/image\/"}},{"@type":"Person","@id":"https:\/\/www.eldiariodetucuman.com\/web\/#\/schema\/person\/3adbe300ecd6242af93c97dab1dc3ba1","name":"El diario de Tucuman","image":{"@type":"ImageObject","inLanguage":"es","@id":"https:\/\/secure.gravatar.com\/avatar\/b7214de193b24d0bd708ac5516aa13d0f20c6560795bfbee06857d5c8ac2f0b2?s=96&d=mm&r=g","url":"https:\/\/secure.gravatar.com\/avatar\/b7214de193b24d0bd708ac5516aa13d0f20c6560795bfbee06857d5c8ac2f0b2?s=96&d=mm&r=g","contentUrl":"https:\/\/secure.gravatar.com\/avatar\/b7214de193b24d0bd708ac5516aa13d0f20c6560795bfbee06857d5c8ac2f0b2?s=96&d=mm&r=g","caption":"El diario de Tucuman"},"url":"https:\/\/www.eldiariodetucuman.com\/web\/author\/mgiobellina\/"}]}},"_links":{"self":[{"href":"https:\/\/www.eldiariodetucuman.com\/web\/wp-json\/wp\/v2\/posts\/821","targetHints":{"allow":["GET"]}}],"collection":[{"href":"https:\/\/www.eldiariodetucuman.com\/web\/wp-json\/wp\/v2\/posts"}],"about":[{"href":"https:\/\/www.eldiariodetucuman.com\/web\/wp-json\/wp\/v2\/types\/post"}],"author":[{"embeddable":true,"href":"https:\/\/www.eldiariodetucuman.com\/web\/wp-json\/wp\/v2\/users\/3"}],"replies":[{"embeddable":true,"href":"https:\/\/www.eldiariodetucuman.com\/web\/wp-json\/wp\/v2\/comments?post=821"}],"version-history":[{"count":1,"href":"https:\/\/www.eldiariodetucuman.com\/web\/wp-json\/wp\/v2\/posts\/821\/revisions"}],"predecessor-version":[{"id":823,"href":"https:\/\/www.eldiariodetucuman.com\/web\/wp-json\/wp\/v2\/posts\/821\/revisions\/823"}],"wp:featuredmedia":[{"embeddable":true,"href":"https:\/\/www.eldiariodetucuman.com\/web\/wp-json\/wp\/v2\/media\/822"}],"wp:attachment":[{"href":"https:\/\/www.eldiariodetucuman.com\/web\/wp-json\/wp\/v2\/media?parent=821"}],"wp:term":[{"taxonomy":"category","embeddable":true,"href":"https:\/\/www.eldiariodetucuman.com\/web\/wp-json\/wp\/v2\/categories?post=821"},{"taxonomy":"post_tag","embeddable":true,"href":"https:\/\/www.eldiariodetucuman.com\/web\/wp-json\/wp\/v2\/tags?post=821"}],"curies":[{"name":"wp","href":"https:\/\/api.w.org\/{rel}","templated":true}]}}