{"id":808,"date":"2015-12-04T14:06:28","date_gmt":"2015-12-04T14:06:28","guid":{"rendered":"http:\/\/www.eldiariodetucuman.com\/web\/?p=808"},"modified":"2015-12-04T14:08:19","modified_gmt":"2015-12-04T14:08:19","slug":"en-plena-gira-murio-scott-weiland-ex-cantante-de-los-stone-temple-pilots","status":"publish","type":"post","link":"https:\/\/www.eldiariodetucuman.com\/web\/en-plena-gira-murio-scott-weiland-ex-cantante-de-los-stone-temple-pilots\/","title":{"rendered":"En plena gira, muri\u00f3 Scott Weiland, ex cantante de los Stone Temple Pilots"},"content":{"rendered":"<p>El cantante norteamericano Scott Weiland, ex vocalista de las bandas Stone Temple Pilots y Velvet Revolver, muri\u00f3 esta madrugada en Minnesota, donde se encontraba de gira con su actual grupo, informaron allegados al cantante a trav\u00e9s de la cuenta oficial del m\u00fasico en la red Instragram.<!--more--><\/p>\n<p>De acuerdo al breve comunicado, Weiland fue encontrado muerto en el micro de gira de su actual banda The Wildabouts en Bloomington, pero no dieron a conocer las causas de su deceso. El representante del cantante, Tom Vitorino, confirm\u00f3 el deceso el jueves por la noche a The Associated Press. Vittorino dijo haber sabido de la muerte de Weiland por su director de gira, pero no dio m\u00e1s detalles.<\/p>\n<p>Relacionada: La noche en que Weiland cant\u00f3 en C\u00f3rdoba<br \/>\nEl cantante, de 48 a\u00f1os, Weiland naci\u00f3 el 27 de octubre de 1967 en Santa Cruz (California) y fund\u00f3 a finales de los a\u00f1os 80 con los hermanos DeLeo y Eric Kretz el grupo Mighty Joe Young, que luego dar\u00eda lugar a la banda de rock Stone Temple Pilots. Con \u00e1lbumes como Core (1992) o Purple (1994), Stone Temple Pilots alcanz\u00f3 un gran \u00e9xito de ventas con su sonido a caballo entre el hard-rock y el grunge.<\/p>\n<p>Tras varias desavenencias y parones a lo largo de su trayectoria, finalmente el grupo californiano despidi\u00f3 a su cantante en febrero de 2013. En tanto entre 2003 y 2008, junto al violero Slash (ex Guns N&#8217;Roses), fue vocalista del grupo Velvet Revolver, con el cual grab\u00f3 dos \u00e1lbumes, Libertad y Contraband.<\/p>\n<p>Con una vida complicada por consumo de drogas y alcohol, tuvo su etapa solista en 2011 con los \u00e1lbumes Compilation of Scott Weiland Cover Songs y The Most Wonderful Time of the Year. Antes, en 1998, hab\u00eda lanzado su primer disco solista, 12 bar blues.<\/p>\n<p>Esta fue la \u00faltima actuaci\u00f3n con los Wildabouts, registrada el mi\u00e9rcoles pasado en Toronto.<\/p>\n<p>Fuente: http:\/\/vos.lavoz.com.ar\/musica\/en-plena-gira-murio-scott-weiland-ex-cantante-de-los-stone-temple-pilots?cx_level=player_home_lvi_extendido<\/p>\n","protected":false},"excerpt":{"rendered":"<p>El cantante norteamericano Scott Weiland, ex vocalista de las bandas Stone Temple Pilots y Velvet Revolver, muri\u00f3 esta madrugada en Minnesota, donde se encontraba de gira con su actual grupo, informaron allegados al cantante a trav\u00e9s de la cuenta oficial del m\u00fasico en la red Instragram.<\/p>\n","protected":false},"author":3,"featured_media":809,"comment_status":"closed","ping_status":"open","sticky":false,"template":"","format":"standard","meta":{"footnotes":""},"categories":[5,1],"tags":[7,61],"class_list":{"0":"post-808","1":"post","2":"type-post","3":"status-publish","4":"format-standard","5":"has-post-thumbnail","7":"category-cultura","8":"category-portada","9":"tag-el-diario-de-tucuman","10":"tag-tucuman"},"yoast_head":"<!-- This site is optimized with the Yoast SEO plugin v27.5 - https:\/\/yoast.com\/product\/yoast-seo-wordpress\/ -->\n<title>En plena gira, muri\u00f3 Scott Weiland, ex cantante de los Stone Temple Pilots - El Diario de Tucuman<\/title>\n<meta name=\"robots\" content=\"index, follow, max-snippet:-1, max-image-preview:large, max-video-preview:-1\" \/>\n<link rel=\"canonical\" href=\"https:\/\/www.eldiariodetucuman.com\/web\/en-plena-gira-murio-scott-weiland-ex-cantante-de-los-stone-temple-pilots\/\" \/>\n<meta property=\"og:locale\" content=\"es_ES\" \/>\n<meta property=\"og:type\" content=\"article\" \/>\n<meta property=\"og:title\" content=\"En plena gira, muri\u00f3 Scott Weiland, ex cantante de los Stone Temple Pilots - El Diario de Tucuman\" \/>\n<meta property=\"og:description\" content=\"El cantante norteamericano Scott Weiland, ex vocalista de las bandas Stone Temple Pilots y Velvet Revolver, muri\u00f3 esta madrugada en Minnesota, donde se encontraba de gira con su actual grupo, informaron allegados al cantante a trav\u00e9s de la cuenta oficial del m\u00fasico en la red Instragram.\" \/>\n<meta property=\"og:url\" content=\"https:\/\/www.eldiariodetucuman.com\/web\/en-plena-gira-murio-scott-weiland-ex-cantante-de-los-stone-temple-pilots\/\" \/>\n<meta property=\"og:site_name\" content=\"El Diario de Tucuman\" \/>\n<meta property=\"article:published_time\" content=\"2015-12-04T14:06:28+00:00\" \/>\n<meta property=\"article:modified_time\" content=\"2015-12-04T14:08:19+00:00\" \/>\n<meta property=\"og:image\" content=\"https:\/\/www.eldiariodetucuman.com\/web\/wp-content\/uploads\/2015\/12\/scott-weiland.jpg\" \/>\n\t<meta property=\"og:image:width\" content=\"642\" \/>\n\t<meta property=\"og:image:height\" content=\"366\" \/>\n\t<meta property=\"og:image:type\" content=\"image\/jpeg\" \/>\n<meta name=\"author\" content=\"El diario de Tucuman\" \/>\n<meta name=\"twitter:card\" content=\"summary_large_image\" \/>\n<meta name=\"twitter:label1\" content=\"Escrito por\" \/>\n\t<meta name=\"twitter:data1\" content=\"El diario de Tucuman\" \/>\n\t<meta name=\"twitter:label2\" content=\"Tiempo de lectura\" \/>\n\t<meta name=\"twitter:data2\" content=\"2 minutos\" \/>\n<script type=\"application\/ld+json\" class=\"yoast-schema-graph\">{\"@context\":\"https:\\\/\\\/schema.org\",\"@graph\":[{\"@type\":\"Article\",\"@id\":\"https:\\\/\\\/www.eldiariodetucuman.com\\\/web\\\/en-plena-gira-murio-scott-weiland-ex-cantante-de-los-stone-temple-pilots\\\/#article\",\"isPartOf\":{\"@id\":\"https:\\\/\\\/www.eldiariodetucuman.com\\\/web\\\/en-plena-gira-murio-scott-weiland-ex-cantante-de-los-stone-temple-pilots\\\/\"},\"author\":{\"name\":\"El diario de Tucuman\",\"@id\":\"https:\\\/\\\/www.eldiariodetucuman.com\\\/web\\\/#\\\/schema\\\/person\\\/3adbe300ecd6242af93c97dab1dc3ba1\"},\"headline\":\"En plena gira, muri\u00f3 Scott Weiland, ex cantante de los Stone Temple Pilots\",\"datePublished\":\"2015-12-04T14:06:28+00:00\",\"dateModified\":\"2015-12-04T14:08:19+00:00\",\"mainEntityOfPage\":{\"@id\":\"https:\\\/\\\/www.eldiariodetucuman.com\\\/web\\\/en-plena-gira-murio-scott-weiland-ex-cantante-de-los-stone-temple-pilots\\\/\"},\"wordCount\":336,\"publisher\":{\"@id\":\"https:\\\/\\\/www.eldiariodetucuman.com\\\/web\\\/#organization\"},\"image\":{\"@id\":\"https:\\\/\\\/www.eldiariodetucuman.com\\\/web\\\/en-plena-gira-murio-scott-weiland-ex-cantante-de-los-stone-temple-pilots\\\/#primaryimage\"},\"thumbnailUrl\":\"https:\\\/\\\/www.eldiariodetucuman.com\\\/web\\\/wp-content\\\/uploads\\\/2015\\\/12\\\/scott-weiland.jpg\",\"keywords\":[\"El Diario de Tucuman\",\"Tucuman\"],\"articleSection\":[\"Cultura\",\"Portada\"],\"inLanguage\":\"es\"},{\"@type\":\"WebPage\",\"@id\":\"https:\\\/\\\/www.eldiariodetucuman.com\\\/web\\\/en-plena-gira-murio-scott-weiland-ex-cantante-de-los-stone-temple-pilots\\\/\",\"url\":\"https:\\\/\\\/www.eldiariodetucuman.com\\\/web\\\/en-plena-gira-murio-scott-weiland-ex-cantante-de-los-stone-temple-pilots\\\/\",\"name\":\"En plena gira, muri\u00f3 Scott Weiland, ex cantante de los Stone Temple Pilots - El Diario de Tucuman\",\"isPartOf\":{\"@id\":\"https:\\\/\\\/www.eldiariodetucuman.com\\\/web\\\/#website\"},\"primaryImageOfPage\":{\"@id\":\"https:\\\/\\\/www.eldiariodetucuman.com\\\/web\\\/en-plena-gira-murio-scott-weiland-ex-cantante-de-los-stone-temple-pilots\\\/#primaryimage\"},\"image\":{\"@id\":\"https:\\\/\\\/www.eldiariodetucuman.com\\\/web\\\/en-plena-gira-murio-scott-weiland-ex-cantante-de-los-stone-temple-pilots\\\/#primaryimage\"},\"thumbnailUrl\":\"https:\\\/\\\/www.eldiariodetucuman.com\\\/web\\\/wp-content\\\/uploads\\\/2015\\\/12\\\/scott-weiland.jpg\",\"datePublished\":\"2015-12-04T14:06:28+00:00\",\"dateModified\":\"2015-12-04T14:08:19+00:00\",\"breadcrumb\":{\"@id\":\"https:\\\/\\\/www.eldiariodetucuman.com\\\/web\\\/en-plena-gira-murio-scott-weiland-ex-cantante-de-los-stone-temple-pilots\\\/#breadcrumb\"},\"inLanguage\":\"es\",\"potentialAction\":[{\"@type\":\"ReadAction\",\"target\":[\"https:\\\/\\\/www.eldiariodetucuman.com\\\/web\\\/en-plena-gira-murio-scott-weiland-ex-cantante-de-los-stone-temple-pilots\\\/\"]}]},{\"@type\":\"ImageObject\",\"inLanguage\":\"es\",\"@id\":\"https:\\\/\\\/www.eldiariodetucuman.com\\\/web\\\/en-plena-gira-murio-scott-weiland-ex-cantante-de-los-stone-temple-pilots\\\/#primaryimage\",\"url\":\"https:\\\/\\\/www.eldiariodetucuman.com\\\/web\\\/wp-content\\\/uploads\\\/2015\\\/12\\\/scott-weiland.jpg\",\"contentUrl\":\"https:\\\/\\\/www.eldiariodetucuman.com\\\/web\\\/wp-content\\\/uploads\\\/2015\\\/12\\\/scott-weiland.jpg\",\"width\":642,\"height\":366},{\"@type\":\"BreadcrumbList\",\"@id\":\"https:\\\/\\\/www.eldiariodetucuman.com\\\/web\\\/en-plena-gira-murio-scott-weiland-ex-cantante-de-los-stone-temple-pilots\\\/#breadcrumb\",\"itemListElement\":[{\"@type\":\"ListItem\",\"position\":1,\"name\":\"Portada\",\"item\":\"https:\\\/\\\/www.eldiariodetucuman.com\\\/web\\\/\"},{\"@type\":\"ListItem\",\"position\":2,\"name\":\"En plena gira, muri\u00f3 Scott Weiland, ex cantante de los Stone Temple Pilots\"}]},{\"@type\":\"WebSite\",\"@id\":\"https:\\\/\\\/www.eldiariodetucuman.com\\\/web\\\/#website\",\"url\":\"https:\\\/\\\/www.eldiariodetucuman.com\\\/web\\\/\",\"name\":\"El Diario de Tucuman\",\"description\":\"Diario Tucuman - Informaci\u00f3n y noticias\",\"publisher\":{\"@id\":\"https:\\\/\\\/www.eldiariodetucuman.com\\\/web\\\/#organization\"},\"potentialAction\":[{\"@type\":\"SearchAction\",\"target\":{\"@type\":\"EntryPoint\",\"urlTemplate\":\"https:\\\/\\\/www.eldiariodetucuman.com\\\/web\\\/?s={search_term_string}\"},\"query-input\":{\"@type\":\"PropertyValueSpecification\",\"valueRequired\":true,\"valueName\":\"search_term_string\"}}],\"inLanguage\":\"es\"},{\"@type\":\"Organization\",\"@id\":\"https:\\\/\\\/www.eldiariodetucuman.com\\\/web\\\/#organization\",\"name\":\"El Diario de Tucuman\",\"url\":\"https:\\\/\\\/www.eldiariodetucuman.com\\\/web\\\/\",\"logo\":{\"@type\":\"ImageObject\",\"inLanguage\":\"es\",\"@id\":\"https:\\\/\\\/www.eldiariodetucuman.com\\\/web\\\/#\\\/schema\\\/logo\\\/image\\\/\",\"url\":\"http:\\\/\\\/www.eldiariodetucuman.com\\\/web\\\/wp-content\\\/uploads\\\/2017\\\/12\\\/el-diario-de-tucuman.jpg\",\"contentUrl\":\"http:\\\/\\\/www.eldiariodetucuman.com\\\/web\\\/wp-content\\\/uploads\\\/2017\\\/12\\\/el-diario-de-tucuman.jpg\",\"width\":272,\"height\":92,\"caption\":\"El Diario de Tucuman\"},\"image\":{\"@id\":\"https:\\\/\\\/www.eldiariodetucuman.com\\\/web\\\/#\\\/schema\\\/logo\\\/image\\\/\"}},{\"@type\":\"Person\",\"@id\":\"https:\\\/\\\/www.eldiariodetucuman.com\\\/web\\\/#\\\/schema\\\/person\\\/3adbe300ecd6242af93c97dab1dc3ba1\",\"name\":\"El diario de Tucuman\",\"image\":{\"@type\":\"ImageObject\",\"inLanguage\":\"es\",\"@id\":\"https:\\\/\\\/secure.gravatar.com\\\/avatar\\\/b7214de193b24d0bd708ac5516aa13d0f20c6560795bfbee06857d5c8ac2f0b2?s=96&d=mm&r=g\",\"url\":\"https:\\\/\\\/secure.gravatar.com\\\/avatar\\\/b7214de193b24d0bd708ac5516aa13d0f20c6560795bfbee06857d5c8ac2f0b2?s=96&d=mm&r=g\",\"contentUrl\":\"https:\\\/\\\/secure.gravatar.com\\\/avatar\\\/b7214de193b24d0bd708ac5516aa13d0f20c6560795bfbee06857d5c8ac2f0b2?s=96&d=mm&r=g\",\"caption\":\"El diario de Tucuman\"},\"url\":\"https:\\\/\\\/www.eldiariodetucuman.com\\\/web\\\/author\\\/mgiobellina\\\/\"}]}<\/script>\n<!-- \/ Yoast SEO plugin. -->","yoast_head_json":{"title":"En plena gira, muri\u00f3 Scott Weiland, ex cantante de los Stone Temple Pilots - El Diario de Tucuman","robots":{"index":"index","follow":"follow","max-snippet":"max-snippet:-1","max-image-preview":"max-image-preview:large","max-video-preview":"max-video-preview:-1"},"canonical":"https:\/\/www.eldiariodetucuman.com\/web\/en-plena-gira-murio-scott-weiland-ex-cantante-de-los-stone-temple-pilots\/","og_locale":"es_ES","og_type":"article","og_title":"En plena gira, muri\u00f3 Scott Weiland, ex cantante de los Stone Temple Pilots - El Diario de Tucuman","og_description":"El cantante norteamericano Scott Weiland, ex vocalista de las bandas Stone Temple Pilots y Velvet Revolver, muri\u00f3 esta madrugada en Minnesota, donde se encontraba de gira con su actual grupo, informaron allegados al cantante a trav\u00e9s de la cuenta oficial del m\u00fasico en la red Instragram.","og_url":"https:\/\/www.eldiariodetucuman.com\/web\/en-plena-gira-murio-scott-weiland-ex-cantante-de-los-stone-temple-pilots\/","og_site_name":"El Diario de Tucuman","article_published_time":"2015-12-04T14:06:28+00:00","article_modified_time":"2015-12-04T14:08:19+00:00","og_image":[{"width":642,"height":366,"url":"https:\/\/www.eldiariodetucuman.com\/web\/wp-content\/uploads\/2015\/12\/scott-weiland.jpg","type":"image\/jpeg"}],"author":"El diario de Tucuman","twitter_card":"summary_large_image","twitter_misc":{"Escrito por":"El diario de Tucuman","Tiempo de lectura":"2 minutos"},"schema":{"@context":"https:\/\/schema.org","@graph":[{"@type":"Article","@id":"https:\/\/www.eldiariodetucuman.com\/web\/en-plena-gira-murio-scott-weiland-ex-cantante-de-los-stone-temple-pilots\/#article","isPartOf":{"@id":"https:\/\/www.eldiariodetucuman.com\/web\/en-plena-gira-murio-scott-weiland-ex-cantante-de-los-stone-temple-pilots\/"},"author":{"name":"El diario de Tucuman","@id":"https:\/\/www.eldiariodetucuman.com\/web\/#\/schema\/person\/3adbe300ecd6242af93c97dab1dc3ba1"},"headline":"En plena gira, muri\u00f3 Scott Weiland, ex cantante de los Stone Temple Pilots","datePublished":"2015-12-04T14:06:28+00:00","dateModified":"2015-12-04T14:08:19+00:00","mainEntityOfPage":{"@id":"https:\/\/www.eldiariodetucuman.com\/web\/en-plena-gira-murio-scott-weiland-ex-cantante-de-los-stone-temple-pilots\/"},"wordCount":336,"publisher":{"@id":"https:\/\/www.eldiariodetucuman.com\/web\/#organization"},"image":{"@id":"https:\/\/www.eldiariodetucuman.com\/web\/en-plena-gira-murio-scott-weiland-ex-cantante-de-los-stone-temple-pilots\/#primaryimage"},"thumbnailUrl":"https:\/\/www.eldiariodetucuman.com\/web\/wp-content\/uploads\/2015\/12\/scott-weiland.jpg","keywords":["El Diario de Tucuman","Tucuman"],"articleSection":["Cultura","Portada"],"inLanguage":"es"},{"@type":"WebPage","@id":"https:\/\/www.eldiariodetucuman.com\/web\/en-plena-gira-murio-scott-weiland-ex-cantante-de-los-stone-temple-pilots\/","url":"https:\/\/www.eldiariodetucuman.com\/web\/en-plena-gira-murio-scott-weiland-ex-cantante-de-los-stone-temple-pilots\/","name":"En plena gira, muri\u00f3 Scott Weiland, ex cantante de los Stone Temple Pilots - El Diario de Tucuman","isPartOf":{"@id":"https:\/\/www.eldiariodetucuman.com\/web\/#website"},"primaryImageOfPage":{"@id":"https:\/\/www.eldiariodetucuman.com\/web\/en-plena-gira-murio-scott-weiland-ex-cantante-de-los-stone-temple-pilots\/#primaryimage"},"image":{"@id":"https:\/\/www.eldiariodetucuman.com\/web\/en-plena-gira-murio-scott-weiland-ex-cantante-de-los-stone-temple-pilots\/#primaryimage"},"thumbnailUrl":"https:\/\/www.eldiariodetucuman.com\/web\/wp-content\/uploads\/2015\/12\/scott-weiland.jpg","datePublished":"2015-12-04T14:06:28+00:00","dateModified":"2015-12-04T14:08:19+00:00","breadcrumb":{"@id":"https:\/\/www.eldiariodetucuman.com\/web\/en-plena-gira-murio-scott-weiland-ex-cantante-de-los-stone-temple-pilots\/#breadcrumb"},"inLanguage":"es","potentialAction":[{"@type":"ReadAction","target":["https:\/\/www.eldiariodetucuman.com\/web\/en-plena-gira-murio-scott-weiland-ex-cantante-de-los-stone-temple-pilots\/"]}]},{"@type":"ImageObject","inLanguage":"es","@id":"https:\/\/www.eldiariodetucuman.com\/web\/en-plena-gira-murio-scott-weiland-ex-cantante-de-los-stone-temple-pilots\/#primaryimage","url":"https:\/\/www.eldiariodetucuman.com\/web\/wp-content\/uploads\/2015\/12\/scott-weiland.jpg","contentUrl":"https:\/\/www.eldiariodetucuman.com\/web\/wp-content\/uploads\/2015\/12\/scott-weiland.jpg","width":642,"height":366},{"@type":"BreadcrumbList","@id":"https:\/\/www.eldiariodetucuman.com\/web\/en-plena-gira-murio-scott-weiland-ex-cantante-de-los-stone-temple-pilots\/#breadcrumb","itemListElement":[{"@type":"ListItem","position":1,"name":"Portada","item":"https:\/\/www.eldiariodetucuman.com\/web\/"},{"@type":"ListItem","position":2,"name":"En plena gira, muri\u00f3 Scott Weiland, ex cantante de los Stone Temple Pilots"}]},{"@type":"WebSite","@id":"https:\/\/www.eldiariodetucuman.com\/web\/#website","url":"https:\/\/www.eldiariodetucuman.com\/web\/","name":"El Diario de Tucuman","description":"Diario Tucuman - Informaci\u00f3n y noticias","publisher":{"@id":"https:\/\/www.eldiariodetucuman.com\/web\/#organization"},"potentialAction":[{"@type":"SearchAction","target":{"@type":"EntryPoint","urlTemplate":"https:\/\/www.eldiariodetucuman.com\/web\/?s={search_term_string}"},"query-input":{"@type":"PropertyValueSpecification","valueRequired":true,"valueName":"search_term_string"}}],"inLanguage":"es"},{"@type":"Organization","@id":"https:\/\/www.eldiariodetucuman.com\/web\/#organization","name":"El Diario de Tucuman","url":"https:\/\/www.eldiariodetucuman.com\/web\/","logo":{"@type":"ImageObject","inLanguage":"es","@id":"https:\/\/www.eldiariodetucuman.com\/web\/#\/schema\/logo\/image\/","url":"http:\/\/www.eldiariodetucuman.com\/web\/wp-content\/uploads\/2017\/12\/el-diario-de-tucuman.jpg","contentUrl":"http:\/\/www.eldiariodetucuman.com\/web\/wp-content\/uploads\/2017\/12\/el-diario-de-tucuman.jpg","width":272,"height":92,"caption":"El Diario de Tucuman"},"image":{"@id":"https:\/\/www.eldiariodetucuman.com\/web\/#\/schema\/logo\/image\/"}},{"@type":"Person","@id":"https:\/\/www.eldiariodetucuman.com\/web\/#\/schema\/person\/3adbe300ecd6242af93c97dab1dc3ba1","name":"El diario de Tucuman","image":{"@type":"ImageObject","inLanguage":"es","@id":"https:\/\/secure.gravatar.com\/avatar\/b7214de193b24d0bd708ac5516aa13d0f20c6560795bfbee06857d5c8ac2f0b2?s=96&d=mm&r=g","url":"https:\/\/secure.gravatar.com\/avatar\/b7214de193b24d0bd708ac5516aa13d0f20c6560795bfbee06857d5c8ac2f0b2?s=96&d=mm&r=g","contentUrl":"https:\/\/secure.gravatar.com\/avatar\/b7214de193b24d0bd708ac5516aa13d0f20c6560795bfbee06857d5c8ac2f0b2?s=96&d=mm&r=g","caption":"El diario de Tucuman"},"url":"https:\/\/www.eldiariodetucuman.com\/web\/author\/mgiobellina\/"}]}},"_links":{"self":[{"href":"https:\/\/www.eldiariodetucuman.com\/web\/wp-json\/wp\/v2\/posts\/808","targetHints":{"allow":["GET"]}}],"collection":[{"href":"https:\/\/www.eldiariodetucuman.com\/web\/wp-json\/wp\/v2\/posts"}],"about":[{"href":"https:\/\/www.eldiariodetucuman.com\/web\/wp-json\/wp\/v2\/types\/post"}],"author":[{"embeddable":true,"href":"https:\/\/www.eldiariodetucuman.com\/web\/wp-json\/wp\/v2\/users\/3"}],"replies":[{"embeddable":true,"href":"https:\/\/www.eldiariodetucuman.com\/web\/wp-json\/wp\/v2\/comments?post=808"}],"version-history":[{"count":2,"href":"https:\/\/www.eldiariodetucuman.com\/web\/wp-json\/wp\/v2\/posts\/808\/revisions"}],"predecessor-version":[{"id":812,"href":"https:\/\/www.eldiariodetucuman.com\/web\/wp-json\/wp\/v2\/posts\/808\/revisions\/812"}],"wp:featuredmedia":[{"embeddable":true,"href":"https:\/\/www.eldiariodetucuman.com\/web\/wp-json\/wp\/v2\/media\/809"}],"wp:attachment":[{"href":"https:\/\/www.eldiariodetucuman.com\/web\/wp-json\/wp\/v2\/media?parent=808"}],"wp:term":[{"taxonomy":"category","embeddable":true,"href":"https:\/\/www.eldiariodetucuman.com\/web\/wp-json\/wp\/v2\/categories?post=808"},{"taxonomy":"post_tag","embeddable":true,"href":"https:\/\/www.eldiariodetucuman.com\/web\/wp-json\/wp\/v2\/tags?post=808"}],"curies":[{"name":"wp","href":"https:\/\/api.w.org\/{rel}","templated":true}]}}